{"id":51426,"date":"2020-03-11T17:44:03","date_gmt":"2020-03-11T16:44:03","guid":{"rendered":"https:\/\/www.iemj.org\/beregovski-moisei-iakovlevich-1892-1961\/"},"modified":"2021-06-29T12:51:51","modified_gmt":"2021-06-29T10:51:51","slug":"beregovski-moisei-iakovlevich-1892-1961","status":"publish","type":"post","link":"https:\/\/www.iemj.org\/en\/beregovski-moisei-iakovlevich-1892-1961\/","title":{"rendered":"Beregovski, Moisei Iakovlevich (1892\u20131961)"},"content":{"rendered":"<p><strong>Born in Ukraine in 1892, Moisei Beregovski listened very early to religious music through his father, who taught in a Jewish music school in Kiev, and who was a ba\u2019al kore (in charge of biblical cantillation of the Torah) in the synagogue.<\/strong><\/p>\n<p>In 1905, when he was 13 years old, Moisei went to Kiev to study music theory and cello. Between 1915 and 1920, he learned composition in the Kiev Conservatory with <strong>Boleslav Yavorski<\/strong>, and from 1922 with <strong>Maksimilyan Steynberg<\/strong>. At the same time he taught in several Jewish schools between 1916 et 1922, and led the chorus of Kiev Society for Jewish Music.<\/p>\n<p><img decoding=\"async\" class=\" alignright  wp-image-27383\" src=\"https:\/\/www.iemj.org\/wp-content\/uploads\/2020\/03\/beregovski.jpg\" alt=\"beregovski.jpg\" width=\"171\" height=\"258\" align=\"right\" srcset=\"https:\/\/www.iemj.org\/wp-content\/uploads\/2020\/03\/beregovski.jpg 229w, https:\/\/www.iemj.org\/wp-content\/uploads\/2020\/03\/beregovski-199x300.jpg 199w\" sizes=\"(max-width: 171px) 100vw, 171px\" \/><\/p>\n<p>In 1917, he was hired to analyse and catalogue the audio recordings from the second ethnographic expedition of Shalom An-ski. In 1919, he created and led the musical division of the <em>Jewish Kultur-Lige<\/em> (group of social and cultural organisations for the promotion of Yiddish culture) in Kiev, until its closure in 1921.<\/p>\n<p>According to the Encyclopedia Judaica, and the website of the <a href=\"https:\/\/yivoencyclopedia.org\/article.aspx\/Beregovskii_Moisei_Iakovlevich\">YIVO<\/a>, Beregovski headed the Cabinet for Jewish Musical Folklore in the ethnographic section of the Institute of Jewish Proletarian Culture in Kiev between 1930 et 1948. This information is however questioned by the musicologist <strong>Joachim Braun<\/strong> in his book <em>Jews and Jewish Elements in Soviet Music<\/em> (1978). Referring to an autobiograph manuscript by Beregovski, Braun affirms that the latter headed the Cabinet for Jewish Musical Folklore until 1936, then worked in the Folk Department of the Kiev Conservatory, and then headed the division of folk music in the department of Jewish culture in the Ukrainian Academy of Science from 1941 to 1949.<\/p>\n<figure id=\"attachment_27389\" aria-describedby=\"caption-attachment-27389\" style=\"width: 635px\" class=\"wp-caption aligncenter\"><img fetchpriority=\"high\" decoding=\"async\" class=\"wp-image-27390\" src=\"https:\/\/www.iemj.org\/wp-content\/uploads\/2020\/03\/capture_d_ecran_25_-300x144.jpg\" alt=\"capture_d_ecran_25_.jpg\" width=\"635\" height=\"305\" srcset=\"https:\/\/www.iemj.org\/wp-content\/uploads\/2020\/03\/capture_d_ecran_25_-300x144.jpg 300w, https:\/\/www.iemj.org\/wp-content\/uploads\/2020\/03\/capture_d_ecran_25_-600x289.jpg 600w, https:\/\/www.iemj.org\/wp-content\/uploads\/2020\/03\/capture_d_ecran_25_.jpg 623w\" sizes=\"(max-width: 635px) 100vw, 635px\" \/><figcaption id=\"caption-attachment-27389\" class=\"wp-caption-text\"><strong>Presidium of the Proletarian Jewish Culture Institute, Kiev, 1934. Moisei Beregovski is in the back, 4th man from the left. (YIVO)<\/strong><\/figcaption><\/figure>\n<p><img decoding=\"async\" class=\" alignleft  wp-image-27379\" src=\"https:\/\/www.iemj.org\/wp-content\/uploads\/2020\/03\/p_1235_003_280px_vertic.jpg\" alt=\"p_1235_003_280px_vertic.jpg\" width=\"211\" height=\"314\" align=\"left\" \/> Nevertheless, in 1946, Beregovski possessed a collection of nearly 7000 ethnographic documents, comprising manuscripts and recordings of the <em>Kultur-Lige<\/em>, <strong>An-ski<\/strong>, <strong>Engel<\/strong> and <strong>Kisselgof<\/strong>, as well as his own field recordings (he collected over 2000 recordings on 700 wax cylinders during his expeditions in Kiev, Odessa, Nikolaev, Dnepropetrovsk, Zaporozh\u2019e, Vinnitsa, and in Galicia).<\/p>\n<p>In 1949, the department of Jewish culture was closed, Beregovski was arrested and sent to Tayshet, administrative center of the Gulag, where he would remain from 1951 to 1955.<\/p>\n<p>In 1956, he was \u201crehabilitated\u201d and returned to Kiev where he would die on August 12, 1961.<\/p>\n<p>From the 1930s to the 1950s, Beregovski prepared for publication a five-volume anthology of Jewish folklore based on his fieldwork.<\/p>\n<p><img loading=\"lazy\" decoding=\"async\" class=\" alignright  wp-image-27381\" src=\"https:\/\/www.iemj.org\/wp-content\/uploads\/2020\/03\/p_1235_002_500_px.jpg\" alt=\"p_1235_002_500_px.jpg\" width=\"204\" height=\"292\" align=\"right\" srcset=\"https:\/\/www.iemj.org\/wp-content\/uploads\/2020\/03\/p_1235_002_500_px.jpg 350w, https:\/\/www.iemj.org\/wp-content\/uploads\/2020\/03\/p_1235_002_500_px-210x300.jpg 210w\" sizes=\"(max-width: 204px) 100vw, 204px\" \/>The 1st volume, <em>Jewish Workers\u2019 and Revolutionary Songs<\/em> was published in 1934 ; the 2nd volume, <em>Jewish Lyrical and Family Songs<\/em>, was complete and set to print in 1938, but never got published. (Beregovski\u2019s personal proofs of this volume were found at the YIVO Institute for Jewish Research in New York in 1981). This volume includes a long introduction by Beregovski, where he argues that \u201cthere is nothing uniform about \u201cso-called\u201d Jewish folk music in its content, themes, and expression\u201d. The 3rd volume, <em>Jewish Instrumental Folk Music<\/em> was published at first in a reduced version in 1987 by Max Goldin, and published again in English in 2001 by Max Slobin ; the 4th volume is about Jewish Tunes without Words, or niggunim [1999] ; the 5th volume deals with Jewish Folk Theater Performances and <em>Purim-shpiln<\/em> [incomplete version, 2001]).<\/p>\n<p>Contrary to the theories of <strong>Abraham Zvi Idelsohn<\/strong> and <strong>Lazare Saminsky<\/strong>, searching for an original Jewish music, Beregovski promoted the idea that \u201cborrowed elements\u201d from Diaspora culture were voluntarily transformed and incorporated into Jewish folk music. In his view, \u201cborrowed elements\u201d were not foreign additions, but changes that were adopted and developed from a uniquely Jewish perspective.<\/p>\n<p>Beregovski\u2019s contributions constitute the cornerstone of all serious study of East European vernacular musical traditions.<\/p>\n<p><em>Sources :<br \/><a href=\"https:\/\/yivoencyclopedia.org\/article.aspx\/Beregovskii_Moisei_Iakovlevich\">YIVO<\/a><br \/><a href=\"https:\/\/jewish-music.huji.ac.il\/content\/moses-beregovski\">JMRC<\/a><br \/><a href=\"http:\/\/yleksikon.blogspot.com\/2015\/04\/moyshe-beregovski-moisei-beregovsky.html\">Yiddish Lexicon<\/a><\/em><\/p>\n\n\n<p><\/p>\n","protected":false},"excerpt":{"rendered":"<p>Born in Ukraine in 1892, Moisei Beregovski listened very early to religious music through his father, who taught in a Jewish music school in Kiev, and who was a ba\u2019al<\/p>\n","protected":false},"author":1048,"featured_media":27377,"comment_status":"closed","ping_status":"closed","sticky":false,"template":"","format":"standard","meta":{"_acf_changed":false,"footnotes":""},"categories":[903],"tags":[],"technique":[],"squelettes":[],"sujet":[],"formation":[],"genre":[],"fonds":[],"tradition":[],"type-de-contenu":[],"interprete-compositeur":[],"frise":[],"type-devenement":[],"tableaux-liens-externes":[],"class_list":["post-51426","post","type-post","status-publish","format-standard","has-post-thumbnail","hentry","category-biographies-en"],"acf":[],"yoast_head":"<!-- This site is optimized with the Yoast SEO plugin v27.3 - https:\/\/yoast.com\/product\/yoast-seo-wordpress\/ -->\n<title>Beregovski, Moisei Iakovlevich (1892\u20131961) - Institut Europ\u00e9en des Musiques Juives<\/title>\n<meta name=\"robots\" content=\"index, follow, max-snippet:-1, max-image-preview:large, max-video-preview:-1\" \/>\n<link rel=\"canonical\" href=\"https:\/\/www.iemj.org\/en\/beregovski-moisei-iakovlevich-1892-1961\/\" \/>\n<meta property=\"og:locale\" content=\"en_US\" \/>\n<meta property=\"og:type\" content=\"article\" \/>\n<meta property=\"og:title\" content=\"Beregovski, Moisei Iakovlevich (1892\u20131961) - Institut Europ\u00e9en des Musiques Juives\" \/>\n<meta property=\"og:description\" content=\"Born in Ukraine in 1892, Moisei Beregovski listened very early to religious music through his father, who taught in a Jewish music school in Kiev, and who was a ba\u2019al\" \/>\n<meta property=\"og:url\" content=\"https:\/\/www.iemj.org\/en\/beregovski-moisei-iakovlevich-1892-1961\/\" \/>\n<meta property=\"og:site_name\" content=\"Institut Europ\u00e9en des Musiques Juives\" \/>\n<meta property=\"article:publisher\" content=\"https:\/\/www.facebook.com\/MusiquesJuives\/\" \/>\n<meta property=\"article:published_time\" content=\"2020-03-11T16:44:03+00:00\" \/>\n<meta property=\"article:modified_time\" content=\"2021-06-29T10:51:51+00:00\" \/>\n<meta property=\"og:image\" content=\"https:\/\/www.iemj.org\/wp-content\/uploads\/2020\/03\/arton4583-e1624963575952.jpg\" \/>\n\t<meta property=\"og:image:width\" content=\"143\" \/>\n\t<meta property=\"og:image:height\" content=\"218\" \/>\n\t<meta property=\"og:image:type\" content=\"image\/jpeg\" \/>\n<meta name=\"author\" content=\"Jean-Gabriel Davis\" \/>\n<meta name=\"twitter:card\" content=\"summary_large_image\" \/>\n<meta name=\"twitter:label1\" content=\"Written by\" \/>\n\t<meta name=\"twitter:data1\" content=\"Jean-Gabriel Davis\" \/>\n\t<meta name=\"twitter:label2\" content=\"Est. reading time\" \/>\n\t<meta name=\"twitter:data2\" content=\"4 minutes\" \/>\n<script type=\"application\/ld+json\" class=\"yoast-schema-graph\">{\"@context\":\"https:\\\/\\\/schema.org\",\"@graph\":[{\"@type\":\"Article\",\"@id\":\"https:\\\/\\\/www.iemj.org\\\/en\\\/beregovski-moisei-iakovlevich-1892-1961\\\/#article\",\"isPartOf\":{\"@id\":\"https:\\\/\\\/www.iemj.org\\\/en\\\/beregovski-moisei-iakovlevich-1892-1961\\\/\"},\"author\":{\"name\":\"Jean-Gabriel Davis\",\"@id\":\"https:\\\/\\\/www.iemj.org\\\/en\\\/#\\\/schema\\\/person\\\/c9bc1c386a3749579a2d675e72a18666\"},\"headline\":\"Beregovski, Moisei Iakovlevich (1892\u20131961)\",\"datePublished\":\"2020-03-11T16:44:03+00:00\",\"dateModified\":\"2021-06-29T10:51:51+00:00\",\"mainEntityOfPage\":{\"@id\":\"https:\\\/\\\/www.iemj.org\\\/en\\\/beregovski-moisei-iakovlevich-1892-1961\\\/\"},\"wordCount\":598,\"publisher\":{\"@id\":\"https:\\\/\\\/www.iemj.org\\\/en\\\/#organization\"},\"image\":{\"@id\":\"https:\\\/\\\/www.iemj.org\\\/en\\\/beregovski-moisei-iakovlevich-1892-1961\\\/#primaryimage\"},\"thumbnailUrl\":\"https:\\\/\\\/www.iemj.org\\\/wp-content\\\/uploads\\\/2020\\\/03\\\/arton4583-e1624963575952.jpg\",\"articleSection\":[\"Biographies\"],\"inLanguage\":\"en-US\"},{\"@type\":\"WebPage\",\"@id\":\"https:\\\/\\\/www.iemj.org\\\/en\\\/beregovski-moisei-iakovlevich-1892-1961\\\/\",\"url\":\"https:\\\/\\\/www.iemj.org\\\/en\\\/beregovski-moisei-iakovlevich-1892-1961\\\/\",\"name\":\"Beregovski, Moisei Iakovlevich (1892\u20131961) - Institut Europ\u00e9en des Musiques Juives\",\"isPartOf\":{\"@id\":\"https:\\\/\\\/www.iemj.org\\\/en\\\/#website\"},\"primaryImageOfPage\":{\"@id\":\"https:\\\/\\\/www.iemj.org\\\/en\\\/beregovski-moisei-iakovlevich-1892-1961\\\/#primaryimage\"},\"image\":{\"@id\":\"https:\\\/\\\/www.iemj.org\\\/en\\\/beregovski-moisei-iakovlevich-1892-1961\\\/#primaryimage\"},\"thumbnailUrl\":\"https:\\\/\\\/www.iemj.org\\\/wp-content\\\/uploads\\\/2020\\\/03\\\/arton4583-e1624963575952.jpg\",\"datePublished\":\"2020-03-11T16:44:03+00:00\",\"dateModified\":\"2021-06-29T10:51:51+00:00\",\"breadcrumb\":{\"@id\":\"https:\\\/\\\/www.iemj.org\\\/en\\\/beregovski-moisei-iakovlevich-1892-1961\\\/#breadcrumb\"},\"inLanguage\":\"en-US\",\"potentialAction\":[{\"@type\":\"ReadAction\",\"target\":[\"https:\\\/\\\/www.iemj.org\\\/en\\\/beregovski-moisei-iakovlevich-1892-1961\\\/\"]}]},{\"@type\":\"ImageObject\",\"inLanguage\":\"en-US\",\"@id\":\"https:\\\/\\\/www.iemj.org\\\/en\\\/beregovski-moisei-iakovlevich-1892-1961\\\/#primaryimage\",\"url\":\"https:\\\/\\\/www.iemj.org\\\/wp-content\\\/uploads\\\/2020\\\/03\\\/arton4583-e1624963575952.jpg\",\"contentUrl\":\"https:\\\/\\\/www.iemj.org\\\/wp-content\\\/uploads\\\/2020\\\/03\\\/arton4583-e1624963575952.jpg\",\"width\":143,\"height\":218,\"caption\":\"logo bio Beregovski\"},{\"@type\":\"BreadcrumbList\",\"@id\":\"https:\\\/\\\/www.iemj.org\\\/en\\\/beregovski-moisei-iakovlevich-1892-1961\\\/#breadcrumb\",\"itemListElement\":[{\"@type\":\"ListItem\",\"position\":1,\"name\":\"Accueil\",\"item\":\"https:\\\/\\\/www.iemj.org\\\/en\\\/\"},{\"@type\":\"ListItem\",\"position\":2,\"name\":\"Beregovski, Moisei Iakovlevich (1892\u20131961)\"}]},{\"@type\":\"WebSite\",\"@id\":\"https:\\\/\\\/www.iemj.org\\\/en\\\/#website\",\"url\":\"https:\\\/\\\/www.iemj.org\\\/en\\\/\",\"name\":\"Institut Europ\u00e9en des Musiques Juives\",\"description\":\"Des traditions musicales \u00e0 la port\u00e9e de tous\",\"publisher\":{\"@id\":\"https:\\\/\\\/www.iemj.org\\\/en\\\/#organization\"},\"potentialAction\":[{\"@type\":\"SearchAction\",\"target\":{\"@type\":\"EntryPoint\",\"urlTemplate\":\"https:\\\/\\\/www.iemj.org\\\/en\\\/?s={search_term_string}\"},\"query-input\":{\"@type\":\"PropertyValueSpecification\",\"valueRequired\":true,\"valueName\":\"search_term_string\"}}],\"inLanguage\":\"en-US\"},{\"@type\":\"Organization\",\"@id\":\"https:\\\/\\\/www.iemj.org\\\/en\\\/#organization\",\"name\":\"Institut Europ\u00e9en des Musiques Juives\",\"url\":\"https:\\\/\\\/www.iemj.org\\\/en\\\/\",\"logo\":{\"@type\":\"ImageObject\",\"inLanguage\":\"en-US\",\"@id\":\"https:\\\/\\\/www.iemj.org\\\/en\\\/#\\\/schema\\\/logo\\\/image\\\/\",\"url\":\"https:\\\/\\\/www.iemj.org\\\/wp-content\\\/uploads\\\/2021\\\/09\\\/Logo-IEMJ-Paypal.jpg\",\"contentUrl\":\"https:\\\/\\\/www.iemj.org\\\/wp-content\\\/uploads\\\/2021\\\/09\\\/Logo-IEMJ-Paypal.jpg\",\"width\":150,\"height\":50,\"caption\":\"Institut Europ\u00e9en des Musiques Juives\"},\"image\":{\"@id\":\"https:\\\/\\\/www.iemj.org\\\/en\\\/#\\\/schema\\\/logo\\\/image\\\/\"},\"sameAs\":[\"https:\\\/\\\/www.facebook.com\\\/MusiquesJuives\\\/\",\"https:\\\/\\\/www.instagram.com\\\/musiquesjuives\\\/\",\"https:\\\/\\\/www.youtube.com\\\/user\\\/musiquesjuives\"]},{\"@type\":\"Person\",\"@id\":\"https:\\\/\\\/www.iemj.org\\\/en\\\/#\\\/schema\\\/person\\\/c9bc1c386a3749579a2d675e72a18666\",\"name\":\"Jean-Gabriel Davis\",\"image\":{\"@type\":\"ImageObject\",\"inLanguage\":\"en-US\",\"@id\":\"https:\\\/\\\/secure.gravatar.com\\\/avatar\\\/2b90d67bdf392c9b3a21fab87c0fa7edaf1fb3a058172a1ffd61033fcec7aec1?s=96&d=mm&r=g\",\"url\":\"https:\\\/\\\/secure.gravatar.com\\\/avatar\\\/2b90d67bdf392c9b3a21fab87c0fa7edaf1fb3a058172a1ffd61033fcec7aec1?s=96&d=mm&r=g\",\"contentUrl\":\"https:\\\/\\\/secure.gravatar.com\\\/avatar\\\/2b90d67bdf392c9b3a21fab87c0fa7edaf1fb3a058172a1ffd61033fcec7aec1?s=96&d=mm&r=g\",\"caption\":\"Jean-Gabriel Davis\"}}]}<\/script>\n<!-- \/ Yoast SEO plugin. -->","yoast_head_json":{"title":"Beregovski, Moisei Iakovlevich (1892\u20131961) - Institut Europ\u00e9en des Musiques Juives","robots":{"index":"index","follow":"follow","max-snippet":"max-snippet:-1","max-image-preview":"max-image-preview:large","max-video-preview":"max-video-preview:-1"},"canonical":"https:\/\/www.iemj.org\/en\/beregovski-moisei-iakovlevich-1892-1961\/","og_locale":"en_US","og_type":"article","og_title":"Beregovski, Moisei Iakovlevich (1892\u20131961) - Institut Europ\u00e9en des Musiques Juives","og_description":"Born in Ukraine in 1892, Moisei Beregovski listened very early to religious music through his father, who taught in a Jewish music school in Kiev, and who was a ba\u2019al","og_url":"https:\/\/www.iemj.org\/en\/beregovski-moisei-iakovlevich-1892-1961\/","og_site_name":"Institut Europ\u00e9en des Musiques Juives","article_publisher":"https:\/\/www.facebook.com\/MusiquesJuives\/","article_published_time":"2020-03-11T16:44:03+00:00","article_modified_time":"2021-06-29T10:51:51+00:00","og_image":[{"width":143,"height":218,"url":"https:\/\/www.iemj.org\/wp-content\/uploads\/2020\/03\/arton4583-e1624963575952.jpg","type":"image\/jpeg"}],"author":"Jean-Gabriel Davis","twitter_card":"summary_large_image","twitter_misc":{"Written by":"Jean-Gabriel Davis","Est. reading time":"4 minutes"},"schema":{"@context":"https:\/\/schema.org","@graph":[{"@type":"Article","@id":"https:\/\/www.iemj.org\/en\/beregovski-moisei-iakovlevich-1892-1961\/#article","isPartOf":{"@id":"https:\/\/www.iemj.org\/en\/beregovski-moisei-iakovlevich-1892-1961\/"},"author":{"name":"Jean-Gabriel Davis","@id":"https:\/\/www.iemj.org\/en\/#\/schema\/person\/c9bc1c386a3749579a2d675e72a18666"},"headline":"Beregovski, Moisei Iakovlevich (1892\u20131961)","datePublished":"2020-03-11T16:44:03+00:00","dateModified":"2021-06-29T10:51:51+00:00","mainEntityOfPage":{"@id":"https:\/\/www.iemj.org\/en\/beregovski-moisei-iakovlevich-1892-1961\/"},"wordCount":598,"publisher":{"@id":"https:\/\/www.iemj.org\/en\/#organization"},"image":{"@id":"https:\/\/www.iemj.org\/en\/beregovski-moisei-iakovlevich-1892-1961\/#primaryimage"},"thumbnailUrl":"https:\/\/www.iemj.org\/wp-content\/uploads\/2020\/03\/arton4583-e1624963575952.jpg","articleSection":["Biographies"],"inLanguage":"en-US"},{"@type":"WebPage","@id":"https:\/\/www.iemj.org\/en\/beregovski-moisei-iakovlevich-1892-1961\/","url":"https:\/\/www.iemj.org\/en\/beregovski-moisei-iakovlevich-1892-1961\/","name":"Beregovski, Moisei Iakovlevich (1892\u20131961) - Institut Europ\u00e9en des Musiques Juives","isPartOf":{"@id":"https:\/\/www.iemj.org\/en\/#website"},"primaryImageOfPage":{"@id":"https:\/\/www.iemj.org\/en\/beregovski-moisei-iakovlevich-1892-1961\/#primaryimage"},"image":{"@id":"https:\/\/www.iemj.org\/en\/beregovski-moisei-iakovlevich-1892-1961\/#primaryimage"},"thumbnailUrl":"https:\/\/www.iemj.org\/wp-content\/uploads\/2020\/03\/arton4583-e1624963575952.jpg","datePublished":"2020-03-11T16:44:03+00:00","dateModified":"2021-06-29T10:51:51+00:00","breadcrumb":{"@id":"https:\/\/www.iemj.org\/en\/beregovski-moisei-iakovlevich-1892-1961\/#breadcrumb"},"inLanguage":"en-US","potentialAction":[{"@type":"ReadAction","target":["https:\/\/www.iemj.org\/en\/beregovski-moisei-iakovlevich-1892-1961\/"]}]},{"@type":"ImageObject","inLanguage":"en-US","@id":"https:\/\/www.iemj.org\/en\/beregovski-moisei-iakovlevich-1892-1961\/#primaryimage","url":"https:\/\/www.iemj.org\/wp-content\/uploads\/2020\/03\/arton4583-e1624963575952.jpg","contentUrl":"https:\/\/www.iemj.org\/wp-content\/uploads\/2020\/03\/arton4583-e1624963575952.jpg","width":143,"height":218,"caption":"logo bio Beregovski"},{"@type":"BreadcrumbList","@id":"https:\/\/www.iemj.org\/en\/beregovski-moisei-iakovlevich-1892-1961\/#breadcrumb","itemListElement":[{"@type":"ListItem","position":1,"name":"Accueil","item":"https:\/\/www.iemj.org\/en\/"},{"@type":"ListItem","position":2,"name":"Beregovski, Moisei Iakovlevich (1892\u20131961)"}]},{"@type":"WebSite","@id":"https:\/\/www.iemj.org\/en\/#website","url":"https:\/\/www.iemj.org\/en\/","name":"Institut Europ\u00e9en des Musiques Juives","description":"Des traditions musicales \u00e0 la port\u00e9e de tous","publisher":{"@id":"https:\/\/www.iemj.org\/en\/#organization"},"potentialAction":[{"@type":"SearchAction","target":{"@type":"EntryPoint","urlTemplate":"https:\/\/www.iemj.org\/en\/?s={search_term_string}"},"query-input":{"@type":"PropertyValueSpecification","valueRequired":true,"valueName":"search_term_string"}}],"inLanguage":"en-US"},{"@type":"Organization","@id":"https:\/\/www.iemj.org\/en\/#organization","name":"Institut Europ\u00e9en des Musiques Juives","url":"https:\/\/www.iemj.org\/en\/","logo":{"@type":"ImageObject","inLanguage":"en-US","@id":"https:\/\/www.iemj.org\/en\/#\/schema\/logo\/image\/","url":"https:\/\/www.iemj.org\/wp-content\/uploads\/2021\/09\/Logo-IEMJ-Paypal.jpg","contentUrl":"https:\/\/www.iemj.org\/wp-content\/uploads\/2021\/09\/Logo-IEMJ-Paypal.jpg","width":150,"height":50,"caption":"Institut Europ\u00e9en des Musiques Juives"},"image":{"@id":"https:\/\/www.iemj.org\/en\/#\/schema\/logo\/image\/"},"sameAs":["https:\/\/www.facebook.com\/MusiquesJuives\/","https:\/\/www.instagram.com\/musiquesjuives\/","https:\/\/www.youtube.com\/user\/musiquesjuives"]},{"@type":"Person","@id":"https:\/\/www.iemj.org\/en\/#\/schema\/person\/c9bc1c386a3749579a2d675e72a18666","name":"Jean-Gabriel Davis","image":{"@type":"ImageObject","inLanguage":"en-US","@id":"https:\/\/secure.gravatar.com\/avatar\/2b90d67bdf392c9b3a21fab87c0fa7edaf1fb3a058172a1ffd61033fcec7aec1?s=96&d=mm&r=g","url":"https:\/\/secure.gravatar.com\/avatar\/2b90d67bdf392c9b3a21fab87c0fa7edaf1fb3a058172a1ffd61033fcec7aec1?s=96&d=mm&r=g","contentUrl":"https:\/\/secure.gravatar.com\/avatar\/2b90d67bdf392c9b3a21fab87c0fa7edaf1fb3a058172a1ffd61033fcec7aec1?s=96&d=mm&r=g","caption":"Jean-Gabriel Davis"}}]}},"_links":{"self":[{"href":"https:\/\/www.iemj.org\/en\/wp-json\/wp\/v2\/posts\/51426","targetHints":{"allow":["GET"]}}],"collection":[{"href":"https:\/\/www.iemj.org\/en\/wp-json\/wp\/v2\/posts"}],"about":[{"href":"https:\/\/www.iemj.org\/en\/wp-json\/wp\/v2\/types\/post"}],"author":[{"embeddable":true,"href":"https:\/\/www.iemj.org\/en\/wp-json\/wp\/v2\/users\/1048"}],"replies":[{"embeddable":true,"href":"https:\/\/www.iemj.org\/en\/wp-json\/wp\/v2\/comments?post=51426"}],"version-history":[{"count":0,"href":"https:\/\/www.iemj.org\/en\/wp-json\/wp\/v2\/posts\/51426\/revisions"}],"wp:featuredmedia":[{"embeddable":true,"href":"https:\/\/www.iemj.org\/en\/wp-json\/wp\/v2\/media\/27377"}],"wp:attachment":[{"href":"https:\/\/www.iemj.org\/en\/wp-json\/wp\/v2\/media?parent=51426"}],"wp:term":[{"taxonomy":"category","embeddable":true,"href":"https:\/\/www.iemj.org\/en\/wp-json\/wp\/v2\/categories?post=51426"},{"taxonomy":"post_tag","embeddable":true,"href":"https:\/\/www.iemj.org\/en\/wp-json\/wp\/v2\/tags?post=51426"},{"taxonomy":"technique","embeddable":true,"href":"https:\/\/www.iemj.org\/en\/wp-json\/wp\/v2\/technique?post=51426"},{"taxonomy":"squelettes","embeddable":true,"href":"https:\/\/www.iemj.org\/en\/wp-json\/wp\/v2\/squelettes?post=51426"},{"taxonomy":"sujet","embeddable":true,"href":"https:\/\/www.iemj.org\/en\/wp-json\/wp\/v2\/sujet?post=51426"},{"taxonomy":"formation","embeddable":true,"href":"https:\/\/www.iemj.org\/en\/wp-json\/wp\/v2\/formation?post=51426"},{"taxonomy":"genre","embeddable":true,"href":"https:\/\/www.iemj.org\/en\/wp-json\/wp\/v2\/genre?post=51426"},{"taxonomy":"fonds","embeddable":true,"href":"https:\/\/www.iemj.org\/en\/wp-json\/wp\/v2\/fonds?post=51426"},{"taxonomy":"tradition","embeddable":true,"href":"https:\/\/www.iemj.org\/en\/wp-json\/wp\/v2\/tradition?post=51426"},{"taxonomy":"type-de-contenu","embeddable":true,"href":"https:\/\/www.iemj.org\/en\/wp-json\/wp\/v2\/type-de-contenu?post=51426"},{"taxonomy":"interprete-compositeur","embeddable":true,"href":"https:\/\/www.iemj.org\/en\/wp-json\/wp\/v2\/interprete-compositeur?post=51426"},{"taxonomy":"frise","embeddable":true,"href":"https:\/\/www.iemj.org\/en\/wp-json\/wp\/v2\/frise?post=51426"},{"taxonomy":"type-devenement","embeddable":true,"href":"https:\/\/www.iemj.org\/en\/wp-json\/wp\/v2\/type-devenement?post=51426"},{"taxonomy":"tableaux-liens-externes","embeddable":true,"href":"https:\/\/www.iemj.org\/en\/wp-json\/wp\/v2\/tableaux-liens-externes?post=51426"}],"curies":[{"name":"wp","href":"https:\/\/api.w.org\/{rel}","templated":true}]}}