{"id":51447,"date":"2016-06-14T16:09:54","date_gmt":"2016-06-14T14:09:54","guid":{"rendered":"https:\/\/www.iemj.org\/binn-sylvain-1911-1999\/"},"modified":"2021-06-29T14:15:17","modified_gmt":"2021-06-29T12:15:17","slug":"binn-sylvain-1911-1999","status":"publish","type":"post","link":"https:\/\/www.iemj.org\/en\/binn-sylvain-1911-1999\/","title":{"rendered":"Binn, Sylvain (1911-1999)"},"content":{"rendered":"<p>Sylvain Binn was born in Luxembourg on March 8th 1911. His father, Salomon Binn, native of Lithuania, was a cantor in the Jewish community of Luxembourg. His mother, Sidonie Guggenheim, was a native of Germany.<\/p>\n<p>In 1920, the Binn family settled down in Metz (Moselle region), where Salomon Binn was appointed \u00ab First Cantor \u00bb, a position that he kept until his death in 1954.<\/p>\n<p>Sylvain Binn continued his studies in Metz high school, and then continues with his studies in dental surgery at Nancy University. At the same time, he continued music studies at Metz Conservatory, learning piano, theory and composition.<\/p>\n<p>Passionate for Jewish music, music that he heard since his childhood because of his father\u2019s work, he develops a deep knowledge of synagogue music, as it is performed at the time in the synagogues, in which the service is given by the Cantor, a choir and an accompaniment with the organ.<\/p>\n<figure id=\"attachment_11076\" aria-describedby=\"caption-attachment-11076\" style=\"width: 269px\" class=\"wp-caption alignright\"><img fetchpriority=\"high\" decoding=\"async\" class=\"wp-image-11077 size-full\" src=\"https:\/\/www.iemj.org\/wp-content\/uploads\/2016\/06\/i_74a.jpg\" alt=\"i_74a.jpg\" width=\"269\" height=\"189\" \/><figcaption id=\"caption-attachment-11076\" class=\"wp-caption-text\"><strong>Sylvain BINN conducting the choir<br \/><\/strong><\/figcaption><\/figure>\n<p>Sylvain Binn will be actively in charge of Metz synagogue\u2019s choir, which he will lead on some occasions, replacing the usual choir leader (Max Rosenweig).<\/p>\n<p>In 1940, he was married to Ir\u00e8ne Wolff. The Wolff family is an old Jewish family from the Lorraine region, settled in Waldwisse for several generations. Ir\u00e8ne\u2019s father, David Wolff, is president of the Jewish community of Waldwisse. Ir\u00e8ne and Sylvain will have two sons: Serge (1944) and Daniel (1946 \u2013 1996).<\/p>\n<p>The wedding took place on May 8, 1940, the day of the German attack against Belgium. The day following the wedding, Sylvain was enlisted into the army, and taken prisoner several weeks later. The young husband and wife will be separated for three years.<\/p>\n<p>A prisoner in Germany in various officers\u2019 camps (OFLAG), Sylvain Binn succeeded in escaping in 1943, after two failed attempts. He rejoined his wife and parents, refugees in Grenoble.<\/p>\n<p>At the liberation, the family goes back to Metz, and Sylvain reopens his dental office back, that was established shortly before the war. His father Salomon returns to his activity of cantor. Sylvain also returns to his musical activities with the synagogue\u2019s choir.<\/p>\n<figure id=\"attachment_11081\" aria-describedby=\"caption-attachment-11081\" style=\"width: 483px\" class=\"wp-caption aligncenter\"><img decoding=\"async\" class=\"wp-image-11082\" src=\"https:\/\/www.iemj.org\/wp-content\/uploads\/2016\/06\/i_72_reduite-300x208.jpg\" alt=\"i_72_reduite.jpg\" width=\"483\" height=\"335\" srcset=\"https:\/\/www.iemj.org\/wp-content\/uploads\/2016\/06\/i_72_reduite-300x208.jpg 300w, https:\/\/www.iemj.org\/wp-content\/uploads\/2016\/06\/i_72_reduite.jpg 448w\" sizes=\"(max-width: 483px) 100vw, 483px\" \/><figcaption id=\"caption-attachment-11081\" class=\"wp-caption-text\"><strong>Great concert of synagogal music in Strasbourg (probably before 1953) Joseph BORIN, Salomon BINN, Emile KA\u00c7MANN, Rabbi POLIATCHEK, Paul LAZARIUS, Sylvain BINN<\/strong><\/figcaption><\/figure>\n<p>Furthermore, he developed an intense engagement with profane music, by taking part in the creation of ALAM (Lorraine Organisation of Friends of Music), which will organize prestigious concerts. It is as part of ALAM that Sylvain Binn and pastor Griesbeck created an interreligious choral which will perform concerts of sacred music in various cult places, particularly the Metz synagogue where will be performed the Sacred Service by Darius Milhaud, and by Ernest Bloch, with the Metz municipal orchestra.<\/p>\n<p>In 1984, Sylvain Binn and his wife settle down in Paris for their retirement. Until his death in 1999, Sylvain participated a great deal in Parisian Jewish musical life. In particular in the synagogue of La Victoire where he regularly replaced Maurice Benhamou as the choir leader, or to play the organ during weddings or commemorative services.<\/p>\n<figure id=\"attachment_11079\" aria-describedby=\"caption-attachment-11079\" style=\"width: 430px\" class=\"wp-caption aligncenter\"><img decoding=\"async\" class=\"wp-image-11080\" src=\"https:\/\/www.iemj.org\/wp-content\/uploads\/2016\/06\/i_69-300x194.jpg\" alt=\"i_69.jpg\" width=\"430\" height=\"278\" srcset=\"https:\/\/www.iemj.org\/wp-content\/uploads\/2016\/06\/i_69-300x194.jpg 300w, https:\/\/www.iemj.org\/wp-content\/uploads\/2016\/06\/i_69.jpg 448w\" sizes=\"(max-width: 430px) 100vw, 430px\" \/><figcaption id=\"caption-attachment-11079\" class=\"wp-caption-text\"><strong>Concert of the &#8220;Sacred service&#8221; by Ernest BLOCH on March 3, 1967 in the Grande Synagogue of Metz, Sylvain BINN, Emile KA\u00c7MANN, Albert KIRCH<\/strong><\/figcaption><\/figure>\n<p>He wrote down musical arrangements of traditional religious songs for choir and organ , wrote articles about synagogue music, and took part in the radio show \u00ab \u00e9coute Isra\u00ebl \u00bb (\u00ab listen Israel \u00bb).<\/p>\n<p>He left many notes and articles, compositions, arrangements, as well as a library of music scores, and hand-written and printed books and articles about Jewish music.<\/p>\n<p>These documents have been given to the European Institute for Jewish Music and are now accessible for consultation.<\/p>\n<p><a href=\"http:\/\/www.rachelnet.net\/F\/?func=find-c&amp;ccl_term=WRD+%3D+sylvain+binn&amp;local_base=iemcg\">Browse our archive on Sylvain Binn<\/a><\/p>\n","protected":false},"excerpt":{"rendered":"<p>Sylvain Binn was born in Luxembourg on March 8th 1911. His father, Salomon Binn, native of Lithuania, was a cantor in the Jewish community of Luxembourg. His mother, Sidonie Guggenheim,<\/p>\n","protected":false},"author":5,"featured_media":33857,"comment_status":"closed","ping_status":"open","sticky":false,"template":"","format":"standard","meta":{"_acf_changed":false,"footnotes":""},"categories":[903],"tags":[],"technique":[],"squelettes":[],"sujet":[2100],"formation":[],"genre":[],"fonds":[],"tradition":[],"type-de-contenu":[],"interprete-compositeur":[],"frise":[],"type-devenement":[],"tableaux-liens-externes":[],"class_list":["post-51447","post","type-post","status-publish","format-standard","has-post-thumbnail","hentry","category-biographies-en","sujet-alsace-lorraine-en"],"acf":[],"yoast_head":"<!-- This site is optimized with the Yoast SEO plugin v27.3 - https:\/\/yoast.com\/product\/yoast-seo-wordpress\/ -->\n<title>Binn, Sylvain (1911-1999) - Institut Europ\u00e9en des Musiques Juives<\/title>\n<meta name=\"robots\" content=\"index, follow, max-snippet:-1, max-image-preview:large, max-video-preview:-1\" \/>\n<link rel=\"canonical\" href=\"https:\/\/www.iemj.org\/en\/binn-sylvain-1911-1999\/\" \/>\n<meta property=\"og:locale\" content=\"en_US\" \/>\n<meta property=\"og:type\" content=\"article\" \/>\n<meta property=\"og:title\" content=\"Binn, Sylvain (1911-1999) - Institut Europ\u00e9en des Musiques Juives\" \/>\n<meta property=\"og:description\" content=\"Sylvain Binn was born in Luxembourg on March 8th 1911. His father, Salomon Binn, native of Lithuania, was a cantor in the Jewish community of Luxembourg. His mother, Sidonie Guggenheim,\" \/>\n<meta property=\"og:url\" content=\"https:\/\/www.iemj.org\/en\/binn-sylvain-1911-1999\/\" \/>\n<meta property=\"og:site_name\" content=\"Institut Europ\u00e9en des Musiques Juives\" \/>\n<meta property=\"article:publisher\" content=\"https:\/\/www.facebook.com\/MusiquesJuives\/\" \/>\n<meta property=\"article:published_time\" content=\"2016-06-14T14:09:54+00:00\" \/>\n<meta property=\"article:modified_time\" content=\"2021-06-29T12:15:17+00:00\" \/>\n<meta property=\"og:image\" content=\"https:\/\/www.iemj.org\/wp-content\/uploads\/2016\/06\/photo-logo-bio-Sylvain-Binn-nv-site-e1624964132853.jpg\" \/>\n\t<meta property=\"og:image:width\" content=\"161\" \/>\n\t<meta property=\"og:image:height\" content=\"218\" \/>\n\t<meta property=\"og:image:type\" content=\"image\/jpeg\" \/>\n<meta name=\"author\" content=\"Jacqueline ROTEN\" \/>\n<meta name=\"twitter:card\" content=\"summary_large_image\" \/>\n<meta name=\"twitter:label1\" content=\"Written by\" \/>\n\t<meta name=\"twitter:data1\" content=\"Jacqueline ROTEN\" \/>\n\t<meta name=\"twitter:label2\" content=\"Est. reading time\" \/>\n\t<meta name=\"twitter:data2\" content=\"4 minutes\" \/>\n<script type=\"application\/ld+json\" class=\"yoast-schema-graph\">{\"@context\":\"https:\\\/\\\/schema.org\",\"@graph\":[{\"@type\":\"Article\",\"@id\":\"https:\\\/\\\/www.iemj.org\\\/en\\\/binn-sylvain-1911-1999\\\/#article\",\"isPartOf\":{\"@id\":\"https:\\\/\\\/www.iemj.org\\\/en\\\/binn-sylvain-1911-1999\\\/\"},\"author\":{\"name\":\"Jacqueline ROTEN\",\"@id\":\"https:\\\/\\\/www.iemj.org\\\/en\\\/#\\\/schema\\\/person\\\/358e26c18aca017fcc4cc15437f7279c\"},\"headline\":\"Binn, Sylvain (1911-1999)\",\"datePublished\":\"2016-06-14T14:09:54+00:00\",\"dateModified\":\"2021-06-29T12:15:17+00:00\",\"mainEntityOfPage\":{\"@id\":\"https:\\\/\\\/www.iemj.org\\\/en\\\/binn-sylvain-1911-1999\\\/\"},\"wordCount\":627,\"publisher\":{\"@id\":\"https:\\\/\\\/www.iemj.org\\\/en\\\/#organization\"},\"image\":{\"@id\":\"https:\\\/\\\/www.iemj.org\\\/en\\\/binn-sylvain-1911-1999\\\/#primaryimage\"},\"thumbnailUrl\":\"https:\\\/\\\/www.iemj.org\\\/wp-content\\\/uploads\\\/2016\\\/06\\\/photo-logo-bio-Sylvain-Binn-nv-site-e1624964132853.jpg\",\"articleSection\":[\"Biographies\"],\"inLanguage\":\"en-US\"},{\"@type\":\"WebPage\",\"@id\":\"https:\\\/\\\/www.iemj.org\\\/en\\\/binn-sylvain-1911-1999\\\/\",\"url\":\"https:\\\/\\\/www.iemj.org\\\/en\\\/binn-sylvain-1911-1999\\\/\",\"name\":\"Binn, Sylvain (1911-1999) - Institut Europ\u00e9en des Musiques Juives\",\"isPartOf\":{\"@id\":\"https:\\\/\\\/www.iemj.org\\\/en\\\/#website\"},\"primaryImageOfPage\":{\"@id\":\"https:\\\/\\\/www.iemj.org\\\/en\\\/binn-sylvain-1911-1999\\\/#primaryimage\"},\"image\":{\"@id\":\"https:\\\/\\\/www.iemj.org\\\/en\\\/binn-sylvain-1911-1999\\\/#primaryimage\"},\"thumbnailUrl\":\"https:\\\/\\\/www.iemj.org\\\/wp-content\\\/uploads\\\/2016\\\/06\\\/photo-logo-bio-Sylvain-Binn-nv-site-e1624964132853.jpg\",\"datePublished\":\"2016-06-14T14:09:54+00:00\",\"dateModified\":\"2021-06-29T12:15:17+00:00\",\"breadcrumb\":{\"@id\":\"https:\\\/\\\/www.iemj.org\\\/en\\\/binn-sylvain-1911-1999\\\/#breadcrumb\"},\"inLanguage\":\"en-US\",\"potentialAction\":[{\"@type\":\"ReadAction\",\"target\":[\"https:\\\/\\\/www.iemj.org\\\/en\\\/binn-sylvain-1911-1999\\\/\"]}]},{\"@type\":\"ImageObject\",\"inLanguage\":\"en-US\",\"@id\":\"https:\\\/\\\/www.iemj.org\\\/en\\\/binn-sylvain-1911-1999\\\/#primaryimage\",\"url\":\"https:\\\/\\\/www.iemj.org\\\/wp-content\\\/uploads\\\/2016\\\/06\\\/photo-logo-bio-Sylvain-Binn-nv-site-e1624964132853.jpg\",\"contentUrl\":\"https:\\\/\\\/www.iemj.org\\\/wp-content\\\/uploads\\\/2016\\\/06\\\/photo-logo-bio-Sylvain-Binn-nv-site-e1624964132853.jpg\",\"width\":161,\"height\":218,\"caption\":\"logo bio Elsa Barraine\"},{\"@type\":\"BreadcrumbList\",\"@id\":\"https:\\\/\\\/www.iemj.org\\\/en\\\/binn-sylvain-1911-1999\\\/#breadcrumb\",\"itemListElement\":[{\"@type\":\"ListItem\",\"position\":1,\"name\":\"Accueil\",\"item\":\"https:\\\/\\\/www.iemj.org\\\/en\\\/\"},{\"@type\":\"ListItem\",\"position\":2,\"name\":\"Binn, Sylvain (1911-1999)\"}]},{\"@type\":\"WebSite\",\"@id\":\"https:\\\/\\\/www.iemj.org\\\/en\\\/#website\",\"url\":\"https:\\\/\\\/www.iemj.org\\\/en\\\/\",\"name\":\"Institut Europ\u00e9en des Musiques Juives\",\"description\":\"Des traditions musicales \u00e0 la port\u00e9e de tous\",\"publisher\":{\"@id\":\"https:\\\/\\\/www.iemj.org\\\/en\\\/#organization\"},\"potentialAction\":[{\"@type\":\"SearchAction\",\"target\":{\"@type\":\"EntryPoint\",\"urlTemplate\":\"https:\\\/\\\/www.iemj.org\\\/en\\\/?s={search_term_string}\"},\"query-input\":{\"@type\":\"PropertyValueSpecification\",\"valueRequired\":true,\"valueName\":\"search_term_string\"}}],\"inLanguage\":\"en-US\"},{\"@type\":\"Organization\",\"@id\":\"https:\\\/\\\/www.iemj.org\\\/en\\\/#organization\",\"name\":\"Institut Europ\u00e9en des Musiques Juives\",\"url\":\"https:\\\/\\\/www.iemj.org\\\/en\\\/\",\"logo\":{\"@type\":\"ImageObject\",\"inLanguage\":\"en-US\",\"@id\":\"https:\\\/\\\/www.iemj.org\\\/en\\\/#\\\/schema\\\/logo\\\/image\\\/\",\"url\":\"https:\\\/\\\/www.iemj.org\\\/wp-content\\\/uploads\\\/2021\\\/09\\\/Logo-IEMJ-Paypal.jpg\",\"contentUrl\":\"https:\\\/\\\/www.iemj.org\\\/wp-content\\\/uploads\\\/2021\\\/09\\\/Logo-IEMJ-Paypal.jpg\",\"width\":150,\"height\":50,\"caption\":\"Institut Europ\u00e9en des Musiques Juives\"},\"image\":{\"@id\":\"https:\\\/\\\/www.iemj.org\\\/en\\\/#\\\/schema\\\/logo\\\/image\\\/\"},\"sameAs\":[\"https:\\\/\\\/www.facebook.com\\\/MusiquesJuives\\\/\",\"https:\\\/\\\/www.instagram.com\\\/musiquesjuives\\\/\",\"https:\\\/\\\/www.youtube.com\\\/user\\\/musiquesjuives\"]},{\"@type\":\"Person\",\"@id\":\"https:\\\/\\\/www.iemj.org\\\/en\\\/#\\\/schema\\\/person\\\/358e26c18aca017fcc4cc15437f7279c\",\"name\":\"Jacqueline ROTEN\",\"image\":{\"@type\":\"ImageObject\",\"inLanguage\":\"en-US\",\"@id\":\"https:\\\/\\\/secure.gravatar.com\\\/avatar\\\/5964256d6c6957de3a3505278957e0fb2a35119ac47ea41827a65301213c810b?s=96&d=mm&r=g\",\"url\":\"https:\\\/\\\/secure.gravatar.com\\\/avatar\\\/5964256d6c6957de3a3505278957e0fb2a35119ac47ea41827a65301213c810b?s=96&d=mm&r=g\",\"contentUrl\":\"https:\\\/\\\/secure.gravatar.com\\\/avatar\\\/5964256d6c6957de3a3505278957e0fb2a35119ac47ea41827a65301213c810b?s=96&d=mm&r=g\",\"caption\":\"Jacqueline ROTEN\"}}]}<\/script>\n<!-- \/ Yoast SEO plugin. -->","yoast_head_json":{"title":"Binn, Sylvain (1911-1999) - Institut Europ\u00e9en des Musiques Juives","robots":{"index":"index","follow":"follow","max-snippet":"max-snippet:-1","max-image-preview":"max-image-preview:large","max-video-preview":"max-video-preview:-1"},"canonical":"https:\/\/www.iemj.org\/en\/binn-sylvain-1911-1999\/","og_locale":"en_US","og_type":"article","og_title":"Binn, Sylvain (1911-1999) - Institut Europ\u00e9en des Musiques Juives","og_description":"Sylvain Binn was born in Luxembourg on March 8th 1911. His father, Salomon Binn, native of Lithuania, was a cantor in the Jewish community of Luxembourg. His mother, Sidonie Guggenheim,","og_url":"https:\/\/www.iemj.org\/en\/binn-sylvain-1911-1999\/","og_site_name":"Institut Europ\u00e9en des Musiques Juives","article_publisher":"https:\/\/www.facebook.com\/MusiquesJuives\/","article_published_time":"2016-06-14T14:09:54+00:00","article_modified_time":"2021-06-29T12:15:17+00:00","og_image":[{"width":161,"height":218,"url":"https:\/\/www.iemj.org\/wp-content\/uploads\/2016\/06\/photo-logo-bio-Sylvain-Binn-nv-site-e1624964132853.jpg","type":"image\/jpeg"}],"author":"Jacqueline ROTEN","twitter_card":"summary_large_image","twitter_misc":{"Written by":"Jacqueline ROTEN","Est. reading time":"4 minutes"},"schema":{"@context":"https:\/\/schema.org","@graph":[{"@type":"Article","@id":"https:\/\/www.iemj.org\/en\/binn-sylvain-1911-1999\/#article","isPartOf":{"@id":"https:\/\/www.iemj.org\/en\/binn-sylvain-1911-1999\/"},"author":{"name":"Jacqueline ROTEN","@id":"https:\/\/www.iemj.org\/en\/#\/schema\/person\/358e26c18aca017fcc4cc15437f7279c"},"headline":"Binn, Sylvain (1911-1999)","datePublished":"2016-06-14T14:09:54+00:00","dateModified":"2021-06-29T12:15:17+00:00","mainEntityOfPage":{"@id":"https:\/\/www.iemj.org\/en\/binn-sylvain-1911-1999\/"},"wordCount":627,"publisher":{"@id":"https:\/\/www.iemj.org\/en\/#organization"},"image":{"@id":"https:\/\/www.iemj.org\/en\/binn-sylvain-1911-1999\/#primaryimage"},"thumbnailUrl":"https:\/\/www.iemj.org\/wp-content\/uploads\/2016\/06\/photo-logo-bio-Sylvain-Binn-nv-site-e1624964132853.jpg","articleSection":["Biographies"],"inLanguage":"en-US"},{"@type":"WebPage","@id":"https:\/\/www.iemj.org\/en\/binn-sylvain-1911-1999\/","url":"https:\/\/www.iemj.org\/en\/binn-sylvain-1911-1999\/","name":"Binn, Sylvain (1911-1999) - Institut Europ\u00e9en des Musiques Juives","isPartOf":{"@id":"https:\/\/www.iemj.org\/en\/#website"},"primaryImageOfPage":{"@id":"https:\/\/www.iemj.org\/en\/binn-sylvain-1911-1999\/#primaryimage"},"image":{"@id":"https:\/\/www.iemj.org\/en\/binn-sylvain-1911-1999\/#primaryimage"},"thumbnailUrl":"https:\/\/www.iemj.org\/wp-content\/uploads\/2016\/06\/photo-logo-bio-Sylvain-Binn-nv-site-e1624964132853.jpg","datePublished":"2016-06-14T14:09:54+00:00","dateModified":"2021-06-29T12:15:17+00:00","breadcrumb":{"@id":"https:\/\/www.iemj.org\/en\/binn-sylvain-1911-1999\/#breadcrumb"},"inLanguage":"en-US","potentialAction":[{"@type":"ReadAction","target":["https:\/\/www.iemj.org\/en\/binn-sylvain-1911-1999\/"]}]},{"@type":"ImageObject","inLanguage":"en-US","@id":"https:\/\/www.iemj.org\/en\/binn-sylvain-1911-1999\/#primaryimage","url":"https:\/\/www.iemj.org\/wp-content\/uploads\/2016\/06\/photo-logo-bio-Sylvain-Binn-nv-site-e1624964132853.jpg","contentUrl":"https:\/\/www.iemj.org\/wp-content\/uploads\/2016\/06\/photo-logo-bio-Sylvain-Binn-nv-site-e1624964132853.jpg","width":161,"height":218,"caption":"logo bio Elsa Barraine"},{"@type":"BreadcrumbList","@id":"https:\/\/www.iemj.org\/en\/binn-sylvain-1911-1999\/#breadcrumb","itemListElement":[{"@type":"ListItem","position":1,"name":"Accueil","item":"https:\/\/www.iemj.org\/en\/"},{"@type":"ListItem","position":2,"name":"Binn, Sylvain (1911-1999)"}]},{"@type":"WebSite","@id":"https:\/\/www.iemj.org\/en\/#website","url":"https:\/\/www.iemj.org\/en\/","name":"Institut Europ\u00e9en des Musiques Juives","description":"Des traditions musicales \u00e0 la port\u00e9e de tous","publisher":{"@id":"https:\/\/www.iemj.org\/en\/#organization"},"potentialAction":[{"@type":"SearchAction","target":{"@type":"EntryPoint","urlTemplate":"https:\/\/www.iemj.org\/en\/?s={search_term_string}"},"query-input":{"@type":"PropertyValueSpecification","valueRequired":true,"valueName":"search_term_string"}}],"inLanguage":"en-US"},{"@type":"Organization","@id":"https:\/\/www.iemj.org\/en\/#organization","name":"Institut Europ\u00e9en des Musiques Juives","url":"https:\/\/www.iemj.org\/en\/","logo":{"@type":"ImageObject","inLanguage":"en-US","@id":"https:\/\/www.iemj.org\/en\/#\/schema\/logo\/image\/","url":"https:\/\/www.iemj.org\/wp-content\/uploads\/2021\/09\/Logo-IEMJ-Paypal.jpg","contentUrl":"https:\/\/www.iemj.org\/wp-content\/uploads\/2021\/09\/Logo-IEMJ-Paypal.jpg","width":150,"height":50,"caption":"Institut Europ\u00e9en des Musiques Juives"},"image":{"@id":"https:\/\/www.iemj.org\/en\/#\/schema\/logo\/image\/"},"sameAs":["https:\/\/www.facebook.com\/MusiquesJuives\/","https:\/\/www.instagram.com\/musiquesjuives\/","https:\/\/www.youtube.com\/user\/musiquesjuives"]},{"@type":"Person","@id":"https:\/\/www.iemj.org\/en\/#\/schema\/person\/358e26c18aca017fcc4cc15437f7279c","name":"Jacqueline ROTEN","image":{"@type":"ImageObject","inLanguage":"en-US","@id":"https:\/\/secure.gravatar.com\/avatar\/5964256d6c6957de3a3505278957e0fb2a35119ac47ea41827a65301213c810b?s=96&d=mm&r=g","url":"https:\/\/secure.gravatar.com\/avatar\/5964256d6c6957de3a3505278957e0fb2a35119ac47ea41827a65301213c810b?s=96&d=mm&r=g","contentUrl":"https:\/\/secure.gravatar.com\/avatar\/5964256d6c6957de3a3505278957e0fb2a35119ac47ea41827a65301213c810b?s=96&d=mm&r=g","caption":"Jacqueline ROTEN"}}]}},"_links":{"self":[{"href":"https:\/\/www.iemj.org\/en\/wp-json\/wp\/v2\/posts\/51447","targetHints":{"allow":["GET"]}}],"collection":[{"href":"https:\/\/www.iemj.org\/en\/wp-json\/wp\/v2\/posts"}],"about":[{"href":"https:\/\/www.iemj.org\/en\/wp-json\/wp\/v2\/types\/post"}],"author":[{"embeddable":true,"href":"https:\/\/www.iemj.org\/en\/wp-json\/wp\/v2\/users\/5"}],"replies":[{"embeddable":true,"href":"https:\/\/www.iemj.org\/en\/wp-json\/wp\/v2\/comments?post=51447"}],"version-history":[{"count":0,"href":"https:\/\/www.iemj.org\/en\/wp-json\/wp\/v2\/posts\/51447\/revisions"}],"wp:featuredmedia":[{"embeddable":true,"href":"https:\/\/www.iemj.org\/en\/wp-json\/wp\/v2\/media\/33857"}],"wp:attachment":[{"href":"https:\/\/www.iemj.org\/en\/wp-json\/wp\/v2\/media?parent=51447"}],"wp:term":[{"taxonomy":"category","embeddable":true,"href":"https:\/\/www.iemj.org\/en\/wp-json\/wp\/v2\/categories?post=51447"},{"taxonomy":"post_tag","embeddable":true,"href":"https:\/\/www.iemj.org\/en\/wp-json\/wp\/v2\/tags?post=51447"},{"taxonomy":"technique","embeddable":true,"href":"https:\/\/www.iemj.org\/en\/wp-json\/wp\/v2\/technique?post=51447"},{"taxonomy":"squelettes","embeddable":true,"href":"https:\/\/www.iemj.org\/en\/wp-json\/wp\/v2\/squelettes?post=51447"},{"taxonomy":"sujet","embeddable":true,"href":"https:\/\/www.iemj.org\/en\/wp-json\/wp\/v2\/sujet?post=51447"},{"taxonomy":"formation","embeddable":true,"href":"https:\/\/www.iemj.org\/en\/wp-json\/wp\/v2\/formation?post=51447"},{"taxonomy":"genre","embeddable":true,"href":"https:\/\/www.iemj.org\/en\/wp-json\/wp\/v2\/genre?post=51447"},{"taxonomy":"fonds","embeddable":true,"href":"https:\/\/www.iemj.org\/en\/wp-json\/wp\/v2\/fonds?post=51447"},{"taxonomy":"tradition","embeddable":true,"href":"https:\/\/www.iemj.org\/en\/wp-json\/wp\/v2\/tradition?post=51447"},{"taxonomy":"type-de-contenu","embeddable":true,"href":"https:\/\/www.iemj.org\/en\/wp-json\/wp\/v2\/type-de-contenu?post=51447"},{"taxonomy":"interprete-compositeur","embeddable":true,"href":"https:\/\/www.iemj.org\/en\/wp-json\/wp\/v2\/interprete-compositeur?post=51447"},{"taxonomy":"frise","embeddable":true,"href":"https:\/\/www.iemj.org\/en\/wp-json\/wp\/v2\/frise?post=51447"},{"taxonomy":"type-devenement","embeddable":true,"href":"https:\/\/www.iemj.org\/en\/wp-json\/wp\/v2\/type-devenement?post=51447"},{"taxonomy":"tableaux-liens-externes","embeddable":true,"href":"https:\/\/www.iemj.org\/en\/wp-json\/wp\/v2\/tableaux-liens-externes?post=51447"}],"curies":[{"name":"wp","href":"https:\/\/api.w.org\/{rel}","templated":true}]}}