{"id":51487,"date":"2017-05-18T11:27:56","date_gmt":"2017-05-18T09:27:56","guid":{"rendered":"https:\/\/www.iemj.org\/becache-jean-1911-1985\/"},"modified":"2021-07-15T11:46:16","modified_gmt":"2021-07-15T09:46:16","slug":"becache-jean-1911-1985","status":"publish","type":"post","link":"https:\/\/www.iemj.org\/en\/becache-jean-1911-1985\/","title":{"rendered":"B\u00e9cache, Jean (1911-1985)"},"content":{"rendered":"<h4>\u00a0<\/h4>\n<p><!--more--><\/p>\n<h4>The B\u00e9cache dynasty : from Rabbi to musician<\/h4>\n<p>Jean B\u00e9cache\u2019s grand-father, Shalom B\u00e9cache, was born in Bombay in 1848. He was a native of Bagdad and spoke Arabic from Iraq. During a pilgrimage to Safed, he fell in love with a young Algerian woman and followed her to Algeria, where he became rabbi of the Ben Thoa synagogue, the smallest synagogue in Algiers, in which was sung melodies from Algiers and Iraq. Shalom B\u00e9cache also founded a Hebraic printing company (he published French books translated into Hebrew, such as those by Jules Verne), and contributed to Hebrew periodicals. Concerning the culinary aspect, he imported to Algeria Iraqi cooking recipes, and especially the personal way of the B\u00e9cache family to make the <em>harosset<\/em> (1), with dates and honey.<\/p>\n<p>Ben Sion B\u00e9cache, the eldest son of Shalom B\u00e9cache, was a teacher of Eastern languages, and spoke Arabic, Hebrew,<img fetchpriority=\"high\" decoding=\"async\" class=\"size-medium wp-image-14175 alignright\" src=\"https:\/\/www.iemj.org\/wp-content\/uploads\/2017\/05\/bekache002-272x300.jpg\" alt=\"\" width=\"272\" height=\"300\" srcset=\"https:\/\/www.iemj.org\/wp-content\/uploads\/2017\/05\/bekache002-272x300.jpg 272w, https:\/\/www.iemj.org\/wp-content\/uploads\/2017\/05\/bekache002.jpg 362w\" sizes=\"(max-width: 272px) 100vw, 272px\" \/> Aramaic and Syriac. During the war in 1914, he was a marine officer, participated in the Dardanelles landing and went\u00a0to Salonica.<br \/>Ben Sion B\u00e9cache had 5 children: Jean (Charles), doctor and musician, born on June 28th 1911, received several awards from Algiers\u2019 music conservatory for double bass, cello, composition and harmony; Elys\u00e9e, his brother, also doctor, received a first prize in violin; another brother, Ary, played violin and was psychiatrist; Mathieu played oboe, English horn and was a judge; finally Mireille played the piano and was pharmacist.<\/p>\n<h4>The Second World War<\/h4>\n<p>In 1935-36, Jean B\u00e9cache left Algeria and settled in France. His son, Pierre Ben Sion B\u00e9cache, was born on June 14th 1938 in Livry Gargan.<br \/>On the eve of the war in 1939, Jean B\u00e9cache was mobilized as a doctor of the mobile guard in Drancy. Conscious of the danger, he sent his wife and son to Algiers, where Pierre grows up from 1939 to 1945. In 1940, Jean, who did not declare himself as Jewish by the authorities, continued his work as doctor for the mobile guard, despite the German occupation and the first Antisemitic laws (2).<br \/>Later on, he was called to his colonel\u2019s office. An SS officer was also there. The colonel asked him if he is Jewish. Jean B\u00e9cache answered no. As soon as he got out, he fleed by bicycle to Moulins, crosses the demarcation line, takes a train to Marseille, and a boat to Algiers. He then goes to the Algiers police station and claims he is an escaped prisoner. Despite this, he is arrested a few days later and sent to Barberousse prison, because of the false accusation by the French police that he practiced abortion, which was strictly forbidden at the time. During his 3 to 4 months stay in prison (he will finally be released as his record is empty), he meets Jews and communists, and joins their resistance movement. During the night of November 7th to 8th 1942, Jean neutralizes the main post office, in order to facilitate the landing of the allies who reconquer Algiers.<\/p>\n<p><img decoding=\"async\" class=\" alignleft  wp-image-14177\" src=\"https:\/\/www.iemj.org\/wp-content\/uploads\/2017\/05\/carte_id_becache.jpg\" alt=\"carte_id_becache.jpg\" width=\"375\" height=\"251\" align=\"left\" srcset=\"https:\/\/www.iemj.org\/wp-content\/uploads\/2017\/05\/carte_id_becache.jpg 400w, https:\/\/www.iemj.org\/wp-content\/uploads\/2017\/05\/carte_id_becache-300x201.jpg 300w\" sizes=\"(max-width: 375px) 100vw, 375px\" \/><\/p>\n<p>\u00a0<\/p>\n<p>He then fought in Tunisia, participated in the landing of Sicily, the Italian campaign (with the battle of Monte Cassino), the landing in Provence, and the French campaign.<\/p>\n<p>Jean B\u00e9cache spent 3 years at the front as an ambulance chief. His family returned to France after November 8, 1945.<\/p>\n<h4>\u00a0<\/h4>\n<h4>Jean B\u00e9cache, composer, transcriber and musician<\/h4>\n<p>In Algeria, Jean B\u00e9cache studied music. Winner of several music conservatory awards, he also played in caf\u00e9s, and transcribed many liturgical melodies from Algiers, as well as <em>piyyoutim<\/em> (religious poetry). During the war, he continued to write music, in particular during permissions, and composed melodies based on Arab-Andalusian music. As an ambulance chief, he asked the two nurses and the driver, who were all Arabs, to sing the Arab-Andalusian melodies they knew, and he transcribed everything on sheet music.<br \/>After the war, Jean B\u00e9cache published several music scores, compositions, orchestral Arab-Andalusian suites and liturgical transcriptions. He was finally member of the orchestra of the 13th arrondissement of Paris, and conductor of the municipal orchestra of Aulnay-sous-Bois.<br \/>Jean B\u00e9cache died on December 19th 1985 in Alfortville. He is buried in the Israeli sections of Pantin\u2019s cemetary.<\/p>\n<hr \/>\n<p><em>(1) The harosset is a mixture of grounded fruits that we use on the night of the seder for Passover. It reminds us of the mortar that the Hebrew slaves used in Egypt to make the bricks for construction.<\/em><br \/><em>(2) Contrary to the majority of Algerian Jews who obtained French citizenship with the Cr\u00e9mieux decree in 1870, Shalom B\u00e9cache, who was an English citizen, obtained French citizenship when he arrived in Algiers. Therefore his family kept their French citizenship when the Cr\u00e9mieux decree was abolished on October 8th 1940.<\/em><\/p>\n<p><em>\u00a0<\/em><\/p>\n<p><a href=\"https:\/\/www.iemj.org\/wp-content\/uploads\/2017\/05\/becache_jean_bio_complete_de_pierre_becache.pdf\">Read a biography of Jean B\u00e9cache by his son Pierre B\u00e9cache<\/a><\/p>\n<p><a href=\"https:\/\/www.iemj.org\/en\/fonds-becache\/\" target=\"_blank\" rel=\"noopener\">Look at the description of Jean B\u00e9cache\u2019s holding<\/a><br \/><a href=\"http:\/\/www.rachelnet.net\/F\/?func=find-c&amp;ccl_term=WHOL+%3D+B%C3%A9cache&amp;local_base=iemcg\" target=\"_blank\" rel=\"noopener\">Look at the archives of Jean B\u00e9cache on our online catalogue<\/a><\/p>\n\n\n<p><\/p>\n","protected":false},"excerpt":{"rendered":"<p>\u00a0<\/p>\n","protected":false},"author":1048,"featured_media":14173,"comment_status":"closed","ping_status":"open","sticky":false,"template":"","format":"standard","meta":{"_acf_changed":false,"footnotes":""},"categories":[903],"tags":[],"technique":[],"squelettes":[],"sujet":[],"formation":[],"genre":[1112],"fonds":[],"tradition":[],"type-de-contenu":[],"interprete-compositeur":[],"frise":[],"type-devenement":[],"tableaux-liens-externes":[],"class_list":["post-51487","post","type-post","status-publish","format-standard","has-post-thumbnail","hentry","category-biographies-en","genre-oriental-en"],"acf":[],"yoast_head":"<!-- This site is optimized with the Yoast SEO plugin v27.3 - https:\/\/yoast.com\/product\/yoast-seo-wordpress\/ -->\n<title>B\u00e9cache, Jean (1911-1985) - Institut Europ\u00e9en des Musiques Juives<\/title>\n<meta name=\"robots\" content=\"index, follow, max-snippet:-1, max-image-preview:large, max-video-preview:-1\" \/>\n<link rel=\"canonical\" href=\"https:\/\/www.iemj.org\/en\/becache-jean-1911-1985\/\" \/>\n<meta property=\"og:locale\" content=\"en_US\" \/>\n<meta property=\"og:type\" content=\"article\" \/>\n<meta property=\"og:title\" content=\"B\u00e9cache, Jean (1911-1985) - Institut Europ\u00e9en des Musiques Juives\" \/>\n<meta property=\"og:description\" content=\"\u00a0\" \/>\n<meta property=\"og:url\" content=\"https:\/\/www.iemj.org\/en\/becache-jean-1911-1985\/\" \/>\n<meta property=\"og:site_name\" content=\"Institut Europ\u00e9en des Musiques Juives\" \/>\n<meta property=\"article:publisher\" content=\"https:\/\/www.facebook.com\/MusiquesJuives\/\" \/>\n<meta property=\"article:published_time\" content=\"2017-05-18T09:27:56+00:00\" \/>\n<meta property=\"article:modified_time\" content=\"2021-07-15T09:46:16+00:00\" \/>\n<meta property=\"og:image\" content=\"https:\/\/www.iemj.org\/wp-content\/uploads\/2017\/05\/arton2316-e1624968335919.jpg\" \/>\n\t<meta property=\"og:image:width\" content=\"189\" \/>\n\t<meta property=\"og:image:height\" content=\"218\" \/>\n\t<meta property=\"og:image:type\" content=\"image\/jpeg\" \/>\n<meta name=\"author\" content=\"Jean-Gabriel Davis\" \/>\n<meta name=\"twitter:card\" content=\"summary_large_image\" \/>\n<meta name=\"twitter:label1\" content=\"Written by\" \/>\n\t<meta name=\"twitter:data1\" content=\"Jean-Gabriel Davis\" \/>\n\t<meta name=\"twitter:label2\" content=\"Est. reading time\" \/>\n\t<meta name=\"twitter:data2\" content=\"4 minutes\" \/>\n<script type=\"application\/ld+json\" class=\"yoast-schema-graph\">{\"@context\":\"https:\\\/\\\/schema.org\",\"@graph\":[{\"@type\":\"Article\",\"@id\":\"https:\\\/\\\/www.iemj.org\\\/en\\\/becache-jean-1911-1985\\\/#article\",\"isPartOf\":{\"@id\":\"https:\\\/\\\/www.iemj.org\\\/en\\\/becache-jean-1911-1985\\\/\"},\"author\":{\"name\":\"Jean-Gabriel Davis\",\"@id\":\"https:\\\/\\\/www.iemj.org\\\/en\\\/#\\\/schema\\\/person\\\/c9bc1c386a3749579a2d675e72a18666\"},\"headline\":\"B\u00e9cache, Jean (1911-1985)\",\"datePublished\":\"2017-05-18T09:27:56+00:00\",\"dateModified\":\"2021-07-15T09:46:16+00:00\",\"mainEntityOfPage\":{\"@id\":\"https:\\\/\\\/www.iemj.org\\\/en\\\/becache-jean-1911-1985\\\/\"},\"wordCount\":814,\"publisher\":{\"@id\":\"https:\\\/\\\/www.iemj.org\\\/en\\\/#organization\"},\"image\":{\"@id\":\"https:\\\/\\\/www.iemj.org\\\/en\\\/becache-jean-1911-1985\\\/#primaryimage\"},\"thumbnailUrl\":\"https:\\\/\\\/www.iemj.org\\\/wp-content\\\/uploads\\\/2017\\\/05\\\/arton2316-e1624968335919.jpg\",\"articleSection\":[\"Biographies\"],\"inLanguage\":\"en-US\"},{\"@type\":\"WebPage\",\"@id\":\"https:\\\/\\\/www.iemj.org\\\/en\\\/becache-jean-1911-1985\\\/\",\"url\":\"https:\\\/\\\/www.iemj.org\\\/en\\\/becache-jean-1911-1985\\\/\",\"name\":\"B\u00e9cache, Jean (1911-1985) - Institut Europ\u00e9en des Musiques Juives\",\"isPartOf\":{\"@id\":\"https:\\\/\\\/www.iemj.org\\\/en\\\/#website\"},\"primaryImageOfPage\":{\"@id\":\"https:\\\/\\\/www.iemj.org\\\/en\\\/becache-jean-1911-1985\\\/#primaryimage\"},\"image\":{\"@id\":\"https:\\\/\\\/www.iemj.org\\\/en\\\/becache-jean-1911-1985\\\/#primaryimage\"},\"thumbnailUrl\":\"https:\\\/\\\/www.iemj.org\\\/wp-content\\\/uploads\\\/2017\\\/05\\\/arton2316-e1624968335919.jpg\",\"datePublished\":\"2017-05-18T09:27:56+00:00\",\"dateModified\":\"2021-07-15T09:46:16+00:00\",\"breadcrumb\":{\"@id\":\"https:\\\/\\\/www.iemj.org\\\/en\\\/becache-jean-1911-1985\\\/#breadcrumb\"},\"inLanguage\":\"en-US\",\"potentialAction\":[{\"@type\":\"ReadAction\",\"target\":[\"https:\\\/\\\/www.iemj.org\\\/en\\\/becache-jean-1911-1985\\\/\"]}]},{\"@type\":\"ImageObject\",\"inLanguage\":\"en-US\",\"@id\":\"https:\\\/\\\/www.iemj.org\\\/en\\\/becache-jean-1911-1985\\\/#primaryimage\",\"url\":\"https:\\\/\\\/www.iemj.org\\\/wp-content\\\/uploads\\\/2017\\\/05\\\/arton2316-e1624968335919.jpg\",\"contentUrl\":\"https:\\\/\\\/www.iemj.org\\\/wp-content\\\/uploads\\\/2017\\\/05\\\/arton2316-e1624968335919.jpg\",\"width\":189,\"height\":218,\"caption\":\"logo bio Jean B\u00e9cache\"},{\"@type\":\"BreadcrumbList\",\"@id\":\"https:\\\/\\\/www.iemj.org\\\/en\\\/becache-jean-1911-1985\\\/#breadcrumb\",\"itemListElement\":[{\"@type\":\"ListItem\",\"position\":1,\"name\":\"Accueil\",\"item\":\"https:\\\/\\\/www.iemj.org\\\/en\\\/\"},{\"@type\":\"ListItem\",\"position\":2,\"name\":\"B\u00e9cache, Jean (1911-1985)\"}]},{\"@type\":\"WebSite\",\"@id\":\"https:\\\/\\\/www.iemj.org\\\/en\\\/#website\",\"url\":\"https:\\\/\\\/www.iemj.org\\\/en\\\/\",\"name\":\"Institut Europ\u00e9en des Musiques Juives\",\"description\":\"Des traditions musicales \u00e0 la port\u00e9e de tous\",\"publisher\":{\"@id\":\"https:\\\/\\\/www.iemj.org\\\/en\\\/#organization\"},\"potentialAction\":[{\"@type\":\"SearchAction\",\"target\":{\"@type\":\"EntryPoint\",\"urlTemplate\":\"https:\\\/\\\/www.iemj.org\\\/en\\\/?s={search_term_string}\"},\"query-input\":{\"@type\":\"PropertyValueSpecification\",\"valueRequired\":true,\"valueName\":\"search_term_string\"}}],\"inLanguage\":\"en-US\"},{\"@type\":\"Organization\",\"@id\":\"https:\\\/\\\/www.iemj.org\\\/en\\\/#organization\",\"name\":\"Institut Europ\u00e9en des Musiques Juives\",\"url\":\"https:\\\/\\\/www.iemj.org\\\/en\\\/\",\"logo\":{\"@type\":\"ImageObject\",\"inLanguage\":\"en-US\",\"@id\":\"https:\\\/\\\/www.iemj.org\\\/en\\\/#\\\/schema\\\/logo\\\/image\\\/\",\"url\":\"https:\\\/\\\/www.iemj.org\\\/wp-content\\\/uploads\\\/2021\\\/09\\\/Logo-IEMJ-Paypal.jpg\",\"contentUrl\":\"https:\\\/\\\/www.iemj.org\\\/wp-content\\\/uploads\\\/2021\\\/09\\\/Logo-IEMJ-Paypal.jpg\",\"width\":150,\"height\":50,\"caption\":\"Institut Europ\u00e9en des Musiques Juives\"},\"image\":{\"@id\":\"https:\\\/\\\/www.iemj.org\\\/en\\\/#\\\/schema\\\/logo\\\/image\\\/\"},\"sameAs\":[\"https:\\\/\\\/www.facebook.com\\\/MusiquesJuives\\\/\",\"https:\\\/\\\/www.instagram.com\\\/musiquesjuives\\\/\",\"https:\\\/\\\/www.youtube.com\\\/user\\\/musiquesjuives\"]},{\"@type\":\"Person\",\"@id\":\"https:\\\/\\\/www.iemj.org\\\/en\\\/#\\\/schema\\\/person\\\/c9bc1c386a3749579a2d675e72a18666\",\"name\":\"Jean-Gabriel Davis\",\"image\":{\"@type\":\"ImageObject\",\"inLanguage\":\"en-US\",\"@id\":\"https:\\\/\\\/secure.gravatar.com\\\/avatar\\\/2b90d67bdf392c9b3a21fab87c0fa7edaf1fb3a058172a1ffd61033fcec7aec1?s=96&d=mm&r=g\",\"url\":\"https:\\\/\\\/secure.gravatar.com\\\/avatar\\\/2b90d67bdf392c9b3a21fab87c0fa7edaf1fb3a058172a1ffd61033fcec7aec1?s=96&d=mm&r=g\",\"contentUrl\":\"https:\\\/\\\/secure.gravatar.com\\\/avatar\\\/2b90d67bdf392c9b3a21fab87c0fa7edaf1fb3a058172a1ffd61033fcec7aec1?s=96&d=mm&r=g\",\"caption\":\"Jean-Gabriel Davis\"}}]}<\/script>\n<!-- \/ Yoast SEO plugin. -->","yoast_head_json":{"title":"B\u00e9cache, Jean (1911-1985) - Institut Europ\u00e9en des Musiques Juives","robots":{"index":"index","follow":"follow","max-snippet":"max-snippet:-1","max-image-preview":"max-image-preview:large","max-video-preview":"max-video-preview:-1"},"canonical":"https:\/\/www.iemj.org\/en\/becache-jean-1911-1985\/","og_locale":"en_US","og_type":"article","og_title":"B\u00e9cache, Jean (1911-1985) - Institut Europ\u00e9en des Musiques Juives","og_description":"\u00a0","og_url":"https:\/\/www.iemj.org\/en\/becache-jean-1911-1985\/","og_site_name":"Institut Europ\u00e9en des Musiques Juives","article_publisher":"https:\/\/www.facebook.com\/MusiquesJuives\/","article_published_time":"2017-05-18T09:27:56+00:00","article_modified_time":"2021-07-15T09:46:16+00:00","og_image":[{"width":189,"height":218,"url":"https:\/\/www.iemj.org\/wp-content\/uploads\/2017\/05\/arton2316-e1624968335919.jpg","type":"image\/jpeg"}],"author":"Jean-Gabriel Davis","twitter_card":"summary_large_image","twitter_misc":{"Written by":"Jean-Gabriel Davis","Est. reading time":"4 minutes"},"schema":{"@context":"https:\/\/schema.org","@graph":[{"@type":"Article","@id":"https:\/\/www.iemj.org\/en\/becache-jean-1911-1985\/#article","isPartOf":{"@id":"https:\/\/www.iemj.org\/en\/becache-jean-1911-1985\/"},"author":{"name":"Jean-Gabriel Davis","@id":"https:\/\/www.iemj.org\/en\/#\/schema\/person\/c9bc1c386a3749579a2d675e72a18666"},"headline":"B\u00e9cache, Jean (1911-1985)","datePublished":"2017-05-18T09:27:56+00:00","dateModified":"2021-07-15T09:46:16+00:00","mainEntityOfPage":{"@id":"https:\/\/www.iemj.org\/en\/becache-jean-1911-1985\/"},"wordCount":814,"publisher":{"@id":"https:\/\/www.iemj.org\/en\/#organization"},"image":{"@id":"https:\/\/www.iemj.org\/en\/becache-jean-1911-1985\/#primaryimage"},"thumbnailUrl":"https:\/\/www.iemj.org\/wp-content\/uploads\/2017\/05\/arton2316-e1624968335919.jpg","articleSection":["Biographies"],"inLanguage":"en-US"},{"@type":"WebPage","@id":"https:\/\/www.iemj.org\/en\/becache-jean-1911-1985\/","url":"https:\/\/www.iemj.org\/en\/becache-jean-1911-1985\/","name":"B\u00e9cache, Jean (1911-1985) - Institut Europ\u00e9en des Musiques Juives","isPartOf":{"@id":"https:\/\/www.iemj.org\/en\/#website"},"primaryImageOfPage":{"@id":"https:\/\/www.iemj.org\/en\/becache-jean-1911-1985\/#primaryimage"},"image":{"@id":"https:\/\/www.iemj.org\/en\/becache-jean-1911-1985\/#primaryimage"},"thumbnailUrl":"https:\/\/www.iemj.org\/wp-content\/uploads\/2017\/05\/arton2316-e1624968335919.jpg","datePublished":"2017-05-18T09:27:56+00:00","dateModified":"2021-07-15T09:46:16+00:00","breadcrumb":{"@id":"https:\/\/www.iemj.org\/en\/becache-jean-1911-1985\/#breadcrumb"},"inLanguage":"en-US","potentialAction":[{"@type":"ReadAction","target":["https:\/\/www.iemj.org\/en\/becache-jean-1911-1985\/"]}]},{"@type":"ImageObject","inLanguage":"en-US","@id":"https:\/\/www.iemj.org\/en\/becache-jean-1911-1985\/#primaryimage","url":"https:\/\/www.iemj.org\/wp-content\/uploads\/2017\/05\/arton2316-e1624968335919.jpg","contentUrl":"https:\/\/www.iemj.org\/wp-content\/uploads\/2017\/05\/arton2316-e1624968335919.jpg","width":189,"height":218,"caption":"logo bio Jean B\u00e9cache"},{"@type":"BreadcrumbList","@id":"https:\/\/www.iemj.org\/en\/becache-jean-1911-1985\/#breadcrumb","itemListElement":[{"@type":"ListItem","position":1,"name":"Accueil","item":"https:\/\/www.iemj.org\/en\/"},{"@type":"ListItem","position":2,"name":"B\u00e9cache, Jean (1911-1985)"}]},{"@type":"WebSite","@id":"https:\/\/www.iemj.org\/en\/#website","url":"https:\/\/www.iemj.org\/en\/","name":"Institut Europ\u00e9en des Musiques Juives","description":"Des traditions musicales \u00e0 la port\u00e9e de tous","publisher":{"@id":"https:\/\/www.iemj.org\/en\/#organization"},"potentialAction":[{"@type":"SearchAction","target":{"@type":"EntryPoint","urlTemplate":"https:\/\/www.iemj.org\/en\/?s={search_term_string}"},"query-input":{"@type":"PropertyValueSpecification","valueRequired":true,"valueName":"search_term_string"}}],"inLanguage":"en-US"},{"@type":"Organization","@id":"https:\/\/www.iemj.org\/en\/#organization","name":"Institut Europ\u00e9en des Musiques Juives","url":"https:\/\/www.iemj.org\/en\/","logo":{"@type":"ImageObject","inLanguage":"en-US","@id":"https:\/\/www.iemj.org\/en\/#\/schema\/logo\/image\/","url":"https:\/\/www.iemj.org\/wp-content\/uploads\/2021\/09\/Logo-IEMJ-Paypal.jpg","contentUrl":"https:\/\/www.iemj.org\/wp-content\/uploads\/2021\/09\/Logo-IEMJ-Paypal.jpg","width":150,"height":50,"caption":"Institut Europ\u00e9en des Musiques Juives"},"image":{"@id":"https:\/\/www.iemj.org\/en\/#\/schema\/logo\/image\/"},"sameAs":["https:\/\/www.facebook.com\/MusiquesJuives\/","https:\/\/www.instagram.com\/musiquesjuives\/","https:\/\/www.youtube.com\/user\/musiquesjuives"]},{"@type":"Person","@id":"https:\/\/www.iemj.org\/en\/#\/schema\/person\/c9bc1c386a3749579a2d675e72a18666","name":"Jean-Gabriel Davis","image":{"@type":"ImageObject","inLanguage":"en-US","@id":"https:\/\/secure.gravatar.com\/avatar\/2b90d67bdf392c9b3a21fab87c0fa7edaf1fb3a058172a1ffd61033fcec7aec1?s=96&d=mm&r=g","url":"https:\/\/secure.gravatar.com\/avatar\/2b90d67bdf392c9b3a21fab87c0fa7edaf1fb3a058172a1ffd61033fcec7aec1?s=96&d=mm&r=g","contentUrl":"https:\/\/secure.gravatar.com\/avatar\/2b90d67bdf392c9b3a21fab87c0fa7edaf1fb3a058172a1ffd61033fcec7aec1?s=96&d=mm&r=g","caption":"Jean-Gabriel Davis"}}]}},"_links":{"self":[{"href":"https:\/\/www.iemj.org\/en\/wp-json\/wp\/v2\/posts\/51487","targetHints":{"allow":["GET"]}}],"collection":[{"href":"https:\/\/www.iemj.org\/en\/wp-json\/wp\/v2\/posts"}],"about":[{"href":"https:\/\/www.iemj.org\/en\/wp-json\/wp\/v2\/types\/post"}],"author":[{"embeddable":true,"href":"https:\/\/www.iemj.org\/en\/wp-json\/wp\/v2\/users\/1048"}],"replies":[{"embeddable":true,"href":"https:\/\/www.iemj.org\/en\/wp-json\/wp\/v2\/comments?post=51487"}],"version-history":[{"count":0,"href":"https:\/\/www.iemj.org\/en\/wp-json\/wp\/v2\/posts\/51487\/revisions"}],"wp:featuredmedia":[{"embeddable":true,"href":"https:\/\/www.iemj.org\/en\/wp-json\/wp\/v2\/media\/14173"}],"wp:attachment":[{"href":"https:\/\/www.iemj.org\/en\/wp-json\/wp\/v2\/media?parent=51487"}],"wp:term":[{"taxonomy":"category","embeddable":true,"href":"https:\/\/www.iemj.org\/en\/wp-json\/wp\/v2\/categories?post=51487"},{"taxonomy":"post_tag","embeddable":true,"href":"https:\/\/www.iemj.org\/en\/wp-json\/wp\/v2\/tags?post=51487"},{"taxonomy":"technique","embeddable":true,"href":"https:\/\/www.iemj.org\/en\/wp-json\/wp\/v2\/technique?post=51487"},{"taxonomy":"squelettes","embeddable":true,"href":"https:\/\/www.iemj.org\/en\/wp-json\/wp\/v2\/squelettes?post=51487"},{"taxonomy":"sujet","embeddable":true,"href":"https:\/\/www.iemj.org\/en\/wp-json\/wp\/v2\/sujet?post=51487"},{"taxonomy":"formation","embeddable":true,"href":"https:\/\/www.iemj.org\/en\/wp-json\/wp\/v2\/formation?post=51487"},{"taxonomy":"genre","embeddable":true,"href":"https:\/\/www.iemj.org\/en\/wp-json\/wp\/v2\/genre?post=51487"},{"taxonomy":"fonds","embeddable":true,"href":"https:\/\/www.iemj.org\/en\/wp-json\/wp\/v2\/fonds?post=51487"},{"taxonomy":"tradition","embeddable":true,"href":"https:\/\/www.iemj.org\/en\/wp-json\/wp\/v2\/tradition?post=51487"},{"taxonomy":"type-de-contenu","embeddable":true,"href":"https:\/\/www.iemj.org\/en\/wp-json\/wp\/v2\/type-de-contenu?post=51487"},{"taxonomy":"interprete-compositeur","embeddable":true,"href":"https:\/\/www.iemj.org\/en\/wp-json\/wp\/v2\/interprete-compositeur?post=51487"},{"taxonomy":"frise","embeddable":true,"href":"https:\/\/www.iemj.org\/en\/wp-json\/wp\/v2\/frise?post=51487"},{"taxonomy":"type-devenement","embeddable":true,"href":"https:\/\/www.iemj.org\/en\/wp-json\/wp\/v2\/type-devenement?post=51487"},{"taxonomy":"tableaux-liens-externes","embeddable":true,"href":"https:\/\/www.iemj.org\/en\/wp-json\/wp\/v2\/tableaux-liens-externes?post=51487"}],"curies":[{"name":"wp","href":"https:\/\/api.w.org\/{rel}","templated":true}]}}