{"id":51538,"date":"2018-09-12T16:42:01","date_gmt":"2018-09-12T14:42:01","guid":{"rendered":"https:\/\/www.iemj.org\/kol-nidre-nouvelles-visions\/"},"modified":"2025-09-23T18:57:03","modified_gmt":"2025-09-23T16:57:03","slug":"kol-nidre-nouvelles-visions","status":"publish","type":"post","link":"https:\/\/www.iemj.org\/en\/kol-nidre-nouvelles-visions\/","title":{"rendered":"Kol Nidre &#8211; New Visions"},"content":{"rendered":"\n<p>\u201cKol Nidre\u201d with these words starts the impressive and moving prayer introducing the 24 hours of the most solemn day of the Jewish year, Yom Kippur. The traditional melody of this prayer always inspired fascination and enchantment, not only in the Jewish world, but also for many composers who took from it a source of inspiration to write beautiful pieces.<\/p>\n\n\n<div class=\"wp-block-image\">\n<figure class=\"alignright\"><img decoding=\"async\" width=\"116\" height=\"150\" src=\"https:\/\/www.iemj.org\/wp-content\/uploads\/2018\/09\/mg_2420cdelfino_jf_zygel.jpg\" alt=\"_mg_2420cdelfino_jf_zygel.jpg\" class=\"wp-image-20742\"\/><\/figure>\n<\/div>\n\n\n<p><span style=\"font-size: inherit;\">In 2010, the Union Lib\u00e9rale Isra\u00e9lite de France (ULIF) and the European Institute of Jewish Music (EIMJ) released a 1st disc called &#8220;<\/span><a style=\"font-size: inherit;\" href=\"https:\/\/www.iemj.org\/en\/kol-nidre-8-visions\/\">Kol nidre \u2013 Eight visions<\/a><span style=\"font-size: inherit;\">&#8220;. Eight years later, the ULIF Copernic and the EIJM released this 2nd CD which offers ten new musical visions of the Kol Nidre, including <\/span><strong style=\"font-size: inherit;\">two world premieres<\/strong><span style=\"font-size: inherit;\"> : the Kol Nidrei by <\/span><strong style=\"font-size: inherit;\">Alexandre Tansman<\/strong><span style=\"font-size: inherit;\"> (manuscript, 1945) and the one of <\/span><strong style=\"font-size: inherit;\">Jean-Fran\u00e7ois Zygel<\/strong><span style=\"font-size: inherit;\"> for piano.<\/span><\/p>\n\n\n\n<p>One can also hear the Kol Nidre by <strong>Alberto Hemsi<\/strong> (vocal and piano), <strong>Denis Cuniot <\/strong>(improvisation Jazz), <strong>Eyal Bitton<\/strong> (cantor and choir), <strong>Ben Zebelman<\/strong> (piano, violin and cello), <strong>Sid Robinovitch<\/strong> (guitar solo), Joachim <strong>Stutschewsky<\/strong> (harp and cello), <strong>Jean-Fran\u00e7ois Zygel <\/strong>(piano and cello) and <strong>Ita\u00ef Daniel <\/strong>(choir, tenor, clarinet and string quartet).<\/p>\n\n\n<div class=\"wp-block-image\">\n<figure class=\"alignleft\"><img decoding=\"async\" width=\"107\" height=\"150\" src=\"https:\/\/www.iemj.org\/wp-content\/uploads\/2018\/09\/magen_bailly.jpg\" alt=\"magen_bailly.jpg\" class=\"wp-image-20744\"\/><\/figure>\n<\/div>\n\n\n<p>A reference disc performed by world-renowned artists (Martine Bailly, Liat Cohen, Sivan Magen, Jean-Fran\u00e7ois Zygel\u2026) with a richly documented booklet (texts by Delphine Horvilleur, Herv\u00e9 Roten and Bruno Fraitag).<\/p>\n\n\n\n<p><em>This CD has been produced with the support of the <\/em><a href=\"https:\/\/www.fondationjudaisme.org\/\"><em>Fondation du Juda\u00efsme Fran\u00e7ais<\/em><\/a><em>, and the <\/em><a href=\"http:\/\/www.fondationshoah.org\/\"><em>Fondation pour la M\u00e9moire de la Shoah<\/em><\/a><em>, the Fondation Ir\u00e8ne et Jacques Darmon, under the aegis of of the FJF, and the <\/em><a href=\"https:\/\/www.aiu.org\/fr\/alliance-israelite-universelle\"><em>Alliance Isra\u00e9lite Universelle<\/em><\/a><em>.<\/em><\/p>\n\n\n\n<p>&nbsp;<\/p>\n\n\n\n<div class=\"wp-block-buttons is-layout-flex wp-block-buttons-is-layout-flex\">\n<div class=\"wp-block-button has-custom-width wp-block-button__width-100\"><a class=\"wp-block-button__link has-white-color has-text-color has-background has-link-color wp-element-button\" href=\"https:\/\/www.iemj.org\/en\/product\/kol-nidre-new-visions\/\" style=\"background-color:#3c4b98\" target=\"_blank\" rel=\"noreferrer noopener\"><strong>Order the CD on the EIJM\u2019s online shop<\/strong><\/a><\/div>\n<\/div>\n\n\n\n<div style=\"height:17px\" aria-hidden=\"true\" class=\"wp-block-spacer\"><\/div>\n\n\n\n<ul class=\"wp-block-list\">\n<li><a href=\"https:\/\/www.iemj.org\/en\/cest-nouveau-ca-minteresse-radio-broadcast-dedicated-to-the-cd-mahzor-hayim-published-by-the-eijm\/\">Listen to L\u00e9a Moscona&#8217;s radio program about the Mahzor Hayim and Kol Nidre CDs (in French)<\/a><\/li>\n<\/ul>\n\n\n\n<p><strong>Information\/purchase\/Press contact<\/strong> +33 1 45 82 20 52 or <a href=\"mailto:contact@iemj.org\">contact@iemj.org<\/a><\/p>\n\n\n\n<div class=\"wp-block-columns is-layout-flex wp-container-core-columns-is-layout-9d6595d7 wp-block-columns-is-layout-flex\">\n<div class=\"wp-block-column is-layout-flow wp-block-column-is-layout-flow\">\n<figure class=\"wp-block-image size-large\"><img decoding=\"async\" width=\"226\" height=\"150\" src=\"https:\/\/www.iemj.org\/wp-content\/uploads\/2018\/09\/mg_2555cdelfino_ensemble_choral_copernic_i_daniel_et_bitton.jpg\" alt=\"_mg_2555cdelfino_ensemble_choral_copernic_i_daniel_et_bitton.jpg\" class=\"wp-image-20746\"\/><\/figure>\n<\/div>\n\n\n\n<div class=\"wp-block-column is-layout-flow wp-block-column-is-layout-flow\">\n<figure class=\"wp-block-image size-large\"><img decoding=\"async\" src=\"https:\/\/www.iemj.org\/wp-content\/uploads\/2018\/09\/mg_2346cdelfino_quatuor_copernic_et_peut-etre_sarah_lefevre.jpg\" alt=\"\"\/><\/figure>\n<\/div>\n\n\n\n<div class=\"wp-block-column is-layout-flow wp-block-column-is-layout-flow\">\n<figure class=\"wp-block-image size-large\"><img decoding=\"async\" src=\"https:\/\/www.iemj.org\/wp-content\/uploads\/2018\/09\/mg_2372cdelfino_trio_guerchovitch-ispir_et_strauss.jpg\" alt=\"\"\/><\/figure>\n<\/div>\n<\/div>\n\n\n\n<figure class=\"wp-block-image alignwide size-large\"><img loading=\"lazy\" decoding=\"async\" width=\"1024\" height=\"133\" src=\"https:\/\/www.iemj.org\/wp-content\/uploads\/2024\/03\/AUDIO-PLAYER-1024x133.png\" alt=\"\" class=\"wp-image-110607\" srcset=\"https:\/\/www.iemj.org\/wp-content\/uploads\/2024\/03\/AUDIO-PLAYER-1024x133.png 1024w, https:\/\/www.iemj.org\/wp-content\/uploads\/2024\/03\/AUDIO-PLAYER-300x39.png 300w, https:\/\/www.iemj.org\/wp-content\/uploads\/2024\/03\/AUDIO-PLAYER-768x100.png 768w, https:\/\/www.iemj.org\/wp-content\/uploads\/2024\/03\/AUDIO-PLAYER-600x78.png 600w, https:\/\/www.iemj.org\/wp-content\/uploads\/2024\/03\/AUDIO-PLAYER.png 1210w\" sizes=\"(max-width: 1024px) 100vw, 1024px\" \/><\/figure>\n\n\n\n<div class=\"wp-block-file\"><a href=\"https:\/\/www.iemj.org\/wp-content\/uploads\/2018\/09\/01_tansman_kol_nidre_siteiemj.mp3\">Alexandre Tansman_Kol Nidrei<\/a><\/div>\n\n\n\n<div class=\"wp-block-file\"><a href=\"https:\/\/www.iemj.org\/wp-content\/uploads\/2018\/09\/02_zygel_kol_nidre_piano_violoncelle_siteiemj.mp3\">Jean-Fran\u00e7ois Zygel_Kol Nidr\u00e9 pour piano et violoncelle<\/a><\/div>\n\n\n\n<div class=\"wp-block-file\"><a href=\"https:\/\/www.iemj.org\/wp-content\/uploads\/2018\/09\/03_hemsi_kol_nidre_siteiemj.mp3\">Alberto Hemsi_Kal Nidr\u00e9<\/a><\/div>\n\n\n\n<div class=\"wp-block-file\"><a href=\"https:\/\/www.iemj.org\/wp-content\/uploads\/2018\/09\/04_cuniot_kol_nidre_siteiemj.mp3\">Denis Cuniot_Improvisation Jazz sur le th\u00e8me du Kol Nidr\u00e9<\/a><\/div>\n\n\n\n<div class=\"wp-block-file\"><a href=\"https:\/\/www.iemj.org\/wp-content\/uploads\/2018\/09\/05_bitton_kol_nidre_siteiemj.mp3\">Eyal Bitton_Kal Nidrei<\/a><\/div>\n\n\n\n<div class=\"wp-block-file\"><a href=\"https:\/\/www.iemj.org\/wp-content\/uploads\/2018\/09\/06_zebelman_kol_nidre_siteiemj.mp3\">Ben Zebelman_Kol Nidre Variations<\/a><\/div>\n\n\n\n<div class=\"wp-block-file\"><a href=\"https:\/\/www.iemj.org\/wp-content\/uploads\/2018\/09\/07_robinovitch_kol_nidre_siteiemj.mp3\">Sid Robinovitch_Kol Nidrei pour guitare solo<\/a><\/div>\n\n\n\n<div class=\"wp-block-file\"><a href=\"https:\/\/www.iemj.org\/wp-content\/uploads\/2018\/09\/08_stutschewsky_kol_nidre_siteiemj.mp3\">Joachim Stutschewsky_Kol Nidrei<\/a><\/div>\n\n\n\n<div class=\"wp-block-file\"><a href=\"https:\/\/www.iemj.org\/wp-content\/uploads\/2018\/09\/09_daniel_kol_nidre_siteiemj.mp3\">Itai Daniel_ Kol Nidrei<\/a><\/div>\n\n\n\n<div class=\"wp-block-file\"><a href=\"https:\/\/www.iemj.org\/wp-content\/uploads\/2018\/09\/10_zygel_kol_nidre_piano_seul_siteiemj.mp3\">Jean-Fran\u00e7ois Zygel_Kol Nidr\u00e9 pour piano<\/a><\/div>\n","protected":false},"excerpt":{"rendered":"<p>\u201cKol Nidre\u201d with these words starts the impressive and moving prayer introducing the 24 hours of the most solemn day of the Jewish year, Yom Kippur. The traditional melody of<\/p>\n","protected":false},"author":1045,"featured_media":20740,"comment_status":"closed","ping_status":"closed","sticky":false,"template":"","format":"standard","meta":{"_acf_changed":false,"footnotes":""},"categories":[1392,2198,1389],"tags":[],"technique":[],"squelettes":[],"sujet":[1757],"formation":[],"genre":[1117],"fonds":[],"tradition":[],"type-de-contenu":[],"interprete-compositeur":[3083,3087,3139,3180,3211],"frise":[],"type-devenement":[],"tableaux-liens-externes":[],"class_list":["post-51538","post","type-post","status-publish","format-standard","has-post-thumbnail","hentry","category-cd-eijm-en","category-classical-music-collection-en","category-publications-en","sujet-yom-kippur-en","genre-classical-music","interprete-compositeur-alberto-hemsi-en","interprete-compositeur-alexandre-tansman-en","interprete-compositeur-denis-cuniot-en","interprete-compositeur-itai-daniel-en-3","interprete-compositeur-jean-francois-zygel-en"],"acf":[],"yoast_head":"<!-- This site is optimized with the Yoast SEO plugin v27.3 - https:\/\/yoast.com\/product\/yoast-seo-wordpress\/ -->\n<title>Kol Nidre - New Visions - Institut Europ\u00e9en des Musiques Juives<\/title>\n<meta name=\"robots\" content=\"index, follow, max-snippet:-1, max-image-preview:large, max-video-preview:-1\" \/>\n<link rel=\"canonical\" href=\"https:\/\/www.iemj.org\/en\/kol-nidre-nouvelles-visions\/\" \/>\n<meta property=\"og:locale\" content=\"en_US\" \/>\n<meta property=\"og:type\" content=\"article\" \/>\n<meta property=\"og:title\" content=\"Kol Nidre - New Visions - Institut Europ\u00e9en des Musiques Juives\" \/>\n<meta property=\"og:description\" content=\"\u201cKol Nidre\u201d with these words starts the impressive and moving prayer introducing the 24 hours of the most solemn day of the Jewish year, Yom Kippur. The traditional melody of\" \/>\n<meta property=\"og:url\" content=\"https:\/\/www.iemj.org\/en\/kol-nidre-nouvelles-visions\/\" \/>\n<meta property=\"og:site_name\" content=\"Institut Europ\u00e9en des Musiques Juives\" \/>\n<meta property=\"article:publisher\" content=\"https:\/\/www.facebook.com\/MusiquesJuives\/\" \/>\n<meta property=\"article:published_time\" content=\"2018-09-12T14:42:01+00:00\" \/>\n<meta property=\"article:modified_time\" content=\"2025-09-23T16:57:03+00:00\" \/>\n<meta property=\"og:image\" content=\"https:\/\/www.iemj.org\/wp-content\/uploads\/2018\/09\/arton3612.jpg\" \/>\n\t<meta property=\"og:image:width\" content=\"402\" \/>\n\t<meta property=\"og:image:height\" content=\"363\" \/>\n\t<meta property=\"og:image:type\" content=\"image\/jpeg\" \/>\n<meta name=\"author\" content=\"Herv\u00e9 Roten\" \/>\n<meta name=\"twitter:card\" content=\"summary_large_image\" \/>\n<meta name=\"twitter:label1\" content=\"Written by\" \/>\n\t<meta name=\"twitter:data1\" content=\"Herv\u00e9 Roten\" \/>\n\t<meta name=\"twitter:label2\" content=\"Est. reading time\" \/>\n\t<meta name=\"twitter:data2\" content=\"4 minutes\" \/>\n<script type=\"application\/ld+json\" class=\"yoast-schema-graph\">{\"@context\":\"https:\\\/\\\/schema.org\",\"@graph\":[{\"@type\":\"Article\",\"@id\":\"https:\\\/\\\/www.iemj.org\\\/en\\\/kol-nidre-nouvelles-visions\\\/#article\",\"isPartOf\":{\"@id\":\"https:\\\/\\\/www.iemj.org\\\/en\\\/kol-nidre-nouvelles-visions\\\/\"},\"author\":{\"name\":\"Herv\u00e9 Roten\",\"@id\":\"https:\\\/\\\/www.iemj.org\\\/en\\\/#\\\/schema\\\/person\\\/906134402c29d5c76e7b726261dd4bbd\"},\"headline\":\"Kol Nidre &#8211; New Visions\",\"datePublished\":\"2018-09-12T14:42:01+00:00\",\"dateModified\":\"2025-09-23T16:57:03+00:00\",\"mainEntityOfPage\":{\"@id\":\"https:\\\/\\\/www.iemj.org\\\/en\\\/kol-nidre-nouvelles-visions\\\/\"},\"wordCount\":357,\"publisher\":{\"@id\":\"https:\\\/\\\/www.iemj.org\\\/en\\\/#organization\"},\"image\":{\"@id\":\"https:\\\/\\\/www.iemj.org\\\/en\\\/kol-nidre-nouvelles-visions\\\/#primaryimage\"},\"thumbnailUrl\":\"https:\\\/\\\/www.iemj.org\\\/wp-content\\\/uploads\\\/2018\\\/09\\\/arton3612.jpg\",\"articleSection\":[\"CD EIJM\",\"Classical music Collection\",\"Publications\"],\"inLanguage\":\"en-US\"},{\"@type\":\"WebPage\",\"@id\":\"https:\\\/\\\/www.iemj.org\\\/en\\\/kol-nidre-nouvelles-visions\\\/\",\"url\":\"https:\\\/\\\/www.iemj.org\\\/en\\\/kol-nidre-nouvelles-visions\\\/\",\"name\":\"Kol Nidre - New Visions - Institut Europ\u00e9en des Musiques Juives\",\"isPartOf\":{\"@id\":\"https:\\\/\\\/www.iemj.org\\\/en\\\/#website\"},\"primaryImageOfPage\":{\"@id\":\"https:\\\/\\\/www.iemj.org\\\/en\\\/kol-nidre-nouvelles-visions\\\/#primaryimage\"},\"image\":{\"@id\":\"https:\\\/\\\/www.iemj.org\\\/en\\\/kol-nidre-nouvelles-visions\\\/#primaryimage\"},\"thumbnailUrl\":\"https:\\\/\\\/www.iemj.org\\\/wp-content\\\/uploads\\\/2018\\\/09\\\/arton3612.jpg\",\"datePublished\":\"2018-09-12T14:42:01+00:00\",\"dateModified\":\"2025-09-23T16:57:03+00:00\",\"breadcrumb\":{\"@id\":\"https:\\\/\\\/www.iemj.org\\\/en\\\/kol-nidre-nouvelles-visions\\\/#breadcrumb\"},\"inLanguage\":\"en-US\",\"potentialAction\":[{\"@type\":\"ReadAction\",\"target\":[\"https:\\\/\\\/www.iemj.org\\\/en\\\/kol-nidre-nouvelles-visions\\\/\"]}]},{\"@type\":\"ImageObject\",\"inLanguage\":\"en-US\",\"@id\":\"https:\\\/\\\/www.iemj.org\\\/en\\\/kol-nidre-nouvelles-visions\\\/#primaryimage\",\"url\":\"https:\\\/\\\/www.iemj.org\\\/wp-content\\\/uploads\\\/2018\\\/09\\\/arton3612.jpg\",\"contentUrl\":\"https:\\\/\\\/www.iemj.org\\\/wp-content\\\/uploads\\\/2018\\\/09\\\/arton3612.jpg\",\"width\":402,\"height\":363},{\"@type\":\"BreadcrumbList\",\"@id\":\"https:\\\/\\\/www.iemj.org\\\/en\\\/kol-nidre-nouvelles-visions\\\/#breadcrumb\",\"itemListElement\":[{\"@type\":\"ListItem\",\"position\":1,\"name\":\"Accueil\",\"item\":\"https:\\\/\\\/www.iemj.org\\\/en\\\/\"},{\"@type\":\"ListItem\",\"position\":2,\"name\":\"Kol Nidre &#8211; New Visions\"}]},{\"@type\":\"WebSite\",\"@id\":\"https:\\\/\\\/www.iemj.org\\\/en\\\/#website\",\"url\":\"https:\\\/\\\/www.iemj.org\\\/en\\\/\",\"name\":\"Institut Europ\u00e9en des Musiques Juives\",\"description\":\"Des traditions musicales \u00e0 la port\u00e9e de tous\",\"publisher\":{\"@id\":\"https:\\\/\\\/www.iemj.org\\\/en\\\/#organization\"},\"potentialAction\":[{\"@type\":\"SearchAction\",\"target\":{\"@type\":\"EntryPoint\",\"urlTemplate\":\"https:\\\/\\\/www.iemj.org\\\/en\\\/?s={search_term_string}\"},\"query-input\":{\"@type\":\"PropertyValueSpecification\",\"valueRequired\":true,\"valueName\":\"search_term_string\"}}],\"inLanguage\":\"en-US\"},{\"@type\":\"Organization\",\"@id\":\"https:\\\/\\\/www.iemj.org\\\/en\\\/#organization\",\"name\":\"Institut Europ\u00e9en des Musiques Juives\",\"url\":\"https:\\\/\\\/www.iemj.org\\\/en\\\/\",\"logo\":{\"@type\":\"ImageObject\",\"inLanguage\":\"en-US\",\"@id\":\"https:\\\/\\\/www.iemj.org\\\/en\\\/#\\\/schema\\\/logo\\\/image\\\/\",\"url\":\"https:\\\/\\\/www.iemj.org\\\/wp-content\\\/uploads\\\/2021\\\/09\\\/Logo-IEMJ-Paypal.jpg\",\"contentUrl\":\"https:\\\/\\\/www.iemj.org\\\/wp-content\\\/uploads\\\/2021\\\/09\\\/Logo-IEMJ-Paypal.jpg\",\"width\":150,\"height\":50,\"caption\":\"Institut Europ\u00e9en des Musiques Juives\"},\"image\":{\"@id\":\"https:\\\/\\\/www.iemj.org\\\/en\\\/#\\\/schema\\\/logo\\\/image\\\/\"},\"sameAs\":[\"https:\\\/\\\/www.facebook.com\\\/MusiquesJuives\\\/\",\"https:\\\/\\\/www.instagram.com\\\/musiquesjuives\\\/\",\"https:\\\/\\\/www.youtube.com\\\/user\\\/musiquesjuives\"]},{\"@type\":\"Person\",\"@id\":\"https:\\\/\\\/www.iemj.org\\\/en\\\/#\\\/schema\\\/person\\\/906134402c29d5c76e7b726261dd4bbd\",\"name\":\"Herv\u00e9 Roten\",\"image\":{\"@type\":\"ImageObject\",\"inLanguage\":\"en-US\",\"@id\":\"https:\\\/\\\/secure.gravatar.com\\\/avatar\\\/f96ad2db538a26481f18384936b5cd0610c92d390c4dc382209216d455f685ff?s=96&d=mm&r=g\",\"url\":\"https:\\\/\\\/secure.gravatar.com\\\/avatar\\\/f96ad2db538a26481f18384936b5cd0610c92d390c4dc382209216d455f685ff?s=96&d=mm&r=g\",\"contentUrl\":\"https:\\\/\\\/secure.gravatar.com\\\/avatar\\\/f96ad2db538a26481f18384936b5cd0610c92d390c4dc382209216d455f685ff?s=96&d=mm&r=g\",\"caption\":\"Herv\u00e9 Roten\"}}]}<\/script>\n<!-- \/ Yoast SEO plugin. -->","yoast_head_json":{"title":"Kol Nidre - New Visions - Institut Europ\u00e9en des Musiques Juives","robots":{"index":"index","follow":"follow","max-snippet":"max-snippet:-1","max-image-preview":"max-image-preview:large","max-video-preview":"max-video-preview:-1"},"canonical":"https:\/\/www.iemj.org\/en\/kol-nidre-nouvelles-visions\/","og_locale":"en_US","og_type":"article","og_title":"Kol Nidre - New Visions - Institut Europ\u00e9en des Musiques Juives","og_description":"\u201cKol Nidre\u201d with these words starts the impressive and moving prayer introducing the 24 hours of the most solemn day of the Jewish year, Yom Kippur. The traditional melody of","og_url":"https:\/\/www.iemj.org\/en\/kol-nidre-nouvelles-visions\/","og_site_name":"Institut Europ\u00e9en des Musiques Juives","article_publisher":"https:\/\/www.facebook.com\/MusiquesJuives\/","article_published_time":"2018-09-12T14:42:01+00:00","article_modified_time":"2025-09-23T16:57:03+00:00","og_image":[{"width":402,"height":363,"url":"https:\/\/www.iemj.org\/wp-content\/uploads\/2018\/09\/arton3612.jpg","type":"image\/jpeg"}],"author":"Herv\u00e9 Roten","twitter_card":"summary_large_image","twitter_misc":{"Written by":"Herv\u00e9 Roten","Est. reading time":"4 minutes"},"schema":{"@context":"https:\/\/schema.org","@graph":[{"@type":"Article","@id":"https:\/\/www.iemj.org\/en\/kol-nidre-nouvelles-visions\/#article","isPartOf":{"@id":"https:\/\/www.iemj.org\/en\/kol-nidre-nouvelles-visions\/"},"author":{"name":"Herv\u00e9 Roten","@id":"https:\/\/www.iemj.org\/en\/#\/schema\/person\/906134402c29d5c76e7b726261dd4bbd"},"headline":"Kol Nidre &#8211; New Visions","datePublished":"2018-09-12T14:42:01+00:00","dateModified":"2025-09-23T16:57:03+00:00","mainEntityOfPage":{"@id":"https:\/\/www.iemj.org\/en\/kol-nidre-nouvelles-visions\/"},"wordCount":357,"publisher":{"@id":"https:\/\/www.iemj.org\/en\/#organization"},"image":{"@id":"https:\/\/www.iemj.org\/en\/kol-nidre-nouvelles-visions\/#primaryimage"},"thumbnailUrl":"https:\/\/www.iemj.org\/wp-content\/uploads\/2018\/09\/arton3612.jpg","articleSection":["CD EIJM","Classical music Collection","Publications"],"inLanguage":"en-US"},{"@type":"WebPage","@id":"https:\/\/www.iemj.org\/en\/kol-nidre-nouvelles-visions\/","url":"https:\/\/www.iemj.org\/en\/kol-nidre-nouvelles-visions\/","name":"Kol Nidre - New Visions - Institut Europ\u00e9en des Musiques Juives","isPartOf":{"@id":"https:\/\/www.iemj.org\/en\/#website"},"primaryImageOfPage":{"@id":"https:\/\/www.iemj.org\/en\/kol-nidre-nouvelles-visions\/#primaryimage"},"image":{"@id":"https:\/\/www.iemj.org\/en\/kol-nidre-nouvelles-visions\/#primaryimage"},"thumbnailUrl":"https:\/\/www.iemj.org\/wp-content\/uploads\/2018\/09\/arton3612.jpg","datePublished":"2018-09-12T14:42:01+00:00","dateModified":"2025-09-23T16:57:03+00:00","breadcrumb":{"@id":"https:\/\/www.iemj.org\/en\/kol-nidre-nouvelles-visions\/#breadcrumb"},"inLanguage":"en-US","potentialAction":[{"@type":"ReadAction","target":["https:\/\/www.iemj.org\/en\/kol-nidre-nouvelles-visions\/"]}]},{"@type":"ImageObject","inLanguage":"en-US","@id":"https:\/\/www.iemj.org\/en\/kol-nidre-nouvelles-visions\/#primaryimage","url":"https:\/\/www.iemj.org\/wp-content\/uploads\/2018\/09\/arton3612.jpg","contentUrl":"https:\/\/www.iemj.org\/wp-content\/uploads\/2018\/09\/arton3612.jpg","width":402,"height":363},{"@type":"BreadcrumbList","@id":"https:\/\/www.iemj.org\/en\/kol-nidre-nouvelles-visions\/#breadcrumb","itemListElement":[{"@type":"ListItem","position":1,"name":"Accueil","item":"https:\/\/www.iemj.org\/en\/"},{"@type":"ListItem","position":2,"name":"Kol Nidre &#8211; New Visions"}]},{"@type":"WebSite","@id":"https:\/\/www.iemj.org\/en\/#website","url":"https:\/\/www.iemj.org\/en\/","name":"Institut Europ\u00e9en des Musiques Juives","description":"Des traditions musicales \u00e0 la port\u00e9e de tous","publisher":{"@id":"https:\/\/www.iemj.org\/en\/#organization"},"potentialAction":[{"@type":"SearchAction","target":{"@type":"EntryPoint","urlTemplate":"https:\/\/www.iemj.org\/en\/?s={search_term_string}"},"query-input":{"@type":"PropertyValueSpecification","valueRequired":true,"valueName":"search_term_string"}}],"inLanguage":"en-US"},{"@type":"Organization","@id":"https:\/\/www.iemj.org\/en\/#organization","name":"Institut Europ\u00e9en des Musiques Juives","url":"https:\/\/www.iemj.org\/en\/","logo":{"@type":"ImageObject","inLanguage":"en-US","@id":"https:\/\/www.iemj.org\/en\/#\/schema\/logo\/image\/","url":"https:\/\/www.iemj.org\/wp-content\/uploads\/2021\/09\/Logo-IEMJ-Paypal.jpg","contentUrl":"https:\/\/www.iemj.org\/wp-content\/uploads\/2021\/09\/Logo-IEMJ-Paypal.jpg","width":150,"height":50,"caption":"Institut Europ\u00e9en des Musiques Juives"},"image":{"@id":"https:\/\/www.iemj.org\/en\/#\/schema\/logo\/image\/"},"sameAs":["https:\/\/www.facebook.com\/MusiquesJuives\/","https:\/\/www.instagram.com\/musiquesjuives\/","https:\/\/www.youtube.com\/user\/musiquesjuives"]},{"@type":"Person","@id":"https:\/\/www.iemj.org\/en\/#\/schema\/person\/906134402c29d5c76e7b726261dd4bbd","name":"Herv\u00e9 Roten","image":{"@type":"ImageObject","inLanguage":"en-US","@id":"https:\/\/secure.gravatar.com\/avatar\/f96ad2db538a26481f18384936b5cd0610c92d390c4dc382209216d455f685ff?s=96&d=mm&r=g","url":"https:\/\/secure.gravatar.com\/avatar\/f96ad2db538a26481f18384936b5cd0610c92d390c4dc382209216d455f685ff?s=96&d=mm&r=g","contentUrl":"https:\/\/secure.gravatar.com\/avatar\/f96ad2db538a26481f18384936b5cd0610c92d390c4dc382209216d455f685ff?s=96&d=mm&r=g","caption":"Herv\u00e9 Roten"}}]}},"_links":{"self":[{"href":"https:\/\/www.iemj.org\/en\/wp-json\/wp\/v2\/posts\/51538","targetHints":{"allow":["GET"]}}],"collection":[{"href":"https:\/\/www.iemj.org\/en\/wp-json\/wp\/v2\/posts"}],"about":[{"href":"https:\/\/www.iemj.org\/en\/wp-json\/wp\/v2\/types\/post"}],"author":[{"embeddable":true,"href":"https:\/\/www.iemj.org\/en\/wp-json\/wp\/v2\/users\/1045"}],"replies":[{"embeddable":true,"href":"https:\/\/www.iemj.org\/en\/wp-json\/wp\/v2\/comments?post=51538"}],"version-history":[{"count":0,"href":"https:\/\/www.iemj.org\/en\/wp-json\/wp\/v2\/posts\/51538\/revisions"}],"wp:featuredmedia":[{"embeddable":true,"href":"https:\/\/www.iemj.org\/en\/wp-json\/wp\/v2\/media\/20740"}],"wp:attachment":[{"href":"https:\/\/www.iemj.org\/en\/wp-json\/wp\/v2\/media?parent=51538"}],"wp:term":[{"taxonomy":"category","embeddable":true,"href":"https:\/\/www.iemj.org\/en\/wp-json\/wp\/v2\/categories?post=51538"},{"taxonomy":"post_tag","embeddable":true,"href":"https:\/\/www.iemj.org\/en\/wp-json\/wp\/v2\/tags?post=51538"},{"taxonomy":"technique","embeddable":true,"href":"https:\/\/www.iemj.org\/en\/wp-json\/wp\/v2\/technique?post=51538"},{"taxonomy":"squelettes","embeddable":true,"href":"https:\/\/www.iemj.org\/en\/wp-json\/wp\/v2\/squelettes?post=51538"},{"taxonomy":"sujet","embeddable":true,"href":"https:\/\/www.iemj.org\/en\/wp-json\/wp\/v2\/sujet?post=51538"},{"taxonomy":"formation","embeddable":true,"href":"https:\/\/www.iemj.org\/en\/wp-json\/wp\/v2\/formation?post=51538"},{"taxonomy":"genre","embeddable":true,"href":"https:\/\/www.iemj.org\/en\/wp-json\/wp\/v2\/genre?post=51538"},{"taxonomy":"fonds","embeddable":true,"href":"https:\/\/www.iemj.org\/en\/wp-json\/wp\/v2\/fonds?post=51538"},{"taxonomy":"tradition","embeddable":true,"href":"https:\/\/www.iemj.org\/en\/wp-json\/wp\/v2\/tradition?post=51538"},{"taxonomy":"type-de-contenu","embeddable":true,"href":"https:\/\/www.iemj.org\/en\/wp-json\/wp\/v2\/type-de-contenu?post=51538"},{"taxonomy":"interprete-compositeur","embeddable":true,"href":"https:\/\/www.iemj.org\/en\/wp-json\/wp\/v2\/interprete-compositeur?post=51538"},{"taxonomy":"frise","embeddable":true,"href":"https:\/\/www.iemj.org\/en\/wp-json\/wp\/v2\/frise?post=51538"},{"taxonomy":"type-devenement","embeddable":true,"href":"https:\/\/www.iemj.org\/en\/wp-json\/wp\/v2\/type-devenement?post=51538"},{"taxonomy":"tableaux-liens-externes","embeddable":true,"href":"https:\/\/www.iemj.org\/en\/wp-json\/wp\/v2\/tableaux-liens-externes?post=51538"}],"curies":[{"name":"wp","href":"https:\/\/api.w.org\/{rel}","templated":true}]}}