{"id":51569,"date":"2016-11-16T10:13:41","date_gmt":"2016-11-16T09:13:41","guid":{"rendered":"https:\/\/www.iemj.org\/cheikh-raymond-1912-1961\/"},"modified":"2021-09-23T17:52:58","modified_gmt":"2021-09-23T15:52:58","slug":"cheikh-raymond-1912-1961","status":"publish","type":"post","link":"https:\/\/www.iemj.org\/en\/cheikh-raymond-1912-1961\/","title":{"rendered":"Cheikh Raymond (1912-1961)"},"content":{"rendered":"<p>A master of Arab-Andalusian music, Cheikh Raymond is a symbol of Judeo-Arab brotherhood which expressed itself through music between the years 1930 and 1950. His assassination by the National Liberation Front in 1961 caused the massive departure of the Jewish community of Constantine, and more generally from Algeria.<\/p>\n<p>Raymond Leris was born in 1912. His father was a Jew who came from Batna, capital city of the region of Aur\u00e8s, and his mother was French. Abandoned by his mother when his father died fighting in World War I, he was adopted by a religious and very poor Jewish family.<br \/>Attracted by music, he learned Malouf with Cheikhs Omar Chaklab and Abdelkrim Bestandji. Malouf is the Constantine form of art music from Arab-Andalusian tradition. A mutual repertoire for Jews and Muslims, Malouf celebrates courtly love and impetus towards God. In North Africa as well as in the entire Arab-Muslim region, this music was kept alive, but many of its learned modes were forgotten due to its oral transmission. The instruments used are the lute, cithara and oud, tambourine, alto and Bedouin flute, specific of Constantine.<br \/>Becoming soon as good as his masters, Cheikh Raymond was respected equally by Jews and Muslims from Algeria, who call him since the 1930\u2019s \u201cCheikh Raymond\u201d in sign of respect.<br \/>Virtuoso oud player (an Arab lute), he performed during family occasions, Jewish or Muslim, and in concerts; he hosted regular programs on the radio and television and recorded around 30 discs between 1956 and 1961, as well as 78RPM discs. The members of his orchestra were called Nathan Bentari, Ha\u00efm Benbala, Larbi Belamri, Abdelhak, but also the fiddler Sylvain Ghrenassia and his son, Gaston, guitar player, who will later become famous under the name <a href=\"https:\/\/www.iemj.org\/en\/macias-enrico-1938\/\" target=\"_blank\" rel=\"noopener\">Enrico Macias<\/a>.<\/p>\n<p>Cheikh Raymond was assassinated by gunshot by the National Liberation Front on June 22, 1961, when he was food shopping in Constantine\u2019s souk. His death was perceived by the 40.000 Jews from Constantine (nearly half the population of the city) as a final rupture, showing the impossibility to stay in Algeria.<br \/>Cheikh Raymond\u2019s music is preserved because of his son Jacques Leyris, Enrico Macias and Professor Rapha\u00ebl Dra\u00ef (zal) who, in the 1970\u2019s, was the first to resurrect his memory. the musician and musicologist Taoufik Bestandji, grand-son of Cheikh Abdelkrim Bestandji, also studied the recordings kept by his father.<br \/>In 1999, Enrico Macias gave him a tribute on stage, in the Algerian Cultural Center of Paris, with an orchestra led by Bestandji.<br \/>In 2011, Bertrand Dicale published a <a href=\"https:\/\/www.iemj.org\/en\/cheikh-raymond-une-histoire-algerienne\/\" target=\"_blank\" rel=\"noopener\">biography de Cheikh Raymond<\/a>, completed with <a href=\"https:\/\/www.iemj.org\/en\/cheikh-raymond-anthology-original-records-1937-1961\/\">an anthology of his songs released by Universal<\/a>. The main record available until then was a concert given in 1954 in the Popular University of Constantine, and released in 1994 on the Al Sur record label.<\/p>\n<p>Sources :<br \/><a href=\"http:\/\/www.constantine-hier-aujourdhui.fr\/LaCulture\/malouf.htm\" target=\"_blank\" rel=\"noopener\">www.constantine.free.fr\/<\/a><br \/><a href=\"https:\/\/fr.wikipedia.org\/wiki\/Cheikh_Raymond\">wikipedia<\/a><\/p>\n<p><a href=\"https:\/\/www.iemj.org\/en\/cheikh-raymond-the-art-of-constantine-malouf\/\">Listen to the radio program : Cheikh Raymond &#8211; the art of the Constantine malouf<\/a><\/p>\n<p><a href=\"https:\/\/www.iemj.org\/en\/la-musique-de-cheikh-raymond\/\" target=\"_blank\" rel=\"noopener\">Listen to the playlist : the music of Cheikh Raymond<\/a><\/p>\n<p><a href=\"http:\/\/www.rachelnet.net\/F\/?func=find-c&amp;ccl_term=WRD+%3D+Cheikh+Raymond+&amp;local_base=iemcg\">Browse our archives on Cheikh Raymond<\/a><\/p>\n\n\n<p><\/p>\n","protected":false},"excerpt":{"rendered":"<p>A master of Arab-Andalusian music, Cheikh Raymond is a symbol of Judeo-Arab brotherhood which expressed itself through music between the years 1930 and 1950. His assassination by the National Liberation<\/p>\n","protected":false},"author":1045,"featured_media":12204,"comment_status":"closed","ping_status":"open","sticky":false,"template":"","format":"standard","meta":{"_acf_changed":false,"footnotes":""},"categories":[903],"tags":[],"technique":[],"squelettes":[],"sujet":[],"formation":[],"genre":[1112],"fonds":[],"tradition":[],"type-de-contenu":[],"interprete-compositeur":[3119],"frise":[],"type-devenement":[],"tableaux-liens-externes":[],"class_list":["post-51569","post","type-post","status-publish","format-standard","has-post-thumbnail","hentry","category-biographies-en","genre-oriental-en","interprete-compositeur-cheikh-raymond-en"],"acf":[],"yoast_head":"<!-- This site is optimized with the Yoast SEO plugin v27.3 - https:\/\/yoast.com\/product\/yoast-seo-wordpress\/ -->\n<title>Cheikh Raymond (1912-1961) - Institut Europ\u00e9en des Musiques Juives<\/title>\n<meta name=\"robots\" content=\"index, follow, max-snippet:-1, max-image-preview:large, max-video-preview:-1\" \/>\n<link rel=\"canonical\" href=\"https:\/\/www.iemj.org\/en\/cheikh-raymond-1912-1961\/\" \/>\n<meta property=\"og:locale\" content=\"en_US\" \/>\n<meta property=\"og:type\" content=\"article\" \/>\n<meta property=\"og:title\" content=\"Cheikh Raymond (1912-1961) - Institut Europ\u00e9en des Musiques Juives\" \/>\n<meta property=\"og:description\" content=\"A master of Arab-Andalusian music, Cheikh Raymond is a symbol of Judeo-Arab brotherhood which expressed itself through music between the years 1930 and 1950. His assassination by the National Liberation\" \/>\n<meta property=\"og:url\" content=\"https:\/\/www.iemj.org\/en\/cheikh-raymond-1912-1961\/\" \/>\n<meta property=\"og:site_name\" content=\"Institut Europ\u00e9en des Musiques Juives\" \/>\n<meta property=\"article:publisher\" content=\"https:\/\/www.facebook.com\/MusiquesJuives\/\" \/>\n<meta property=\"article:published_time\" content=\"2016-11-16T09:13:41+00:00\" \/>\n<meta property=\"article:modified_time\" content=\"2021-09-23T15:52:58+00:00\" \/>\n<meta property=\"og:image\" content=\"https:\/\/www.iemj.org\/wp-content\/uploads\/2016\/11\/arton1936-e1624971444346.jpg\" \/>\n\t<meta property=\"og:image:width\" content=\"168\" \/>\n\t<meta property=\"og:image:height\" content=\"218\" \/>\n\t<meta property=\"og:image:type\" content=\"image\/jpeg\" \/>\n<meta name=\"author\" content=\"Herv\u00e9 Roten\" \/>\n<meta name=\"twitter:card\" content=\"summary_large_image\" \/>\n<meta name=\"twitter:label1\" content=\"Written by\" \/>\n\t<meta name=\"twitter:data1\" content=\"Herv\u00e9 Roten\" \/>\n\t<meta name=\"twitter:label2\" content=\"Est. reading time\" \/>\n\t<meta name=\"twitter:data2\" content=\"3 minutes\" \/>\n<script type=\"application\/ld+json\" class=\"yoast-schema-graph\">{\"@context\":\"https:\\\/\\\/schema.org\",\"@graph\":[{\"@type\":\"Article\",\"@id\":\"https:\\\/\\\/www.iemj.org\\\/en\\\/cheikh-raymond-1912-1961\\\/#article\",\"isPartOf\":{\"@id\":\"https:\\\/\\\/www.iemj.org\\\/en\\\/cheikh-raymond-1912-1961\\\/\"},\"author\":{\"name\":\"Herv\u00e9 Roten\",\"@id\":\"https:\\\/\\\/www.iemj.org\\\/en\\\/#\\\/schema\\\/person\\\/906134402c29d5c76e7b726261dd4bbd\"},\"headline\":\"Cheikh Raymond (1912-1961)\",\"datePublished\":\"2016-11-16T09:13:41+00:00\",\"dateModified\":\"2021-09-23T15:52:58+00:00\",\"mainEntityOfPage\":{\"@id\":\"https:\\\/\\\/www.iemj.org\\\/en\\\/cheikh-raymond-1912-1961\\\/\"},\"wordCount\":489,\"publisher\":{\"@id\":\"https:\\\/\\\/www.iemj.org\\\/en\\\/#organization\"},\"image\":{\"@id\":\"https:\\\/\\\/www.iemj.org\\\/en\\\/cheikh-raymond-1912-1961\\\/#primaryimage\"},\"thumbnailUrl\":\"https:\\\/\\\/www.iemj.org\\\/wp-content\\\/uploads\\\/2016\\\/11\\\/arton1936-e1624971444346.jpg\",\"articleSection\":[\"Biographies\"],\"inLanguage\":\"en-US\"},{\"@type\":\"WebPage\",\"@id\":\"https:\\\/\\\/www.iemj.org\\\/en\\\/cheikh-raymond-1912-1961\\\/\",\"url\":\"https:\\\/\\\/www.iemj.org\\\/en\\\/cheikh-raymond-1912-1961\\\/\",\"name\":\"Cheikh Raymond (1912-1961) - Institut Europ\u00e9en des Musiques Juives\",\"isPartOf\":{\"@id\":\"https:\\\/\\\/www.iemj.org\\\/en\\\/#website\"},\"primaryImageOfPage\":{\"@id\":\"https:\\\/\\\/www.iemj.org\\\/en\\\/cheikh-raymond-1912-1961\\\/#primaryimage\"},\"image\":{\"@id\":\"https:\\\/\\\/www.iemj.org\\\/en\\\/cheikh-raymond-1912-1961\\\/#primaryimage\"},\"thumbnailUrl\":\"https:\\\/\\\/www.iemj.org\\\/wp-content\\\/uploads\\\/2016\\\/11\\\/arton1936-e1624971444346.jpg\",\"datePublished\":\"2016-11-16T09:13:41+00:00\",\"dateModified\":\"2021-09-23T15:52:58+00:00\",\"breadcrumb\":{\"@id\":\"https:\\\/\\\/www.iemj.org\\\/en\\\/cheikh-raymond-1912-1961\\\/#breadcrumb\"},\"inLanguage\":\"en-US\",\"potentialAction\":[{\"@type\":\"ReadAction\",\"target\":[\"https:\\\/\\\/www.iemj.org\\\/en\\\/cheikh-raymond-1912-1961\\\/\"]}]},{\"@type\":\"ImageObject\",\"inLanguage\":\"en-US\",\"@id\":\"https:\\\/\\\/www.iemj.org\\\/en\\\/cheikh-raymond-1912-1961\\\/#primaryimage\",\"url\":\"https:\\\/\\\/www.iemj.org\\\/wp-content\\\/uploads\\\/2016\\\/11\\\/arton1936-e1624971444346.jpg\",\"contentUrl\":\"https:\\\/\\\/www.iemj.org\\\/wp-content\\\/uploads\\\/2016\\\/11\\\/arton1936-e1624971444346.jpg\",\"width\":168,\"height\":218,\"caption\":\"logo bio Cheikh Raymond\"},{\"@type\":\"BreadcrumbList\",\"@id\":\"https:\\\/\\\/www.iemj.org\\\/en\\\/cheikh-raymond-1912-1961\\\/#breadcrumb\",\"itemListElement\":[{\"@type\":\"ListItem\",\"position\":1,\"name\":\"Accueil\",\"item\":\"https:\\\/\\\/www.iemj.org\\\/en\\\/\"},{\"@type\":\"ListItem\",\"position\":2,\"name\":\"Cheikh Raymond (1912-1961)\"}]},{\"@type\":\"WebSite\",\"@id\":\"https:\\\/\\\/www.iemj.org\\\/en\\\/#website\",\"url\":\"https:\\\/\\\/www.iemj.org\\\/en\\\/\",\"name\":\"Institut Europ\u00e9en des Musiques Juives\",\"description\":\"Des traditions musicales \u00e0 la port\u00e9e de tous\",\"publisher\":{\"@id\":\"https:\\\/\\\/www.iemj.org\\\/en\\\/#organization\"},\"potentialAction\":[{\"@type\":\"SearchAction\",\"target\":{\"@type\":\"EntryPoint\",\"urlTemplate\":\"https:\\\/\\\/www.iemj.org\\\/en\\\/?s={search_term_string}\"},\"query-input\":{\"@type\":\"PropertyValueSpecification\",\"valueRequired\":true,\"valueName\":\"search_term_string\"}}],\"inLanguage\":\"en-US\"},{\"@type\":\"Organization\",\"@id\":\"https:\\\/\\\/www.iemj.org\\\/en\\\/#organization\",\"name\":\"Institut Europ\u00e9en des Musiques Juives\",\"url\":\"https:\\\/\\\/www.iemj.org\\\/en\\\/\",\"logo\":{\"@type\":\"ImageObject\",\"inLanguage\":\"en-US\",\"@id\":\"https:\\\/\\\/www.iemj.org\\\/en\\\/#\\\/schema\\\/logo\\\/image\\\/\",\"url\":\"https:\\\/\\\/www.iemj.org\\\/wp-content\\\/uploads\\\/2021\\\/09\\\/Logo-IEMJ-Paypal.jpg\",\"contentUrl\":\"https:\\\/\\\/www.iemj.org\\\/wp-content\\\/uploads\\\/2021\\\/09\\\/Logo-IEMJ-Paypal.jpg\",\"width\":150,\"height\":50,\"caption\":\"Institut Europ\u00e9en des Musiques Juives\"},\"image\":{\"@id\":\"https:\\\/\\\/www.iemj.org\\\/en\\\/#\\\/schema\\\/logo\\\/image\\\/\"},\"sameAs\":[\"https:\\\/\\\/www.facebook.com\\\/MusiquesJuives\\\/\",\"https:\\\/\\\/www.instagram.com\\\/musiquesjuives\\\/\",\"https:\\\/\\\/www.youtube.com\\\/user\\\/musiquesjuives\"]},{\"@type\":\"Person\",\"@id\":\"https:\\\/\\\/www.iemj.org\\\/en\\\/#\\\/schema\\\/person\\\/906134402c29d5c76e7b726261dd4bbd\",\"name\":\"Herv\u00e9 Roten\",\"image\":{\"@type\":\"ImageObject\",\"inLanguage\":\"en-US\",\"@id\":\"https:\\\/\\\/secure.gravatar.com\\\/avatar\\\/f96ad2db538a26481f18384936b5cd0610c92d390c4dc382209216d455f685ff?s=96&d=mm&r=g\",\"url\":\"https:\\\/\\\/secure.gravatar.com\\\/avatar\\\/f96ad2db538a26481f18384936b5cd0610c92d390c4dc382209216d455f685ff?s=96&d=mm&r=g\",\"contentUrl\":\"https:\\\/\\\/secure.gravatar.com\\\/avatar\\\/f96ad2db538a26481f18384936b5cd0610c92d390c4dc382209216d455f685ff?s=96&d=mm&r=g\",\"caption\":\"Herv\u00e9 Roten\"}}]}<\/script>\n<!-- \/ Yoast SEO plugin. -->","yoast_head_json":{"title":"Cheikh Raymond (1912-1961) - Institut Europ\u00e9en des Musiques Juives","robots":{"index":"index","follow":"follow","max-snippet":"max-snippet:-1","max-image-preview":"max-image-preview:large","max-video-preview":"max-video-preview:-1"},"canonical":"https:\/\/www.iemj.org\/en\/cheikh-raymond-1912-1961\/","og_locale":"en_US","og_type":"article","og_title":"Cheikh Raymond (1912-1961) - Institut Europ\u00e9en des Musiques Juives","og_description":"A master of Arab-Andalusian music, Cheikh Raymond is a symbol of Judeo-Arab brotherhood which expressed itself through music between the years 1930 and 1950. His assassination by the National Liberation","og_url":"https:\/\/www.iemj.org\/en\/cheikh-raymond-1912-1961\/","og_site_name":"Institut Europ\u00e9en des Musiques Juives","article_publisher":"https:\/\/www.facebook.com\/MusiquesJuives\/","article_published_time":"2016-11-16T09:13:41+00:00","article_modified_time":"2021-09-23T15:52:58+00:00","og_image":[{"width":168,"height":218,"url":"https:\/\/www.iemj.org\/wp-content\/uploads\/2016\/11\/arton1936-e1624971444346.jpg","type":"image\/jpeg"}],"author":"Herv\u00e9 Roten","twitter_card":"summary_large_image","twitter_misc":{"Written by":"Herv\u00e9 Roten","Est. reading time":"3 minutes"},"schema":{"@context":"https:\/\/schema.org","@graph":[{"@type":"Article","@id":"https:\/\/www.iemj.org\/en\/cheikh-raymond-1912-1961\/#article","isPartOf":{"@id":"https:\/\/www.iemj.org\/en\/cheikh-raymond-1912-1961\/"},"author":{"name":"Herv\u00e9 Roten","@id":"https:\/\/www.iemj.org\/en\/#\/schema\/person\/906134402c29d5c76e7b726261dd4bbd"},"headline":"Cheikh Raymond (1912-1961)","datePublished":"2016-11-16T09:13:41+00:00","dateModified":"2021-09-23T15:52:58+00:00","mainEntityOfPage":{"@id":"https:\/\/www.iemj.org\/en\/cheikh-raymond-1912-1961\/"},"wordCount":489,"publisher":{"@id":"https:\/\/www.iemj.org\/en\/#organization"},"image":{"@id":"https:\/\/www.iemj.org\/en\/cheikh-raymond-1912-1961\/#primaryimage"},"thumbnailUrl":"https:\/\/www.iemj.org\/wp-content\/uploads\/2016\/11\/arton1936-e1624971444346.jpg","articleSection":["Biographies"],"inLanguage":"en-US"},{"@type":"WebPage","@id":"https:\/\/www.iemj.org\/en\/cheikh-raymond-1912-1961\/","url":"https:\/\/www.iemj.org\/en\/cheikh-raymond-1912-1961\/","name":"Cheikh Raymond (1912-1961) - Institut Europ\u00e9en des Musiques Juives","isPartOf":{"@id":"https:\/\/www.iemj.org\/en\/#website"},"primaryImageOfPage":{"@id":"https:\/\/www.iemj.org\/en\/cheikh-raymond-1912-1961\/#primaryimage"},"image":{"@id":"https:\/\/www.iemj.org\/en\/cheikh-raymond-1912-1961\/#primaryimage"},"thumbnailUrl":"https:\/\/www.iemj.org\/wp-content\/uploads\/2016\/11\/arton1936-e1624971444346.jpg","datePublished":"2016-11-16T09:13:41+00:00","dateModified":"2021-09-23T15:52:58+00:00","breadcrumb":{"@id":"https:\/\/www.iemj.org\/en\/cheikh-raymond-1912-1961\/#breadcrumb"},"inLanguage":"en-US","potentialAction":[{"@type":"ReadAction","target":["https:\/\/www.iemj.org\/en\/cheikh-raymond-1912-1961\/"]}]},{"@type":"ImageObject","inLanguage":"en-US","@id":"https:\/\/www.iemj.org\/en\/cheikh-raymond-1912-1961\/#primaryimage","url":"https:\/\/www.iemj.org\/wp-content\/uploads\/2016\/11\/arton1936-e1624971444346.jpg","contentUrl":"https:\/\/www.iemj.org\/wp-content\/uploads\/2016\/11\/arton1936-e1624971444346.jpg","width":168,"height":218,"caption":"logo bio Cheikh Raymond"},{"@type":"BreadcrumbList","@id":"https:\/\/www.iemj.org\/en\/cheikh-raymond-1912-1961\/#breadcrumb","itemListElement":[{"@type":"ListItem","position":1,"name":"Accueil","item":"https:\/\/www.iemj.org\/en\/"},{"@type":"ListItem","position":2,"name":"Cheikh Raymond (1912-1961)"}]},{"@type":"WebSite","@id":"https:\/\/www.iemj.org\/en\/#website","url":"https:\/\/www.iemj.org\/en\/","name":"Institut Europ\u00e9en des Musiques Juives","description":"Des traditions musicales \u00e0 la port\u00e9e de tous","publisher":{"@id":"https:\/\/www.iemj.org\/en\/#organization"},"potentialAction":[{"@type":"SearchAction","target":{"@type":"EntryPoint","urlTemplate":"https:\/\/www.iemj.org\/en\/?s={search_term_string}"},"query-input":{"@type":"PropertyValueSpecification","valueRequired":true,"valueName":"search_term_string"}}],"inLanguage":"en-US"},{"@type":"Organization","@id":"https:\/\/www.iemj.org\/en\/#organization","name":"Institut Europ\u00e9en des Musiques Juives","url":"https:\/\/www.iemj.org\/en\/","logo":{"@type":"ImageObject","inLanguage":"en-US","@id":"https:\/\/www.iemj.org\/en\/#\/schema\/logo\/image\/","url":"https:\/\/www.iemj.org\/wp-content\/uploads\/2021\/09\/Logo-IEMJ-Paypal.jpg","contentUrl":"https:\/\/www.iemj.org\/wp-content\/uploads\/2021\/09\/Logo-IEMJ-Paypal.jpg","width":150,"height":50,"caption":"Institut Europ\u00e9en des Musiques Juives"},"image":{"@id":"https:\/\/www.iemj.org\/en\/#\/schema\/logo\/image\/"},"sameAs":["https:\/\/www.facebook.com\/MusiquesJuives\/","https:\/\/www.instagram.com\/musiquesjuives\/","https:\/\/www.youtube.com\/user\/musiquesjuives"]},{"@type":"Person","@id":"https:\/\/www.iemj.org\/en\/#\/schema\/person\/906134402c29d5c76e7b726261dd4bbd","name":"Herv\u00e9 Roten","image":{"@type":"ImageObject","inLanguage":"en-US","@id":"https:\/\/secure.gravatar.com\/avatar\/f96ad2db538a26481f18384936b5cd0610c92d390c4dc382209216d455f685ff?s=96&d=mm&r=g","url":"https:\/\/secure.gravatar.com\/avatar\/f96ad2db538a26481f18384936b5cd0610c92d390c4dc382209216d455f685ff?s=96&d=mm&r=g","contentUrl":"https:\/\/secure.gravatar.com\/avatar\/f96ad2db538a26481f18384936b5cd0610c92d390c4dc382209216d455f685ff?s=96&d=mm&r=g","caption":"Herv\u00e9 Roten"}}]}},"_links":{"self":[{"href":"https:\/\/www.iemj.org\/en\/wp-json\/wp\/v2\/posts\/51569","targetHints":{"allow":["GET"]}}],"collection":[{"href":"https:\/\/www.iemj.org\/en\/wp-json\/wp\/v2\/posts"}],"about":[{"href":"https:\/\/www.iemj.org\/en\/wp-json\/wp\/v2\/types\/post"}],"author":[{"embeddable":true,"href":"https:\/\/www.iemj.org\/en\/wp-json\/wp\/v2\/users\/1045"}],"replies":[{"embeddable":true,"href":"https:\/\/www.iemj.org\/en\/wp-json\/wp\/v2\/comments?post=51569"}],"version-history":[{"count":0,"href":"https:\/\/www.iemj.org\/en\/wp-json\/wp\/v2\/posts\/51569\/revisions"}],"wp:featuredmedia":[{"embeddable":true,"href":"https:\/\/www.iemj.org\/en\/wp-json\/wp\/v2\/media\/12204"}],"wp:attachment":[{"href":"https:\/\/www.iemj.org\/en\/wp-json\/wp\/v2\/media?parent=51569"}],"wp:term":[{"taxonomy":"category","embeddable":true,"href":"https:\/\/www.iemj.org\/en\/wp-json\/wp\/v2\/categories?post=51569"},{"taxonomy":"post_tag","embeddable":true,"href":"https:\/\/www.iemj.org\/en\/wp-json\/wp\/v2\/tags?post=51569"},{"taxonomy":"technique","embeddable":true,"href":"https:\/\/www.iemj.org\/en\/wp-json\/wp\/v2\/technique?post=51569"},{"taxonomy":"squelettes","embeddable":true,"href":"https:\/\/www.iemj.org\/en\/wp-json\/wp\/v2\/squelettes?post=51569"},{"taxonomy":"sujet","embeddable":true,"href":"https:\/\/www.iemj.org\/en\/wp-json\/wp\/v2\/sujet?post=51569"},{"taxonomy":"formation","embeddable":true,"href":"https:\/\/www.iemj.org\/en\/wp-json\/wp\/v2\/formation?post=51569"},{"taxonomy":"genre","embeddable":true,"href":"https:\/\/www.iemj.org\/en\/wp-json\/wp\/v2\/genre?post=51569"},{"taxonomy":"fonds","embeddable":true,"href":"https:\/\/www.iemj.org\/en\/wp-json\/wp\/v2\/fonds?post=51569"},{"taxonomy":"tradition","embeddable":true,"href":"https:\/\/www.iemj.org\/en\/wp-json\/wp\/v2\/tradition?post=51569"},{"taxonomy":"type-de-contenu","embeddable":true,"href":"https:\/\/www.iemj.org\/en\/wp-json\/wp\/v2\/type-de-contenu?post=51569"},{"taxonomy":"interprete-compositeur","embeddable":true,"href":"https:\/\/www.iemj.org\/en\/wp-json\/wp\/v2\/interprete-compositeur?post=51569"},{"taxonomy":"frise","embeddable":true,"href":"https:\/\/www.iemj.org\/en\/wp-json\/wp\/v2\/frise?post=51569"},{"taxonomy":"type-devenement","embeddable":true,"href":"https:\/\/www.iemj.org\/en\/wp-json\/wp\/v2\/type-devenement?post=51569"},{"taxonomy":"tableaux-liens-externes","embeddable":true,"href":"https:\/\/www.iemj.org\/en\/wp-json\/wp\/v2\/tableaux-liens-externes?post=51569"}],"curies":[{"name":"wp","href":"https:\/\/api.w.org\/{rel}","templated":true}]}}