{"id":51579,"date":"2020-02-04T12:33:24","date_gmt":"2020-02-04T11:33:24","guid":{"rendered":"https:\/\/www.iemj.org\/cohen-judith\/"},"modified":"2025-09-10T16:21:23","modified_gmt":"2025-09-10T14:21:23","slug":"cohen-judith","status":"publish","type":"post","link":"https:\/\/www.iemj.org\/en\/cohen-judith\/","title":{"rendered":"Cohen, Judith"},"content":{"rendered":"<p>A singer and performer on medieval and traditional instruments, ethnomusicologist and university lecturer, Judith Cohen was born in Montreal (Canada).<\/p>\n<p>Since the 1970\u2019s, she travelled frequently (Eastern Europe, Spain, Portugal, Morocco, Turkey\u2026), learning about various musical traditions, including Balkan music and dance, regional music from Spain and Portugal, Francophone songs from Canada, songs in Yiddish (her grand-parents\u2019 language) and Judeo-Spanish, and others.<\/p>\n<p><img fetchpriority=\"high\" decoding=\"async\" class=\" alignright size-full wp-image-27022\" src=\"https:\/\/www.iemj.org\/wp-content\/uploads\/2020\/02\/gerineldo_sous-titree.jpg\" alt=\"gerineldo_sous-titree.jpg\" width=\"280\" height=\"189\" align=\"right\" \/><\/p>\n<p>During the 1980\u2019s, she added traditional Moroccan Judeo-Spanish songs, when she was a member of the ensemble <a href=\"https:\/\/www.cjnews.com\/en-francais\/le-grand-retour-sur-scene-de-gerineldo\">Gerineldo<\/a>, founded and led by Oro Anahory-Librowicz, together with Kelly Sultan Amar and the legendary <a href=\"https:\/\/www.iemj.org\/en\/levy-solly-1939-2020\/\" target=\"_blank\" rel=\"noopener\">Solly Levy<\/a>. Joined by violinist, ud player and percussionist Charly Edry, the ensemble toured in Spain, Israel, Venezuela and the United States.<\/p>\n<p>In 1980, Judith Cohen defended her Masters thesis, <em>The role of Women Musicians in Medieval Spain in the Christian, Jewish and Muslim communities<\/em>, and, in 1989, her PhD dissertation, <em>Judeo-Spanish songs in the Sephardic Communities of Montreal and Toronto<\/em> (both at the Universit\u00e9 de Montr\u00e9al).<\/p>\n<p><img decoding=\"async\" class=\" alignleft size-full wp-image-27024\" src=\"https:\/\/www.iemj.org\/wp-content\/uploads\/2020\/02\/judith_cohen_avec_sa_fille_tamar_illana_sous_titree_250px_larg.jpg\" alt=\"judith_cohen_avec_sa_fille_tamar_illana_sous_titree_250px_larg.jpg\" width=\"250\" height=\"195\" align=\"left\" \/><\/p>\n<p>She continued to travel every summer, mainly in Spain, Turkey, Portugal, Morocco, the Balkans and Israel, along with her daughter <a href=\"https:\/\/www.iemj.org\/en\/tamar-ilana-the-sefardi-judy-garland\/\">Tamar Ilana<\/a>, who started singing on stage at the age of 5.<\/p>\n<p>From 1977 to 1982, Judith Cohen taught at Concordia University in Montreal, and in various schools in Toronto, as an itinerant music teacher and performer. In 1991, with a research grant from the Social Sciences and Humanities Research Council of Canada, she began post-doctoral work on Judeo-Spanish singing, while teaching part-time at York University (Toronto). Since the mid-1990s, she has also carried out research and fieldwork on the role of music among the Crypto-Jews of Portugal. She was able to record some of the last <em>rezadeiras<\/em>, the Crypto-Jewish prayer-women, almost all of whom have since passed away.<\/p>\n<p>Today, Judith continues her ethnomusicological research, recently examining shared themes of Yiddish and Sephardic narrative ballads, and also as the Consultant for the Alan Lomax Spain collection, and the first Lomax Fellow at the Library of Congress (Washington DC, 2011). She is an Associate Research Fellow at three universities: Carlton (Ottawa), Concordia (Montr\u00e9al) and Ha\u00effa (Israel), and is associated with INET (the Portuguese ethnomusicology research institute) and the Association for Cultural Equity (Alan Lomax Archive, New York City).<\/p>\n<p><img decoding=\"async\" class=\" alignright size-full wp-image-27026\" src=\"https:\/\/www.iemj.org\/wp-content\/uploads\/2020\/02\/ensemble_medieval_sans_cuer_sous-titree_240px_vertic.jpg\" alt=\"ensemble_medieval_sans_cuer_sous-titree_240px_vertic.jpg\" width=\"188\" height=\"240\" align=\"right\" \/><\/p>\n<p>A seasoned performer, Judith Cohen still performs songs from Spain, Portugal, French Canada, the Balkans; Judeo-Spanish and Yiddish traditions and medieval music, accompanying herself on bowed vielle, ud, darbouka, mountain dulcimer and traditional hand percussion and wind instruments.<\/p>\n<p>Judith Cohen continues to be inspired by her ongoing travels. \u00ab I\u2019ve travelled a lot, for many years. I\u2019m never bored while I\u2019m travelling \u00bb, she says.<\/p>\n<p><a href=\"http:\/\/www.judithcohen.ca\">Visit Judith Cohen\u2019s website<\/a><br \/><a href=\"http:\/\/www.rachelnet.net\/F\/?func=find-c&amp;ccl_term=WRD+%3D+Cohen+AND+WRD+%3D+Judith&amp;local_base=iemcg\" target=\"_blank\" rel=\"noopener\">Browse Judith Cohen\u2019s archives<\/a><\/p>\n\n<div class=\"wp-block-image\">\n<figure class=\"aligncenter size-large\"><img loading=\"lazy\" decoding=\"async\" width=\"1024\" height=\"133\" src=\"https:\/\/www.iemj.org\/wp-content\/uploads\/2024\/03\/AUDIO-PLAYER-1024x133.png\" alt=\"\" class=\"wp-image-110607\" srcset=\"https:\/\/www.iemj.org\/wp-content\/uploads\/2024\/03\/AUDIO-PLAYER-1024x133.png 1024w, https:\/\/www.iemj.org\/wp-content\/uploads\/2024\/03\/AUDIO-PLAYER-300x39.png 300w, https:\/\/www.iemj.org\/wp-content\/uploads\/2024\/03\/AUDIO-PLAYER-768x100.png 768w, https:\/\/www.iemj.org\/wp-content\/uploads\/2024\/03\/AUDIO-PLAYER-600x78.png 600w, https:\/\/www.iemj.org\/wp-content\/uploads\/2024\/03\/AUDIO-PLAYER.png 1210w\" sizes=\"(max-width: 1024px) 100vw, 1024px\" \/><\/figure>\n<\/div>\n\n\n<h2 class=\"wp-block-heading\"><\/h2>\n\n\n\n<div class=\"wp-block-file\"><a id=\"wp-block-file--media-2fa25572-0ee0-457f-b2ea-f8e0eebbab24\" href=\"https:\/\/www.iemj.org\/wp-content\/uploads\/2020\/02\/1_primavera_en_salonica_extrait_.mp3\">1) Primavera en Sal\u00f3nica (Extrait)<\/a><\/div>\n\n\n\n<div class=\"wp-block-file\"><a id=\"wp-block-file--media-7bd47134-aee1-468b-97ab-4a6690c53c2f\" href=\"https:\/\/www.iemj.org\/wp-content\/uploads\/2020\/02\/2_por_autrui_movrai_mon_chant_extrait_.mp3\">2) Por Autrui Movrai mon Chant (Extrait)<\/a><\/div>\n\n\n\n<div class=\"wp-block-file\"><a id=\"wp-block-file--media-b2de718e-b377-45e5-a4dd-1c89ec0d887a\" href=\"https:\/\/www.iemj.org\/wp-content\/uploads\/2020\/02\/3_cantar_de_hilula_extrait_-_gerineldo.mp3\">3) Cantar de Hilul\u00e1 (Extrait) &#8211; Gerineldo<\/a><\/div>\n\n\n\n<div class=\"wp-block-file\"><a id=\"wp-block-file--media-0f535c44-1338-4a96-b739-945045710bb1\" href=\"https:\/\/www.iemj.org\/wp-content\/uploads\/2020\/02\/4_las_prendas_del_ajuar_extrait_-_gerineldo.mp3\">4) Las prendas del ajuar (Extrait) &#8211; Gerineldo<\/a><\/div>\n\n\n\n<div class=\"wp-block-file\"><a id=\"wp-block-file--media-cc7ebaf2-f5d2-43fe-a957-ab37aa31a824\" href=\"https:\/\/www.iemj.org\/wp-content\/uploads\/2020\/02\/5_la_cima_ao_castelo_extrait_.mp3\">5) L\u00e1 Cima Ao castelo (Extrait)<\/a><\/div>\n","protected":false},"excerpt":{"rendered":"<p>A singer and performer on medieval and traditional instruments, ethnomusicologist and university lecturer, Judith Cohen was born in Montreal (Canada). Since the 1970\u2019s, she travelled frequently (Eastern Europe, Spain, Portugal,<\/p>\n","protected":false},"author":1045,"featured_media":27020,"comment_status":"closed","ping_status":"closed","sticky":false,"template":"","format":"standard","meta":{"_acf_changed":false,"footnotes":""},"categories":[903],"tags":[],"technique":[],"squelettes":[],"sujet":[],"formation":[],"genre":[1114],"fonds":[],"tradition":[],"type-de-contenu":[],"interprete-compositeur":[],"frise":[],"type-devenement":[],"tableaux-liens-externes":[],"class_list":["post-51579","post","type-post","status-publish","format-standard","has-post-thumbnail","hentry","category-biographies-en","genre-ladino"],"acf":[],"yoast_head":"<!-- This site is optimized with the Yoast SEO plugin v27.3 - https:\/\/yoast.com\/product\/yoast-seo-wordpress\/ -->\n<title>Cohen, Judith - Institut Europ\u00e9en des Musiques Juives<\/title>\n<meta name=\"robots\" content=\"index, follow, max-snippet:-1, max-image-preview:large, max-video-preview:-1\" \/>\n<link rel=\"canonical\" href=\"https:\/\/www.iemj.org\/en\/cohen-judith\/\" \/>\n<meta property=\"og:locale\" content=\"en_US\" \/>\n<meta property=\"og:type\" content=\"article\" \/>\n<meta property=\"og:title\" content=\"Cohen, Judith - Institut Europ\u00e9en des Musiques Juives\" \/>\n<meta property=\"og:description\" content=\"A singer and performer on medieval and traditional instruments, ethnomusicologist and university lecturer, Judith Cohen was born in Montreal (Canada). Since the 1970\u2019s, she travelled frequently (Eastern Europe, Spain, Portugal,\" \/>\n<meta property=\"og:url\" content=\"https:\/\/www.iemj.org\/en\/cohen-judith\/\" \/>\n<meta property=\"og:site_name\" content=\"Institut Europ\u00e9en des Musiques Juives\" \/>\n<meta property=\"article:publisher\" content=\"https:\/\/www.facebook.com\/MusiquesJuives\/\" \/>\n<meta property=\"article:published_time\" content=\"2020-02-04T11:33:24+00:00\" \/>\n<meta property=\"article:modified_time\" content=\"2025-09-10T14:21:23+00:00\" \/>\n<meta property=\"og:image\" content=\"https:\/\/www.iemj.org\/wp-content\/uploads\/2020\/02\/arton4530-e1624972135658.jpg\" \/>\n\t<meta property=\"og:image:width\" content=\"244\" \/>\n\t<meta property=\"og:image:height\" content=\"218\" \/>\n\t<meta property=\"og:image:type\" content=\"image\/jpeg\" \/>\n<meta name=\"author\" content=\"Herv\u00e9 Roten\" \/>\n<meta name=\"twitter:card\" content=\"summary_large_image\" \/>\n<meta name=\"twitter:label1\" content=\"Written by\" \/>\n\t<meta name=\"twitter:data1\" content=\"Herv\u00e9 Roten\" \/>\n\t<meta name=\"twitter:label2\" content=\"Est. reading time\" \/>\n\t<meta name=\"twitter:data2\" content=\"4 minutes\" \/>\n<script type=\"application\/ld+json\" class=\"yoast-schema-graph\">{\"@context\":\"https:\\\/\\\/schema.org\",\"@graph\":[{\"@type\":\"Article\",\"@id\":\"https:\\\/\\\/www.iemj.org\\\/en\\\/cohen-judith\\\/#article\",\"isPartOf\":{\"@id\":\"https:\\\/\\\/www.iemj.org\\\/en\\\/cohen-judith\\\/\"},\"author\":{\"name\":\"Herv\u00e9 Roten\",\"@id\":\"https:\\\/\\\/www.iemj.org\\\/en\\\/#\\\/schema\\\/person\\\/906134402c29d5c76e7b726261dd4bbd\"},\"headline\":\"Cohen, Judith\",\"datePublished\":\"2020-02-04T11:33:24+00:00\",\"dateModified\":\"2025-09-10T14:21:23+00:00\",\"mainEntityOfPage\":{\"@id\":\"https:\\\/\\\/www.iemj.org\\\/en\\\/cohen-judith\\\/\"},\"wordCount\":472,\"publisher\":{\"@id\":\"https:\\\/\\\/www.iemj.org\\\/en\\\/#organization\"},\"image\":{\"@id\":\"https:\\\/\\\/www.iemj.org\\\/en\\\/cohen-judith\\\/#primaryimage\"},\"thumbnailUrl\":\"https:\\\/\\\/www.iemj.org\\\/wp-content\\\/uploads\\\/2020\\\/02\\\/arton4530-e1624972135658.jpg\",\"articleSection\":[\"Biographies\"],\"inLanguage\":\"en-US\"},{\"@type\":\"WebPage\",\"@id\":\"https:\\\/\\\/www.iemj.org\\\/en\\\/cohen-judith\\\/\",\"url\":\"https:\\\/\\\/www.iemj.org\\\/en\\\/cohen-judith\\\/\",\"name\":\"Cohen, Judith - Institut Europ\u00e9en des Musiques Juives\",\"isPartOf\":{\"@id\":\"https:\\\/\\\/www.iemj.org\\\/en\\\/#website\"},\"primaryImageOfPage\":{\"@id\":\"https:\\\/\\\/www.iemj.org\\\/en\\\/cohen-judith\\\/#primaryimage\"},\"image\":{\"@id\":\"https:\\\/\\\/www.iemj.org\\\/en\\\/cohen-judith\\\/#primaryimage\"},\"thumbnailUrl\":\"https:\\\/\\\/www.iemj.org\\\/wp-content\\\/uploads\\\/2020\\\/02\\\/arton4530-e1624972135658.jpg\",\"datePublished\":\"2020-02-04T11:33:24+00:00\",\"dateModified\":\"2025-09-10T14:21:23+00:00\",\"breadcrumb\":{\"@id\":\"https:\\\/\\\/www.iemj.org\\\/en\\\/cohen-judith\\\/#breadcrumb\"},\"inLanguage\":\"en-US\",\"potentialAction\":[{\"@type\":\"ReadAction\",\"target\":[\"https:\\\/\\\/www.iemj.org\\\/en\\\/cohen-judith\\\/\"]}]},{\"@type\":\"ImageObject\",\"inLanguage\":\"en-US\",\"@id\":\"https:\\\/\\\/www.iemj.org\\\/en\\\/cohen-judith\\\/#primaryimage\",\"url\":\"https:\\\/\\\/www.iemj.org\\\/wp-content\\\/uploads\\\/2020\\\/02\\\/arton4530-e1624972135658.jpg\",\"contentUrl\":\"https:\\\/\\\/www.iemj.org\\\/wp-content\\\/uploads\\\/2020\\\/02\\\/arton4530-e1624972135658.jpg\",\"width\":244,\"height\":218,\"caption\":\"logo bio Susana Weich-Shahak\"},{\"@type\":\"BreadcrumbList\",\"@id\":\"https:\\\/\\\/www.iemj.org\\\/en\\\/cohen-judith\\\/#breadcrumb\",\"itemListElement\":[{\"@type\":\"ListItem\",\"position\":1,\"name\":\"Accueil\",\"item\":\"https:\\\/\\\/www.iemj.org\\\/en\\\/\"},{\"@type\":\"ListItem\",\"position\":2,\"name\":\"Cohen, Judith\"}]},{\"@type\":\"WebSite\",\"@id\":\"https:\\\/\\\/www.iemj.org\\\/en\\\/#website\",\"url\":\"https:\\\/\\\/www.iemj.org\\\/en\\\/\",\"name\":\"Institut Europ\u00e9en des Musiques Juives\",\"description\":\"Des traditions musicales \u00e0 la port\u00e9e de tous\",\"publisher\":{\"@id\":\"https:\\\/\\\/www.iemj.org\\\/en\\\/#organization\"},\"potentialAction\":[{\"@type\":\"SearchAction\",\"target\":{\"@type\":\"EntryPoint\",\"urlTemplate\":\"https:\\\/\\\/www.iemj.org\\\/en\\\/?s={search_term_string}\"},\"query-input\":{\"@type\":\"PropertyValueSpecification\",\"valueRequired\":true,\"valueName\":\"search_term_string\"}}],\"inLanguage\":\"en-US\"},{\"@type\":\"Organization\",\"@id\":\"https:\\\/\\\/www.iemj.org\\\/en\\\/#organization\",\"name\":\"Institut Europ\u00e9en des Musiques Juives\",\"url\":\"https:\\\/\\\/www.iemj.org\\\/en\\\/\",\"logo\":{\"@type\":\"ImageObject\",\"inLanguage\":\"en-US\",\"@id\":\"https:\\\/\\\/www.iemj.org\\\/en\\\/#\\\/schema\\\/logo\\\/image\\\/\",\"url\":\"https:\\\/\\\/www.iemj.org\\\/wp-content\\\/uploads\\\/2021\\\/09\\\/Logo-IEMJ-Paypal.jpg\",\"contentUrl\":\"https:\\\/\\\/www.iemj.org\\\/wp-content\\\/uploads\\\/2021\\\/09\\\/Logo-IEMJ-Paypal.jpg\",\"width\":150,\"height\":50,\"caption\":\"Institut Europ\u00e9en des Musiques Juives\"},\"image\":{\"@id\":\"https:\\\/\\\/www.iemj.org\\\/en\\\/#\\\/schema\\\/logo\\\/image\\\/\"},\"sameAs\":[\"https:\\\/\\\/www.facebook.com\\\/MusiquesJuives\\\/\",\"https:\\\/\\\/www.instagram.com\\\/musiquesjuives\\\/\",\"https:\\\/\\\/www.youtube.com\\\/user\\\/musiquesjuives\"]},{\"@type\":\"Person\",\"@id\":\"https:\\\/\\\/www.iemj.org\\\/en\\\/#\\\/schema\\\/person\\\/906134402c29d5c76e7b726261dd4bbd\",\"name\":\"Herv\u00e9 Roten\",\"image\":{\"@type\":\"ImageObject\",\"inLanguage\":\"en-US\",\"@id\":\"https:\\\/\\\/secure.gravatar.com\\\/avatar\\\/f96ad2db538a26481f18384936b5cd0610c92d390c4dc382209216d455f685ff?s=96&d=mm&r=g\",\"url\":\"https:\\\/\\\/secure.gravatar.com\\\/avatar\\\/f96ad2db538a26481f18384936b5cd0610c92d390c4dc382209216d455f685ff?s=96&d=mm&r=g\",\"contentUrl\":\"https:\\\/\\\/secure.gravatar.com\\\/avatar\\\/f96ad2db538a26481f18384936b5cd0610c92d390c4dc382209216d455f685ff?s=96&d=mm&r=g\",\"caption\":\"Herv\u00e9 Roten\"}}]}<\/script>\n<!-- \/ Yoast SEO plugin. -->","yoast_head_json":{"title":"Cohen, Judith - Institut Europ\u00e9en des Musiques Juives","robots":{"index":"index","follow":"follow","max-snippet":"max-snippet:-1","max-image-preview":"max-image-preview:large","max-video-preview":"max-video-preview:-1"},"canonical":"https:\/\/www.iemj.org\/en\/cohen-judith\/","og_locale":"en_US","og_type":"article","og_title":"Cohen, Judith - Institut Europ\u00e9en des Musiques Juives","og_description":"A singer and performer on medieval and traditional instruments, ethnomusicologist and university lecturer, Judith Cohen was born in Montreal (Canada). Since the 1970\u2019s, she travelled frequently (Eastern Europe, Spain, Portugal,","og_url":"https:\/\/www.iemj.org\/en\/cohen-judith\/","og_site_name":"Institut Europ\u00e9en des Musiques Juives","article_publisher":"https:\/\/www.facebook.com\/MusiquesJuives\/","article_published_time":"2020-02-04T11:33:24+00:00","article_modified_time":"2025-09-10T14:21:23+00:00","og_image":[{"width":244,"height":218,"url":"https:\/\/www.iemj.org\/wp-content\/uploads\/2020\/02\/arton4530-e1624972135658.jpg","type":"image\/jpeg"}],"author":"Herv\u00e9 Roten","twitter_card":"summary_large_image","twitter_misc":{"Written by":"Herv\u00e9 Roten","Est. reading time":"4 minutes"},"schema":{"@context":"https:\/\/schema.org","@graph":[{"@type":"Article","@id":"https:\/\/www.iemj.org\/en\/cohen-judith\/#article","isPartOf":{"@id":"https:\/\/www.iemj.org\/en\/cohen-judith\/"},"author":{"name":"Herv\u00e9 Roten","@id":"https:\/\/www.iemj.org\/en\/#\/schema\/person\/906134402c29d5c76e7b726261dd4bbd"},"headline":"Cohen, Judith","datePublished":"2020-02-04T11:33:24+00:00","dateModified":"2025-09-10T14:21:23+00:00","mainEntityOfPage":{"@id":"https:\/\/www.iemj.org\/en\/cohen-judith\/"},"wordCount":472,"publisher":{"@id":"https:\/\/www.iemj.org\/en\/#organization"},"image":{"@id":"https:\/\/www.iemj.org\/en\/cohen-judith\/#primaryimage"},"thumbnailUrl":"https:\/\/www.iemj.org\/wp-content\/uploads\/2020\/02\/arton4530-e1624972135658.jpg","articleSection":["Biographies"],"inLanguage":"en-US"},{"@type":"WebPage","@id":"https:\/\/www.iemj.org\/en\/cohen-judith\/","url":"https:\/\/www.iemj.org\/en\/cohen-judith\/","name":"Cohen, Judith - Institut Europ\u00e9en des Musiques Juives","isPartOf":{"@id":"https:\/\/www.iemj.org\/en\/#website"},"primaryImageOfPage":{"@id":"https:\/\/www.iemj.org\/en\/cohen-judith\/#primaryimage"},"image":{"@id":"https:\/\/www.iemj.org\/en\/cohen-judith\/#primaryimage"},"thumbnailUrl":"https:\/\/www.iemj.org\/wp-content\/uploads\/2020\/02\/arton4530-e1624972135658.jpg","datePublished":"2020-02-04T11:33:24+00:00","dateModified":"2025-09-10T14:21:23+00:00","breadcrumb":{"@id":"https:\/\/www.iemj.org\/en\/cohen-judith\/#breadcrumb"},"inLanguage":"en-US","potentialAction":[{"@type":"ReadAction","target":["https:\/\/www.iemj.org\/en\/cohen-judith\/"]}]},{"@type":"ImageObject","inLanguage":"en-US","@id":"https:\/\/www.iemj.org\/en\/cohen-judith\/#primaryimage","url":"https:\/\/www.iemj.org\/wp-content\/uploads\/2020\/02\/arton4530-e1624972135658.jpg","contentUrl":"https:\/\/www.iemj.org\/wp-content\/uploads\/2020\/02\/arton4530-e1624972135658.jpg","width":244,"height":218,"caption":"logo bio Susana Weich-Shahak"},{"@type":"BreadcrumbList","@id":"https:\/\/www.iemj.org\/en\/cohen-judith\/#breadcrumb","itemListElement":[{"@type":"ListItem","position":1,"name":"Accueil","item":"https:\/\/www.iemj.org\/en\/"},{"@type":"ListItem","position":2,"name":"Cohen, Judith"}]},{"@type":"WebSite","@id":"https:\/\/www.iemj.org\/en\/#website","url":"https:\/\/www.iemj.org\/en\/","name":"Institut Europ\u00e9en des Musiques Juives","description":"Des traditions musicales \u00e0 la port\u00e9e de tous","publisher":{"@id":"https:\/\/www.iemj.org\/en\/#organization"},"potentialAction":[{"@type":"SearchAction","target":{"@type":"EntryPoint","urlTemplate":"https:\/\/www.iemj.org\/en\/?s={search_term_string}"},"query-input":{"@type":"PropertyValueSpecification","valueRequired":true,"valueName":"search_term_string"}}],"inLanguage":"en-US"},{"@type":"Organization","@id":"https:\/\/www.iemj.org\/en\/#organization","name":"Institut Europ\u00e9en des Musiques Juives","url":"https:\/\/www.iemj.org\/en\/","logo":{"@type":"ImageObject","inLanguage":"en-US","@id":"https:\/\/www.iemj.org\/en\/#\/schema\/logo\/image\/","url":"https:\/\/www.iemj.org\/wp-content\/uploads\/2021\/09\/Logo-IEMJ-Paypal.jpg","contentUrl":"https:\/\/www.iemj.org\/wp-content\/uploads\/2021\/09\/Logo-IEMJ-Paypal.jpg","width":150,"height":50,"caption":"Institut Europ\u00e9en des Musiques Juives"},"image":{"@id":"https:\/\/www.iemj.org\/en\/#\/schema\/logo\/image\/"},"sameAs":["https:\/\/www.facebook.com\/MusiquesJuives\/","https:\/\/www.instagram.com\/musiquesjuives\/","https:\/\/www.youtube.com\/user\/musiquesjuives"]},{"@type":"Person","@id":"https:\/\/www.iemj.org\/en\/#\/schema\/person\/906134402c29d5c76e7b726261dd4bbd","name":"Herv\u00e9 Roten","image":{"@type":"ImageObject","inLanguage":"en-US","@id":"https:\/\/secure.gravatar.com\/avatar\/f96ad2db538a26481f18384936b5cd0610c92d390c4dc382209216d455f685ff?s=96&d=mm&r=g","url":"https:\/\/secure.gravatar.com\/avatar\/f96ad2db538a26481f18384936b5cd0610c92d390c4dc382209216d455f685ff?s=96&d=mm&r=g","contentUrl":"https:\/\/secure.gravatar.com\/avatar\/f96ad2db538a26481f18384936b5cd0610c92d390c4dc382209216d455f685ff?s=96&d=mm&r=g","caption":"Herv\u00e9 Roten"}}]}},"_links":{"self":[{"href":"https:\/\/www.iemj.org\/en\/wp-json\/wp\/v2\/posts\/51579","targetHints":{"allow":["GET"]}}],"collection":[{"href":"https:\/\/www.iemj.org\/en\/wp-json\/wp\/v2\/posts"}],"about":[{"href":"https:\/\/www.iemj.org\/en\/wp-json\/wp\/v2\/types\/post"}],"author":[{"embeddable":true,"href":"https:\/\/www.iemj.org\/en\/wp-json\/wp\/v2\/users\/1045"}],"replies":[{"embeddable":true,"href":"https:\/\/www.iemj.org\/en\/wp-json\/wp\/v2\/comments?post=51579"}],"version-history":[{"count":0,"href":"https:\/\/www.iemj.org\/en\/wp-json\/wp\/v2\/posts\/51579\/revisions"}],"wp:featuredmedia":[{"embeddable":true,"href":"https:\/\/www.iemj.org\/en\/wp-json\/wp\/v2\/media\/27020"}],"wp:attachment":[{"href":"https:\/\/www.iemj.org\/en\/wp-json\/wp\/v2\/media?parent=51579"}],"wp:term":[{"taxonomy":"category","embeddable":true,"href":"https:\/\/www.iemj.org\/en\/wp-json\/wp\/v2\/categories?post=51579"},{"taxonomy":"post_tag","embeddable":true,"href":"https:\/\/www.iemj.org\/en\/wp-json\/wp\/v2\/tags?post=51579"},{"taxonomy":"technique","embeddable":true,"href":"https:\/\/www.iemj.org\/en\/wp-json\/wp\/v2\/technique?post=51579"},{"taxonomy":"squelettes","embeddable":true,"href":"https:\/\/www.iemj.org\/en\/wp-json\/wp\/v2\/squelettes?post=51579"},{"taxonomy":"sujet","embeddable":true,"href":"https:\/\/www.iemj.org\/en\/wp-json\/wp\/v2\/sujet?post=51579"},{"taxonomy":"formation","embeddable":true,"href":"https:\/\/www.iemj.org\/en\/wp-json\/wp\/v2\/formation?post=51579"},{"taxonomy":"genre","embeddable":true,"href":"https:\/\/www.iemj.org\/en\/wp-json\/wp\/v2\/genre?post=51579"},{"taxonomy":"fonds","embeddable":true,"href":"https:\/\/www.iemj.org\/en\/wp-json\/wp\/v2\/fonds?post=51579"},{"taxonomy":"tradition","embeddable":true,"href":"https:\/\/www.iemj.org\/en\/wp-json\/wp\/v2\/tradition?post=51579"},{"taxonomy":"type-de-contenu","embeddable":true,"href":"https:\/\/www.iemj.org\/en\/wp-json\/wp\/v2\/type-de-contenu?post=51579"},{"taxonomy":"interprete-compositeur","embeddable":true,"href":"https:\/\/www.iemj.org\/en\/wp-json\/wp\/v2\/interprete-compositeur?post=51579"},{"taxonomy":"frise","embeddable":true,"href":"https:\/\/www.iemj.org\/en\/wp-json\/wp\/v2\/frise?post=51579"},{"taxonomy":"type-devenement","embeddable":true,"href":"https:\/\/www.iemj.org\/en\/wp-json\/wp\/v2\/type-devenement?post=51579"},{"taxonomy":"tableaux-liens-externes","embeddable":true,"href":"https:\/\/www.iemj.org\/en\/wp-json\/wp\/v2\/tableaux-liens-externes?post=51579"}],"curies":[{"name":"wp","href":"https:\/\/api.w.org\/{rel}","templated":true}]}}