{"id":51589,"date":"2015-09-01T16:14:24","date_gmt":"2015-09-01T14:14:24","guid":{"rendered":"https:\/\/www.iemj.org\/cooper-adrienne-1946-2011\/"},"modified":"2025-09-02T09:52:37","modified_gmt":"2025-09-02T07:52:37","slug":"cooper-adrienne-1946-2011","status":"publish","type":"post","link":"https:\/\/www.iemj.org\/en\/cooper-adrienne-1946-2011\/","title":{"rendered":"Cooper, Adrienne (1946-2011)"},"content":{"rendered":"<p>Adrienne Khana Cooper (September 1, 1946 &#8211; December 25, 2011) was a singer &#8211; one of the great Yiddish performer\u2019s of our time \u2013 and an activist. She played a major role in the renewal of klezmer music with her influence on the teaching of Yiddish songs.<\/p>\n<p>She also was deputy director at YIVO, the Yiddish scientific institute in New-York, programming director at the Chinese Museum in America, and program director at the Workmen\u2019s Circle (Arbeter Ring).<\/p>\n<p>She co-founded Klezkamp and was member of the organization\u2019s bureau \u201cJews for Racial and Economic Justice\u201d (JFREJ) until summer 2011, when she was diagnosed with a cancer that took her away on December 25, 2011.<\/p>\n<p>Her daughter, Sarah Gordon, is a singer, in particular with her band \u201cYiddish Princess\u201d.<\/p>\n<p>Visit <a href=\"http:\/\/www.adriennecooper.com\">her website<\/a><\/p>\n<p>Watch <a href=\"http:\/\/www.yiddishbookcenter.org\/oral-history\/adrienne-cooper\">her interview on Yiddish Book Center\u2019s website<\/a><\/p>\n<p>Read more on the <a href=\"http:\/\/jwa.org\/weremember\/cooper-adrienne\">Jewish Women Archives<\/a><\/p>\n<p>Her necrology in <a href=\"http:\/\/www.nytimes.com\/2011\/12\/29\/arts\/music\/adrienne-cooper-expert-on-yiddish-music-is-dead-at-65.html?_r=0\">New York Times<\/a>, December 28th 2011<\/p>\n<p>Listen to the <a href=\"https:\/\/www.iemj.org\/en\/hidden-sides-of-jewish-music-tribute-to-adrienne-cooper\/\">radio show tribute to Adrienne Cooper by H\u00e9l\u00e8ne Engel on her program Hidden sides of Jewish Music<\/a><\/p>\n<p><iframe src=\"https:\/\/archive.org\/embed\/AdrienneCooper28dec2010YiddishBookCenter_821\" width=\"640\" height=\"480\" frameborder=\"0\" allowfullscreen=\"allowfullscreen\"><\/iframe><\/p>\n<p><strong>Listen<\/strong> (excerpt) :<br \/>Adrienne Cooper performs \u201cDem Fideles Neshome\u201d (the soul of the little fidl), on the album Vaserl published by Yugntruf in 1978 to present new Yiddish songs from the young generation. The song is composed by Josh Waletzky with a poem by Shike Driz.<\/p>\n\n\n<h2 class=\"wp-block-heading\"><\/h2>\n\n\n<div class=\"wp-block-image\">\n<figure class=\"aligncenter size-large\"><img fetchpriority=\"high\" decoding=\"async\" width=\"1024\" height=\"133\" src=\"https:\/\/www.iemj.org\/wp-content\/uploads\/2024\/03\/AUDIO-PLAYER-1024x133.png\" alt=\"\" class=\"wp-image-110607\" srcset=\"https:\/\/www.iemj.org\/wp-content\/uploads\/2024\/03\/AUDIO-PLAYER-1024x133.png 1024w, https:\/\/www.iemj.org\/wp-content\/uploads\/2024\/03\/AUDIO-PLAYER-300x39.png 300w, https:\/\/www.iemj.org\/wp-content\/uploads\/2024\/03\/AUDIO-PLAYER-768x100.png 768w, https:\/\/www.iemj.org\/wp-content\/uploads\/2024\/03\/AUDIO-PLAYER-600x78.png 600w, https:\/\/www.iemj.org\/wp-content\/uploads\/2024\/03\/AUDIO-PLAYER.png 1210w\" sizes=\"(max-width: 1024px) 100vw, 1024px\" \/><\/figure>\n<\/div>\n\n\n<div class=\"wp-block-file\"><a id=\"wp-block-file--media-38e7d70d-01dc-471e-83ed-2f03008fb3a4\" href=\"https:\/\/www.iemj.org\/wp-content\/uploads\/2015\/09\/d33-30_310_05_t.mp3\">&#8220;Dem Fideles Neshome&#8221;<\/a><\/div>\n","protected":false},"excerpt":{"rendered":"<p>Adrienne Khana Cooper (September 1, 1946 &#8211; December 25, 2011) was a singer &#8211; one of the great Yiddish performer\u2019s of our time \u2013 and an activist. She played a<\/p>\n","protected":false},"author":1051,"featured_media":32077,"comment_status":"closed","ping_status":"open","sticky":false,"template":"","format":"standard","meta":{"_acf_changed":false,"footnotes":""},"categories":[903],"tags":[],"technique":[],"squelettes":[],"sujet":[],"formation":[],"genre":[1115],"fonds":[],"tradition":[],"type-de-contenu":[],"interprete-compositeur":[],"frise":[],"type-devenement":[],"tableaux-liens-externes":[],"class_list":["post-51589","post","type-post","status-publish","format-standard","has-post-thumbnail","hentry","category-biographies-en","genre-yiddish-en-2"],"acf":[],"yoast_head":"<!-- This site is optimized with the Yoast SEO plugin v27.3 - https:\/\/yoast.com\/product\/yoast-seo-wordpress\/ -->\n<title>Cooper, Adrienne (1946-2011) - Institut Europ\u00e9en des Musiques Juives<\/title>\n<meta name=\"robots\" content=\"index, follow, max-snippet:-1, max-image-preview:large, max-video-preview:-1\" \/>\n<link rel=\"canonical\" href=\"https:\/\/www.iemj.org\/en\/cooper-adrienne-1946-2011\/\" \/>\n<meta property=\"og:locale\" content=\"en_US\" \/>\n<meta property=\"og:type\" content=\"article\" \/>\n<meta property=\"og:title\" content=\"Cooper, Adrienne (1946-2011) - Institut Europ\u00e9en des Musiques Juives\" \/>\n<meta property=\"og:description\" content=\"Adrienne Khana Cooper (September 1, 1946 &#8211; December 25, 2011) was a singer &#8211; one of the great Yiddish performer\u2019s of our time \u2013 and an activist. She played a\" \/>\n<meta property=\"og:url\" content=\"https:\/\/www.iemj.org\/en\/cooper-adrienne-1946-2011\/\" \/>\n<meta property=\"og:site_name\" content=\"Institut Europ\u00e9en des Musiques Juives\" \/>\n<meta property=\"article:publisher\" content=\"https:\/\/www.facebook.com\/MusiquesJuives\/\" \/>\n<meta property=\"article:published_time\" content=\"2015-09-01T14:14:24+00:00\" \/>\n<meta property=\"article:modified_time\" content=\"2025-09-02T07:52:37+00:00\" \/>\n<meta property=\"og:image\" content=\"https:\/\/www.iemj.org\/wp-content\/uploads\/2015\/09\/Photo-Adrienne-Cooper-nv-site-IEMJ-e1624972485252.jpg\" \/>\n\t<meta property=\"og:image:width\" content=\"218\" \/>\n\t<meta property=\"og:image:height\" content=\"218\" \/>\n\t<meta property=\"og:image:type\" content=\"image\/jpeg\" \/>\n<meta name=\"author\" content=\"Eleonore Biezunski\" \/>\n<meta name=\"twitter:card\" content=\"summary_large_image\" \/>\n<meta name=\"twitter:label1\" content=\"Written by\" \/>\n\t<meta name=\"twitter:data1\" content=\"Eleonore Biezunski\" \/>\n\t<meta name=\"twitter:label2\" content=\"Est. reading time\" \/>\n\t<meta name=\"twitter:data2\" content=\"2 minutes\" \/>\n<script type=\"application\/ld+json\" class=\"yoast-schema-graph\">{\"@context\":\"https:\\\/\\\/schema.org\",\"@graph\":[{\"@type\":\"Article\",\"@id\":\"https:\\\/\\\/www.iemj.org\\\/en\\\/cooper-adrienne-1946-2011\\\/#article\",\"isPartOf\":{\"@id\":\"https:\\\/\\\/www.iemj.org\\\/en\\\/cooper-adrienne-1946-2011\\\/\"},\"author\":{\"name\":\"Eleonore Biezunski\",\"@id\":\"https:\\\/\\\/www.iemj.org\\\/en\\\/#\\\/schema\\\/person\\\/b642ef6ac700534beb3a478a1044fc58\"},\"headline\":\"Cooper, Adrienne (1946-2011)\",\"datePublished\":\"2015-09-01T14:14:24+00:00\",\"dateModified\":\"2025-09-02T07:52:37+00:00\",\"mainEntityOfPage\":{\"@id\":\"https:\\\/\\\/www.iemj.org\\\/en\\\/cooper-adrienne-1946-2011\\\/\"},\"wordCount\":220,\"publisher\":{\"@id\":\"https:\\\/\\\/www.iemj.org\\\/en\\\/#organization\"},\"image\":{\"@id\":\"https:\\\/\\\/www.iemj.org\\\/en\\\/cooper-adrienne-1946-2011\\\/#primaryimage\"},\"thumbnailUrl\":\"https:\\\/\\\/www.iemj.org\\\/wp-content\\\/uploads\\\/2015\\\/09\\\/Photo-Adrienne-Cooper-nv-site-IEMJ-e1624972485252.jpg\",\"articleSection\":[\"Biographies\"],\"inLanguage\":\"en-US\"},{\"@type\":\"WebPage\",\"@id\":\"https:\\\/\\\/www.iemj.org\\\/en\\\/cooper-adrienne-1946-2011\\\/\",\"url\":\"https:\\\/\\\/www.iemj.org\\\/en\\\/cooper-adrienne-1946-2011\\\/\",\"name\":\"Cooper, Adrienne (1946-2011) - Institut Europ\u00e9en des Musiques Juives\",\"isPartOf\":{\"@id\":\"https:\\\/\\\/www.iemj.org\\\/en\\\/#website\"},\"primaryImageOfPage\":{\"@id\":\"https:\\\/\\\/www.iemj.org\\\/en\\\/cooper-adrienne-1946-2011\\\/#primaryimage\"},\"image\":{\"@id\":\"https:\\\/\\\/www.iemj.org\\\/en\\\/cooper-adrienne-1946-2011\\\/#primaryimage\"},\"thumbnailUrl\":\"https:\\\/\\\/www.iemj.org\\\/wp-content\\\/uploads\\\/2015\\\/09\\\/Photo-Adrienne-Cooper-nv-site-IEMJ-e1624972485252.jpg\",\"datePublished\":\"2015-09-01T14:14:24+00:00\",\"dateModified\":\"2025-09-02T07:52:37+00:00\",\"breadcrumb\":{\"@id\":\"https:\\\/\\\/www.iemj.org\\\/en\\\/cooper-adrienne-1946-2011\\\/#breadcrumb\"},\"inLanguage\":\"en-US\",\"potentialAction\":[{\"@type\":\"ReadAction\",\"target\":[\"https:\\\/\\\/www.iemj.org\\\/en\\\/cooper-adrienne-1946-2011\\\/\"]}]},{\"@type\":\"ImageObject\",\"inLanguage\":\"en-US\",\"@id\":\"https:\\\/\\\/www.iemj.org\\\/en\\\/cooper-adrienne-1946-2011\\\/#primaryimage\",\"url\":\"https:\\\/\\\/www.iemj.org\\\/wp-content\\\/uploads\\\/2015\\\/09\\\/Photo-Adrienne-Cooper-nv-site-IEMJ-e1624972485252.jpg\",\"contentUrl\":\"https:\\\/\\\/www.iemj.org\\\/wp-content\\\/uploads\\\/2015\\\/09\\\/Photo-Adrienne-Cooper-nv-site-IEMJ-e1624972485252.jpg\",\"width\":218,\"height\":218,\"caption\":\"logo bio Adrienne Cooper\"},{\"@type\":\"BreadcrumbList\",\"@id\":\"https:\\\/\\\/www.iemj.org\\\/en\\\/cooper-adrienne-1946-2011\\\/#breadcrumb\",\"itemListElement\":[{\"@type\":\"ListItem\",\"position\":1,\"name\":\"Accueil\",\"item\":\"https:\\\/\\\/www.iemj.org\\\/en\\\/\"},{\"@type\":\"ListItem\",\"position\":2,\"name\":\"Cooper, Adrienne (1946-2011)\"}]},{\"@type\":\"WebSite\",\"@id\":\"https:\\\/\\\/www.iemj.org\\\/en\\\/#website\",\"url\":\"https:\\\/\\\/www.iemj.org\\\/en\\\/\",\"name\":\"Institut Europ\u00e9en des Musiques Juives\",\"description\":\"Des traditions musicales \u00e0 la port\u00e9e de tous\",\"publisher\":{\"@id\":\"https:\\\/\\\/www.iemj.org\\\/en\\\/#organization\"},\"potentialAction\":[{\"@type\":\"SearchAction\",\"target\":{\"@type\":\"EntryPoint\",\"urlTemplate\":\"https:\\\/\\\/www.iemj.org\\\/en\\\/?s={search_term_string}\"},\"query-input\":{\"@type\":\"PropertyValueSpecification\",\"valueRequired\":true,\"valueName\":\"search_term_string\"}}],\"inLanguage\":\"en-US\"},{\"@type\":\"Organization\",\"@id\":\"https:\\\/\\\/www.iemj.org\\\/en\\\/#organization\",\"name\":\"Institut Europ\u00e9en des Musiques Juives\",\"url\":\"https:\\\/\\\/www.iemj.org\\\/en\\\/\",\"logo\":{\"@type\":\"ImageObject\",\"inLanguage\":\"en-US\",\"@id\":\"https:\\\/\\\/www.iemj.org\\\/en\\\/#\\\/schema\\\/logo\\\/image\\\/\",\"url\":\"https:\\\/\\\/www.iemj.org\\\/wp-content\\\/uploads\\\/2021\\\/09\\\/Logo-IEMJ-Paypal.jpg\",\"contentUrl\":\"https:\\\/\\\/www.iemj.org\\\/wp-content\\\/uploads\\\/2021\\\/09\\\/Logo-IEMJ-Paypal.jpg\",\"width\":150,\"height\":50,\"caption\":\"Institut Europ\u00e9en des Musiques Juives\"},\"image\":{\"@id\":\"https:\\\/\\\/www.iemj.org\\\/en\\\/#\\\/schema\\\/logo\\\/image\\\/\"},\"sameAs\":[\"https:\\\/\\\/www.facebook.com\\\/MusiquesJuives\\\/\",\"https:\\\/\\\/www.instagram.com\\\/musiquesjuives\\\/\",\"https:\\\/\\\/www.youtube.com\\\/user\\\/musiquesjuives\"]},{\"@type\":\"Person\",\"@id\":\"https:\\\/\\\/www.iemj.org\\\/en\\\/#\\\/schema\\\/person\\\/b642ef6ac700534beb3a478a1044fc58\",\"name\":\"Eleonore Biezunski\",\"image\":{\"@type\":\"ImageObject\",\"inLanguage\":\"en-US\",\"@id\":\"https:\\\/\\\/secure.gravatar.com\\\/avatar\\\/23ebe6af626286145e05768bed85e683b6fb680909f71fae7052aa52346a660a?s=96&d=mm&r=g\",\"url\":\"https:\\\/\\\/secure.gravatar.com\\\/avatar\\\/23ebe6af626286145e05768bed85e683b6fb680909f71fae7052aa52346a660a?s=96&d=mm&r=g\",\"contentUrl\":\"https:\\\/\\\/secure.gravatar.com\\\/avatar\\\/23ebe6af626286145e05768bed85e683b6fb680909f71fae7052aa52346a660a?s=96&d=mm&r=g\",\"caption\":\"Eleonore Biezunski\"}}]}<\/script>\n<!-- \/ Yoast SEO plugin. -->","yoast_head_json":{"title":"Cooper, Adrienne (1946-2011) - Institut Europ\u00e9en des Musiques Juives","robots":{"index":"index","follow":"follow","max-snippet":"max-snippet:-1","max-image-preview":"max-image-preview:large","max-video-preview":"max-video-preview:-1"},"canonical":"https:\/\/www.iemj.org\/en\/cooper-adrienne-1946-2011\/","og_locale":"en_US","og_type":"article","og_title":"Cooper, Adrienne (1946-2011) - Institut Europ\u00e9en des Musiques Juives","og_description":"Adrienne Khana Cooper (September 1, 1946 &#8211; December 25, 2011) was a singer &#8211; one of the great Yiddish performer\u2019s of our time \u2013 and an activist. She played a","og_url":"https:\/\/www.iemj.org\/en\/cooper-adrienne-1946-2011\/","og_site_name":"Institut Europ\u00e9en des Musiques Juives","article_publisher":"https:\/\/www.facebook.com\/MusiquesJuives\/","article_published_time":"2015-09-01T14:14:24+00:00","article_modified_time":"2025-09-02T07:52:37+00:00","og_image":[{"width":218,"height":218,"url":"https:\/\/www.iemj.org\/wp-content\/uploads\/2015\/09\/Photo-Adrienne-Cooper-nv-site-IEMJ-e1624972485252.jpg","type":"image\/jpeg"}],"author":"Eleonore Biezunski","twitter_card":"summary_large_image","twitter_misc":{"Written by":"Eleonore Biezunski","Est. reading time":"2 minutes"},"schema":{"@context":"https:\/\/schema.org","@graph":[{"@type":"Article","@id":"https:\/\/www.iemj.org\/en\/cooper-adrienne-1946-2011\/#article","isPartOf":{"@id":"https:\/\/www.iemj.org\/en\/cooper-adrienne-1946-2011\/"},"author":{"name":"Eleonore Biezunski","@id":"https:\/\/www.iemj.org\/en\/#\/schema\/person\/b642ef6ac700534beb3a478a1044fc58"},"headline":"Cooper, Adrienne (1946-2011)","datePublished":"2015-09-01T14:14:24+00:00","dateModified":"2025-09-02T07:52:37+00:00","mainEntityOfPage":{"@id":"https:\/\/www.iemj.org\/en\/cooper-adrienne-1946-2011\/"},"wordCount":220,"publisher":{"@id":"https:\/\/www.iemj.org\/en\/#organization"},"image":{"@id":"https:\/\/www.iemj.org\/en\/cooper-adrienne-1946-2011\/#primaryimage"},"thumbnailUrl":"https:\/\/www.iemj.org\/wp-content\/uploads\/2015\/09\/Photo-Adrienne-Cooper-nv-site-IEMJ-e1624972485252.jpg","articleSection":["Biographies"],"inLanguage":"en-US"},{"@type":"WebPage","@id":"https:\/\/www.iemj.org\/en\/cooper-adrienne-1946-2011\/","url":"https:\/\/www.iemj.org\/en\/cooper-adrienne-1946-2011\/","name":"Cooper, Adrienne (1946-2011) - Institut Europ\u00e9en des Musiques Juives","isPartOf":{"@id":"https:\/\/www.iemj.org\/en\/#website"},"primaryImageOfPage":{"@id":"https:\/\/www.iemj.org\/en\/cooper-adrienne-1946-2011\/#primaryimage"},"image":{"@id":"https:\/\/www.iemj.org\/en\/cooper-adrienne-1946-2011\/#primaryimage"},"thumbnailUrl":"https:\/\/www.iemj.org\/wp-content\/uploads\/2015\/09\/Photo-Adrienne-Cooper-nv-site-IEMJ-e1624972485252.jpg","datePublished":"2015-09-01T14:14:24+00:00","dateModified":"2025-09-02T07:52:37+00:00","breadcrumb":{"@id":"https:\/\/www.iemj.org\/en\/cooper-adrienne-1946-2011\/#breadcrumb"},"inLanguage":"en-US","potentialAction":[{"@type":"ReadAction","target":["https:\/\/www.iemj.org\/en\/cooper-adrienne-1946-2011\/"]}]},{"@type":"ImageObject","inLanguage":"en-US","@id":"https:\/\/www.iemj.org\/en\/cooper-adrienne-1946-2011\/#primaryimage","url":"https:\/\/www.iemj.org\/wp-content\/uploads\/2015\/09\/Photo-Adrienne-Cooper-nv-site-IEMJ-e1624972485252.jpg","contentUrl":"https:\/\/www.iemj.org\/wp-content\/uploads\/2015\/09\/Photo-Adrienne-Cooper-nv-site-IEMJ-e1624972485252.jpg","width":218,"height":218,"caption":"logo bio Adrienne Cooper"},{"@type":"BreadcrumbList","@id":"https:\/\/www.iemj.org\/en\/cooper-adrienne-1946-2011\/#breadcrumb","itemListElement":[{"@type":"ListItem","position":1,"name":"Accueil","item":"https:\/\/www.iemj.org\/en\/"},{"@type":"ListItem","position":2,"name":"Cooper, Adrienne (1946-2011)"}]},{"@type":"WebSite","@id":"https:\/\/www.iemj.org\/en\/#website","url":"https:\/\/www.iemj.org\/en\/","name":"Institut Europ\u00e9en des Musiques Juives","description":"Des traditions musicales \u00e0 la port\u00e9e de tous","publisher":{"@id":"https:\/\/www.iemj.org\/en\/#organization"},"potentialAction":[{"@type":"SearchAction","target":{"@type":"EntryPoint","urlTemplate":"https:\/\/www.iemj.org\/en\/?s={search_term_string}"},"query-input":{"@type":"PropertyValueSpecification","valueRequired":true,"valueName":"search_term_string"}}],"inLanguage":"en-US"},{"@type":"Organization","@id":"https:\/\/www.iemj.org\/en\/#organization","name":"Institut Europ\u00e9en des Musiques Juives","url":"https:\/\/www.iemj.org\/en\/","logo":{"@type":"ImageObject","inLanguage":"en-US","@id":"https:\/\/www.iemj.org\/en\/#\/schema\/logo\/image\/","url":"https:\/\/www.iemj.org\/wp-content\/uploads\/2021\/09\/Logo-IEMJ-Paypal.jpg","contentUrl":"https:\/\/www.iemj.org\/wp-content\/uploads\/2021\/09\/Logo-IEMJ-Paypal.jpg","width":150,"height":50,"caption":"Institut Europ\u00e9en des Musiques Juives"},"image":{"@id":"https:\/\/www.iemj.org\/en\/#\/schema\/logo\/image\/"},"sameAs":["https:\/\/www.facebook.com\/MusiquesJuives\/","https:\/\/www.instagram.com\/musiquesjuives\/","https:\/\/www.youtube.com\/user\/musiquesjuives"]},{"@type":"Person","@id":"https:\/\/www.iemj.org\/en\/#\/schema\/person\/b642ef6ac700534beb3a478a1044fc58","name":"Eleonore Biezunski","image":{"@type":"ImageObject","inLanguage":"en-US","@id":"https:\/\/secure.gravatar.com\/avatar\/23ebe6af626286145e05768bed85e683b6fb680909f71fae7052aa52346a660a?s=96&d=mm&r=g","url":"https:\/\/secure.gravatar.com\/avatar\/23ebe6af626286145e05768bed85e683b6fb680909f71fae7052aa52346a660a?s=96&d=mm&r=g","contentUrl":"https:\/\/secure.gravatar.com\/avatar\/23ebe6af626286145e05768bed85e683b6fb680909f71fae7052aa52346a660a?s=96&d=mm&r=g","caption":"Eleonore Biezunski"}}]}},"_links":{"self":[{"href":"https:\/\/www.iemj.org\/en\/wp-json\/wp\/v2\/posts\/51589","targetHints":{"allow":["GET"]}}],"collection":[{"href":"https:\/\/www.iemj.org\/en\/wp-json\/wp\/v2\/posts"}],"about":[{"href":"https:\/\/www.iemj.org\/en\/wp-json\/wp\/v2\/types\/post"}],"author":[{"embeddable":true,"href":"https:\/\/www.iemj.org\/en\/wp-json\/wp\/v2\/users\/1051"}],"replies":[{"embeddable":true,"href":"https:\/\/www.iemj.org\/en\/wp-json\/wp\/v2\/comments?post=51589"}],"version-history":[{"count":0,"href":"https:\/\/www.iemj.org\/en\/wp-json\/wp\/v2\/posts\/51589\/revisions"}],"wp:featuredmedia":[{"embeddable":true,"href":"https:\/\/www.iemj.org\/en\/wp-json\/wp\/v2\/media\/32077"}],"wp:attachment":[{"href":"https:\/\/www.iemj.org\/en\/wp-json\/wp\/v2\/media?parent=51589"}],"wp:term":[{"taxonomy":"category","embeddable":true,"href":"https:\/\/www.iemj.org\/en\/wp-json\/wp\/v2\/categories?post=51589"},{"taxonomy":"post_tag","embeddable":true,"href":"https:\/\/www.iemj.org\/en\/wp-json\/wp\/v2\/tags?post=51589"},{"taxonomy":"technique","embeddable":true,"href":"https:\/\/www.iemj.org\/en\/wp-json\/wp\/v2\/technique?post=51589"},{"taxonomy":"squelettes","embeddable":true,"href":"https:\/\/www.iemj.org\/en\/wp-json\/wp\/v2\/squelettes?post=51589"},{"taxonomy":"sujet","embeddable":true,"href":"https:\/\/www.iemj.org\/en\/wp-json\/wp\/v2\/sujet?post=51589"},{"taxonomy":"formation","embeddable":true,"href":"https:\/\/www.iemj.org\/en\/wp-json\/wp\/v2\/formation?post=51589"},{"taxonomy":"genre","embeddable":true,"href":"https:\/\/www.iemj.org\/en\/wp-json\/wp\/v2\/genre?post=51589"},{"taxonomy":"fonds","embeddable":true,"href":"https:\/\/www.iemj.org\/en\/wp-json\/wp\/v2\/fonds?post=51589"},{"taxonomy":"tradition","embeddable":true,"href":"https:\/\/www.iemj.org\/en\/wp-json\/wp\/v2\/tradition?post=51589"},{"taxonomy":"type-de-contenu","embeddable":true,"href":"https:\/\/www.iemj.org\/en\/wp-json\/wp\/v2\/type-de-contenu?post=51589"},{"taxonomy":"interprete-compositeur","embeddable":true,"href":"https:\/\/www.iemj.org\/en\/wp-json\/wp\/v2\/interprete-compositeur?post=51589"},{"taxonomy":"frise","embeddable":true,"href":"https:\/\/www.iemj.org\/en\/wp-json\/wp\/v2\/frise?post=51589"},{"taxonomy":"type-devenement","embeddable":true,"href":"https:\/\/www.iemj.org\/en\/wp-json\/wp\/v2\/type-devenement?post=51589"},{"taxonomy":"tableaux-liens-externes","embeddable":true,"href":"https:\/\/www.iemj.org\/en\/wp-json\/wp\/v2\/tableaux-liens-externes?post=51589"}],"curies":[{"name":"wp","href":"https:\/\/api.w.org\/{rel}","templated":true}]}}