{"id":51601,"date":"2016-06-28T15:54:21","date_gmt":"2016-06-28T13:54:21","guid":{"rendered":"https:\/\/www.iemj.org\/cuniot-denis-1953\/"},"modified":"2022-09-21T14:50:12","modified_gmt":"2022-09-21T12:50:12","slug":"cuniot-denis-1953","status":"publish","type":"post","link":"https:\/\/www.iemj.org\/en\/cuniot-denis-1953\/","title":{"rendered":"Cuniot, Denis (1953)"},"content":{"rendered":"<p>With a solid background in classical music, <strong>Denis Cuniot<\/strong> is at the same time a music teacher, a director of a music conservatory, and a pianist of jazz and improvised music.<\/p>\n<p>From 1983 on, with his encounter with <strong><a href=\"https:\/\/fr.wikipedia.org\/wiki\/Nano_Peylet\">Nano Peylet<\/a><\/strong> (clarinet player in the band <strong>Bratsch<\/strong>), he became one of the main initiators of the revival and recognition of klezmer music in France.<\/p>\n<p>Yiddish was the mother tongue of his mother, <strong>Bluma M\u00e9l\u00e9lat<\/strong>, born in Warsaw in 1929. But she did not pass the language on to her son, as she wished for him to be integrated and assimilated. She needed to leave her pains far away, particularly the fact of having been a hidden child, and the killing of almost all her family. We can then ask ourselves if it\u2019s not the absence of transmission that pushed <strong>Denis Cuniot<\/strong> towards the path of klezmer music (\u201cKli-Zemer\u201d, literally instrument of the voice, of the singing), in order to compensate for this absence. A music for people to hear Yiddish, without pronouncing it&#8230;<\/p>\n<p><span style=\"font-size: large;\"><strong>Main contributions to klezmer music and Yiddish musical culture<\/strong><\/span><\/p>\n<p>In 1984, he created with Nano a musical show <em>Notes de voyages, Voyages de notes<\/em> based on a story of <strong>Chelm<\/strong> : <em>When Shlemiel goes to Warsaw<\/em>, known also under the name <em>Gueitzel le curieux<\/em>. With this story, he discovered the genius of Yiddish literature, and met several Yiddish teachers in order to get the translation.<\/p>\n<p>After the recording of three albums, with his Peylet-Cuniot duo: <em>Musique des Klezmorim et de leurs descendants<\/em>, <em>Musique Klezmer d\u2019hier et de demain<\/em> and <em>L\u2019Amour des Niguns<\/em>, Denis Cuniot took part in the recording of another disc: <em>Nano Peylet and friends<\/em>, in 1993, gathering several duos around Nano Peylet.<\/p>\n<p>In 1995, <strong>Denis Cuniot<\/strong> created with <strong>Philippe Briegh<\/strong> the band <strong>Orient Express Moving Schnorers<\/strong>, and recorded the first disc of this ensemble: <em>Les lendemains de la veille<\/em>, in 1996.<\/p>\n<p>After leaving this band in 1998, he created <em>Les rendez-vous au m\u00e9tro Saint Paul<\/em>, based on the short stories by <strong>Cyrille Fleischman<\/strong>, a solo performance where he was a storyteller and a piano player.<\/p>\n<p>In 2000, with the young virtuoso clarinet player <strong>Yomguih<\/strong> (or <strong>Yom<\/strong>) he created a duo and recorded the disc <em>The Golem on the Moon<\/em>.<\/p>\n<p>One can notice also that in 2005, he took part in the creation of the <strong>Klezmer Brass Band of Ile de France Region<\/strong> gathering more than 40 musicians, amateurs and pros. The repertoire was conposed of klezmer music and Yiddish songs.<\/p>\n<p>In 2007, his disc <em>Confidentiel Klezmer<\/em> received a great success from the public and the press.<\/p>\n<p>From 2008 to 2011, he participated to <strong>Yom<\/strong>\u2019s project, <em>New King of Klezmer Clarinet<\/em>.<\/p>\n<p>With Bruno Girard in 2008, he created the duo <strong>YAT<\/strong>, <strong>Yiddish Atmospheric Touch<\/strong>, which was dedicated to Yiddish songs. Their first CD <em>Mir Geyen<\/em> in which we can hear the song <em>Brooklyn by the sea<\/em> by <strong>Mort Shuman<\/strong>, translated in Yiddish, was released in 2011.<\/p>\n<p>In 2012 he released his second solo disc, <em>Perpetuel Klezmer<\/em>.<\/p>\n<p>In 2013, he created a duo with <strong>David Konopnicki<\/strong> on electric guitars, and paid tribute to todays composers of klezmer music, in particular in France and the United States.<\/p>\n<p>In 2014, to celebrate his 30 years of involvement with Yiddish culture and klezmer music, he performed a 6 hour long concert: the <em>R\u00e2ga Klezmer<\/em> featuring a repertoire that spanned two centuries of klezmer music.<\/p>\n<p>In 2016, he received the <strong>Max Cukierman Prize<\/strong> for his contribution in Yiddish culture<\/p>\n<p>In 2017, for the 3rd gala concert of the European Institute of Jewish Music, he created the show <a href=\"https:\/\/www.iemj.org\/en\/gala-concert-of-the-european-institute-for-jewish-music-3rd-edition\/\">Klezmer Trans&#8217;Africaine<\/a> which brings African and klezmer music together, based on dance, spirituality and transe.<\/p>\n<p><a href=\"http:\/\/www.deniscuniot.fr\/\">Denis Cuniot&#8217;s website<\/a><\/p>\n<p><a href=\"http:\/\/www.rachelnet.net\/F\/?func=find-c&amp;ccl_term=WRD+%3D+Denis+Cuniot&amp;local_base=iemcg\" target=\"_blank\" rel=\"noopener\">Browse our archives on Denis Cuniot<\/a><\/p>\n","protected":false},"excerpt":{"rendered":"<p>With a solid background in classical music, Denis Cuniot is at the same time a music teacher, a director of a music conservatory, and a pianist of jazz and improvised<\/p>\n","protected":false},"author":5,"featured_media":11290,"comment_status":"closed","ping_status":"open","sticky":false,"template":"","format":"standard","meta":{"_acf_changed":false,"footnotes":""},"categories":[903],"tags":[],"technique":[],"squelettes":[],"sujet":[],"formation":[],"genre":[1113],"fonds":[],"tradition":[],"type-de-contenu":[],"interprete-compositeur":[3139],"frise":[],"type-devenement":[],"tableaux-liens-externes":[],"class_list":["post-51601","post","type-post","status-publish","format-standard","has-post-thumbnail","hentry","category-biographies-en","genre-klezmer-en","interprete-compositeur-denis-cuniot-en"],"acf":[],"yoast_head":"<!-- This site is optimized with the Yoast SEO plugin v27.3 - https:\/\/yoast.com\/product\/yoast-seo-wordpress\/ -->\n<title>Cuniot, Denis (1953) - Institut Europ\u00e9en des Musiques Juives<\/title>\n<meta name=\"robots\" content=\"index, follow, max-snippet:-1, max-image-preview:large, max-video-preview:-1\" \/>\n<link rel=\"canonical\" href=\"https:\/\/www.iemj.org\/en\/cuniot-denis-1953\/\" \/>\n<meta property=\"og:locale\" content=\"en_US\" \/>\n<meta property=\"og:type\" content=\"article\" \/>\n<meta property=\"og:title\" content=\"Cuniot, Denis (1953) - Institut Europ\u00e9en des Musiques Juives\" \/>\n<meta property=\"og:description\" content=\"With a solid background in classical music, Denis Cuniot is at the same time a music teacher, a director of a music conservatory, and a pianist of jazz and improvised\" \/>\n<meta property=\"og:url\" content=\"https:\/\/www.iemj.org\/en\/cuniot-denis-1953\/\" \/>\n<meta property=\"og:site_name\" content=\"Institut Europ\u00e9en des Musiques Juives\" \/>\n<meta property=\"article:publisher\" content=\"https:\/\/www.facebook.com\/MusiquesJuives\/\" \/>\n<meta property=\"article:published_time\" content=\"2016-06-28T13:54:21+00:00\" \/>\n<meta property=\"article:modified_time\" content=\"2022-09-21T12:50:12+00:00\" \/>\n<meta property=\"og:image\" content=\"https:\/\/www.iemj.org\/wp-content\/uploads\/2016\/06\/arton1799-e1624972888737.jpg\" \/>\n\t<meta property=\"og:image:width\" content=\"218\" \/>\n\t<meta property=\"og:image:height\" content=\"218\" \/>\n\t<meta property=\"og:image:type\" content=\"image\/jpeg\" \/>\n<meta name=\"author\" content=\"Jacqueline ROTEN\" \/>\n<meta name=\"twitter:card\" content=\"summary_large_image\" \/>\n<meta name=\"twitter:label1\" content=\"Written by\" \/>\n\t<meta name=\"twitter:data1\" content=\"Jacqueline ROTEN\" \/>\n\t<meta name=\"twitter:label2\" content=\"Est. reading time\" \/>\n\t<meta name=\"twitter:data2\" content=\"4 minutes\" \/>\n<script type=\"application\/ld+json\" class=\"yoast-schema-graph\">{\"@context\":\"https:\\\/\\\/schema.org\",\"@graph\":[{\"@type\":\"Article\",\"@id\":\"https:\\\/\\\/www.iemj.org\\\/en\\\/cuniot-denis-1953\\\/#article\",\"isPartOf\":{\"@id\":\"https:\\\/\\\/www.iemj.org\\\/en\\\/cuniot-denis-1953\\\/\"},\"author\":{\"name\":\"Jacqueline ROTEN\",\"@id\":\"https:\\\/\\\/www.iemj.org\\\/en\\\/#\\\/schema\\\/person\\\/358e26c18aca017fcc4cc15437f7279c\"},\"headline\":\"Cuniot, Denis (1953)\",\"datePublished\":\"2016-06-28T13:54:21+00:00\",\"dateModified\":\"2022-09-21T12:50:12+00:00\",\"mainEntityOfPage\":{\"@id\":\"https:\\\/\\\/www.iemj.org\\\/en\\\/cuniot-denis-1953\\\/\"},\"wordCount\":608,\"publisher\":{\"@id\":\"https:\\\/\\\/www.iemj.org\\\/en\\\/#organization\"},\"image\":{\"@id\":\"https:\\\/\\\/www.iemj.org\\\/en\\\/cuniot-denis-1953\\\/#primaryimage\"},\"thumbnailUrl\":\"https:\\\/\\\/www.iemj.org\\\/wp-content\\\/uploads\\\/2016\\\/06\\\/arton1799-e1624972888737.jpg\",\"articleSection\":[\"Biographies\"],\"inLanguage\":\"en-US\"},{\"@type\":\"WebPage\",\"@id\":\"https:\\\/\\\/www.iemj.org\\\/en\\\/cuniot-denis-1953\\\/\",\"url\":\"https:\\\/\\\/www.iemj.org\\\/en\\\/cuniot-denis-1953\\\/\",\"name\":\"Cuniot, Denis (1953) - Institut Europ\u00e9en des Musiques Juives\",\"isPartOf\":{\"@id\":\"https:\\\/\\\/www.iemj.org\\\/en\\\/#website\"},\"primaryImageOfPage\":{\"@id\":\"https:\\\/\\\/www.iemj.org\\\/en\\\/cuniot-denis-1953\\\/#primaryimage\"},\"image\":{\"@id\":\"https:\\\/\\\/www.iemj.org\\\/en\\\/cuniot-denis-1953\\\/#primaryimage\"},\"thumbnailUrl\":\"https:\\\/\\\/www.iemj.org\\\/wp-content\\\/uploads\\\/2016\\\/06\\\/arton1799-e1624972888737.jpg\",\"datePublished\":\"2016-06-28T13:54:21+00:00\",\"dateModified\":\"2022-09-21T12:50:12+00:00\",\"breadcrumb\":{\"@id\":\"https:\\\/\\\/www.iemj.org\\\/en\\\/cuniot-denis-1953\\\/#breadcrumb\"},\"inLanguage\":\"en-US\",\"potentialAction\":[{\"@type\":\"ReadAction\",\"target\":[\"https:\\\/\\\/www.iemj.org\\\/en\\\/cuniot-denis-1953\\\/\"]}]},{\"@type\":\"ImageObject\",\"inLanguage\":\"en-US\",\"@id\":\"https:\\\/\\\/www.iemj.org\\\/en\\\/cuniot-denis-1953\\\/#primaryimage\",\"url\":\"https:\\\/\\\/www.iemj.org\\\/wp-content\\\/uploads\\\/2016\\\/06\\\/arton1799-e1624972888737.jpg\",\"contentUrl\":\"https:\\\/\\\/www.iemj.org\\\/wp-content\\\/uploads\\\/2016\\\/06\\\/arton1799-e1624972888737.jpg\",\"width\":218,\"height\":218,\"caption\":\"logo bio Denis Cuniot\"},{\"@type\":\"BreadcrumbList\",\"@id\":\"https:\\\/\\\/www.iemj.org\\\/en\\\/cuniot-denis-1953\\\/#breadcrumb\",\"itemListElement\":[{\"@type\":\"ListItem\",\"position\":1,\"name\":\"Accueil\",\"item\":\"https:\\\/\\\/www.iemj.org\\\/en\\\/\"},{\"@type\":\"ListItem\",\"position\":2,\"name\":\"Cuniot, Denis (1953)\"}]},{\"@type\":\"WebSite\",\"@id\":\"https:\\\/\\\/www.iemj.org\\\/en\\\/#website\",\"url\":\"https:\\\/\\\/www.iemj.org\\\/en\\\/\",\"name\":\"Institut Europ\u00e9en des Musiques Juives\",\"description\":\"Des traditions musicales \u00e0 la port\u00e9e de tous\",\"publisher\":{\"@id\":\"https:\\\/\\\/www.iemj.org\\\/en\\\/#organization\"},\"potentialAction\":[{\"@type\":\"SearchAction\",\"target\":{\"@type\":\"EntryPoint\",\"urlTemplate\":\"https:\\\/\\\/www.iemj.org\\\/en\\\/?s={search_term_string}\"},\"query-input\":{\"@type\":\"PropertyValueSpecification\",\"valueRequired\":true,\"valueName\":\"search_term_string\"}}],\"inLanguage\":\"en-US\"},{\"@type\":\"Organization\",\"@id\":\"https:\\\/\\\/www.iemj.org\\\/en\\\/#organization\",\"name\":\"Institut Europ\u00e9en des Musiques Juives\",\"url\":\"https:\\\/\\\/www.iemj.org\\\/en\\\/\",\"logo\":{\"@type\":\"ImageObject\",\"inLanguage\":\"en-US\",\"@id\":\"https:\\\/\\\/www.iemj.org\\\/en\\\/#\\\/schema\\\/logo\\\/image\\\/\",\"url\":\"https:\\\/\\\/www.iemj.org\\\/wp-content\\\/uploads\\\/2021\\\/09\\\/Logo-IEMJ-Paypal.jpg\",\"contentUrl\":\"https:\\\/\\\/www.iemj.org\\\/wp-content\\\/uploads\\\/2021\\\/09\\\/Logo-IEMJ-Paypal.jpg\",\"width\":150,\"height\":50,\"caption\":\"Institut Europ\u00e9en des Musiques Juives\"},\"image\":{\"@id\":\"https:\\\/\\\/www.iemj.org\\\/en\\\/#\\\/schema\\\/logo\\\/image\\\/\"},\"sameAs\":[\"https:\\\/\\\/www.facebook.com\\\/MusiquesJuives\\\/\",\"https:\\\/\\\/www.instagram.com\\\/musiquesjuives\\\/\",\"https:\\\/\\\/www.youtube.com\\\/user\\\/musiquesjuives\"]},{\"@type\":\"Person\",\"@id\":\"https:\\\/\\\/www.iemj.org\\\/en\\\/#\\\/schema\\\/person\\\/358e26c18aca017fcc4cc15437f7279c\",\"name\":\"Jacqueline ROTEN\",\"image\":{\"@type\":\"ImageObject\",\"inLanguage\":\"en-US\",\"@id\":\"https:\\\/\\\/secure.gravatar.com\\\/avatar\\\/5964256d6c6957de3a3505278957e0fb2a35119ac47ea41827a65301213c810b?s=96&d=mm&r=g\",\"url\":\"https:\\\/\\\/secure.gravatar.com\\\/avatar\\\/5964256d6c6957de3a3505278957e0fb2a35119ac47ea41827a65301213c810b?s=96&d=mm&r=g\",\"contentUrl\":\"https:\\\/\\\/secure.gravatar.com\\\/avatar\\\/5964256d6c6957de3a3505278957e0fb2a35119ac47ea41827a65301213c810b?s=96&d=mm&r=g\",\"caption\":\"Jacqueline ROTEN\"}}]}<\/script>\n<!-- \/ Yoast SEO plugin. -->","yoast_head_json":{"title":"Cuniot, Denis (1953) - Institut Europ\u00e9en des Musiques Juives","robots":{"index":"index","follow":"follow","max-snippet":"max-snippet:-1","max-image-preview":"max-image-preview:large","max-video-preview":"max-video-preview:-1"},"canonical":"https:\/\/www.iemj.org\/en\/cuniot-denis-1953\/","og_locale":"en_US","og_type":"article","og_title":"Cuniot, Denis (1953) - Institut Europ\u00e9en des Musiques Juives","og_description":"With a solid background in classical music, Denis Cuniot is at the same time a music teacher, a director of a music conservatory, and a pianist of jazz and improvised","og_url":"https:\/\/www.iemj.org\/en\/cuniot-denis-1953\/","og_site_name":"Institut Europ\u00e9en des Musiques Juives","article_publisher":"https:\/\/www.facebook.com\/MusiquesJuives\/","article_published_time":"2016-06-28T13:54:21+00:00","article_modified_time":"2022-09-21T12:50:12+00:00","og_image":[{"width":218,"height":218,"url":"https:\/\/www.iemj.org\/wp-content\/uploads\/2016\/06\/arton1799-e1624972888737.jpg","type":"image\/jpeg"}],"author":"Jacqueline ROTEN","twitter_card":"summary_large_image","twitter_misc":{"Written by":"Jacqueline ROTEN","Est. reading time":"4 minutes"},"schema":{"@context":"https:\/\/schema.org","@graph":[{"@type":"Article","@id":"https:\/\/www.iemj.org\/en\/cuniot-denis-1953\/#article","isPartOf":{"@id":"https:\/\/www.iemj.org\/en\/cuniot-denis-1953\/"},"author":{"name":"Jacqueline ROTEN","@id":"https:\/\/www.iemj.org\/en\/#\/schema\/person\/358e26c18aca017fcc4cc15437f7279c"},"headline":"Cuniot, Denis (1953)","datePublished":"2016-06-28T13:54:21+00:00","dateModified":"2022-09-21T12:50:12+00:00","mainEntityOfPage":{"@id":"https:\/\/www.iemj.org\/en\/cuniot-denis-1953\/"},"wordCount":608,"publisher":{"@id":"https:\/\/www.iemj.org\/en\/#organization"},"image":{"@id":"https:\/\/www.iemj.org\/en\/cuniot-denis-1953\/#primaryimage"},"thumbnailUrl":"https:\/\/www.iemj.org\/wp-content\/uploads\/2016\/06\/arton1799-e1624972888737.jpg","articleSection":["Biographies"],"inLanguage":"en-US"},{"@type":"WebPage","@id":"https:\/\/www.iemj.org\/en\/cuniot-denis-1953\/","url":"https:\/\/www.iemj.org\/en\/cuniot-denis-1953\/","name":"Cuniot, Denis (1953) - Institut Europ\u00e9en des Musiques Juives","isPartOf":{"@id":"https:\/\/www.iemj.org\/en\/#website"},"primaryImageOfPage":{"@id":"https:\/\/www.iemj.org\/en\/cuniot-denis-1953\/#primaryimage"},"image":{"@id":"https:\/\/www.iemj.org\/en\/cuniot-denis-1953\/#primaryimage"},"thumbnailUrl":"https:\/\/www.iemj.org\/wp-content\/uploads\/2016\/06\/arton1799-e1624972888737.jpg","datePublished":"2016-06-28T13:54:21+00:00","dateModified":"2022-09-21T12:50:12+00:00","breadcrumb":{"@id":"https:\/\/www.iemj.org\/en\/cuniot-denis-1953\/#breadcrumb"},"inLanguage":"en-US","potentialAction":[{"@type":"ReadAction","target":["https:\/\/www.iemj.org\/en\/cuniot-denis-1953\/"]}]},{"@type":"ImageObject","inLanguage":"en-US","@id":"https:\/\/www.iemj.org\/en\/cuniot-denis-1953\/#primaryimage","url":"https:\/\/www.iemj.org\/wp-content\/uploads\/2016\/06\/arton1799-e1624972888737.jpg","contentUrl":"https:\/\/www.iemj.org\/wp-content\/uploads\/2016\/06\/arton1799-e1624972888737.jpg","width":218,"height":218,"caption":"logo bio Denis Cuniot"},{"@type":"BreadcrumbList","@id":"https:\/\/www.iemj.org\/en\/cuniot-denis-1953\/#breadcrumb","itemListElement":[{"@type":"ListItem","position":1,"name":"Accueil","item":"https:\/\/www.iemj.org\/en\/"},{"@type":"ListItem","position":2,"name":"Cuniot, Denis (1953)"}]},{"@type":"WebSite","@id":"https:\/\/www.iemj.org\/en\/#website","url":"https:\/\/www.iemj.org\/en\/","name":"Institut Europ\u00e9en des Musiques Juives","description":"Des traditions musicales \u00e0 la port\u00e9e de tous","publisher":{"@id":"https:\/\/www.iemj.org\/en\/#organization"},"potentialAction":[{"@type":"SearchAction","target":{"@type":"EntryPoint","urlTemplate":"https:\/\/www.iemj.org\/en\/?s={search_term_string}"},"query-input":{"@type":"PropertyValueSpecification","valueRequired":true,"valueName":"search_term_string"}}],"inLanguage":"en-US"},{"@type":"Organization","@id":"https:\/\/www.iemj.org\/en\/#organization","name":"Institut Europ\u00e9en des Musiques Juives","url":"https:\/\/www.iemj.org\/en\/","logo":{"@type":"ImageObject","inLanguage":"en-US","@id":"https:\/\/www.iemj.org\/en\/#\/schema\/logo\/image\/","url":"https:\/\/www.iemj.org\/wp-content\/uploads\/2021\/09\/Logo-IEMJ-Paypal.jpg","contentUrl":"https:\/\/www.iemj.org\/wp-content\/uploads\/2021\/09\/Logo-IEMJ-Paypal.jpg","width":150,"height":50,"caption":"Institut Europ\u00e9en des Musiques Juives"},"image":{"@id":"https:\/\/www.iemj.org\/en\/#\/schema\/logo\/image\/"},"sameAs":["https:\/\/www.facebook.com\/MusiquesJuives\/","https:\/\/www.instagram.com\/musiquesjuives\/","https:\/\/www.youtube.com\/user\/musiquesjuives"]},{"@type":"Person","@id":"https:\/\/www.iemj.org\/en\/#\/schema\/person\/358e26c18aca017fcc4cc15437f7279c","name":"Jacqueline ROTEN","image":{"@type":"ImageObject","inLanguage":"en-US","@id":"https:\/\/secure.gravatar.com\/avatar\/5964256d6c6957de3a3505278957e0fb2a35119ac47ea41827a65301213c810b?s=96&d=mm&r=g","url":"https:\/\/secure.gravatar.com\/avatar\/5964256d6c6957de3a3505278957e0fb2a35119ac47ea41827a65301213c810b?s=96&d=mm&r=g","contentUrl":"https:\/\/secure.gravatar.com\/avatar\/5964256d6c6957de3a3505278957e0fb2a35119ac47ea41827a65301213c810b?s=96&d=mm&r=g","caption":"Jacqueline ROTEN"}}]}},"_links":{"self":[{"href":"https:\/\/www.iemj.org\/en\/wp-json\/wp\/v2\/posts\/51601","targetHints":{"allow":["GET"]}}],"collection":[{"href":"https:\/\/www.iemj.org\/en\/wp-json\/wp\/v2\/posts"}],"about":[{"href":"https:\/\/www.iemj.org\/en\/wp-json\/wp\/v2\/types\/post"}],"author":[{"embeddable":true,"href":"https:\/\/www.iemj.org\/en\/wp-json\/wp\/v2\/users\/5"}],"replies":[{"embeddable":true,"href":"https:\/\/www.iemj.org\/en\/wp-json\/wp\/v2\/comments?post=51601"}],"version-history":[{"count":0,"href":"https:\/\/www.iemj.org\/en\/wp-json\/wp\/v2\/posts\/51601\/revisions"}],"wp:featuredmedia":[{"embeddable":true,"href":"https:\/\/www.iemj.org\/en\/wp-json\/wp\/v2\/media\/11290"}],"wp:attachment":[{"href":"https:\/\/www.iemj.org\/en\/wp-json\/wp\/v2\/media?parent=51601"}],"wp:term":[{"taxonomy":"category","embeddable":true,"href":"https:\/\/www.iemj.org\/en\/wp-json\/wp\/v2\/categories?post=51601"},{"taxonomy":"post_tag","embeddable":true,"href":"https:\/\/www.iemj.org\/en\/wp-json\/wp\/v2\/tags?post=51601"},{"taxonomy":"technique","embeddable":true,"href":"https:\/\/www.iemj.org\/en\/wp-json\/wp\/v2\/technique?post=51601"},{"taxonomy":"squelettes","embeddable":true,"href":"https:\/\/www.iemj.org\/en\/wp-json\/wp\/v2\/squelettes?post=51601"},{"taxonomy":"sujet","embeddable":true,"href":"https:\/\/www.iemj.org\/en\/wp-json\/wp\/v2\/sujet?post=51601"},{"taxonomy":"formation","embeddable":true,"href":"https:\/\/www.iemj.org\/en\/wp-json\/wp\/v2\/formation?post=51601"},{"taxonomy":"genre","embeddable":true,"href":"https:\/\/www.iemj.org\/en\/wp-json\/wp\/v2\/genre?post=51601"},{"taxonomy":"fonds","embeddable":true,"href":"https:\/\/www.iemj.org\/en\/wp-json\/wp\/v2\/fonds?post=51601"},{"taxonomy":"tradition","embeddable":true,"href":"https:\/\/www.iemj.org\/en\/wp-json\/wp\/v2\/tradition?post=51601"},{"taxonomy":"type-de-contenu","embeddable":true,"href":"https:\/\/www.iemj.org\/en\/wp-json\/wp\/v2\/type-de-contenu?post=51601"},{"taxonomy":"interprete-compositeur","embeddable":true,"href":"https:\/\/www.iemj.org\/en\/wp-json\/wp\/v2\/interprete-compositeur?post=51601"},{"taxonomy":"frise","embeddable":true,"href":"https:\/\/www.iemj.org\/en\/wp-json\/wp\/v2\/frise?post=51601"},{"taxonomy":"type-devenement","embeddable":true,"href":"https:\/\/www.iemj.org\/en\/wp-json\/wp\/v2\/type-devenement?post=51601"},{"taxonomy":"tableaux-liens-externes","embeddable":true,"href":"https:\/\/www.iemj.org\/en\/wp-json\/wp\/v2\/tableaux-liens-externes?post=51601"}],"curies":[{"name":"wp","href":"https:\/\/api.w.org\/{rel}","templated":true}]}}