{"id":51622,"date":"2010-03-30T18:14:09","date_gmt":"2010-03-30T16:14:09","guid":{"rendered":"https:\/\/www.iemj.org\/david-samuel-1836-1895\/"},"modified":"2025-01-28T12:58:58","modified_gmt":"2025-01-28T11:58:58","slug":"david-samuel-1836-1895","status":"publish","type":"post","link":"https:\/\/www.iemj.org\/en\/david-samuel-1836-1895\/","title":{"rendered":"David, Samuel (1836-1895)"},"content":{"rendered":"<p>Born in Paris on November 12th 1836, Samuel David was admitted at a very young age into the music conservatory, where at the age of 13 he won a first prize award in solfeggio (1850) and then in harmony and accompaniment (1854). A student of <a href=\"https:\/\/www.iemj.org\/en\/halevy-jacques-francois-fromental-elie-1799-1862\/\">Hal\u00e9vy<\/a> (counterpoint, fugue, composition), he won a first prize of fugue in 1855, before winning the first prize of Rome three years later. A resident in the Villa M\u00e9dicis in Rome in 1859 and 1860, he went back to Paris the following year.<\/p>\n<p>Meanwhile, he became choir director in 1856 at the Th\u00e9\u00e2tre-Lyrique, and got to perform at the Th\u00e9\u00e2tre des Folies-Nouvelles his operetta in one act, entitled <em>La peau de l\u2019ours<\/em>. Samuel David never stopped composing during his whole life. He is the author of four symphonies and many vocal works, but it is most of all stage music that attracted him. He created many operettas, operas or comic-operas, of which most of them remained in manuscript, and were never performed. It was only the comic-opera <em>Mademoiselle Sylvia<\/em> that was performed, on April 17, 1868. Despite the approval of the audience, it was never performed again !<\/p>\n<p>As a teacher, Samuel David wrote a book called <em>L\u2019art de jouer en mesure<\/em> (The art of playing in measure) (1862).<\/p>\n<p>But it is when he was appointed &#8220;director of the music of the consistorial temple&#8221; in 1870, that Samuel David showed his best. This position, newly created by the consistory during the construction of the great synagogue of rue de la Victoire, was established to unify the liturgical repertoires.<\/p>\n<p>L\u00e9on Algazi wrote in 1953 that &#8220;Samuel David dedicated himself to his task with a remarkable enthusiasm and as for an important religious mission.&#8221; He worked to recover the traditional songs by finding their primitive form. The Kol Nidre, sang every year during Yom Kippur, illustrates this statement perfectly.<\/p>\n<p>David also harmonized many musical pieces with modal rather than tonal harmonies, while keeping, when necessary, the original chants &#8220;which do not support any kind of harmony or that accommodate it badly with our bars of measure&#8221;. In many works, he takes as a starting point famous melodies by Beethoven, Rossini, or Mendelssohn.<\/p>\n","protected":false},"excerpt":{"rendered":"<p>Born in Paris on November 12th 1836, Samuel David was admitted at a very young age into the music conservatory, where at the age of 13 he won a first<\/p>\n","protected":false},"author":1046,"featured_media":3264,"comment_status":"closed","ping_status":"open","sticky":false,"template":"","format":"standard","meta":{"_acf_changed":false,"footnotes":""},"categories":[903],"tags":[],"technique":[],"squelettes":[],"sujet":[],"formation":[],"genre":[],"fonds":[],"tradition":[],"type-de-contenu":[],"interprete-compositeur":[],"frise":[],"type-devenement":[],"tableaux-liens-externes":[],"class_list":["post-51622","post","type-post","status-publish","format-standard","has-post-thumbnail","hentry","category-biographies-en"],"acf":[],"yoast_head":"<!-- This site is optimized with the Yoast SEO plugin v27.3 - https:\/\/yoast.com\/product\/yoast-seo-wordpress\/ -->\n<title>David, Samuel (1836-1895) - Institut Europ\u00e9en des Musiques Juives<\/title>\n<meta name=\"robots\" content=\"index, follow, max-snippet:-1, max-image-preview:large, max-video-preview:-1\" \/>\n<link rel=\"canonical\" href=\"https:\/\/www.iemj.org\/en\/david-samuel-1836-1895\/\" \/>\n<meta property=\"og:locale\" content=\"en_US\" \/>\n<meta property=\"og:type\" content=\"article\" \/>\n<meta property=\"og:title\" content=\"David, Samuel (1836-1895) - Institut Europ\u00e9en des Musiques Juives\" \/>\n<meta property=\"og:description\" content=\"Born in Paris on November 12th 1836, Samuel David was admitted at a very young age into the music conservatory, where at the age of 13 he won a first\" \/>\n<meta property=\"og:url\" content=\"https:\/\/www.iemj.org\/en\/david-samuel-1836-1895\/\" \/>\n<meta property=\"og:site_name\" content=\"Institut Europ\u00e9en des Musiques Juives\" \/>\n<meta property=\"article:publisher\" content=\"https:\/\/www.facebook.com\/MusiquesJuives\/\" \/>\n<meta property=\"article:published_time\" content=\"2010-03-30T16:14:09+00:00\" \/>\n<meta property=\"article:modified_time\" content=\"2025-01-28T11:58:58+00:00\" \/>\n<meta property=\"og:image\" content=\"https:\/\/www.iemj.org\/wp-content\/uploads\/2010\/03\/arton78-e1624973645305.jpg\" \/>\n\t<meta property=\"og:image:width\" content=\"198\" \/>\n\t<meta property=\"og:image:height\" content=\"218\" \/>\n\t<meta property=\"og:image:type\" content=\"image\/jpeg\" \/>\n<meta name=\"author\" content=\"Isabelle Jouve\" \/>\n<meta name=\"twitter:card\" content=\"summary_large_image\" \/>\n<meta name=\"twitter:label1\" content=\"Written by\" \/>\n\t<meta name=\"twitter:data1\" content=\"Isabelle Jouve\" \/>\n\t<meta name=\"twitter:label2\" content=\"Est. reading time\" \/>\n\t<meta name=\"twitter:data2\" content=\"3 minutes\" \/>\n<script type=\"application\/ld+json\" class=\"yoast-schema-graph\">{\"@context\":\"https:\\\/\\\/schema.org\",\"@graph\":[{\"@type\":\"Article\",\"@id\":\"https:\\\/\\\/www.iemj.org\\\/en\\\/david-samuel-1836-1895\\\/#article\",\"isPartOf\":{\"@id\":\"https:\\\/\\\/www.iemj.org\\\/en\\\/david-samuel-1836-1895\\\/\"},\"author\":{\"name\":\"Isabelle Jouve\",\"@id\":\"https:\\\/\\\/www.iemj.org\\\/en\\\/#\\\/schema\\\/person\\\/94283a7f5a8b28a85fdab0ae54777472\"},\"headline\":\"David, Samuel (1836-1895)\",\"datePublished\":\"2010-03-30T16:14:09+00:00\",\"dateModified\":\"2025-01-28T11:58:58+00:00\",\"mainEntityOfPage\":{\"@id\":\"https:\\\/\\\/www.iemj.org\\\/en\\\/david-samuel-1836-1895\\\/\"},\"wordCount\":361,\"publisher\":{\"@id\":\"https:\\\/\\\/www.iemj.org\\\/en\\\/#organization\"},\"image\":{\"@id\":\"https:\\\/\\\/www.iemj.org\\\/en\\\/david-samuel-1836-1895\\\/#primaryimage\"},\"thumbnailUrl\":\"https:\\\/\\\/www.iemj.org\\\/wp-content\\\/uploads\\\/2010\\\/03\\\/arton78-e1624973645305.jpg\",\"articleSection\":[\"Biographies\"],\"inLanguage\":\"en-US\"},{\"@type\":\"WebPage\",\"@id\":\"https:\\\/\\\/www.iemj.org\\\/en\\\/david-samuel-1836-1895\\\/\",\"url\":\"https:\\\/\\\/www.iemj.org\\\/en\\\/david-samuel-1836-1895\\\/\",\"name\":\"David, Samuel (1836-1895) - Institut Europ\u00e9en des Musiques Juives\",\"isPartOf\":{\"@id\":\"https:\\\/\\\/www.iemj.org\\\/en\\\/#website\"},\"primaryImageOfPage\":{\"@id\":\"https:\\\/\\\/www.iemj.org\\\/en\\\/david-samuel-1836-1895\\\/#primaryimage\"},\"image\":{\"@id\":\"https:\\\/\\\/www.iemj.org\\\/en\\\/david-samuel-1836-1895\\\/#primaryimage\"},\"thumbnailUrl\":\"https:\\\/\\\/www.iemj.org\\\/wp-content\\\/uploads\\\/2010\\\/03\\\/arton78-e1624973645305.jpg\",\"datePublished\":\"2010-03-30T16:14:09+00:00\",\"dateModified\":\"2025-01-28T11:58:58+00:00\",\"breadcrumb\":{\"@id\":\"https:\\\/\\\/www.iemj.org\\\/en\\\/david-samuel-1836-1895\\\/#breadcrumb\"},\"inLanguage\":\"en-US\",\"potentialAction\":[{\"@type\":\"ReadAction\",\"target\":[\"https:\\\/\\\/www.iemj.org\\\/en\\\/david-samuel-1836-1895\\\/\"]}]},{\"@type\":\"ImageObject\",\"inLanguage\":\"en-US\",\"@id\":\"https:\\\/\\\/www.iemj.org\\\/en\\\/david-samuel-1836-1895\\\/#primaryimage\",\"url\":\"https:\\\/\\\/www.iemj.org\\\/wp-content\\\/uploads\\\/2010\\\/03\\\/arton78-e1624973645305.jpg\",\"contentUrl\":\"https:\\\/\\\/www.iemj.org\\\/wp-content\\\/uploads\\\/2010\\\/03\\\/arton78-e1624973645305.jpg\",\"width\":198,\"height\":218,\"caption\":\"logo bio Elsa Barraine\"},{\"@type\":\"BreadcrumbList\",\"@id\":\"https:\\\/\\\/www.iemj.org\\\/en\\\/david-samuel-1836-1895\\\/#breadcrumb\",\"itemListElement\":[{\"@type\":\"ListItem\",\"position\":1,\"name\":\"Accueil\",\"item\":\"https:\\\/\\\/www.iemj.org\\\/en\\\/\"},{\"@type\":\"ListItem\",\"position\":2,\"name\":\"David, Samuel (1836-1895)\"}]},{\"@type\":\"WebSite\",\"@id\":\"https:\\\/\\\/www.iemj.org\\\/en\\\/#website\",\"url\":\"https:\\\/\\\/www.iemj.org\\\/en\\\/\",\"name\":\"Institut Europ\u00e9en des Musiques Juives\",\"description\":\"Des traditions musicales \u00e0 la port\u00e9e de tous\",\"publisher\":{\"@id\":\"https:\\\/\\\/www.iemj.org\\\/en\\\/#organization\"},\"potentialAction\":[{\"@type\":\"SearchAction\",\"target\":{\"@type\":\"EntryPoint\",\"urlTemplate\":\"https:\\\/\\\/www.iemj.org\\\/en\\\/?s={search_term_string}\"},\"query-input\":{\"@type\":\"PropertyValueSpecification\",\"valueRequired\":true,\"valueName\":\"search_term_string\"}}],\"inLanguage\":\"en-US\"},{\"@type\":\"Organization\",\"@id\":\"https:\\\/\\\/www.iemj.org\\\/en\\\/#organization\",\"name\":\"Institut Europ\u00e9en des Musiques Juives\",\"url\":\"https:\\\/\\\/www.iemj.org\\\/en\\\/\",\"logo\":{\"@type\":\"ImageObject\",\"inLanguage\":\"en-US\",\"@id\":\"https:\\\/\\\/www.iemj.org\\\/en\\\/#\\\/schema\\\/logo\\\/image\\\/\",\"url\":\"https:\\\/\\\/www.iemj.org\\\/wp-content\\\/uploads\\\/2021\\\/09\\\/Logo-IEMJ-Paypal.jpg\",\"contentUrl\":\"https:\\\/\\\/www.iemj.org\\\/wp-content\\\/uploads\\\/2021\\\/09\\\/Logo-IEMJ-Paypal.jpg\",\"width\":150,\"height\":50,\"caption\":\"Institut Europ\u00e9en des Musiques Juives\"},\"image\":{\"@id\":\"https:\\\/\\\/www.iemj.org\\\/en\\\/#\\\/schema\\\/logo\\\/image\\\/\"},\"sameAs\":[\"https:\\\/\\\/www.facebook.com\\\/MusiquesJuives\\\/\",\"https:\\\/\\\/www.instagram.com\\\/musiquesjuives\\\/\",\"https:\\\/\\\/www.youtube.com\\\/user\\\/musiquesjuives\"]},{\"@type\":\"Person\",\"@id\":\"https:\\\/\\\/www.iemj.org\\\/en\\\/#\\\/schema\\\/person\\\/94283a7f5a8b28a85fdab0ae54777472\",\"name\":\"Isabelle Jouve\",\"image\":{\"@type\":\"ImageObject\",\"inLanguage\":\"en-US\",\"@id\":\"https:\\\/\\\/secure.gravatar.com\\\/avatar\\\/bc547a31cb8a12b3ffc0f7fcf1f2dbd4fc06e95ad13a451095d8316a6d5a59a6?s=96&d=mm&r=g\",\"url\":\"https:\\\/\\\/secure.gravatar.com\\\/avatar\\\/bc547a31cb8a12b3ffc0f7fcf1f2dbd4fc06e95ad13a451095d8316a6d5a59a6?s=96&d=mm&r=g\",\"contentUrl\":\"https:\\\/\\\/secure.gravatar.com\\\/avatar\\\/bc547a31cb8a12b3ffc0f7fcf1f2dbd4fc06e95ad13a451095d8316a6d5a59a6?s=96&d=mm&r=g\",\"caption\":\"Isabelle Jouve\"}}]}<\/script>\n<!-- \/ Yoast SEO plugin. -->","yoast_head_json":{"title":"David, Samuel (1836-1895) - Institut Europ\u00e9en des Musiques Juives","robots":{"index":"index","follow":"follow","max-snippet":"max-snippet:-1","max-image-preview":"max-image-preview:large","max-video-preview":"max-video-preview:-1"},"canonical":"https:\/\/www.iemj.org\/en\/david-samuel-1836-1895\/","og_locale":"en_US","og_type":"article","og_title":"David, Samuel (1836-1895) - Institut Europ\u00e9en des Musiques Juives","og_description":"Born in Paris on November 12th 1836, Samuel David was admitted at a very young age into the music conservatory, where at the age of 13 he won a first","og_url":"https:\/\/www.iemj.org\/en\/david-samuel-1836-1895\/","og_site_name":"Institut Europ\u00e9en des Musiques Juives","article_publisher":"https:\/\/www.facebook.com\/MusiquesJuives\/","article_published_time":"2010-03-30T16:14:09+00:00","article_modified_time":"2025-01-28T11:58:58+00:00","og_image":[{"width":198,"height":218,"url":"https:\/\/www.iemj.org\/wp-content\/uploads\/2010\/03\/arton78-e1624973645305.jpg","type":"image\/jpeg"}],"author":"Isabelle Jouve","twitter_card":"summary_large_image","twitter_misc":{"Written by":"Isabelle Jouve","Est. reading time":"3 minutes"},"schema":{"@context":"https:\/\/schema.org","@graph":[{"@type":"Article","@id":"https:\/\/www.iemj.org\/en\/david-samuel-1836-1895\/#article","isPartOf":{"@id":"https:\/\/www.iemj.org\/en\/david-samuel-1836-1895\/"},"author":{"name":"Isabelle Jouve","@id":"https:\/\/www.iemj.org\/en\/#\/schema\/person\/94283a7f5a8b28a85fdab0ae54777472"},"headline":"David, Samuel (1836-1895)","datePublished":"2010-03-30T16:14:09+00:00","dateModified":"2025-01-28T11:58:58+00:00","mainEntityOfPage":{"@id":"https:\/\/www.iemj.org\/en\/david-samuel-1836-1895\/"},"wordCount":361,"publisher":{"@id":"https:\/\/www.iemj.org\/en\/#organization"},"image":{"@id":"https:\/\/www.iemj.org\/en\/david-samuel-1836-1895\/#primaryimage"},"thumbnailUrl":"https:\/\/www.iemj.org\/wp-content\/uploads\/2010\/03\/arton78-e1624973645305.jpg","articleSection":["Biographies"],"inLanguage":"en-US"},{"@type":"WebPage","@id":"https:\/\/www.iemj.org\/en\/david-samuel-1836-1895\/","url":"https:\/\/www.iemj.org\/en\/david-samuel-1836-1895\/","name":"David, Samuel (1836-1895) - Institut Europ\u00e9en des Musiques Juives","isPartOf":{"@id":"https:\/\/www.iemj.org\/en\/#website"},"primaryImageOfPage":{"@id":"https:\/\/www.iemj.org\/en\/david-samuel-1836-1895\/#primaryimage"},"image":{"@id":"https:\/\/www.iemj.org\/en\/david-samuel-1836-1895\/#primaryimage"},"thumbnailUrl":"https:\/\/www.iemj.org\/wp-content\/uploads\/2010\/03\/arton78-e1624973645305.jpg","datePublished":"2010-03-30T16:14:09+00:00","dateModified":"2025-01-28T11:58:58+00:00","breadcrumb":{"@id":"https:\/\/www.iemj.org\/en\/david-samuel-1836-1895\/#breadcrumb"},"inLanguage":"en-US","potentialAction":[{"@type":"ReadAction","target":["https:\/\/www.iemj.org\/en\/david-samuel-1836-1895\/"]}]},{"@type":"ImageObject","inLanguage":"en-US","@id":"https:\/\/www.iemj.org\/en\/david-samuel-1836-1895\/#primaryimage","url":"https:\/\/www.iemj.org\/wp-content\/uploads\/2010\/03\/arton78-e1624973645305.jpg","contentUrl":"https:\/\/www.iemj.org\/wp-content\/uploads\/2010\/03\/arton78-e1624973645305.jpg","width":198,"height":218,"caption":"logo bio Elsa Barraine"},{"@type":"BreadcrumbList","@id":"https:\/\/www.iemj.org\/en\/david-samuel-1836-1895\/#breadcrumb","itemListElement":[{"@type":"ListItem","position":1,"name":"Accueil","item":"https:\/\/www.iemj.org\/en\/"},{"@type":"ListItem","position":2,"name":"David, Samuel (1836-1895)"}]},{"@type":"WebSite","@id":"https:\/\/www.iemj.org\/en\/#website","url":"https:\/\/www.iemj.org\/en\/","name":"Institut Europ\u00e9en des Musiques Juives","description":"Des traditions musicales \u00e0 la port\u00e9e de tous","publisher":{"@id":"https:\/\/www.iemj.org\/en\/#organization"},"potentialAction":[{"@type":"SearchAction","target":{"@type":"EntryPoint","urlTemplate":"https:\/\/www.iemj.org\/en\/?s={search_term_string}"},"query-input":{"@type":"PropertyValueSpecification","valueRequired":true,"valueName":"search_term_string"}}],"inLanguage":"en-US"},{"@type":"Organization","@id":"https:\/\/www.iemj.org\/en\/#organization","name":"Institut Europ\u00e9en des Musiques Juives","url":"https:\/\/www.iemj.org\/en\/","logo":{"@type":"ImageObject","inLanguage":"en-US","@id":"https:\/\/www.iemj.org\/en\/#\/schema\/logo\/image\/","url":"https:\/\/www.iemj.org\/wp-content\/uploads\/2021\/09\/Logo-IEMJ-Paypal.jpg","contentUrl":"https:\/\/www.iemj.org\/wp-content\/uploads\/2021\/09\/Logo-IEMJ-Paypal.jpg","width":150,"height":50,"caption":"Institut Europ\u00e9en des Musiques Juives"},"image":{"@id":"https:\/\/www.iemj.org\/en\/#\/schema\/logo\/image\/"},"sameAs":["https:\/\/www.facebook.com\/MusiquesJuives\/","https:\/\/www.instagram.com\/musiquesjuives\/","https:\/\/www.youtube.com\/user\/musiquesjuives"]},{"@type":"Person","@id":"https:\/\/www.iemj.org\/en\/#\/schema\/person\/94283a7f5a8b28a85fdab0ae54777472","name":"Isabelle Jouve","image":{"@type":"ImageObject","inLanguage":"en-US","@id":"https:\/\/secure.gravatar.com\/avatar\/bc547a31cb8a12b3ffc0f7fcf1f2dbd4fc06e95ad13a451095d8316a6d5a59a6?s=96&d=mm&r=g","url":"https:\/\/secure.gravatar.com\/avatar\/bc547a31cb8a12b3ffc0f7fcf1f2dbd4fc06e95ad13a451095d8316a6d5a59a6?s=96&d=mm&r=g","contentUrl":"https:\/\/secure.gravatar.com\/avatar\/bc547a31cb8a12b3ffc0f7fcf1f2dbd4fc06e95ad13a451095d8316a6d5a59a6?s=96&d=mm&r=g","caption":"Isabelle Jouve"}}]}},"_links":{"self":[{"href":"https:\/\/www.iemj.org\/en\/wp-json\/wp\/v2\/posts\/51622","targetHints":{"allow":["GET"]}}],"collection":[{"href":"https:\/\/www.iemj.org\/en\/wp-json\/wp\/v2\/posts"}],"about":[{"href":"https:\/\/www.iemj.org\/en\/wp-json\/wp\/v2\/types\/post"}],"author":[{"embeddable":true,"href":"https:\/\/www.iemj.org\/en\/wp-json\/wp\/v2\/users\/1046"}],"replies":[{"embeddable":true,"href":"https:\/\/www.iemj.org\/en\/wp-json\/wp\/v2\/comments?post=51622"}],"version-history":[{"count":0,"href":"https:\/\/www.iemj.org\/en\/wp-json\/wp\/v2\/posts\/51622\/revisions"}],"wp:featuredmedia":[{"embeddable":true,"href":"https:\/\/www.iemj.org\/en\/wp-json\/wp\/v2\/media\/3264"}],"wp:attachment":[{"href":"https:\/\/www.iemj.org\/en\/wp-json\/wp\/v2\/media?parent=51622"}],"wp:term":[{"taxonomy":"category","embeddable":true,"href":"https:\/\/www.iemj.org\/en\/wp-json\/wp\/v2\/categories?post=51622"},{"taxonomy":"post_tag","embeddable":true,"href":"https:\/\/www.iemj.org\/en\/wp-json\/wp\/v2\/tags?post=51622"},{"taxonomy":"technique","embeddable":true,"href":"https:\/\/www.iemj.org\/en\/wp-json\/wp\/v2\/technique?post=51622"},{"taxonomy":"squelettes","embeddable":true,"href":"https:\/\/www.iemj.org\/en\/wp-json\/wp\/v2\/squelettes?post=51622"},{"taxonomy":"sujet","embeddable":true,"href":"https:\/\/www.iemj.org\/en\/wp-json\/wp\/v2\/sujet?post=51622"},{"taxonomy":"formation","embeddable":true,"href":"https:\/\/www.iemj.org\/en\/wp-json\/wp\/v2\/formation?post=51622"},{"taxonomy":"genre","embeddable":true,"href":"https:\/\/www.iemj.org\/en\/wp-json\/wp\/v2\/genre?post=51622"},{"taxonomy":"fonds","embeddable":true,"href":"https:\/\/www.iemj.org\/en\/wp-json\/wp\/v2\/fonds?post=51622"},{"taxonomy":"tradition","embeddable":true,"href":"https:\/\/www.iemj.org\/en\/wp-json\/wp\/v2\/tradition?post=51622"},{"taxonomy":"type-de-contenu","embeddable":true,"href":"https:\/\/www.iemj.org\/en\/wp-json\/wp\/v2\/type-de-contenu?post=51622"},{"taxonomy":"interprete-compositeur","embeddable":true,"href":"https:\/\/www.iemj.org\/en\/wp-json\/wp\/v2\/interprete-compositeur?post=51622"},{"taxonomy":"frise","embeddable":true,"href":"https:\/\/www.iemj.org\/en\/wp-json\/wp\/v2\/frise?post=51622"},{"taxonomy":"type-devenement","embeddable":true,"href":"https:\/\/www.iemj.org\/en\/wp-json\/wp\/v2\/type-devenement?post=51622"},{"taxonomy":"tableaux-liens-externes","embeddable":true,"href":"https:\/\/www.iemj.org\/en\/wp-json\/wp\/v2\/tableaux-liens-externes?post=51622"}],"curies":[{"name":"wp","href":"https:\/\/api.w.org\/{rel}","templated":true}]}}