{"id":51633,"date":"2018-10-30T15:48:10","date_gmt":"2018-10-30T14:48:10","guid":{"rendered":"https:\/\/www.iemj.org\/delmin-dany-1931\/"},"modified":"2025-09-09T17:03:52","modified_gmt":"2025-09-09T15:03:52","slug":"delmin-dany-1931","status":"publish","type":"post","link":"https:\/\/www.iemj.org\/en\/delmin-dany-1931\/","title":{"rendered":"Delmin, Dany (1931 ?)"},"content":{"rendered":"<p><img fetchpriority=\"high\" decoding=\"async\" class=\" alignright size-full wp-image-21527\" src=\"https:\/\/www.iemj.org\/wp-content\/uploads\/2018\/10\/delmin_disque_1_-_150px.jpg\" alt=\"delmin_disque_1_-_150px.jpg\" width=\"150\" height=\"413\" align=\"right\" srcset=\"https:\/\/www.iemj.org\/wp-content\/uploads\/2018\/10\/delmin_disque_1_-_150px.jpg 150w, https:\/\/www.iemj.org\/wp-content\/uploads\/2018\/10\/delmin_disque_1_-_150px-109x300.jpg 109w\" sizes=\"(max-width: 150px) 100vw, 150px\" \/>Dany Delmin is a composer, performer and songwriter in French, Hebrew and Yiddish.\u00a0<br \/>Born David Polack, he was the youngest in a family of 7 children. When the war broke out, his life changed and he was deported with his father in Drancy in 1942. He succeeded in crossing the free zone, but never saw his father again.<\/p>\n<p>When the war was over, at the age of 15, Dany Delmin found his mother and sister who had been hidden in a cave by some friends. After trying several professions (luggage carrier, courier..), he finally worked in textiles, and at the same time taught himself music.<\/p>\n<p>At the age of 17, he left for Palestine, two months before the creation of the State of Israel, and joined the army. He became noticed as a singer and guitarist and performed in a night club.<br \/>He came back to France in 1950, and after serving two years in the French army, went back to his work in textiles and left with his boss to Brazil.<\/p>\n<p><img decoding=\"async\" class=\" alignright size-full wp-image-21531\" src=\"https:\/\/www.iemj.org\/wp-content\/uploads\/2018\/10\/delmin_disque_2_-_150px.jpg\" alt=\"delmin_disque_2_-_150px.jpg\" width=\"150\" height=\"449\" align=\"right\" srcset=\"https:\/\/www.iemj.org\/wp-content\/uploads\/2018\/10\/delmin_disque_2_-_150px.jpg 150w, https:\/\/www.iemj.org\/wp-content\/uploads\/2018\/10\/delmin_disque_2_-_150px-100x300.jpg 100w\" sizes=\"(max-width: 150px) 100vw, 150px\" \/><img decoding=\"async\" class=\"size-full wp-image-21529 alignleft\" src=\"https:\/\/www.iemj.org\/wp-content\/uploads\/2018\/10\/delmin_disque_6_-100px.jpg\" alt=\"delmin_disque_6_-100px.jpg\" width=\"100\" height=\"108\" align=\"middle\" \/>In 1954 he met the director of a Brazilian musical label. The French songs being in fashion,.he passed an audition and was hired on the same day. His musical career started at this point. The music label Mocambo released his first LP disc with eight tracks, two of them written by Dany Delmin and arranged by <a href=\"https:\/\/en.wikipedia.org\/wiki\/Ant%C3%B4nio_Carlos_Jobim\">Ant\u00f4nio Carlos Jobim.<\/a><\/p>\n<p><img loading=\"lazy\" decoding=\"async\" class=\"size-full wp-image-21533 alignleft\" src=\"https:\/\/www.iemj.org\/wp-content\/uploads\/2018\/10\/delmin_disque_3_-_100px.jpg\" alt=\"delmin_disque_3_-_100px.jpg\" width=\"100\" height=\"107\" align=\"middle\" \/><br \/>Two years later, he hosted his own weekly TV program in Buenos Aires &#8220;Vamos a Paris con Dany Delmin&#8221;. He recorded with the pianist of the show the track &#8220;Caf\u00e9 a la Italiana&#8221; which became a golden disc in the United States.<\/p>\n<p><img loading=\"lazy\" decoding=\"async\" class=\"size-full wp-image-21535 alignleft\" src=\"https:\/\/www.iemj.org\/wp-content\/uploads\/2018\/10\/delmin_disque_5_-_100px.jpg\" alt=\"delmin_disque_5_-_100px.jpg\" width=\"100\" height=\"105\" align=\"middle\" \/><br \/>In 1961 he came back to France. It was then the time of &#8220;y\u00e9-y\u00e9&#8221; music. Dany Delmin was 32 years old, he recorded several tunes, wrote songs and performed in big hotels for celebrities and politics.<\/p>\n<p><img loading=\"lazy\" decoding=\"async\" class=\" aligncenter size-full wp-image-21537\" src=\"https:\/\/www.iemj.org\/wp-content\/uploads\/2018\/10\/doc3_dany_delmin-3.jpg\" alt=\"doc3_dany_delmin-3.jpg\" width=\"284\" height=\"103\" align=\"middle\" \/><\/p>\n<p>During a tour in Soviet Union, he met Alona who became his wife in 1970. His two albums \u00ab Chatan Kala Mazal Tov \u00bb and \u00ab La Bar Mitzwa Mazal Tov \u00bb became successful.<\/p>\n<p><img loading=\"lazy\" decoding=\"async\" class=\" aligncenter size-full wp-image-21539\" src=\"https:\/\/www.iemj.org\/wp-content\/uploads\/2018\/10\/doc_disque_delmin_500px.jpg\" alt=\"doc_disque_delmin_500px.jpg\" width=\"500\" height=\"272\" align=\"middle\" srcset=\"https:\/\/www.iemj.org\/wp-content\/uploads\/2018\/10\/doc_disque_delmin_500px.jpg 500w, https:\/\/www.iemj.org\/wp-content\/uploads\/2018\/10\/doc_disque_delmin_500px-300x163.jpg 300w\" sizes=\"(max-width: 500px) 100vw, 500px\" \/><\/p>\n<p>As a manager in the 1980\u2019s, he worked with L\u00e9o Ferr\u00e9, the ballet of the Paris Opera, Francis Lalanne&#8230;<br \/>Now 85 years old, he has recorded over 50 albums, though he never studied music in a formal way.<\/p>\n<p><a href=\"https:\/\/www.iemj.org\/en\/hidden-sides-of-jewish-music-dany-delmin\/\">Listen to the radio broadcast : Dany Delmin, hosted by H\u00e9l\u00e8ne Engel<\/a><\/p>\n<p><a href=\"http:\/\/www.rachelnet.net\/F\/?func=find-c&amp;ccl_term=WRD+%3D+Dany+Delmin&amp;local_base=iemcg\" target=\"_blank\" rel=\"noopener\">Browse the archives around Dany Delmin<\/a><\/p>\n\n\n<h2 class=\"wp-block-heading\"><\/h2>\n\n\n<div class=\"wp-block-image\">\n<figure class=\"aligncenter size-large\"><img loading=\"lazy\" decoding=\"async\" width=\"1024\" height=\"133\" src=\"https:\/\/www.iemj.org\/wp-content\/uploads\/2024\/03\/AUDIO-PLAYER-1024x133.png\" alt=\"\" class=\"wp-image-110607\" srcset=\"https:\/\/www.iemj.org\/wp-content\/uploads\/2024\/03\/AUDIO-PLAYER-1024x133.png 1024w, https:\/\/www.iemj.org\/wp-content\/uploads\/2024\/03\/AUDIO-PLAYER-300x39.png 300w, https:\/\/www.iemj.org\/wp-content\/uploads\/2024\/03\/AUDIO-PLAYER-768x100.png 768w, https:\/\/www.iemj.org\/wp-content\/uploads\/2024\/03\/AUDIO-PLAYER-600x78.png 600w, https:\/\/www.iemj.org\/wp-content\/uploads\/2024\/03\/AUDIO-PLAYER.png 1210w\" sizes=\"(max-width: 1024px) 100vw, 1024px\" \/><\/figure>\n<\/div>\n\n\n<div class=\"wp-block-file\"><a id=\"wp-block-file--media-4b2a217d-3de2-4dd2-bd04-28a1c6c803b3\" href=\"https:\/\/www.iemj.org\/wp-content\/uploads\/2018\/10\/je_n_existe_pas_sans_toi.mp3\">Je n\u2019existe pas sans toi<\/a><\/div>\n\n\n\n<div class=\"wp-block-file\"><a id=\"wp-block-file--media-af0a48b2-27fc-44c4-87c0-e975c56e32dc\" href=\"https:\/\/www.iemj.org\/wp-content\/uploads\/2018\/10\/am_israel_hai.mp3\">Am Israel \u2019Hai<\/a><\/div>\n\n\n\n<div class=\"wp-block-file\"><a id=\"wp-block-file--media-c6aeb642-557a-4682-a432-f93484558021\" href=\"https:\/\/www.iemj.org\/wp-content\/uploads\/2018\/10\/yiddish_mame.mp3\">Yiddish Mame<\/a><\/div>\n\n\n\n<div class=\"wp-block-file\"><a id=\"wp-block-file--media-de68b167-a58f-478d-b860-aadf6d2aff01\" href=\"https:\/\/www.iemj.org\/wp-content\/uploads\/2018\/10\/mazel_tov.mp3\">Mazel Tov<\/a><\/div>\n","protected":false},"excerpt":{"rendered":"<p>Dany Delmin is a composer, performer and songwriter in French, Hebrew and Yiddish.\u00a0Born David Polack, he was the youngest in a family of 7 children. When the war broke out,<\/p>\n","protected":false},"author":1052,"featured_media":21525,"comment_status":"closed","ping_status":"closed","sticky":false,"template":"","format":"standard","meta":{"_acf_changed":false,"footnotes":""},"categories":[903],"tags":[],"technique":[],"squelettes":[],"sujet":[],"formation":[],"genre":[],"fonds":[],"tradition":[],"type-de-contenu":[],"interprete-compositeur":[],"frise":[],"type-devenement":[],"tableaux-liens-externes":[],"class_list":["post-51633","post","type-post","status-publish","format-standard","has-post-thumbnail","hentry","category-biographies-en"],"acf":[],"yoast_head":"<!-- This site is optimized with the Yoast SEO plugin v27.3 - https:\/\/yoast.com\/product\/yoast-seo-wordpress\/ -->\n<title>Delmin, Dany (1931 ?) - Institut Europ\u00e9en des Musiques Juives<\/title>\n<meta name=\"robots\" content=\"index, follow, max-snippet:-1, max-image-preview:large, max-video-preview:-1\" \/>\n<link rel=\"canonical\" href=\"https:\/\/www.iemj.org\/en\/delmin-dany-1931\/\" \/>\n<meta property=\"og:locale\" content=\"en_US\" \/>\n<meta property=\"og:type\" content=\"article\" \/>\n<meta property=\"og:title\" content=\"Delmin, Dany (1931 ?) - Institut Europ\u00e9en des Musiques Juives\" \/>\n<meta property=\"og:description\" content=\"Dany Delmin is a composer, performer and songwriter in French, Hebrew and Yiddish.\u00a0Born David Polack, he was the youngest in a family of 7 children. When the war broke out,\" \/>\n<meta property=\"og:url\" content=\"https:\/\/www.iemj.org\/en\/delmin-dany-1931\/\" \/>\n<meta property=\"og:site_name\" content=\"Institut Europ\u00e9en des Musiques Juives\" \/>\n<meta property=\"article:publisher\" content=\"https:\/\/www.facebook.com\/MusiquesJuives\/\" \/>\n<meta property=\"article:published_time\" content=\"2018-10-30T14:48:10+00:00\" \/>\n<meta property=\"article:modified_time\" content=\"2025-09-09T15:03:52+00:00\" \/>\n<meta property=\"og:image\" content=\"https:\/\/www.iemj.org\/wp-content\/uploads\/2018\/10\/arton3719-e1624973881766.jpg\" \/>\n\t<meta property=\"og:image:width\" content=\"210\" \/>\n\t<meta property=\"og:image:height\" content=\"218\" \/>\n\t<meta property=\"og:image:type\" content=\"image\/jpeg\" \/>\n<meta name=\"author\" content=\"Lea Couderc\" \/>\n<meta name=\"twitter:card\" content=\"summary_large_image\" \/>\n<meta name=\"twitter:label1\" content=\"Written by\" \/>\n\t<meta name=\"twitter:data1\" content=\"Lea Couderc\" \/>\n\t<meta name=\"twitter:label2\" content=\"Est. reading time\" \/>\n\t<meta name=\"twitter:data2\" content=\"4 minutes\" \/>\n<script type=\"application\/ld+json\" class=\"yoast-schema-graph\">{\"@context\":\"https:\\\/\\\/schema.org\",\"@graph\":[{\"@type\":\"Article\",\"@id\":\"https:\\\/\\\/www.iemj.org\\\/en\\\/delmin-dany-1931\\\/#article\",\"isPartOf\":{\"@id\":\"https:\\\/\\\/www.iemj.org\\\/en\\\/delmin-dany-1931\\\/\"},\"author\":{\"name\":\"Lea Couderc\",\"@id\":\"https:\\\/\\\/www.iemj.org\\\/en\\\/#\\\/schema\\\/person\\\/e2ad57f2c4be119c7ed8ab79036807a9\"},\"headline\":\"Delmin, Dany (1931 ?)\",\"datePublished\":\"2018-10-30T14:48:10+00:00\",\"dateModified\":\"2025-09-09T15:03:52+00:00\",\"mainEntityOfPage\":{\"@id\":\"https:\\\/\\\/www.iemj.org\\\/en\\\/delmin-dany-1931\\\/\"},\"wordCount\":404,\"publisher\":{\"@id\":\"https:\\\/\\\/www.iemj.org\\\/en\\\/#organization\"},\"image\":{\"@id\":\"https:\\\/\\\/www.iemj.org\\\/en\\\/delmin-dany-1931\\\/#primaryimage\"},\"thumbnailUrl\":\"https:\\\/\\\/www.iemj.org\\\/wp-content\\\/uploads\\\/2018\\\/10\\\/arton3719-e1624973881766.jpg\",\"articleSection\":[\"Biographies\"],\"inLanguage\":\"en-US\"},{\"@type\":\"WebPage\",\"@id\":\"https:\\\/\\\/www.iemj.org\\\/en\\\/delmin-dany-1931\\\/\",\"url\":\"https:\\\/\\\/www.iemj.org\\\/en\\\/delmin-dany-1931\\\/\",\"name\":\"Delmin, Dany (1931 ?) - Institut Europ\u00e9en des Musiques Juives\",\"isPartOf\":{\"@id\":\"https:\\\/\\\/www.iemj.org\\\/en\\\/#website\"},\"primaryImageOfPage\":{\"@id\":\"https:\\\/\\\/www.iemj.org\\\/en\\\/delmin-dany-1931\\\/#primaryimage\"},\"image\":{\"@id\":\"https:\\\/\\\/www.iemj.org\\\/en\\\/delmin-dany-1931\\\/#primaryimage\"},\"thumbnailUrl\":\"https:\\\/\\\/www.iemj.org\\\/wp-content\\\/uploads\\\/2018\\\/10\\\/arton3719-e1624973881766.jpg\",\"datePublished\":\"2018-10-30T14:48:10+00:00\",\"dateModified\":\"2025-09-09T15:03:52+00:00\",\"breadcrumb\":{\"@id\":\"https:\\\/\\\/www.iemj.org\\\/en\\\/delmin-dany-1931\\\/#breadcrumb\"},\"inLanguage\":\"en-US\",\"potentialAction\":[{\"@type\":\"ReadAction\",\"target\":[\"https:\\\/\\\/www.iemj.org\\\/en\\\/delmin-dany-1931\\\/\"]}]},{\"@type\":\"ImageObject\",\"inLanguage\":\"en-US\",\"@id\":\"https:\\\/\\\/www.iemj.org\\\/en\\\/delmin-dany-1931\\\/#primaryimage\",\"url\":\"https:\\\/\\\/www.iemj.org\\\/wp-content\\\/uploads\\\/2018\\\/10\\\/arton3719-e1624973881766.jpg\",\"contentUrl\":\"https:\\\/\\\/www.iemj.org\\\/wp-content\\\/uploads\\\/2018\\\/10\\\/arton3719-e1624973881766.jpg\",\"width\":210,\"height\":218,\"caption\":\"logo bio Dany Delmin\"},{\"@type\":\"BreadcrumbList\",\"@id\":\"https:\\\/\\\/www.iemj.org\\\/en\\\/delmin-dany-1931\\\/#breadcrumb\",\"itemListElement\":[{\"@type\":\"ListItem\",\"position\":1,\"name\":\"Accueil\",\"item\":\"https:\\\/\\\/www.iemj.org\\\/en\\\/\"},{\"@type\":\"ListItem\",\"position\":2,\"name\":\"Delmin, Dany (1931 ?)\"}]},{\"@type\":\"WebSite\",\"@id\":\"https:\\\/\\\/www.iemj.org\\\/en\\\/#website\",\"url\":\"https:\\\/\\\/www.iemj.org\\\/en\\\/\",\"name\":\"Institut Europ\u00e9en des Musiques Juives\",\"description\":\"Des traditions musicales \u00e0 la port\u00e9e de tous\",\"publisher\":{\"@id\":\"https:\\\/\\\/www.iemj.org\\\/en\\\/#organization\"},\"potentialAction\":[{\"@type\":\"SearchAction\",\"target\":{\"@type\":\"EntryPoint\",\"urlTemplate\":\"https:\\\/\\\/www.iemj.org\\\/en\\\/?s={search_term_string}\"},\"query-input\":{\"@type\":\"PropertyValueSpecification\",\"valueRequired\":true,\"valueName\":\"search_term_string\"}}],\"inLanguage\":\"en-US\"},{\"@type\":\"Organization\",\"@id\":\"https:\\\/\\\/www.iemj.org\\\/en\\\/#organization\",\"name\":\"Institut Europ\u00e9en des Musiques Juives\",\"url\":\"https:\\\/\\\/www.iemj.org\\\/en\\\/\",\"logo\":{\"@type\":\"ImageObject\",\"inLanguage\":\"en-US\",\"@id\":\"https:\\\/\\\/www.iemj.org\\\/en\\\/#\\\/schema\\\/logo\\\/image\\\/\",\"url\":\"https:\\\/\\\/www.iemj.org\\\/wp-content\\\/uploads\\\/2021\\\/09\\\/Logo-IEMJ-Paypal.jpg\",\"contentUrl\":\"https:\\\/\\\/www.iemj.org\\\/wp-content\\\/uploads\\\/2021\\\/09\\\/Logo-IEMJ-Paypal.jpg\",\"width\":150,\"height\":50,\"caption\":\"Institut Europ\u00e9en des Musiques Juives\"},\"image\":{\"@id\":\"https:\\\/\\\/www.iemj.org\\\/en\\\/#\\\/schema\\\/logo\\\/image\\\/\"},\"sameAs\":[\"https:\\\/\\\/www.facebook.com\\\/MusiquesJuives\\\/\",\"https:\\\/\\\/www.instagram.com\\\/musiquesjuives\\\/\",\"https:\\\/\\\/www.youtube.com\\\/user\\\/musiquesjuives\"]},{\"@type\":\"Person\",\"@id\":\"https:\\\/\\\/www.iemj.org\\\/en\\\/#\\\/schema\\\/person\\\/e2ad57f2c4be119c7ed8ab79036807a9\",\"name\":\"Lea Couderc\",\"image\":{\"@type\":\"ImageObject\",\"inLanguage\":\"en-US\",\"@id\":\"https:\\\/\\\/secure.gravatar.com\\\/avatar\\\/46ee021475d60aeff17a7e490b79dea5a5684bb392ab7fd1494027411df8ba23?s=96&d=mm&r=g\",\"url\":\"https:\\\/\\\/secure.gravatar.com\\\/avatar\\\/46ee021475d60aeff17a7e490b79dea5a5684bb392ab7fd1494027411df8ba23?s=96&d=mm&r=g\",\"contentUrl\":\"https:\\\/\\\/secure.gravatar.com\\\/avatar\\\/46ee021475d60aeff17a7e490b79dea5a5684bb392ab7fd1494027411df8ba23?s=96&d=mm&r=g\",\"caption\":\"Lea Couderc\"}}]}<\/script>\n<!-- \/ Yoast SEO plugin. -->","yoast_head_json":{"title":"Delmin, Dany (1931 ?) - Institut Europ\u00e9en des Musiques Juives","robots":{"index":"index","follow":"follow","max-snippet":"max-snippet:-1","max-image-preview":"max-image-preview:large","max-video-preview":"max-video-preview:-1"},"canonical":"https:\/\/www.iemj.org\/en\/delmin-dany-1931\/","og_locale":"en_US","og_type":"article","og_title":"Delmin, Dany (1931 ?) - Institut Europ\u00e9en des Musiques Juives","og_description":"Dany Delmin is a composer, performer and songwriter in French, Hebrew and Yiddish.\u00a0Born David Polack, he was the youngest in a family of 7 children. When the war broke out,","og_url":"https:\/\/www.iemj.org\/en\/delmin-dany-1931\/","og_site_name":"Institut Europ\u00e9en des Musiques Juives","article_publisher":"https:\/\/www.facebook.com\/MusiquesJuives\/","article_published_time":"2018-10-30T14:48:10+00:00","article_modified_time":"2025-09-09T15:03:52+00:00","og_image":[{"width":210,"height":218,"url":"https:\/\/www.iemj.org\/wp-content\/uploads\/2018\/10\/arton3719-e1624973881766.jpg","type":"image\/jpeg"}],"author":"Lea Couderc","twitter_card":"summary_large_image","twitter_misc":{"Written by":"Lea Couderc","Est. reading time":"4 minutes"},"schema":{"@context":"https:\/\/schema.org","@graph":[{"@type":"Article","@id":"https:\/\/www.iemj.org\/en\/delmin-dany-1931\/#article","isPartOf":{"@id":"https:\/\/www.iemj.org\/en\/delmin-dany-1931\/"},"author":{"name":"Lea Couderc","@id":"https:\/\/www.iemj.org\/en\/#\/schema\/person\/e2ad57f2c4be119c7ed8ab79036807a9"},"headline":"Delmin, Dany (1931 ?)","datePublished":"2018-10-30T14:48:10+00:00","dateModified":"2025-09-09T15:03:52+00:00","mainEntityOfPage":{"@id":"https:\/\/www.iemj.org\/en\/delmin-dany-1931\/"},"wordCount":404,"publisher":{"@id":"https:\/\/www.iemj.org\/en\/#organization"},"image":{"@id":"https:\/\/www.iemj.org\/en\/delmin-dany-1931\/#primaryimage"},"thumbnailUrl":"https:\/\/www.iemj.org\/wp-content\/uploads\/2018\/10\/arton3719-e1624973881766.jpg","articleSection":["Biographies"],"inLanguage":"en-US"},{"@type":"WebPage","@id":"https:\/\/www.iemj.org\/en\/delmin-dany-1931\/","url":"https:\/\/www.iemj.org\/en\/delmin-dany-1931\/","name":"Delmin, Dany (1931 ?) - Institut Europ\u00e9en des Musiques Juives","isPartOf":{"@id":"https:\/\/www.iemj.org\/en\/#website"},"primaryImageOfPage":{"@id":"https:\/\/www.iemj.org\/en\/delmin-dany-1931\/#primaryimage"},"image":{"@id":"https:\/\/www.iemj.org\/en\/delmin-dany-1931\/#primaryimage"},"thumbnailUrl":"https:\/\/www.iemj.org\/wp-content\/uploads\/2018\/10\/arton3719-e1624973881766.jpg","datePublished":"2018-10-30T14:48:10+00:00","dateModified":"2025-09-09T15:03:52+00:00","breadcrumb":{"@id":"https:\/\/www.iemj.org\/en\/delmin-dany-1931\/#breadcrumb"},"inLanguage":"en-US","potentialAction":[{"@type":"ReadAction","target":["https:\/\/www.iemj.org\/en\/delmin-dany-1931\/"]}]},{"@type":"ImageObject","inLanguage":"en-US","@id":"https:\/\/www.iemj.org\/en\/delmin-dany-1931\/#primaryimage","url":"https:\/\/www.iemj.org\/wp-content\/uploads\/2018\/10\/arton3719-e1624973881766.jpg","contentUrl":"https:\/\/www.iemj.org\/wp-content\/uploads\/2018\/10\/arton3719-e1624973881766.jpg","width":210,"height":218,"caption":"logo bio Dany Delmin"},{"@type":"BreadcrumbList","@id":"https:\/\/www.iemj.org\/en\/delmin-dany-1931\/#breadcrumb","itemListElement":[{"@type":"ListItem","position":1,"name":"Accueil","item":"https:\/\/www.iemj.org\/en\/"},{"@type":"ListItem","position":2,"name":"Delmin, Dany (1931 ?)"}]},{"@type":"WebSite","@id":"https:\/\/www.iemj.org\/en\/#website","url":"https:\/\/www.iemj.org\/en\/","name":"Institut Europ\u00e9en des Musiques Juives","description":"Des traditions musicales \u00e0 la port\u00e9e de tous","publisher":{"@id":"https:\/\/www.iemj.org\/en\/#organization"},"potentialAction":[{"@type":"SearchAction","target":{"@type":"EntryPoint","urlTemplate":"https:\/\/www.iemj.org\/en\/?s={search_term_string}"},"query-input":{"@type":"PropertyValueSpecification","valueRequired":true,"valueName":"search_term_string"}}],"inLanguage":"en-US"},{"@type":"Organization","@id":"https:\/\/www.iemj.org\/en\/#organization","name":"Institut Europ\u00e9en des Musiques Juives","url":"https:\/\/www.iemj.org\/en\/","logo":{"@type":"ImageObject","inLanguage":"en-US","@id":"https:\/\/www.iemj.org\/en\/#\/schema\/logo\/image\/","url":"https:\/\/www.iemj.org\/wp-content\/uploads\/2021\/09\/Logo-IEMJ-Paypal.jpg","contentUrl":"https:\/\/www.iemj.org\/wp-content\/uploads\/2021\/09\/Logo-IEMJ-Paypal.jpg","width":150,"height":50,"caption":"Institut Europ\u00e9en des Musiques Juives"},"image":{"@id":"https:\/\/www.iemj.org\/en\/#\/schema\/logo\/image\/"},"sameAs":["https:\/\/www.facebook.com\/MusiquesJuives\/","https:\/\/www.instagram.com\/musiquesjuives\/","https:\/\/www.youtube.com\/user\/musiquesjuives"]},{"@type":"Person","@id":"https:\/\/www.iemj.org\/en\/#\/schema\/person\/e2ad57f2c4be119c7ed8ab79036807a9","name":"Lea Couderc","image":{"@type":"ImageObject","inLanguage":"en-US","@id":"https:\/\/secure.gravatar.com\/avatar\/46ee021475d60aeff17a7e490b79dea5a5684bb392ab7fd1494027411df8ba23?s=96&d=mm&r=g","url":"https:\/\/secure.gravatar.com\/avatar\/46ee021475d60aeff17a7e490b79dea5a5684bb392ab7fd1494027411df8ba23?s=96&d=mm&r=g","contentUrl":"https:\/\/secure.gravatar.com\/avatar\/46ee021475d60aeff17a7e490b79dea5a5684bb392ab7fd1494027411df8ba23?s=96&d=mm&r=g","caption":"Lea Couderc"}}]}},"_links":{"self":[{"href":"https:\/\/www.iemj.org\/en\/wp-json\/wp\/v2\/posts\/51633","targetHints":{"allow":["GET"]}}],"collection":[{"href":"https:\/\/www.iemj.org\/en\/wp-json\/wp\/v2\/posts"}],"about":[{"href":"https:\/\/www.iemj.org\/en\/wp-json\/wp\/v2\/types\/post"}],"author":[{"embeddable":true,"href":"https:\/\/www.iemj.org\/en\/wp-json\/wp\/v2\/users\/1052"}],"replies":[{"embeddable":true,"href":"https:\/\/www.iemj.org\/en\/wp-json\/wp\/v2\/comments?post=51633"}],"version-history":[{"count":0,"href":"https:\/\/www.iemj.org\/en\/wp-json\/wp\/v2\/posts\/51633\/revisions"}],"wp:featuredmedia":[{"embeddable":true,"href":"https:\/\/www.iemj.org\/en\/wp-json\/wp\/v2\/media\/21525"}],"wp:attachment":[{"href":"https:\/\/www.iemj.org\/en\/wp-json\/wp\/v2\/media?parent=51633"}],"wp:term":[{"taxonomy":"category","embeddable":true,"href":"https:\/\/www.iemj.org\/en\/wp-json\/wp\/v2\/categories?post=51633"},{"taxonomy":"post_tag","embeddable":true,"href":"https:\/\/www.iemj.org\/en\/wp-json\/wp\/v2\/tags?post=51633"},{"taxonomy":"technique","embeddable":true,"href":"https:\/\/www.iemj.org\/en\/wp-json\/wp\/v2\/technique?post=51633"},{"taxonomy":"squelettes","embeddable":true,"href":"https:\/\/www.iemj.org\/en\/wp-json\/wp\/v2\/squelettes?post=51633"},{"taxonomy":"sujet","embeddable":true,"href":"https:\/\/www.iemj.org\/en\/wp-json\/wp\/v2\/sujet?post=51633"},{"taxonomy":"formation","embeddable":true,"href":"https:\/\/www.iemj.org\/en\/wp-json\/wp\/v2\/formation?post=51633"},{"taxonomy":"genre","embeddable":true,"href":"https:\/\/www.iemj.org\/en\/wp-json\/wp\/v2\/genre?post=51633"},{"taxonomy":"fonds","embeddable":true,"href":"https:\/\/www.iemj.org\/en\/wp-json\/wp\/v2\/fonds?post=51633"},{"taxonomy":"tradition","embeddable":true,"href":"https:\/\/www.iemj.org\/en\/wp-json\/wp\/v2\/tradition?post=51633"},{"taxonomy":"type-de-contenu","embeddable":true,"href":"https:\/\/www.iemj.org\/en\/wp-json\/wp\/v2\/type-de-contenu?post=51633"},{"taxonomy":"interprete-compositeur","embeddable":true,"href":"https:\/\/www.iemj.org\/en\/wp-json\/wp\/v2\/interprete-compositeur?post=51633"},{"taxonomy":"frise","embeddable":true,"href":"https:\/\/www.iemj.org\/en\/wp-json\/wp\/v2\/frise?post=51633"},{"taxonomy":"type-devenement","embeddable":true,"href":"https:\/\/www.iemj.org\/en\/wp-json\/wp\/v2\/type-devenement?post=51633"},{"taxonomy":"tableaux-liens-externes","embeddable":true,"href":"https:\/\/www.iemj.org\/en\/wp-json\/wp\/v2\/tableaux-liens-externes?post=51633"}],"curies":[{"name":"wp","href":"https:\/\/api.w.org\/{rel}","templated":true}]}}