{"id":51646,"date":"2018-10-23T15:27:03","date_gmt":"2018-10-23T13:27:03","guid":{"rendered":"https:\/\/www.iemj.org\/itai-daniel-mahzor-hayim\/"},"modified":"2025-08-27T11:08:01","modified_gmt":"2025-08-27T09:08:01","slug":"itai-daniel-mahzor-hayim","status":"publish","type":"post","link":"https:\/\/www.iemj.org\/en\/itai-daniel-mahzor-hayim\/","title":{"rendered":"Ita\u00ef Daniel \u2013 Mahzor Hayim"},"content":{"rendered":"<h3>\u00a0<\/h3>\n<h3 class=\"post_excerpt\">5th CD IN THE &#8220;CLASSICAL MUSIC&#8221; COLLECTION<\/h3>\n<p><!--more--><\/p>\n<p>Composers, who dedicate a large part of their work to Jewish liturgical music, are quite rare. <a href=\"https:\/\/www.iemj.org\/en\/daniel-itai-1967-2\/\">Ita\u00ef Daniel<\/a>, French-Israeli pianist, conductor and composer, is one of them. After serious musical studies in Israel and in the USA, he settled in Paris in 2004 to write music. Since 2009, he conducts the Choral Copernic Ensemble in Paris, an ensemble reputed to be nowadays one of the best Jewish choirs in Europe.<\/p>\n<p><img decoding=\"async\" class=\" alignright size-full wp-image-21392\" src=\"https:\/\/www.iemj.org\/wp-content\/uploads\/2018\/10\/2014-03-12-rein-14-pe_choeur_francis_bardot_salle_gaveau_2014_redim-2.jpg\" alt=\"2014-03-12-rein-14-pe_choeur_francis_bardot_salle_gaveau_2014_redim-2.jpg\" width=\"250\" height=\"166\" align=\"right\" \/><span style=\"font-size: inherit;\">Author of many works, Ita\u00ef Daniel\u2019s music sways between classicism and modernity, in a unique blend which gives it a particular flavour. A large part of his work is linked to vocal music of Jewish inspiration. His compositions for chorus include prayers such as <\/span><em style=\"font-size: inherit;\">Yotzer<\/em><span style=\"font-size: inherit;\">, <\/span><em style=\"font-size: inherit;\">Hashkiveinou<\/em><span style=\"font-size: inherit;\">, <\/span><em style=\"font-size: inherit;\">Shema Koleinou<\/em><span style=\"font-size: inherit;\">, <\/span><em style=\"font-size: inherit;\">Hevenou Shalom Aleichem<\/em><span style=\"font-size: inherit;\">, <\/span><em style=\"font-size: inherit;\">Kaddish<\/em><span style=\"font-size: inherit;\">, <\/span><em style=\"font-size: inherit;\">Kol Nidrei<\/em><span style=\"font-size: inherit;\">, <\/span><em style=\"font-size: inherit;\">Osse Shalom<\/em><span style=\"font-size: inherit;\">&#8230; He also composed three great cantatas for choir: <\/span><em style=\"font-size: inherit;\">Mahzor Hayim<\/em><span style=\"font-size: inherit;\"> (2006), <\/span><em style=\"font-size: inherit;\">Shema Koleinou<\/em><span style=\"font-size: inherit;\"> (2007) and <\/span><em style=\"font-size: inherit;\">Bereshit<\/em><span style=\"font-size: inherit;\"> (2008), and over twenty Jewish melodies for voice and solo piano.<\/span><\/p>\n<p>This beautiful disc, performed by Ita\u00ef Daniel, Anne-Sophie Durand, Aviva Timonier, Yska Benzakoun, Thomas Macfarlane, Fran\u00e7ois Olivier and the Francis Bardot choirs transports us to the depths of the Jewish soul.<\/p>\n<p>A sensitive and rare discovery.<\/p>\n<p><img decoding=\"async\" class=\" alignleft size-full wp-image-21394\" src=\"https:\/\/www.iemj.org\/wp-content\/uploads\/2018\/10\/aviva_timonier_et_itai_daniel_kol_arta_mg_1977_redim.jpg\" alt=\"aviva_timonier_et_itai_daniel_kol_arta_mg_1977_redim.jpg\" width=\"230\" height=\"202\" align=\"left\" \/>This CD was made with the support of the <a href=\"https:\/\/www.fondationjudaisme.org\/\">Fondation du Juda\u00efsme Fran\u00e7ais<\/a>, and the <a href=\"http:\/\/www.fondationshoah.org\/\">Fondation pour la M\u00e9moire de la Shoah<\/a>, the Foundation Ir\u00e8ne and Jacques Darmon, under the aegis of the FJF, and of the <a href=\"https:\/\/www.aiu.org\/fr\/alliance-israelite-universelle\">Alliance Isra\u00e9lite Universelle<\/a>.<\/p>\n<ul>\n<li><a href=\"https:\/\/www.iemj.org\/en\/daniel-itai-1967-2\/\">Read Ita\u00ef Daniel\u2019s biography<\/a><\/li>\n<li><a href=\"https:\/\/www.iemj.org\/en\/concert-machzor-chayim-life-cycle\/\">Watch a video of a concert of Ita\u00ef Daniel<\/a><\/li>\n<li><a href=\"https:\/\/www.iemj.org\/en\/play\/?play=47\">Listen to Lea Moscona&#8217;s radio program about the Mahzor Hayim (in French)<\/a><\/li>\n<\/ul>\n<h2><a href=\"https:\/\/www.iemj.org\/en\/products-categories\/sheet-music-en\/composers-en\/daniel-itai-en-2\/\" target=\"_blank\" rel=\"noopener\">Buy this CD on the EIJM\u2019s online shop<\/a><\/h2>\n<h2><a href=\"https:\/\/www.iemj.org\/en\/products-categories\/sheet-music-en\/composers-en\/daniel-itai-en-2\/\" target=\"_blank\" rel=\"noopener\">Buy this CD on the EIJM\u2019s online shop<\/a><\/h2>\n\n\n<figure class=\"wp-block-image size-large\"><img fetchpriority=\"high\" decoding=\"async\" width=\"1024\" height=\"133\" src=\"https:\/\/www.iemj.org\/wp-content\/uploads\/2024\/03\/AUDIO-PLAYER-1024x133.png\" alt=\"\" class=\"wp-image-110607\" srcset=\"https:\/\/www.iemj.org\/wp-content\/uploads\/2024\/03\/AUDIO-PLAYER-1024x133.png 1024w, https:\/\/www.iemj.org\/wp-content\/uploads\/2024\/03\/AUDIO-PLAYER-300x39.png 300w, https:\/\/www.iemj.org\/wp-content\/uploads\/2024\/03\/AUDIO-PLAYER-768x100.png 768w, https:\/\/www.iemj.org\/wp-content\/uploads\/2024\/03\/AUDIO-PLAYER-600x78.png 600w, https:\/\/www.iemj.org\/wp-content\/uploads\/2024\/03\/AUDIO-PLAYER.png 1210w\" sizes=\"(max-width: 1024px) 100vw, 1024px\" \/><\/figure>\n\n\n\n<h2 class=\"wp-block-heading\"><\/h2>\n\n\n\n<div class=\"wp-block-file\"><a href=\"https:\/\/www.iemj.org\/wp-content\/uploads\/2018\/10\/01_ma_tovou_ohaleiha_yaakov-2.mp3\">01 Ma Tovou Ohaleiha Yaakov<\/a><\/div>\n\n\n\n<div class=\"wp-block-file\"><a href=\"https:\/\/www.iemj.org\/wp-content\/uploads\/2018\/10\/02_adon_olam-2.mp3\">02 Adon Olam<\/a><\/div>\n\n\n\n<div class=\"wp-block-file\"><a href=\"https:\/\/www.iemj.org\/wp-content\/uploads\/2018\/10\/03_kedousha-2.mp3\">03 Kedousha<\/a><\/div>\n\n\n\n<div class=\"wp-block-file\"><a href=\"https:\/\/www.iemj.org\/wp-content\/uploads\/2018\/10\/04_shema-2.mp3\">04 Shema<\/a><\/div>\n\n\n\n<div class=\"wp-block-file\"><a href=\"https:\/\/www.iemj.org\/wp-content\/uploads\/2018\/10\/05_kaddish-2.mp3\">05 Kaddish<\/a><\/div>\n\n\n\n<div class=\"wp-block-file\"><a href=\"https:\/\/www.iemj.org\/wp-content\/uploads\/2018\/10\/06_el_male_rahamim.mp3\">06 El Male Rahamim<\/a><\/div>\n\n\n\n<div class=\"wp-block-file\"><a href=\"https:\/\/www.iemj.org\/wp-content\/uploads\/2018\/10\/07_osse_shalom_bimromav.mp3\">07 Osse Shalom Bimromav<\/a><\/div>\n\n\n\n<div class=\"wp-block-file\"><a href=\"https:\/\/www.iemj.org\/wp-content\/uploads\/2018\/10\/08_elegie_pour_violoncelle_et_piano.mp3\">08 Elegie pour violoncelle et piano<\/a><\/div>\n\n\n\n<div class=\"wp-block-file\"><a href=\"https:\/\/www.iemj.org\/wp-content\/uploads\/2018\/10\/09_shema_koleinou-2.mp3\">09 Shema Koleinou<\/a><\/div>\n\n\n\n<div class=\"wp-block-file\"><a href=\"https:\/\/www.iemj.org\/wp-content\/uploads\/2018\/10\/10_lakol_zman_veet-2.mp3\">10 Lakol Zman veEt<\/a><\/div>\n\n\n\n<div class=\"wp-block-file\"><a href=\"https:\/\/www.iemj.org\/wp-content\/uploads\/2018\/10\/11_vaykhoulou_hashamayim-2.mp3\">11 Vaykhoulou haShamayim<\/a><\/div>\n\n\n\n<div class=\"wp-block-file\"><a href=\"https:\/\/www.iemj.org\/wp-content\/uploads\/2018\/10\/12_hashkiveinou-2.mp3\">12 Hashkiveinou<\/a><\/div>\n\n\n\n<div class=\"wp-block-file\"><a href=\"https:\/\/www.iemj.org\/wp-content\/uploads\/2018\/11\/jfm_9h15-du-21-11-18_lea_moscona_v128kbs.mp3\">Mahzor Hayim &amp; Kol Nidre (Collection D\u00e9couvertes) &#8211; L\u00e9a Moscona (Juda\u00efques FM 94,8)<\/a><\/div>\n","protected":false},"excerpt":{"rendered":"<p>\u00a0 5th CD IN THE &#8220;CLASSICAL MUSIC&#8221; COLLECTION<\/p>\n","protected":false},"author":1045,"featured_media":21390,"comment_status":"closed","ping_status":"open","sticky":false,"template":"","format":"standard","meta":{"_acf_changed":false,"footnotes":""},"categories":[1392,2198,1389],"tags":[],"technique":[],"squelettes":[],"sujet":[],"formation":[],"genre":[1117,1116],"fonds":[],"tradition":[],"type-de-contenu":[],"interprete-compositeur":[3180],"frise":[],"type-devenement":[],"tableaux-liens-externes":[],"class_list":["post-51646","post","type-post","status-publish","format-standard","has-post-thumbnail","hentry","category-cd-eijm-en","category-classical-music-collection-en","category-publications-en","genre-classical-music","genre-liturgy","interprete-compositeur-itai-daniel-en-3"],"acf":[],"yoast_head":"<!-- This site is optimized with the Yoast SEO plugin v27.3 - https:\/\/yoast.com\/product\/yoast-seo-wordpress\/ -->\n<title>Ita\u00ef Daniel \u2013 Mahzor Hayim - Institut Europ\u00e9en des Musiques Juives<\/title>\n<meta name=\"robots\" content=\"index, follow, max-snippet:-1, max-image-preview:large, max-video-preview:-1\" \/>\n<link rel=\"canonical\" href=\"https:\/\/www.iemj.org\/en\/itai-daniel-mahzor-hayim\/\" \/>\n<meta property=\"og:locale\" content=\"en_US\" \/>\n<meta property=\"og:type\" content=\"article\" \/>\n<meta property=\"og:title\" content=\"Ita\u00ef Daniel \u2013 Mahzor Hayim - Institut Europ\u00e9en des Musiques Juives\" \/>\n<meta property=\"og:description\" content=\"\u00a0 5th CD IN THE &#8220;CLASSICAL MUSIC&#8221; COLLECTION\" \/>\n<meta property=\"og:url\" content=\"https:\/\/www.iemj.org\/en\/itai-daniel-mahzor-hayim\/\" \/>\n<meta property=\"og:site_name\" content=\"Institut Europ\u00e9en des Musiques Juives\" \/>\n<meta property=\"article:publisher\" content=\"https:\/\/www.facebook.com\/MusiquesJuives\/\" \/>\n<meta property=\"article:published_time\" content=\"2018-10-23T13:27:03+00:00\" \/>\n<meta property=\"article:modified_time\" content=\"2025-08-27T09:08:01+00:00\" \/>\n<meta property=\"og:image\" content=\"https:\/\/www.iemj.org\/wp-content\/uploads\/2018\/10\/arton3697.jpg\" \/>\n\t<meta property=\"og:image:width\" content=\"526\" \/>\n\t<meta property=\"og:image:height\" content=\"519\" \/>\n\t<meta property=\"og:image:type\" content=\"image\/jpeg\" \/>\n<meta name=\"author\" content=\"Herv\u00e9 Roten\" \/>\n<meta name=\"twitter:card\" content=\"summary_large_image\" \/>\n<meta name=\"twitter:label1\" content=\"Written by\" \/>\n\t<meta name=\"twitter:data1\" content=\"Herv\u00e9 Roten\" \/>\n\t<meta name=\"twitter:label2\" content=\"Est. reading time\" \/>\n\t<meta name=\"twitter:data2\" content=\"3 minutes\" \/>\n<script type=\"application\/ld+json\" class=\"yoast-schema-graph\">{\"@context\":\"https:\\\/\\\/schema.org\",\"@graph\":[{\"@type\":\"Article\",\"@id\":\"https:\\\/\\\/www.iemj.org\\\/en\\\/itai-daniel-mahzor-hayim\\\/#article\",\"isPartOf\":{\"@id\":\"https:\\\/\\\/www.iemj.org\\\/en\\\/itai-daniel-mahzor-hayim\\\/\"},\"author\":{\"name\":\"Herv\u00e9 Roten\",\"@id\":\"https:\\\/\\\/www.iemj.org\\\/en\\\/#\\\/schema\\\/person\\\/906134402c29d5c76e7b726261dd4bbd\"},\"headline\":\"Ita\u00ef Daniel \u2013 Mahzor Hayim\",\"datePublished\":\"2018-10-23T13:27:03+00:00\",\"dateModified\":\"2025-08-27T09:08:01+00:00\",\"mainEntityOfPage\":{\"@id\":\"https:\\\/\\\/www.iemj.org\\\/en\\\/itai-daniel-mahzor-hayim\\\/\"},\"wordCount\":330,\"publisher\":{\"@id\":\"https:\\\/\\\/www.iemj.org\\\/en\\\/#organization\"},\"image\":{\"@id\":\"https:\\\/\\\/www.iemj.org\\\/en\\\/itai-daniel-mahzor-hayim\\\/#primaryimage\"},\"thumbnailUrl\":\"https:\\\/\\\/www.iemj.org\\\/wp-content\\\/uploads\\\/2018\\\/10\\\/arton3697.jpg\",\"articleSection\":[\"CD EIJM\",\"Classical music Collection\",\"Publications\"],\"inLanguage\":\"en-US\"},{\"@type\":\"WebPage\",\"@id\":\"https:\\\/\\\/www.iemj.org\\\/en\\\/itai-daniel-mahzor-hayim\\\/\",\"url\":\"https:\\\/\\\/www.iemj.org\\\/en\\\/itai-daniel-mahzor-hayim\\\/\",\"name\":\"Ita\u00ef Daniel \u2013 Mahzor Hayim - Institut Europ\u00e9en des Musiques Juives\",\"isPartOf\":{\"@id\":\"https:\\\/\\\/www.iemj.org\\\/en\\\/#website\"},\"primaryImageOfPage\":{\"@id\":\"https:\\\/\\\/www.iemj.org\\\/en\\\/itai-daniel-mahzor-hayim\\\/#primaryimage\"},\"image\":{\"@id\":\"https:\\\/\\\/www.iemj.org\\\/en\\\/itai-daniel-mahzor-hayim\\\/#primaryimage\"},\"thumbnailUrl\":\"https:\\\/\\\/www.iemj.org\\\/wp-content\\\/uploads\\\/2018\\\/10\\\/arton3697.jpg\",\"datePublished\":\"2018-10-23T13:27:03+00:00\",\"dateModified\":\"2025-08-27T09:08:01+00:00\",\"breadcrumb\":{\"@id\":\"https:\\\/\\\/www.iemj.org\\\/en\\\/itai-daniel-mahzor-hayim\\\/#breadcrumb\"},\"inLanguage\":\"en-US\",\"potentialAction\":[{\"@type\":\"ReadAction\",\"target\":[\"https:\\\/\\\/www.iemj.org\\\/en\\\/itai-daniel-mahzor-hayim\\\/\"]}]},{\"@type\":\"ImageObject\",\"inLanguage\":\"en-US\",\"@id\":\"https:\\\/\\\/www.iemj.org\\\/en\\\/itai-daniel-mahzor-hayim\\\/#primaryimage\",\"url\":\"https:\\\/\\\/www.iemj.org\\\/wp-content\\\/uploads\\\/2018\\\/10\\\/arton3697.jpg\",\"contentUrl\":\"https:\\\/\\\/www.iemj.org\\\/wp-content\\\/uploads\\\/2018\\\/10\\\/arton3697.jpg\",\"width\":526,\"height\":519},{\"@type\":\"BreadcrumbList\",\"@id\":\"https:\\\/\\\/www.iemj.org\\\/en\\\/itai-daniel-mahzor-hayim\\\/#breadcrumb\",\"itemListElement\":[{\"@type\":\"ListItem\",\"position\":1,\"name\":\"Accueil\",\"item\":\"https:\\\/\\\/www.iemj.org\\\/en\\\/\"},{\"@type\":\"ListItem\",\"position\":2,\"name\":\"Ita\u00ef Daniel \u2013 Mahzor Hayim\"}]},{\"@type\":\"WebSite\",\"@id\":\"https:\\\/\\\/www.iemj.org\\\/en\\\/#website\",\"url\":\"https:\\\/\\\/www.iemj.org\\\/en\\\/\",\"name\":\"Institut Europ\u00e9en des Musiques Juives\",\"description\":\"Des traditions musicales \u00e0 la port\u00e9e de tous\",\"publisher\":{\"@id\":\"https:\\\/\\\/www.iemj.org\\\/en\\\/#organization\"},\"potentialAction\":[{\"@type\":\"SearchAction\",\"target\":{\"@type\":\"EntryPoint\",\"urlTemplate\":\"https:\\\/\\\/www.iemj.org\\\/en\\\/?s={search_term_string}\"},\"query-input\":{\"@type\":\"PropertyValueSpecification\",\"valueRequired\":true,\"valueName\":\"search_term_string\"}}],\"inLanguage\":\"en-US\"},{\"@type\":\"Organization\",\"@id\":\"https:\\\/\\\/www.iemj.org\\\/en\\\/#organization\",\"name\":\"Institut Europ\u00e9en des Musiques Juives\",\"url\":\"https:\\\/\\\/www.iemj.org\\\/en\\\/\",\"logo\":{\"@type\":\"ImageObject\",\"inLanguage\":\"en-US\",\"@id\":\"https:\\\/\\\/www.iemj.org\\\/en\\\/#\\\/schema\\\/logo\\\/image\\\/\",\"url\":\"https:\\\/\\\/www.iemj.org\\\/wp-content\\\/uploads\\\/2021\\\/09\\\/Logo-IEMJ-Paypal.jpg\",\"contentUrl\":\"https:\\\/\\\/www.iemj.org\\\/wp-content\\\/uploads\\\/2021\\\/09\\\/Logo-IEMJ-Paypal.jpg\",\"width\":150,\"height\":50,\"caption\":\"Institut Europ\u00e9en des Musiques Juives\"},\"image\":{\"@id\":\"https:\\\/\\\/www.iemj.org\\\/en\\\/#\\\/schema\\\/logo\\\/image\\\/\"},\"sameAs\":[\"https:\\\/\\\/www.facebook.com\\\/MusiquesJuives\\\/\",\"https:\\\/\\\/www.instagram.com\\\/musiquesjuives\\\/\",\"https:\\\/\\\/www.youtube.com\\\/user\\\/musiquesjuives\"]},{\"@type\":\"Person\",\"@id\":\"https:\\\/\\\/www.iemj.org\\\/en\\\/#\\\/schema\\\/person\\\/906134402c29d5c76e7b726261dd4bbd\",\"name\":\"Herv\u00e9 Roten\",\"image\":{\"@type\":\"ImageObject\",\"inLanguage\":\"en-US\",\"@id\":\"https:\\\/\\\/secure.gravatar.com\\\/avatar\\\/f96ad2db538a26481f18384936b5cd0610c92d390c4dc382209216d455f685ff?s=96&d=mm&r=g\",\"url\":\"https:\\\/\\\/secure.gravatar.com\\\/avatar\\\/f96ad2db538a26481f18384936b5cd0610c92d390c4dc382209216d455f685ff?s=96&d=mm&r=g\",\"contentUrl\":\"https:\\\/\\\/secure.gravatar.com\\\/avatar\\\/f96ad2db538a26481f18384936b5cd0610c92d390c4dc382209216d455f685ff?s=96&d=mm&r=g\",\"caption\":\"Herv\u00e9 Roten\"}}]}<\/script>\n<!-- \/ Yoast SEO plugin. -->","yoast_head_json":{"title":"Ita\u00ef Daniel \u2013 Mahzor Hayim - Institut Europ\u00e9en des Musiques Juives","robots":{"index":"index","follow":"follow","max-snippet":"max-snippet:-1","max-image-preview":"max-image-preview:large","max-video-preview":"max-video-preview:-1"},"canonical":"https:\/\/www.iemj.org\/en\/itai-daniel-mahzor-hayim\/","og_locale":"en_US","og_type":"article","og_title":"Ita\u00ef Daniel \u2013 Mahzor Hayim - Institut Europ\u00e9en des Musiques Juives","og_description":"\u00a0 5th CD IN THE &#8220;CLASSICAL MUSIC&#8221; COLLECTION","og_url":"https:\/\/www.iemj.org\/en\/itai-daniel-mahzor-hayim\/","og_site_name":"Institut Europ\u00e9en des Musiques Juives","article_publisher":"https:\/\/www.facebook.com\/MusiquesJuives\/","article_published_time":"2018-10-23T13:27:03+00:00","article_modified_time":"2025-08-27T09:08:01+00:00","og_image":[{"width":526,"height":519,"url":"https:\/\/www.iemj.org\/wp-content\/uploads\/2018\/10\/arton3697.jpg","type":"image\/jpeg"}],"author":"Herv\u00e9 Roten","twitter_card":"summary_large_image","twitter_misc":{"Written by":"Herv\u00e9 Roten","Est. reading time":"3 minutes"},"schema":{"@context":"https:\/\/schema.org","@graph":[{"@type":"Article","@id":"https:\/\/www.iemj.org\/en\/itai-daniel-mahzor-hayim\/#article","isPartOf":{"@id":"https:\/\/www.iemj.org\/en\/itai-daniel-mahzor-hayim\/"},"author":{"name":"Herv\u00e9 Roten","@id":"https:\/\/www.iemj.org\/en\/#\/schema\/person\/906134402c29d5c76e7b726261dd4bbd"},"headline":"Ita\u00ef Daniel \u2013 Mahzor Hayim","datePublished":"2018-10-23T13:27:03+00:00","dateModified":"2025-08-27T09:08:01+00:00","mainEntityOfPage":{"@id":"https:\/\/www.iemj.org\/en\/itai-daniel-mahzor-hayim\/"},"wordCount":330,"publisher":{"@id":"https:\/\/www.iemj.org\/en\/#organization"},"image":{"@id":"https:\/\/www.iemj.org\/en\/itai-daniel-mahzor-hayim\/#primaryimage"},"thumbnailUrl":"https:\/\/www.iemj.org\/wp-content\/uploads\/2018\/10\/arton3697.jpg","articleSection":["CD EIJM","Classical music Collection","Publications"],"inLanguage":"en-US"},{"@type":"WebPage","@id":"https:\/\/www.iemj.org\/en\/itai-daniel-mahzor-hayim\/","url":"https:\/\/www.iemj.org\/en\/itai-daniel-mahzor-hayim\/","name":"Ita\u00ef Daniel \u2013 Mahzor Hayim - Institut Europ\u00e9en des Musiques Juives","isPartOf":{"@id":"https:\/\/www.iemj.org\/en\/#website"},"primaryImageOfPage":{"@id":"https:\/\/www.iemj.org\/en\/itai-daniel-mahzor-hayim\/#primaryimage"},"image":{"@id":"https:\/\/www.iemj.org\/en\/itai-daniel-mahzor-hayim\/#primaryimage"},"thumbnailUrl":"https:\/\/www.iemj.org\/wp-content\/uploads\/2018\/10\/arton3697.jpg","datePublished":"2018-10-23T13:27:03+00:00","dateModified":"2025-08-27T09:08:01+00:00","breadcrumb":{"@id":"https:\/\/www.iemj.org\/en\/itai-daniel-mahzor-hayim\/#breadcrumb"},"inLanguage":"en-US","potentialAction":[{"@type":"ReadAction","target":["https:\/\/www.iemj.org\/en\/itai-daniel-mahzor-hayim\/"]}]},{"@type":"ImageObject","inLanguage":"en-US","@id":"https:\/\/www.iemj.org\/en\/itai-daniel-mahzor-hayim\/#primaryimage","url":"https:\/\/www.iemj.org\/wp-content\/uploads\/2018\/10\/arton3697.jpg","contentUrl":"https:\/\/www.iemj.org\/wp-content\/uploads\/2018\/10\/arton3697.jpg","width":526,"height":519},{"@type":"BreadcrumbList","@id":"https:\/\/www.iemj.org\/en\/itai-daniel-mahzor-hayim\/#breadcrumb","itemListElement":[{"@type":"ListItem","position":1,"name":"Accueil","item":"https:\/\/www.iemj.org\/en\/"},{"@type":"ListItem","position":2,"name":"Ita\u00ef Daniel \u2013 Mahzor Hayim"}]},{"@type":"WebSite","@id":"https:\/\/www.iemj.org\/en\/#website","url":"https:\/\/www.iemj.org\/en\/","name":"Institut Europ\u00e9en des Musiques Juives","description":"Des traditions musicales \u00e0 la port\u00e9e de tous","publisher":{"@id":"https:\/\/www.iemj.org\/en\/#organization"},"potentialAction":[{"@type":"SearchAction","target":{"@type":"EntryPoint","urlTemplate":"https:\/\/www.iemj.org\/en\/?s={search_term_string}"},"query-input":{"@type":"PropertyValueSpecification","valueRequired":true,"valueName":"search_term_string"}}],"inLanguage":"en-US"},{"@type":"Organization","@id":"https:\/\/www.iemj.org\/en\/#organization","name":"Institut Europ\u00e9en des Musiques Juives","url":"https:\/\/www.iemj.org\/en\/","logo":{"@type":"ImageObject","inLanguage":"en-US","@id":"https:\/\/www.iemj.org\/en\/#\/schema\/logo\/image\/","url":"https:\/\/www.iemj.org\/wp-content\/uploads\/2021\/09\/Logo-IEMJ-Paypal.jpg","contentUrl":"https:\/\/www.iemj.org\/wp-content\/uploads\/2021\/09\/Logo-IEMJ-Paypal.jpg","width":150,"height":50,"caption":"Institut Europ\u00e9en des Musiques Juives"},"image":{"@id":"https:\/\/www.iemj.org\/en\/#\/schema\/logo\/image\/"},"sameAs":["https:\/\/www.facebook.com\/MusiquesJuives\/","https:\/\/www.instagram.com\/musiquesjuives\/","https:\/\/www.youtube.com\/user\/musiquesjuives"]},{"@type":"Person","@id":"https:\/\/www.iemj.org\/en\/#\/schema\/person\/906134402c29d5c76e7b726261dd4bbd","name":"Herv\u00e9 Roten","image":{"@type":"ImageObject","inLanguage":"en-US","@id":"https:\/\/secure.gravatar.com\/avatar\/f96ad2db538a26481f18384936b5cd0610c92d390c4dc382209216d455f685ff?s=96&d=mm&r=g","url":"https:\/\/secure.gravatar.com\/avatar\/f96ad2db538a26481f18384936b5cd0610c92d390c4dc382209216d455f685ff?s=96&d=mm&r=g","contentUrl":"https:\/\/secure.gravatar.com\/avatar\/f96ad2db538a26481f18384936b5cd0610c92d390c4dc382209216d455f685ff?s=96&d=mm&r=g","caption":"Herv\u00e9 Roten"}}]}},"_links":{"self":[{"href":"https:\/\/www.iemj.org\/en\/wp-json\/wp\/v2\/posts\/51646","targetHints":{"allow":["GET"]}}],"collection":[{"href":"https:\/\/www.iemj.org\/en\/wp-json\/wp\/v2\/posts"}],"about":[{"href":"https:\/\/www.iemj.org\/en\/wp-json\/wp\/v2\/types\/post"}],"author":[{"embeddable":true,"href":"https:\/\/www.iemj.org\/en\/wp-json\/wp\/v2\/users\/1045"}],"replies":[{"embeddable":true,"href":"https:\/\/www.iemj.org\/en\/wp-json\/wp\/v2\/comments?post=51646"}],"version-history":[{"count":0,"href":"https:\/\/www.iemj.org\/en\/wp-json\/wp\/v2\/posts\/51646\/revisions"}],"wp:featuredmedia":[{"embeddable":true,"href":"https:\/\/www.iemj.org\/en\/wp-json\/wp\/v2\/media\/21390"}],"wp:attachment":[{"href":"https:\/\/www.iemj.org\/en\/wp-json\/wp\/v2\/media?parent=51646"}],"wp:term":[{"taxonomy":"category","embeddable":true,"href":"https:\/\/www.iemj.org\/en\/wp-json\/wp\/v2\/categories?post=51646"},{"taxonomy":"post_tag","embeddable":true,"href":"https:\/\/www.iemj.org\/en\/wp-json\/wp\/v2\/tags?post=51646"},{"taxonomy":"technique","embeddable":true,"href":"https:\/\/www.iemj.org\/en\/wp-json\/wp\/v2\/technique?post=51646"},{"taxonomy":"squelettes","embeddable":true,"href":"https:\/\/www.iemj.org\/en\/wp-json\/wp\/v2\/squelettes?post=51646"},{"taxonomy":"sujet","embeddable":true,"href":"https:\/\/www.iemj.org\/en\/wp-json\/wp\/v2\/sujet?post=51646"},{"taxonomy":"formation","embeddable":true,"href":"https:\/\/www.iemj.org\/en\/wp-json\/wp\/v2\/formation?post=51646"},{"taxonomy":"genre","embeddable":true,"href":"https:\/\/www.iemj.org\/en\/wp-json\/wp\/v2\/genre?post=51646"},{"taxonomy":"fonds","embeddable":true,"href":"https:\/\/www.iemj.org\/en\/wp-json\/wp\/v2\/fonds?post=51646"},{"taxonomy":"tradition","embeddable":true,"href":"https:\/\/www.iemj.org\/en\/wp-json\/wp\/v2\/tradition?post=51646"},{"taxonomy":"type-de-contenu","embeddable":true,"href":"https:\/\/www.iemj.org\/en\/wp-json\/wp\/v2\/type-de-contenu?post=51646"},{"taxonomy":"interprete-compositeur","embeddable":true,"href":"https:\/\/www.iemj.org\/en\/wp-json\/wp\/v2\/interprete-compositeur?post=51646"},{"taxonomy":"frise","embeddable":true,"href":"https:\/\/www.iemj.org\/en\/wp-json\/wp\/v2\/frise?post=51646"},{"taxonomy":"type-devenement","embeddable":true,"href":"https:\/\/www.iemj.org\/en\/wp-json\/wp\/v2\/type-devenement?post=51646"},{"taxonomy":"tableaux-liens-externes","embeddable":true,"href":"https:\/\/www.iemj.org\/en\/wp-json\/wp\/v2\/tableaux-liens-externes?post=51646"}],"curies":[{"name":"wp","href":"https:\/\/api.w.org\/{rel}","templated":true}]}}