{"id":51661,"date":"2018-07-04T12:55:08","date_gmt":"2018-07-04T10:55:08","guid":{"rendered":"https:\/\/www.iemj.org\/dzigan-et-shumacher\/"},"modified":"2022-09-22T12:48:56","modified_gmt":"2022-09-22T10:48:56","slug":"dzigan-et-shumacher","status":"publish","type":"post","link":"https:\/\/www.iemj.org\/en\/dzigan-et-shumacher\/","title":{"rendered":"Dzigan and Shumacher"},"content":{"rendered":"<p>Native of \u0141\u00f3d\u017a in Poland, Shimen (Szymon) Dzigan (1905-1980) and Yisroel Shumacher (Szumacher) (1908-1961), forming the famous Yiddish comedy duet, were known worldwide before and after the 2nd world war.<\/p>\n<p>The son of a tailor, <strong>Shimen Dzigan<\/strong> should have been a tailor like his father, but fate decided otherwise when the famous writer and poet <strong>Moyshe Broderzon<\/strong> noticed his gifts in improvising and parody during a banquet in 1927. He hired him then in the <em>Ararat<\/em> cabaret that he created in \u0141\u00f3d\u017a. One year later, <strong>Yisroel Shumacher<\/strong> joined the cabaret.<\/p>\n<p>The two artists, influenced by the emerging Yiddish theatre, shared the belief that, as Jews, they had to preserve the Yiddish language. Both were also seduced by the socialist ideas that were current after the first world war. And their skits reflected those new ideas. Indeed, the <em>Ararat<\/em> troupe, and its energetic actors with excessive make-up and impressive costumes, didn\u2019t look like any other Yiddish theatre so far.<\/p>\n<p><img fetchpriority=\"high\" decoding=\"async\" class=\" alignleft size-full wp-image-20370\" src=\"https:\/\/www.iemj.org\/wp-content\/uploads\/2018\/07\/dzigan_et_shumacher_1.jpg\" alt=\"dzigan_et_shumacher_1.jpg\" width=\"350\" height=\"262\" align=\"left\" srcset=\"https:\/\/www.iemj.org\/wp-content\/uploads\/2018\/07\/dzigan_et_shumacher_1.jpg 350w, https:\/\/www.iemj.org\/wp-content\/uploads\/2018\/07\/dzigan_et_shumacher_1-300x225.jpg 300w\" sizes=\"(max-width: 350px) 100vw, 350px\" \/><\/p>\n<p>After working 6 years in \u0141\u00f3d\u017a, Dzigan and Shumacher settled in Warsaw. They played during one year as part of <em>Di Yiddishe Bande<\/em> troupe, and decided to re-establish <em>Ararat<\/em> troupe with some of the founding members of \u0141\u00f3d\u017a. Finally the two comedians chose to perform only as a duet: they created their own cabaret at the <em>Nowo\u015bci<\/em> theatre of Warsaw in 1935.<\/p>\n<p>In 1937, they performed in the Yiddish film <em>Freylekhe Kabtsonim (Jolly Paupers)<\/em> directed by <strong>Zygmunt Turkow<\/strong>.<\/p>\n<p>When the Nazis invaded Poland, Dzigan and Shumacher fled to Bia\u0142ystok, occupied at the time by the Soviets. They continued their shows in Minsk, Moscow, Leningrad, Kiev, Kharkov and all Soviet cities where a Yiddish speaking population lived. But when they tried to leave the Soviet Union with the Polish army of General Anders, they were arrested, and spent 4 years in the labor camp Aktioubinsk where they were able, after all, to perform their show for the Jewish people, but also for the banquets of the NKVD (<em>Narodni Komissariat Vnoutrennikh Diel<\/em> [interior ministry of the Soviet Union]). Released in 1946, arrested again in Lw\u00f3w, they ended up by reaching Warsaw in 1947.<\/p>\n<p>In 1948, they performed in <em>Undzere kinder<\/em> (our children), one of the last films in Yiddish filmed in Poland, about the destruction of the European Jews, directed by <strong>Natan Gross<\/strong>.<\/p>\n<p><img decoding=\"async\" class=\" alignright  wp-image-20372\" src=\"https:\/\/www.iemj.org\/wp-content\/uploads\/2018\/07\/israel_shumacher.jpg\" alt=\"israel_shumacher.jpg\" width=\"176\" height=\"212\" align=\"right\" \/><\/p>\n<p>In 1950, they decided to settle in the young state of Israel, where the demand for a Yiddish entertainment was very strong, and where many Jewish people throughout the country knew their skits by heart. But, following the desire of the leaders of this time to create a new Israeli society speaking Hebrew, almost all shows in Yiddish were forbidden, and Dzigan and Shumacher\u2019s shows, despite their popularity, were no exception.<br \/>They decided therefore to emigrate to Buenos Aires in Argentina, where they created a new cabaret.<\/p>\n<p><img decoding=\"async\" class=\" alignleft size-full wp-image-20374\" src=\"https:\/\/www.iemj.org\/wp-content\/uploads\/2018\/07\/dzigan.jpg\" alt=\"dzigan.jpg\" width=\"204\" height=\"250\" align=\"left\" \/><\/p>\n<p>In 1958, when the law forbidding the performing in Yiddish was abolished in Israel, our two friends settled in Tel-Aviv and created their own theatre. But this lasted just a short time, and the two comedians who started quarreling in the mid-1950\u2019s finally seperated in 1960.<\/p>\n<p>One year later, Shumacher died of an illness at the age of 53.<\/p>\n<p>Dzigan continued to perform on stage for the next twenty years, and also on the Israeli television. He died on April 14, 1980, one day after a performance on stage.<\/p>\n<p>\u00a0<\/p>\n<h4>The Yiddish Laurel and Hardy<\/h4>\n<p>The two comedians played very distinctive characters. Dzigan was the nervous one, a chatty, happy, whining beggar. Shumacher was more phlegmatic and gave lessons. Commenting on the daily news, they mocked the Anti-semites, politics, as well as themselves and the audience. They were sometimes compared to <strong>Laurel and Hardy<\/strong>, or to two <strong>Don Quixotes<\/strong> sitting on a bench, one dreaming of Palestine, the other of Birobidjjan.<\/p>\n<p>Dzigan and Shumacher remain the most famous Yiddish comedy duet throughout the world.<\/p>\n<p><em>Sources:<br \/><a href=\"http:\/\/www.yivoencyclopedia.org\/article.aspx\/Dzigan_and_Shumacher\">YIVO Encyclopedia<\/a><br \/><a href=\"https:\/\/www.bh.org.il\/blog-items\/forget-the-troubles-and-laugh-30-years-of-dzigan-and-schumacher\/\">Beit Hatfutsot<\/a><br \/><\/em><\/p>\n<p><a href=\"https:\/\/www.iemj.org\/en\/dzigan-shumacher\/\" target=\"_blank\" rel=\"noopener\">Discover audio recordings of their skits<\/a><br \/><a href=\"http:\/\/www.rachelnet.net\/F\/?func=find-c&amp;ccl_term=WRD%3DDzigan+et+Szumacher+sauf+wty%3D%28plage+ou+extrait+ou+partition%29&amp;local_base=iemcg&amp;x=11&amp;y=19\" target=\"_blank\" rel=\"noopener\">Browse the documents catalogued around Dzigan and Shumacher<\/a><\/p>\n\n\n<figure class=\"wp-block-embed is-type-video is-provider-youtube wp-block-embed-youtube wp-embed-aspect-4-3 wp-has-aspect-ratio\"><div class=\"wp-block-embed__wrapper\">\n<iframe title=\"\u05d3\u05d6&#039;\u05d9\u05d2\u05d0\u05df \u05d5\u05e9\u05d5\u05de\u05db\u05e8: \u05e9\u05e8\u05d9\u05e4\u05d4 \u05d1\u05db\u05ea\u05e8\u05d9\u05dc\u05d9\u05d1\u05e7\u05d4\" width=\"640\" height=\"480\" src=\"https:\/\/www.youtube.com\/embed\/ABCvK5iBbqs?feature=oembed\" frameborder=\"0\" allow=\"accelerometer; autoplay; clipboard-write; encrypted-media; gyroscope; picture-in-picture; web-share\" referrerpolicy=\"strict-origin-when-cross-origin\" allowfullscreen><\/iframe>\n<\/div><\/figure>\n","protected":false},"excerpt":{"rendered":"<p>Native of \u0141\u00f3d\u017a in Poland, Shimen (Szymon) Dzigan (1905-1980) and Yisroel Shumacher (Szumacher) (1908-1961), forming the famous Yiddish comedy duet, were known worldwide before and after the 2nd world war.<\/p>\n","protected":false},"author":1048,"featured_media":20368,"comment_status":"closed","ping_status":"open","sticky":false,"template":"","format":"standard","meta":{"_acf_changed":false,"footnotes":""},"categories":[903],"tags":[],"technique":[],"squelettes":[],"sujet":[],"formation":[],"genre":[],"fonds":[],"tradition":[],"type-de-contenu":[],"interprete-compositeur":[],"frise":[],"type-devenement":[],"tableaux-liens-externes":[],"class_list":["post-51661","post","type-post","status-publish","format-standard","has-post-thumbnail","hentry","category-biographies-en"],"acf":[],"yoast_head":"<!-- This site is optimized with the Yoast SEO plugin v27.3 - https:\/\/yoast.com\/product\/yoast-seo-wordpress\/ -->\n<title>Dzigan and Shumacher - Institut Europ\u00e9en des Musiques Juives<\/title>\n<meta name=\"robots\" content=\"index, follow, max-snippet:-1, max-image-preview:large, max-video-preview:-1\" \/>\n<link rel=\"canonical\" href=\"https:\/\/www.iemj.org\/en\/dzigan-et-shumacher\/\" \/>\n<meta property=\"og:locale\" content=\"en_US\" \/>\n<meta property=\"og:type\" content=\"article\" \/>\n<meta property=\"og:title\" content=\"Dzigan and Shumacher - Institut Europ\u00e9en des Musiques Juives\" \/>\n<meta property=\"og:description\" content=\"Native of \u0141\u00f3d\u017a in Poland, Shimen (Szymon) Dzigan (1905-1980) and Yisroel Shumacher (Szumacher) (1908-1961), forming the famous Yiddish comedy duet, were known worldwide before and after the 2nd world war.\" \/>\n<meta property=\"og:url\" content=\"https:\/\/www.iemj.org\/en\/dzigan-et-shumacher\/\" \/>\n<meta property=\"og:site_name\" content=\"Institut Europ\u00e9en des Musiques Juives\" \/>\n<meta property=\"article:publisher\" content=\"https:\/\/www.facebook.com\/MusiquesJuives\/\" \/>\n<meta property=\"article:published_time\" content=\"2018-07-04T10:55:08+00:00\" \/>\n<meta property=\"article:modified_time\" content=\"2022-09-22T10:48:56+00:00\" \/>\n<meta property=\"og:image\" content=\"https:\/\/www.iemj.org\/wp-content\/uploads\/2018\/07\/arton3548-e1624974596757.jpg\" \/>\n\t<meta property=\"og:image:width\" content=\"211\" \/>\n\t<meta property=\"og:image:height\" content=\"218\" \/>\n\t<meta property=\"og:image:type\" content=\"image\/jpeg\" \/>\n<meta name=\"author\" content=\"Jean-Gabriel Davis\" \/>\n<meta name=\"twitter:card\" content=\"summary_large_image\" \/>\n<meta name=\"twitter:label1\" content=\"Written by\" \/>\n\t<meta name=\"twitter:data1\" content=\"Jean-Gabriel Davis\" \/>\n\t<meta name=\"twitter:label2\" content=\"Est. reading time\" \/>\n\t<meta name=\"twitter:data2\" content=\"4 minutes\" \/>\n<script type=\"application\/ld+json\" class=\"yoast-schema-graph\">{\"@context\":\"https:\\\/\\\/schema.org\",\"@graph\":[{\"@type\":\"Article\",\"@id\":\"https:\\\/\\\/www.iemj.org\\\/en\\\/dzigan-et-shumacher\\\/#article\",\"isPartOf\":{\"@id\":\"https:\\\/\\\/www.iemj.org\\\/en\\\/dzigan-et-shumacher\\\/\"},\"author\":{\"name\":\"Jean-Gabriel Davis\",\"@id\":\"https:\\\/\\\/www.iemj.org\\\/en\\\/#\\\/schema\\\/person\\\/c9bc1c386a3749579a2d675e72a18666\"},\"headline\":\"Dzigan and Shumacher\",\"datePublished\":\"2018-07-04T10:55:08+00:00\",\"dateModified\":\"2022-09-22T10:48:56+00:00\",\"mainEntityOfPage\":{\"@id\":\"https:\\\/\\\/www.iemj.org\\\/en\\\/dzigan-et-shumacher\\\/\"},\"wordCount\":658,\"publisher\":{\"@id\":\"https:\\\/\\\/www.iemj.org\\\/en\\\/#organization\"},\"image\":{\"@id\":\"https:\\\/\\\/www.iemj.org\\\/en\\\/dzigan-et-shumacher\\\/#primaryimage\"},\"thumbnailUrl\":\"https:\\\/\\\/www.iemj.org\\\/wp-content\\\/uploads\\\/2018\\\/07\\\/arton3548-e1624974596757.jpg\",\"articleSection\":[\"Biographies\"],\"inLanguage\":\"en-US\"},{\"@type\":\"WebPage\",\"@id\":\"https:\\\/\\\/www.iemj.org\\\/en\\\/dzigan-et-shumacher\\\/\",\"url\":\"https:\\\/\\\/www.iemj.org\\\/en\\\/dzigan-et-shumacher\\\/\",\"name\":\"Dzigan and Shumacher - Institut Europ\u00e9en des Musiques Juives\",\"isPartOf\":{\"@id\":\"https:\\\/\\\/www.iemj.org\\\/en\\\/#website\"},\"primaryImageOfPage\":{\"@id\":\"https:\\\/\\\/www.iemj.org\\\/en\\\/dzigan-et-shumacher\\\/#primaryimage\"},\"image\":{\"@id\":\"https:\\\/\\\/www.iemj.org\\\/en\\\/dzigan-et-shumacher\\\/#primaryimage\"},\"thumbnailUrl\":\"https:\\\/\\\/www.iemj.org\\\/wp-content\\\/uploads\\\/2018\\\/07\\\/arton3548-e1624974596757.jpg\",\"datePublished\":\"2018-07-04T10:55:08+00:00\",\"dateModified\":\"2022-09-22T10:48:56+00:00\",\"breadcrumb\":{\"@id\":\"https:\\\/\\\/www.iemj.org\\\/en\\\/dzigan-et-shumacher\\\/#breadcrumb\"},\"inLanguage\":\"en-US\",\"potentialAction\":[{\"@type\":\"ReadAction\",\"target\":[\"https:\\\/\\\/www.iemj.org\\\/en\\\/dzigan-et-shumacher\\\/\"]}]},{\"@type\":\"ImageObject\",\"inLanguage\":\"en-US\",\"@id\":\"https:\\\/\\\/www.iemj.org\\\/en\\\/dzigan-et-shumacher\\\/#primaryimage\",\"url\":\"https:\\\/\\\/www.iemj.org\\\/wp-content\\\/uploads\\\/2018\\\/07\\\/arton3548-e1624974596757.jpg\",\"contentUrl\":\"https:\\\/\\\/www.iemj.org\\\/wp-content\\\/uploads\\\/2018\\\/07\\\/arton3548-e1624974596757.jpg\",\"width\":211,\"height\":218,\"caption\":\"logo bio Dzigan et Shumacher\"},{\"@type\":\"BreadcrumbList\",\"@id\":\"https:\\\/\\\/www.iemj.org\\\/en\\\/dzigan-et-shumacher\\\/#breadcrumb\",\"itemListElement\":[{\"@type\":\"ListItem\",\"position\":1,\"name\":\"Accueil\",\"item\":\"https:\\\/\\\/www.iemj.org\\\/en\\\/\"},{\"@type\":\"ListItem\",\"position\":2,\"name\":\"Dzigan and Shumacher\"}]},{\"@type\":\"WebSite\",\"@id\":\"https:\\\/\\\/www.iemj.org\\\/en\\\/#website\",\"url\":\"https:\\\/\\\/www.iemj.org\\\/en\\\/\",\"name\":\"Institut Europ\u00e9en des Musiques Juives\",\"description\":\"Des traditions musicales \u00e0 la port\u00e9e de tous\",\"publisher\":{\"@id\":\"https:\\\/\\\/www.iemj.org\\\/en\\\/#organization\"},\"potentialAction\":[{\"@type\":\"SearchAction\",\"target\":{\"@type\":\"EntryPoint\",\"urlTemplate\":\"https:\\\/\\\/www.iemj.org\\\/en\\\/?s={search_term_string}\"},\"query-input\":{\"@type\":\"PropertyValueSpecification\",\"valueRequired\":true,\"valueName\":\"search_term_string\"}}],\"inLanguage\":\"en-US\"},{\"@type\":\"Organization\",\"@id\":\"https:\\\/\\\/www.iemj.org\\\/en\\\/#organization\",\"name\":\"Institut Europ\u00e9en des Musiques Juives\",\"url\":\"https:\\\/\\\/www.iemj.org\\\/en\\\/\",\"logo\":{\"@type\":\"ImageObject\",\"inLanguage\":\"en-US\",\"@id\":\"https:\\\/\\\/www.iemj.org\\\/en\\\/#\\\/schema\\\/logo\\\/image\\\/\",\"url\":\"https:\\\/\\\/www.iemj.org\\\/wp-content\\\/uploads\\\/2021\\\/09\\\/Logo-IEMJ-Paypal.jpg\",\"contentUrl\":\"https:\\\/\\\/www.iemj.org\\\/wp-content\\\/uploads\\\/2021\\\/09\\\/Logo-IEMJ-Paypal.jpg\",\"width\":150,\"height\":50,\"caption\":\"Institut Europ\u00e9en des Musiques Juives\"},\"image\":{\"@id\":\"https:\\\/\\\/www.iemj.org\\\/en\\\/#\\\/schema\\\/logo\\\/image\\\/\"},\"sameAs\":[\"https:\\\/\\\/www.facebook.com\\\/MusiquesJuives\\\/\",\"https:\\\/\\\/www.instagram.com\\\/musiquesjuives\\\/\",\"https:\\\/\\\/www.youtube.com\\\/user\\\/musiquesjuives\"]},{\"@type\":\"Person\",\"@id\":\"https:\\\/\\\/www.iemj.org\\\/en\\\/#\\\/schema\\\/person\\\/c9bc1c386a3749579a2d675e72a18666\",\"name\":\"Jean-Gabriel Davis\",\"image\":{\"@type\":\"ImageObject\",\"inLanguage\":\"en-US\",\"@id\":\"https:\\\/\\\/secure.gravatar.com\\\/avatar\\\/2b90d67bdf392c9b3a21fab87c0fa7edaf1fb3a058172a1ffd61033fcec7aec1?s=96&d=mm&r=g\",\"url\":\"https:\\\/\\\/secure.gravatar.com\\\/avatar\\\/2b90d67bdf392c9b3a21fab87c0fa7edaf1fb3a058172a1ffd61033fcec7aec1?s=96&d=mm&r=g\",\"contentUrl\":\"https:\\\/\\\/secure.gravatar.com\\\/avatar\\\/2b90d67bdf392c9b3a21fab87c0fa7edaf1fb3a058172a1ffd61033fcec7aec1?s=96&d=mm&r=g\",\"caption\":\"Jean-Gabriel Davis\"}}]}<\/script>\n<!-- \/ Yoast SEO plugin. -->","yoast_head_json":{"title":"Dzigan and Shumacher - Institut Europ\u00e9en des Musiques Juives","robots":{"index":"index","follow":"follow","max-snippet":"max-snippet:-1","max-image-preview":"max-image-preview:large","max-video-preview":"max-video-preview:-1"},"canonical":"https:\/\/www.iemj.org\/en\/dzigan-et-shumacher\/","og_locale":"en_US","og_type":"article","og_title":"Dzigan and Shumacher - Institut Europ\u00e9en des Musiques Juives","og_description":"Native of \u0141\u00f3d\u017a in Poland, Shimen (Szymon) Dzigan (1905-1980) and Yisroel Shumacher (Szumacher) (1908-1961), forming the famous Yiddish comedy duet, were known worldwide before and after the 2nd world war.","og_url":"https:\/\/www.iemj.org\/en\/dzigan-et-shumacher\/","og_site_name":"Institut Europ\u00e9en des Musiques Juives","article_publisher":"https:\/\/www.facebook.com\/MusiquesJuives\/","article_published_time":"2018-07-04T10:55:08+00:00","article_modified_time":"2022-09-22T10:48:56+00:00","og_image":[{"width":211,"height":218,"url":"https:\/\/www.iemj.org\/wp-content\/uploads\/2018\/07\/arton3548-e1624974596757.jpg","type":"image\/jpeg"}],"author":"Jean-Gabriel Davis","twitter_card":"summary_large_image","twitter_misc":{"Written by":"Jean-Gabriel Davis","Est. reading time":"4 minutes"},"schema":{"@context":"https:\/\/schema.org","@graph":[{"@type":"Article","@id":"https:\/\/www.iemj.org\/en\/dzigan-et-shumacher\/#article","isPartOf":{"@id":"https:\/\/www.iemj.org\/en\/dzigan-et-shumacher\/"},"author":{"name":"Jean-Gabriel Davis","@id":"https:\/\/www.iemj.org\/en\/#\/schema\/person\/c9bc1c386a3749579a2d675e72a18666"},"headline":"Dzigan and Shumacher","datePublished":"2018-07-04T10:55:08+00:00","dateModified":"2022-09-22T10:48:56+00:00","mainEntityOfPage":{"@id":"https:\/\/www.iemj.org\/en\/dzigan-et-shumacher\/"},"wordCount":658,"publisher":{"@id":"https:\/\/www.iemj.org\/en\/#organization"},"image":{"@id":"https:\/\/www.iemj.org\/en\/dzigan-et-shumacher\/#primaryimage"},"thumbnailUrl":"https:\/\/www.iemj.org\/wp-content\/uploads\/2018\/07\/arton3548-e1624974596757.jpg","articleSection":["Biographies"],"inLanguage":"en-US"},{"@type":"WebPage","@id":"https:\/\/www.iemj.org\/en\/dzigan-et-shumacher\/","url":"https:\/\/www.iemj.org\/en\/dzigan-et-shumacher\/","name":"Dzigan and Shumacher - Institut Europ\u00e9en des Musiques Juives","isPartOf":{"@id":"https:\/\/www.iemj.org\/en\/#website"},"primaryImageOfPage":{"@id":"https:\/\/www.iemj.org\/en\/dzigan-et-shumacher\/#primaryimage"},"image":{"@id":"https:\/\/www.iemj.org\/en\/dzigan-et-shumacher\/#primaryimage"},"thumbnailUrl":"https:\/\/www.iemj.org\/wp-content\/uploads\/2018\/07\/arton3548-e1624974596757.jpg","datePublished":"2018-07-04T10:55:08+00:00","dateModified":"2022-09-22T10:48:56+00:00","breadcrumb":{"@id":"https:\/\/www.iemj.org\/en\/dzigan-et-shumacher\/#breadcrumb"},"inLanguage":"en-US","potentialAction":[{"@type":"ReadAction","target":["https:\/\/www.iemj.org\/en\/dzigan-et-shumacher\/"]}]},{"@type":"ImageObject","inLanguage":"en-US","@id":"https:\/\/www.iemj.org\/en\/dzigan-et-shumacher\/#primaryimage","url":"https:\/\/www.iemj.org\/wp-content\/uploads\/2018\/07\/arton3548-e1624974596757.jpg","contentUrl":"https:\/\/www.iemj.org\/wp-content\/uploads\/2018\/07\/arton3548-e1624974596757.jpg","width":211,"height":218,"caption":"logo bio Dzigan et Shumacher"},{"@type":"BreadcrumbList","@id":"https:\/\/www.iemj.org\/en\/dzigan-et-shumacher\/#breadcrumb","itemListElement":[{"@type":"ListItem","position":1,"name":"Accueil","item":"https:\/\/www.iemj.org\/en\/"},{"@type":"ListItem","position":2,"name":"Dzigan and Shumacher"}]},{"@type":"WebSite","@id":"https:\/\/www.iemj.org\/en\/#website","url":"https:\/\/www.iemj.org\/en\/","name":"Institut Europ\u00e9en des Musiques Juives","description":"Des traditions musicales \u00e0 la port\u00e9e de tous","publisher":{"@id":"https:\/\/www.iemj.org\/en\/#organization"},"potentialAction":[{"@type":"SearchAction","target":{"@type":"EntryPoint","urlTemplate":"https:\/\/www.iemj.org\/en\/?s={search_term_string}"},"query-input":{"@type":"PropertyValueSpecification","valueRequired":true,"valueName":"search_term_string"}}],"inLanguage":"en-US"},{"@type":"Organization","@id":"https:\/\/www.iemj.org\/en\/#organization","name":"Institut Europ\u00e9en des Musiques Juives","url":"https:\/\/www.iemj.org\/en\/","logo":{"@type":"ImageObject","inLanguage":"en-US","@id":"https:\/\/www.iemj.org\/en\/#\/schema\/logo\/image\/","url":"https:\/\/www.iemj.org\/wp-content\/uploads\/2021\/09\/Logo-IEMJ-Paypal.jpg","contentUrl":"https:\/\/www.iemj.org\/wp-content\/uploads\/2021\/09\/Logo-IEMJ-Paypal.jpg","width":150,"height":50,"caption":"Institut Europ\u00e9en des Musiques Juives"},"image":{"@id":"https:\/\/www.iemj.org\/en\/#\/schema\/logo\/image\/"},"sameAs":["https:\/\/www.facebook.com\/MusiquesJuives\/","https:\/\/www.instagram.com\/musiquesjuives\/","https:\/\/www.youtube.com\/user\/musiquesjuives"]},{"@type":"Person","@id":"https:\/\/www.iemj.org\/en\/#\/schema\/person\/c9bc1c386a3749579a2d675e72a18666","name":"Jean-Gabriel Davis","image":{"@type":"ImageObject","inLanguage":"en-US","@id":"https:\/\/secure.gravatar.com\/avatar\/2b90d67bdf392c9b3a21fab87c0fa7edaf1fb3a058172a1ffd61033fcec7aec1?s=96&d=mm&r=g","url":"https:\/\/secure.gravatar.com\/avatar\/2b90d67bdf392c9b3a21fab87c0fa7edaf1fb3a058172a1ffd61033fcec7aec1?s=96&d=mm&r=g","contentUrl":"https:\/\/secure.gravatar.com\/avatar\/2b90d67bdf392c9b3a21fab87c0fa7edaf1fb3a058172a1ffd61033fcec7aec1?s=96&d=mm&r=g","caption":"Jean-Gabriel Davis"}}]}},"_links":{"self":[{"href":"https:\/\/www.iemj.org\/en\/wp-json\/wp\/v2\/posts\/51661","targetHints":{"allow":["GET"]}}],"collection":[{"href":"https:\/\/www.iemj.org\/en\/wp-json\/wp\/v2\/posts"}],"about":[{"href":"https:\/\/www.iemj.org\/en\/wp-json\/wp\/v2\/types\/post"}],"author":[{"embeddable":true,"href":"https:\/\/www.iemj.org\/en\/wp-json\/wp\/v2\/users\/1048"}],"replies":[{"embeddable":true,"href":"https:\/\/www.iemj.org\/en\/wp-json\/wp\/v2\/comments?post=51661"}],"version-history":[{"count":0,"href":"https:\/\/www.iemj.org\/en\/wp-json\/wp\/v2\/posts\/51661\/revisions"}],"wp:featuredmedia":[{"embeddable":true,"href":"https:\/\/www.iemj.org\/en\/wp-json\/wp\/v2\/media\/20368"}],"wp:attachment":[{"href":"https:\/\/www.iemj.org\/en\/wp-json\/wp\/v2\/media?parent=51661"}],"wp:term":[{"taxonomy":"category","embeddable":true,"href":"https:\/\/www.iemj.org\/en\/wp-json\/wp\/v2\/categories?post=51661"},{"taxonomy":"post_tag","embeddable":true,"href":"https:\/\/www.iemj.org\/en\/wp-json\/wp\/v2\/tags?post=51661"},{"taxonomy":"technique","embeddable":true,"href":"https:\/\/www.iemj.org\/en\/wp-json\/wp\/v2\/technique?post=51661"},{"taxonomy":"squelettes","embeddable":true,"href":"https:\/\/www.iemj.org\/en\/wp-json\/wp\/v2\/squelettes?post=51661"},{"taxonomy":"sujet","embeddable":true,"href":"https:\/\/www.iemj.org\/en\/wp-json\/wp\/v2\/sujet?post=51661"},{"taxonomy":"formation","embeddable":true,"href":"https:\/\/www.iemj.org\/en\/wp-json\/wp\/v2\/formation?post=51661"},{"taxonomy":"genre","embeddable":true,"href":"https:\/\/www.iemj.org\/en\/wp-json\/wp\/v2\/genre?post=51661"},{"taxonomy":"fonds","embeddable":true,"href":"https:\/\/www.iemj.org\/en\/wp-json\/wp\/v2\/fonds?post=51661"},{"taxonomy":"tradition","embeddable":true,"href":"https:\/\/www.iemj.org\/en\/wp-json\/wp\/v2\/tradition?post=51661"},{"taxonomy":"type-de-contenu","embeddable":true,"href":"https:\/\/www.iemj.org\/en\/wp-json\/wp\/v2\/type-de-contenu?post=51661"},{"taxonomy":"interprete-compositeur","embeddable":true,"href":"https:\/\/www.iemj.org\/en\/wp-json\/wp\/v2\/interprete-compositeur?post=51661"},{"taxonomy":"frise","embeddable":true,"href":"https:\/\/www.iemj.org\/en\/wp-json\/wp\/v2\/frise?post=51661"},{"taxonomy":"type-devenement","embeddable":true,"href":"https:\/\/www.iemj.org\/en\/wp-json\/wp\/v2\/type-devenement?post=51661"},{"taxonomy":"tableaux-liens-externes","embeddable":true,"href":"https:\/\/www.iemj.org\/en\/wp-json\/wp\/v2\/tableaux-liens-externes?post=51661"}],"curies":[{"name":"wp","href":"https:\/\/api.w.org\/{rel}","templated":true}]}}