{"id":51687,"date":"2016-09-14T16:19:27","date_gmt":"2016-09-14T14:19:27","guid":{"rendered":"https:\/\/www.iemj.org\/engel-helene\/"},"modified":"2021-09-02T15:25:13","modified_gmt":"2021-09-02T13:25:13","slug":"engel-helene","status":"publish","type":"post","link":"https:\/\/www.iemj.org\/en\/engel-helene\/","title":{"rendered":"Engel, H\u00e9l\u00e8ne"},"content":{"rendered":"<p>Helene Engel is a classically trained singer, musicologist, composer, lyricist and arranger. A native of Paris, France, she is a specialist in Jewish folklore singing in Yiddish, Hebrew, and Judeo-Spanish, English, French and numerous other languages.<\/p>\n<p>She is passionate about every aspect of Jewish music, from ethnological field work collecting old songs to new compositions, from traditional folk songs to discovering exceptional and unknown melodies. Her tours include regular appearances at festivals in France and elsewhere in Europe. Now based in Montreal, she is occasionally the cantorial soloist at Temple Emanu-El-Beth Sholom and a permanent choir member at Shaare Zion.<\/p>\n<p><img fetchpriority=\"high\" decoding=\"async\" class=\"size-full wp-image-11610 aligncenter\" src=\"https:\/\/www.iemj.org\/wp-content\/uploads\/2016\/09\/doc_helene_engel_500px.jpg\" alt=\"doc_helene_engel_500px.jpg\" width=\"500\" height=\"178\" align=\"middle\" srcset=\"https:\/\/www.iemj.org\/wp-content\/uploads\/2016\/09\/doc_helene_engel_500px.jpg 500w, https:\/\/www.iemj.org\/wp-content\/uploads\/2016\/09\/doc_helene_engel_500px-300x107.jpg 300w\" sizes=\"(max-width: 500px) 100vw, 500px\" \/><\/p>\n<p>Through her years of Judaic research and exploration, Helene Engel has brought together a broad repertoire of melodies, music, and texts in Yiddish, Hebrew, Judeo-Spanish, Russian, French, English and other languages. The show visits those little but precious moments of Jewish life full of flavour, humour, melancholy and joy, including Helene\u2019s own compositions.<\/p>\n<p><a href=\"http:\/\/www.helene-engel.com\/en\/home\">Look at H\u00e9l\u00e8ne Engel\u2019s website<\/a><\/p>\n<p><a href=\"https:\/\/www.iemj.org\/en\/playlist-speciale-helene-engel\/\" target=\"_blank\" rel=\"noopener\">Listen to a playlist dedicated to H\u00e9l\u00e8ne Engel<\/a><\/p>\n<p><a href=\"https:\/\/www.iemj.org\/en\/category\/listen-watch-en\/radio-programs-en\/helene-engels-programs-en\/\">Browse H\u00e9l\u00e8ne Engel&#8217;s radio holding<\/a><\/p>\n<p><a href=\"http:\/\/www.rachelnet.net\/F\/?func=find-c&amp;ccl_term=WRD+%3D+h%C3%A9l%C3%A8ne+engel&amp;local_base=iemcg\">Browse our archives on H\u00e9l\u00e8ne Engel<\/a><\/p>\n<div style=\"text-align: center;\">\n<div style=\"margin: 8px 0px 4px;\"><a href=\"http:\/\/www.calameo.com\/books\/004612749e35a070b2b36\" target=\"_blank\" rel=\"noopener noreferrer\">La Serena &#8211; H\u00e9l\u00e8ne Engel<\/a><\/div>\n<p><iframe style=\"margin: 0 auto;\" src=\"\/\/v.calameo.com\/?bkcode=004612749e35a070b2b36&amp;mode=mini\" width=\"480\" height=\"300\" frameborder=\"0\" scrolling=\"no\" allowfullscreen=\"allowfullscreen\"><\/iframe><\/p>\n<div style=\"margin: 4px 0px 8px;\"><\/div>\n<\/div>\n","protected":false},"excerpt":{"rendered":"<p>Helene Engel is a classically trained singer, musicologist, composer, lyricist and arranger. A native of Paris, France, she is a specialist in Jewish folklore singing in Yiddish, Hebrew, and Judeo-Spanish,<\/p>\n","protected":false},"author":1052,"featured_media":11633,"comment_status":"closed","ping_status":"open","sticky":false,"template":"","format":"standard","meta":{"_acf_changed":false,"footnotes":""},"categories":[903],"tags":[],"technique":[],"squelettes":[],"sujet":[],"formation":[],"genre":[],"fonds":[],"tradition":[],"type-de-contenu":[],"interprete-compositeur":[],"frise":[],"type-devenement":[],"tableaux-liens-externes":[],"class_list":["post-51687","post","type-post","status-publish","format-standard","has-post-thumbnail","hentry","category-biographies-en"],"acf":[],"yoast_head":"<!-- This site is optimized with the Yoast SEO plugin v27.3 - https:\/\/yoast.com\/product\/yoast-seo-wordpress\/ -->\n<title>Engel, H\u00e9l\u00e8ne - Institut Europ\u00e9en des Musiques Juives<\/title>\n<meta name=\"robots\" content=\"index, follow, max-snippet:-1, max-image-preview:large, max-video-preview:-1\" \/>\n<link rel=\"canonical\" href=\"https:\/\/www.iemj.org\/en\/engel-helene\/\" \/>\n<meta property=\"og:locale\" content=\"en_US\" \/>\n<meta property=\"og:type\" content=\"article\" \/>\n<meta property=\"og:title\" content=\"Engel, H\u00e9l\u00e8ne - Institut Europ\u00e9en des Musiques Juives\" \/>\n<meta property=\"og:description\" content=\"Helene Engel is a classically trained singer, musicologist, composer, lyricist and arranger. A native of Paris, France, she is a specialist in Jewish folklore singing in Yiddish, Hebrew, and Judeo-Spanish,\" \/>\n<meta property=\"og:url\" content=\"https:\/\/www.iemj.org\/en\/engel-helene\/\" \/>\n<meta property=\"og:site_name\" content=\"Institut Europ\u00e9en des Musiques Juives\" \/>\n<meta property=\"article:publisher\" content=\"https:\/\/www.facebook.com\/MusiquesJuives\/\" \/>\n<meta property=\"article:published_time\" content=\"2016-09-14T14:19:27+00:00\" \/>\n<meta property=\"article:modified_time\" content=\"2021-09-02T13:25:13+00:00\" \/>\n<meta property=\"og:image\" content=\"https:\/\/www.iemj.org\/wp-content\/uploads\/2016\/09\/arton1846-e1624975677681.jpg\" \/>\n\t<meta property=\"og:image:width\" content=\"145\" \/>\n\t<meta property=\"og:image:height\" content=\"218\" \/>\n\t<meta property=\"og:image:type\" content=\"image\/jpeg\" \/>\n<meta name=\"author\" content=\"Lea Couderc\" \/>\n<meta name=\"twitter:card\" content=\"summary_large_image\" \/>\n<meta name=\"twitter:label1\" content=\"Written by\" \/>\n\t<meta name=\"twitter:data1\" content=\"Lea Couderc\" \/>\n\t<meta name=\"twitter:label2\" content=\"Est. reading time\" \/>\n\t<meta name=\"twitter:data2\" content=\"1 minute\" \/>\n<script type=\"application\/ld+json\" class=\"yoast-schema-graph\">{\"@context\":\"https:\\\/\\\/schema.org\",\"@graph\":[{\"@type\":\"Article\",\"@id\":\"https:\\\/\\\/www.iemj.org\\\/en\\\/engel-helene\\\/#article\",\"isPartOf\":{\"@id\":\"https:\\\/\\\/www.iemj.org\\\/en\\\/engel-helene\\\/\"},\"author\":{\"name\":\"Lea Couderc\",\"@id\":\"https:\\\/\\\/www.iemj.org\\\/en\\\/#\\\/schema\\\/person\\\/e2ad57f2c4be119c7ed8ab79036807a9\"},\"headline\":\"Engel, H\u00e9l\u00e8ne\",\"datePublished\":\"2016-09-14T14:19:27+00:00\",\"dateModified\":\"2021-09-02T13:25:13+00:00\",\"mainEntityOfPage\":{\"@id\":\"https:\\\/\\\/www.iemj.org\\\/en\\\/engel-helene\\\/\"},\"wordCount\":199,\"publisher\":{\"@id\":\"https:\\\/\\\/www.iemj.org\\\/en\\\/#organization\"},\"image\":{\"@id\":\"https:\\\/\\\/www.iemj.org\\\/en\\\/engel-helene\\\/#primaryimage\"},\"thumbnailUrl\":\"https:\\\/\\\/www.iemj.org\\\/wp-content\\\/uploads\\\/2016\\\/09\\\/arton1846-e1624975677681.jpg\",\"articleSection\":[\"Biographies\"],\"inLanguage\":\"en-US\"},{\"@type\":\"WebPage\",\"@id\":\"https:\\\/\\\/www.iemj.org\\\/en\\\/engel-helene\\\/\",\"url\":\"https:\\\/\\\/www.iemj.org\\\/en\\\/engel-helene\\\/\",\"name\":\"Engel, H\u00e9l\u00e8ne - Institut Europ\u00e9en des Musiques Juives\",\"isPartOf\":{\"@id\":\"https:\\\/\\\/www.iemj.org\\\/en\\\/#website\"},\"primaryImageOfPage\":{\"@id\":\"https:\\\/\\\/www.iemj.org\\\/en\\\/engel-helene\\\/#primaryimage\"},\"image\":{\"@id\":\"https:\\\/\\\/www.iemj.org\\\/en\\\/engel-helene\\\/#primaryimage\"},\"thumbnailUrl\":\"https:\\\/\\\/www.iemj.org\\\/wp-content\\\/uploads\\\/2016\\\/09\\\/arton1846-e1624975677681.jpg\",\"datePublished\":\"2016-09-14T14:19:27+00:00\",\"dateModified\":\"2021-09-02T13:25:13+00:00\",\"breadcrumb\":{\"@id\":\"https:\\\/\\\/www.iemj.org\\\/en\\\/engel-helene\\\/#breadcrumb\"},\"inLanguage\":\"en-US\",\"potentialAction\":[{\"@type\":\"ReadAction\",\"target\":[\"https:\\\/\\\/www.iemj.org\\\/en\\\/engel-helene\\\/\"]}]},{\"@type\":\"ImageObject\",\"inLanguage\":\"en-US\",\"@id\":\"https:\\\/\\\/www.iemj.org\\\/en\\\/engel-helene\\\/#primaryimage\",\"url\":\"https:\\\/\\\/www.iemj.org\\\/wp-content\\\/uploads\\\/2016\\\/09\\\/arton1846-e1624975677681.jpg\",\"contentUrl\":\"https:\\\/\\\/www.iemj.org\\\/wp-content\\\/uploads\\\/2016\\\/09\\\/arton1846-e1624975677681.jpg\",\"width\":145,\"height\":218,\"caption\":\"logo bio H\u00e9l\u00e8ne Engel\"},{\"@type\":\"BreadcrumbList\",\"@id\":\"https:\\\/\\\/www.iemj.org\\\/en\\\/engel-helene\\\/#breadcrumb\",\"itemListElement\":[{\"@type\":\"ListItem\",\"position\":1,\"name\":\"Accueil\",\"item\":\"https:\\\/\\\/www.iemj.org\\\/en\\\/\"},{\"@type\":\"ListItem\",\"position\":2,\"name\":\"Engel, H\u00e9l\u00e8ne\"}]},{\"@type\":\"WebSite\",\"@id\":\"https:\\\/\\\/www.iemj.org\\\/en\\\/#website\",\"url\":\"https:\\\/\\\/www.iemj.org\\\/en\\\/\",\"name\":\"Institut Europ\u00e9en des Musiques Juives\",\"description\":\"Des traditions musicales \u00e0 la port\u00e9e de tous\",\"publisher\":{\"@id\":\"https:\\\/\\\/www.iemj.org\\\/en\\\/#organization\"},\"potentialAction\":[{\"@type\":\"SearchAction\",\"target\":{\"@type\":\"EntryPoint\",\"urlTemplate\":\"https:\\\/\\\/www.iemj.org\\\/en\\\/?s={search_term_string}\"},\"query-input\":{\"@type\":\"PropertyValueSpecification\",\"valueRequired\":true,\"valueName\":\"search_term_string\"}}],\"inLanguage\":\"en-US\"},{\"@type\":\"Organization\",\"@id\":\"https:\\\/\\\/www.iemj.org\\\/en\\\/#organization\",\"name\":\"Institut Europ\u00e9en des Musiques Juives\",\"url\":\"https:\\\/\\\/www.iemj.org\\\/en\\\/\",\"logo\":{\"@type\":\"ImageObject\",\"inLanguage\":\"en-US\",\"@id\":\"https:\\\/\\\/www.iemj.org\\\/en\\\/#\\\/schema\\\/logo\\\/image\\\/\",\"url\":\"https:\\\/\\\/www.iemj.org\\\/wp-content\\\/uploads\\\/2021\\\/09\\\/Logo-IEMJ-Paypal.jpg\",\"contentUrl\":\"https:\\\/\\\/www.iemj.org\\\/wp-content\\\/uploads\\\/2021\\\/09\\\/Logo-IEMJ-Paypal.jpg\",\"width\":150,\"height\":50,\"caption\":\"Institut Europ\u00e9en des Musiques Juives\"},\"image\":{\"@id\":\"https:\\\/\\\/www.iemj.org\\\/en\\\/#\\\/schema\\\/logo\\\/image\\\/\"},\"sameAs\":[\"https:\\\/\\\/www.facebook.com\\\/MusiquesJuives\\\/\",\"https:\\\/\\\/www.instagram.com\\\/musiquesjuives\\\/\",\"https:\\\/\\\/www.youtube.com\\\/user\\\/musiquesjuives\"]},{\"@type\":\"Person\",\"@id\":\"https:\\\/\\\/www.iemj.org\\\/en\\\/#\\\/schema\\\/person\\\/e2ad57f2c4be119c7ed8ab79036807a9\",\"name\":\"Lea Couderc\",\"image\":{\"@type\":\"ImageObject\",\"inLanguage\":\"en-US\",\"@id\":\"https:\\\/\\\/secure.gravatar.com\\\/avatar\\\/46ee021475d60aeff17a7e490b79dea5a5684bb392ab7fd1494027411df8ba23?s=96&d=mm&r=g\",\"url\":\"https:\\\/\\\/secure.gravatar.com\\\/avatar\\\/46ee021475d60aeff17a7e490b79dea5a5684bb392ab7fd1494027411df8ba23?s=96&d=mm&r=g\",\"contentUrl\":\"https:\\\/\\\/secure.gravatar.com\\\/avatar\\\/46ee021475d60aeff17a7e490b79dea5a5684bb392ab7fd1494027411df8ba23?s=96&d=mm&r=g\",\"caption\":\"Lea Couderc\"}}]}<\/script>\n<!-- \/ Yoast SEO plugin. -->","yoast_head_json":{"title":"Engel, H\u00e9l\u00e8ne - Institut Europ\u00e9en des Musiques Juives","robots":{"index":"index","follow":"follow","max-snippet":"max-snippet:-1","max-image-preview":"max-image-preview:large","max-video-preview":"max-video-preview:-1"},"canonical":"https:\/\/www.iemj.org\/en\/engel-helene\/","og_locale":"en_US","og_type":"article","og_title":"Engel, H\u00e9l\u00e8ne - Institut Europ\u00e9en des Musiques Juives","og_description":"Helene Engel is a classically trained singer, musicologist, composer, lyricist and arranger. A native of Paris, France, she is a specialist in Jewish folklore singing in Yiddish, Hebrew, and Judeo-Spanish,","og_url":"https:\/\/www.iemj.org\/en\/engel-helene\/","og_site_name":"Institut Europ\u00e9en des Musiques Juives","article_publisher":"https:\/\/www.facebook.com\/MusiquesJuives\/","article_published_time":"2016-09-14T14:19:27+00:00","article_modified_time":"2021-09-02T13:25:13+00:00","og_image":[{"width":145,"height":218,"url":"https:\/\/www.iemj.org\/wp-content\/uploads\/2016\/09\/arton1846-e1624975677681.jpg","type":"image\/jpeg"}],"author":"Lea Couderc","twitter_card":"summary_large_image","twitter_misc":{"Written by":"Lea Couderc","Est. reading time":"1 minute"},"schema":{"@context":"https:\/\/schema.org","@graph":[{"@type":"Article","@id":"https:\/\/www.iemj.org\/en\/engel-helene\/#article","isPartOf":{"@id":"https:\/\/www.iemj.org\/en\/engel-helene\/"},"author":{"name":"Lea Couderc","@id":"https:\/\/www.iemj.org\/en\/#\/schema\/person\/e2ad57f2c4be119c7ed8ab79036807a9"},"headline":"Engel, H\u00e9l\u00e8ne","datePublished":"2016-09-14T14:19:27+00:00","dateModified":"2021-09-02T13:25:13+00:00","mainEntityOfPage":{"@id":"https:\/\/www.iemj.org\/en\/engel-helene\/"},"wordCount":199,"publisher":{"@id":"https:\/\/www.iemj.org\/en\/#organization"},"image":{"@id":"https:\/\/www.iemj.org\/en\/engel-helene\/#primaryimage"},"thumbnailUrl":"https:\/\/www.iemj.org\/wp-content\/uploads\/2016\/09\/arton1846-e1624975677681.jpg","articleSection":["Biographies"],"inLanguage":"en-US"},{"@type":"WebPage","@id":"https:\/\/www.iemj.org\/en\/engel-helene\/","url":"https:\/\/www.iemj.org\/en\/engel-helene\/","name":"Engel, H\u00e9l\u00e8ne - Institut Europ\u00e9en des Musiques Juives","isPartOf":{"@id":"https:\/\/www.iemj.org\/en\/#website"},"primaryImageOfPage":{"@id":"https:\/\/www.iemj.org\/en\/engel-helene\/#primaryimage"},"image":{"@id":"https:\/\/www.iemj.org\/en\/engel-helene\/#primaryimage"},"thumbnailUrl":"https:\/\/www.iemj.org\/wp-content\/uploads\/2016\/09\/arton1846-e1624975677681.jpg","datePublished":"2016-09-14T14:19:27+00:00","dateModified":"2021-09-02T13:25:13+00:00","breadcrumb":{"@id":"https:\/\/www.iemj.org\/en\/engel-helene\/#breadcrumb"},"inLanguage":"en-US","potentialAction":[{"@type":"ReadAction","target":["https:\/\/www.iemj.org\/en\/engel-helene\/"]}]},{"@type":"ImageObject","inLanguage":"en-US","@id":"https:\/\/www.iemj.org\/en\/engel-helene\/#primaryimage","url":"https:\/\/www.iemj.org\/wp-content\/uploads\/2016\/09\/arton1846-e1624975677681.jpg","contentUrl":"https:\/\/www.iemj.org\/wp-content\/uploads\/2016\/09\/arton1846-e1624975677681.jpg","width":145,"height":218,"caption":"logo bio H\u00e9l\u00e8ne Engel"},{"@type":"BreadcrumbList","@id":"https:\/\/www.iemj.org\/en\/engel-helene\/#breadcrumb","itemListElement":[{"@type":"ListItem","position":1,"name":"Accueil","item":"https:\/\/www.iemj.org\/en\/"},{"@type":"ListItem","position":2,"name":"Engel, H\u00e9l\u00e8ne"}]},{"@type":"WebSite","@id":"https:\/\/www.iemj.org\/en\/#website","url":"https:\/\/www.iemj.org\/en\/","name":"Institut Europ\u00e9en des Musiques Juives","description":"Des traditions musicales \u00e0 la port\u00e9e de tous","publisher":{"@id":"https:\/\/www.iemj.org\/en\/#organization"},"potentialAction":[{"@type":"SearchAction","target":{"@type":"EntryPoint","urlTemplate":"https:\/\/www.iemj.org\/en\/?s={search_term_string}"},"query-input":{"@type":"PropertyValueSpecification","valueRequired":true,"valueName":"search_term_string"}}],"inLanguage":"en-US"},{"@type":"Organization","@id":"https:\/\/www.iemj.org\/en\/#organization","name":"Institut Europ\u00e9en des Musiques Juives","url":"https:\/\/www.iemj.org\/en\/","logo":{"@type":"ImageObject","inLanguage":"en-US","@id":"https:\/\/www.iemj.org\/en\/#\/schema\/logo\/image\/","url":"https:\/\/www.iemj.org\/wp-content\/uploads\/2021\/09\/Logo-IEMJ-Paypal.jpg","contentUrl":"https:\/\/www.iemj.org\/wp-content\/uploads\/2021\/09\/Logo-IEMJ-Paypal.jpg","width":150,"height":50,"caption":"Institut Europ\u00e9en des Musiques Juives"},"image":{"@id":"https:\/\/www.iemj.org\/en\/#\/schema\/logo\/image\/"},"sameAs":["https:\/\/www.facebook.com\/MusiquesJuives\/","https:\/\/www.instagram.com\/musiquesjuives\/","https:\/\/www.youtube.com\/user\/musiquesjuives"]},{"@type":"Person","@id":"https:\/\/www.iemj.org\/en\/#\/schema\/person\/e2ad57f2c4be119c7ed8ab79036807a9","name":"Lea Couderc","image":{"@type":"ImageObject","inLanguage":"en-US","@id":"https:\/\/secure.gravatar.com\/avatar\/46ee021475d60aeff17a7e490b79dea5a5684bb392ab7fd1494027411df8ba23?s=96&d=mm&r=g","url":"https:\/\/secure.gravatar.com\/avatar\/46ee021475d60aeff17a7e490b79dea5a5684bb392ab7fd1494027411df8ba23?s=96&d=mm&r=g","contentUrl":"https:\/\/secure.gravatar.com\/avatar\/46ee021475d60aeff17a7e490b79dea5a5684bb392ab7fd1494027411df8ba23?s=96&d=mm&r=g","caption":"Lea Couderc"}}]}},"_links":{"self":[{"href":"https:\/\/www.iemj.org\/en\/wp-json\/wp\/v2\/posts\/51687","targetHints":{"allow":["GET"]}}],"collection":[{"href":"https:\/\/www.iemj.org\/en\/wp-json\/wp\/v2\/posts"}],"about":[{"href":"https:\/\/www.iemj.org\/en\/wp-json\/wp\/v2\/types\/post"}],"author":[{"embeddable":true,"href":"https:\/\/www.iemj.org\/en\/wp-json\/wp\/v2\/users\/1052"}],"replies":[{"embeddable":true,"href":"https:\/\/www.iemj.org\/en\/wp-json\/wp\/v2\/comments?post=51687"}],"version-history":[{"count":0,"href":"https:\/\/www.iemj.org\/en\/wp-json\/wp\/v2\/posts\/51687\/revisions"}],"wp:featuredmedia":[{"embeddable":true,"href":"https:\/\/www.iemj.org\/en\/wp-json\/wp\/v2\/media\/11633"}],"wp:attachment":[{"href":"https:\/\/www.iemj.org\/en\/wp-json\/wp\/v2\/media?parent=51687"}],"wp:term":[{"taxonomy":"category","embeddable":true,"href":"https:\/\/www.iemj.org\/en\/wp-json\/wp\/v2\/categories?post=51687"},{"taxonomy":"post_tag","embeddable":true,"href":"https:\/\/www.iemj.org\/en\/wp-json\/wp\/v2\/tags?post=51687"},{"taxonomy":"technique","embeddable":true,"href":"https:\/\/www.iemj.org\/en\/wp-json\/wp\/v2\/technique?post=51687"},{"taxonomy":"squelettes","embeddable":true,"href":"https:\/\/www.iemj.org\/en\/wp-json\/wp\/v2\/squelettes?post=51687"},{"taxonomy":"sujet","embeddable":true,"href":"https:\/\/www.iemj.org\/en\/wp-json\/wp\/v2\/sujet?post=51687"},{"taxonomy":"formation","embeddable":true,"href":"https:\/\/www.iemj.org\/en\/wp-json\/wp\/v2\/formation?post=51687"},{"taxonomy":"genre","embeddable":true,"href":"https:\/\/www.iemj.org\/en\/wp-json\/wp\/v2\/genre?post=51687"},{"taxonomy":"fonds","embeddable":true,"href":"https:\/\/www.iemj.org\/en\/wp-json\/wp\/v2\/fonds?post=51687"},{"taxonomy":"tradition","embeddable":true,"href":"https:\/\/www.iemj.org\/en\/wp-json\/wp\/v2\/tradition?post=51687"},{"taxonomy":"type-de-contenu","embeddable":true,"href":"https:\/\/www.iemj.org\/en\/wp-json\/wp\/v2\/type-de-contenu?post=51687"},{"taxonomy":"interprete-compositeur","embeddable":true,"href":"https:\/\/www.iemj.org\/en\/wp-json\/wp\/v2\/interprete-compositeur?post=51687"},{"taxonomy":"frise","embeddable":true,"href":"https:\/\/www.iemj.org\/en\/wp-json\/wp\/v2\/frise?post=51687"},{"taxonomy":"type-devenement","embeddable":true,"href":"https:\/\/www.iemj.org\/en\/wp-json\/wp\/v2\/type-devenement?post=51687"},{"taxonomy":"tableaux-liens-externes","embeddable":true,"href":"https:\/\/www.iemj.org\/en\/wp-json\/wp\/v2\/tableaux-liens-externes?post=51687"}],"curies":[{"name":"wp","href":"https:\/\/api.w.org\/{rel}","templated":true}]}}