{"id":51703,"date":"2019-11-03T11:50:31","date_gmt":"2019-11-03T10:50:31","guid":{"rendered":"https:\/\/www.iemj.org\/erlanger-jules-1830-1895\/"},"modified":"2025-09-10T10:15:21","modified_gmt":"2025-09-10T08:15:21","slug":"erlanger-jules-1830-1895","status":"publish","type":"post","link":"https:\/\/www.iemj.org\/en\/erlanger-jules-1830-1895\/","title":{"rendered":"Erlanger, Jules (1830-1895)"},"content":{"rendered":"<p>Jules Erlanger was born in Wissembourg (Lower Rhine) in 1830 and died in Brussels on February 15, 1895. He was the son of Isra\u00ebl Susskind Erlander, Rabbi from Wissembourg, and brother of Michel Erlanger, member of the Paris Consistory.<\/p>\n<p>Musically gifted, he was admitted into the Paris Conservatory of Music on October 22, 1844 in the composition class of Fromental Hal\u00e9vy and was awarded a distinction for counterpoint and for fugue in 1850. His attention turned to composition and he wrote several musical works for Jacques Offenbach\u2019s Bouffes Parisiens Theatre, notably <em>L\u2019Arbre de Robinson<\/em> (1857), <em>Les Dames de Coeur Volant<\/em> (1859) and <em>La Servante \u00e0 Nicolas<\/em> (1861).<\/p>\n<p><img fetchpriority=\"high\" decoding=\"async\" class=\" alignright  wp-image-25980\" src=\"https:\/\/www.iemj.org\/wp-content\/uploads\/2019\/11\/jules_erlanger_page_titre_recueil_posthume_redim_0_70.jpg\" alt=\"jules_erlanger_page_titre_recueil_posthume_redim_0_70.jpg\" width=\"304\" height=\"444\" align=\"right\" srcset=\"https:\/\/www.iemj.org\/wp-content\/uploads\/2019\/11\/jules_erlanger_page_titre_recueil_posthume_redim_0_70.jpg 420w, https:\/\/www.iemj.org\/wp-content\/uploads\/2019\/11\/jules_erlanger_page_titre_recueil_posthume_redim_0_70-205x300.jpg 205w\" sizes=\"(max-width: 304px) 100vw, 304px\" \/><\/p>\n<p>Co-founder of the Society of Dramatic Authors and Composers and a practicing musician, he was equally active in the life of the Jewish community. He participated in establishing the Universal Israelite Alliance in 1860 before becoming president of the Belgian committee of the Alliance until his death. He also composed several musical works for the Jewish religion, among others his Psalm 150 &#8211; <em>Allelouya<\/em> which was played for the inauguration of the Temple de la Victoire in 1874.<\/p>\n<p>Jules Erlanger abandoned his musical career to eventually enter the world of business, and only composed sacred music. In 1891, the publishing house Durlacher in Paris published Erlanger\u2019s <em>Recueil de dix morceaux ex\u00e9cut\u00e9s dans les synagogues de France et de Belgique<\/em> (10 musical pieces played in French and Belgian synagogues). In 1903, eight years after his death, another four collections were published in Brussels: three collections of secular music and one collection of sacred music. <br \/>The <em>Kedouschah de Moussaph<\/em> for a four voices choir and baritone soloist included in the CD <a href=\"https:\/\/www.iemj.org\/en\/jacques-offenbach-et-ses-proches-de-la-synagogue-a-lopera\/\" target=\"_blank\" rel=\"noopener\">Jacques Offenbach and friends<\/a> is an extract from this posthumous collection Compositions religieuses pour le culte isra\u00e9lite.<\/p>\n<p><a href=\"http:\/\/www.rachelnet.net\/F\/?func=find-c&amp;ccl_term=WRD+%3D+Jules+Erlanger&amp;local_base=iemcg\">Browse our archives on Jules Erlanger<\/a><\/p>\n<p><a href=\"https:\/\/www.iemj.org\/en\/product\/jacques-offenbach-and-friends-from-the-synagogue-to-the-opera\/\">Purchase the <strong>CD Jacques Offenbach and friends &#8211; From the synagogue to the opera<\/strong> &#8211; online on the EIJM\u2019s shop<\/a><\/p>\n\n\n<h2 class=\"wp-block-heading\"><\/h2>\n\n\n<div class=\"wp-block-image\">\n<figure class=\"aligncenter size-large\"><img decoding=\"async\" width=\"1024\" height=\"133\" src=\"https:\/\/www.iemj.org\/wp-content\/uploads\/2024\/03\/AUDIO-PLAYER-1024x133.png\" alt=\"\" class=\"wp-image-110607\" srcset=\"https:\/\/www.iemj.org\/wp-content\/uploads\/2024\/03\/AUDIO-PLAYER-1024x133.png 1024w, https:\/\/www.iemj.org\/wp-content\/uploads\/2024\/03\/AUDIO-PLAYER-300x39.png 300w, https:\/\/www.iemj.org\/wp-content\/uploads\/2024\/03\/AUDIO-PLAYER-768x100.png 768w, https:\/\/www.iemj.org\/wp-content\/uploads\/2024\/03\/AUDIO-PLAYER-600x78.png 600w, https:\/\/www.iemj.org\/wp-content\/uploads\/2024\/03\/AUDIO-PLAYER.png 1210w\" sizes=\"(max-width: 1024px) 100vw, 1024px\" \/><\/figure>\n<\/div>\n\n\n<div class=\"wp-block-file\"><a id=\"wp-block-file--media-d42bc67a-477e-4b11-ae8d-a8c1d202d1fa\" href=\"https:\/\/www.iemj.org\/wp-content\/uploads\/2019\/10\/06_kedouschah_de_moussaph_jules_erlanger.mp3\">Jules Erlanger &#8211; Kedouschah de Moussaph (Extrait)<\/a><\/div>\n\n\n\n<p><\/p>\n","protected":false},"excerpt":{"rendered":"<p>Jules Erlanger was born in Wissembourg (Lower Rhine) in 1830 and died in Brussels on February 15, 1895. He was the son of Isra\u00ebl Susskind Erlander, Rabbi from Wissembourg, and<\/p>\n","protected":false},"author":1045,"featured_media":25978,"comment_status":"closed","ping_status":"closed","sticky":false,"template":"","format":"standard","meta":{"_acf_changed":false,"footnotes":""},"categories":[903],"tags":[],"technique":[],"squelettes":[],"sujet":[],"formation":[],"genre":[],"fonds":[],"tradition":[],"type-de-contenu":[],"interprete-compositeur":[],"frise":[],"type-devenement":[],"tableaux-liens-externes":[],"class_list":["post-51703","post","type-post","status-publish","format-standard","has-post-thumbnail","hentry","category-biographies-en"],"acf":[],"yoast_head":"<!-- This site is optimized with the Yoast SEO plugin v27.3 - https:\/\/yoast.com\/product\/yoast-seo-wordpress\/ -->\n<title>Erlanger, Jules (1830-1895) - Institut Europ\u00e9en des Musiques Juives<\/title>\n<meta name=\"robots\" content=\"index, follow, max-snippet:-1, max-image-preview:large, max-video-preview:-1\" \/>\n<link rel=\"canonical\" href=\"https:\/\/www.iemj.org\/en\/erlanger-jules-1830-1895\/\" \/>\n<meta property=\"og:locale\" content=\"en_US\" \/>\n<meta property=\"og:type\" content=\"article\" \/>\n<meta property=\"og:title\" content=\"Erlanger, Jules (1830-1895) - Institut Europ\u00e9en des Musiques Juives\" \/>\n<meta property=\"og:description\" content=\"Jules Erlanger was born in Wissembourg (Lower Rhine) in 1830 and died in Brussels on February 15, 1895. He was the son of Isra\u00ebl Susskind Erlander, Rabbi from Wissembourg, and\" \/>\n<meta property=\"og:url\" content=\"https:\/\/www.iemj.org\/en\/erlanger-jules-1830-1895\/\" \/>\n<meta property=\"og:site_name\" content=\"Institut Europ\u00e9en des Musiques Juives\" \/>\n<meta property=\"article:publisher\" content=\"https:\/\/www.facebook.com\/MusiquesJuives\/\" \/>\n<meta property=\"article:published_time\" content=\"2019-11-03T10:50:31+00:00\" \/>\n<meta property=\"article:modified_time\" content=\"2025-09-10T08:15:21+00:00\" \/>\n<meta property=\"og:image\" content=\"https:\/\/www.iemj.org\/wp-content\/uploads\/2019\/11\/arton4371-e1624978335150.jpg\" \/>\n\t<meta property=\"og:image:width\" content=\"179\" \/>\n\t<meta property=\"og:image:height\" content=\"218\" \/>\n\t<meta property=\"og:image:type\" content=\"image\/jpeg\" \/>\n<meta name=\"author\" content=\"Herv\u00e9 Roten\" \/>\n<meta name=\"twitter:card\" content=\"summary_large_image\" \/>\n<meta name=\"twitter:label1\" content=\"Written by\" \/>\n\t<meta name=\"twitter:data1\" content=\"Herv\u00e9 Roten\" \/>\n\t<meta name=\"twitter:label2\" content=\"Est. reading time\" \/>\n\t<meta name=\"twitter:data2\" content=\"3 minutes\" \/>\n<script type=\"application\/ld+json\" class=\"yoast-schema-graph\">{\"@context\":\"https:\\\/\\\/schema.org\",\"@graph\":[{\"@type\":\"Article\",\"@id\":\"https:\\\/\\\/www.iemj.org\\\/en\\\/erlanger-jules-1830-1895\\\/#article\",\"isPartOf\":{\"@id\":\"https:\\\/\\\/www.iemj.org\\\/en\\\/erlanger-jules-1830-1895\\\/\"},\"author\":{\"name\":\"Herv\u00e9 Roten\",\"@id\":\"https:\\\/\\\/www.iemj.org\\\/en\\\/#\\\/schema\\\/person\\\/906134402c29d5c76e7b726261dd4bbd\"},\"headline\":\"Erlanger, Jules (1830-1895)\",\"datePublished\":\"2019-11-03T10:50:31+00:00\",\"dateModified\":\"2025-09-10T08:15:21+00:00\",\"mainEntityOfPage\":{\"@id\":\"https:\\\/\\\/www.iemj.org\\\/en\\\/erlanger-jules-1830-1895\\\/\"},\"wordCount\":322,\"publisher\":{\"@id\":\"https:\\\/\\\/www.iemj.org\\\/en\\\/#organization\"},\"image\":{\"@id\":\"https:\\\/\\\/www.iemj.org\\\/en\\\/erlanger-jules-1830-1895\\\/#primaryimage\"},\"thumbnailUrl\":\"https:\\\/\\\/www.iemj.org\\\/wp-content\\\/uploads\\\/2019\\\/11\\\/arton4371-e1624978335150.jpg\",\"articleSection\":[\"Biographies\"],\"inLanguage\":\"en-US\"},{\"@type\":\"WebPage\",\"@id\":\"https:\\\/\\\/www.iemj.org\\\/en\\\/erlanger-jules-1830-1895\\\/\",\"url\":\"https:\\\/\\\/www.iemj.org\\\/en\\\/erlanger-jules-1830-1895\\\/\",\"name\":\"Erlanger, Jules (1830-1895) - Institut Europ\u00e9en des Musiques Juives\",\"isPartOf\":{\"@id\":\"https:\\\/\\\/www.iemj.org\\\/en\\\/#website\"},\"primaryImageOfPage\":{\"@id\":\"https:\\\/\\\/www.iemj.org\\\/en\\\/erlanger-jules-1830-1895\\\/#primaryimage\"},\"image\":{\"@id\":\"https:\\\/\\\/www.iemj.org\\\/en\\\/erlanger-jules-1830-1895\\\/#primaryimage\"},\"thumbnailUrl\":\"https:\\\/\\\/www.iemj.org\\\/wp-content\\\/uploads\\\/2019\\\/11\\\/arton4371-e1624978335150.jpg\",\"datePublished\":\"2019-11-03T10:50:31+00:00\",\"dateModified\":\"2025-09-10T08:15:21+00:00\",\"breadcrumb\":{\"@id\":\"https:\\\/\\\/www.iemj.org\\\/en\\\/erlanger-jules-1830-1895\\\/#breadcrumb\"},\"inLanguage\":\"en-US\",\"potentialAction\":[{\"@type\":\"ReadAction\",\"target\":[\"https:\\\/\\\/www.iemj.org\\\/en\\\/erlanger-jules-1830-1895\\\/\"]}]},{\"@type\":\"ImageObject\",\"inLanguage\":\"en-US\",\"@id\":\"https:\\\/\\\/www.iemj.org\\\/en\\\/erlanger-jules-1830-1895\\\/#primaryimage\",\"url\":\"https:\\\/\\\/www.iemj.org\\\/wp-content\\\/uploads\\\/2019\\\/11\\\/arton4371-e1624978335150.jpg\",\"contentUrl\":\"https:\\\/\\\/www.iemj.org\\\/wp-content\\\/uploads\\\/2019\\\/11\\\/arton4371-e1624978335150.jpg\",\"width\":179,\"height\":218,\"caption\":\"logo bio Jules Erlanger\"},{\"@type\":\"BreadcrumbList\",\"@id\":\"https:\\\/\\\/www.iemj.org\\\/en\\\/erlanger-jules-1830-1895\\\/#breadcrumb\",\"itemListElement\":[{\"@type\":\"ListItem\",\"position\":1,\"name\":\"Accueil\",\"item\":\"https:\\\/\\\/www.iemj.org\\\/en\\\/\"},{\"@type\":\"ListItem\",\"position\":2,\"name\":\"Erlanger, Jules (1830-1895)\"}]},{\"@type\":\"WebSite\",\"@id\":\"https:\\\/\\\/www.iemj.org\\\/en\\\/#website\",\"url\":\"https:\\\/\\\/www.iemj.org\\\/en\\\/\",\"name\":\"Institut Europ\u00e9en des Musiques Juives\",\"description\":\"Des traditions musicales \u00e0 la port\u00e9e de tous\",\"publisher\":{\"@id\":\"https:\\\/\\\/www.iemj.org\\\/en\\\/#organization\"},\"potentialAction\":[{\"@type\":\"SearchAction\",\"target\":{\"@type\":\"EntryPoint\",\"urlTemplate\":\"https:\\\/\\\/www.iemj.org\\\/en\\\/?s={search_term_string}\"},\"query-input\":{\"@type\":\"PropertyValueSpecification\",\"valueRequired\":true,\"valueName\":\"search_term_string\"}}],\"inLanguage\":\"en-US\"},{\"@type\":\"Organization\",\"@id\":\"https:\\\/\\\/www.iemj.org\\\/en\\\/#organization\",\"name\":\"Institut Europ\u00e9en des Musiques Juives\",\"url\":\"https:\\\/\\\/www.iemj.org\\\/en\\\/\",\"logo\":{\"@type\":\"ImageObject\",\"inLanguage\":\"en-US\",\"@id\":\"https:\\\/\\\/www.iemj.org\\\/en\\\/#\\\/schema\\\/logo\\\/image\\\/\",\"url\":\"https:\\\/\\\/www.iemj.org\\\/wp-content\\\/uploads\\\/2021\\\/09\\\/Logo-IEMJ-Paypal.jpg\",\"contentUrl\":\"https:\\\/\\\/www.iemj.org\\\/wp-content\\\/uploads\\\/2021\\\/09\\\/Logo-IEMJ-Paypal.jpg\",\"width\":150,\"height\":50,\"caption\":\"Institut Europ\u00e9en des Musiques Juives\"},\"image\":{\"@id\":\"https:\\\/\\\/www.iemj.org\\\/en\\\/#\\\/schema\\\/logo\\\/image\\\/\"},\"sameAs\":[\"https:\\\/\\\/www.facebook.com\\\/MusiquesJuives\\\/\",\"https:\\\/\\\/www.instagram.com\\\/musiquesjuives\\\/\",\"https:\\\/\\\/www.youtube.com\\\/user\\\/musiquesjuives\"]},{\"@type\":\"Person\",\"@id\":\"https:\\\/\\\/www.iemj.org\\\/en\\\/#\\\/schema\\\/person\\\/906134402c29d5c76e7b726261dd4bbd\",\"name\":\"Herv\u00e9 Roten\",\"image\":{\"@type\":\"ImageObject\",\"inLanguage\":\"en-US\",\"@id\":\"https:\\\/\\\/secure.gravatar.com\\\/avatar\\\/f96ad2db538a26481f18384936b5cd0610c92d390c4dc382209216d455f685ff?s=96&d=mm&r=g\",\"url\":\"https:\\\/\\\/secure.gravatar.com\\\/avatar\\\/f96ad2db538a26481f18384936b5cd0610c92d390c4dc382209216d455f685ff?s=96&d=mm&r=g\",\"contentUrl\":\"https:\\\/\\\/secure.gravatar.com\\\/avatar\\\/f96ad2db538a26481f18384936b5cd0610c92d390c4dc382209216d455f685ff?s=96&d=mm&r=g\",\"caption\":\"Herv\u00e9 Roten\"}}]}<\/script>\n<!-- \/ Yoast SEO plugin. -->","yoast_head_json":{"title":"Erlanger, Jules (1830-1895) - Institut Europ\u00e9en des Musiques Juives","robots":{"index":"index","follow":"follow","max-snippet":"max-snippet:-1","max-image-preview":"max-image-preview:large","max-video-preview":"max-video-preview:-1"},"canonical":"https:\/\/www.iemj.org\/en\/erlanger-jules-1830-1895\/","og_locale":"en_US","og_type":"article","og_title":"Erlanger, Jules (1830-1895) - Institut Europ\u00e9en des Musiques Juives","og_description":"Jules Erlanger was born in Wissembourg (Lower Rhine) in 1830 and died in Brussels on February 15, 1895. He was the son of Isra\u00ebl Susskind Erlander, Rabbi from Wissembourg, and","og_url":"https:\/\/www.iemj.org\/en\/erlanger-jules-1830-1895\/","og_site_name":"Institut Europ\u00e9en des Musiques Juives","article_publisher":"https:\/\/www.facebook.com\/MusiquesJuives\/","article_published_time":"2019-11-03T10:50:31+00:00","article_modified_time":"2025-09-10T08:15:21+00:00","og_image":[{"width":179,"height":218,"url":"https:\/\/www.iemj.org\/wp-content\/uploads\/2019\/11\/arton4371-e1624978335150.jpg","type":"image\/jpeg"}],"author":"Herv\u00e9 Roten","twitter_card":"summary_large_image","twitter_misc":{"Written by":"Herv\u00e9 Roten","Est. reading time":"3 minutes"},"schema":{"@context":"https:\/\/schema.org","@graph":[{"@type":"Article","@id":"https:\/\/www.iemj.org\/en\/erlanger-jules-1830-1895\/#article","isPartOf":{"@id":"https:\/\/www.iemj.org\/en\/erlanger-jules-1830-1895\/"},"author":{"name":"Herv\u00e9 Roten","@id":"https:\/\/www.iemj.org\/en\/#\/schema\/person\/906134402c29d5c76e7b726261dd4bbd"},"headline":"Erlanger, Jules (1830-1895)","datePublished":"2019-11-03T10:50:31+00:00","dateModified":"2025-09-10T08:15:21+00:00","mainEntityOfPage":{"@id":"https:\/\/www.iemj.org\/en\/erlanger-jules-1830-1895\/"},"wordCount":322,"publisher":{"@id":"https:\/\/www.iemj.org\/en\/#organization"},"image":{"@id":"https:\/\/www.iemj.org\/en\/erlanger-jules-1830-1895\/#primaryimage"},"thumbnailUrl":"https:\/\/www.iemj.org\/wp-content\/uploads\/2019\/11\/arton4371-e1624978335150.jpg","articleSection":["Biographies"],"inLanguage":"en-US"},{"@type":"WebPage","@id":"https:\/\/www.iemj.org\/en\/erlanger-jules-1830-1895\/","url":"https:\/\/www.iemj.org\/en\/erlanger-jules-1830-1895\/","name":"Erlanger, Jules (1830-1895) - Institut Europ\u00e9en des Musiques Juives","isPartOf":{"@id":"https:\/\/www.iemj.org\/en\/#website"},"primaryImageOfPage":{"@id":"https:\/\/www.iemj.org\/en\/erlanger-jules-1830-1895\/#primaryimage"},"image":{"@id":"https:\/\/www.iemj.org\/en\/erlanger-jules-1830-1895\/#primaryimage"},"thumbnailUrl":"https:\/\/www.iemj.org\/wp-content\/uploads\/2019\/11\/arton4371-e1624978335150.jpg","datePublished":"2019-11-03T10:50:31+00:00","dateModified":"2025-09-10T08:15:21+00:00","breadcrumb":{"@id":"https:\/\/www.iemj.org\/en\/erlanger-jules-1830-1895\/#breadcrumb"},"inLanguage":"en-US","potentialAction":[{"@type":"ReadAction","target":["https:\/\/www.iemj.org\/en\/erlanger-jules-1830-1895\/"]}]},{"@type":"ImageObject","inLanguage":"en-US","@id":"https:\/\/www.iemj.org\/en\/erlanger-jules-1830-1895\/#primaryimage","url":"https:\/\/www.iemj.org\/wp-content\/uploads\/2019\/11\/arton4371-e1624978335150.jpg","contentUrl":"https:\/\/www.iemj.org\/wp-content\/uploads\/2019\/11\/arton4371-e1624978335150.jpg","width":179,"height":218,"caption":"logo bio Jules Erlanger"},{"@type":"BreadcrumbList","@id":"https:\/\/www.iemj.org\/en\/erlanger-jules-1830-1895\/#breadcrumb","itemListElement":[{"@type":"ListItem","position":1,"name":"Accueil","item":"https:\/\/www.iemj.org\/en\/"},{"@type":"ListItem","position":2,"name":"Erlanger, Jules (1830-1895)"}]},{"@type":"WebSite","@id":"https:\/\/www.iemj.org\/en\/#website","url":"https:\/\/www.iemj.org\/en\/","name":"Institut Europ\u00e9en des Musiques Juives","description":"Des traditions musicales \u00e0 la port\u00e9e de tous","publisher":{"@id":"https:\/\/www.iemj.org\/en\/#organization"},"potentialAction":[{"@type":"SearchAction","target":{"@type":"EntryPoint","urlTemplate":"https:\/\/www.iemj.org\/en\/?s={search_term_string}"},"query-input":{"@type":"PropertyValueSpecification","valueRequired":true,"valueName":"search_term_string"}}],"inLanguage":"en-US"},{"@type":"Organization","@id":"https:\/\/www.iemj.org\/en\/#organization","name":"Institut Europ\u00e9en des Musiques Juives","url":"https:\/\/www.iemj.org\/en\/","logo":{"@type":"ImageObject","inLanguage":"en-US","@id":"https:\/\/www.iemj.org\/en\/#\/schema\/logo\/image\/","url":"https:\/\/www.iemj.org\/wp-content\/uploads\/2021\/09\/Logo-IEMJ-Paypal.jpg","contentUrl":"https:\/\/www.iemj.org\/wp-content\/uploads\/2021\/09\/Logo-IEMJ-Paypal.jpg","width":150,"height":50,"caption":"Institut Europ\u00e9en des Musiques Juives"},"image":{"@id":"https:\/\/www.iemj.org\/en\/#\/schema\/logo\/image\/"},"sameAs":["https:\/\/www.facebook.com\/MusiquesJuives\/","https:\/\/www.instagram.com\/musiquesjuives\/","https:\/\/www.youtube.com\/user\/musiquesjuives"]},{"@type":"Person","@id":"https:\/\/www.iemj.org\/en\/#\/schema\/person\/906134402c29d5c76e7b726261dd4bbd","name":"Herv\u00e9 Roten","image":{"@type":"ImageObject","inLanguage":"en-US","@id":"https:\/\/secure.gravatar.com\/avatar\/f96ad2db538a26481f18384936b5cd0610c92d390c4dc382209216d455f685ff?s=96&d=mm&r=g","url":"https:\/\/secure.gravatar.com\/avatar\/f96ad2db538a26481f18384936b5cd0610c92d390c4dc382209216d455f685ff?s=96&d=mm&r=g","contentUrl":"https:\/\/secure.gravatar.com\/avatar\/f96ad2db538a26481f18384936b5cd0610c92d390c4dc382209216d455f685ff?s=96&d=mm&r=g","caption":"Herv\u00e9 Roten"}}]}},"_links":{"self":[{"href":"https:\/\/www.iemj.org\/en\/wp-json\/wp\/v2\/posts\/51703","targetHints":{"allow":["GET"]}}],"collection":[{"href":"https:\/\/www.iemj.org\/en\/wp-json\/wp\/v2\/posts"}],"about":[{"href":"https:\/\/www.iemj.org\/en\/wp-json\/wp\/v2\/types\/post"}],"author":[{"embeddable":true,"href":"https:\/\/www.iemj.org\/en\/wp-json\/wp\/v2\/users\/1045"}],"replies":[{"embeddable":true,"href":"https:\/\/www.iemj.org\/en\/wp-json\/wp\/v2\/comments?post=51703"}],"version-history":[{"count":0,"href":"https:\/\/www.iemj.org\/en\/wp-json\/wp\/v2\/posts\/51703\/revisions"}],"wp:featuredmedia":[{"embeddable":true,"href":"https:\/\/www.iemj.org\/en\/wp-json\/wp\/v2\/media\/25978"}],"wp:attachment":[{"href":"https:\/\/www.iemj.org\/en\/wp-json\/wp\/v2\/media?parent=51703"}],"wp:term":[{"taxonomy":"category","embeddable":true,"href":"https:\/\/www.iemj.org\/en\/wp-json\/wp\/v2\/categories?post=51703"},{"taxonomy":"post_tag","embeddable":true,"href":"https:\/\/www.iemj.org\/en\/wp-json\/wp\/v2\/tags?post=51703"},{"taxonomy":"technique","embeddable":true,"href":"https:\/\/www.iemj.org\/en\/wp-json\/wp\/v2\/technique?post=51703"},{"taxonomy":"squelettes","embeddable":true,"href":"https:\/\/www.iemj.org\/en\/wp-json\/wp\/v2\/squelettes?post=51703"},{"taxonomy":"sujet","embeddable":true,"href":"https:\/\/www.iemj.org\/en\/wp-json\/wp\/v2\/sujet?post=51703"},{"taxonomy":"formation","embeddable":true,"href":"https:\/\/www.iemj.org\/en\/wp-json\/wp\/v2\/formation?post=51703"},{"taxonomy":"genre","embeddable":true,"href":"https:\/\/www.iemj.org\/en\/wp-json\/wp\/v2\/genre?post=51703"},{"taxonomy":"fonds","embeddable":true,"href":"https:\/\/www.iemj.org\/en\/wp-json\/wp\/v2\/fonds?post=51703"},{"taxonomy":"tradition","embeddable":true,"href":"https:\/\/www.iemj.org\/en\/wp-json\/wp\/v2\/tradition?post=51703"},{"taxonomy":"type-de-contenu","embeddable":true,"href":"https:\/\/www.iemj.org\/en\/wp-json\/wp\/v2\/type-de-contenu?post=51703"},{"taxonomy":"interprete-compositeur","embeddable":true,"href":"https:\/\/www.iemj.org\/en\/wp-json\/wp\/v2\/interprete-compositeur?post=51703"},{"taxonomy":"frise","embeddable":true,"href":"https:\/\/www.iemj.org\/en\/wp-json\/wp\/v2\/frise?post=51703"},{"taxonomy":"type-devenement","embeddable":true,"href":"https:\/\/www.iemj.org\/en\/wp-json\/wp\/v2\/type-devenement?post=51703"},{"taxonomy":"tableaux-liens-externes","embeddable":true,"href":"https:\/\/www.iemj.org\/en\/wp-json\/wp\/v2\/tableaux-liens-externes?post=51703"}],"curies":[{"name":"wp","href":"https:\/\/api.w.org\/{rel}","templated":true}]}}