{"id":51713,"date":"2017-04-26T17:05:24","date_gmt":"2017-04-26T15:05:24","guid":{"rendered":"https:\/\/www.iemj.org\/franck-jules-1858-1941\/"},"modified":"2022-09-22T17:57:56","modified_gmt":"2022-09-22T15:57:56","slug":"franck-jules-1858-1941","status":"publish","type":"post","link":"https:\/\/www.iemj.org\/en\/franck-jules-1858-1941\/","title":{"rendered":"Franck, Jules (1858-1941)"},"content":{"rendered":"<p><strong>Jules Franck<\/strong> was born in the French town of Nancy in 1858. A few years later, his family settled in Paris <strong>(1)<\/strong>. In January 1873, Jules Franck sang with his brothers Gustave and Isaac in the choir of Notre Dame de Nazareth\u2019s synagogue, led by Samuel David. In 1874, he copied several synagogue manuscripts for the purposes of preparing the sheet music collection of the Temple of rue de la Victoire. In June 1889, he married the pianist Cl\u00e9mence Braun, who was the sister of H\u00e9l\u00e8ne Zadoc-Kahn, daughter-in-law of the chief rabbi of France.<\/p>\n<p>On his marriage certificate, he is mentioned as the \u201charpist in the Opera of Paris\u201d. In 1890, with a recommendation by Samuel David, who was then director of the music of the consistorial synagogues, Jules Franck became director of the temple\u2019s choir on rue Notre Dame de Nazareth.<\/p>\n<p>When Samuel David died on October 3, 1895, Jules Franck was appointed director of the music in the consistorial temples and choirmaster of the temple of la Victoire. He was only 37 years old and was responsible of the work staffs of la Victoire (the service leaders Adolphe Beer and Salomon Heymann, the organist <a href=\"https:\/\/www.iemj.org\/en\/villers-alphonse-de-vers-1845-apres-1896\/\" target=\"_blank\" rel=\"noopener\">Alphonse de Villers<\/a>, 8 choir singers and 28 choir boys), of Notre Dame de Nazareth (the service leaders Nethaniel Durlacher and Alphonse Th\u00e9odore, the choirmaster Stern, the organist Pilard, 6 choir singers and 12 to 18 choir boys) and the staff of les Tournelles (the service leader Adolphe Gradwohl, his substitute Isidore Bernstein, the choirmaster Camille Erlanger, the organist Bachelet, 4 choir singers and 12 to 18 choir boys).<\/p>\n<p>In the years following his nomination, Jules Franck\u2019s dedication to his work was fully recognized by the consistory of Paris which gave him increasingly important responsibilities. In 1908, a new regulation of the musical personnel reinforces a little more its authority, under the control of the Consistory.<\/p>\n<p>During the First World War, Jules Franck continued to direct the choir of the La Victoire synagogue. On November 6, 1919, he asked if he could bring in women to his musical staff, replacing children, who were harder to find and recruit. This decision was accepted by the Consistory on November 11, 1919.<\/p>\n<p>The introduction of mixed choirs encouraged several choirmasters to make new arrangements for prayers, sometimes in a questionable style. This is why, with the help of the Consistory, Jules Franck published between 1920 and 1933 a <a href=\"http:\/\/www.rachelnet.net\/F\/?func=find-c&amp;ccl_term=WRD+%3D+Le+guide+ET+WRD+%3D+Franck&amp;local_base=iemcg\" target=\"_blank\" rel=\"noopener\">service leader guide<\/a>, that features recitatives and chants for the services with noted choirs and composed after traditional melodies, with the aim of fighting \u201ca bloom of defective or shocking interpretations, especially concerning the services with choir\u201d. <strong>(2)<\/strong><\/p>\n<p>Jules Franck retired in 1937, after 42 years of dedicated work. He died in Paris in 1941. One of his children was the composer and pedagogue Maurice Franck (1897-1983), award winner of the National Superior Musical Conservatory of Paris, laureate of the first Second Grand Prize of Rome (1926) and harmony teacher in the Conservatory of Paris from 1937 on.<\/p>\n<p><strong>(1)<\/strong> <em>Probably after the war of 1870 and the attachment of the Alsace-Lorraine region to Germany.<\/em><br \/>\n<strong>(2)<\/strong> <em>Jules Franck, Forward to the Guide of the Service Leader, recitative and chants of the services with noted choir composed after traditional melodies, Paris: the Consistory, [nd]<\/em><\/p>\n","protected":false},"excerpt":{"rendered":"<p>Jules Franck was born in the French town of Nancy in 1858. A few years later, his family settled in Paris (1). In January 1873, Jules Franck sang with his<\/p>\n","protected":false},"author":5,"featured_media":13926,"comment_status":"closed","ping_status":"open","sticky":false,"template":"","format":"standard","meta":{"_acf_changed":false,"footnotes":""},"categories":[903],"tags":[],"technique":[],"squelettes":[],"sujet":[],"formation":[],"genre":[],"fonds":[],"tradition":[],"type-de-contenu":[],"interprete-compositeur":[],"frise":[],"type-devenement":[],"tableaux-liens-externes":[],"class_list":["post-51713","post","type-post","status-publish","format-standard","has-post-thumbnail","hentry","category-biographies-en"],"acf":[],"yoast_head":"<!-- This site is optimized with the Yoast SEO plugin v27.3 - https:\/\/yoast.com\/product\/yoast-seo-wordpress\/ -->\n<title>Franck, Jules (1858-1941) - Institut Europ\u00e9en des Musiques Juives<\/title>\n<meta name=\"robots\" content=\"index, follow, max-snippet:-1, max-image-preview:large, max-video-preview:-1\" \/>\n<link rel=\"canonical\" href=\"https:\/\/www.iemj.org\/en\/franck-jules-1858-1941\/\" \/>\n<meta property=\"og:locale\" content=\"en_US\" \/>\n<meta property=\"og:type\" content=\"article\" \/>\n<meta property=\"og:title\" content=\"Franck, Jules (1858-1941) - Institut Europ\u00e9en des Musiques Juives\" \/>\n<meta property=\"og:description\" content=\"Jules Franck was born in the French town of Nancy in 1858. A few years later, his family settled in Paris (1). In January 1873, Jules Franck sang with his\" \/>\n<meta property=\"og:url\" content=\"https:\/\/www.iemj.org\/en\/franck-jules-1858-1941\/\" \/>\n<meta property=\"og:site_name\" content=\"Institut Europ\u00e9en des Musiques Juives\" \/>\n<meta property=\"article:publisher\" content=\"https:\/\/www.facebook.com\/MusiquesJuives\/\" \/>\n<meta property=\"article:published_time\" content=\"2017-04-26T15:05:24+00:00\" \/>\n<meta property=\"article:modified_time\" content=\"2022-09-22T15:57:56+00:00\" \/>\n<meta property=\"og:image\" content=\"https:\/\/www.iemj.org\/wp-content\/uploads\/2017\/04\/arton2260-e1624978755394.jpg\" \/>\n\t<meta property=\"og:image:width\" content=\"138\" \/>\n\t<meta property=\"og:image:height\" content=\"218\" \/>\n\t<meta property=\"og:image:type\" content=\"image\/jpeg\" \/>\n<meta name=\"author\" content=\"Jacqueline ROTEN\" \/>\n<meta name=\"twitter:card\" content=\"summary_large_image\" \/>\n<meta name=\"twitter:label1\" content=\"Written by\" \/>\n\t<meta name=\"twitter:data1\" content=\"Jacqueline ROTEN\" \/>\n\t<meta name=\"twitter:label2\" content=\"Est. reading time\" \/>\n\t<meta name=\"twitter:data2\" content=\"3 minutes\" \/>\n<script type=\"application\/ld+json\" class=\"yoast-schema-graph\">{\"@context\":\"https:\\\/\\\/schema.org\",\"@graph\":[{\"@type\":\"Article\",\"@id\":\"https:\\\/\\\/www.iemj.org\\\/en\\\/franck-jules-1858-1941\\\/#article\",\"isPartOf\":{\"@id\":\"https:\\\/\\\/www.iemj.org\\\/en\\\/franck-jules-1858-1941\\\/\"},\"author\":{\"name\":\"Jacqueline ROTEN\",\"@id\":\"https:\\\/\\\/www.iemj.org\\\/en\\\/#\\\/schema\\\/person\\\/358e26c18aca017fcc4cc15437f7279c\"},\"headline\":\"Franck, Jules (1858-1941)\",\"datePublished\":\"2017-04-26T15:05:24+00:00\",\"dateModified\":\"2022-09-22T15:57:56+00:00\",\"mainEntityOfPage\":{\"@id\":\"https:\\\/\\\/www.iemj.org\\\/en\\\/franck-jules-1858-1941\\\/\"},\"wordCount\":520,\"publisher\":{\"@id\":\"https:\\\/\\\/www.iemj.org\\\/en\\\/#organization\"},\"image\":{\"@id\":\"https:\\\/\\\/www.iemj.org\\\/en\\\/franck-jules-1858-1941\\\/#primaryimage\"},\"thumbnailUrl\":\"https:\\\/\\\/www.iemj.org\\\/wp-content\\\/uploads\\\/2017\\\/04\\\/arton2260-e1624978755394.jpg\",\"articleSection\":[\"Biographies\"],\"inLanguage\":\"en-US\"},{\"@type\":\"WebPage\",\"@id\":\"https:\\\/\\\/www.iemj.org\\\/en\\\/franck-jules-1858-1941\\\/\",\"url\":\"https:\\\/\\\/www.iemj.org\\\/en\\\/franck-jules-1858-1941\\\/\",\"name\":\"Franck, Jules (1858-1941) - Institut Europ\u00e9en des Musiques Juives\",\"isPartOf\":{\"@id\":\"https:\\\/\\\/www.iemj.org\\\/en\\\/#website\"},\"primaryImageOfPage\":{\"@id\":\"https:\\\/\\\/www.iemj.org\\\/en\\\/franck-jules-1858-1941\\\/#primaryimage\"},\"image\":{\"@id\":\"https:\\\/\\\/www.iemj.org\\\/en\\\/franck-jules-1858-1941\\\/#primaryimage\"},\"thumbnailUrl\":\"https:\\\/\\\/www.iemj.org\\\/wp-content\\\/uploads\\\/2017\\\/04\\\/arton2260-e1624978755394.jpg\",\"datePublished\":\"2017-04-26T15:05:24+00:00\",\"dateModified\":\"2022-09-22T15:57:56+00:00\",\"breadcrumb\":{\"@id\":\"https:\\\/\\\/www.iemj.org\\\/en\\\/franck-jules-1858-1941\\\/#breadcrumb\"},\"inLanguage\":\"en-US\",\"potentialAction\":[{\"@type\":\"ReadAction\",\"target\":[\"https:\\\/\\\/www.iemj.org\\\/en\\\/franck-jules-1858-1941\\\/\"]}]},{\"@type\":\"ImageObject\",\"inLanguage\":\"en-US\",\"@id\":\"https:\\\/\\\/www.iemj.org\\\/en\\\/franck-jules-1858-1941\\\/#primaryimage\",\"url\":\"https:\\\/\\\/www.iemj.org\\\/wp-content\\\/uploads\\\/2017\\\/04\\\/arton2260-e1624978755394.jpg\",\"contentUrl\":\"https:\\\/\\\/www.iemj.org\\\/wp-content\\\/uploads\\\/2017\\\/04\\\/arton2260-e1624978755394.jpg\",\"width\":138,\"height\":218,\"caption\":\"logo bio Jules Franck\"},{\"@type\":\"BreadcrumbList\",\"@id\":\"https:\\\/\\\/www.iemj.org\\\/en\\\/franck-jules-1858-1941\\\/#breadcrumb\",\"itemListElement\":[{\"@type\":\"ListItem\",\"position\":1,\"name\":\"Accueil\",\"item\":\"https:\\\/\\\/www.iemj.org\\\/en\\\/\"},{\"@type\":\"ListItem\",\"position\":2,\"name\":\"Franck, Jules (1858-1941)\"}]},{\"@type\":\"WebSite\",\"@id\":\"https:\\\/\\\/www.iemj.org\\\/en\\\/#website\",\"url\":\"https:\\\/\\\/www.iemj.org\\\/en\\\/\",\"name\":\"Institut Europ\u00e9en des Musiques Juives\",\"description\":\"Des traditions musicales \u00e0 la port\u00e9e de tous\",\"publisher\":{\"@id\":\"https:\\\/\\\/www.iemj.org\\\/en\\\/#organization\"},\"potentialAction\":[{\"@type\":\"SearchAction\",\"target\":{\"@type\":\"EntryPoint\",\"urlTemplate\":\"https:\\\/\\\/www.iemj.org\\\/en\\\/?s={search_term_string}\"},\"query-input\":{\"@type\":\"PropertyValueSpecification\",\"valueRequired\":true,\"valueName\":\"search_term_string\"}}],\"inLanguage\":\"en-US\"},{\"@type\":\"Organization\",\"@id\":\"https:\\\/\\\/www.iemj.org\\\/en\\\/#organization\",\"name\":\"Institut Europ\u00e9en des Musiques Juives\",\"url\":\"https:\\\/\\\/www.iemj.org\\\/en\\\/\",\"logo\":{\"@type\":\"ImageObject\",\"inLanguage\":\"en-US\",\"@id\":\"https:\\\/\\\/www.iemj.org\\\/en\\\/#\\\/schema\\\/logo\\\/image\\\/\",\"url\":\"https:\\\/\\\/www.iemj.org\\\/wp-content\\\/uploads\\\/2021\\\/09\\\/Logo-IEMJ-Paypal.jpg\",\"contentUrl\":\"https:\\\/\\\/www.iemj.org\\\/wp-content\\\/uploads\\\/2021\\\/09\\\/Logo-IEMJ-Paypal.jpg\",\"width\":150,\"height\":50,\"caption\":\"Institut Europ\u00e9en des Musiques Juives\"},\"image\":{\"@id\":\"https:\\\/\\\/www.iemj.org\\\/en\\\/#\\\/schema\\\/logo\\\/image\\\/\"},\"sameAs\":[\"https:\\\/\\\/www.facebook.com\\\/MusiquesJuives\\\/\",\"https:\\\/\\\/www.instagram.com\\\/musiquesjuives\\\/\",\"https:\\\/\\\/www.youtube.com\\\/user\\\/musiquesjuives\"]},{\"@type\":\"Person\",\"@id\":\"https:\\\/\\\/www.iemj.org\\\/en\\\/#\\\/schema\\\/person\\\/358e26c18aca017fcc4cc15437f7279c\",\"name\":\"Jacqueline ROTEN\",\"image\":{\"@type\":\"ImageObject\",\"inLanguage\":\"en-US\",\"@id\":\"https:\\\/\\\/secure.gravatar.com\\\/avatar\\\/5964256d6c6957de3a3505278957e0fb2a35119ac47ea41827a65301213c810b?s=96&d=mm&r=g\",\"url\":\"https:\\\/\\\/secure.gravatar.com\\\/avatar\\\/5964256d6c6957de3a3505278957e0fb2a35119ac47ea41827a65301213c810b?s=96&d=mm&r=g\",\"contentUrl\":\"https:\\\/\\\/secure.gravatar.com\\\/avatar\\\/5964256d6c6957de3a3505278957e0fb2a35119ac47ea41827a65301213c810b?s=96&d=mm&r=g\",\"caption\":\"Jacqueline ROTEN\"}}]}<\/script>\n<!-- \/ Yoast SEO plugin. -->","yoast_head_json":{"title":"Franck, Jules (1858-1941) - Institut Europ\u00e9en des Musiques Juives","robots":{"index":"index","follow":"follow","max-snippet":"max-snippet:-1","max-image-preview":"max-image-preview:large","max-video-preview":"max-video-preview:-1"},"canonical":"https:\/\/www.iemj.org\/en\/franck-jules-1858-1941\/","og_locale":"en_US","og_type":"article","og_title":"Franck, Jules (1858-1941) - Institut Europ\u00e9en des Musiques Juives","og_description":"Jules Franck was born in the French town of Nancy in 1858. A few years later, his family settled in Paris (1). In January 1873, Jules Franck sang with his","og_url":"https:\/\/www.iemj.org\/en\/franck-jules-1858-1941\/","og_site_name":"Institut Europ\u00e9en des Musiques Juives","article_publisher":"https:\/\/www.facebook.com\/MusiquesJuives\/","article_published_time":"2017-04-26T15:05:24+00:00","article_modified_time":"2022-09-22T15:57:56+00:00","og_image":[{"width":138,"height":218,"url":"https:\/\/www.iemj.org\/wp-content\/uploads\/2017\/04\/arton2260-e1624978755394.jpg","type":"image\/jpeg"}],"author":"Jacqueline ROTEN","twitter_card":"summary_large_image","twitter_misc":{"Written by":"Jacqueline ROTEN","Est. reading time":"3 minutes"},"schema":{"@context":"https:\/\/schema.org","@graph":[{"@type":"Article","@id":"https:\/\/www.iemj.org\/en\/franck-jules-1858-1941\/#article","isPartOf":{"@id":"https:\/\/www.iemj.org\/en\/franck-jules-1858-1941\/"},"author":{"name":"Jacqueline ROTEN","@id":"https:\/\/www.iemj.org\/en\/#\/schema\/person\/358e26c18aca017fcc4cc15437f7279c"},"headline":"Franck, Jules (1858-1941)","datePublished":"2017-04-26T15:05:24+00:00","dateModified":"2022-09-22T15:57:56+00:00","mainEntityOfPage":{"@id":"https:\/\/www.iemj.org\/en\/franck-jules-1858-1941\/"},"wordCount":520,"publisher":{"@id":"https:\/\/www.iemj.org\/en\/#organization"},"image":{"@id":"https:\/\/www.iemj.org\/en\/franck-jules-1858-1941\/#primaryimage"},"thumbnailUrl":"https:\/\/www.iemj.org\/wp-content\/uploads\/2017\/04\/arton2260-e1624978755394.jpg","articleSection":["Biographies"],"inLanguage":"en-US"},{"@type":"WebPage","@id":"https:\/\/www.iemj.org\/en\/franck-jules-1858-1941\/","url":"https:\/\/www.iemj.org\/en\/franck-jules-1858-1941\/","name":"Franck, Jules (1858-1941) - Institut Europ\u00e9en des Musiques Juives","isPartOf":{"@id":"https:\/\/www.iemj.org\/en\/#website"},"primaryImageOfPage":{"@id":"https:\/\/www.iemj.org\/en\/franck-jules-1858-1941\/#primaryimage"},"image":{"@id":"https:\/\/www.iemj.org\/en\/franck-jules-1858-1941\/#primaryimage"},"thumbnailUrl":"https:\/\/www.iemj.org\/wp-content\/uploads\/2017\/04\/arton2260-e1624978755394.jpg","datePublished":"2017-04-26T15:05:24+00:00","dateModified":"2022-09-22T15:57:56+00:00","breadcrumb":{"@id":"https:\/\/www.iemj.org\/en\/franck-jules-1858-1941\/#breadcrumb"},"inLanguage":"en-US","potentialAction":[{"@type":"ReadAction","target":["https:\/\/www.iemj.org\/en\/franck-jules-1858-1941\/"]}]},{"@type":"ImageObject","inLanguage":"en-US","@id":"https:\/\/www.iemj.org\/en\/franck-jules-1858-1941\/#primaryimage","url":"https:\/\/www.iemj.org\/wp-content\/uploads\/2017\/04\/arton2260-e1624978755394.jpg","contentUrl":"https:\/\/www.iemj.org\/wp-content\/uploads\/2017\/04\/arton2260-e1624978755394.jpg","width":138,"height":218,"caption":"logo bio Jules Franck"},{"@type":"BreadcrumbList","@id":"https:\/\/www.iemj.org\/en\/franck-jules-1858-1941\/#breadcrumb","itemListElement":[{"@type":"ListItem","position":1,"name":"Accueil","item":"https:\/\/www.iemj.org\/en\/"},{"@type":"ListItem","position":2,"name":"Franck, Jules (1858-1941)"}]},{"@type":"WebSite","@id":"https:\/\/www.iemj.org\/en\/#website","url":"https:\/\/www.iemj.org\/en\/","name":"Institut Europ\u00e9en des Musiques Juives","description":"Des traditions musicales \u00e0 la port\u00e9e de tous","publisher":{"@id":"https:\/\/www.iemj.org\/en\/#organization"},"potentialAction":[{"@type":"SearchAction","target":{"@type":"EntryPoint","urlTemplate":"https:\/\/www.iemj.org\/en\/?s={search_term_string}"},"query-input":{"@type":"PropertyValueSpecification","valueRequired":true,"valueName":"search_term_string"}}],"inLanguage":"en-US"},{"@type":"Organization","@id":"https:\/\/www.iemj.org\/en\/#organization","name":"Institut Europ\u00e9en des Musiques Juives","url":"https:\/\/www.iemj.org\/en\/","logo":{"@type":"ImageObject","inLanguage":"en-US","@id":"https:\/\/www.iemj.org\/en\/#\/schema\/logo\/image\/","url":"https:\/\/www.iemj.org\/wp-content\/uploads\/2021\/09\/Logo-IEMJ-Paypal.jpg","contentUrl":"https:\/\/www.iemj.org\/wp-content\/uploads\/2021\/09\/Logo-IEMJ-Paypal.jpg","width":150,"height":50,"caption":"Institut Europ\u00e9en des Musiques Juives"},"image":{"@id":"https:\/\/www.iemj.org\/en\/#\/schema\/logo\/image\/"},"sameAs":["https:\/\/www.facebook.com\/MusiquesJuives\/","https:\/\/www.instagram.com\/musiquesjuives\/","https:\/\/www.youtube.com\/user\/musiquesjuives"]},{"@type":"Person","@id":"https:\/\/www.iemj.org\/en\/#\/schema\/person\/358e26c18aca017fcc4cc15437f7279c","name":"Jacqueline ROTEN","image":{"@type":"ImageObject","inLanguage":"en-US","@id":"https:\/\/secure.gravatar.com\/avatar\/5964256d6c6957de3a3505278957e0fb2a35119ac47ea41827a65301213c810b?s=96&d=mm&r=g","url":"https:\/\/secure.gravatar.com\/avatar\/5964256d6c6957de3a3505278957e0fb2a35119ac47ea41827a65301213c810b?s=96&d=mm&r=g","contentUrl":"https:\/\/secure.gravatar.com\/avatar\/5964256d6c6957de3a3505278957e0fb2a35119ac47ea41827a65301213c810b?s=96&d=mm&r=g","caption":"Jacqueline ROTEN"}}]}},"_links":{"self":[{"href":"https:\/\/www.iemj.org\/en\/wp-json\/wp\/v2\/posts\/51713","targetHints":{"allow":["GET"]}}],"collection":[{"href":"https:\/\/www.iemj.org\/en\/wp-json\/wp\/v2\/posts"}],"about":[{"href":"https:\/\/www.iemj.org\/en\/wp-json\/wp\/v2\/types\/post"}],"author":[{"embeddable":true,"href":"https:\/\/www.iemj.org\/en\/wp-json\/wp\/v2\/users\/5"}],"replies":[{"embeddable":true,"href":"https:\/\/www.iemj.org\/en\/wp-json\/wp\/v2\/comments?post=51713"}],"version-history":[{"count":0,"href":"https:\/\/www.iemj.org\/en\/wp-json\/wp\/v2\/posts\/51713\/revisions"}],"wp:featuredmedia":[{"embeddable":true,"href":"https:\/\/www.iemj.org\/en\/wp-json\/wp\/v2\/media\/13926"}],"wp:attachment":[{"href":"https:\/\/www.iemj.org\/en\/wp-json\/wp\/v2\/media?parent=51713"}],"wp:term":[{"taxonomy":"category","embeddable":true,"href":"https:\/\/www.iemj.org\/en\/wp-json\/wp\/v2\/categories?post=51713"},{"taxonomy":"post_tag","embeddable":true,"href":"https:\/\/www.iemj.org\/en\/wp-json\/wp\/v2\/tags?post=51713"},{"taxonomy":"technique","embeddable":true,"href":"https:\/\/www.iemj.org\/en\/wp-json\/wp\/v2\/technique?post=51713"},{"taxonomy":"squelettes","embeddable":true,"href":"https:\/\/www.iemj.org\/en\/wp-json\/wp\/v2\/squelettes?post=51713"},{"taxonomy":"sujet","embeddable":true,"href":"https:\/\/www.iemj.org\/en\/wp-json\/wp\/v2\/sujet?post=51713"},{"taxonomy":"formation","embeddable":true,"href":"https:\/\/www.iemj.org\/en\/wp-json\/wp\/v2\/formation?post=51713"},{"taxonomy":"genre","embeddable":true,"href":"https:\/\/www.iemj.org\/en\/wp-json\/wp\/v2\/genre?post=51713"},{"taxonomy":"fonds","embeddable":true,"href":"https:\/\/www.iemj.org\/en\/wp-json\/wp\/v2\/fonds?post=51713"},{"taxonomy":"tradition","embeddable":true,"href":"https:\/\/www.iemj.org\/en\/wp-json\/wp\/v2\/tradition?post=51713"},{"taxonomy":"type-de-contenu","embeddable":true,"href":"https:\/\/www.iemj.org\/en\/wp-json\/wp\/v2\/type-de-contenu?post=51713"},{"taxonomy":"interprete-compositeur","embeddable":true,"href":"https:\/\/www.iemj.org\/en\/wp-json\/wp\/v2\/interprete-compositeur?post=51713"},{"taxonomy":"frise","embeddable":true,"href":"https:\/\/www.iemj.org\/en\/wp-json\/wp\/v2\/frise?post=51713"},{"taxonomy":"type-devenement","embeddable":true,"href":"https:\/\/www.iemj.org\/en\/wp-json\/wp\/v2\/type-devenement?post=51713"},{"taxonomy":"tableaux-liens-externes","embeddable":true,"href":"https:\/\/www.iemj.org\/en\/wp-json\/wp\/v2\/tableaux-liens-externes?post=51713"}],"curies":[{"name":"wp","href":"https:\/\/api.w.org\/{rel}","templated":true}]}}