{"id":51802,"date":"2020-12-01T11:38:50","date_gmt":"2020-12-01T10:38:50","guid":{"rendered":"https:\/\/www.iemj.org\/goldenshteyn-german-1934-2006\/"},"modified":"2021-06-30T09:59:48","modified_gmt":"2021-06-30T07:59:48","slug":"goldenshteyn-german-1934-2006","status":"publish","type":"post","link":"https:\/\/www.iemj.org\/en\/goldenshteyn-german-1934-2006\/","title":{"rendered":"Goldenshteyn, German (1934-2006)"},"content":{"rendered":"<p>German Goldenshteyn was born in 1934 in Otaci (in Bessarabia), formerly in Rumania, a part of today\u2019s Moldova. <br \/>During the second world war, Rumania fought with the Axis forces (Germany, Italy and Japan). German Goldenshteyn and his whole family were interned in a Rumanian ghetto called Bershad. His parents didn\u2019t survive and died from diseases and privation.<\/p>\n<p>At the end of 1944, German and his two brothers were transferred in an orphanage in Odessa. About one year later, the conductor of a Soviet military orchestra came to test the musical potential of the children. He chose 10 of them, including German and one of his brothers, which helped for his admission in a music school of Odessa, where German learned clarinet.<\/p>\n<p><img fetchpriority=\"high\" decoding=\"async\" class=\" alignright  wp-image-29282\" src=\"https:\/\/www.iemj.org\/wp-content\/uploads\/2020\/12\/bessarabie_redim_480px_larg.jpg\" alt=\"bessarabie_redim_480px_larg.jpg\" width=\"354\" height=\"260\" align=\"right\" srcset=\"https:\/\/www.iemj.org\/wp-content\/uploads\/2020\/12\/bessarabie_redim_480px_larg.jpg 400w, https:\/\/www.iemj.org\/wp-content\/uploads\/2020\/12\/bessarabie_redim_480px_larg-300x221.jpg 300w\" sizes=\"(max-width: 354px) 100vw, 354px\" \/><\/p>\n<p>German Goldenshteyn did his military service in the Red Army\u2019s orchestra, and in 1956, he settled in Ukraine where he became a machinist in the town of Mogilev Podolski, while at the same time entered a small wedding orchestra which performed in the whole region. He travelled from village to village, from town to town, as did the traditional klezmorim of the 18th and beginning of the 19th century. During his tribulations, he met musicians who taught him hundreds of Bessarabian melodies, popular and traditional.<\/p>\n<p>Bessarabia was then in the middle of various cultures, Jewish, Gypsy, Ottoman, Slavic, Balkan \u2026 and the cohabitation of all these traditions constituted a rich and contrasted repertoire. Although the post-war Sovietic regime tried to eliminate the Jewish culture, the music survived this repression. Goldenshteyn performed thousands of simhas, of horas, of sirbas and of freylekhs. He learned them very quickly, but had difficulty remembering them all, and so took the habit of writing them on his notebooks. Each time he learned a new tune, he wrote it down not to forget it.<\/p>\n<p>Year after year, he transcribed over a thousand melodies in his notebooks, that he took along in 1994, when he arrived in USA. Many of these melodies had never been documented before him.<\/p>\n<p>Coming from the Old World like many of his predecessors, Dave Tarras, Naftule Brandwein, Goldenshteyn represents one of the most recent links with East European Klezmer tradition.<\/p>\n<p>He passed away in Long Island, in the state of New York, from a heart attack in 2006, while he was fishing.<\/p>\n<p><br \/><a href=\"http:\/\/www.rachelnet.net\/F\/?func=find-c&amp;ccl_term=WRD+%3D+German+Goldenshteyn&amp;local_base=iemcg\">Browse our collections on German Goldenshteyn<\/a><\/p>\n\n\n<div class=\"wp-block-columns are-vertically-aligned-center is-layout-flex wp-container-core-columns-is-layout-9d6595d7 wp-block-columns-is-layout-flex\">\n<div class=\"wp-block-column is-vertically-aligned-center is-layout-flow wp-block-column-is-layout-flow\">\n<div class=\"wp-block-image\"><figure class=\"aligncenter size-large\"><img decoding=\"async\" width=\"262\" height=\"350\" src=\"https:\/\/www.iemj.org\/wp-content\/uploads\/2020\/12\/recueil_de_partitions_350px_vertic.jpg\" alt=\"recueil_de_partitions_350px_vertic.jpg\" class=\"wp-image-29284\" srcset=\"https:\/\/www.iemj.org\/wp-content\/uploads\/2020\/12\/recueil_de_partitions_350px_vertic.jpg 262w, https:\/\/www.iemj.org\/wp-content\/uploads\/2020\/12\/recueil_de_partitions_350px_vertic-225x300.jpg 225w\" sizes=\"(max-width: 262px) 100vw, 262px\" \/><figcaption><strong>A music score for clarinet from the repertoire of de German Goldenshteyn<\/strong><\/figcaption><\/figure><\/div>\n<\/div>\n\n\n\n<div class=\"wp-block-column is-vertically-aligned-center is-layout-flow wp-block-column-is-layout-flow\">\n<div class=\"wp-block-image\"><figure class=\"aligncenter size-large is-resized\"><img decoding=\"async\" src=\"https:\/\/www.iemj.org\/wp-content\/uploads\/2020\/12\/couverture_disque_german_goldenshteyn_redim_250px.jpg\" alt=\"couverture_disque_german_goldenshteyn_redim_250px.jpg\" class=\"wp-image-29286\" width=\"250\" height=\"250\" srcset=\"https:\/\/www.iemj.org\/wp-content\/uploads\/2020\/12\/couverture_disque_german_goldenshteyn_redim_250px.jpg 250w, https:\/\/www.iemj.org\/wp-content\/uploads\/2020\/12\/couverture_disque_german_goldenshteyn_redim_250px-150x150.jpg 150w, https:\/\/www.iemj.org\/wp-content\/uploads\/2020\/12\/couverture_disque_german_goldenshteyn_redim_250px-100x100.jpg 100w\" sizes=\"(max-width: 250px) 100vw, 250px\" \/><figcaption><strong>A disc by German Goldenshteyn<\/strong><\/figcaption><\/figure><\/div>\n\n\n\n<p><\/p>\n<\/div>\n<\/div>\n\n\n\n<figure class=\"wp-block-embed is-type-video is-provider-youtube wp-block-embed-youtube wp-embed-aspect-16-9 wp-has-aspect-ratio\"><div class=\"wp-block-embed__wrapper\">\n<iframe title=\"Treasures of the CTMD Archive - German Goldenshteyn\" width=\"640\" height=\"360\" src=\"https:\/\/www.youtube.com\/embed\/kfV9dIJWyRU?feature=oembed\" frameborder=\"0\" allow=\"accelerometer; autoplay; clipboard-write; encrypted-media; gyroscope; picture-in-picture; web-share\" referrerpolicy=\"strict-origin-when-cross-origin\" allowfullscreen><\/iframe>\n<\/div><\/figure>\n","protected":false},"excerpt":{"rendered":"<p>German Goldenshteyn was born in 1934 in Otaci (in Bessarabia), formerly in Rumania, a part of today\u2019s Moldova. During the second world war, Rumania fought with the Axis forces (Germany,<\/p>\n","protected":false},"author":5,"featured_media":29280,"comment_status":"closed","ping_status":"closed","sticky":false,"template":"","format":"standard","meta":{"_acf_changed":false,"footnotes":""},"categories":[903],"tags":[],"technique":[],"squelettes":[],"sujet":[],"formation":[],"genre":[1113],"fonds":[],"tradition":[],"type-de-contenu":[],"interprete-compositeur":[],"frise":[],"type-devenement":[],"tableaux-liens-externes":[],"class_list":["post-51802","post","type-post","status-publish","format-standard","has-post-thumbnail","hentry","category-biographies-en","genre-klezmer-en"],"acf":[],"yoast_head":"<!-- This site is optimized with the Yoast SEO plugin v27.3 - https:\/\/yoast.com\/product\/yoast-seo-wordpress\/ -->\n<title>Goldenshteyn, German (1934-2006) - Institut Europ\u00e9en des Musiques Juives<\/title>\n<meta name=\"robots\" content=\"index, follow, max-snippet:-1, max-image-preview:large, max-video-preview:-1\" \/>\n<link rel=\"canonical\" href=\"https:\/\/www.iemj.org\/en\/goldenshteyn-german-1934-2006\/\" \/>\n<meta property=\"og:locale\" content=\"en_US\" \/>\n<meta property=\"og:type\" content=\"article\" \/>\n<meta property=\"og:title\" content=\"Goldenshteyn, German (1934-2006) - Institut Europ\u00e9en des Musiques Juives\" \/>\n<meta property=\"og:description\" content=\"German Goldenshteyn was born in 1934 in Otaci (in Bessarabia), formerly in Rumania, a part of today\u2019s Moldova. During the second world war, Rumania fought with the Axis forces (Germany,\" \/>\n<meta property=\"og:url\" content=\"https:\/\/www.iemj.org\/en\/goldenshteyn-german-1934-2006\/\" \/>\n<meta property=\"og:site_name\" content=\"Institut Europ\u00e9en des Musiques Juives\" \/>\n<meta property=\"article:publisher\" content=\"https:\/\/www.facebook.com\/MusiquesJuives\/\" \/>\n<meta property=\"article:published_time\" content=\"2020-12-01T10:38:50+00:00\" \/>\n<meta property=\"article:modified_time\" content=\"2021-06-30T07:59:48+00:00\" \/>\n<meta property=\"og:image\" content=\"https:\/\/www.iemj.org\/wp-content\/uploads\/2020\/12\/arton4809-e1616951787482.jpg\" \/>\n\t<meta property=\"og:image:width\" content=\"170\" \/>\n\t<meta property=\"og:image:height\" content=\"218\" \/>\n\t<meta property=\"og:image:type\" content=\"image\/jpeg\" \/>\n<meta name=\"author\" content=\"Jacqueline ROTEN\" \/>\n<meta name=\"twitter:card\" content=\"summary_large_image\" \/>\n<meta name=\"twitter:label1\" content=\"Written by\" \/>\n\t<meta name=\"twitter:data1\" content=\"Jacqueline ROTEN\" \/>\n\t<meta name=\"twitter:label2\" content=\"Est. reading time\" \/>\n\t<meta name=\"twitter:data2\" content=\"3 minutes\" \/>\n<script type=\"application\/ld+json\" class=\"yoast-schema-graph\">{\"@context\":\"https:\\\/\\\/schema.org\",\"@graph\":[{\"@type\":\"Article\",\"@id\":\"https:\\\/\\\/www.iemj.org\\\/en\\\/goldenshteyn-german-1934-2006\\\/#article\",\"isPartOf\":{\"@id\":\"https:\\\/\\\/www.iemj.org\\\/en\\\/goldenshteyn-german-1934-2006\\\/\"},\"author\":{\"name\":\"Jacqueline ROTEN\",\"@id\":\"https:\\\/\\\/www.iemj.org\\\/en\\\/#\\\/schema\\\/person\\\/358e26c18aca017fcc4cc15437f7279c\"},\"headline\":\"Goldenshteyn, German (1934-2006)\",\"datePublished\":\"2020-12-01T10:38:50+00:00\",\"dateModified\":\"2021-06-30T07:59:48+00:00\",\"mainEntityOfPage\":{\"@id\":\"https:\\\/\\\/www.iemj.org\\\/en\\\/goldenshteyn-german-1934-2006\\\/\"},\"wordCount\":408,\"publisher\":{\"@id\":\"https:\\\/\\\/www.iemj.org\\\/en\\\/#organization\"},\"image\":{\"@id\":\"https:\\\/\\\/www.iemj.org\\\/en\\\/goldenshteyn-german-1934-2006\\\/#primaryimage\"},\"thumbnailUrl\":\"https:\\\/\\\/www.iemj.org\\\/wp-content\\\/uploads\\\/2020\\\/12\\\/arton4809-e1616951787482.jpg\",\"articleSection\":[\"Biographies\"],\"inLanguage\":\"en-US\"},{\"@type\":\"WebPage\",\"@id\":\"https:\\\/\\\/www.iemj.org\\\/en\\\/goldenshteyn-german-1934-2006\\\/\",\"url\":\"https:\\\/\\\/www.iemj.org\\\/en\\\/goldenshteyn-german-1934-2006\\\/\",\"name\":\"Goldenshteyn, German (1934-2006) - Institut Europ\u00e9en des Musiques Juives\",\"isPartOf\":{\"@id\":\"https:\\\/\\\/www.iemj.org\\\/en\\\/#website\"},\"primaryImageOfPage\":{\"@id\":\"https:\\\/\\\/www.iemj.org\\\/en\\\/goldenshteyn-german-1934-2006\\\/#primaryimage\"},\"image\":{\"@id\":\"https:\\\/\\\/www.iemj.org\\\/en\\\/goldenshteyn-german-1934-2006\\\/#primaryimage\"},\"thumbnailUrl\":\"https:\\\/\\\/www.iemj.org\\\/wp-content\\\/uploads\\\/2020\\\/12\\\/arton4809-e1616951787482.jpg\",\"datePublished\":\"2020-12-01T10:38:50+00:00\",\"dateModified\":\"2021-06-30T07:59:48+00:00\",\"breadcrumb\":{\"@id\":\"https:\\\/\\\/www.iemj.org\\\/en\\\/goldenshteyn-german-1934-2006\\\/#breadcrumb\"},\"inLanguage\":\"en-US\",\"potentialAction\":[{\"@type\":\"ReadAction\",\"target\":[\"https:\\\/\\\/www.iemj.org\\\/en\\\/goldenshteyn-german-1934-2006\\\/\"]}]},{\"@type\":\"ImageObject\",\"inLanguage\":\"en-US\",\"@id\":\"https:\\\/\\\/www.iemj.org\\\/en\\\/goldenshteyn-german-1934-2006\\\/#primaryimage\",\"url\":\"https:\\\/\\\/www.iemj.org\\\/wp-content\\\/uploads\\\/2020\\\/12\\\/arton4809-e1616951787482.jpg\",\"contentUrl\":\"https:\\\/\\\/www.iemj.org\\\/wp-content\\\/uploads\\\/2020\\\/12\\\/arton4809-e1616951787482.jpg\",\"width\":170,\"height\":218},{\"@type\":\"BreadcrumbList\",\"@id\":\"https:\\\/\\\/www.iemj.org\\\/en\\\/goldenshteyn-german-1934-2006\\\/#breadcrumb\",\"itemListElement\":[{\"@type\":\"ListItem\",\"position\":1,\"name\":\"Accueil\",\"item\":\"https:\\\/\\\/www.iemj.org\\\/en\\\/\"},{\"@type\":\"ListItem\",\"position\":2,\"name\":\"Goldenshteyn, German (1934-2006)\"}]},{\"@type\":\"WebSite\",\"@id\":\"https:\\\/\\\/www.iemj.org\\\/en\\\/#website\",\"url\":\"https:\\\/\\\/www.iemj.org\\\/en\\\/\",\"name\":\"Institut Europ\u00e9en des Musiques Juives\",\"description\":\"Des traditions musicales \u00e0 la port\u00e9e de tous\",\"publisher\":{\"@id\":\"https:\\\/\\\/www.iemj.org\\\/en\\\/#organization\"},\"potentialAction\":[{\"@type\":\"SearchAction\",\"target\":{\"@type\":\"EntryPoint\",\"urlTemplate\":\"https:\\\/\\\/www.iemj.org\\\/en\\\/?s={search_term_string}\"},\"query-input\":{\"@type\":\"PropertyValueSpecification\",\"valueRequired\":true,\"valueName\":\"search_term_string\"}}],\"inLanguage\":\"en-US\"},{\"@type\":\"Organization\",\"@id\":\"https:\\\/\\\/www.iemj.org\\\/en\\\/#organization\",\"name\":\"Institut Europ\u00e9en des Musiques Juives\",\"url\":\"https:\\\/\\\/www.iemj.org\\\/en\\\/\",\"logo\":{\"@type\":\"ImageObject\",\"inLanguage\":\"en-US\",\"@id\":\"https:\\\/\\\/www.iemj.org\\\/en\\\/#\\\/schema\\\/logo\\\/image\\\/\",\"url\":\"https:\\\/\\\/www.iemj.org\\\/wp-content\\\/uploads\\\/2021\\\/09\\\/Logo-IEMJ-Paypal.jpg\",\"contentUrl\":\"https:\\\/\\\/www.iemj.org\\\/wp-content\\\/uploads\\\/2021\\\/09\\\/Logo-IEMJ-Paypal.jpg\",\"width\":150,\"height\":50,\"caption\":\"Institut Europ\u00e9en des Musiques Juives\"},\"image\":{\"@id\":\"https:\\\/\\\/www.iemj.org\\\/en\\\/#\\\/schema\\\/logo\\\/image\\\/\"},\"sameAs\":[\"https:\\\/\\\/www.facebook.com\\\/MusiquesJuives\\\/\",\"https:\\\/\\\/www.instagram.com\\\/musiquesjuives\\\/\",\"https:\\\/\\\/www.youtube.com\\\/user\\\/musiquesjuives\"]},{\"@type\":\"Person\",\"@id\":\"https:\\\/\\\/www.iemj.org\\\/en\\\/#\\\/schema\\\/person\\\/358e26c18aca017fcc4cc15437f7279c\",\"name\":\"Jacqueline ROTEN\",\"image\":{\"@type\":\"ImageObject\",\"inLanguage\":\"en-US\",\"@id\":\"https:\\\/\\\/secure.gravatar.com\\\/avatar\\\/5964256d6c6957de3a3505278957e0fb2a35119ac47ea41827a65301213c810b?s=96&d=mm&r=g\",\"url\":\"https:\\\/\\\/secure.gravatar.com\\\/avatar\\\/5964256d6c6957de3a3505278957e0fb2a35119ac47ea41827a65301213c810b?s=96&d=mm&r=g\",\"contentUrl\":\"https:\\\/\\\/secure.gravatar.com\\\/avatar\\\/5964256d6c6957de3a3505278957e0fb2a35119ac47ea41827a65301213c810b?s=96&d=mm&r=g\",\"caption\":\"Jacqueline ROTEN\"}}]}<\/script>\n<!-- \/ Yoast SEO plugin. -->","yoast_head_json":{"title":"Goldenshteyn, German (1934-2006) - Institut Europ\u00e9en des Musiques Juives","robots":{"index":"index","follow":"follow","max-snippet":"max-snippet:-1","max-image-preview":"max-image-preview:large","max-video-preview":"max-video-preview:-1"},"canonical":"https:\/\/www.iemj.org\/en\/goldenshteyn-german-1934-2006\/","og_locale":"en_US","og_type":"article","og_title":"Goldenshteyn, German (1934-2006) - Institut Europ\u00e9en des Musiques Juives","og_description":"German Goldenshteyn was born in 1934 in Otaci (in Bessarabia), formerly in Rumania, a part of today\u2019s Moldova. During the second world war, Rumania fought with the Axis forces (Germany,","og_url":"https:\/\/www.iemj.org\/en\/goldenshteyn-german-1934-2006\/","og_site_name":"Institut Europ\u00e9en des Musiques Juives","article_publisher":"https:\/\/www.facebook.com\/MusiquesJuives\/","article_published_time":"2020-12-01T10:38:50+00:00","article_modified_time":"2021-06-30T07:59:48+00:00","og_image":[{"width":170,"height":218,"url":"https:\/\/www.iemj.org\/wp-content\/uploads\/2020\/12\/arton4809-e1616951787482.jpg","type":"image\/jpeg"}],"author":"Jacqueline ROTEN","twitter_card":"summary_large_image","twitter_misc":{"Written by":"Jacqueline ROTEN","Est. reading time":"3 minutes"},"schema":{"@context":"https:\/\/schema.org","@graph":[{"@type":"Article","@id":"https:\/\/www.iemj.org\/en\/goldenshteyn-german-1934-2006\/#article","isPartOf":{"@id":"https:\/\/www.iemj.org\/en\/goldenshteyn-german-1934-2006\/"},"author":{"name":"Jacqueline ROTEN","@id":"https:\/\/www.iemj.org\/en\/#\/schema\/person\/358e26c18aca017fcc4cc15437f7279c"},"headline":"Goldenshteyn, German (1934-2006)","datePublished":"2020-12-01T10:38:50+00:00","dateModified":"2021-06-30T07:59:48+00:00","mainEntityOfPage":{"@id":"https:\/\/www.iemj.org\/en\/goldenshteyn-german-1934-2006\/"},"wordCount":408,"publisher":{"@id":"https:\/\/www.iemj.org\/en\/#organization"},"image":{"@id":"https:\/\/www.iemj.org\/en\/goldenshteyn-german-1934-2006\/#primaryimage"},"thumbnailUrl":"https:\/\/www.iemj.org\/wp-content\/uploads\/2020\/12\/arton4809-e1616951787482.jpg","articleSection":["Biographies"],"inLanguage":"en-US"},{"@type":"WebPage","@id":"https:\/\/www.iemj.org\/en\/goldenshteyn-german-1934-2006\/","url":"https:\/\/www.iemj.org\/en\/goldenshteyn-german-1934-2006\/","name":"Goldenshteyn, German (1934-2006) - Institut Europ\u00e9en des Musiques Juives","isPartOf":{"@id":"https:\/\/www.iemj.org\/en\/#website"},"primaryImageOfPage":{"@id":"https:\/\/www.iemj.org\/en\/goldenshteyn-german-1934-2006\/#primaryimage"},"image":{"@id":"https:\/\/www.iemj.org\/en\/goldenshteyn-german-1934-2006\/#primaryimage"},"thumbnailUrl":"https:\/\/www.iemj.org\/wp-content\/uploads\/2020\/12\/arton4809-e1616951787482.jpg","datePublished":"2020-12-01T10:38:50+00:00","dateModified":"2021-06-30T07:59:48+00:00","breadcrumb":{"@id":"https:\/\/www.iemj.org\/en\/goldenshteyn-german-1934-2006\/#breadcrumb"},"inLanguage":"en-US","potentialAction":[{"@type":"ReadAction","target":["https:\/\/www.iemj.org\/en\/goldenshteyn-german-1934-2006\/"]}]},{"@type":"ImageObject","inLanguage":"en-US","@id":"https:\/\/www.iemj.org\/en\/goldenshteyn-german-1934-2006\/#primaryimage","url":"https:\/\/www.iemj.org\/wp-content\/uploads\/2020\/12\/arton4809-e1616951787482.jpg","contentUrl":"https:\/\/www.iemj.org\/wp-content\/uploads\/2020\/12\/arton4809-e1616951787482.jpg","width":170,"height":218},{"@type":"BreadcrumbList","@id":"https:\/\/www.iemj.org\/en\/goldenshteyn-german-1934-2006\/#breadcrumb","itemListElement":[{"@type":"ListItem","position":1,"name":"Accueil","item":"https:\/\/www.iemj.org\/en\/"},{"@type":"ListItem","position":2,"name":"Goldenshteyn, German (1934-2006)"}]},{"@type":"WebSite","@id":"https:\/\/www.iemj.org\/en\/#website","url":"https:\/\/www.iemj.org\/en\/","name":"Institut Europ\u00e9en des Musiques Juives","description":"Des traditions musicales \u00e0 la port\u00e9e de tous","publisher":{"@id":"https:\/\/www.iemj.org\/en\/#organization"},"potentialAction":[{"@type":"SearchAction","target":{"@type":"EntryPoint","urlTemplate":"https:\/\/www.iemj.org\/en\/?s={search_term_string}"},"query-input":{"@type":"PropertyValueSpecification","valueRequired":true,"valueName":"search_term_string"}}],"inLanguage":"en-US"},{"@type":"Organization","@id":"https:\/\/www.iemj.org\/en\/#organization","name":"Institut Europ\u00e9en des Musiques Juives","url":"https:\/\/www.iemj.org\/en\/","logo":{"@type":"ImageObject","inLanguage":"en-US","@id":"https:\/\/www.iemj.org\/en\/#\/schema\/logo\/image\/","url":"https:\/\/www.iemj.org\/wp-content\/uploads\/2021\/09\/Logo-IEMJ-Paypal.jpg","contentUrl":"https:\/\/www.iemj.org\/wp-content\/uploads\/2021\/09\/Logo-IEMJ-Paypal.jpg","width":150,"height":50,"caption":"Institut Europ\u00e9en des Musiques Juives"},"image":{"@id":"https:\/\/www.iemj.org\/en\/#\/schema\/logo\/image\/"},"sameAs":["https:\/\/www.facebook.com\/MusiquesJuives\/","https:\/\/www.instagram.com\/musiquesjuives\/","https:\/\/www.youtube.com\/user\/musiquesjuives"]},{"@type":"Person","@id":"https:\/\/www.iemj.org\/en\/#\/schema\/person\/358e26c18aca017fcc4cc15437f7279c","name":"Jacqueline ROTEN","image":{"@type":"ImageObject","inLanguage":"en-US","@id":"https:\/\/secure.gravatar.com\/avatar\/5964256d6c6957de3a3505278957e0fb2a35119ac47ea41827a65301213c810b?s=96&d=mm&r=g","url":"https:\/\/secure.gravatar.com\/avatar\/5964256d6c6957de3a3505278957e0fb2a35119ac47ea41827a65301213c810b?s=96&d=mm&r=g","contentUrl":"https:\/\/secure.gravatar.com\/avatar\/5964256d6c6957de3a3505278957e0fb2a35119ac47ea41827a65301213c810b?s=96&d=mm&r=g","caption":"Jacqueline ROTEN"}}]}},"_links":{"self":[{"href":"https:\/\/www.iemj.org\/en\/wp-json\/wp\/v2\/posts\/51802","targetHints":{"allow":["GET"]}}],"collection":[{"href":"https:\/\/www.iemj.org\/en\/wp-json\/wp\/v2\/posts"}],"about":[{"href":"https:\/\/www.iemj.org\/en\/wp-json\/wp\/v2\/types\/post"}],"author":[{"embeddable":true,"href":"https:\/\/www.iemj.org\/en\/wp-json\/wp\/v2\/users\/5"}],"replies":[{"embeddable":true,"href":"https:\/\/www.iemj.org\/en\/wp-json\/wp\/v2\/comments?post=51802"}],"version-history":[{"count":0,"href":"https:\/\/www.iemj.org\/en\/wp-json\/wp\/v2\/posts\/51802\/revisions"}],"wp:featuredmedia":[{"embeddable":true,"href":"https:\/\/www.iemj.org\/en\/wp-json\/wp\/v2\/media\/29280"}],"wp:attachment":[{"href":"https:\/\/www.iemj.org\/en\/wp-json\/wp\/v2\/media?parent=51802"}],"wp:term":[{"taxonomy":"category","embeddable":true,"href":"https:\/\/www.iemj.org\/en\/wp-json\/wp\/v2\/categories?post=51802"},{"taxonomy":"post_tag","embeddable":true,"href":"https:\/\/www.iemj.org\/en\/wp-json\/wp\/v2\/tags?post=51802"},{"taxonomy":"technique","embeddable":true,"href":"https:\/\/www.iemj.org\/en\/wp-json\/wp\/v2\/technique?post=51802"},{"taxonomy":"squelettes","embeddable":true,"href":"https:\/\/www.iemj.org\/en\/wp-json\/wp\/v2\/squelettes?post=51802"},{"taxonomy":"sujet","embeddable":true,"href":"https:\/\/www.iemj.org\/en\/wp-json\/wp\/v2\/sujet?post=51802"},{"taxonomy":"formation","embeddable":true,"href":"https:\/\/www.iemj.org\/en\/wp-json\/wp\/v2\/formation?post=51802"},{"taxonomy":"genre","embeddable":true,"href":"https:\/\/www.iemj.org\/en\/wp-json\/wp\/v2\/genre?post=51802"},{"taxonomy":"fonds","embeddable":true,"href":"https:\/\/www.iemj.org\/en\/wp-json\/wp\/v2\/fonds?post=51802"},{"taxonomy":"tradition","embeddable":true,"href":"https:\/\/www.iemj.org\/en\/wp-json\/wp\/v2\/tradition?post=51802"},{"taxonomy":"type-de-contenu","embeddable":true,"href":"https:\/\/www.iemj.org\/en\/wp-json\/wp\/v2\/type-de-contenu?post=51802"},{"taxonomy":"interprete-compositeur","embeddable":true,"href":"https:\/\/www.iemj.org\/en\/wp-json\/wp\/v2\/interprete-compositeur?post=51802"},{"taxonomy":"frise","embeddable":true,"href":"https:\/\/www.iemj.org\/en\/wp-json\/wp\/v2\/frise?post=51802"},{"taxonomy":"type-devenement","embeddable":true,"href":"https:\/\/www.iemj.org\/en\/wp-json\/wp\/v2\/type-devenement?post=51802"},{"taxonomy":"tableaux-liens-externes","embeddable":true,"href":"https:\/\/www.iemj.org\/en\/wp-json\/wp\/v2\/tableaux-liens-externes?post=51802"}],"curies":[{"name":"wp","href":"https:\/\/api.w.org\/{rel}","templated":true}]}}