{"id":51837,"date":"2018-04-11T09:55:15","date_gmt":"2018-04-11T07:55:15","guid":{"rendered":"https:\/\/www.iemj.org\/halali-salim-1920-2005\/"},"modified":"2025-09-08T18:10:13","modified_gmt":"2025-09-08T16:10:13","slug":"halali-salim-1920-2005","status":"publish","type":"post","link":"https:\/\/www.iemj.org\/en\/halali-salim-1920-2005\/","title":{"rendered":"Halali, Salim (1920-2005)"},"content":{"rendered":"<p>Salim Halali, whose real name was Simon Halali, was a singer-songwriter of oriental music, born July 30, 1920 in Annaba, Algeria.<\/p>\n<p>Born into a Jewish family from Souk Ahras, he grew up with his 9 brothers and sisters before leaving for France around 1937. It was first in the Parisian flamenco clubs that he made himself known. His meeting with the Algerian music-hall artist Mohamed el Kamel was important. The latter wrote the first songs of Salim Halali such as <em>Andaloussia<\/em>, <em>Sevillane<\/em>, <em>Ta\u00e2li<\/em>, <em>Ardja\u00e2 lebladek<\/em>, <em>Bine el barah oua el youm<\/em>, <em>Mounira<\/em>, <em>Nadira<\/em>, <em>El ouchq sa\u00efb<\/em>, <em>El qelb chahik<\/em>&#8230; Later on, Mohamed Iguerbouch\u00e8ne composed some fifty additional songs.<\/p>\n<p><img fetchpriority=\"high\" decoding=\"async\" class=\" alignright size-full wp-image-19115\" src=\"https:\/\/www.iemj.org\/wp-content\/uploads\/2018\/04\/doc_2_salim_500px.jpg\" alt=\"doc_2_salim_500px.jpg\" width=\"149\" height=\"700\" align=\"right\" srcset=\"https:\/\/www.iemj.org\/wp-content\/uploads\/2018\/04\/doc_2_salim_500px.jpg 149w, https:\/\/www.iemj.org\/wp-content\/uploads\/2018\/04\/doc_2_salim_500px-64x300.jpg 64w\" sizes=\"(max-width: 149px) 100vw, 149px\" \/>In 1938, Salim Halali began a European tour while at the same time his flamenco records in Arabic were a great success in North Africa, especially the songs <em>Al ain zarga<\/em>, <em>Mahenni zine<\/em> and <em>Habibti samra<\/em>.<\/p>\n<p>Still before the war, Salim Halali performed at the Maure caf\u00e9 of the Great Mosque of Paris, alongside renowned artists such as Ali Sriti and Ibrahim Salah. Kaddour Benghabrit, the founder and first rector of the Mosque, and intellectual and musician (oud and violin), would become a friend of Salim Halali, and during the German occupation, would help to hide his Jewish origins by providing him with a false Muslim certificate and engraving the name of his late father on an anonymous grave of the Moslem cemetery of Bobigny (Seine-Saint-Denis). <span class=\"footnote_referrer\"><a role=\"button\" tabindex=\"0\" onclick=\"footnote_moveToReference_51837_1('footnote_plugin_reference_51837_1_1');\" onkeypress=\"footnote_moveToReference_51837_1('footnote_plugin_reference_51837_1_1');\" ><sup id=\"footnote_plugin_tooltip_51837_1_1\" class=\"footnote_plugin_tooltip_text\">[1]<\/sup><\/a><span id=\"footnote_plugin_tooltip_text_51837_1_1\" class=\"footnote_tooltip\">This anecdote is told in the film by Isma\u00ebl Feroukhi <a href=\"https:\/\/en.wikipedia.org\/wiki\/Free_Men_(film)\"><em>Free Men<\/em><\/a>.<\/span><\/span><script type=\"text\/javascript\"> jQuery('#footnote_plugin_tooltip_51837_1_1').tooltip({ tip: '#footnote_plugin_tooltip_text_51837_1_1', tipClass: 'footnote_tooltip', effect: 'fade', predelay: 0, fadeInSpeed: 200, delay: 400, fadeOutSpeed: 200, position: 'top center', relative: true, offset: [-7, 0], });<\/script><\/p>\n<p>After the war, his music became very popular in Egypt, especially as performed by the great Egyptian diva Oum Kalsoum<\/p>\n<p>In 1947, Salim Halali created an oriental cabaret, &#8220;Isma\u00eflia Folies&#8221; in Paris, in a mansion on the prestigious avenue Montaigne which belonged to Ferdinand de Lesseps. In 1948, he created a second entertainment venue, &#8220;Le S\u00e9rail&#8221;, rue du Colis\u00e9e.<\/p>\n<p>In 1949, he moved to Morocco and bought an old caf\u00e9 in the mellah of Casablanca, which he transformed into a prestigious cabaret: &#8220;The Golden Rooster&#8221;. This venue was visited by the rich families of the country and celebrities. But &#8220;The Golden Rooster&#8221; was destroyed in a fire and Salim then returned to France, in Cannes, at the beginning of the 1960s.<\/p>\n<p>Known for his attraction to extravagant evenings, he sometimes brought elephants to the gardens of his villa. In the early 1970s, his career took a new turn with a triumphal concert at the Salle Pleyel in Paris and the release of a French LP. In the years that followed, he performed regularly in Paris, Montreal and Casablanca.<\/p>\n<p><img decoding=\"async\" class=\"wp-image-19117 alignleft\" src=\"https:\/\/www.iemj.org\/wp-content\/uploads\/2018\/04\/doc_78tre_salim_65.jpg\" alt=\"doc_78tre_salim_65.jpg\" width=\"188\" height=\"194\" align=\"middle\" \/>In 1993, he finally stopped singing and left for a retirement home in Vallauris. Nevertheless, he gave a final concert on the occasion of the new year 1994, at the insistence of his friend Maurice Wizmam.<\/p>\n<p>A loner by choice &#8211; he forbade anyone to visit him, except for a few close friends &#8211; he died on June 25, 2005 in Antibes (Alpes-Maritimes). According to his last wishes, his ashes are scattered in Nice in the garden of memories.<\/p>\n\n\n<h2 class=\"wp-block-heading\"><\/h2>\n\n\n<div class=\"wp-block-image\">\n<figure class=\"aligncenter size-large\"><img decoding=\"async\" width=\"1024\" height=\"133\" src=\"https:\/\/www.iemj.org\/wp-content\/uploads\/2024\/03\/AUDIO-PLAYER-1024x133.png\" alt=\"\" class=\"wp-image-110607\" srcset=\"https:\/\/www.iemj.org\/wp-content\/uploads\/2024\/03\/AUDIO-PLAYER-1024x133.png 1024w, https:\/\/www.iemj.org\/wp-content\/uploads\/2024\/03\/AUDIO-PLAYER-300x39.png 300w, https:\/\/www.iemj.org\/wp-content\/uploads\/2024\/03\/AUDIO-PLAYER-768x100.png 768w, https:\/\/www.iemj.org\/wp-content\/uploads\/2024\/03\/AUDIO-PLAYER-600x78.png 600w, https:\/\/www.iemj.org\/wp-content\/uploads\/2024\/03\/AUDIO-PLAYER.png 1210w\" sizes=\"(max-width: 1024px) 100vw, 1024px\" \/><\/figure>\n<\/div>\n\n\n<div class=\"wp-block-file\"><a id=\"wp-block-file--media-0296a4eb-fbcf-45e8-b94b-fde0934a9fc0\" href=\"https:\/\/www.iemj.org\/wp-content\/uploads\/2018\/04\/bin_el_berah_wel_youm_extrait_-_salim_halali.mp3\">Bin el berah wel youm (EXTRAIT) &#8211; Salim Halali<\/a><\/div>\n\n\n\n<div class=\"wp-block-file\"><a id=\"wp-block-file--media-dc50e35f-6d2f-4d8f-8f7a-db1f7ef42ca8\" href=\"https:\/\/www.iemj.org\/wp-content\/uploads\/2018\/04\/sidi_h_bibi_extrait_-_salim_halali.mp3\">Sidi H&#8217;bibi (EXTRAIT) &#8211; Salim Halali<\/a><\/div>\n\n\n\n<div class=\"wp-block-file\"><a id=\"wp-block-file--media-7ad69c9d-e279-483e-a299-6b3ddc2450d7\" href=\"https:\/\/www.iemj.org\/wp-content\/uploads\/2018\/04\/mahani_ezzine_extrait_-_salim_halali.mp3\">Mahani Ezzine (EXTRAIT) &#8211; Salim Halali<\/a><\/div>\n\n\n\n<div class=\"wp-block-file\"><a id=\"wp-block-file--media-e20b716c-afbc-4e7a-89ec-ba440f2e0b1f\" href=\"https:\/\/www.iemj.org\/wp-content\/uploads\/2018\/04\/ya_qalbi_khali_lhal_extrait_-_salim_halali.mp3\">Ya qalbi khali lhal (EXTRAIT) &#8211; Salim Halali<\/a><\/div>\n\n\n\n<div class=\"wp-block-file\"><a id=\"wp-block-file--media-5e8a9e54-7442-42ab-b0d1-01773b534649\" href=\"https:\/\/www.iemj.org\/wp-content\/uploads\/2018\/04\/el_achaga_extrait_-_salim_halali.mp3\">El Achaga (EXTRAIT) &#8211; Salim Halali<\/a><\/div>\n<div class=\"speaker-mute footnotes_reference_container\"> <div class=\"footnote_container_prepare\"><p><span role=\"button\" tabindex=\"0\" class=\"footnote_reference_container_label pointer\" onclick=\"footnote_expand_collapse_reference_container_51837_1();\">&#x202F;<\/span><span role=\"button\" tabindex=\"0\" class=\"footnote_reference_container_collapse_button\" style=\"display: none;\" onclick=\"footnote_expand_collapse_reference_container_51837_1();\">[<a id=\"footnote_reference_container_collapse_button_51837_1\">+<\/a>]<\/span><\/p><\/div> <div id=\"footnote_references_container_51837_1\" style=\"\"><table class=\"footnotes_table footnote-reference-container\"><caption class=\"accessibility\">References<\/caption> <tbody> \r\n\r\n<tr class=\"footnotes_plugin_reference_row\"> <th scope=\"row\" class=\"footnote_plugin_index_combi pointer\"  onclick=\"footnote_moveToAnchor_51837_1('footnote_plugin_tooltip_51837_1_1');\"><a id=\"footnote_plugin_reference_51837_1_1\" class=\"footnote_backlink\">1<\/a><\/th> <td class=\"footnote_plugin_text\">This anecdote is told in the film by Isma\u00ebl Feroukhi <a href=\"https:\/\/en.wikipedia.org\/wiki\/Free_Men_(film)\"><em>Free Men<\/em><\/a>.<\/td><\/tr>\r\n\r\n <\/tbody> <\/table> <\/div><\/div><script type=\"text\/javascript\"> function footnote_expand_reference_container_51837_1() { jQuery('#footnote_references_container_51837_1').show(); jQuery('#footnote_reference_container_collapse_button_51837_1').text('\u2212'); } function footnote_collapse_reference_container_51837_1() { jQuery('#footnote_references_container_51837_1').hide(); jQuery('#footnote_reference_container_collapse_button_51837_1').text('+'); } function footnote_expand_collapse_reference_container_51837_1() { if (jQuery('#footnote_references_container_51837_1').is(':hidden')) { footnote_expand_reference_container_51837_1(); } else { footnote_collapse_reference_container_51837_1(); } } function footnote_moveToReference_51837_1(p_str_TargetID) { footnote_expand_reference_container_51837_1(); var l_obj_Target = jQuery('#' + p_str_TargetID); if (l_obj_Target.length) { jQuery( 'html, body' ).delay( 0 ); jQuery('html, body').animate({ scrollTop: l_obj_Target.offset().top - window.innerHeight * 0.2 }, 380); } } function footnote_moveToAnchor_51837_1(p_str_TargetID) { footnote_expand_reference_container_51837_1(); var l_obj_Target = jQuery('#' + p_str_TargetID); if (l_obj_Target.length) { jQuery( 'html, body' ).delay( 0 ); jQuery('html, body').animate({ scrollTop: l_obj_Target.offset().top - window.innerHeight * 0.2 }, 380); } }<\/script>","protected":false},"excerpt":{"rendered":"<p>Salim Halali, whose real name was Simon Halali, was a singer-songwriter of oriental music, born July 30, 1920 in Annaba, Algeria. Born into a Jewish family from Souk Ahras, he<\/p>\n","protected":false},"author":1052,"featured_media":19113,"comment_status":"closed","ping_status":"closed","sticky":false,"template":"","format":"standard","meta":{"_acf_changed":false,"footnotes":""},"categories":[903],"tags":[],"technique":[],"squelettes":[],"sujet":[],"formation":[],"genre":[],"fonds":[],"tradition":[],"type-de-contenu":[],"interprete-compositeur":[],"frise":[],"type-devenement":[],"tableaux-liens-externes":[],"class_list":["post-51837","post","type-post","status-publish","format-standard","has-post-thumbnail","hentry","category-biographies-en"],"acf":[],"yoast_head":"<!-- This site is optimized with the Yoast SEO plugin v27.3 - https:\/\/yoast.com\/product\/yoast-seo-wordpress\/ -->\n<title>Halali, Salim (1920-2005) - Institut Europ\u00e9en des Musiques Juives<\/title>\n<meta name=\"robots\" content=\"index, follow, max-snippet:-1, max-image-preview:large, max-video-preview:-1\" \/>\n<link rel=\"canonical\" href=\"https:\/\/www.iemj.org\/en\/halali-salim-1920-2005\/\" \/>\n<meta property=\"og:locale\" content=\"en_US\" \/>\n<meta property=\"og:type\" content=\"article\" \/>\n<meta property=\"og:title\" content=\"Halali, Salim (1920-2005) - Institut Europ\u00e9en des Musiques Juives\" \/>\n<meta property=\"og:description\" content=\"Salim Halali, whose real name was Simon Halali, was a singer-songwriter of oriental music, born July 30, 1920 in Annaba, Algeria. Born into a Jewish family from Souk Ahras, he\" \/>\n<meta property=\"og:url\" content=\"https:\/\/www.iemj.org\/en\/halali-salim-1920-2005\/\" \/>\n<meta property=\"og:site_name\" content=\"Institut Europ\u00e9en des Musiques Juives\" \/>\n<meta property=\"article:publisher\" content=\"https:\/\/www.facebook.com\/MusiquesJuives\/\" \/>\n<meta property=\"article:published_time\" content=\"2018-04-11T07:55:15+00:00\" \/>\n<meta property=\"article:modified_time\" content=\"2025-09-08T16:10:13+00:00\" \/>\n<meta property=\"og:image\" content=\"https:\/\/www.iemj.org\/wp-content\/uploads\/2018\/04\/arton3313-e1625041369390.jpg\" \/>\n\t<meta property=\"og:image:width\" content=\"245\" \/>\n\t<meta property=\"og:image:height\" content=\"218\" \/>\n\t<meta property=\"og:image:type\" content=\"image\/jpeg\" \/>\n<meta name=\"author\" content=\"Lea Couderc\" \/>\n<meta name=\"twitter:card\" content=\"summary_large_image\" \/>\n<meta name=\"twitter:label1\" content=\"Written by\" \/>\n\t<meta name=\"twitter:data1\" content=\"Lea Couderc\" \/>\n\t<meta name=\"twitter:label2\" content=\"Est. reading time\" \/>\n\t<meta name=\"twitter:data2\" content=\"4 minutes\" \/>\n<script type=\"application\/ld+json\" class=\"yoast-schema-graph\">{\"@context\":\"https:\\\/\\\/schema.org\",\"@graph\":[{\"@type\":\"Article\",\"@id\":\"https:\\\/\\\/www.iemj.org\\\/en\\\/halali-salim-1920-2005\\\/#article\",\"isPartOf\":{\"@id\":\"https:\\\/\\\/www.iemj.org\\\/en\\\/halali-salim-1920-2005\\\/\"},\"author\":{\"name\":\"Lea Couderc\",\"@id\":\"https:\\\/\\\/www.iemj.org\\\/en\\\/#\\\/schema\\\/person\\\/e2ad57f2c4be119c7ed8ab79036807a9\"},\"headline\":\"Halali, Salim (1920-2005)\",\"datePublished\":\"2018-04-11T07:55:15+00:00\",\"dateModified\":\"2025-09-08T16:10:13+00:00\",\"mainEntityOfPage\":{\"@id\":\"https:\\\/\\\/www.iemj.org\\\/en\\\/halali-salim-1920-2005\\\/\"},\"wordCount\":537,\"publisher\":{\"@id\":\"https:\\\/\\\/www.iemj.org\\\/en\\\/#organization\"},\"image\":{\"@id\":\"https:\\\/\\\/www.iemj.org\\\/en\\\/halali-salim-1920-2005\\\/#primaryimage\"},\"thumbnailUrl\":\"https:\\\/\\\/www.iemj.org\\\/wp-content\\\/uploads\\\/2018\\\/04\\\/arton3313-e1625041369390.jpg\",\"articleSection\":[\"Biographies\"],\"inLanguage\":\"en-US\"},{\"@type\":\"WebPage\",\"@id\":\"https:\\\/\\\/www.iemj.org\\\/en\\\/halali-salim-1920-2005\\\/\",\"url\":\"https:\\\/\\\/www.iemj.org\\\/en\\\/halali-salim-1920-2005\\\/\",\"name\":\"Halali, Salim (1920-2005) - Institut Europ\u00e9en des Musiques Juives\",\"isPartOf\":{\"@id\":\"https:\\\/\\\/www.iemj.org\\\/en\\\/#website\"},\"primaryImageOfPage\":{\"@id\":\"https:\\\/\\\/www.iemj.org\\\/en\\\/halali-salim-1920-2005\\\/#primaryimage\"},\"image\":{\"@id\":\"https:\\\/\\\/www.iemj.org\\\/en\\\/halali-salim-1920-2005\\\/#primaryimage\"},\"thumbnailUrl\":\"https:\\\/\\\/www.iemj.org\\\/wp-content\\\/uploads\\\/2018\\\/04\\\/arton3313-e1625041369390.jpg\",\"datePublished\":\"2018-04-11T07:55:15+00:00\",\"dateModified\":\"2025-09-08T16:10:13+00:00\",\"breadcrumb\":{\"@id\":\"https:\\\/\\\/www.iemj.org\\\/en\\\/halali-salim-1920-2005\\\/#breadcrumb\"},\"inLanguage\":\"en-US\",\"potentialAction\":[{\"@type\":\"ReadAction\",\"target\":[\"https:\\\/\\\/www.iemj.org\\\/en\\\/halali-salim-1920-2005\\\/\"]}]},{\"@type\":\"ImageObject\",\"inLanguage\":\"en-US\",\"@id\":\"https:\\\/\\\/www.iemj.org\\\/en\\\/halali-salim-1920-2005\\\/#primaryimage\",\"url\":\"https:\\\/\\\/www.iemj.org\\\/wp-content\\\/uploads\\\/2018\\\/04\\\/arton3313-e1625041369390.jpg\",\"contentUrl\":\"https:\\\/\\\/www.iemj.org\\\/wp-content\\\/uploads\\\/2018\\\/04\\\/arton3313-e1625041369390.jpg\",\"width\":245,\"height\":218,\"caption\":\"logo bio Salim Halali\"},{\"@type\":\"BreadcrumbList\",\"@id\":\"https:\\\/\\\/www.iemj.org\\\/en\\\/halali-salim-1920-2005\\\/#breadcrumb\",\"itemListElement\":[{\"@type\":\"ListItem\",\"position\":1,\"name\":\"Accueil\",\"item\":\"https:\\\/\\\/www.iemj.org\\\/en\\\/\"},{\"@type\":\"ListItem\",\"position\":2,\"name\":\"Halali, Salim (1920-2005)\"}]},{\"@type\":\"WebSite\",\"@id\":\"https:\\\/\\\/www.iemj.org\\\/en\\\/#website\",\"url\":\"https:\\\/\\\/www.iemj.org\\\/en\\\/\",\"name\":\"Institut Europ\u00e9en des Musiques Juives\",\"description\":\"Des traditions musicales \u00e0 la port\u00e9e de tous\",\"publisher\":{\"@id\":\"https:\\\/\\\/www.iemj.org\\\/en\\\/#organization\"},\"potentialAction\":[{\"@type\":\"SearchAction\",\"target\":{\"@type\":\"EntryPoint\",\"urlTemplate\":\"https:\\\/\\\/www.iemj.org\\\/en\\\/?s={search_term_string}\"},\"query-input\":{\"@type\":\"PropertyValueSpecification\",\"valueRequired\":true,\"valueName\":\"search_term_string\"}}],\"inLanguage\":\"en-US\"},{\"@type\":\"Organization\",\"@id\":\"https:\\\/\\\/www.iemj.org\\\/en\\\/#organization\",\"name\":\"Institut Europ\u00e9en des Musiques Juives\",\"url\":\"https:\\\/\\\/www.iemj.org\\\/en\\\/\",\"logo\":{\"@type\":\"ImageObject\",\"inLanguage\":\"en-US\",\"@id\":\"https:\\\/\\\/www.iemj.org\\\/en\\\/#\\\/schema\\\/logo\\\/image\\\/\",\"url\":\"https:\\\/\\\/www.iemj.org\\\/wp-content\\\/uploads\\\/2021\\\/09\\\/Logo-IEMJ-Paypal.jpg\",\"contentUrl\":\"https:\\\/\\\/www.iemj.org\\\/wp-content\\\/uploads\\\/2021\\\/09\\\/Logo-IEMJ-Paypal.jpg\",\"width\":150,\"height\":50,\"caption\":\"Institut Europ\u00e9en des Musiques Juives\"},\"image\":{\"@id\":\"https:\\\/\\\/www.iemj.org\\\/en\\\/#\\\/schema\\\/logo\\\/image\\\/\"},\"sameAs\":[\"https:\\\/\\\/www.facebook.com\\\/MusiquesJuives\\\/\",\"https:\\\/\\\/www.instagram.com\\\/musiquesjuives\\\/\",\"https:\\\/\\\/www.youtube.com\\\/user\\\/musiquesjuives\"]},{\"@type\":\"Person\",\"@id\":\"https:\\\/\\\/www.iemj.org\\\/en\\\/#\\\/schema\\\/person\\\/e2ad57f2c4be119c7ed8ab79036807a9\",\"name\":\"Lea Couderc\",\"image\":{\"@type\":\"ImageObject\",\"inLanguage\":\"en-US\",\"@id\":\"https:\\\/\\\/secure.gravatar.com\\\/avatar\\\/46ee021475d60aeff17a7e490b79dea5a5684bb392ab7fd1494027411df8ba23?s=96&d=mm&r=g\",\"url\":\"https:\\\/\\\/secure.gravatar.com\\\/avatar\\\/46ee021475d60aeff17a7e490b79dea5a5684bb392ab7fd1494027411df8ba23?s=96&d=mm&r=g\",\"contentUrl\":\"https:\\\/\\\/secure.gravatar.com\\\/avatar\\\/46ee021475d60aeff17a7e490b79dea5a5684bb392ab7fd1494027411df8ba23?s=96&d=mm&r=g\",\"caption\":\"Lea Couderc\"}}]}<\/script>\n<!-- \/ Yoast SEO plugin. -->","yoast_head_json":{"title":"Halali, Salim (1920-2005) - Institut Europ\u00e9en des Musiques Juives","robots":{"index":"index","follow":"follow","max-snippet":"max-snippet:-1","max-image-preview":"max-image-preview:large","max-video-preview":"max-video-preview:-1"},"canonical":"https:\/\/www.iemj.org\/en\/halali-salim-1920-2005\/","og_locale":"en_US","og_type":"article","og_title":"Halali, Salim (1920-2005) - Institut Europ\u00e9en des Musiques Juives","og_description":"Salim Halali, whose real name was Simon Halali, was a singer-songwriter of oriental music, born July 30, 1920 in Annaba, Algeria. Born into a Jewish family from Souk Ahras, he","og_url":"https:\/\/www.iemj.org\/en\/halali-salim-1920-2005\/","og_site_name":"Institut Europ\u00e9en des Musiques Juives","article_publisher":"https:\/\/www.facebook.com\/MusiquesJuives\/","article_published_time":"2018-04-11T07:55:15+00:00","article_modified_time":"2025-09-08T16:10:13+00:00","og_image":[{"width":245,"height":218,"url":"https:\/\/www.iemj.org\/wp-content\/uploads\/2018\/04\/arton3313-e1625041369390.jpg","type":"image\/jpeg"}],"author":"Lea Couderc","twitter_card":"summary_large_image","twitter_misc":{"Written by":"Lea Couderc","Est. reading time":"4 minutes"},"schema":{"@context":"https:\/\/schema.org","@graph":[{"@type":"Article","@id":"https:\/\/www.iemj.org\/en\/halali-salim-1920-2005\/#article","isPartOf":{"@id":"https:\/\/www.iemj.org\/en\/halali-salim-1920-2005\/"},"author":{"name":"Lea Couderc","@id":"https:\/\/www.iemj.org\/en\/#\/schema\/person\/e2ad57f2c4be119c7ed8ab79036807a9"},"headline":"Halali, Salim (1920-2005)","datePublished":"2018-04-11T07:55:15+00:00","dateModified":"2025-09-08T16:10:13+00:00","mainEntityOfPage":{"@id":"https:\/\/www.iemj.org\/en\/halali-salim-1920-2005\/"},"wordCount":537,"publisher":{"@id":"https:\/\/www.iemj.org\/en\/#organization"},"image":{"@id":"https:\/\/www.iemj.org\/en\/halali-salim-1920-2005\/#primaryimage"},"thumbnailUrl":"https:\/\/www.iemj.org\/wp-content\/uploads\/2018\/04\/arton3313-e1625041369390.jpg","articleSection":["Biographies"],"inLanguage":"en-US"},{"@type":"WebPage","@id":"https:\/\/www.iemj.org\/en\/halali-salim-1920-2005\/","url":"https:\/\/www.iemj.org\/en\/halali-salim-1920-2005\/","name":"Halali, Salim (1920-2005) - Institut Europ\u00e9en des Musiques Juives","isPartOf":{"@id":"https:\/\/www.iemj.org\/en\/#website"},"primaryImageOfPage":{"@id":"https:\/\/www.iemj.org\/en\/halali-salim-1920-2005\/#primaryimage"},"image":{"@id":"https:\/\/www.iemj.org\/en\/halali-salim-1920-2005\/#primaryimage"},"thumbnailUrl":"https:\/\/www.iemj.org\/wp-content\/uploads\/2018\/04\/arton3313-e1625041369390.jpg","datePublished":"2018-04-11T07:55:15+00:00","dateModified":"2025-09-08T16:10:13+00:00","breadcrumb":{"@id":"https:\/\/www.iemj.org\/en\/halali-salim-1920-2005\/#breadcrumb"},"inLanguage":"en-US","potentialAction":[{"@type":"ReadAction","target":["https:\/\/www.iemj.org\/en\/halali-salim-1920-2005\/"]}]},{"@type":"ImageObject","inLanguage":"en-US","@id":"https:\/\/www.iemj.org\/en\/halali-salim-1920-2005\/#primaryimage","url":"https:\/\/www.iemj.org\/wp-content\/uploads\/2018\/04\/arton3313-e1625041369390.jpg","contentUrl":"https:\/\/www.iemj.org\/wp-content\/uploads\/2018\/04\/arton3313-e1625041369390.jpg","width":245,"height":218,"caption":"logo bio Salim Halali"},{"@type":"BreadcrumbList","@id":"https:\/\/www.iemj.org\/en\/halali-salim-1920-2005\/#breadcrumb","itemListElement":[{"@type":"ListItem","position":1,"name":"Accueil","item":"https:\/\/www.iemj.org\/en\/"},{"@type":"ListItem","position":2,"name":"Halali, Salim (1920-2005)"}]},{"@type":"WebSite","@id":"https:\/\/www.iemj.org\/en\/#website","url":"https:\/\/www.iemj.org\/en\/","name":"Institut Europ\u00e9en des Musiques Juives","description":"Des traditions musicales \u00e0 la port\u00e9e de tous","publisher":{"@id":"https:\/\/www.iemj.org\/en\/#organization"},"potentialAction":[{"@type":"SearchAction","target":{"@type":"EntryPoint","urlTemplate":"https:\/\/www.iemj.org\/en\/?s={search_term_string}"},"query-input":{"@type":"PropertyValueSpecification","valueRequired":true,"valueName":"search_term_string"}}],"inLanguage":"en-US"},{"@type":"Organization","@id":"https:\/\/www.iemj.org\/en\/#organization","name":"Institut Europ\u00e9en des Musiques Juives","url":"https:\/\/www.iemj.org\/en\/","logo":{"@type":"ImageObject","inLanguage":"en-US","@id":"https:\/\/www.iemj.org\/en\/#\/schema\/logo\/image\/","url":"https:\/\/www.iemj.org\/wp-content\/uploads\/2021\/09\/Logo-IEMJ-Paypal.jpg","contentUrl":"https:\/\/www.iemj.org\/wp-content\/uploads\/2021\/09\/Logo-IEMJ-Paypal.jpg","width":150,"height":50,"caption":"Institut Europ\u00e9en des Musiques Juives"},"image":{"@id":"https:\/\/www.iemj.org\/en\/#\/schema\/logo\/image\/"},"sameAs":["https:\/\/www.facebook.com\/MusiquesJuives\/","https:\/\/www.instagram.com\/musiquesjuives\/","https:\/\/www.youtube.com\/user\/musiquesjuives"]},{"@type":"Person","@id":"https:\/\/www.iemj.org\/en\/#\/schema\/person\/e2ad57f2c4be119c7ed8ab79036807a9","name":"Lea Couderc","image":{"@type":"ImageObject","inLanguage":"en-US","@id":"https:\/\/secure.gravatar.com\/avatar\/46ee021475d60aeff17a7e490b79dea5a5684bb392ab7fd1494027411df8ba23?s=96&d=mm&r=g","url":"https:\/\/secure.gravatar.com\/avatar\/46ee021475d60aeff17a7e490b79dea5a5684bb392ab7fd1494027411df8ba23?s=96&d=mm&r=g","contentUrl":"https:\/\/secure.gravatar.com\/avatar\/46ee021475d60aeff17a7e490b79dea5a5684bb392ab7fd1494027411df8ba23?s=96&d=mm&r=g","caption":"Lea Couderc"}}]}},"_links":{"self":[{"href":"https:\/\/www.iemj.org\/en\/wp-json\/wp\/v2\/posts\/51837","targetHints":{"allow":["GET"]}}],"collection":[{"href":"https:\/\/www.iemj.org\/en\/wp-json\/wp\/v2\/posts"}],"about":[{"href":"https:\/\/www.iemj.org\/en\/wp-json\/wp\/v2\/types\/post"}],"author":[{"embeddable":true,"href":"https:\/\/www.iemj.org\/en\/wp-json\/wp\/v2\/users\/1052"}],"replies":[{"embeddable":true,"href":"https:\/\/www.iemj.org\/en\/wp-json\/wp\/v2\/comments?post=51837"}],"version-history":[{"count":0,"href":"https:\/\/www.iemj.org\/en\/wp-json\/wp\/v2\/posts\/51837\/revisions"}],"wp:featuredmedia":[{"embeddable":true,"href":"https:\/\/www.iemj.org\/en\/wp-json\/wp\/v2\/media\/19113"}],"wp:attachment":[{"href":"https:\/\/www.iemj.org\/en\/wp-json\/wp\/v2\/media?parent=51837"}],"wp:term":[{"taxonomy":"category","embeddable":true,"href":"https:\/\/www.iemj.org\/en\/wp-json\/wp\/v2\/categories?post=51837"},{"taxonomy":"post_tag","embeddable":true,"href":"https:\/\/www.iemj.org\/en\/wp-json\/wp\/v2\/tags?post=51837"},{"taxonomy":"technique","embeddable":true,"href":"https:\/\/www.iemj.org\/en\/wp-json\/wp\/v2\/technique?post=51837"},{"taxonomy":"squelettes","embeddable":true,"href":"https:\/\/www.iemj.org\/en\/wp-json\/wp\/v2\/squelettes?post=51837"},{"taxonomy":"sujet","embeddable":true,"href":"https:\/\/www.iemj.org\/en\/wp-json\/wp\/v2\/sujet?post=51837"},{"taxonomy":"formation","embeddable":true,"href":"https:\/\/www.iemj.org\/en\/wp-json\/wp\/v2\/formation?post=51837"},{"taxonomy":"genre","embeddable":true,"href":"https:\/\/www.iemj.org\/en\/wp-json\/wp\/v2\/genre?post=51837"},{"taxonomy":"fonds","embeddable":true,"href":"https:\/\/www.iemj.org\/en\/wp-json\/wp\/v2\/fonds?post=51837"},{"taxonomy":"tradition","embeddable":true,"href":"https:\/\/www.iemj.org\/en\/wp-json\/wp\/v2\/tradition?post=51837"},{"taxonomy":"type-de-contenu","embeddable":true,"href":"https:\/\/www.iemj.org\/en\/wp-json\/wp\/v2\/type-de-contenu?post=51837"},{"taxonomy":"interprete-compositeur","embeddable":true,"href":"https:\/\/www.iemj.org\/en\/wp-json\/wp\/v2\/interprete-compositeur?post=51837"},{"taxonomy":"frise","embeddable":true,"href":"https:\/\/www.iemj.org\/en\/wp-json\/wp\/v2\/frise?post=51837"},{"taxonomy":"type-devenement","embeddable":true,"href":"https:\/\/www.iemj.org\/en\/wp-json\/wp\/v2\/type-devenement?post=51837"},{"taxonomy":"tableaux-liens-externes","embeddable":true,"href":"https:\/\/www.iemj.org\/en\/wp-json\/wp\/v2\/tableaux-liens-externes?post=51837"}],"curies":[{"name":"wp","href":"https:\/\/api.w.org\/{rel}","templated":true}]}}