{"id":51876,"date":"2017-08-30T16:09:18","date_gmt":"2017-08-30T14:09:18","guid":{"rendered":"https:\/\/www.iemj.org\/haza-ofra-1957-2000\/"},"modified":"2025-09-08T16:09:58","modified_gmt":"2025-09-08T14:09:58","slug":"haza-ofra-1957-2000","status":"publish","type":"post","link":"https:\/\/www.iemj.org\/en\/haza-ofra-1957-2000\/","title":{"rendered":"Haza, Ofra (1957-2000)"},"content":{"rendered":"<p><img fetchpriority=\"high\" decoding=\"async\" class=\" alignright  wp-image-14941\" src=\"https:\/\/www.iemj.org\/wp-content\/uploads\/2017\/08\/doc_2_ofra_500px60.jpg\" alt=\"doc_2_ofra_500px60.jpg\" width=\"236\" height=\"578\" align=\"right\" srcset=\"https:\/\/www.iemj.org\/wp-content\/uploads\/2017\/08\/doc_2_ofra_500px60.jpg 300w, https:\/\/www.iemj.org\/wp-content\/uploads\/2017\/08\/doc_2_ofra_500px60-122x300.jpg 122w\" sizes=\"(max-width: 236px) 100vw, 236px\" \/><\/p>\n<p>Ofra Haza \u05e2\u05e4\u05e8\u05d4 \u05d7\u05d6\u05d4, (Bat-Sheva Ofra Haza), born on November 19, 1957 in Tel-Aviv and deceased on February 23, 2000 in Ramat Gan, was an Israeli actress and singer native of Yemen.<\/p>\n<p>At the age of 12, Ofra Haza started acting in a local theater troupe. Her talent as a singer was noticed by Bezalel Aloni who ran many productions with her and who became her mentor.<\/p>\n<p>At the end of her military service in 1979, she started a solo carreer on stage and became at the age of 19 the first pop star of Israel.<\/p>\n<p>Chosen to represent her country during the 1983 Eurovision contest with the song \u201cChai\u201d, she won second place and started to become known outside of Israel.<\/p>\n<p>Her album\u00a0<em>&#8220;Yemenite songs&#8221;\u00a0<\/em>and the song\u00a0<em>&#8220;Im nin\u2019alu&#8221;<\/em>\u00a0marked a turning point in her career, bringing in pop elements that would attract a larger public. She then released several albums intended for export, and collaborated with American or English artists, such as\u00a0Iggy Pop\u00a0or\u00a0Eric B. &amp; Rakim.<\/p>\n<p><img decoding=\"async\" class=\" wp-image-14943 alignleft\" src=\"https:\/\/www.iemj.org\/wp-content\/uploads\/2017\/08\/doc_1_ofra_500px60.jpg\" alt=\"doc_1_ofra_500px60.jpg\" width=\"265\" height=\"167\" align=\"middle\" \/>She recorded one or two discs throughout her career each year and contributed to the music of the cartoon\u00a0\u201cThe Prince of Egypt\u201d, as well as on other films.<\/p>\n<p>She passed away on February 23, 2000 at the age of 42.<\/p>\n<p><strong>Sources: <\/strong><em><a href=\"https:\/\/en.wikipedia.org\/wiki\/Ofra_Haza\" target=\"_blank\" rel=\"noopener\">Wikipedia<\/a><\/em><\/p>\n<p><a href=\"https:\/\/www.discogs.com\/artist\/32388-Ofra-Haza\" target=\"_blank\" rel=\"noopener\">Look at her discography<\/a><br \/><a href=\"http:\/\/www.rachelnet.net\/F\/?func=find-c&amp;ccl_term=WRD+%3D+Ofra+Haza&amp;local_base=iemcg\" target=\"_blank\" rel=\"noopener\">Browse our archives on Ofra Haza<\/a><\/p>\n\n\n<h2 class=\"wp-block-heading\"><\/h2>\n\n\n<div class=\"wp-block-image\">\n<figure class=\"aligncenter size-large\"><img decoding=\"async\" width=\"1024\" height=\"133\" src=\"https:\/\/www.iemj.org\/wp-content\/uploads\/2024\/03\/AUDIO-PLAYER-1024x133.png\" alt=\"\" class=\"wp-image-110607\" srcset=\"https:\/\/www.iemj.org\/wp-content\/uploads\/2024\/03\/AUDIO-PLAYER-1024x133.png 1024w, https:\/\/www.iemj.org\/wp-content\/uploads\/2024\/03\/AUDIO-PLAYER-300x39.png 300w, https:\/\/www.iemj.org\/wp-content\/uploads\/2024\/03\/AUDIO-PLAYER-768x100.png 768w, https:\/\/www.iemj.org\/wp-content\/uploads\/2024\/03\/AUDIO-PLAYER-600x78.png 600w, https:\/\/www.iemj.org\/wp-content\/uploads\/2024\/03\/AUDIO-PLAYER.png 1210w\" sizes=\"(max-width: 1024px) 100vw, 1024px\" \/><\/figure>\n<\/div>\n\n\n<div class=\"wp-block-file\"><a id=\"wp-block-file--media-1a1f8cca-a84f-4b8f-9bd5-52711d421ac8\" href=\"https:\/\/www.iemj.org\/wp-content\/uploads\/2017\/08\/layla_bichna_an_-_ofra_haza.mp3\">Layla bichna\u2019an &#8211; Ofra Haza<\/a><\/div>\n\n\n\n<div class=\"wp-block-file\"><a id=\"wp-block-file--media-cbbf04e1-322b-4f74-a45a-4d24f73b9bb3\" href=\"https:\/\/www.iemj.org\/wp-content\/uploads\/2017\/08\/listen_to_the_waves_-_ofra_haza.mp3\">Listen to the waves &#8211; Ofra Haza<\/a><\/div>\n\n\n\n<div class=\"wp-block-file\"><a id=\"wp-block-file--media-1bd29284-4664-48ef-9658-4ba71c1ccd5f\" href=\"https:\/\/www.iemj.org\/wp-content\/uploads\/2017\/08\/na_ara_ushma_kineret_-_ofra_haza.mp3\">Na\u2019ara Ushma Kineret &#8211; Ofra Haza<\/a><\/div>\n\n\n\n<div class=\"wp-block-file\"><a id=\"wp-block-file--media-a48ab2ca-fa51-4342-a00d-5f1e67510a77\" href=\"https:\/\/www.iemj.org\/wp-content\/uploads\/2017\/08\/six_in_the_evening_-_ofra_haza.mp3\">Six In The Evening &#8211; Ofra Haza<\/a><\/div>\n\n\n\n<div class=\"wp-block-file\"><a id=\"wp-block-file--media-919116b1-64cd-4eed-876d-95b4e25dead0\" href=\"https:\/\/www.iemj.org\/wp-content\/uploads\/2017\/08\/yachilvi_veyachali_-_ofra_haza.mp3\">Yachilvi veyachali &#8211; Ofra Haza<\/a><\/div>\n","protected":false},"excerpt":{"rendered":"<p>Ofra Haza \u05e2\u05e4\u05e8\u05d4 \u05d7\u05d6\u05d4, (Bat-Sheva Ofra Haza), born on November 19, 1957 in Tel-Aviv and deceased on February 23, 2000 in Ramat Gan, was an Israeli actress and singer native<\/p>\n","protected":false},"author":1052,"featured_media":14939,"comment_status":"closed","ping_status":"closed","sticky":false,"template":"","format":"standard","meta":{"_acf_changed":false,"footnotes":""},"categories":[903],"tags":[],"technique":[],"squelettes":[],"sujet":[2134],"formation":[],"genre":[1109],"fonds":[],"tradition":[],"type-de-contenu":[],"interprete-compositeur":[3275],"frise":[],"type-devenement":[],"tableaux-liens-externes":[],"class_list":["post-51876","post","type-post","status-publish","format-standard","has-post-thumbnail","hentry","category-biographies-en","sujet-yemen-en","genre-israeli-songs","interprete-compositeur-ofra-haza-en"],"acf":[],"yoast_head":"<!-- This site is optimized with the Yoast SEO plugin v27.3 - https:\/\/yoast.com\/product\/yoast-seo-wordpress\/ -->\n<title>Haza, Ofra (1957-2000) - Institut Europ\u00e9en des Musiques Juives<\/title>\n<meta name=\"robots\" content=\"index, follow, max-snippet:-1, max-image-preview:large, max-video-preview:-1\" \/>\n<link rel=\"canonical\" href=\"https:\/\/www.iemj.org\/en\/haza-ofra-1957-2000\/\" \/>\n<meta property=\"og:locale\" content=\"en_US\" \/>\n<meta property=\"og:type\" content=\"article\" \/>\n<meta property=\"og:title\" content=\"Haza, Ofra (1957-2000) - Institut Europ\u00e9en des Musiques Juives\" \/>\n<meta property=\"og:description\" content=\"Ofra Haza \u05e2\u05e4\u05e8\u05d4 \u05d7\u05d6\u05d4, (Bat-Sheva Ofra Haza), born on November 19, 1957 in Tel-Aviv and deceased on February 23, 2000 in Ramat Gan, was an Israeli actress and singer native\" \/>\n<meta property=\"og:url\" content=\"https:\/\/www.iemj.org\/en\/haza-ofra-1957-2000\/\" \/>\n<meta property=\"og:site_name\" content=\"Institut Europ\u00e9en des Musiques Juives\" \/>\n<meta property=\"article:publisher\" content=\"https:\/\/www.facebook.com\/MusiquesJuives\/\" \/>\n<meta property=\"article:published_time\" content=\"2017-08-30T14:09:18+00:00\" \/>\n<meta property=\"article:modified_time\" content=\"2025-09-08T14:09:58+00:00\" \/>\n<meta property=\"og:image\" content=\"https:\/\/www.iemj.org\/wp-content\/uploads\/2017\/08\/arton2433-e1625043261488.jpg\" \/>\n\t<meta property=\"og:image:width\" content=\"220\" \/>\n\t<meta property=\"og:image:height\" content=\"218\" \/>\n\t<meta property=\"og:image:type\" content=\"image\/jpeg\" \/>\n<meta name=\"author\" content=\"Lea Couderc\" \/>\n<meta name=\"twitter:card\" content=\"summary_large_image\" \/>\n<meta name=\"twitter:label1\" content=\"Written by\" \/>\n\t<meta name=\"twitter:data1\" content=\"Lea Couderc\" \/>\n\t<meta name=\"twitter:label2\" content=\"Est. reading time\" \/>\n\t<meta name=\"twitter:data2\" content=\"2 minutes\" \/>\n<script type=\"application\/ld+json\" class=\"yoast-schema-graph\">{\"@context\":\"https:\\\/\\\/schema.org\",\"@graph\":[{\"@type\":\"Article\",\"@id\":\"https:\\\/\\\/www.iemj.org\\\/en\\\/haza-ofra-1957-2000\\\/#article\",\"isPartOf\":{\"@id\":\"https:\\\/\\\/www.iemj.org\\\/en\\\/haza-ofra-1957-2000\\\/\"},\"author\":{\"name\":\"Lea Couderc\",\"@id\":\"https:\\\/\\\/www.iemj.org\\\/en\\\/#\\\/schema\\\/person\\\/e2ad57f2c4be119c7ed8ab79036807a9\"},\"headline\":\"Haza, Ofra (1957-2000)\",\"datePublished\":\"2017-08-30T14:09:18+00:00\",\"dateModified\":\"2025-09-08T14:09:58+00:00\",\"mainEntityOfPage\":{\"@id\":\"https:\\\/\\\/www.iemj.org\\\/en\\\/haza-ofra-1957-2000\\\/\"},\"wordCount\":248,\"publisher\":{\"@id\":\"https:\\\/\\\/www.iemj.org\\\/en\\\/#organization\"},\"image\":{\"@id\":\"https:\\\/\\\/www.iemj.org\\\/en\\\/haza-ofra-1957-2000\\\/#primaryimage\"},\"thumbnailUrl\":\"https:\\\/\\\/www.iemj.org\\\/wp-content\\\/uploads\\\/2017\\\/08\\\/arton2433-e1625043261488.jpg\",\"articleSection\":[\"Biographies\"],\"inLanguage\":\"en-US\"},{\"@type\":\"WebPage\",\"@id\":\"https:\\\/\\\/www.iemj.org\\\/en\\\/haza-ofra-1957-2000\\\/\",\"url\":\"https:\\\/\\\/www.iemj.org\\\/en\\\/haza-ofra-1957-2000\\\/\",\"name\":\"Haza, Ofra (1957-2000) - Institut Europ\u00e9en des Musiques Juives\",\"isPartOf\":{\"@id\":\"https:\\\/\\\/www.iemj.org\\\/en\\\/#website\"},\"primaryImageOfPage\":{\"@id\":\"https:\\\/\\\/www.iemj.org\\\/en\\\/haza-ofra-1957-2000\\\/#primaryimage\"},\"image\":{\"@id\":\"https:\\\/\\\/www.iemj.org\\\/en\\\/haza-ofra-1957-2000\\\/#primaryimage\"},\"thumbnailUrl\":\"https:\\\/\\\/www.iemj.org\\\/wp-content\\\/uploads\\\/2017\\\/08\\\/arton2433-e1625043261488.jpg\",\"datePublished\":\"2017-08-30T14:09:18+00:00\",\"dateModified\":\"2025-09-08T14:09:58+00:00\",\"breadcrumb\":{\"@id\":\"https:\\\/\\\/www.iemj.org\\\/en\\\/haza-ofra-1957-2000\\\/#breadcrumb\"},\"inLanguage\":\"en-US\",\"potentialAction\":[{\"@type\":\"ReadAction\",\"target\":[\"https:\\\/\\\/www.iemj.org\\\/en\\\/haza-ofra-1957-2000\\\/\"]}]},{\"@type\":\"ImageObject\",\"inLanguage\":\"en-US\",\"@id\":\"https:\\\/\\\/www.iemj.org\\\/en\\\/haza-ofra-1957-2000\\\/#primaryimage\",\"url\":\"https:\\\/\\\/www.iemj.org\\\/wp-content\\\/uploads\\\/2017\\\/08\\\/arton2433-e1625043261488.jpg\",\"contentUrl\":\"https:\\\/\\\/www.iemj.org\\\/wp-content\\\/uploads\\\/2017\\\/08\\\/arton2433-e1625043261488.jpg\",\"width\":220,\"height\":218,\"caption\":\"logo bio Ofra Haza\"},{\"@type\":\"BreadcrumbList\",\"@id\":\"https:\\\/\\\/www.iemj.org\\\/en\\\/haza-ofra-1957-2000\\\/#breadcrumb\",\"itemListElement\":[{\"@type\":\"ListItem\",\"position\":1,\"name\":\"Accueil\",\"item\":\"https:\\\/\\\/www.iemj.org\\\/en\\\/\"},{\"@type\":\"ListItem\",\"position\":2,\"name\":\"Haza, Ofra (1957-2000)\"}]},{\"@type\":\"WebSite\",\"@id\":\"https:\\\/\\\/www.iemj.org\\\/en\\\/#website\",\"url\":\"https:\\\/\\\/www.iemj.org\\\/en\\\/\",\"name\":\"Institut Europ\u00e9en des Musiques Juives\",\"description\":\"Des traditions musicales \u00e0 la port\u00e9e de tous\",\"publisher\":{\"@id\":\"https:\\\/\\\/www.iemj.org\\\/en\\\/#organization\"},\"potentialAction\":[{\"@type\":\"SearchAction\",\"target\":{\"@type\":\"EntryPoint\",\"urlTemplate\":\"https:\\\/\\\/www.iemj.org\\\/en\\\/?s={search_term_string}\"},\"query-input\":{\"@type\":\"PropertyValueSpecification\",\"valueRequired\":true,\"valueName\":\"search_term_string\"}}],\"inLanguage\":\"en-US\"},{\"@type\":\"Organization\",\"@id\":\"https:\\\/\\\/www.iemj.org\\\/en\\\/#organization\",\"name\":\"Institut Europ\u00e9en des Musiques Juives\",\"url\":\"https:\\\/\\\/www.iemj.org\\\/en\\\/\",\"logo\":{\"@type\":\"ImageObject\",\"inLanguage\":\"en-US\",\"@id\":\"https:\\\/\\\/www.iemj.org\\\/en\\\/#\\\/schema\\\/logo\\\/image\\\/\",\"url\":\"https:\\\/\\\/www.iemj.org\\\/wp-content\\\/uploads\\\/2021\\\/09\\\/Logo-IEMJ-Paypal.jpg\",\"contentUrl\":\"https:\\\/\\\/www.iemj.org\\\/wp-content\\\/uploads\\\/2021\\\/09\\\/Logo-IEMJ-Paypal.jpg\",\"width\":150,\"height\":50,\"caption\":\"Institut Europ\u00e9en des Musiques Juives\"},\"image\":{\"@id\":\"https:\\\/\\\/www.iemj.org\\\/en\\\/#\\\/schema\\\/logo\\\/image\\\/\"},\"sameAs\":[\"https:\\\/\\\/www.facebook.com\\\/MusiquesJuives\\\/\",\"https:\\\/\\\/www.instagram.com\\\/musiquesjuives\\\/\",\"https:\\\/\\\/www.youtube.com\\\/user\\\/musiquesjuives\"]},{\"@type\":\"Person\",\"@id\":\"https:\\\/\\\/www.iemj.org\\\/en\\\/#\\\/schema\\\/person\\\/e2ad57f2c4be119c7ed8ab79036807a9\",\"name\":\"Lea Couderc\",\"image\":{\"@type\":\"ImageObject\",\"inLanguage\":\"en-US\",\"@id\":\"https:\\\/\\\/secure.gravatar.com\\\/avatar\\\/46ee021475d60aeff17a7e490b79dea5a5684bb392ab7fd1494027411df8ba23?s=96&d=mm&r=g\",\"url\":\"https:\\\/\\\/secure.gravatar.com\\\/avatar\\\/46ee021475d60aeff17a7e490b79dea5a5684bb392ab7fd1494027411df8ba23?s=96&d=mm&r=g\",\"contentUrl\":\"https:\\\/\\\/secure.gravatar.com\\\/avatar\\\/46ee021475d60aeff17a7e490b79dea5a5684bb392ab7fd1494027411df8ba23?s=96&d=mm&r=g\",\"caption\":\"Lea Couderc\"}}]}<\/script>\n<!-- \/ Yoast SEO plugin. -->","yoast_head_json":{"title":"Haza, Ofra (1957-2000) - Institut Europ\u00e9en des Musiques Juives","robots":{"index":"index","follow":"follow","max-snippet":"max-snippet:-1","max-image-preview":"max-image-preview:large","max-video-preview":"max-video-preview:-1"},"canonical":"https:\/\/www.iemj.org\/en\/haza-ofra-1957-2000\/","og_locale":"en_US","og_type":"article","og_title":"Haza, Ofra (1957-2000) - Institut Europ\u00e9en des Musiques Juives","og_description":"Ofra Haza \u05e2\u05e4\u05e8\u05d4 \u05d7\u05d6\u05d4, (Bat-Sheva Ofra Haza), born on November 19, 1957 in Tel-Aviv and deceased on February 23, 2000 in Ramat Gan, was an Israeli actress and singer native","og_url":"https:\/\/www.iemj.org\/en\/haza-ofra-1957-2000\/","og_site_name":"Institut Europ\u00e9en des Musiques Juives","article_publisher":"https:\/\/www.facebook.com\/MusiquesJuives\/","article_published_time":"2017-08-30T14:09:18+00:00","article_modified_time":"2025-09-08T14:09:58+00:00","og_image":[{"width":220,"height":218,"url":"https:\/\/www.iemj.org\/wp-content\/uploads\/2017\/08\/arton2433-e1625043261488.jpg","type":"image\/jpeg"}],"author":"Lea Couderc","twitter_card":"summary_large_image","twitter_misc":{"Written by":"Lea Couderc","Est. reading time":"2 minutes"},"schema":{"@context":"https:\/\/schema.org","@graph":[{"@type":"Article","@id":"https:\/\/www.iemj.org\/en\/haza-ofra-1957-2000\/#article","isPartOf":{"@id":"https:\/\/www.iemj.org\/en\/haza-ofra-1957-2000\/"},"author":{"name":"Lea Couderc","@id":"https:\/\/www.iemj.org\/en\/#\/schema\/person\/e2ad57f2c4be119c7ed8ab79036807a9"},"headline":"Haza, Ofra (1957-2000)","datePublished":"2017-08-30T14:09:18+00:00","dateModified":"2025-09-08T14:09:58+00:00","mainEntityOfPage":{"@id":"https:\/\/www.iemj.org\/en\/haza-ofra-1957-2000\/"},"wordCount":248,"publisher":{"@id":"https:\/\/www.iemj.org\/en\/#organization"},"image":{"@id":"https:\/\/www.iemj.org\/en\/haza-ofra-1957-2000\/#primaryimage"},"thumbnailUrl":"https:\/\/www.iemj.org\/wp-content\/uploads\/2017\/08\/arton2433-e1625043261488.jpg","articleSection":["Biographies"],"inLanguage":"en-US"},{"@type":"WebPage","@id":"https:\/\/www.iemj.org\/en\/haza-ofra-1957-2000\/","url":"https:\/\/www.iemj.org\/en\/haza-ofra-1957-2000\/","name":"Haza, Ofra (1957-2000) - Institut Europ\u00e9en des Musiques Juives","isPartOf":{"@id":"https:\/\/www.iemj.org\/en\/#website"},"primaryImageOfPage":{"@id":"https:\/\/www.iemj.org\/en\/haza-ofra-1957-2000\/#primaryimage"},"image":{"@id":"https:\/\/www.iemj.org\/en\/haza-ofra-1957-2000\/#primaryimage"},"thumbnailUrl":"https:\/\/www.iemj.org\/wp-content\/uploads\/2017\/08\/arton2433-e1625043261488.jpg","datePublished":"2017-08-30T14:09:18+00:00","dateModified":"2025-09-08T14:09:58+00:00","breadcrumb":{"@id":"https:\/\/www.iemj.org\/en\/haza-ofra-1957-2000\/#breadcrumb"},"inLanguage":"en-US","potentialAction":[{"@type":"ReadAction","target":["https:\/\/www.iemj.org\/en\/haza-ofra-1957-2000\/"]}]},{"@type":"ImageObject","inLanguage":"en-US","@id":"https:\/\/www.iemj.org\/en\/haza-ofra-1957-2000\/#primaryimage","url":"https:\/\/www.iemj.org\/wp-content\/uploads\/2017\/08\/arton2433-e1625043261488.jpg","contentUrl":"https:\/\/www.iemj.org\/wp-content\/uploads\/2017\/08\/arton2433-e1625043261488.jpg","width":220,"height":218,"caption":"logo bio Ofra Haza"},{"@type":"BreadcrumbList","@id":"https:\/\/www.iemj.org\/en\/haza-ofra-1957-2000\/#breadcrumb","itemListElement":[{"@type":"ListItem","position":1,"name":"Accueil","item":"https:\/\/www.iemj.org\/en\/"},{"@type":"ListItem","position":2,"name":"Haza, Ofra (1957-2000)"}]},{"@type":"WebSite","@id":"https:\/\/www.iemj.org\/en\/#website","url":"https:\/\/www.iemj.org\/en\/","name":"Institut Europ\u00e9en des Musiques Juives","description":"Des traditions musicales \u00e0 la port\u00e9e de tous","publisher":{"@id":"https:\/\/www.iemj.org\/en\/#organization"},"potentialAction":[{"@type":"SearchAction","target":{"@type":"EntryPoint","urlTemplate":"https:\/\/www.iemj.org\/en\/?s={search_term_string}"},"query-input":{"@type":"PropertyValueSpecification","valueRequired":true,"valueName":"search_term_string"}}],"inLanguage":"en-US"},{"@type":"Organization","@id":"https:\/\/www.iemj.org\/en\/#organization","name":"Institut Europ\u00e9en des Musiques Juives","url":"https:\/\/www.iemj.org\/en\/","logo":{"@type":"ImageObject","inLanguage":"en-US","@id":"https:\/\/www.iemj.org\/en\/#\/schema\/logo\/image\/","url":"https:\/\/www.iemj.org\/wp-content\/uploads\/2021\/09\/Logo-IEMJ-Paypal.jpg","contentUrl":"https:\/\/www.iemj.org\/wp-content\/uploads\/2021\/09\/Logo-IEMJ-Paypal.jpg","width":150,"height":50,"caption":"Institut Europ\u00e9en des Musiques Juives"},"image":{"@id":"https:\/\/www.iemj.org\/en\/#\/schema\/logo\/image\/"},"sameAs":["https:\/\/www.facebook.com\/MusiquesJuives\/","https:\/\/www.instagram.com\/musiquesjuives\/","https:\/\/www.youtube.com\/user\/musiquesjuives"]},{"@type":"Person","@id":"https:\/\/www.iemj.org\/en\/#\/schema\/person\/e2ad57f2c4be119c7ed8ab79036807a9","name":"Lea Couderc","image":{"@type":"ImageObject","inLanguage":"en-US","@id":"https:\/\/secure.gravatar.com\/avatar\/46ee021475d60aeff17a7e490b79dea5a5684bb392ab7fd1494027411df8ba23?s=96&d=mm&r=g","url":"https:\/\/secure.gravatar.com\/avatar\/46ee021475d60aeff17a7e490b79dea5a5684bb392ab7fd1494027411df8ba23?s=96&d=mm&r=g","contentUrl":"https:\/\/secure.gravatar.com\/avatar\/46ee021475d60aeff17a7e490b79dea5a5684bb392ab7fd1494027411df8ba23?s=96&d=mm&r=g","caption":"Lea Couderc"}}]}},"_links":{"self":[{"href":"https:\/\/www.iemj.org\/en\/wp-json\/wp\/v2\/posts\/51876","targetHints":{"allow":["GET"]}}],"collection":[{"href":"https:\/\/www.iemj.org\/en\/wp-json\/wp\/v2\/posts"}],"about":[{"href":"https:\/\/www.iemj.org\/en\/wp-json\/wp\/v2\/types\/post"}],"author":[{"embeddable":true,"href":"https:\/\/www.iemj.org\/en\/wp-json\/wp\/v2\/users\/1052"}],"replies":[{"embeddable":true,"href":"https:\/\/www.iemj.org\/en\/wp-json\/wp\/v2\/comments?post=51876"}],"version-history":[{"count":0,"href":"https:\/\/www.iemj.org\/en\/wp-json\/wp\/v2\/posts\/51876\/revisions"}],"wp:featuredmedia":[{"embeddable":true,"href":"https:\/\/www.iemj.org\/en\/wp-json\/wp\/v2\/media\/14939"}],"wp:attachment":[{"href":"https:\/\/www.iemj.org\/en\/wp-json\/wp\/v2\/media?parent=51876"}],"wp:term":[{"taxonomy":"category","embeddable":true,"href":"https:\/\/www.iemj.org\/en\/wp-json\/wp\/v2\/categories?post=51876"},{"taxonomy":"post_tag","embeddable":true,"href":"https:\/\/www.iemj.org\/en\/wp-json\/wp\/v2\/tags?post=51876"},{"taxonomy":"technique","embeddable":true,"href":"https:\/\/www.iemj.org\/en\/wp-json\/wp\/v2\/technique?post=51876"},{"taxonomy":"squelettes","embeddable":true,"href":"https:\/\/www.iemj.org\/en\/wp-json\/wp\/v2\/squelettes?post=51876"},{"taxonomy":"sujet","embeddable":true,"href":"https:\/\/www.iemj.org\/en\/wp-json\/wp\/v2\/sujet?post=51876"},{"taxonomy":"formation","embeddable":true,"href":"https:\/\/www.iemj.org\/en\/wp-json\/wp\/v2\/formation?post=51876"},{"taxonomy":"genre","embeddable":true,"href":"https:\/\/www.iemj.org\/en\/wp-json\/wp\/v2\/genre?post=51876"},{"taxonomy":"fonds","embeddable":true,"href":"https:\/\/www.iemj.org\/en\/wp-json\/wp\/v2\/fonds?post=51876"},{"taxonomy":"tradition","embeddable":true,"href":"https:\/\/www.iemj.org\/en\/wp-json\/wp\/v2\/tradition?post=51876"},{"taxonomy":"type-de-contenu","embeddable":true,"href":"https:\/\/www.iemj.org\/en\/wp-json\/wp\/v2\/type-de-contenu?post=51876"},{"taxonomy":"interprete-compositeur","embeddable":true,"href":"https:\/\/www.iemj.org\/en\/wp-json\/wp\/v2\/interprete-compositeur?post=51876"},{"taxonomy":"frise","embeddable":true,"href":"https:\/\/www.iemj.org\/en\/wp-json\/wp\/v2\/frise?post=51876"},{"taxonomy":"type-devenement","embeddable":true,"href":"https:\/\/www.iemj.org\/en\/wp-json\/wp\/v2\/type-devenement?post=51876"},{"taxonomy":"tableaux-liens-externes","embeddable":true,"href":"https:\/\/www.iemj.org\/en\/wp-json\/wp\/v2\/tableaux-liens-externes?post=51876"}],"curies":[{"name":"wp","href":"https:\/\/api.w.org\/{rel}","templated":true}]}}