{"id":51938,"date":"2013-11-18T11:46:24","date_gmt":"2013-11-18T10:46:24","guid":{"rendered":"https:\/\/www.iemj.org\/jonas-emile-1827-1905\/"},"modified":"2022-09-29T11:20:13","modified_gmt":"2022-09-29T09:20:13","slug":"jonas-emile-1827-1905","status":"publish","type":"post","link":"https:\/\/www.iemj.org\/en\/jonas-emile-1827-1905\/","title":{"rendered":"Jonas, \u00c9mile (1827-1905)"},"content":{"rendered":"<p><span style=\"font-size: revert; color: var(--bs-body-color); font-family: var(--bs-body-font-family); font-weight: var(--bs-body-font-weight); text-align: var(--bs-body-text-align); background-color: var(--bs-body-bg);\">Emile Jonas was born to a Jewish family in Paris on March 5, 1827. His father was Simon Jonas and his mother was Jeanette Pohl. In 1841, Emile Jonas, at 14 years old, began attending the Paris Conservatory to study piano, harmony (Felix Le Couppey\u2019s class) and composition (Michel Carafa\u2019s class). In 1847, he won first prize in harmony at the Paris Conservatory and in 1849, the Second Grand Award of Rome, with his cantata <\/span><em style=\"font-size: revert; color: var(--bs-body-color); font-family: var(--bs-body-font-family); font-weight: var(--bs-body-font-weight); text-align: var(--bs-body-text-align); background-color: var(--bs-body-bg);\">Antonio<\/em><span style=\"font-size: revert; color: var(--bs-body-color); font-family: var(--bs-body-font-family); font-weight: var(--bs-body-font-weight); text-align: var(--bs-body-text-align); background-color: var(--bs-body-bg);\">\u00a0[<\/span><a style=\"font-size: revert; font-family: var(--bs-body-font-family); font-weight: var(--bs-body-font-weight); text-align: var(--bs-body-text-align); background-color: var(--bs-body-bg);\" href=\"https:\/\/www.iemj.org\/en\/onlinecontent\/biographies\/jonas-emile-1827-1905.html#nb1\">1<\/a><span style=\"font-size: revert; color: var(--bs-body-color); font-family: var(--bs-body-font-family); font-weight: var(--bs-body-font-weight); text-align: var(--bs-body-text-align); background-color: var(--bs-body-bg);\">].<\/span><span style=\"font-size: revert; background-color: var(--bs-body-bg); color: var(--bs-body-color); font-family: var(--bs-body-font-family); font-weight: var(--bs-body-font-weight); text-align: var(--bs-body-text-align);\">Simultaneously to a position of music director of the Imperial Guard (for whom he composes many marches and works for military brass bands), he led the career of a teacher at the Conservatoire de Paris, from 1847 to 1870. He first taught solfeggio and then composition, starting in 1859.<\/span><\/p>\n<p>In 1851, following Fromental L\u00e9vy\u2019s suggestions, Emile Jonas proposed to the Paris Consistory to become their organist at the main synagogue, on Notre-Dame de Nazareth, which originally had separate halls for prayers in Ashkenazic and in Sephardic. From 1854, Jonas was working as the organist and choirmaster at the Portuguese synagogue at 23 rue Lamartine. The\u00a0<em>Recueil des chants h\u00e9bra\u00efques anciens et modernes ex\u00e9cut\u00e9s au Temple du rit [sic] portugais de Paris<\/em>\u00a0was published in 1854 and consisted of 39 liturgies for soloists, choirs, organs and harps of which 24 were his own compositions. An expanded version appeared in 1886 entitled\u00a0<em>Chants h\u00e9bra\u00efques ex\u00e9cut\u00e9s dans les temples consistoriaux et au Temple du rite portugais de Paris<\/em>, accompanied by recommendations for interpretation as well as exercises.<br \/>His\u00a0<em>Psalm 130<\/em>, for baritone and chorus, as well as the\u00a0<em>Vayehi binsoa<\/em>\u00a0prayer that is sung at the removal of the Torah from the Ark, was performed at the inauguration ceremony at the Temple de la rue de la Victoire, September 9, 1874. That same year, Emile Jonas published a volume of 21 compositions from various composers used during marriage ceremonies held at the synagogue. In 1879 he published another volume with music used in religious services during Shabbat.<\/p>\n<p>In parallel to his liturgic career, Emile Jonas was also a prolific composer, author of some twenty operas buffa, several that had known great success. He shared the bill in Parisian theatres (then afterwards in France and in Europe) with some of the most famous French composers from the second half of the 19th century, Delibes, Messager, Offenbach&#8230;This last, both friend and mentor to Jonas, introduced him to the most popular librettists of the time and produced six of his pieces, the one act opera buffa\u00a0<em>La Parade<\/em>\u00a0(1856),\u00a0<em>Le Roi boit<\/em>\u00a0(1857),\u00a0<em>Les Petits Prodiges<\/em>\u00a0(1857), for which Offenbach contributed at least two numbers,\u00a0<em>Job et son chien<\/em>\u00a0(1863),\u00a0<em>Le manoir des Lar\u00e9nardi\u00e8re<\/em>\u00a0(1864),\u00a0<em>Avant la noce<\/em>\u00a0(1865) and\u00a0<em>D\u00e9sir\u00e9, sire de Champigny<\/em>\u00a0(1869).<\/p>\n<p>In 1867, Emile Jonas was part of the committee in charge of organizing the military parades for the Universal Exhibition inaugurated by Napol\u00e9on III and the Empress Eug\u00e9nie. He was unanimously recognized not only for his artistic achievement but also for his dedication and his organizing ability. He also belonged to several boards of directors for authors and composers. He knew many famous people such as Bizet, Gounod, Labiche, Sardou, and Alexandre Dumas son. He was named Chevalier and then Officer of the French Legion of Honor.<\/p>\n<p>Emile Jonas died in Saint Germain-en-Laye on May 21, 1905. He is buried in the Montparnasse cemetery. His musical work has unfortunately been forgotten.<\/p>\n<h3>Learn more :\u00a0<\/h3>\n<p><a href=\"https:\/\/www.iemj.org\/en\/emile-jonas-1827-1905-de-la-synagogue-portugaise-a-la-garde-imperiale-en-passant-par-loperette\/\" target=\"_blank\" rel=\"noopener\">Read the feature article by Jacobo Kaufmann: Emile Jonas (1827-1905), From the Portuguese synagogue to the operetta, and from there to the Imperial Guard<\/a><\/p>\n<p><a href=\"http:\/\/www.rachelnet.net\/F\/?func=find-c&amp;ccl_term=WRD+%3D+Jonas+AND+WRD+%3D+Emile&amp;local_base=iemcg\" target=\"_blank\" rel=\"noopener\">Browse our archives on Emile Jonas<\/a><\/p>\n<p><a href=\"https:\/\/www.iemj.org\/en\/product\/jacques-offenbach-and-friends-from-the-synagogue-to-the-opera\/\">Purchase the\u00a0CD Jacques Offenbach and friends &#8211; From the synagogue to the opera\u00a0&#8211; online on the EIJM\u2019s shop<\/a><\/p>\n\n\n<p><\/p>\n","protected":false},"excerpt":{"rendered":"<p>Emile Jonas was born to a Jewish family in Paris on March 5, 1827. His father was Simon Jonas and his mother was Jeanette Pohl. In 1841, Emile Jonas, at<\/p>\n","protected":false},"author":1045,"featured_media":6409,"comment_status":"closed","ping_status":"open","sticky":false,"template":"","format":"standard","meta":{"_acf_changed":false,"footnotes":""},"categories":[903],"tags":[],"technique":[],"squelettes":[],"sujet":[],"formation":[],"genre":[],"fonds":[],"tradition":[],"type-de-contenu":[],"interprete-compositeur":[],"frise":[],"type-devenement":[],"tableaux-liens-externes":[],"class_list":["post-51938","post","type-post","status-publish","format-standard","has-post-thumbnail","hentry","category-biographies-en"],"acf":[],"yoast_head":"<!-- This site is optimized with the Yoast SEO plugin v27.3 - https:\/\/yoast.com\/product\/yoast-seo-wordpress\/ -->\n<title>Jonas, \u00c9mile (1827-1905) - Institut Europ\u00e9en des Musiques Juives<\/title>\n<meta name=\"robots\" content=\"index, follow, max-snippet:-1, max-image-preview:large, max-video-preview:-1\" \/>\n<link rel=\"canonical\" href=\"https:\/\/www.iemj.org\/en\/jonas-emile-1827-1905\/\" \/>\n<meta property=\"og:locale\" content=\"en_US\" \/>\n<meta property=\"og:type\" content=\"article\" \/>\n<meta property=\"og:title\" content=\"Jonas, \u00c9mile (1827-1905) - Institut Europ\u00e9en des Musiques Juives\" \/>\n<meta property=\"og:description\" content=\"Emile Jonas was born to a Jewish family in Paris on March 5, 1827. His father was Simon Jonas and his mother was Jeanette Pohl. In 1841, Emile Jonas, at\" \/>\n<meta property=\"og:url\" content=\"https:\/\/www.iemj.org\/en\/jonas-emile-1827-1905\/\" \/>\n<meta property=\"og:site_name\" content=\"Institut Europ\u00e9en des Musiques Juives\" \/>\n<meta property=\"article:publisher\" content=\"https:\/\/www.facebook.com\/MusiquesJuives\/\" \/>\n<meta property=\"article:published_time\" content=\"2013-11-18T10:46:24+00:00\" \/>\n<meta property=\"article:modified_time\" content=\"2022-09-29T09:20:13+00:00\" \/>\n<meta property=\"og:image\" content=\"https:\/\/www.iemj.org\/wp-content\/uploads\/2013\/11\/arton794-e1625045537837.jpg\" \/>\n\t<meta property=\"og:image:width\" content=\"143\" \/>\n\t<meta property=\"og:image:height\" content=\"218\" \/>\n\t<meta property=\"og:image:type\" content=\"image\/jpeg\" \/>\n<meta name=\"author\" content=\"Herv\u00e9 Roten\" \/>\n<meta name=\"twitter:card\" content=\"summary_large_image\" \/>\n<meta name=\"twitter:label1\" content=\"Written by\" \/>\n\t<meta name=\"twitter:data1\" content=\"Herv\u00e9 Roten\" \/>\n\t<meta name=\"twitter:label2\" content=\"Est. reading time\" \/>\n\t<meta name=\"twitter:data2\" content=\"4 minutes\" \/>\n<script type=\"application\/ld+json\" class=\"yoast-schema-graph\">{\"@context\":\"https:\\\/\\\/schema.org\",\"@graph\":[{\"@type\":\"Article\",\"@id\":\"https:\\\/\\\/www.iemj.org\\\/en\\\/jonas-emile-1827-1905\\\/#article\",\"isPartOf\":{\"@id\":\"https:\\\/\\\/www.iemj.org\\\/en\\\/jonas-emile-1827-1905\\\/\"},\"author\":{\"name\":\"Herv\u00e9 Roten\",\"@id\":\"https:\\\/\\\/www.iemj.org\\\/en\\\/#\\\/schema\\\/person\\\/906134402c29d5c76e7b726261dd4bbd\"},\"headline\":\"Jonas, \u00c9mile (1827-1905)\",\"datePublished\":\"2013-11-18T10:46:24+00:00\",\"dateModified\":\"2022-09-29T09:20:13+00:00\",\"mainEntityOfPage\":{\"@id\":\"https:\\\/\\\/www.iemj.org\\\/en\\\/jonas-emile-1827-1905\\\/\"},\"wordCount\":609,\"publisher\":{\"@id\":\"https:\\\/\\\/www.iemj.org\\\/en\\\/#organization\"},\"image\":{\"@id\":\"https:\\\/\\\/www.iemj.org\\\/en\\\/jonas-emile-1827-1905\\\/#primaryimage\"},\"thumbnailUrl\":\"https:\\\/\\\/www.iemj.org\\\/wp-content\\\/uploads\\\/2013\\\/11\\\/arton794-e1625045537837.jpg\",\"articleSection\":[\"Biographies\"],\"inLanguage\":\"en-US\"},{\"@type\":\"WebPage\",\"@id\":\"https:\\\/\\\/www.iemj.org\\\/en\\\/jonas-emile-1827-1905\\\/\",\"url\":\"https:\\\/\\\/www.iemj.org\\\/en\\\/jonas-emile-1827-1905\\\/\",\"name\":\"Jonas, \u00c9mile (1827-1905) - Institut Europ\u00e9en des Musiques Juives\",\"isPartOf\":{\"@id\":\"https:\\\/\\\/www.iemj.org\\\/en\\\/#website\"},\"primaryImageOfPage\":{\"@id\":\"https:\\\/\\\/www.iemj.org\\\/en\\\/jonas-emile-1827-1905\\\/#primaryimage\"},\"image\":{\"@id\":\"https:\\\/\\\/www.iemj.org\\\/en\\\/jonas-emile-1827-1905\\\/#primaryimage\"},\"thumbnailUrl\":\"https:\\\/\\\/www.iemj.org\\\/wp-content\\\/uploads\\\/2013\\\/11\\\/arton794-e1625045537837.jpg\",\"datePublished\":\"2013-11-18T10:46:24+00:00\",\"dateModified\":\"2022-09-29T09:20:13+00:00\",\"breadcrumb\":{\"@id\":\"https:\\\/\\\/www.iemj.org\\\/en\\\/jonas-emile-1827-1905\\\/#breadcrumb\"},\"inLanguage\":\"en-US\",\"potentialAction\":[{\"@type\":\"ReadAction\",\"target\":[\"https:\\\/\\\/www.iemj.org\\\/en\\\/jonas-emile-1827-1905\\\/\"]}]},{\"@type\":\"ImageObject\",\"inLanguage\":\"en-US\",\"@id\":\"https:\\\/\\\/www.iemj.org\\\/en\\\/jonas-emile-1827-1905\\\/#primaryimage\",\"url\":\"https:\\\/\\\/www.iemj.org\\\/wp-content\\\/uploads\\\/2013\\\/11\\\/arton794-e1625045537837.jpg\",\"contentUrl\":\"https:\\\/\\\/www.iemj.org\\\/wp-content\\\/uploads\\\/2013\\\/11\\\/arton794-e1625045537837.jpg\",\"width\":143,\"height\":218,\"caption\":\"logo bio Emile Jonas\"},{\"@type\":\"BreadcrumbList\",\"@id\":\"https:\\\/\\\/www.iemj.org\\\/en\\\/jonas-emile-1827-1905\\\/#breadcrumb\",\"itemListElement\":[{\"@type\":\"ListItem\",\"position\":1,\"name\":\"Accueil\",\"item\":\"https:\\\/\\\/www.iemj.org\\\/en\\\/\"},{\"@type\":\"ListItem\",\"position\":2,\"name\":\"Jonas, \u00c9mile (1827-1905)\"}]},{\"@type\":\"WebSite\",\"@id\":\"https:\\\/\\\/www.iemj.org\\\/en\\\/#website\",\"url\":\"https:\\\/\\\/www.iemj.org\\\/en\\\/\",\"name\":\"Institut Europ\u00e9en des Musiques Juives\",\"description\":\"Des traditions musicales \u00e0 la port\u00e9e de tous\",\"publisher\":{\"@id\":\"https:\\\/\\\/www.iemj.org\\\/en\\\/#organization\"},\"potentialAction\":[{\"@type\":\"SearchAction\",\"target\":{\"@type\":\"EntryPoint\",\"urlTemplate\":\"https:\\\/\\\/www.iemj.org\\\/en\\\/?s={search_term_string}\"},\"query-input\":{\"@type\":\"PropertyValueSpecification\",\"valueRequired\":true,\"valueName\":\"search_term_string\"}}],\"inLanguage\":\"en-US\"},{\"@type\":\"Organization\",\"@id\":\"https:\\\/\\\/www.iemj.org\\\/en\\\/#organization\",\"name\":\"Institut Europ\u00e9en des Musiques Juives\",\"url\":\"https:\\\/\\\/www.iemj.org\\\/en\\\/\",\"logo\":{\"@type\":\"ImageObject\",\"inLanguage\":\"en-US\",\"@id\":\"https:\\\/\\\/www.iemj.org\\\/en\\\/#\\\/schema\\\/logo\\\/image\\\/\",\"url\":\"https:\\\/\\\/www.iemj.org\\\/wp-content\\\/uploads\\\/2021\\\/09\\\/Logo-IEMJ-Paypal.jpg\",\"contentUrl\":\"https:\\\/\\\/www.iemj.org\\\/wp-content\\\/uploads\\\/2021\\\/09\\\/Logo-IEMJ-Paypal.jpg\",\"width\":150,\"height\":50,\"caption\":\"Institut Europ\u00e9en des Musiques Juives\"},\"image\":{\"@id\":\"https:\\\/\\\/www.iemj.org\\\/en\\\/#\\\/schema\\\/logo\\\/image\\\/\"},\"sameAs\":[\"https:\\\/\\\/www.facebook.com\\\/MusiquesJuives\\\/\",\"https:\\\/\\\/www.instagram.com\\\/musiquesjuives\\\/\",\"https:\\\/\\\/www.youtube.com\\\/user\\\/musiquesjuives\"]},{\"@type\":\"Person\",\"@id\":\"https:\\\/\\\/www.iemj.org\\\/en\\\/#\\\/schema\\\/person\\\/906134402c29d5c76e7b726261dd4bbd\",\"name\":\"Herv\u00e9 Roten\",\"image\":{\"@type\":\"ImageObject\",\"inLanguage\":\"en-US\",\"@id\":\"https:\\\/\\\/secure.gravatar.com\\\/avatar\\\/f96ad2db538a26481f18384936b5cd0610c92d390c4dc382209216d455f685ff?s=96&d=mm&r=g\",\"url\":\"https:\\\/\\\/secure.gravatar.com\\\/avatar\\\/f96ad2db538a26481f18384936b5cd0610c92d390c4dc382209216d455f685ff?s=96&d=mm&r=g\",\"contentUrl\":\"https:\\\/\\\/secure.gravatar.com\\\/avatar\\\/f96ad2db538a26481f18384936b5cd0610c92d390c4dc382209216d455f685ff?s=96&d=mm&r=g\",\"caption\":\"Herv\u00e9 Roten\"}}]}<\/script>\n<!-- \/ Yoast SEO plugin. -->","yoast_head_json":{"title":"Jonas, \u00c9mile (1827-1905) - Institut Europ\u00e9en des Musiques Juives","robots":{"index":"index","follow":"follow","max-snippet":"max-snippet:-1","max-image-preview":"max-image-preview:large","max-video-preview":"max-video-preview:-1"},"canonical":"https:\/\/www.iemj.org\/en\/jonas-emile-1827-1905\/","og_locale":"en_US","og_type":"article","og_title":"Jonas, \u00c9mile (1827-1905) - Institut Europ\u00e9en des Musiques Juives","og_description":"Emile Jonas was born to a Jewish family in Paris on March 5, 1827. His father was Simon Jonas and his mother was Jeanette Pohl. In 1841, Emile Jonas, at","og_url":"https:\/\/www.iemj.org\/en\/jonas-emile-1827-1905\/","og_site_name":"Institut Europ\u00e9en des Musiques Juives","article_publisher":"https:\/\/www.facebook.com\/MusiquesJuives\/","article_published_time":"2013-11-18T10:46:24+00:00","article_modified_time":"2022-09-29T09:20:13+00:00","og_image":[{"width":143,"height":218,"url":"https:\/\/www.iemj.org\/wp-content\/uploads\/2013\/11\/arton794-e1625045537837.jpg","type":"image\/jpeg"}],"author":"Herv\u00e9 Roten","twitter_card":"summary_large_image","twitter_misc":{"Written by":"Herv\u00e9 Roten","Est. reading time":"4 minutes"},"schema":{"@context":"https:\/\/schema.org","@graph":[{"@type":"Article","@id":"https:\/\/www.iemj.org\/en\/jonas-emile-1827-1905\/#article","isPartOf":{"@id":"https:\/\/www.iemj.org\/en\/jonas-emile-1827-1905\/"},"author":{"name":"Herv\u00e9 Roten","@id":"https:\/\/www.iemj.org\/en\/#\/schema\/person\/906134402c29d5c76e7b726261dd4bbd"},"headline":"Jonas, \u00c9mile (1827-1905)","datePublished":"2013-11-18T10:46:24+00:00","dateModified":"2022-09-29T09:20:13+00:00","mainEntityOfPage":{"@id":"https:\/\/www.iemj.org\/en\/jonas-emile-1827-1905\/"},"wordCount":609,"publisher":{"@id":"https:\/\/www.iemj.org\/en\/#organization"},"image":{"@id":"https:\/\/www.iemj.org\/en\/jonas-emile-1827-1905\/#primaryimage"},"thumbnailUrl":"https:\/\/www.iemj.org\/wp-content\/uploads\/2013\/11\/arton794-e1625045537837.jpg","articleSection":["Biographies"],"inLanguage":"en-US"},{"@type":"WebPage","@id":"https:\/\/www.iemj.org\/en\/jonas-emile-1827-1905\/","url":"https:\/\/www.iemj.org\/en\/jonas-emile-1827-1905\/","name":"Jonas, \u00c9mile (1827-1905) - Institut Europ\u00e9en des Musiques Juives","isPartOf":{"@id":"https:\/\/www.iemj.org\/en\/#website"},"primaryImageOfPage":{"@id":"https:\/\/www.iemj.org\/en\/jonas-emile-1827-1905\/#primaryimage"},"image":{"@id":"https:\/\/www.iemj.org\/en\/jonas-emile-1827-1905\/#primaryimage"},"thumbnailUrl":"https:\/\/www.iemj.org\/wp-content\/uploads\/2013\/11\/arton794-e1625045537837.jpg","datePublished":"2013-11-18T10:46:24+00:00","dateModified":"2022-09-29T09:20:13+00:00","breadcrumb":{"@id":"https:\/\/www.iemj.org\/en\/jonas-emile-1827-1905\/#breadcrumb"},"inLanguage":"en-US","potentialAction":[{"@type":"ReadAction","target":["https:\/\/www.iemj.org\/en\/jonas-emile-1827-1905\/"]}]},{"@type":"ImageObject","inLanguage":"en-US","@id":"https:\/\/www.iemj.org\/en\/jonas-emile-1827-1905\/#primaryimage","url":"https:\/\/www.iemj.org\/wp-content\/uploads\/2013\/11\/arton794-e1625045537837.jpg","contentUrl":"https:\/\/www.iemj.org\/wp-content\/uploads\/2013\/11\/arton794-e1625045537837.jpg","width":143,"height":218,"caption":"logo bio Emile Jonas"},{"@type":"BreadcrumbList","@id":"https:\/\/www.iemj.org\/en\/jonas-emile-1827-1905\/#breadcrumb","itemListElement":[{"@type":"ListItem","position":1,"name":"Accueil","item":"https:\/\/www.iemj.org\/en\/"},{"@type":"ListItem","position":2,"name":"Jonas, \u00c9mile (1827-1905)"}]},{"@type":"WebSite","@id":"https:\/\/www.iemj.org\/en\/#website","url":"https:\/\/www.iemj.org\/en\/","name":"Institut Europ\u00e9en des Musiques Juives","description":"Des traditions musicales \u00e0 la port\u00e9e de tous","publisher":{"@id":"https:\/\/www.iemj.org\/en\/#organization"},"potentialAction":[{"@type":"SearchAction","target":{"@type":"EntryPoint","urlTemplate":"https:\/\/www.iemj.org\/en\/?s={search_term_string}"},"query-input":{"@type":"PropertyValueSpecification","valueRequired":true,"valueName":"search_term_string"}}],"inLanguage":"en-US"},{"@type":"Organization","@id":"https:\/\/www.iemj.org\/en\/#organization","name":"Institut Europ\u00e9en des Musiques Juives","url":"https:\/\/www.iemj.org\/en\/","logo":{"@type":"ImageObject","inLanguage":"en-US","@id":"https:\/\/www.iemj.org\/en\/#\/schema\/logo\/image\/","url":"https:\/\/www.iemj.org\/wp-content\/uploads\/2021\/09\/Logo-IEMJ-Paypal.jpg","contentUrl":"https:\/\/www.iemj.org\/wp-content\/uploads\/2021\/09\/Logo-IEMJ-Paypal.jpg","width":150,"height":50,"caption":"Institut Europ\u00e9en des Musiques Juives"},"image":{"@id":"https:\/\/www.iemj.org\/en\/#\/schema\/logo\/image\/"},"sameAs":["https:\/\/www.facebook.com\/MusiquesJuives\/","https:\/\/www.instagram.com\/musiquesjuives\/","https:\/\/www.youtube.com\/user\/musiquesjuives"]},{"@type":"Person","@id":"https:\/\/www.iemj.org\/en\/#\/schema\/person\/906134402c29d5c76e7b726261dd4bbd","name":"Herv\u00e9 Roten","image":{"@type":"ImageObject","inLanguage":"en-US","@id":"https:\/\/secure.gravatar.com\/avatar\/f96ad2db538a26481f18384936b5cd0610c92d390c4dc382209216d455f685ff?s=96&d=mm&r=g","url":"https:\/\/secure.gravatar.com\/avatar\/f96ad2db538a26481f18384936b5cd0610c92d390c4dc382209216d455f685ff?s=96&d=mm&r=g","contentUrl":"https:\/\/secure.gravatar.com\/avatar\/f96ad2db538a26481f18384936b5cd0610c92d390c4dc382209216d455f685ff?s=96&d=mm&r=g","caption":"Herv\u00e9 Roten"}}]}},"_links":{"self":[{"href":"https:\/\/www.iemj.org\/en\/wp-json\/wp\/v2\/posts\/51938","targetHints":{"allow":["GET"]}}],"collection":[{"href":"https:\/\/www.iemj.org\/en\/wp-json\/wp\/v2\/posts"}],"about":[{"href":"https:\/\/www.iemj.org\/en\/wp-json\/wp\/v2\/types\/post"}],"author":[{"embeddable":true,"href":"https:\/\/www.iemj.org\/en\/wp-json\/wp\/v2\/users\/1045"}],"replies":[{"embeddable":true,"href":"https:\/\/www.iemj.org\/en\/wp-json\/wp\/v2\/comments?post=51938"}],"version-history":[{"count":0,"href":"https:\/\/www.iemj.org\/en\/wp-json\/wp\/v2\/posts\/51938\/revisions"}],"wp:featuredmedia":[{"embeddable":true,"href":"https:\/\/www.iemj.org\/en\/wp-json\/wp\/v2\/media\/6409"}],"wp:attachment":[{"href":"https:\/\/www.iemj.org\/en\/wp-json\/wp\/v2\/media?parent=51938"}],"wp:term":[{"taxonomy":"category","embeddable":true,"href":"https:\/\/www.iemj.org\/en\/wp-json\/wp\/v2\/categories?post=51938"},{"taxonomy":"post_tag","embeddable":true,"href":"https:\/\/www.iemj.org\/en\/wp-json\/wp\/v2\/tags?post=51938"},{"taxonomy":"technique","embeddable":true,"href":"https:\/\/www.iemj.org\/en\/wp-json\/wp\/v2\/technique?post=51938"},{"taxonomy":"squelettes","embeddable":true,"href":"https:\/\/www.iemj.org\/en\/wp-json\/wp\/v2\/squelettes?post=51938"},{"taxonomy":"sujet","embeddable":true,"href":"https:\/\/www.iemj.org\/en\/wp-json\/wp\/v2\/sujet?post=51938"},{"taxonomy":"formation","embeddable":true,"href":"https:\/\/www.iemj.org\/en\/wp-json\/wp\/v2\/formation?post=51938"},{"taxonomy":"genre","embeddable":true,"href":"https:\/\/www.iemj.org\/en\/wp-json\/wp\/v2\/genre?post=51938"},{"taxonomy":"fonds","embeddable":true,"href":"https:\/\/www.iemj.org\/en\/wp-json\/wp\/v2\/fonds?post=51938"},{"taxonomy":"tradition","embeddable":true,"href":"https:\/\/www.iemj.org\/en\/wp-json\/wp\/v2\/tradition?post=51938"},{"taxonomy":"type-de-contenu","embeddable":true,"href":"https:\/\/www.iemj.org\/en\/wp-json\/wp\/v2\/type-de-contenu?post=51938"},{"taxonomy":"interprete-compositeur","embeddable":true,"href":"https:\/\/www.iemj.org\/en\/wp-json\/wp\/v2\/interprete-compositeur?post=51938"},{"taxonomy":"frise","embeddable":true,"href":"https:\/\/www.iemj.org\/en\/wp-json\/wp\/v2\/frise?post=51938"},{"taxonomy":"type-devenement","embeddable":true,"href":"https:\/\/www.iemj.org\/en\/wp-json\/wp\/v2\/type-devenement?post=51938"},{"taxonomy":"tableaux-liens-externes","embeddable":true,"href":"https:\/\/www.iemj.org\/en\/wp-json\/wp\/v2\/tableaux-liens-externes?post=51938"}],"curies":[{"name":"wp","href":"https:\/\/api.w.org\/{rel}","templated":true}]}}