{"id":52000,"date":"2016-05-18T17:16:36","date_gmt":"2016-05-18T15:16:36","guid":{"rendered":"https:\/\/www.iemj.org\/kirch-albert-1918-2016\/"},"modified":"2025-03-24T12:16:30","modified_gmt":"2025-03-24T11:16:30","slug":"kirch-albert-1918-2016","status":"publish","type":"post","link":"https:\/\/www.iemj.org\/en\/kirch-albert-1918-2016\/","title":{"rendered":"Kirch, Albert (1918-2016)"},"content":{"rendered":"<p class=\"post_excerpt\">Deceased on April 18, 2016 at the age of 98 years old, Albert Kirch was for more than 30 years the cantor of the Jewish community of Metz. This article is a tribute to him.<\/p>\n<h3><strong>Listen to the interview of Albert Kirch by Herv\u00e9 Roten, below (in French)<\/strong><\/h3>\n<p><!--more-->Born on November 1st 1918 in Warsaw, Albert Kirch (Abraham Kirchenbaum) arrived in Metz (France) at the age of 2.<\/p>\n<p>In 1932, he obtained his school certificate at the \u201cEcole Isra\u00e9lite\u201d, followed by a grant for the Rabbi School in Paris. In 1938, he joined the Israeli Seminar.<br \/>During the war he was mobilized between 1939 and 1942. Many members of his family were killed in Auschwitz in 1942.<\/p>\n<p><img fetchpriority=\"high\" decoding=\"async\" class=\"size-full wp-image-10727 alignright\" src=\"https:\/\/www.iemj.org\/wp-content\/uploads\/2016\/05\/doc_1_kirch500px_plus_petit.jpg\" alt=\"doc_1_kirch500px_plus_petit.jpg\" width=\"325\" height=\"253\" align=\"middle\" srcset=\"https:\/\/www.iemj.org\/wp-content\/uploads\/2016\/05\/doc_1_kirch500px_plus_petit.jpg 325w, https:\/\/www.iemj.org\/wp-content\/uploads\/2016\/05\/doc_1_kirch500px_plus_petit-300x234.jpg 300w\" sizes=\"(max-width: 325px) 100vw, 325px\" \/><\/p>\n<p>Demobilized in Clermont-Ferrand in July 1942, he entered the resistance in the Cantal region, particularly by making false documents during the Compulsory Work Service.<br \/>He taught French at the \u201cOSE\u201d (Children\u2019s Aid Society), and prepared the writer and philosopher Elie Wiesel for his bachelor\u2019s degree.<\/p>\n<p>In 1950 he got hired as a cantor in Brussels as well as in Metz, along with Salomon Binn and Jules Ptachek.<\/p>\n<p>He received in 1953 the First Prize Award for singing, at the National Music School of Metz. For 32 years, Albert Kirch was cantor in Metz, teaching the Bible to generations of students, among them the current Great Rabbis of Lyon and Metz.<br \/>He left Metz in 1982 to settle in Israel for one year.<br \/>Back in France in 1983, he took over his step-father\u2019s position, M. Cohen, as a cantor and rabbi in P\u00e9rigueux.<\/p>\n<p><img decoding=\"async\" class=\"wp-image-10729 alignleft\" src=\"https:\/\/www.iemj.org\/wp-content\/uploads\/2016\/05\/doc_2_kirch500px_et_plus_petit.jpg\" alt=\"doc_2_kirch500px_et_plus_petit.jpg\" width=\"190\" height=\"287\" align=\"right\" srcset=\"https:\/\/www.iemj.org\/wp-content\/uploads\/2016\/05\/doc_2_kirch500px_et_plus_petit.jpg 250w, https:\/\/www.iemj.org\/wp-content\/uploads\/2016\/05\/doc_2_kirch500px_et_plus_petit-199x300.jpg 199w\" sizes=\"(max-width: 190px) 100vw, 190px\" \/>From 2000 to 2001, he replaced the Rabbi Charles Lich\u00e9 at the synagogue of Place des Vosges for the main holidays.<\/p>\n<p>At the age of 96 years old, on October 20, 2014, the Great Rabbi of France, Ha\u00efm Korsia officially appointed him Rabbi, 69 years after the war and the forced interruption of his rabbinic studies, as a tribute for his teaching of Judaism and his transmission of moral Jewish values and faith to generations of students and worshippers.<\/p>\n<p>Albert Kirch died on April 18, 2016. He is buried in Cronenbourg\u2019s cemetery in Strasbourg.<\/p>\n<ul>\n<li>\n<p><a href=\"http:\/\/judaisme.sdv.fr\/histoire\/rabbins\/hazanim\/kirch.htm\" target=\"_blank\" rel=\"noopener\">Learn more about Albert Kirch<\/a><\/p>\n<\/li>\n<li><a href=\"https:\/\/www.iemj.org\/en\/la-source-de-vie-metz-la-renaissance\/\" target=\"_blank\" rel=\"noopener\">Watch excerpts of the French TV show la Source de Vie : &#8220;Metz : The Revival&#8221;, hosted by Josy Eisenberg<\/a><\/li>\n<li><a href=\"https:\/\/www.iemj.org\/en\/sauvegarde-des-archives-musicales-de-la-grande-synagogue-de-metz\/\" target=\"_blank\" rel=\"noopener\">Browse the archive collection of the synagogue of Metz<\/a><\/li>\n<li><a href=\"http:\/\/www.rachelnet.net\/F\/?func=find-c&amp;ccl_term=WRD+%3D+albert+kirch&amp;local_base=iemcg\" target=\"_blank\" rel=\"noopener\">Browse our archives about Albert Kirch<\/a><\/li>\n<\/ul>\n<p>On December 16, 2010, Herv\u00e9 Roten made an interview with Albert Kirch, who then gave his musical archives to the European Institute of Jewish Music.<\/p>\n\n<div class=\"wp-block-image\">\n<figure class=\"aligncenter size-large\"><img decoding=\"async\" width=\"1024\" height=\"133\" src=\"https:\/\/www.iemj.org\/wp-content\/uploads\/2024\/03\/AUDIO-PLAYER-1024x133.png\" alt=\"\" class=\"wp-image-110607\" srcset=\"https:\/\/www.iemj.org\/wp-content\/uploads\/2024\/03\/AUDIO-PLAYER-1024x133.png 1024w, https:\/\/www.iemj.org\/wp-content\/uploads\/2024\/03\/AUDIO-PLAYER-300x39.png 300w, https:\/\/www.iemj.org\/wp-content\/uploads\/2024\/03\/AUDIO-PLAYER-768x100.png 768w, https:\/\/www.iemj.org\/wp-content\/uploads\/2024\/03\/AUDIO-PLAYER-600x78.png 600w, https:\/\/www.iemj.org\/wp-content\/uploads\/2024\/03\/AUDIO-PLAYER.png 1210w\" sizes=\"(max-width: 1024px) 100vw, 1024px\" \/><\/figure>\n<\/div>\n\n\n<div class=\"wp-block-file\"><a id=\"wp-block-file--media-958d3092-f288-452c-96f4-7499b51979a4\" href=\"https:\/\/www.iemj.org\/wp-content\/uploads\/2016\/05\/albert_kirch_itv_1def.mp3\">L&#8217;enfance d&#8217;Albert Kirch \u00e0 Metz et ses \u00e9tudes de Rabbinat \u00e0 Paris<\/a><\/div>\n\n\n\n<div class=\"wp-block-file\"><a id=\"wp-block-file--media-d1a291a9-30dc-4790-a937-c02ef0297767\" href=\"https:\/\/www.iemj.org\/wp-content\/uploads\/2016\/05\/albert_kirch_itv_2guerredef.mp3\">Albert Kirch pendant l&#8217;occupation allemande <\/a><\/div>\n","protected":false},"excerpt":{"rendered":"<p>Deceased on April 18, 2016 at the age of 98 years old, Albert Kirch was for more than 30 years the cantor of the Jewish community of Metz. This article<\/p>\n","protected":false},"author":1052,"featured_media":10725,"comment_status":"closed","ping_status":"open","sticky":false,"template":"","format":"standard","meta":{"_acf_changed":false,"footnotes":""},"categories":[903],"tags":[],"technique":[],"squelettes":[],"sujet":[2100],"formation":[],"genre":[],"fonds":[],"tradition":[],"type-de-contenu":[],"interprete-compositeur":[],"frise":[],"type-devenement":[],"tableaux-liens-externes":[],"class_list":["post-52000","post","type-post","status-publish","format-standard","has-post-thumbnail","hentry","category-biographies-en","sujet-alsace-lorraine-en"],"acf":[],"yoast_head":"<!-- This site is optimized with the Yoast SEO plugin v27.3 - https:\/\/yoast.com\/product\/yoast-seo-wordpress\/ -->\n<title>Kirch, Albert (1918-2016) - Institut Europ\u00e9en des Musiques Juives<\/title>\n<meta name=\"robots\" content=\"index, follow, max-snippet:-1, max-image-preview:large, max-video-preview:-1\" \/>\n<link rel=\"canonical\" href=\"https:\/\/www.iemj.org\/en\/kirch-albert-1918-2016\/\" \/>\n<meta property=\"og:locale\" content=\"en_US\" \/>\n<meta property=\"og:type\" content=\"article\" \/>\n<meta property=\"og:title\" content=\"Kirch, Albert (1918-2016) - Institut Europ\u00e9en des Musiques Juives\" \/>\n<meta property=\"og:description\" content=\"Deceased on April 18, 2016 at the age of 98 years old, Albert Kirch was for more than 30 years the cantor of the Jewish community of Metz. This article\" \/>\n<meta property=\"og:url\" content=\"https:\/\/www.iemj.org\/en\/kirch-albert-1918-2016\/\" \/>\n<meta property=\"og:site_name\" content=\"Institut Europ\u00e9en des Musiques Juives\" \/>\n<meta property=\"article:publisher\" content=\"https:\/\/www.facebook.com\/MusiquesJuives\/\" \/>\n<meta property=\"article:published_time\" content=\"2016-05-18T15:16:36+00:00\" \/>\n<meta property=\"article:modified_time\" content=\"2025-03-24T11:16:30+00:00\" \/>\n<meta property=\"og:image\" content=\"https:\/\/www.iemj.org\/wp-content\/uploads\/2016\/05\/arton1701-e1625047192424.jpg\" \/>\n\t<meta property=\"og:image:width\" content=\"228\" \/>\n\t<meta property=\"og:image:height\" content=\"218\" \/>\n\t<meta property=\"og:image:type\" content=\"image\/jpeg\" \/>\n<meta name=\"author\" content=\"Lea Couderc\" \/>\n<meta name=\"twitter:card\" content=\"summary_large_image\" \/>\n<meta name=\"twitter:label1\" content=\"Written by\" \/>\n\t<meta name=\"twitter:data1\" content=\"Lea Couderc\" \/>\n\t<meta name=\"twitter:label2\" content=\"Est. reading time\" \/>\n\t<meta name=\"twitter:data2\" content=\"4 minutes\" \/>\n<script type=\"application\/ld+json\" class=\"yoast-schema-graph\">{\"@context\":\"https:\\\/\\\/schema.org\",\"@graph\":[{\"@type\":\"Article\",\"@id\":\"https:\\\/\\\/www.iemj.org\\\/en\\\/kirch-albert-1918-2016\\\/#article\",\"isPartOf\":{\"@id\":\"https:\\\/\\\/www.iemj.org\\\/en\\\/kirch-albert-1918-2016\\\/\"},\"author\":{\"name\":\"Lea Couderc\",\"@id\":\"https:\\\/\\\/www.iemj.org\\\/en\\\/#\\\/schema\\\/person\\\/e2ad57f2c4be119c7ed8ab79036807a9\"},\"headline\":\"Kirch, Albert (1918-2016)\",\"datePublished\":\"2016-05-18T15:16:36+00:00\",\"dateModified\":\"2025-03-24T11:16:30+00:00\",\"mainEntityOfPage\":{\"@id\":\"https:\\\/\\\/www.iemj.org\\\/en\\\/kirch-albert-1918-2016\\\/\"},\"wordCount\":417,\"publisher\":{\"@id\":\"https:\\\/\\\/www.iemj.org\\\/en\\\/#organization\"},\"image\":{\"@id\":\"https:\\\/\\\/www.iemj.org\\\/en\\\/kirch-albert-1918-2016\\\/#primaryimage\"},\"thumbnailUrl\":\"https:\\\/\\\/www.iemj.org\\\/wp-content\\\/uploads\\\/2016\\\/05\\\/arton1701-e1625047192424.jpg\",\"articleSection\":[\"Biographies\"],\"inLanguage\":\"en-US\"},{\"@type\":\"WebPage\",\"@id\":\"https:\\\/\\\/www.iemj.org\\\/en\\\/kirch-albert-1918-2016\\\/\",\"url\":\"https:\\\/\\\/www.iemj.org\\\/en\\\/kirch-albert-1918-2016\\\/\",\"name\":\"Kirch, Albert (1918-2016) - Institut Europ\u00e9en des Musiques Juives\",\"isPartOf\":{\"@id\":\"https:\\\/\\\/www.iemj.org\\\/en\\\/#website\"},\"primaryImageOfPage\":{\"@id\":\"https:\\\/\\\/www.iemj.org\\\/en\\\/kirch-albert-1918-2016\\\/#primaryimage\"},\"image\":{\"@id\":\"https:\\\/\\\/www.iemj.org\\\/en\\\/kirch-albert-1918-2016\\\/#primaryimage\"},\"thumbnailUrl\":\"https:\\\/\\\/www.iemj.org\\\/wp-content\\\/uploads\\\/2016\\\/05\\\/arton1701-e1625047192424.jpg\",\"datePublished\":\"2016-05-18T15:16:36+00:00\",\"dateModified\":\"2025-03-24T11:16:30+00:00\",\"breadcrumb\":{\"@id\":\"https:\\\/\\\/www.iemj.org\\\/en\\\/kirch-albert-1918-2016\\\/#breadcrumb\"},\"inLanguage\":\"en-US\",\"potentialAction\":[{\"@type\":\"ReadAction\",\"target\":[\"https:\\\/\\\/www.iemj.org\\\/en\\\/kirch-albert-1918-2016\\\/\"]}]},{\"@type\":\"ImageObject\",\"inLanguage\":\"en-US\",\"@id\":\"https:\\\/\\\/www.iemj.org\\\/en\\\/kirch-albert-1918-2016\\\/#primaryimage\",\"url\":\"https:\\\/\\\/www.iemj.org\\\/wp-content\\\/uploads\\\/2016\\\/05\\\/arton1701-e1625047192424.jpg\",\"contentUrl\":\"https:\\\/\\\/www.iemj.org\\\/wp-content\\\/uploads\\\/2016\\\/05\\\/arton1701-e1625047192424.jpg\",\"width\":228,\"height\":218,\"caption\":\"logo bio Albert Kirch\"},{\"@type\":\"BreadcrumbList\",\"@id\":\"https:\\\/\\\/www.iemj.org\\\/en\\\/kirch-albert-1918-2016\\\/#breadcrumb\",\"itemListElement\":[{\"@type\":\"ListItem\",\"position\":1,\"name\":\"Accueil\",\"item\":\"https:\\\/\\\/www.iemj.org\\\/en\\\/\"},{\"@type\":\"ListItem\",\"position\":2,\"name\":\"Kirch, Albert (1918-2016)\"}]},{\"@type\":\"WebSite\",\"@id\":\"https:\\\/\\\/www.iemj.org\\\/en\\\/#website\",\"url\":\"https:\\\/\\\/www.iemj.org\\\/en\\\/\",\"name\":\"Institut Europ\u00e9en des Musiques Juives\",\"description\":\"Des traditions musicales \u00e0 la port\u00e9e de tous\",\"publisher\":{\"@id\":\"https:\\\/\\\/www.iemj.org\\\/en\\\/#organization\"},\"potentialAction\":[{\"@type\":\"SearchAction\",\"target\":{\"@type\":\"EntryPoint\",\"urlTemplate\":\"https:\\\/\\\/www.iemj.org\\\/en\\\/?s={search_term_string}\"},\"query-input\":{\"@type\":\"PropertyValueSpecification\",\"valueRequired\":true,\"valueName\":\"search_term_string\"}}],\"inLanguage\":\"en-US\"},{\"@type\":\"Organization\",\"@id\":\"https:\\\/\\\/www.iemj.org\\\/en\\\/#organization\",\"name\":\"Institut Europ\u00e9en des Musiques Juives\",\"url\":\"https:\\\/\\\/www.iemj.org\\\/en\\\/\",\"logo\":{\"@type\":\"ImageObject\",\"inLanguage\":\"en-US\",\"@id\":\"https:\\\/\\\/www.iemj.org\\\/en\\\/#\\\/schema\\\/logo\\\/image\\\/\",\"url\":\"https:\\\/\\\/www.iemj.org\\\/wp-content\\\/uploads\\\/2021\\\/09\\\/Logo-IEMJ-Paypal.jpg\",\"contentUrl\":\"https:\\\/\\\/www.iemj.org\\\/wp-content\\\/uploads\\\/2021\\\/09\\\/Logo-IEMJ-Paypal.jpg\",\"width\":150,\"height\":50,\"caption\":\"Institut Europ\u00e9en des Musiques Juives\"},\"image\":{\"@id\":\"https:\\\/\\\/www.iemj.org\\\/en\\\/#\\\/schema\\\/logo\\\/image\\\/\"},\"sameAs\":[\"https:\\\/\\\/www.facebook.com\\\/MusiquesJuives\\\/\",\"https:\\\/\\\/www.instagram.com\\\/musiquesjuives\\\/\",\"https:\\\/\\\/www.youtube.com\\\/user\\\/musiquesjuives\"]},{\"@type\":\"Person\",\"@id\":\"https:\\\/\\\/www.iemj.org\\\/en\\\/#\\\/schema\\\/person\\\/e2ad57f2c4be119c7ed8ab79036807a9\",\"name\":\"Lea Couderc\",\"image\":{\"@type\":\"ImageObject\",\"inLanguage\":\"en-US\",\"@id\":\"https:\\\/\\\/secure.gravatar.com\\\/avatar\\\/46ee021475d60aeff17a7e490b79dea5a5684bb392ab7fd1494027411df8ba23?s=96&d=mm&r=g\",\"url\":\"https:\\\/\\\/secure.gravatar.com\\\/avatar\\\/46ee021475d60aeff17a7e490b79dea5a5684bb392ab7fd1494027411df8ba23?s=96&d=mm&r=g\",\"contentUrl\":\"https:\\\/\\\/secure.gravatar.com\\\/avatar\\\/46ee021475d60aeff17a7e490b79dea5a5684bb392ab7fd1494027411df8ba23?s=96&d=mm&r=g\",\"caption\":\"Lea Couderc\"}}]}<\/script>\n<!-- \/ Yoast SEO plugin. -->","yoast_head_json":{"title":"Kirch, Albert (1918-2016) - Institut Europ\u00e9en des Musiques Juives","robots":{"index":"index","follow":"follow","max-snippet":"max-snippet:-1","max-image-preview":"max-image-preview:large","max-video-preview":"max-video-preview:-1"},"canonical":"https:\/\/www.iemj.org\/en\/kirch-albert-1918-2016\/","og_locale":"en_US","og_type":"article","og_title":"Kirch, Albert (1918-2016) - Institut Europ\u00e9en des Musiques Juives","og_description":"Deceased on April 18, 2016 at the age of 98 years old, Albert Kirch was for more than 30 years the cantor of the Jewish community of Metz. This article","og_url":"https:\/\/www.iemj.org\/en\/kirch-albert-1918-2016\/","og_site_name":"Institut Europ\u00e9en des Musiques Juives","article_publisher":"https:\/\/www.facebook.com\/MusiquesJuives\/","article_published_time":"2016-05-18T15:16:36+00:00","article_modified_time":"2025-03-24T11:16:30+00:00","og_image":[{"width":228,"height":218,"url":"https:\/\/www.iemj.org\/wp-content\/uploads\/2016\/05\/arton1701-e1625047192424.jpg","type":"image\/jpeg"}],"author":"Lea Couderc","twitter_card":"summary_large_image","twitter_misc":{"Written by":"Lea Couderc","Est. reading time":"4 minutes"},"schema":{"@context":"https:\/\/schema.org","@graph":[{"@type":"Article","@id":"https:\/\/www.iemj.org\/en\/kirch-albert-1918-2016\/#article","isPartOf":{"@id":"https:\/\/www.iemj.org\/en\/kirch-albert-1918-2016\/"},"author":{"name":"Lea Couderc","@id":"https:\/\/www.iemj.org\/en\/#\/schema\/person\/e2ad57f2c4be119c7ed8ab79036807a9"},"headline":"Kirch, Albert (1918-2016)","datePublished":"2016-05-18T15:16:36+00:00","dateModified":"2025-03-24T11:16:30+00:00","mainEntityOfPage":{"@id":"https:\/\/www.iemj.org\/en\/kirch-albert-1918-2016\/"},"wordCount":417,"publisher":{"@id":"https:\/\/www.iemj.org\/en\/#organization"},"image":{"@id":"https:\/\/www.iemj.org\/en\/kirch-albert-1918-2016\/#primaryimage"},"thumbnailUrl":"https:\/\/www.iemj.org\/wp-content\/uploads\/2016\/05\/arton1701-e1625047192424.jpg","articleSection":["Biographies"],"inLanguage":"en-US"},{"@type":"WebPage","@id":"https:\/\/www.iemj.org\/en\/kirch-albert-1918-2016\/","url":"https:\/\/www.iemj.org\/en\/kirch-albert-1918-2016\/","name":"Kirch, Albert (1918-2016) - Institut Europ\u00e9en des Musiques Juives","isPartOf":{"@id":"https:\/\/www.iemj.org\/en\/#website"},"primaryImageOfPage":{"@id":"https:\/\/www.iemj.org\/en\/kirch-albert-1918-2016\/#primaryimage"},"image":{"@id":"https:\/\/www.iemj.org\/en\/kirch-albert-1918-2016\/#primaryimage"},"thumbnailUrl":"https:\/\/www.iemj.org\/wp-content\/uploads\/2016\/05\/arton1701-e1625047192424.jpg","datePublished":"2016-05-18T15:16:36+00:00","dateModified":"2025-03-24T11:16:30+00:00","breadcrumb":{"@id":"https:\/\/www.iemj.org\/en\/kirch-albert-1918-2016\/#breadcrumb"},"inLanguage":"en-US","potentialAction":[{"@type":"ReadAction","target":["https:\/\/www.iemj.org\/en\/kirch-albert-1918-2016\/"]}]},{"@type":"ImageObject","inLanguage":"en-US","@id":"https:\/\/www.iemj.org\/en\/kirch-albert-1918-2016\/#primaryimage","url":"https:\/\/www.iemj.org\/wp-content\/uploads\/2016\/05\/arton1701-e1625047192424.jpg","contentUrl":"https:\/\/www.iemj.org\/wp-content\/uploads\/2016\/05\/arton1701-e1625047192424.jpg","width":228,"height":218,"caption":"logo bio Albert Kirch"},{"@type":"BreadcrumbList","@id":"https:\/\/www.iemj.org\/en\/kirch-albert-1918-2016\/#breadcrumb","itemListElement":[{"@type":"ListItem","position":1,"name":"Accueil","item":"https:\/\/www.iemj.org\/en\/"},{"@type":"ListItem","position":2,"name":"Kirch, Albert (1918-2016)"}]},{"@type":"WebSite","@id":"https:\/\/www.iemj.org\/en\/#website","url":"https:\/\/www.iemj.org\/en\/","name":"Institut Europ\u00e9en des Musiques Juives","description":"Des traditions musicales \u00e0 la port\u00e9e de tous","publisher":{"@id":"https:\/\/www.iemj.org\/en\/#organization"},"potentialAction":[{"@type":"SearchAction","target":{"@type":"EntryPoint","urlTemplate":"https:\/\/www.iemj.org\/en\/?s={search_term_string}"},"query-input":{"@type":"PropertyValueSpecification","valueRequired":true,"valueName":"search_term_string"}}],"inLanguage":"en-US"},{"@type":"Organization","@id":"https:\/\/www.iemj.org\/en\/#organization","name":"Institut Europ\u00e9en des Musiques Juives","url":"https:\/\/www.iemj.org\/en\/","logo":{"@type":"ImageObject","inLanguage":"en-US","@id":"https:\/\/www.iemj.org\/en\/#\/schema\/logo\/image\/","url":"https:\/\/www.iemj.org\/wp-content\/uploads\/2021\/09\/Logo-IEMJ-Paypal.jpg","contentUrl":"https:\/\/www.iemj.org\/wp-content\/uploads\/2021\/09\/Logo-IEMJ-Paypal.jpg","width":150,"height":50,"caption":"Institut Europ\u00e9en des Musiques Juives"},"image":{"@id":"https:\/\/www.iemj.org\/en\/#\/schema\/logo\/image\/"},"sameAs":["https:\/\/www.facebook.com\/MusiquesJuives\/","https:\/\/www.instagram.com\/musiquesjuives\/","https:\/\/www.youtube.com\/user\/musiquesjuives"]},{"@type":"Person","@id":"https:\/\/www.iemj.org\/en\/#\/schema\/person\/e2ad57f2c4be119c7ed8ab79036807a9","name":"Lea Couderc","image":{"@type":"ImageObject","inLanguage":"en-US","@id":"https:\/\/secure.gravatar.com\/avatar\/46ee021475d60aeff17a7e490b79dea5a5684bb392ab7fd1494027411df8ba23?s=96&d=mm&r=g","url":"https:\/\/secure.gravatar.com\/avatar\/46ee021475d60aeff17a7e490b79dea5a5684bb392ab7fd1494027411df8ba23?s=96&d=mm&r=g","contentUrl":"https:\/\/secure.gravatar.com\/avatar\/46ee021475d60aeff17a7e490b79dea5a5684bb392ab7fd1494027411df8ba23?s=96&d=mm&r=g","caption":"Lea Couderc"}}]}},"_links":{"self":[{"href":"https:\/\/www.iemj.org\/en\/wp-json\/wp\/v2\/posts\/52000","targetHints":{"allow":["GET"]}}],"collection":[{"href":"https:\/\/www.iemj.org\/en\/wp-json\/wp\/v2\/posts"}],"about":[{"href":"https:\/\/www.iemj.org\/en\/wp-json\/wp\/v2\/types\/post"}],"author":[{"embeddable":true,"href":"https:\/\/www.iemj.org\/en\/wp-json\/wp\/v2\/users\/1052"}],"replies":[{"embeddable":true,"href":"https:\/\/www.iemj.org\/en\/wp-json\/wp\/v2\/comments?post=52000"}],"version-history":[{"count":0,"href":"https:\/\/www.iemj.org\/en\/wp-json\/wp\/v2\/posts\/52000\/revisions"}],"wp:featuredmedia":[{"embeddable":true,"href":"https:\/\/www.iemj.org\/en\/wp-json\/wp\/v2\/media\/10725"}],"wp:attachment":[{"href":"https:\/\/www.iemj.org\/en\/wp-json\/wp\/v2\/media?parent=52000"}],"wp:term":[{"taxonomy":"category","embeddable":true,"href":"https:\/\/www.iemj.org\/en\/wp-json\/wp\/v2\/categories?post=52000"},{"taxonomy":"post_tag","embeddable":true,"href":"https:\/\/www.iemj.org\/en\/wp-json\/wp\/v2\/tags?post=52000"},{"taxonomy":"technique","embeddable":true,"href":"https:\/\/www.iemj.org\/en\/wp-json\/wp\/v2\/technique?post=52000"},{"taxonomy":"squelettes","embeddable":true,"href":"https:\/\/www.iemj.org\/en\/wp-json\/wp\/v2\/squelettes?post=52000"},{"taxonomy":"sujet","embeddable":true,"href":"https:\/\/www.iemj.org\/en\/wp-json\/wp\/v2\/sujet?post=52000"},{"taxonomy":"formation","embeddable":true,"href":"https:\/\/www.iemj.org\/en\/wp-json\/wp\/v2\/formation?post=52000"},{"taxonomy":"genre","embeddable":true,"href":"https:\/\/www.iemj.org\/en\/wp-json\/wp\/v2\/genre?post=52000"},{"taxonomy":"fonds","embeddable":true,"href":"https:\/\/www.iemj.org\/en\/wp-json\/wp\/v2\/fonds?post=52000"},{"taxonomy":"tradition","embeddable":true,"href":"https:\/\/www.iemj.org\/en\/wp-json\/wp\/v2\/tradition?post=52000"},{"taxonomy":"type-de-contenu","embeddable":true,"href":"https:\/\/www.iemj.org\/en\/wp-json\/wp\/v2\/type-de-contenu?post=52000"},{"taxonomy":"interprete-compositeur","embeddable":true,"href":"https:\/\/www.iemj.org\/en\/wp-json\/wp\/v2\/interprete-compositeur?post=52000"},{"taxonomy":"frise","embeddable":true,"href":"https:\/\/www.iemj.org\/en\/wp-json\/wp\/v2\/frise?post=52000"},{"taxonomy":"type-devenement","embeddable":true,"href":"https:\/\/www.iemj.org\/en\/wp-json\/wp\/v2\/type-devenement?post=52000"},{"taxonomy":"tableaux-liens-externes","embeddable":true,"href":"https:\/\/www.iemj.org\/en\/wp-json\/wp\/v2\/tableaux-liens-externes?post=52000"}],"curies":[{"name":"wp","href":"https:\/\/api.w.org\/{rel}","templated":true}]}}