{"id":52030,"date":"2014-05-06T16:20:11","date_gmt":"2014-05-06T14:20:11","guid":{"rendered":"https:\/\/www.iemj.org\/lebas-renee-1917-2009\/"},"modified":"2025-09-01T12:07:15","modified_gmt":"2025-09-01T10:07:15","slug":"lebas-renee-1917-2009","status":"publish","type":"post","link":"https:\/\/www.iemj.org\/en\/lebas-renee-1917-2009\/","title":{"rendered":"Lebas, Ren\u00e9e (1917-2009)"},"content":{"rendered":"<p>Born in Paris on April 23rd, 1917, Ren\u00e9e Lebas (born Leiba) lived with her parents, Romanian Jewish immigrants in France, and her younger sister in the Bastille neighborhood. At the end of the 1930\u2019s, she became friends with Nathan Korb, leter known as Francis Lemarque.<br \/>Until 1937, she had several different professions, typewriter, dancer, journalist, before winning a radio contest organized by Radio-Cit\u00e9. She then started her career as a singer at the La Conga cabaret, street of La Fontaine where she would meet Raymond Asso. She recorded her first disc in 1939 and signed a contract with Path\u00e9 Records in May 1940.<\/p>\n<p>In June 1940, forbidden by the Nazis, she left for the free zone where she performed in Cannes in 1941, accompanied on stage by the pianist Michel Emer. He wrote for her the song\u00a0<em>D\u2019l\u2019autre c\u00f4t\u00e9 de la rue<\/em>\u00a0and Paul Misraki suggested to her to create the song\u00a0<em>Insensiblement<\/em>.<\/p>\n<figure id=\"attachment_6920\" aria-describedby=\"caption-attachment-6920\" style=\"width: 240px\" class=\"wp-caption alignright\"><img fetchpriority=\"high\" decoding=\"async\" class=\"wp-image-6921 size-full\" title=\"Ren\u00e9e Lebas - Pleyel 1954\" src=\"https:\/\/www.iemj.org\/wp-content\/uploads\/2014\/05\/cd_396_couv_siteiemj2.jpg\" alt=\"Ren\u00e9e Lebas - Pleyel 1954\" width=\"240\" height=\"244\" align=\"right\" \/><figcaption id=\"caption-attachment-6920\" class=\"wp-caption-text\"><strong>Ren\u00e9e Lebas &#8211; Pleyel 1954<\/strong><\/figcaption><\/figure>\n<p>In July 1942, her younger sister and her father are taken into the Vel\u2019 d\u2019Hiv Roundup. Following the advice of Francis Carco, she leat and got refuge in Lausanne in Switzerland.<br \/>She recorded in 1942 the song\u00a0<em>Insensiblement<\/em>\u00a0and\u00a0<em>D\u2019l\u2019autre c\u00f4t\u00e9 de la rue<\/em>\u00a0which were broadcasted on the Swiss Roman radio. In 1943, she recorded the song\u00a0<em>14 juillet\u00a0<\/em>by the famous anti-Nazi composer Gilles Jean-Vilard and the song\u00a0<em>Exil<\/em>\u00a0written by Fran\u00e7ois Reichenbach who was also a refugee in Switzerland.<\/p>\n<p>At the Liberation, she came back to Paris and she became the first singer to record a disc in the Parisian studios. She decided to perform on stage: at the \u2019ABC and at the Th\u00e9\u00e2tre de l\u2019\u00c9toile in 1946, the Europ\u00e9en, the Alhambra and in Bobino.<\/p>\n<figure id=\"attachment_6922\" aria-describedby=\"caption-attachment-6922\" style=\"width: 304px\" class=\"wp-caption alignleft\"><img decoding=\"async\" class=\"wp-image-6923\" title=\"Ren\u00e9e Lebas Photo d\u00e9dicac\u00e9e\" src=\"https:\/\/www.iemj.org\/wp-content\/uploads\/2014\/05\/a_1252.jpg\" alt=\"Ren\u00e9e Lebas Photo d\u00e9dicac\u00e9e\" width=\"304\" height=\"389\" align=\"middle\" srcset=\"https:\/\/www.iemj.org\/wp-content\/uploads\/2014\/05\/a_1252.jpg 1929w, https:\/\/www.iemj.org\/wp-content\/uploads\/2014\/05\/a_1252-234x300.jpg 234w, https:\/\/www.iemj.org\/wp-content\/uploads\/2014\/05\/a_1252-799x1024.jpg 799w, https:\/\/www.iemj.org\/wp-content\/uploads\/2014\/05\/a_1252-768x984.jpg 768w, https:\/\/www.iemj.org\/wp-content\/uploads\/2014\/05\/a_1252-1199x1536.jpg 1199w, https:\/\/www.iemj.org\/wp-content\/uploads\/2014\/05\/a_1252-1598x2048.jpg 1598w, https:\/\/www.iemj.org\/wp-content\/uploads\/2014\/05\/a_1252-600x769.jpg 600w\" sizes=\"(max-width: 304px) 100vw, 304px\" \/><figcaption id=\"caption-attachment-6922\" class=\"wp-caption-text\"><strong>Ren\u00e9e Lebas Signed Photo<\/strong><\/figcaption><\/figure>\n<p>Elle started seeing great authors and composers, among whom Norbert Glanzberg and Wal-Berg, as well as Emil Stern who would written for her in 1946 the song\u00a0<em>O\u00f9 es-tu mon amour ?<\/em>\u00a0(with lyrics by Eddy Marnay). The same authors and composers wrote for her the other song\u00a0<em>La Fontaine de Varsovie<\/em>\u00a0which deals with the Holocaust.<br \/>Elle cr\u00e9e <em>La Mer<\/em> de Charles Trenet fin 1945, avec Roland Gerbeau. De L\u00e9o Ferr\u00e9, encore inconnu en 1948, elle enregistre <em>Elle tourne\u2026 la Terre<\/em>. Elle chante Charles Aznavour, Jacques Brel, Francis Carco, Francis Lemarque.<\/p>\n<p>She created <em>La Mer<\/em>\u00a0performed by Charles Trenet at the end of 1945, with Roland Gerbeau. By L\u00e9o Ferr\u00e9, who was still unknown in 1948, she recorded\u00a0<em>Elle tourne\u2026 la Terre<\/em>. She sans songs by Charles Aznavour, Jacques Brel, Francis Carco, Francis Lemarque, Boris Vian. In the 1950\u2019s, she sang\u00a0<em>Garde l\u2019Esp\u00e9rance<\/em>\u00a0on the melody of the Hatikva, the anthem of the State of Israel. She recorded the song\u00a0<em>Trois fois merci<\/em>\u00a0which wasn\u2019t successful, but Jacqueline Fran\u00e7ois repaired the damage, recorded the song and makes it a hit ! She performed her last concert in 1963 and decided to dedicate herself to the producing of singers, such as R\u00e9gine, Serge Lama and Tereza Kesovija.<\/p>\n<p>She passed away on December 18, 2009, in the Michel-Ange hospital in Paris and was buried on December 21 in the Montparnasse cemetery.<\/p>\n<p><a href=\"http:\/\/www.rachelnet.net\/F\/?func=find-c&amp;ccl_term=WRD+%3D+Ren%C3%A9e+Lebas&amp;local_base=iemcg\">Browse our archives on Ren\u00e9e Lebas<\/a><\/p>\n\n\n<div class=\"wp-block-columns are-vertically-aligned-center is-layout-flex wp-container-core-columns-is-layout-9d6595d7 wp-block-columns-is-layout-flex\">\n<div class=\"wp-block-column is-vertically-aligned-center is-layout-flow wp-block-column-is-layout-flow\">\n<figure class=\"wp-block-embed is-type-video is-provider-youtube wp-block-embed-youtube aligncenter wp-embed-aspect-4-3 wp-has-aspect-ratio\"><div class=\"wp-block-embed__wrapper\">\n<iframe title=\"Ren\u00e9e Lebas &quot; d&#039;l&#039;autre c\u00f4t\u00e9 de la rue &quot; 1942\" width=\"640\" height=\"480\" src=\"https:\/\/www.youtube.com\/embed\/idZFneb88zM?feature=oembed\" frameborder=\"0\" allow=\"accelerometer; autoplay; clipboard-write; encrypted-media; gyroscope; picture-in-picture; web-share\" referrerpolicy=\"strict-origin-when-cross-origin\" allowfullscreen><\/iframe>\n<\/div><figcaption class=\"wp-element-caption\"><strong>Ren\u00e9e Lebas &#8211; D&#8217;l&#8217;autre c\u00f4t\u00e9 de la rue<\/strong><\/figcaption><\/figure>\n\n\n\n<p><\/p>\n<\/div>\n\n\n\n<div class=\"wp-block-column is-vertically-aligned-center is-layout-flow wp-block-column-is-layout-flow\">\n<figure class=\"wp-block-embed is-type-video is-provider-youtube wp-block-embed-youtube wp-embed-aspect-16-9 wp-has-aspect-ratio\"><div class=\"wp-block-embed__wrapper\">\n<iframe title=\"Ren\u00e9e LEBAS Garde l&#039;esp\u00e9rance (Hatikvah)\" width=\"640\" height=\"360\" src=\"https:\/\/www.youtube.com\/embed\/TOMvOfH4nXk?feature=oembed\" frameborder=\"0\" allow=\"accelerometer; autoplay; clipboard-write; encrypted-media; gyroscope; picture-in-picture; web-share\" referrerpolicy=\"strict-origin-when-cross-origin\" allowfullscreen><\/iframe>\n<\/div><figcaption class=\"wp-element-caption\"><strong>Ren\u00e9e Lebas &#8211; Garde l&#8217;esp\u00e9rance<\/strong><\/figcaption><\/figure>\n<\/div>\n<\/div>\n\n\n\n<h2 class=\"wp-block-heading\"><\/h2>\n\n\n<div class=\"wp-block-image\">\n<figure class=\"aligncenter size-large\"><img decoding=\"async\" width=\"1024\" height=\"133\" src=\"https:\/\/www.iemj.org\/wp-content\/uploads\/2024\/03\/AUDIO-PLAYER-1024x133.png\" alt=\"\" class=\"wp-image-110607\" srcset=\"https:\/\/www.iemj.org\/wp-content\/uploads\/2024\/03\/AUDIO-PLAYER-1024x133.png 1024w, https:\/\/www.iemj.org\/wp-content\/uploads\/2024\/03\/AUDIO-PLAYER-300x39.png 300w, https:\/\/www.iemj.org\/wp-content\/uploads\/2024\/03\/AUDIO-PLAYER-768x100.png 768w, https:\/\/www.iemj.org\/wp-content\/uploads\/2024\/03\/AUDIO-PLAYER-600x78.png 600w, https:\/\/www.iemj.org\/wp-content\/uploads\/2024\/03\/AUDIO-PLAYER.png 1210w\" sizes=\"(max-width: 1024px) 100vw, 1024px\" \/><\/figure>\n<\/div>\n\n\n<div class=\"wp-block-file\"><a id=\"wp-block-file--media-55507df6-06dc-4cb3-b442-5782b4cad511\" href=\"https:\/\/www.iemj.org\/wp-content\/uploads\/2014\/05\/cd_396_17_mammy-site_iemj.mp3\">Mammy<\/a><\/div>\n\n\n\n<div class=\"wp-block-file\"><a id=\"wp-block-file--media-fd0ac690-a099-43e5-8348-c9b788678387\" href=\"https:\/\/www.iemj.org\/wp-content\/uploads\/2014\/05\/cd_396_18_tire_l_aiguille_siteiemj.mp3\">Tire, tire l&#8217;aiguille<\/a><\/div>\n\n\n\n<div class=\"wp-block-file\"><a id=\"wp-block-file--media-58b54b2e-ba4e-4dba-9a40-5eedd65cb89e\" href=\"https:\/\/www.iemj.org\/wp-content\/uploads\/2015\/10\/d78-25_419_02_t.mp3\">Un p\u00eacheur de perles<\/a><\/div>\n","protected":false},"excerpt":{"rendered":"<p>Born in Paris on April 23rd, 1917, Ren\u00e9e Lebas (born Leiba) lived with her parents, Romanian Jewish immigrants in France, and her younger sister in the Bastille neighborhood. At the<\/p>\n","protected":false},"author":1045,"featured_media":32098,"comment_status":"closed","ping_status":"open","sticky":false,"template":"","format":"standard","meta":{"_acf_changed":false,"footnotes":""},"categories":[903],"tags":[],"technique":[],"squelettes":[],"sujet":[1821],"formation":[],"genre":[1121],"fonds":[],"tradition":[],"type-de-contenu":[],"interprete-compositeur":[],"frise":[],"type-devenement":[],"tableaux-liens-externes":[],"class_list":["post-52030","post","type-post","status-publish","format-standard","has-post-thumbnail","hentry","category-biographies-en","sujet-france-en","genre-french-song"],"acf":[],"yoast_head":"<!-- This site is optimized with the Yoast SEO plugin v27.3 - https:\/\/yoast.com\/product\/yoast-seo-wordpress\/ -->\n<title>Lebas, Ren\u00e9e (1917-2009) - Institut Europ\u00e9en des Musiques Juives<\/title>\n<meta name=\"robots\" content=\"index, follow, max-snippet:-1, max-image-preview:large, max-video-preview:-1\" \/>\n<link rel=\"canonical\" href=\"https:\/\/www.iemj.org\/en\/lebas-renee-1917-2009\/\" \/>\n<meta property=\"og:locale\" content=\"en_US\" \/>\n<meta property=\"og:type\" content=\"article\" \/>\n<meta property=\"og:title\" content=\"Lebas, Ren\u00e9e (1917-2009) - Institut Europ\u00e9en des Musiques Juives\" \/>\n<meta property=\"og:description\" content=\"Born in Paris on April 23rd, 1917, Ren\u00e9e Lebas (born Leiba) lived with her parents, Romanian Jewish immigrants in France, and her younger sister in the Bastille neighborhood. At the\" \/>\n<meta property=\"og:url\" content=\"https:\/\/www.iemj.org\/en\/lebas-renee-1917-2009\/\" \/>\n<meta property=\"og:site_name\" content=\"Institut Europ\u00e9en des Musiques Juives\" \/>\n<meta property=\"article:publisher\" content=\"https:\/\/www.facebook.com\/MusiquesJuives\/\" \/>\n<meta property=\"article:published_time\" content=\"2014-05-06T14:20:11+00:00\" \/>\n<meta property=\"article:modified_time\" content=\"2025-09-01T10:07:15+00:00\" \/>\n<meta property=\"og:image\" content=\"https:\/\/www.iemj.org\/wp-content\/uploads\/2014\/05\/logo-bio-Renee-LEBAS-e1618407519471.jpg\" \/>\n\t<meta property=\"og:image:width\" content=\"166\" \/>\n\t<meta property=\"og:image:height\" content=\"218\" \/>\n\t<meta property=\"og:image:type\" content=\"image\/jpeg\" \/>\n<meta name=\"author\" content=\"Herv\u00e9 Roten\" \/>\n<meta name=\"twitter:card\" content=\"summary_large_image\" \/>\n<meta name=\"twitter:label1\" content=\"Written by\" \/>\n\t<meta name=\"twitter:data1\" content=\"Herv\u00e9 Roten\" \/>\n\t<meta name=\"twitter:label2\" content=\"Est. reading time\" \/>\n\t<meta name=\"twitter:data2\" content=\"4 minutes\" \/>\n<script type=\"application\/ld+json\" class=\"yoast-schema-graph\">{\"@context\":\"https:\\\/\\\/schema.org\",\"@graph\":[{\"@type\":\"Article\",\"@id\":\"https:\\\/\\\/www.iemj.org\\\/en\\\/lebas-renee-1917-2009\\\/#article\",\"isPartOf\":{\"@id\":\"https:\\\/\\\/www.iemj.org\\\/en\\\/lebas-renee-1917-2009\\\/\"},\"author\":{\"name\":\"Herv\u00e9 Roten\",\"@id\":\"https:\\\/\\\/www.iemj.org\\\/en\\\/#\\\/schema\\\/person\\\/906134402c29d5c76e7b726261dd4bbd\"},\"headline\":\"Lebas, Ren\u00e9e (1917-2009)\",\"datePublished\":\"2014-05-06T14:20:11+00:00\",\"dateModified\":\"2025-09-01T10:07:15+00:00\",\"mainEntityOfPage\":{\"@id\":\"https:\\\/\\\/www.iemj.org\\\/en\\\/lebas-renee-1917-2009\\\/\"},\"wordCount\":584,\"publisher\":{\"@id\":\"https:\\\/\\\/www.iemj.org\\\/en\\\/#organization\"},\"image\":{\"@id\":\"https:\\\/\\\/www.iemj.org\\\/en\\\/lebas-renee-1917-2009\\\/#primaryimage\"},\"thumbnailUrl\":\"https:\\\/\\\/www.iemj.org\\\/wp-content\\\/uploads\\\/2014\\\/05\\\/logo-bio-Renee-LEBAS-e1618407519471.jpg\",\"articleSection\":[\"Biographies\"],\"inLanguage\":\"en-US\"},{\"@type\":\"WebPage\",\"@id\":\"https:\\\/\\\/www.iemj.org\\\/en\\\/lebas-renee-1917-2009\\\/\",\"url\":\"https:\\\/\\\/www.iemj.org\\\/en\\\/lebas-renee-1917-2009\\\/\",\"name\":\"Lebas, Ren\u00e9e (1917-2009) - Institut Europ\u00e9en des Musiques Juives\",\"isPartOf\":{\"@id\":\"https:\\\/\\\/www.iemj.org\\\/en\\\/#website\"},\"primaryImageOfPage\":{\"@id\":\"https:\\\/\\\/www.iemj.org\\\/en\\\/lebas-renee-1917-2009\\\/#primaryimage\"},\"image\":{\"@id\":\"https:\\\/\\\/www.iemj.org\\\/en\\\/lebas-renee-1917-2009\\\/#primaryimage\"},\"thumbnailUrl\":\"https:\\\/\\\/www.iemj.org\\\/wp-content\\\/uploads\\\/2014\\\/05\\\/logo-bio-Renee-LEBAS-e1618407519471.jpg\",\"datePublished\":\"2014-05-06T14:20:11+00:00\",\"dateModified\":\"2025-09-01T10:07:15+00:00\",\"breadcrumb\":{\"@id\":\"https:\\\/\\\/www.iemj.org\\\/en\\\/lebas-renee-1917-2009\\\/#breadcrumb\"},\"inLanguage\":\"en-US\",\"potentialAction\":[{\"@type\":\"ReadAction\",\"target\":[\"https:\\\/\\\/www.iemj.org\\\/en\\\/lebas-renee-1917-2009\\\/\"]}]},{\"@type\":\"ImageObject\",\"inLanguage\":\"en-US\",\"@id\":\"https:\\\/\\\/www.iemj.org\\\/en\\\/lebas-renee-1917-2009\\\/#primaryimage\",\"url\":\"https:\\\/\\\/www.iemj.org\\\/wp-content\\\/uploads\\\/2014\\\/05\\\/logo-bio-Renee-LEBAS-e1618407519471.jpg\",\"contentUrl\":\"https:\\\/\\\/www.iemj.org\\\/wp-content\\\/uploads\\\/2014\\\/05\\\/logo-bio-Renee-LEBAS-e1618407519471.jpg\",\"width\":166,\"height\":218,\"caption\":\"logo bio Ren\u00e9e LEBAS\"},{\"@type\":\"BreadcrumbList\",\"@id\":\"https:\\\/\\\/www.iemj.org\\\/en\\\/lebas-renee-1917-2009\\\/#breadcrumb\",\"itemListElement\":[{\"@type\":\"ListItem\",\"position\":1,\"name\":\"Accueil\",\"item\":\"https:\\\/\\\/www.iemj.org\\\/en\\\/\"},{\"@type\":\"ListItem\",\"position\":2,\"name\":\"Lebas, Ren\u00e9e (1917-2009)\"}]},{\"@type\":\"WebSite\",\"@id\":\"https:\\\/\\\/www.iemj.org\\\/en\\\/#website\",\"url\":\"https:\\\/\\\/www.iemj.org\\\/en\\\/\",\"name\":\"Institut Europ\u00e9en des Musiques Juives\",\"description\":\"Des traditions musicales \u00e0 la port\u00e9e de tous\",\"publisher\":{\"@id\":\"https:\\\/\\\/www.iemj.org\\\/en\\\/#organization\"},\"potentialAction\":[{\"@type\":\"SearchAction\",\"target\":{\"@type\":\"EntryPoint\",\"urlTemplate\":\"https:\\\/\\\/www.iemj.org\\\/en\\\/?s={search_term_string}\"},\"query-input\":{\"@type\":\"PropertyValueSpecification\",\"valueRequired\":true,\"valueName\":\"search_term_string\"}}],\"inLanguage\":\"en-US\"},{\"@type\":\"Organization\",\"@id\":\"https:\\\/\\\/www.iemj.org\\\/en\\\/#organization\",\"name\":\"Institut Europ\u00e9en des Musiques Juives\",\"url\":\"https:\\\/\\\/www.iemj.org\\\/en\\\/\",\"logo\":{\"@type\":\"ImageObject\",\"inLanguage\":\"en-US\",\"@id\":\"https:\\\/\\\/www.iemj.org\\\/en\\\/#\\\/schema\\\/logo\\\/image\\\/\",\"url\":\"https:\\\/\\\/www.iemj.org\\\/wp-content\\\/uploads\\\/2021\\\/09\\\/Logo-IEMJ-Paypal.jpg\",\"contentUrl\":\"https:\\\/\\\/www.iemj.org\\\/wp-content\\\/uploads\\\/2021\\\/09\\\/Logo-IEMJ-Paypal.jpg\",\"width\":150,\"height\":50,\"caption\":\"Institut Europ\u00e9en des Musiques Juives\"},\"image\":{\"@id\":\"https:\\\/\\\/www.iemj.org\\\/en\\\/#\\\/schema\\\/logo\\\/image\\\/\"},\"sameAs\":[\"https:\\\/\\\/www.facebook.com\\\/MusiquesJuives\\\/\",\"https:\\\/\\\/www.instagram.com\\\/musiquesjuives\\\/\",\"https:\\\/\\\/www.youtube.com\\\/user\\\/musiquesjuives\"]},{\"@type\":\"Person\",\"@id\":\"https:\\\/\\\/www.iemj.org\\\/en\\\/#\\\/schema\\\/person\\\/906134402c29d5c76e7b726261dd4bbd\",\"name\":\"Herv\u00e9 Roten\",\"image\":{\"@type\":\"ImageObject\",\"inLanguage\":\"en-US\",\"@id\":\"https:\\\/\\\/secure.gravatar.com\\\/avatar\\\/f96ad2db538a26481f18384936b5cd0610c92d390c4dc382209216d455f685ff?s=96&d=mm&r=g\",\"url\":\"https:\\\/\\\/secure.gravatar.com\\\/avatar\\\/f96ad2db538a26481f18384936b5cd0610c92d390c4dc382209216d455f685ff?s=96&d=mm&r=g\",\"contentUrl\":\"https:\\\/\\\/secure.gravatar.com\\\/avatar\\\/f96ad2db538a26481f18384936b5cd0610c92d390c4dc382209216d455f685ff?s=96&d=mm&r=g\",\"caption\":\"Herv\u00e9 Roten\"}}]}<\/script>\n<!-- \/ Yoast SEO plugin. -->","yoast_head_json":{"title":"Lebas, Ren\u00e9e (1917-2009) - Institut Europ\u00e9en des Musiques Juives","robots":{"index":"index","follow":"follow","max-snippet":"max-snippet:-1","max-image-preview":"max-image-preview:large","max-video-preview":"max-video-preview:-1"},"canonical":"https:\/\/www.iemj.org\/en\/lebas-renee-1917-2009\/","og_locale":"en_US","og_type":"article","og_title":"Lebas, Ren\u00e9e (1917-2009) - Institut Europ\u00e9en des Musiques Juives","og_description":"Born in Paris on April 23rd, 1917, Ren\u00e9e Lebas (born Leiba) lived with her parents, Romanian Jewish immigrants in France, and her younger sister in the Bastille neighborhood. At the","og_url":"https:\/\/www.iemj.org\/en\/lebas-renee-1917-2009\/","og_site_name":"Institut Europ\u00e9en des Musiques Juives","article_publisher":"https:\/\/www.facebook.com\/MusiquesJuives\/","article_published_time":"2014-05-06T14:20:11+00:00","article_modified_time":"2025-09-01T10:07:15+00:00","og_image":[{"width":166,"height":218,"url":"https:\/\/www.iemj.org\/wp-content\/uploads\/2014\/05\/logo-bio-Renee-LEBAS-e1618407519471.jpg","type":"image\/jpeg"}],"author":"Herv\u00e9 Roten","twitter_card":"summary_large_image","twitter_misc":{"Written by":"Herv\u00e9 Roten","Est. reading time":"4 minutes"},"schema":{"@context":"https:\/\/schema.org","@graph":[{"@type":"Article","@id":"https:\/\/www.iemj.org\/en\/lebas-renee-1917-2009\/#article","isPartOf":{"@id":"https:\/\/www.iemj.org\/en\/lebas-renee-1917-2009\/"},"author":{"name":"Herv\u00e9 Roten","@id":"https:\/\/www.iemj.org\/en\/#\/schema\/person\/906134402c29d5c76e7b726261dd4bbd"},"headline":"Lebas, Ren\u00e9e (1917-2009)","datePublished":"2014-05-06T14:20:11+00:00","dateModified":"2025-09-01T10:07:15+00:00","mainEntityOfPage":{"@id":"https:\/\/www.iemj.org\/en\/lebas-renee-1917-2009\/"},"wordCount":584,"publisher":{"@id":"https:\/\/www.iemj.org\/en\/#organization"},"image":{"@id":"https:\/\/www.iemj.org\/en\/lebas-renee-1917-2009\/#primaryimage"},"thumbnailUrl":"https:\/\/www.iemj.org\/wp-content\/uploads\/2014\/05\/logo-bio-Renee-LEBAS-e1618407519471.jpg","articleSection":["Biographies"],"inLanguage":"en-US"},{"@type":"WebPage","@id":"https:\/\/www.iemj.org\/en\/lebas-renee-1917-2009\/","url":"https:\/\/www.iemj.org\/en\/lebas-renee-1917-2009\/","name":"Lebas, Ren\u00e9e (1917-2009) - Institut Europ\u00e9en des Musiques Juives","isPartOf":{"@id":"https:\/\/www.iemj.org\/en\/#website"},"primaryImageOfPage":{"@id":"https:\/\/www.iemj.org\/en\/lebas-renee-1917-2009\/#primaryimage"},"image":{"@id":"https:\/\/www.iemj.org\/en\/lebas-renee-1917-2009\/#primaryimage"},"thumbnailUrl":"https:\/\/www.iemj.org\/wp-content\/uploads\/2014\/05\/logo-bio-Renee-LEBAS-e1618407519471.jpg","datePublished":"2014-05-06T14:20:11+00:00","dateModified":"2025-09-01T10:07:15+00:00","breadcrumb":{"@id":"https:\/\/www.iemj.org\/en\/lebas-renee-1917-2009\/#breadcrumb"},"inLanguage":"en-US","potentialAction":[{"@type":"ReadAction","target":["https:\/\/www.iemj.org\/en\/lebas-renee-1917-2009\/"]}]},{"@type":"ImageObject","inLanguage":"en-US","@id":"https:\/\/www.iemj.org\/en\/lebas-renee-1917-2009\/#primaryimage","url":"https:\/\/www.iemj.org\/wp-content\/uploads\/2014\/05\/logo-bio-Renee-LEBAS-e1618407519471.jpg","contentUrl":"https:\/\/www.iemj.org\/wp-content\/uploads\/2014\/05\/logo-bio-Renee-LEBAS-e1618407519471.jpg","width":166,"height":218,"caption":"logo bio Ren\u00e9e LEBAS"},{"@type":"BreadcrumbList","@id":"https:\/\/www.iemj.org\/en\/lebas-renee-1917-2009\/#breadcrumb","itemListElement":[{"@type":"ListItem","position":1,"name":"Accueil","item":"https:\/\/www.iemj.org\/en\/"},{"@type":"ListItem","position":2,"name":"Lebas, Ren\u00e9e (1917-2009)"}]},{"@type":"WebSite","@id":"https:\/\/www.iemj.org\/en\/#website","url":"https:\/\/www.iemj.org\/en\/","name":"Institut Europ\u00e9en des Musiques Juives","description":"Des traditions musicales \u00e0 la port\u00e9e de tous","publisher":{"@id":"https:\/\/www.iemj.org\/en\/#organization"},"potentialAction":[{"@type":"SearchAction","target":{"@type":"EntryPoint","urlTemplate":"https:\/\/www.iemj.org\/en\/?s={search_term_string}"},"query-input":{"@type":"PropertyValueSpecification","valueRequired":true,"valueName":"search_term_string"}}],"inLanguage":"en-US"},{"@type":"Organization","@id":"https:\/\/www.iemj.org\/en\/#organization","name":"Institut Europ\u00e9en des Musiques Juives","url":"https:\/\/www.iemj.org\/en\/","logo":{"@type":"ImageObject","inLanguage":"en-US","@id":"https:\/\/www.iemj.org\/en\/#\/schema\/logo\/image\/","url":"https:\/\/www.iemj.org\/wp-content\/uploads\/2021\/09\/Logo-IEMJ-Paypal.jpg","contentUrl":"https:\/\/www.iemj.org\/wp-content\/uploads\/2021\/09\/Logo-IEMJ-Paypal.jpg","width":150,"height":50,"caption":"Institut Europ\u00e9en des Musiques Juives"},"image":{"@id":"https:\/\/www.iemj.org\/en\/#\/schema\/logo\/image\/"},"sameAs":["https:\/\/www.facebook.com\/MusiquesJuives\/","https:\/\/www.instagram.com\/musiquesjuives\/","https:\/\/www.youtube.com\/user\/musiquesjuives"]},{"@type":"Person","@id":"https:\/\/www.iemj.org\/en\/#\/schema\/person\/906134402c29d5c76e7b726261dd4bbd","name":"Herv\u00e9 Roten","image":{"@type":"ImageObject","inLanguage":"en-US","@id":"https:\/\/secure.gravatar.com\/avatar\/f96ad2db538a26481f18384936b5cd0610c92d390c4dc382209216d455f685ff?s=96&d=mm&r=g","url":"https:\/\/secure.gravatar.com\/avatar\/f96ad2db538a26481f18384936b5cd0610c92d390c4dc382209216d455f685ff?s=96&d=mm&r=g","contentUrl":"https:\/\/secure.gravatar.com\/avatar\/f96ad2db538a26481f18384936b5cd0610c92d390c4dc382209216d455f685ff?s=96&d=mm&r=g","caption":"Herv\u00e9 Roten"}}]}},"_links":{"self":[{"href":"https:\/\/www.iemj.org\/en\/wp-json\/wp\/v2\/posts\/52030","targetHints":{"allow":["GET"]}}],"collection":[{"href":"https:\/\/www.iemj.org\/en\/wp-json\/wp\/v2\/posts"}],"about":[{"href":"https:\/\/www.iemj.org\/en\/wp-json\/wp\/v2\/types\/post"}],"author":[{"embeddable":true,"href":"https:\/\/www.iemj.org\/en\/wp-json\/wp\/v2\/users\/1045"}],"replies":[{"embeddable":true,"href":"https:\/\/www.iemj.org\/en\/wp-json\/wp\/v2\/comments?post=52030"}],"version-history":[{"count":0,"href":"https:\/\/www.iemj.org\/en\/wp-json\/wp\/v2\/posts\/52030\/revisions"}],"wp:featuredmedia":[{"embeddable":true,"href":"https:\/\/www.iemj.org\/en\/wp-json\/wp\/v2\/media\/32098"}],"wp:attachment":[{"href":"https:\/\/www.iemj.org\/en\/wp-json\/wp\/v2\/media?parent=52030"}],"wp:term":[{"taxonomy":"category","embeddable":true,"href":"https:\/\/www.iemj.org\/en\/wp-json\/wp\/v2\/categories?post=52030"},{"taxonomy":"post_tag","embeddable":true,"href":"https:\/\/www.iemj.org\/en\/wp-json\/wp\/v2\/tags?post=52030"},{"taxonomy":"technique","embeddable":true,"href":"https:\/\/www.iemj.org\/en\/wp-json\/wp\/v2\/technique?post=52030"},{"taxonomy":"squelettes","embeddable":true,"href":"https:\/\/www.iemj.org\/en\/wp-json\/wp\/v2\/squelettes?post=52030"},{"taxonomy":"sujet","embeddable":true,"href":"https:\/\/www.iemj.org\/en\/wp-json\/wp\/v2\/sujet?post=52030"},{"taxonomy":"formation","embeddable":true,"href":"https:\/\/www.iemj.org\/en\/wp-json\/wp\/v2\/formation?post=52030"},{"taxonomy":"genre","embeddable":true,"href":"https:\/\/www.iemj.org\/en\/wp-json\/wp\/v2\/genre?post=52030"},{"taxonomy":"fonds","embeddable":true,"href":"https:\/\/www.iemj.org\/en\/wp-json\/wp\/v2\/fonds?post=52030"},{"taxonomy":"tradition","embeddable":true,"href":"https:\/\/www.iemj.org\/en\/wp-json\/wp\/v2\/tradition?post=52030"},{"taxonomy":"type-de-contenu","embeddable":true,"href":"https:\/\/www.iemj.org\/en\/wp-json\/wp\/v2\/type-de-contenu?post=52030"},{"taxonomy":"interprete-compositeur","embeddable":true,"href":"https:\/\/www.iemj.org\/en\/wp-json\/wp\/v2\/interprete-compositeur?post=52030"},{"taxonomy":"frise","embeddable":true,"href":"https:\/\/www.iemj.org\/en\/wp-json\/wp\/v2\/frise?post=52030"},{"taxonomy":"type-devenement","embeddable":true,"href":"https:\/\/www.iemj.org\/en\/wp-json\/wp\/v2\/type-devenement?post=52030"},{"taxonomy":"tableaux-liens-externes","embeddable":true,"href":"https:\/\/www.iemj.org\/en\/wp-json\/wp\/v2\/tableaux-liens-externes?post=52030"}],"curies":[{"name":"wp","href":"https:\/\/api.w.org\/{rel}","templated":true}]}}