{"id":52088,"date":"2020-04-26T12:52:21","date_gmt":"2020-04-26T10:52:21","guid":{"rendered":"https:\/\/www.iemj.org\/levy-solly-1939-2020\/"},"modified":"2025-11-07T10:28:45","modified_gmt":"2025-11-07T09:28:45","slug":"levy-solly-1939-2020","status":"publish","type":"post","link":"https:\/\/www.iemj.org\/en\/levy-solly-1939-2020\/","title":{"rendered":"L\u00e9vy, Solly (1939-2020)"},"content":{"rendered":"<p><strong><a href=\"https:\/\/www.iemj.org\/en\/cohen-judith\/\">Tribute by\u00a0<\/a><a href=\"https:\/\/www.iemj.org\/en\/cohen-judith\/\" target=\"_blank\" rel=\"noopener\">Judith Cohen<\/a><\/strong><\/p>\n<p>Solly Levy was born in Tangier (Morocco) on November 1st, 1939. He emigrated to Canada with his wife, Madeleine, and their two children Claire and Eddy, in 1968. Upon his arrival, Solly Levy found his place in the Sefardi community. Having taught in the schools of the Alliance Isra\u00e9lite Universelle in Morocco, he pursued his career for almost 30 years in a Montreal high school. During their retirement, Solly and Madeleine moved to Toronto, where Solly continued to hold a central place in the Sefardi community, while still creating new projects.<\/p>\n<figure style=\"width: 296px\" class=\"wp-caption alignright\"><a href=\"https:\/\/www.iemj.org\/wp-content\/uploads\/2020\/04\/1.gerineldo_orosollykellyjudith_ca1982photobyrobertadamsmontreal_redim_300px_horiz.jpg\"><img fetchpriority=\"high\" decoding=\"async\" src=\"https:\/\/www.iemj.org\/wp-content\/uploads\/2020\/04\/1.gerineldo_orosollykellyjudith_ca1982photobyrobertadamsmontreal_redim_300px_horiz.jpg\" alt=\"1.gerineldo_orosollykellyjudith_ca1982photobyrobertadamsmontreal_redim_300px_horiz.jpg\" width=\"296\" height=\"200\" align=\"right\" data-description=\"&lt;strong&gt;Oro, Solly, Kelly &amp; Judith ca 1982, Montreal&lt;\/strong&gt;\" \/><\/a><figcaption class=\"wp-caption-text\"><strong>Oro, Solly, Kelly &amp; Judith ca 1982, Montreal<\/strong><\/figcaption><\/figure>\n<p>When I met Solly, forty years ago, I had just started my PhD doctorate at the Universit\u00e9 de Montreal, on Sefardi music in Canada. Professor Samuel Armistead (1927-2013) introduced me to his former student, Professor Oro Anahory-Librowicz, a specialist in the Moroccan Judeo-Spanish romancero. Oro had been Solly\u2019s pupil in Morocco, in the Alliance Isra\u00e9lite Universelle school of Tetuan. She wanted to create an ensemble dedicated to Moroccan Judeo Spanish songs. Solly, who was then directing the\u00a0<a href=\"http:\/\/csuq.org\/decouvrez-nous\/chorale-kinor\/\">Kinor Sefardi Choir<\/a>, invited the soloist Kelly (Raquel) Sultan Amar. Oro was looking for a fourth member, who spoke Spanish, and could sing and play traditional instruments. This is why, one morning in 1980, Oro and Solly knocked on the door of my small bohemian apartment in Montreal\u2019sold &#8220;Mile End&#8221;neighborhood ; this was the first meeting of the ensemble which was to be called \u00ab Gerineldo \u00bb. Later, the violonist, ud player and percussionist Charly Edry joined the band.<\/p>\n<figure id=\"attachment_28363\" aria-describedby=\"caption-attachment-28363\" style=\"width: 200px\" class=\"wp-caption alignleft\"><a href=\"https:\/\/www.iemj.org\/wp-content\/uploads\/2020\/04\/2.gerineldo_mariposafolkfestivaltoronto_ca1984_0002_redim_300px_vertic-2.jpg\"><img decoding=\"async\" class=\"wp-image-28363\" src=\"https:\/\/www.iemj.org\/wp-content\/uploads\/2020\/04\/2.gerineldo_mariposafolkfestivaltoronto_ca1984_0002_redim_300px_vertic-2.jpg\" alt=\"2.gerineldo_mariposafolkfestivaltoronto_ca1984_0002_redim_300px_vertic-2.jpg\" width=\"200\" height=\"260\" \/><\/a><figcaption id=\"caption-attachment-28363\" class=\"wp-caption-text\"><strong>Gerineldo &#8211; Mariposa Folk Festival Toronto, ca 1984<\/strong><\/figcaption><\/figure>\n<p>With Gerineldo, we sang, rehearsed, and travelled: to Spain, USA, Israel. Solly sang, of course, with his legendary magnetism on stage, and in addition, he created musical theatre plays in Haketia, the Moroccan Judeo-Spanish much less known than the Ottoman Judeo-Spanish, often called today \u00ab Ladino \u00bb. He directed those plays, performed several roles, and taught us expressions and the right pronunciation of Haketia that he loved so much. He always suggested extraordinary new ideas ; also, he provided important information for my PhD dissertation. Solly taught us a lot, and made us laugh \u2013 I remember moments where we, the three women of Gerineldo, said shaking our heads : \u201cah, yes, this is Solly\u2019s artistic temperament\u201d.<\/p>\n<figure style=\"width: 200px\" class=\"wp-caption alignright\"><img decoding=\"async\" src=\"https:\/\/www.iemj.org\/wp-content\/uploads\/2020\/04\/3.gerineldocordoba1992_redim_300px_vertic.jpg\" alt=\"3.gerineldocordoba1992_redim_300px_vertic.jpg\" width=\"200\" height=\"217\" \/><figcaption class=\"wp-caption-text\"><strong>Gerineldo &#8211; Cordoba, 1992<\/strong><\/figcaption><\/figure>\n<p>In his musical theatre plays, Solly invented characters that reflected his own personalities. He himself was of course Selom\u00f3, the family\u2019s patriarch, in an early 20th century\u2019s Morocco. We played our own ancestors : \u201clos de embasho\u201d [thoseof the world below], \u201cLos mizhores entre mozotros\u201d [the best among us]. Solly played also the \u00ab modern \u00bb Spanish doctor, and the Moroccan boy who brought dafina, the Shabbat dish, to the neighborhood families. Oro played two roles : Makn\u00edn, the old grandmother, still living in a traditional way, and the grand son who was preparing his bar-mitsva with Selom\u00f3. The beautiful Kelly, born in Melilla, from where she never lost her Andalusian accent, played Tsipor\u00e1, the step-daughter \u2013 with her andalusian accent that she always spoke more naturally than Haketia. And I, Ashkenazi, born in Montreal, English speaking, ethnomusicologist, which character could I have been? At the time, for my doctoral research, I had just recorded Bouena Sarfatty Garfinkle<span class=\"footnote_referrer\"><a role=\"button\" tabindex=\"0\" onclick=\"footnote_moveToReference_52088_1('footnote_plugin_reference_52088_1_1');\" onkeypress=\"footnote_moveToReference_52088_1('footnote_plugin_reference_52088_1_1');\" ><sup id=\"footnote_plugin_tooltip_52088_1_1\" class=\"footnote_plugin_tooltip_text\">[1]<\/sup><\/a><span id=\"footnote_plugin_tooltip_text_52088_1_1\" class=\"footnote_tooltip\">Bouena Sarfatty Garfinkle (1916\u20131997), born in Salonica, was a Greek partisan during World War II. Her memoirs and collections of songs, sayings and poetry are are invaluable documents about Jewish&nbsp;&#x2026; <span class=\"footnote_tooltip_continue\"  onclick=\"footnote_moveToReference_52088_1('footnote_plugin_reference_52088_1_1');\">Lire la suite<\/span><\/span><\/span><script type=\"text\/javascript\"> jQuery('#footnote_plugin_tooltip_52088_1_1').tooltip({ tip: '#footnote_plugin_tooltip_text_52088_1_1', tipClass: 'footnote_tooltip', effect: 'fade', predelay: 0, fadeInSpeed: 200, delay: 400, fadeOutSpeed: 200, position: 'top center', relative: true, offset: [-7, 0], });<\/script>, who sang for me and told me about life in Salonica before and during the Holocaust. So, Solly invented \u201c T\u00eda Palomba, Salonica\u2019s widow\u201d, who spoke Eastern Judeo-Spanish, and who proclaimed frequently that the songs, cuisine and customs of \u201cSelanik\u201d were better than those of Morocco.<\/p>\n<p>Solly was completely devoted to his family, his community and his culture. Madeleine travelled often with us ; and their daughter Claire often helped us backstage. Some of you heard the radio interview of my daughter\u00a0<a href=\"https:\/\/www.iemj.org\/en\/tamar-ilana-the-sefardi-judy-garland\/\">Tamar Ilana<\/a>\u00a0by Herv\u00e9 Roten; her very first \u201cperformance\u201d was a short recording of her cries when she was 2 or 3 months old, that Solly requested for, for the scene of a baby\u2019s birth in the first play he created for Gerineldo :\u00a0<em>Ya Hasr\u00e1, que tiempos aquellos<\/em>\u00a0[Ah, those were the days]. Tamar was there during almost every rehearsal and started singing with us at the age of five. Two of Oro\u2019s nieces performed characters from time to time, and Kelly\u2019s husband and children never missed a performance in Montreal : Gerineldo was a real family.<\/p>\n<p>After their retirement in 2000, Solly and Madeleine moved to Toronto to join their children and grandchildren. For Solly, of course, \u201cretirement\u201d meant immediately taking a central role in his Sefardi community, and creating new artistic projects. On one hand, he collected and recorded traditional piyutim from North of Morocco ; at the same time, he created his multilingual \u201cSollyloquies\u201d\/\u201dSollyloquios\u201d which sent everyone into gales of laughter, and his one-man-shows \u201cJizzofrenia\u201d \u2013 a play on words with the Judeo-Arabic word \u201ckhiz\u201d which means &#8220;carrot&#8221;.<\/p>\n<figure id=\"attachment_28309\" aria-describedby=\"caption-attachment-28309\" style=\"width: 278px\" class=\"wp-caption alignleft\"><a href=\"https:\/\/www.iemj.org\/wp-content\/uploads\/2020\/04\/4.gerineldo_3generatns_j.o.s.tamar_.matantoronto2014.photom.pothen_redim_300px_vertic.jpg\"><img loading=\"lazy\" decoding=\"async\" class=\"wp-image-28309\" src=\"https:\/\/www.iemj.org\/wp-content\/uploads\/2020\/04\/4.gerineldo_3generatns_j.o.s.tamar_.matantoronto2014.photom.pothen_redim_300px_vertic.jpg\" alt=\"Gerinedo, trois g\u00e9n\u00e9rations\" width=\"278\" height=\"176\" \/><\/a><figcaption id=\"caption-attachment-28309\" class=\"wp-caption-text\"><strong>Gerineldo, 3 generations &#8211; Toronto, 2014 Judith, Oro, Solly, Tamar &amp; Matan <\/strong><\/figcaption><\/figure>\n<p>Among his many other projects, for which he received several awards, Solly translated \u2013 and adapted \u2013 selections by Moli\u00e8re in Moroccan\/French Quebecois\/Haketia Judeo-Arabic. \u201cLe Bourgeois Gentilhomme\u201d, for example, became \u201cLe Boujadi Gentilhomme.\u201d He also adapted \u201cPygmalion\u201d including the songs. He directed several classical plays by Quebecois authors, building bridges between Quebec\u2019s Jewish and Catholic communities. I remember attending a rehearsal of \u201cWest Side Story\u201d which he had adapted to the French\/English context of Montreal: each student had to learn a central role, a minor role and a technical role, to acquire experience in all aspects of theatre. In the years 2014 and 2015, Gerineldo was again performed several times. Solly sang in Paris, for the Jewish Moroccan community, and in Toronto, at the Alliance Fran\u00e7aise. For this last show in Toronto, three generations were on stage : Tamar had already taken Kelly who wasn\u2019t available, and Matan Boker, Solly\u2019s grand son, added his beautiful voice and the\u00a0<em>piyutim<\/em>\u00a0he had learned from his beloved grandfather.<\/p>\n<p>But it was Solly\u2019s last concert. His health problems didn\u2019t allow him to sing again with us in Montreal\u2019s Festival Sefarad, which he had helped found several decades before; or in Paris for the Festival des Musiques Juives. His long-lasting illness didn\u2019t allow him to continue doing what he so loved, but he never interrupted his relations with the community, which was very supportive of him and his family &#8211; and he never stopped loving his wife, their children and grandchildren.<\/p>\n<p>Solly Levy passed away on April 10, 2020, during Passover\u2026<\/p>\n<p><a href=\"https:\/\/www.iemj.org\/en\/gerineldo\/\" target=\"_blank\" rel=\"noopener\">Listen to the playlist and read the article on Gerineldo<\/a><a href=\"https:\/\/www.cjnews.com\/en-francais\/a-la-memoire-de-solly-levy-z-l\"><br \/>\n<\/a><a href=\"https:\/\/www.cjnews.com\/en-francais\/a-la-memoire-de-solly-levy-z-l\">Read the press clip from \u00ab Canadian Jewish News \u00bb about Solly Levy\u2019s life<\/a><a href=\"https:\/\/www.cjnews.com\/en-francais\/a-la-memoire-de-solly-levy-z-l\"><br \/>\n<\/a><a href=\"https:\/\/www.judithcohen.ca\/\" target=\"_blank\" rel=\"noopener\">See Judith Cohen\u2019s website<\/a><\/p>\n<p>Watch an extract from the video\u00a0<em>A Sephardic Journey: Solly Levy&#8230;From Morocco to Montreal<\/em><\/p>\n<p><strong><em>\u00a0<\/em><\/strong><\/p>\n<p><iframe src=\"https:\/\/www.youtube.com\/embed\/tDXlbWUAjQI\" width=\"540\" height=\"360\" frameborder=\"0\" allowfullscreen=\"allowfullscreen\"><\/iframe><strong><em><br \/>\n<\/em><\/strong><\/p>\n<div class=\"speaker-mute footnotes_reference_container\"> <div class=\"footnote_container_prepare\"><p><span role=\"button\" tabindex=\"0\" class=\"footnote_reference_container_label pointer\" onclick=\"footnote_expand_collapse_reference_container_52088_1();\">&#x202F;<\/span><span role=\"button\" tabindex=\"0\" class=\"footnote_reference_container_collapse_button\" style=\"display: none;\" onclick=\"footnote_expand_collapse_reference_container_52088_1();\">[<a id=\"footnote_reference_container_collapse_button_52088_1\">+<\/a>]<\/span><\/p><\/div> <div id=\"footnote_references_container_52088_1\" style=\"\"><table class=\"footnotes_table footnote-reference-container\"><caption class=\"accessibility\">References<\/caption> <tbody> \r\n\r\n<tr class=\"footnotes_plugin_reference_row\"> <th scope=\"row\" class=\"footnote_plugin_index_combi pointer\"  onclick=\"footnote_moveToAnchor_52088_1('footnote_plugin_tooltip_52088_1_1');\"><a id=\"footnote_plugin_reference_52088_1_1\" class=\"footnote_backlink\">1<\/a><\/th> <td class=\"footnote_plugin_text\">Bouena Sarfatty Garfinkle (1916\u20131997), born in Salonica, was a Greek partisan during World War II. Her memoirs and collections of songs, sayings and poetry are are invaluable documents about Jewish life in Salonica. She and her husband moved to Canada in 1947.<\/td><\/tr>\r\n\r\n <\/tbody> <\/table> <\/div><\/div><script type=\"text\/javascript\"> function footnote_expand_reference_container_52088_1() { jQuery('#footnote_references_container_52088_1').show(); jQuery('#footnote_reference_container_collapse_button_52088_1').text('\u2212'); } function footnote_collapse_reference_container_52088_1() { jQuery('#footnote_references_container_52088_1').hide(); jQuery('#footnote_reference_container_collapse_button_52088_1').text('+'); } function footnote_expand_collapse_reference_container_52088_1() { if (jQuery('#footnote_references_container_52088_1').is(':hidden')) { footnote_expand_reference_container_52088_1(); } else { footnote_collapse_reference_container_52088_1(); } } function footnote_moveToReference_52088_1(p_str_TargetID) { footnote_expand_reference_container_52088_1(); var l_obj_Target = jQuery('#' + p_str_TargetID); if (l_obj_Target.length) { jQuery( 'html, body' ).delay( 0 ); jQuery('html, body').animate({ scrollTop: l_obj_Target.offset().top - window.innerHeight * 0.2 }, 380); } } function footnote_moveToAnchor_52088_1(p_str_TargetID) { footnote_expand_reference_container_52088_1(); var l_obj_Target = jQuery('#' + p_str_TargetID); if (l_obj_Target.length) { jQuery( 'html, body' ).delay( 0 ); jQuery('html, body').animate({ scrollTop: l_obj_Target.offset().top - window.innerHeight * 0.2 }, 380); } }<\/script>","protected":false},"excerpt":{"rendered":"<p>Tribute by\u00a0Judith Cohen Solly Levy was born in Tangier (Morocco) on November 1st, 1939. He emigrated to Canada with his wife, Madeleine, and their two children Claire and Eddy, in<\/p>\n","protected":false},"author":1045,"featured_media":28300,"comment_status":"closed","ping_status":"closed","sticky":false,"template":"","format":"standard","meta":{"_acf_changed":false,"footnotes":""},"categories":[903],"tags":[],"technique":[],"squelettes":[],"sujet":[],"formation":[],"genre":[1114],"fonds":[],"tradition":[],"type-de-contenu":[],"interprete-compositeur":[],"frise":[],"type-devenement":[],"tableaux-liens-externes":[],"class_list":["post-52088","post","type-post","status-publish","format-standard","has-post-thumbnail","hentry","category-biographies-en","genre-ladino"],"acf":[],"yoast_head":"<!-- This site is optimized with the Yoast SEO plugin v27.3 - https:\/\/yoast.com\/product\/yoast-seo-wordpress\/ -->\n<title>L\u00e9vy, Solly (1939-2020) - Institut Europ\u00e9en des Musiques Juives<\/title>\n<meta name=\"robots\" content=\"index, follow, max-snippet:-1, max-image-preview:large, max-video-preview:-1\" \/>\n<link rel=\"canonical\" href=\"https:\/\/www.iemj.org\/en\/levy-solly-1939-2020\/\" \/>\n<meta property=\"og:locale\" content=\"en_US\" \/>\n<meta property=\"og:type\" content=\"article\" \/>\n<meta property=\"og:title\" content=\"L\u00e9vy, Solly (1939-2020) - Institut Europ\u00e9en des Musiques Juives\" \/>\n<meta property=\"og:description\" content=\"Tribute by\u00a0Judith Cohen Solly Levy was born in Tangier (Morocco) on November 1st, 1939. He emigrated to Canada with his wife, Madeleine, and their two children Claire and Eddy, in\" \/>\n<meta property=\"og:url\" content=\"https:\/\/www.iemj.org\/en\/levy-solly-1939-2020\/\" \/>\n<meta property=\"og:site_name\" content=\"Institut Europ\u00e9en des Musiques Juives\" \/>\n<meta property=\"article:publisher\" content=\"https:\/\/www.facebook.com\/MusiquesJuives\/\" \/>\n<meta property=\"article:published_time\" content=\"2020-04-26T10:52:21+00:00\" \/>\n<meta property=\"article:modified_time\" content=\"2025-11-07T09:28:45+00:00\" \/>\n<meta property=\"og:image\" content=\"https:\/\/www.iemj.org\/wp-content\/uploads\/2020\/04\/arton4700-e1625056313668.jpg\" \/>\n\t<meta property=\"og:image:width\" content=\"166\" \/>\n\t<meta property=\"og:image:height\" content=\"218\" \/>\n\t<meta property=\"og:image:type\" content=\"image\/jpeg\" \/>\n<meta name=\"author\" content=\"Herv\u00e9 Roten\" \/>\n<meta name=\"twitter:card\" content=\"summary_large_image\" \/>\n<meta name=\"twitter:label1\" content=\"Written by\" \/>\n\t<meta name=\"twitter:data1\" content=\"Herv\u00e9 Roten\" \/>\n\t<meta name=\"twitter:label2\" content=\"Est. reading time\" \/>\n\t<meta name=\"twitter:data2\" content=\"7 minutes\" \/>\n<script type=\"application\/ld+json\" class=\"yoast-schema-graph\">{\"@context\":\"https:\\\/\\\/schema.org\",\"@graph\":[{\"@type\":\"Article\",\"@id\":\"https:\\\/\\\/www.iemj.org\\\/en\\\/levy-solly-1939-2020\\\/#article\",\"isPartOf\":{\"@id\":\"https:\\\/\\\/www.iemj.org\\\/en\\\/levy-solly-1939-2020\\\/\"},\"author\":{\"name\":\"Herv\u00e9 Roten\",\"@id\":\"https:\\\/\\\/www.iemj.org\\\/en\\\/#\\\/schema\\\/person\\\/906134402c29d5c76e7b726261dd4bbd\"},\"headline\":\"L\u00e9vy, Solly (1939-2020)\",\"datePublished\":\"2020-04-26T10:52:21+00:00\",\"dateModified\":\"2025-11-07T09:28:45+00:00\",\"mainEntityOfPage\":{\"@id\":\"https:\\\/\\\/www.iemj.org\\\/en\\\/levy-solly-1939-2020\\\/\"},\"wordCount\":1181,\"publisher\":{\"@id\":\"https:\\\/\\\/www.iemj.org\\\/en\\\/#organization\"},\"image\":{\"@id\":\"https:\\\/\\\/www.iemj.org\\\/en\\\/levy-solly-1939-2020\\\/#primaryimage\"},\"thumbnailUrl\":\"https:\\\/\\\/www.iemj.org\\\/wp-content\\\/uploads\\\/2020\\\/04\\\/arton4700-e1625056313668.jpg\",\"articleSection\":[\"Biographies\"],\"inLanguage\":\"en-US\"},{\"@type\":\"WebPage\",\"@id\":\"https:\\\/\\\/www.iemj.org\\\/en\\\/levy-solly-1939-2020\\\/\",\"url\":\"https:\\\/\\\/www.iemj.org\\\/en\\\/levy-solly-1939-2020\\\/\",\"name\":\"L\u00e9vy, Solly (1939-2020) - Institut Europ\u00e9en des Musiques Juives\",\"isPartOf\":{\"@id\":\"https:\\\/\\\/www.iemj.org\\\/en\\\/#website\"},\"primaryImageOfPage\":{\"@id\":\"https:\\\/\\\/www.iemj.org\\\/en\\\/levy-solly-1939-2020\\\/#primaryimage\"},\"image\":{\"@id\":\"https:\\\/\\\/www.iemj.org\\\/en\\\/levy-solly-1939-2020\\\/#primaryimage\"},\"thumbnailUrl\":\"https:\\\/\\\/www.iemj.org\\\/wp-content\\\/uploads\\\/2020\\\/04\\\/arton4700-e1625056313668.jpg\",\"datePublished\":\"2020-04-26T10:52:21+00:00\",\"dateModified\":\"2025-11-07T09:28:45+00:00\",\"breadcrumb\":{\"@id\":\"https:\\\/\\\/www.iemj.org\\\/en\\\/levy-solly-1939-2020\\\/#breadcrumb\"},\"inLanguage\":\"en-US\",\"potentialAction\":[{\"@type\":\"ReadAction\",\"target\":[\"https:\\\/\\\/www.iemj.org\\\/en\\\/levy-solly-1939-2020\\\/\"]}]},{\"@type\":\"ImageObject\",\"inLanguage\":\"en-US\",\"@id\":\"https:\\\/\\\/www.iemj.org\\\/en\\\/levy-solly-1939-2020\\\/#primaryimage\",\"url\":\"https:\\\/\\\/www.iemj.org\\\/wp-content\\\/uploads\\\/2020\\\/04\\\/arton4700-e1625056313668.jpg\",\"contentUrl\":\"https:\\\/\\\/www.iemj.org\\\/wp-content\\\/uploads\\\/2020\\\/04\\\/arton4700-e1625056313668.jpg\",\"width\":166,\"height\":218},{\"@type\":\"BreadcrumbList\",\"@id\":\"https:\\\/\\\/www.iemj.org\\\/en\\\/levy-solly-1939-2020\\\/#breadcrumb\",\"itemListElement\":[{\"@type\":\"ListItem\",\"position\":1,\"name\":\"Accueil\",\"item\":\"https:\\\/\\\/www.iemj.org\\\/en\\\/\"},{\"@type\":\"ListItem\",\"position\":2,\"name\":\"L\u00e9vy, Solly (1939-2020)\"}]},{\"@type\":\"WebSite\",\"@id\":\"https:\\\/\\\/www.iemj.org\\\/en\\\/#website\",\"url\":\"https:\\\/\\\/www.iemj.org\\\/en\\\/\",\"name\":\"Institut Europ\u00e9en des Musiques Juives\",\"description\":\"Des traditions musicales \u00e0 la port\u00e9e de tous\",\"publisher\":{\"@id\":\"https:\\\/\\\/www.iemj.org\\\/en\\\/#organization\"},\"potentialAction\":[{\"@type\":\"SearchAction\",\"target\":{\"@type\":\"EntryPoint\",\"urlTemplate\":\"https:\\\/\\\/www.iemj.org\\\/en\\\/?s={search_term_string}\"},\"query-input\":{\"@type\":\"PropertyValueSpecification\",\"valueRequired\":true,\"valueName\":\"search_term_string\"}}],\"inLanguage\":\"en-US\"},{\"@type\":\"Organization\",\"@id\":\"https:\\\/\\\/www.iemj.org\\\/en\\\/#organization\",\"name\":\"Institut Europ\u00e9en des Musiques Juives\",\"url\":\"https:\\\/\\\/www.iemj.org\\\/en\\\/\",\"logo\":{\"@type\":\"ImageObject\",\"inLanguage\":\"en-US\",\"@id\":\"https:\\\/\\\/www.iemj.org\\\/en\\\/#\\\/schema\\\/logo\\\/image\\\/\",\"url\":\"https:\\\/\\\/www.iemj.org\\\/wp-content\\\/uploads\\\/2021\\\/09\\\/Logo-IEMJ-Paypal.jpg\",\"contentUrl\":\"https:\\\/\\\/www.iemj.org\\\/wp-content\\\/uploads\\\/2021\\\/09\\\/Logo-IEMJ-Paypal.jpg\",\"width\":150,\"height\":50,\"caption\":\"Institut Europ\u00e9en des Musiques Juives\"},\"image\":{\"@id\":\"https:\\\/\\\/www.iemj.org\\\/en\\\/#\\\/schema\\\/logo\\\/image\\\/\"},\"sameAs\":[\"https:\\\/\\\/www.facebook.com\\\/MusiquesJuives\\\/\",\"https:\\\/\\\/www.instagram.com\\\/musiquesjuives\\\/\",\"https:\\\/\\\/www.youtube.com\\\/user\\\/musiquesjuives\"]},{\"@type\":\"Person\",\"@id\":\"https:\\\/\\\/www.iemj.org\\\/en\\\/#\\\/schema\\\/person\\\/906134402c29d5c76e7b726261dd4bbd\",\"name\":\"Herv\u00e9 Roten\",\"image\":{\"@type\":\"ImageObject\",\"inLanguage\":\"en-US\",\"@id\":\"https:\\\/\\\/secure.gravatar.com\\\/avatar\\\/f96ad2db538a26481f18384936b5cd0610c92d390c4dc382209216d455f685ff?s=96&d=mm&r=g\",\"url\":\"https:\\\/\\\/secure.gravatar.com\\\/avatar\\\/f96ad2db538a26481f18384936b5cd0610c92d390c4dc382209216d455f685ff?s=96&d=mm&r=g\",\"contentUrl\":\"https:\\\/\\\/secure.gravatar.com\\\/avatar\\\/f96ad2db538a26481f18384936b5cd0610c92d390c4dc382209216d455f685ff?s=96&d=mm&r=g\",\"caption\":\"Herv\u00e9 Roten\"}}]}<\/script>\n<!-- \/ Yoast SEO plugin. -->","yoast_head_json":{"title":"L\u00e9vy, Solly (1939-2020) - Institut Europ\u00e9en des Musiques Juives","robots":{"index":"index","follow":"follow","max-snippet":"max-snippet:-1","max-image-preview":"max-image-preview:large","max-video-preview":"max-video-preview:-1"},"canonical":"https:\/\/www.iemj.org\/en\/levy-solly-1939-2020\/","og_locale":"en_US","og_type":"article","og_title":"L\u00e9vy, Solly (1939-2020) - Institut Europ\u00e9en des Musiques Juives","og_description":"Tribute by\u00a0Judith Cohen Solly Levy was born in Tangier (Morocco) on November 1st, 1939. He emigrated to Canada with his wife, Madeleine, and their two children Claire and Eddy, in","og_url":"https:\/\/www.iemj.org\/en\/levy-solly-1939-2020\/","og_site_name":"Institut Europ\u00e9en des Musiques Juives","article_publisher":"https:\/\/www.facebook.com\/MusiquesJuives\/","article_published_time":"2020-04-26T10:52:21+00:00","article_modified_time":"2025-11-07T09:28:45+00:00","og_image":[{"width":166,"height":218,"url":"https:\/\/www.iemj.org\/wp-content\/uploads\/2020\/04\/arton4700-e1625056313668.jpg","type":"image\/jpeg"}],"author":"Herv\u00e9 Roten","twitter_card":"summary_large_image","twitter_misc":{"Written by":"Herv\u00e9 Roten","Est. reading time":"7 minutes"},"schema":{"@context":"https:\/\/schema.org","@graph":[{"@type":"Article","@id":"https:\/\/www.iemj.org\/en\/levy-solly-1939-2020\/#article","isPartOf":{"@id":"https:\/\/www.iemj.org\/en\/levy-solly-1939-2020\/"},"author":{"name":"Herv\u00e9 Roten","@id":"https:\/\/www.iemj.org\/en\/#\/schema\/person\/906134402c29d5c76e7b726261dd4bbd"},"headline":"L\u00e9vy, Solly (1939-2020)","datePublished":"2020-04-26T10:52:21+00:00","dateModified":"2025-11-07T09:28:45+00:00","mainEntityOfPage":{"@id":"https:\/\/www.iemj.org\/en\/levy-solly-1939-2020\/"},"wordCount":1181,"publisher":{"@id":"https:\/\/www.iemj.org\/en\/#organization"},"image":{"@id":"https:\/\/www.iemj.org\/en\/levy-solly-1939-2020\/#primaryimage"},"thumbnailUrl":"https:\/\/www.iemj.org\/wp-content\/uploads\/2020\/04\/arton4700-e1625056313668.jpg","articleSection":["Biographies"],"inLanguage":"en-US"},{"@type":"WebPage","@id":"https:\/\/www.iemj.org\/en\/levy-solly-1939-2020\/","url":"https:\/\/www.iemj.org\/en\/levy-solly-1939-2020\/","name":"L\u00e9vy, Solly (1939-2020) - Institut Europ\u00e9en des Musiques Juives","isPartOf":{"@id":"https:\/\/www.iemj.org\/en\/#website"},"primaryImageOfPage":{"@id":"https:\/\/www.iemj.org\/en\/levy-solly-1939-2020\/#primaryimage"},"image":{"@id":"https:\/\/www.iemj.org\/en\/levy-solly-1939-2020\/#primaryimage"},"thumbnailUrl":"https:\/\/www.iemj.org\/wp-content\/uploads\/2020\/04\/arton4700-e1625056313668.jpg","datePublished":"2020-04-26T10:52:21+00:00","dateModified":"2025-11-07T09:28:45+00:00","breadcrumb":{"@id":"https:\/\/www.iemj.org\/en\/levy-solly-1939-2020\/#breadcrumb"},"inLanguage":"en-US","potentialAction":[{"@type":"ReadAction","target":["https:\/\/www.iemj.org\/en\/levy-solly-1939-2020\/"]}]},{"@type":"ImageObject","inLanguage":"en-US","@id":"https:\/\/www.iemj.org\/en\/levy-solly-1939-2020\/#primaryimage","url":"https:\/\/www.iemj.org\/wp-content\/uploads\/2020\/04\/arton4700-e1625056313668.jpg","contentUrl":"https:\/\/www.iemj.org\/wp-content\/uploads\/2020\/04\/arton4700-e1625056313668.jpg","width":166,"height":218},{"@type":"BreadcrumbList","@id":"https:\/\/www.iemj.org\/en\/levy-solly-1939-2020\/#breadcrumb","itemListElement":[{"@type":"ListItem","position":1,"name":"Accueil","item":"https:\/\/www.iemj.org\/en\/"},{"@type":"ListItem","position":2,"name":"L\u00e9vy, Solly (1939-2020)"}]},{"@type":"WebSite","@id":"https:\/\/www.iemj.org\/en\/#website","url":"https:\/\/www.iemj.org\/en\/","name":"Institut Europ\u00e9en des Musiques Juives","description":"Des traditions musicales \u00e0 la port\u00e9e de tous","publisher":{"@id":"https:\/\/www.iemj.org\/en\/#organization"},"potentialAction":[{"@type":"SearchAction","target":{"@type":"EntryPoint","urlTemplate":"https:\/\/www.iemj.org\/en\/?s={search_term_string}"},"query-input":{"@type":"PropertyValueSpecification","valueRequired":true,"valueName":"search_term_string"}}],"inLanguage":"en-US"},{"@type":"Organization","@id":"https:\/\/www.iemj.org\/en\/#organization","name":"Institut Europ\u00e9en des Musiques Juives","url":"https:\/\/www.iemj.org\/en\/","logo":{"@type":"ImageObject","inLanguage":"en-US","@id":"https:\/\/www.iemj.org\/en\/#\/schema\/logo\/image\/","url":"https:\/\/www.iemj.org\/wp-content\/uploads\/2021\/09\/Logo-IEMJ-Paypal.jpg","contentUrl":"https:\/\/www.iemj.org\/wp-content\/uploads\/2021\/09\/Logo-IEMJ-Paypal.jpg","width":150,"height":50,"caption":"Institut Europ\u00e9en des Musiques Juives"},"image":{"@id":"https:\/\/www.iemj.org\/en\/#\/schema\/logo\/image\/"},"sameAs":["https:\/\/www.facebook.com\/MusiquesJuives\/","https:\/\/www.instagram.com\/musiquesjuives\/","https:\/\/www.youtube.com\/user\/musiquesjuives"]},{"@type":"Person","@id":"https:\/\/www.iemj.org\/en\/#\/schema\/person\/906134402c29d5c76e7b726261dd4bbd","name":"Herv\u00e9 Roten","image":{"@type":"ImageObject","inLanguage":"en-US","@id":"https:\/\/secure.gravatar.com\/avatar\/f96ad2db538a26481f18384936b5cd0610c92d390c4dc382209216d455f685ff?s=96&d=mm&r=g","url":"https:\/\/secure.gravatar.com\/avatar\/f96ad2db538a26481f18384936b5cd0610c92d390c4dc382209216d455f685ff?s=96&d=mm&r=g","contentUrl":"https:\/\/secure.gravatar.com\/avatar\/f96ad2db538a26481f18384936b5cd0610c92d390c4dc382209216d455f685ff?s=96&d=mm&r=g","caption":"Herv\u00e9 Roten"}}]}},"_links":{"self":[{"href":"https:\/\/www.iemj.org\/en\/wp-json\/wp\/v2\/posts\/52088","targetHints":{"allow":["GET"]}}],"collection":[{"href":"https:\/\/www.iemj.org\/en\/wp-json\/wp\/v2\/posts"}],"about":[{"href":"https:\/\/www.iemj.org\/en\/wp-json\/wp\/v2\/types\/post"}],"author":[{"embeddable":true,"href":"https:\/\/www.iemj.org\/en\/wp-json\/wp\/v2\/users\/1045"}],"replies":[{"embeddable":true,"href":"https:\/\/www.iemj.org\/en\/wp-json\/wp\/v2\/comments?post=52088"}],"version-history":[{"count":1,"href":"https:\/\/www.iemj.org\/en\/wp-json\/wp\/v2\/posts\/52088\/revisions"}],"predecessor-version":[{"id":127979,"href":"https:\/\/www.iemj.org\/en\/wp-json\/wp\/v2\/posts\/52088\/revisions\/127979"}],"wp:featuredmedia":[{"embeddable":true,"href":"https:\/\/www.iemj.org\/en\/wp-json\/wp\/v2\/media\/28300"}],"wp:attachment":[{"href":"https:\/\/www.iemj.org\/en\/wp-json\/wp\/v2\/media?parent=52088"}],"wp:term":[{"taxonomy":"category","embeddable":true,"href":"https:\/\/www.iemj.org\/en\/wp-json\/wp\/v2\/categories?post=52088"},{"taxonomy":"post_tag","embeddable":true,"href":"https:\/\/www.iemj.org\/en\/wp-json\/wp\/v2\/tags?post=52088"},{"taxonomy":"technique","embeddable":true,"href":"https:\/\/www.iemj.org\/en\/wp-json\/wp\/v2\/technique?post=52088"},{"taxonomy":"squelettes","embeddable":true,"href":"https:\/\/www.iemj.org\/en\/wp-json\/wp\/v2\/squelettes?post=52088"},{"taxonomy":"sujet","embeddable":true,"href":"https:\/\/www.iemj.org\/en\/wp-json\/wp\/v2\/sujet?post=52088"},{"taxonomy":"formation","embeddable":true,"href":"https:\/\/www.iemj.org\/en\/wp-json\/wp\/v2\/formation?post=52088"},{"taxonomy":"genre","embeddable":true,"href":"https:\/\/www.iemj.org\/en\/wp-json\/wp\/v2\/genre?post=52088"},{"taxonomy":"fonds","embeddable":true,"href":"https:\/\/www.iemj.org\/en\/wp-json\/wp\/v2\/fonds?post=52088"},{"taxonomy":"tradition","embeddable":true,"href":"https:\/\/www.iemj.org\/en\/wp-json\/wp\/v2\/tradition?post=52088"},{"taxonomy":"type-de-contenu","embeddable":true,"href":"https:\/\/www.iemj.org\/en\/wp-json\/wp\/v2\/type-de-contenu?post=52088"},{"taxonomy":"interprete-compositeur","embeddable":true,"href":"https:\/\/www.iemj.org\/en\/wp-json\/wp\/v2\/interprete-compositeur?post=52088"},{"taxonomy":"frise","embeddable":true,"href":"https:\/\/www.iemj.org\/en\/wp-json\/wp\/v2\/frise?post=52088"},{"taxonomy":"type-devenement","embeddable":true,"href":"https:\/\/www.iemj.org\/en\/wp-json\/wp\/v2\/type-devenement?post=52088"},{"taxonomy":"tableaux-liens-externes","embeddable":true,"href":"https:\/\/www.iemj.org\/en\/wp-json\/wp\/v2\/tableaux-liens-externes?post=52088"}],"curies":[{"name":"wp","href":"https:\/\/api.w.org\/{rel}","templated":true}]}}