{"id":52109,"date":"2018-02-21T17:39:59","date_gmt":"2018-02-21T16:39:59","guid":{"rendered":"https:\/\/www.iemj.org\/lidarti-cristiano-giuseppe-1730-apres-1793\/"},"modified":"2023-10-12T11:06:13","modified_gmt":"2023-10-12T09:06:13","slug":"lidarti-cristiano-giuseppe-1730-apres-1793","status":"publish","type":"post","link":"https:\/\/www.iemj.org\/en\/lidarti-cristiano-giuseppe-1730-apres-1793\/","title":{"rendered":"Lidarti, Cristiano Giuseppe (1730-after 1793)"},"content":{"rendered":"<p><strong>A composer born in Vienna who spent a large part of his life in Italy, Lidarti was the author of several Hebrew works, including the famous oratorio\u00a0<em>Ester<\/em>, the longest and richest composition of all the Hebrew art music in the 17th and 18th centuries.<\/strong><\/p>\n<p>Cristiano Giuseppe Lidarti, of Italian origin, was born in Vienna in 1730. Educated by the Jesuits, he studied philosophy and law at the University of Vienna. As a child, he took harp and harpsichord lessons but did not formally study the composition, although his uncle, Giuseppe Bonno, was Kappelmeister at the Imperial Court. In order to correct a certain dilettantism his uncle advised him to study the theoreticians of traditional classical music. At the age of 21 or 22, Lidarti left for Italy with the intention of studying with Jomelli. These projects were not realized, Lidarti lived for some time in Venice and Florence, then worked as a music teacher in Cortona for five years and finally got a position as a musician (double bass \/ cello) in the chapel of Cavalieri di St. Stefano in Pisa, a position that he kept for nearly forty years. In the meantime he was admitted to the prestigious Accademia Filarmonica in Bologna and Modena. Lidarti, according to his own testimony, abandoned to maturity &#8220;the sublime and fugued style&#8221; that he practiced during his youth, and adopted the &#8220;simple and melodic&#8221; gallant style, developed at the time in Italy and characteristic of the preclassical period . The exact date of Lidarti\u2019s death is not known &#8211; his last composition dates from 1793 and his name disappears from the salary list of the Cavalieri di St. Stefano chapel after February 15, 1794.<\/p>\n<p>Lidarti was one of the two leading composers of the 18th century who worked for the Portuguese Jewish community in Amsterdam (the other being the Jewish composer Abraham Caceres). His name appeared for the first time in the register of the Portuguese Jewish community of Amsterdam around 1770. The known Hebrew pieces of Lidarti include the solo cantatas\u00a0<em>Bo\u2019i be-shalom<\/em>\u00a0and\u00a0<em>Kol ha-neshama<\/em>, the duet\u00a0<em>Ha-mesiah illemim<\/em>, the choral pieces\u00a0<em>Be-fi yesharim<\/em>\u00a0and\u00a0<em>Nora elohim<\/em>, all preserved in manuscript form at the Ets Haim\u2019s community library and especially the <a href=\"https:\/\/www.iemj.org\/en\/ester-un-oratorio-de-pourim-du-compositeur-lidarti-1730-ap-1793\/\" target=\"_blank\" rel=\"noopener\"><em>Ester<\/em> oratorio<\/a> which remains to this day the longest and richest Hebrew work of all the art music of the 17th and 18th centuries.<\/p>\n<p><strong>Sources<\/strong><\/p>\n<ul>\n<li>Israel Adler,\u00a0La pratique musicale savante dans quelques communaut\u00e9s juives en Europe aux XVII\u00e8me et XVIII\u00e8me si\u00e8cles, Mouton &amp; Co, 1966, pp. 189-236.<\/li>\n<li>Leaflet of the double CD <em>Cristiano Giuseppe Lidarti, Esther<\/em>, Orchestre National de Montpellier, choeur de la radio lettone, Friedemann Layer direction, Euterpe, 2003.<\/li>\n<\/ul>\n<p><a href=\"https:\/\/www.iemj.org\/en\/ester-un-oratorio-de-pourim-du-compositeur-lidarti-1730-ap-1793\/\" target=\"_blank\" rel=\"noopener\">Learn more on Esther\u2019s oratorio<\/a><br \/><a href=\"https:\/\/www.iemj.org\/en\/la-source-de-vie-esther-en-chansons\/\" target=\"_blank\" rel=\"noopener\">Watch excerpts from the Oratorio of Ester<\/a><br \/><a href=\"https:\/\/www.iemj.org\/en\/concert-musiques-juives-baroques\/\" target=\"_blank\" rel=\"noopener\">Watch an excerpt of the concert of Baroque Jewish Music, tribute to Israel Adler<\/a><a href=\"https:\/\/www.iemj.org\/en\/concert-musiques-juives-baroques\/\" target=\"_blank\" rel=\"noopener\"><br \/><\/a><a href=\"https:\/\/www.iemj.org\/en\/genre\/baroque-music\/\" target=\"_blank\" rel=\"noopener\">Look at other documents related to Baroque Jewish Music<\/a><br \/><a href=\"https:\/\/www.iemj.org\/en\/musiques-juives-baroques-venise-mantoue-amsterdam-1623-1774-2\/\" target=\"_blank\" rel=\"noopener\">Listen and order the CD\u00a0<em>Baroque jewish Music<\/em><\/a><\/p>\n\n\n<p><\/p>\n","protected":false},"excerpt":{"rendered":"<p>A composer born in Vienna who spent a large part of his life in Italy, Lidarti was the author of several Hebrew works, including the famous oratorio\u00a0Ester, the longest and<\/p>\n","protected":false},"author":1045,"featured_media":18516,"comment_status":"closed","ping_status":"open","sticky":false,"template":"","format":"standard","meta":{"_acf_changed":false,"footnotes":""},"categories":[903],"tags":[2089],"technique":[],"squelettes":[],"sujet":[],"formation":[],"genre":[1111],"fonds":[],"tradition":[],"type-de-contenu":[],"interprete-compositeur":[],"frise":[],"type-devenement":[],"tableaux-liens-externes":[],"class_list":["post-52109","post","type-post","status-publish","format-standard","has-post-thumbnail","hentry","category-biographies-en","tag-italy-en","genre-baroque-music"],"acf":[],"yoast_head":"<!-- This site is optimized with the Yoast SEO plugin v27.3 - https:\/\/yoast.com\/product\/yoast-seo-wordpress\/ -->\n<title>Lidarti, Cristiano Giuseppe (1730-after 1793) - Institut Europ\u00e9en des Musiques Juives<\/title>\n<meta name=\"robots\" content=\"index, follow, max-snippet:-1, max-image-preview:large, max-video-preview:-1\" \/>\n<link rel=\"canonical\" href=\"https:\/\/www.iemj.org\/en\/lidarti-cristiano-giuseppe-1730-apres-1793\/\" \/>\n<meta property=\"og:locale\" content=\"en_US\" \/>\n<meta property=\"og:type\" content=\"article\" \/>\n<meta property=\"og:title\" content=\"Lidarti, Cristiano Giuseppe (1730-after 1793) - Institut Europ\u00e9en des Musiques Juives\" \/>\n<meta property=\"og:description\" content=\"A composer born in Vienna who spent a large part of his life in Italy, Lidarti was the author of several Hebrew works, including the famous oratorio\u00a0Ester, the longest and\" \/>\n<meta property=\"og:url\" content=\"https:\/\/www.iemj.org\/en\/lidarti-cristiano-giuseppe-1730-apres-1793\/\" \/>\n<meta property=\"og:site_name\" content=\"Institut Europ\u00e9en des Musiques Juives\" \/>\n<meta property=\"article:publisher\" content=\"https:\/\/www.facebook.com\/MusiquesJuives\/\" \/>\n<meta property=\"article:published_time\" content=\"2018-02-21T16:39:59+00:00\" \/>\n<meta property=\"article:modified_time\" content=\"2023-10-12T09:06:13+00:00\" \/>\n<meta property=\"og:image\" content=\"https:\/\/www.iemj.org\/wp-content\/uploads\/2018\/02\/arton3201-e1625057188441.jpg\" \/>\n\t<meta property=\"og:image:width\" content=\"169\" \/>\n\t<meta property=\"og:image:height\" content=\"218\" \/>\n\t<meta property=\"og:image:type\" content=\"image\/jpeg\" \/>\n<meta name=\"author\" content=\"Herv\u00e9 Roten\" \/>\n<meta name=\"twitter:card\" content=\"summary_large_image\" \/>\n<meta name=\"twitter:label1\" content=\"Written by\" \/>\n\t<meta name=\"twitter:data1\" content=\"Herv\u00e9 Roten\" \/>\n\t<meta name=\"twitter:label2\" content=\"Est. reading time\" \/>\n\t<meta name=\"twitter:data2\" content=\"3 minutes\" \/>\n<script type=\"application\/ld+json\" class=\"yoast-schema-graph\">{\"@context\":\"https:\\\/\\\/schema.org\",\"@graph\":[{\"@type\":\"Article\",\"@id\":\"https:\\\/\\\/www.iemj.org\\\/en\\\/lidarti-cristiano-giuseppe-1730-apres-1793\\\/#article\",\"isPartOf\":{\"@id\":\"https:\\\/\\\/www.iemj.org\\\/en\\\/lidarti-cristiano-giuseppe-1730-apres-1793\\\/\"},\"author\":{\"name\":\"Herv\u00e9 Roten\",\"@id\":\"https:\\\/\\\/www.iemj.org\\\/en\\\/#\\\/schema\\\/person\\\/906134402c29d5c76e7b726261dd4bbd\"},\"headline\":\"Lidarti, Cristiano Giuseppe (1730-after 1793)\",\"datePublished\":\"2018-02-21T16:39:59+00:00\",\"dateModified\":\"2023-10-12T09:06:13+00:00\",\"mainEntityOfPage\":{\"@id\":\"https:\\\/\\\/www.iemj.org\\\/en\\\/lidarti-cristiano-giuseppe-1730-apres-1793\\\/\"},\"wordCount\":486,\"publisher\":{\"@id\":\"https:\\\/\\\/www.iemj.org\\\/en\\\/#organization\"},\"image\":{\"@id\":\"https:\\\/\\\/www.iemj.org\\\/en\\\/lidarti-cristiano-giuseppe-1730-apres-1793\\\/#primaryimage\"},\"thumbnailUrl\":\"https:\\\/\\\/www.iemj.org\\\/wp-content\\\/uploads\\\/2018\\\/02\\\/arton3201-e1625057188441.jpg\",\"keywords\":[\"Italy\"],\"articleSection\":[\"Biographies\"],\"inLanguage\":\"en-US\"},{\"@type\":\"WebPage\",\"@id\":\"https:\\\/\\\/www.iemj.org\\\/en\\\/lidarti-cristiano-giuseppe-1730-apres-1793\\\/\",\"url\":\"https:\\\/\\\/www.iemj.org\\\/en\\\/lidarti-cristiano-giuseppe-1730-apres-1793\\\/\",\"name\":\"Lidarti, Cristiano Giuseppe (1730-after 1793) - Institut Europ\u00e9en des Musiques Juives\",\"isPartOf\":{\"@id\":\"https:\\\/\\\/www.iemj.org\\\/en\\\/#website\"},\"primaryImageOfPage\":{\"@id\":\"https:\\\/\\\/www.iemj.org\\\/en\\\/lidarti-cristiano-giuseppe-1730-apres-1793\\\/#primaryimage\"},\"image\":{\"@id\":\"https:\\\/\\\/www.iemj.org\\\/en\\\/lidarti-cristiano-giuseppe-1730-apres-1793\\\/#primaryimage\"},\"thumbnailUrl\":\"https:\\\/\\\/www.iemj.org\\\/wp-content\\\/uploads\\\/2018\\\/02\\\/arton3201-e1625057188441.jpg\",\"datePublished\":\"2018-02-21T16:39:59+00:00\",\"dateModified\":\"2023-10-12T09:06:13+00:00\",\"breadcrumb\":{\"@id\":\"https:\\\/\\\/www.iemj.org\\\/en\\\/lidarti-cristiano-giuseppe-1730-apres-1793\\\/#breadcrumb\"},\"inLanguage\":\"en-US\",\"potentialAction\":[{\"@type\":\"ReadAction\",\"target\":[\"https:\\\/\\\/www.iemj.org\\\/en\\\/lidarti-cristiano-giuseppe-1730-apres-1793\\\/\"]}]},{\"@type\":\"ImageObject\",\"inLanguage\":\"en-US\",\"@id\":\"https:\\\/\\\/www.iemj.org\\\/en\\\/lidarti-cristiano-giuseppe-1730-apres-1793\\\/#primaryimage\",\"url\":\"https:\\\/\\\/www.iemj.org\\\/wp-content\\\/uploads\\\/2018\\\/02\\\/arton3201-e1625057188441.jpg\",\"contentUrl\":\"https:\\\/\\\/www.iemj.org\\\/wp-content\\\/uploads\\\/2018\\\/02\\\/arton3201-e1625057188441.jpg\",\"width\":169,\"height\":218,\"caption\":\"logo bio Lidarti\"},{\"@type\":\"BreadcrumbList\",\"@id\":\"https:\\\/\\\/www.iemj.org\\\/en\\\/lidarti-cristiano-giuseppe-1730-apres-1793\\\/#breadcrumb\",\"itemListElement\":[{\"@type\":\"ListItem\",\"position\":1,\"name\":\"Accueil\",\"item\":\"https:\\\/\\\/www.iemj.org\\\/en\\\/\"},{\"@type\":\"ListItem\",\"position\":2,\"name\":\"Lidarti, Cristiano Giuseppe (1730-after 1793)\"}]},{\"@type\":\"WebSite\",\"@id\":\"https:\\\/\\\/www.iemj.org\\\/en\\\/#website\",\"url\":\"https:\\\/\\\/www.iemj.org\\\/en\\\/\",\"name\":\"Institut Europ\u00e9en des Musiques Juives\",\"description\":\"Des traditions musicales \u00e0 la port\u00e9e de tous\",\"publisher\":{\"@id\":\"https:\\\/\\\/www.iemj.org\\\/en\\\/#organization\"},\"potentialAction\":[{\"@type\":\"SearchAction\",\"target\":{\"@type\":\"EntryPoint\",\"urlTemplate\":\"https:\\\/\\\/www.iemj.org\\\/en\\\/?s={search_term_string}\"},\"query-input\":{\"@type\":\"PropertyValueSpecification\",\"valueRequired\":true,\"valueName\":\"search_term_string\"}}],\"inLanguage\":\"en-US\"},{\"@type\":\"Organization\",\"@id\":\"https:\\\/\\\/www.iemj.org\\\/en\\\/#organization\",\"name\":\"Institut Europ\u00e9en des Musiques Juives\",\"url\":\"https:\\\/\\\/www.iemj.org\\\/en\\\/\",\"logo\":{\"@type\":\"ImageObject\",\"inLanguage\":\"en-US\",\"@id\":\"https:\\\/\\\/www.iemj.org\\\/en\\\/#\\\/schema\\\/logo\\\/image\\\/\",\"url\":\"https:\\\/\\\/www.iemj.org\\\/wp-content\\\/uploads\\\/2021\\\/09\\\/Logo-IEMJ-Paypal.jpg\",\"contentUrl\":\"https:\\\/\\\/www.iemj.org\\\/wp-content\\\/uploads\\\/2021\\\/09\\\/Logo-IEMJ-Paypal.jpg\",\"width\":150,\"height\":50,\"caption\":\"Institut Europ\u00e9en des Musiques Juives\"},\"image\":{\"@id\":\"https:\\\/\\\/www.iemj.org\\\/en\\\/#\\\/schema\\\/logo\\\/image\\\/\"},\"sameAs\":[\"https:\\\/\\\/www.facebook.com\\\/MusiquesJuives\\\/\",\"https:\\\/\\\/www.instagram.com\\\/musiquesjuives\\\/\",\"https:\\\/\\\/www.youtube.com\\\/user\\\/musiquesjuives\"]},{\"@type\":\"Person\",\"@id\":\"https:\\\/\\\/www.iemj.org\\\/en\\\/#\\\/schema\\\/person\\\/906134402c29d5c76e7b726261dd4bbd\",\"name\":\"Herv\u00e9 Roten\",\"image\":{\"@type\":\"ImageObject\",\"inLanguage\":\"en-US\",\"@id\":\"https:\\\/\\\/secure.gravatar.com\\\/avatar\\\/f96ad2db538a26481f18384936b5cd0610c92d390c4dc382209216d455f685ff?s=96&d=mm&r=g\",\"url\":\"https:\\\/\\\/secure.gravatar.com\\\/avatar\\\/f96ad2db538a26481f18384936b5cd0610c92d390c4dc382209216d455f685ff?s=96&d=mm&r=g\",\"contentUrl\":\"https:\\\/\\\/secure.gravatar.com\\\/avatar\\\/f96ad2db538a26481f18384936b5cd0610c92d390c4dc382209216d455f685ff?s=96&d=mm&r=g\",\"caption\":\"Herv\u00e9 Roten\"}}]}<\/script>\n<!-- \/ Yoast SEO plugin. -->","yoast_head_json":{"title":"Lidarti, Cristiano Giuseppe (1730-after 1793) - Institut Europ\u00e9en des Musiques Juives","robots":{"index":"index","follow":"follow","max-snippet":"max-snippet:-1","max-image-preview":"max-image-preview:large","max-video-preview":"max-video-preview:-1"},"canonical":"https:\/\/www.iemj.org\/en\/lidarti-cristiano-giuseppe-1730-apres-1793\/","og_locale":"en_US","og_type":"article","og_title":"Lidarti, Cristiano Giuseppe (1730-after 1793) - Institut Europ\u00e9en des Musiques Juives","og_description":"A composer born in Vienna who spent a large part of his life in Italy, Lidarti was the author of several Hebrew works, including the famous oratorio\u00a0Ester, the longest and","og_url":"https:\/\/www.iemj.org\/en\/lidarti-cristiano-giuseppe-1730-apres-1793\/","og_site_name":"Institut Europ\u00e9en des Musiques Juives","article_publisher":"https:\/\/www.facebook.com\/MusiquesJuives\/","article_published_time":"2018-02-21T16:39:59+00:00","article_modified_time":"2023-10-12T09:06:13+00:00","og_image":[{"width":169,"height":218,"url":"https:\/\/www.iemj.org\/wp-content\/uploads\/2018\/02\/arton3201-e1625057188441.jpg","type":"image\/jpeg"}],"author":"Herv\u00e9 Roten","twitter_card":"summary_large_image","twitter_misc":{"Written by":"Herv\u00e9 Roten","Est. reading time":"3 minutes"},"schema":{"@context":"https:\/\/schema.org","@graph":[{"@type":"Article","@id":"https:\/\/www.iemj.org\/en\/lidarti-cristiano-giuseppe-1730-apres-1793\/#article","isPartOf":{"@id":"https:\/\/www.iemj.org\/en\/lidarti-cristiano-giuseppe-1730-apres-1793\/"},"author":{"name":"Herv\u00e9 Roten","@id":"https:\/\/www.iemj.org\/en\/#\/schema\/person\/906134402c29d5c76e7b726261dd4bbd"},"headline":"Lidarti, Cristiano Giuseppe (1730-after 1793)","datePublished":"2018-02-21T16:39:59+00:00","dateModified":"2023-10-12T09:06:13+00:00","mainEntityOfPage":{"@id":"https:\/\/www.iemj.org\/en\/lidarti-cristiano-giuseppe-1730-apres-1793\/"},"wordCount":486,"publisher":{"@id":"https:\/\/www.iemj.org\/en\/#organization"},"image":{"@id":"https:\/\/www.iemj.org\/en\/lidarti-cristiano-giuseppe-1730-apres-1793\/#primaryimage"},"thumbnailUrl":"https:\/\/www.iemj.org\/wp-content\/uploads\/2018\/02\/arton3201-e1625057188441.jpg","keywords":["Italy"],"articleSection":["Biographies"],"inLanguage":"en-US"},{"@type":"WebPage","@id":"https:\/\/www.iemj.org\/en\/lidarti-cristiano-giuseppe-1730-apres-1793\/","url":"https:\/\/www.iemj.org\/en\/lidarti-cristiano-giuseppe-1730-apres-1793\/","name":"Lidarti, Cristiano Giuseppe (1730-after 1793) - Institut Europ\u00e9en des Musiques Juives","isPartOf":{"@id":"https:\/\/www.iemj.org\/en\/#website"},"primaryImageOfPage":{"@id":"https:\/\/www.iemj.org\/en\/lidarti-cristiano-giuseppe-1730-apres-1793\/#primaryimage"},"image":{"@id":"https:\/\/www.iemj.org\/en\/lidarti-cristiano-giuseppe-1730-apres-1793\/#primaryimage"},"thumbnailUrl":"https:\/\/www.iemj.org\/wp-content\/uploads\/2018\/02\/arton3201-e1625057188441.jpg","datePublished":"2018-02-21T16:39:59+00:00","dateModified":"2023-10-12T09:06:13+00:00","breadcrumb":{"@id":"https:\/\/www.iemj.org\/en\/lidarti-cristiano-giuseppe-1730-apres-1793\/#breadcrumb"},"inLanguage":"en-US","potentialAction":[{"@type":"ReadAction","target":["https:\/\/www.iemj.org\/en\/lidarti-cristiano-giuseppe-1730-apres-1793\/"]}]},{"@type":"ImageObject","inLanguage":"en-US","@id":"https:\/\/www.iemj.org\/en\/lidarti-cristiano-giuseppe-1730-apres-1793\/#primaryimage","url":"https:\/\/www.iemj.org\/wp-content\/uploads\/2018\/02\/arton3201-e1625057188441.jpg","contentUrl":"https:\/\/www.iemj.org\/wp-content\/uploads\/2018\/02\/arton3201-e1625057188441.jpg","width":169,"height":218,"caption":"logo bio Lidarti"},{"@type":"BreadcrumbList","@id":"https:\/\/www.iemj.org\/en\/lidarti-cristiano-giuseppe-1730-apres-1793\/#breadcrumb","itemListElement":[{"@type":"ListItem","position":1,"name":"Accueil","item":"https:\/\/www.iemj.org\/en\/"},{"@type":"ListItem","position":2,"name":"Lidarti, Cristiano Giuseppe (1730-after 1793)"}]},{"@type":"WebSite","@id":"https:\/\/www.iemj.org\/en\/#website","url":"https:\/\/www.iemj.org\/en\/","name":"Institut Europ\u00e9en des Musiques Juives","description":"Des traditions musicales \u00e0 la port\u00e9e de tous","publisher":{"@id":"https:\/\/www.iemj.org\/en\/#organization"},"potentialAction":[{"@type":"SearchAction","target":{"@type":"EntryPoint","urlTemplate":"https:\/\/www.iemj.org\/en\/?s={search_term_string}"},"query-input":{"@type":"PropertyValueSpecification","valueRequired":true,"valueName":"search_term_string"}}],"inLanguage":"en-US"},{"@type":"Organization","@id":"https:\/\/www.iemj.org\/en\/#organization","name":"Institut Europ\u00e9en des Musiques Juives","url":"https:\/\/www.iemj.org\/en\/","logo":{"@type":"ImageObject","inLanguage":"en-US","@id":"https:\/\/www.iemj.org\/en\/#\/schema\/logo\/image\/","url":"https:\/\/www.iemj.org\/wp-content\/uploads\/2021\/09\/Logo-IEMJ-Paypal.jpg","contentUrl":"https:\/\/www.iemj.org\/wp-content\/uploads\/2021\/09\/Logo-IEMJ-Paypal.jpg","width":150,"height":50,"caption":"Institut Europ\u00e9en des Musiques Juives"},"image":{"@id":"https:\/\/www.iemj.org\/en\/#\/schema\/logo\/image\/"},"sameAs":["https:\/\/www.facebook.com\/MusiquesJuives\/","https:\/\/www.instagram.com\/musiquesjuives\/","https:\/\/www.youtube.com\/user\/musiquesjuives"]},{"@type":"Person","@id":"https:\/\/www.iemj.org\/en\/#\/schema\/person\/906134402c29d5c76e7b726261dd4bbd","name":"Herv\u00e9 Roten","image":{"@type":"ImageObject","inLanguage":"en-US","@id":"https:\/\/secure.gravatar.com\/avatar\/f96ad2db538a26481f18384936b5cd0610c92d390c4dc382209216d455f685ff?s=96&d=mm&r=g","url":"https:\/\/secure.gravatar.com\/avatar\/f96ad2db538a26481f18384936b5cd0610c92d390c4dc382209216d455f685ff?s=96&d=mm&r=g","contentUrl":"https:\/\/secure.gravatar.com\/avatar\/f96ad2db538a26481f18384936b5cd0610c92d390c4dc382209216d455f685ff?s=96&d=mm&r=g","caption":"Herv\u00e9 Roten"}}]}},"_links":{"self":[{"href":"https:\/\/www.iemj.org\/en\/wp-json\/wp\/v2\/posts\/52109","targetHints":{"allow":["GET"]}}],"collection":[{"href":"https:\/\/www.iemj.org\/en\/wp-json\/wp\/v2\/posts"}],"about":[{"href":"https:\/\/www.iemj.org\/en\/wp-json\/wp\/v2\/types\/post"}],"author":[{"embeddable":true,"href":"https:\/\/www.iemj.org\/en\/wp-json\/wp\/v2\/users\/1045"}],"replies":[{"embeddable":true,"href":"https:\/\/www.iemj.org\/en\/wp-json\/wp\/v2\/comments?post=52109"}],"version-history":[{"count":0,"href":"https:\/\/www.iemj.org\/en\/wp-json\/wp\/v2\/posts\/52109\/revisions"}],"wp:featuredmedia":[{"embeddable":true,"href":"https:\/\/www.iemj.org\/en\/wp-json\/wp\/v2\/media\/18516"}],"wp:attachment":[{"href":"https:\/\/www.iemj.org\/en\/wp-json\/wp\/v2\/media?parent=52109"}],"wp:term":[{"taxonomy":"category","embeddable":true,"href":"https:\/\/www.iemj.org\/en\/wp-json\/wp\/v2\/categories?post=52109"},{"taxonomy":"post_tag","embeddable":true,"href":"https:\/\/www.iemj.org\/en\/wp-json\/wp\/v2\/tags?post=52109"},{"taxonomy":"technique","embeddable":true,"href":"https:\/\/www.iemj.org\/en\/wp-json\/wp\/v2\/technique?post=52109"},{"taxonomy":"squelettes","embeddable":true,"href":"https:\/\/www.iemj.org\/en\/wp-json\/wp\/v2\/squelettes?post=52109"},{"taxonomy":"sujet","embeddable":true,"href":"https:\/\/www.iemj.org\/en\/wp-json\/wp\/v2\/sujet?post=52109"},{"taxonomy":"formation","embeddable":true,"href":"https:\/\/www.iemj.org\/en\/wp-json\/wp\/v2\/formation?post=52109"},{"taxonomy":"genre","embeddable":true,"href":"https:\/\/www.iemj.org\/en\/wp-json\/wp\/v2\/genre?post=52109"},{"taxonomy":"fonds","embeddable":true,"href":"https:\/\/www.iemj.org\/en\/wp-json\/wp\/v2\/fonds?post=52109"},{"taxonomy":"tradition","embeddable":true,"href":"https:\/\/www.iemj.org\/en\/wp-json\/wp\/v2\/tradition?post=52109"},{"taxonomy":"type-de-contenu","embeddable":true,"href":"https:\/\/www.iemj.org\/en\/wp-json\/wp\/v2\/type-de-contenu?post=52109"},{"taxonomy":"interprete-compositeur","embeddable":true,"href":"https:\/\/www.iemj.org\/en\/wp-json\/wp\/v2\/interprete-compositeur?post=52109"},{"taxonomy":"frise","embeddable":true,"href":"https:\/\/www.iemj.org\/en\/wp-json\/wp\/v2\/frise?post=52109"},{"taxonomy":"type-devenement","embeddable":true,"href":"https:\/\/www.iemj.org\/en\/wp-json\/wp\/v2\/type-devenement?post=52109"},{"taxonomy":"tableaux-liens-externes","embeddable":true,"href":"https:\/\/www.iemj.org\/en\/wp-json\/wp\/v2\/tableaux-liens-externes?post=52109"}],"curies":[{"name":"wp","href":"https:\/\/api.w.org\/{rel}","templated":true}]}}