{"id":52164,"date":"2017-11-21T17:04:57","date_gmt":"2017-11-21T16:04:57","guid":{"rendered":"https:\/\/www.iemj.org\/macias-enrico-1938\/"},"modified":"2022-10-10T16:36:57","modified_gmt":"2022-10-10T14:36:57","slug":"macias-enrico-1938","status":"publish","type":"post","link":"https:\/\/www.iemj.org\/en\/macias-enrico-1938\/","title":{"rendered":"Macias, Enrico (1938)"},"content":{"rendered":"<p>Enrico Macias is a French singer, musician and composer born in Constantine in Algeria, the 11th of December 1938. His real name is Gaston Ghrenassia, and he is the son of Sylvain and Suzanne Zaouch, a Jewish family of malouf musicians.<\/p>\n<p>In parallel to a normal education, he also played a lot of music, and in particular guitar.<br \/>At first a teacher in 1956, he joined\u00a0<a href=\"https:\/\/www.iemj.org\/en\/cheikh-raymond-1912-1961\/\" target=\"_blank\" rel=\"noopener\">Cheikh Raymond Leyris<\/a>\u2019s orchestra, the great master of malouf music in which his father played the violin.<br \/>The death of Cheikh Raymond, killed in June 1961, led him to leave Algeria with his wife Suzy (Cheikh Raymond\u2019s daughter). It\u2019s on the &#8220;Ville d\u2019Alger&#8221;\u2019, name of the ship that brought them to France, that he wrote with his guitar the song \u00ab<em>J\u2019ai quitt\u00e9 mon pays, j\u2019ai quitt\u00e9 ma maison\u00a0<\/em>\u00bb (I left my country, I left my home). He settled with his family in Argenteuil.<\/p>\n<p>In Paris, Enrico worked irregularly, with small jobs and performed in cabarets, until he became noticed, and performed the first part of a concert of\u00a0Gilbert B\u00e9caud.<\/p>\n<p><img fetchpriority=\"high\" decoding=\"async\" class=\" aligncenter size-full wp-image-16026\" src=\"https:\/\/www.iemj.org\/wp-content\/uploads\/2017\/11\/doc_1_bio_enrico_macias_500px.jpg\" alt=\"doc_1_bio_enrico_macias_500px.jpg\" width=\"500\" height=\"168\" align=\"middle\" srcset=\"https:\/\/www.iemj.org\/wp-content\/uploads\/2017\/11\/doc_1_bio_enrico_macias_500px.jpg 500w, https:\/\/www.iemj.org\/wp-content\/uploads\/2017\/11\/doc_1_bio_enrico_macias_500px-300x101.jpg 300w\" sizes=\"(max-width: 500px) 100vw, 500px\" \/><\/p>\n<p>Among the several lyricists who wrote the songs of Macias\u2019 repertoire,\u00a0Jacques Demarny\u00a0accompanied a great part of this performer\u2019s career (from the 1960\u2019s to the 1980\u2019s) and was the main author of his repertoire (around 100 songs).<br \/>In 1962, he was seen on television in \u00ab<em>Cinq colonnes \u00e0 la une<\/em>\u00bb that offered coverage on the repatriates from Algeria. His performance of the song \u00ab<em>Adieu mon pays<\/em>\u00bb (Farewell my country), became the symbol of the exile of the Pieds-Noirs. He then chose the nickname\u00a0Enrico Macias.\u00a0Path\u00e9 Marconi\u00a0released his first album in 1963, with the hit song \u00ab<em>Enfants de tous pays<\/em>\u00bb.<\/p>\n<p>Aknowledged worldwide, he received from Kurt Waldheim the title of <em>Singer of Peace<\/em> in 1980.<br \/>In 1985, he received the title of Knight of the\u00a0<em>L\u00e9gion d\u2019honneur<\/em>\u00a0given by the Prime Minister\u00a0Laurent Fabius. He became Officer in April 2007.<\/p>\n<p><strong>Sources :<\/strong><br \/><a href=\"https:\/\/en.wikipedia.org\/wiki\/Enrico_Macias\" target=\"_blank\" rel=\"noopener\">Wikipedia<\/a><\/p>\n<p><a href=\"http:\/\/musique.rfi.fr\/artiste\/chanson\/enrico-macias\" target=\"_blank\" rel=\"noopener\">http:\/\/musique.rfi.fr\/artiste\/chanson\/enrico-macias<\/a><\/p>\n<p><a href=\"https:\/\/www.discogs.com\/fr\/artist\/119715-Enrico-Macias\" target=\"_blank\" rel=\"noopener\">Look at his discography<\/a><\/p>\n<p><a href=\"https:\/\/www.iemj.org\/en\/discs-and-sheet-music-of-enrico-macias\/\" target=\"_blank\" rel=\"noopener\">Discover the discs and music sheets of Enrico Macias, from Maurice Arrouasse\u2019s fonds<\/a><a href=\"https:\/\/www.discogs.com\/fr\/artist\/119715-Enrico-Macias\"><br \/><\/a><a href=\"https:\/\/www.iemj.org\/en\/playlist-speciale-enrico-macias\/\" target=\"_blank\" rel=\"noopener\">Listen to the playlist dedicated to Enrico Macias<\/a><a href=\"https:\/\/www.discogs.com\/fr\/artist\/119715-Enrico-Macias\"><br \/><\/a><a href=\"http:\/\/www.rachelnet.net\/F\/?func=find-c&amp;ccl_term=WRD+%3D+enrico+macias+&amp;local_base=iemcg\" target=\"_blank\" rel=\"noopener\">Look at our archives about Enrico Macias<\/a><\/p>\n\n\n<p><\/p>\n","protected":false},"excerpt":{"rendered":"<p>Enrico Macias is a French singer, musician and composer born in Constantine in Algeria, the 11th of December 1938. His real name is Gaston Ghrenassia, and he is the son<\/p>\n","protected":false},"author":1052,"featured_media":16024,"comment_status":"closed","ping_status":"open","sticky":false,"template":"","format":"standard","meta":{"_acf_changed":false,"footnotes":""},"categories":[903],"tags":[],"technique":[],"squelettes":[],"sujet":[],"formation":[],"genre":[1121,1112],"fonds":[],"tradition":[],"type-de-contenu":[],"interprete-compositeur":[3141],"frise":[],"type-devenement":[],"tableaux-liens-externes":[],"class_list":["post-52164","post","type-post","status-publish","format-standard","has-post-thumbnail","hentry","category-biographies-en","genre-french-song","genre-oriental-en","interprete-compositeur-enrico-macias-en"],"acf":[],"yoast_head":"<!-- This site is optimized with the Yoast SEO plugin v27.3 - https:\/\/yoast.com\/product\/yoast-seo-wordpress\/ -->\n<title>Macias, Enrico (1938) - Institut Europ\u00e9en des Musiques Juives<\/title>\n<meta name=\"robots\" content=\"index, follow, max-snippet:-1, max-image-preview:large, max-video-preview:-1\" \/>\n<link rel=\"canonical\" href=\"https:\/\/www.iemj.org\/en\/macias-enrico-1938\/\" \/>\n<meta property=\"og:locale\" content=\"en_US\" \/>\n<meta property=\"og:type\" content=\"article\" \/>\n<meta property=\"og:title\" content=\"Macias, Enrico (1938) - Institut Europ\u00e9en des Musiques Juives\" \/>\n<meta property=\"og:description\" content=\"Enrico Macias is a French singer, musician and composer born in Constantine in Algeria, the 11th of December 1938. His real name is Gaston Ghrenassia, and he is the son\" \/>\n<meta property=\"og:url\" content=\"https:\/\/www.iemj.org\/en\/macias-enrico-1938\/\" \/>\n<meta property=\"og:site_name\" content=\"Institut Europ\u00e9en des Musiques Juives\" \/>\n<meta property=\"article:publisher\" content=\"https:\/\/www.facebook.com\/MusiquesJuives\/\" \/>\n<meta property=\"article:published_time\" content=\"2017-11-21T16:04:57+00:00\" \/>\n<meta property=\"article:modified_time\" content=\"2022-10-10T14:36:57+00:00\" \/>\n<meta property=\"og:image\" content=\"https:\/\/www.iemj.org\/wp-content\/uploads\/2017\/11\/arton2611-e1625058409714.jpg\" \/>\n\t<meta property=\"og:image:width\" content=\"253\" \/>\n\t<meta property=\"og:image:height\" content=\"218\" \/>\n\t<meta property=\"og:image:type\" content=\"image\/jpeg\" \/>\n<meta name=\"author\" content=\"Lea Couderc\" \/>\n<meta name=\"twitter:card\" content=\"summary_large_image\" \/>\n<meta name=\"twitter:label1\" content=\"Written by\" \/>\n\t<meta name=\"twitter:data1\" content=\"Lea Couderc\" \/>\n\t<meta name=\"twitter:label2\" content=\"Est. reading time\" \/>\n\t<meta name=\"twitter:data2\" content=\"3 minutes\" \/>\n<script type=\"application\/ld+json\" class=\"yoast-schema-graph\">{\"@context\":\"https:\\\/\\\/schema.org\",\"@graph\":[{\"@type\":\"Article\",\"@id\":\"https:\\\/\\\/www.iemj.org\\\/en\\\/macias-enrico-1938\\\/#article\",\"isPartOf\":{\"@id\":\"https:\\\/\\\/www.iemj.org\\\/en\\\/macias-enrico-1938\\\/\"},\"author\":{\"name\":\"Lea Couderc\",\"@id\":\"https:\\\/\\\/www.iemj.org\\\/en\\\/#\\\/schema\\\/person\\\/e2ad57f2c4be119c7ed8ab79036807a9\"},\"headline\":\"Macias, Enrico (1938)\",\"datePublished\":\"2017-11-21T16:04:57+00:00\",\"dateModified\":\"2022-10-10T14:36:57+00:00\",\"mainEntityOfPage\":{\"@id\":\"https:\\\/\\\/www.iemj.org\\\/en\\\/macias-enrico-1938\\\/\"},\"wordCount\":362,\"publisher\":{\"@id\":\"https:\\\/\\\/www.iemj.org\\\/en\\\/#organization\"},\"image\":{\"@id\":\"https:\\\/\\\/www.iemj.org\\\/en\\\/macias-enrico-1938\\\/#primaryimage\"},\"thumbnailUrl\":\"https:\\\/\\\/www.iemj.org\\\/wp-content\\\/uploads\\\/2017\\\/11\\\/arton2611-e1625058409714.jpg\",\"articleSection\":[\"Biographies\"],\"inLanguage\":\"en-US\"},{\"@type\":\"WebPage\",\"@id\":\"https:\\\/\\\/www.iemj.org\\\/en\\\/macias-enrico-1938\\\/\",\"url\":\"https:\\\/\\\/www.iemj.org\\\/en\\\/macias-enrico-1938\\\/\",\"name\":\"Macias, Enrico (1938) - Institut Europ\u00e9en des Musiques Juives\",\"isPartOf\":{\"@id\":\"https:\\\/\\\/www.iemj.org\\\/en\\\/#website\"},\"primaryImageOfPage\":{\"@id\":\"https:\\\/\\\/www.iemj.org\\\/en\\\/macias-enrico-1938\\\/#primaryimage\"},\"image\":{\"@id\":\"https:\\\/\\\/www.iemj.org\\\/en\\\/macias-enrico-1938\\\/#primaryimage\"},\"thumbnailUrl\":\"https:\\\/\\\/www.iemj.org\\\/wp-content\\\/uploads\\\/2017\\\/11\\\/arton2611-e1625058409714.jpg\",\"datePublished\":\"2017-11-21T16:04:57+00:00\",\"dateModified\":\"2022-10-10T14:36:57+00:00\",\"breadcrumb\":{\"@id\":\"https:\\\/\\\/www.iemj.org\\\/en\\\/macias-enrico-1938\\\/#breadcrumb\"},\"inLanguage\":\"en-US\",\"potentialAction\":[{\"@type\":\"ReadAction\",\"target\":[\"https:\\\/\\\/www.iemj.org\\\/en\\\/macias-enrico-1938\\\/\"]}]},{\"@type\":\"ImageObject\",\"inLanguage\":\"en-US\",\"@id\":\"https:\\\/\\\/www.iemj.org\\\/en\\\/macias-enrico-1938\\\/#primaryimage\",\"url\":\"https:\\\/\\\/www.iemj.org\\\/wp-content\\\/uploads\\\/2017\\\/11\\\/arton2611-e1625058409714.jpg\",\"contentUrl\":\"https:\\\/\\\/www.iemj.org\\\/wp-content\\\/uploads\\\/2017\\\/11\\\/arton2611-e1625058409714.jpg\",\"width\":253,\"height\":218,\"caption\":\"logo bio Enrico Macias\"},{\"@type\":\"BreadcrumbList\",\"@id\":\"https:\\\/\\\/www.iemj.org\\\/en\\\/macias-enrico-1938\\\/#breadcrumb\",\"itemListElement\":[{\"@type\":\"ListItem\",\"position\":1,\"name\":\"Accueil\",\"item\":\"https:\\\/\\\/www.iemj.org\\\/en\\\/\"},{\"@type\":\"ListItem\",\"position\":2,\"name\":\"Macias, Enrico (1938)\"}]},{\"@type\":\"WebSite\",\"@id\":\"https:\\\/\\\/www.iemj.org\\\/en\\\/#website\",\"url\":\"https:\\\/\\\/www.iemj.org\\\/en\\\/\",\"name\":\"Institut Europ\u00e9en des Musiques Juives\",\"description\":\"Des traditions musicales \u00e0 la port\u00e9e de tous\",\"publisher\":{\"@id\":\"https:\\\/\\\/www.iemj.org\\\/en\\\/#organization\"},\"potentialAction\":[{\"@type\":\"SearchAction\",\"target\":{\"@type\":\"EntryPoint\",\"urlTemplate\":\"https:\\\/\\\/www.iemj.org\\\/en\\\/?s={search_term_string}\"},\"query-input\":{\"@type\":\"PropertyValueSpecification\",\"valueRequired\":true,\"valueName\":\"search_term_string\"}}],\"inLanguage\":\"en-US\"},{\"@type\":\"Organization\",\"@id\":\"https:\\\/\\\/www.iemj.org\\\/en\\\/#organization\",\"name\":\"Institut Europ\u00e9en des Musiques Juives\",\"url\":\"https:\\\/\\\/www.iemj.org\\\/en\\\/\",\"logo\":{\"@type\":\"ImageObject\",\"inLanguage\":\"en-US\",\"@id\":\"https:\\\/\\\/www.iemj.org\\\/en\\\/#\\\/schema\\\/logo\\\/image\\\/\",\"url\":\"https:\\\/\\\/www.iemj.org\\\/wp-content\\\/uploads\\\/2021\\\/09\\\/Logo-IEMJ-Paypal.jpg\",\"contentUrl\":\"https:\\\/\\\/www.iemj.org\\\/wp-content\\\/uploads\\\/2021\\\/09\\\/Logo-IEMJ-Paypal.jpg\",\"width\":150,\"height\":50,\"caption\":\"Institut Europ\u00e9en des Musiques Juives\"},\"image\":{\"@id\":\"https:\\\/\\\/www.iemj.org\\\/en\\\/#\\\/schema\\\/logo\\\/image\\\/\"},\"sameAs\":[\"https:\\\/\\\/www.facebook.com\\\/MusiquesJuives\\\/\",\"https:\\\/\\\/www.instagram.com\\\/musiquesjuives\\\/\",\"https:\\\/\\\/www.youtube.com\\\/user\\\/musiquesjuives\"]},{\"@type\":\"Person\",\"@id\":\"https:\\\/\\\/www.iemj.org\\\/en\\\/#\\\/schema\\\/person\\\/e2ad57f2c4be119c7ed8ab79036807a9\",\"name\":\"Lea Couderc\",\"image\":{\"@type\":\"ImageObject\",\"inLanguage\":\"en-US\",\"@id\":\"https:\\\/\\\/secure.gravatar.com\\\/avatar\\\/46ee021475d60aeff17a7e490b79dea5a5684bb392ab7fd1494027411df8ba23?s=96&d=mm&r=g\",\"url\":\"https:\\\/\\\/secure.gravatar.com\\\/avatar\\\/46ee021475d60aeff17a7e490b79dea5a5684bb392ab7fd1494027411df8ba23?s=96&d=mm&r=g\",\"contentUrl\":\"https:\\\/\\\/secure.gravatar.com\\\/avatar\\\/46ee021475d60aeff17a7e490b79dea5a5684bb392ab7fd1494027411df8ba23?s=96&d=mm&r=g\",\"caption\":\"Lea Couderc\"}}]}<\/script>\n<!-- \/ Yoast SEO plugin. -->","yoast_head_json":{"title":"Macias, Enrico (1938) - Institut Europ\u00e9en des Musiques Juives","robots":{"index":"index","follow":"follow","max-snippet":"max-snippet:-1","max-image-preview":"max-image-preview:large","max-video-preview":"max-video-preview:-1"},"canonical":"https:\/\/www.iemj.org\/en\/macias-enrico-1938\/","og_locale":"en_US","og_type":"article","og_title":"Macias, Enrico (1938) - Institut Europ\u00e9en des Musiques Juives","og_description":"Enrico Macias is a French singer, musician and composer born in Constantine in Algeria, the 11th of December 1938. His real name is Gaston Ghrenassia, and he is the son","og_url":"https:\/\/www.iemj.org\/en\/macias-enrico-1938\/","og_site_name":"Institut Europ\u00e9en des Musiques Juives","article_publisher":"https:\/\/www.facebook.com\/MusiquesJuives\/","article_published_time":"2017-11-21T16:04:57+00:00","article_modified_time":"2022-10-10T14:36:57+00:00","og_image":[{"width":253,"height":218,"url":"https:\/\/www.iemj.org\/wp-content\/uploads\/2017\/11\/arton2611-e1625058409714.jpg","type":"image\/jpeg"}],"author":"Lea Couderc","twitter_card":"summary_large_image","twitter_misc":{"Written by":"Lea Couderc","Est. reading time":"3 minutes"},"schema":{"@context":"https:\/\/schema.org","@graph":[{"@type":"Article","@id":"https:\/\/www.iemj.org\/en\/macias-enrico-1938\/#article","isPartOf":{"@id":"https:\/\/www.iemj.org\/en\/macias-enrico-1938\/"},"author":{"name":"Lea Couderc","@id":"https:\/\/www.iemj.org\/en\/#\/schema\/person\/e2ad57f2c4be119c7ed8ab79036807a9"},"headline":"Macias, Enrico (1938)","datePublished":"2017-11-21T16:04:57+00:00","dateModified":"2022-10-10T14:36:57+00:00","mainEntityOfPage":{"@id":"https:\/\/www.iemj.org\/en\/macias-enrico-1938\/"},"wordCount":362,"publisher":{"@id":"https:\/\/www.iemj.org\/en\/#organization"},"image":{"@id":"https:\/\/www.iemj.org\/en\/macias-enrico-1938\/#primaryimage"},"thumbnailUrl":"https:\/\/www.iemj.org\/wp-content\/uploads\/2017\/11\/arton2611-e1625058409714.jpg","articleSection":["Biographies"],"inLanguage":"en-US"},{"@type":"WebPage","@id":"https:\/\/www.iemj.org\/en\/macias-enrico-1938\/","url":"https:\/\/www.iemj.org\/en\/macias-enrico-1938\/","name":"Macias, Enrico (1938) - Institut Europ\u00e9en des Musiques Juives","isPartOf":{"@id":"https:\/\/www.iemj.org\/en\/#website"},"primaryImageOfPage":{"@id":"https:\/\/www.iemj.org\/en\/macias-enrico-1938\/#primaryimage"},"image":{"@id":"https:\/\/www.iemj.org\/en\/macias-enrico-1938\/#primaryimage"},"thumbnailUrl":"https:\/\/www.iemj.org\/wp-content\/uploads\/2017\/11\/arton2611-e1625058409714.jpg","datePublished":"2017-11-21T16:04:57+00:00","dateModified":"2022-10-10T14:36:57+00:00","breadcrumb":{"@id":"https:\/\/www.iemj.org\/en\/macias-enrico-1938\/#breadcrumb"},"inLanguage":"en-US","potentialAction":[{"@type":"ReadAction","target":["https:\/\/www.iemj.org\/en\/macias-enrico-1938\/"]}]},{"@type":"ImageObject","inLanguage":"en-US","@id":"https:\/\/www.iemj.org\/en\/macias-enrico-1938\/#primaryimage","url":"https:\/\/www.iemj.org\/wp-content\/uploads\/2017\/11\/arton2611-e1625058409714.jpg","contentUrl":"https:\/\/www.iemj.org\/wp-content\/uploads\/2017\/11\/arton2611-e1625058409714.jpg","width":253,"height":218,"caption":"logo bio Enrico Macias"},{"@type":"BreadcrumbList","@id":"https:\/\/www.iemj.org\/en\/macias-enrico-1938\/#breadcrumb","itemListElement":[{"@type":"ListItem","position":1,"name":"Accueil","item":"https:\/\/www.iemj.org\/en\/"},{"@type":"ListItem","position":2,"name":"Macias, Enrico (1938)"}]},{"@type":"WebSite","@id":"https:\/\/www.iemj.org\/en\/#website","url":"https:\/\/www.iemj.org\/en\/","name":"Institut Europ\u00e9en des Musiques Juives","description":"Des traditions musicales \u00e0 la port\u00e9e de tous","publisher":{"@id":"https:\/\/www.iemj.org\/en\/#organization"},"potentialAction":[{"@type":"SearchAction","target":{"@type":"EntryPoint","urlTemplate":"https:\/\/www.iemj.org\/en\/?s={search_term_string}"},"query-input":{"@type":"PropertyValueSpecification","valueRequired":true,"valueName":"search_term_string"}}],"inLanguage":"en-US"},{"@type":"Organization","@id":"https:\/\/www.iemj.org\/en\/#organization","name":"Institut Europ\u00e9en des Musiques Juives","url":"https:\/\/www.iemj.org\/en\/","logo":{"@type":"ImageObject","inLanguage":"en-US","@id":"https:\/\/www.iemj.org\/en\/#\/schema\/logo\/image\/","url":"https:\/\/www.iemj.org\/wp-content\/uploads\/2021\/09\/Logo-IEMJ-Paypal.jpg","contentUrl":"https:\/\/www.iemj.org\/wp-content\/uploads\/2021\/09\/Logo-IEMJ-Paypal.jpg","width":150,"height":50,"caption":"Institut Europ\u00e9en des Musiques Juives"},"image":{"@id":"https:\/\/www.iemj.org\/en\/#\/schema\/logo\/image\/"},"sameAs":["https:\/\/www.facebook.com\/MusiquesJuives\/","https:\/\/www.instagram.com\/musiquesjuives\/","https:\/\/www.youtube.com\/user\/musiquesjuives"]},{"@type":"Person","@id":"https:\/\/www.iemj.org\/en\/#\/schema\/person\/e2ad57f2c4be119c7ed8ab79036807a9","name":"Lea Couderc","image":{"@type":"ImageObject","inLanguage":"en-US","@id":"https:\/\/secure.gravatar.com\/avatar\/46ee021475d60aeff17a7e490b79dea5a5684bb392ab7fd1494027411df8ba23?s=96&d=mm&r=g","url":"https:\/\/secure.gravatar.com\/avatar\/46ee021475d60aeff17a7e490b79dea5a5684bb392ab7fd1494027411df8ba23?s=96&d=mm&r=g","contentUrl":"https:\/\/secure.gravatar.com\/avatar\/46ee021475d60aeff17a7e490b79dea5a5684bb392ab7fd1494027411df8ba23?s=96&d=mm&r=g","caption":"Lea Couderc"}}]}},"_links":{"self":[{"href":"https:\/\/www.iemj.org\/en\/wp-json\/wp\/v2\/posts\/52164","targetHints":{"allow":["GET"]}}],"collection":[{"href":"https:\/\/www.iemj.org\/en\/wp-json\/wp\/v2\/posts"}],"about":[{"href":"https:\/\/www.iemj.org\/en\/wp-json\/wp\/v2\/types\/post"}],"author":[{"embeddable":true,"href":"https:\/\/www.iemj.org\/en\/wp-json\/wp\/v2\/users\/1052"}],"replies":[{"embeddable":true,"href":"https:\/\/www.iemj.org\/en\/wp-json\/wp\/v2\/comments?post=52164"}],"version-history":[{"count":0,"href":"https:\/\/www.iemj.org\/en\/wp-json\/wp\/v2\/posts\/52164\/revisions"}],"wp:featuredmedia":[{"embeddable":true,"href":"https:\/\/www.iemj.org\/en\/wp-json\/wp\/v2\/media\/16024"}],"wp:attachment":[{"href":"https:\/\/www.iemj.org\/en\/wp-json\/wp\/v2\/media?parent=52164"}],"wp:term":[{"taxonomy":"category","embeddable":true,"href":"https:\/\/www.iemj.org\/en\/wp-json\/wp\/v2\/categories?post=52164"},{"taxonomy":"post_tag","embeddable":true,"href":"https:\/\/www.iemj.org\/en\/wp-json\/wp\/v2\/tags?post=52164"},{"taxonomy":"technique","embeddable":true,"href":"https:\/\/www.iemj.org\/en\/wp-json\/wp\/v2\/technique?post=52164"},{"taxonomy":"squelettes","embeddable":true,"href":"https:\/\/www.iemj.org\/en\/wp-json\/wp\/v2\/squelettes?post=52164"},{"taxonomy":"sujet","embeddable":true,"href":"https:\/\/www.iemj.org\/en\/wp-json\/wp\/v2\/sujet?post=52164"},{"taxonomy":"formation","embeddable":true,"href":"https:\/\/www.iemj.org\/en\/wp-json\/wp\/v2\/formation?post=52164"},{"taxonomy":"genre","embeddable":true,"href":"https:\/\/www.iemj.org\/en\/wp-json\/wp\/v2\/genre?post=52164"},{"taxonomy":"fonds","embeddable":true,"href":"https:\/\/www.iemj.org\/en\/wp-json\/wp\/v2\/fonds?post=52164"},{"taxonomy":"tradition","embeddable":true,"href":"https:\/\/www.iemj.org\/en\/wp-json\/wp\/v2\/tradition?post=52164"},{"taxonomy":"type-de-contenu","embeddable":true,"href":"https:\/\/www.iemj.org\/en\/wp-json\/wp\/v2\/type-de-contenu?post=52164"},{"taxonomy":"interprete-compositeur","embeddable":true,"href":"https:\/\/www.iemj.org\/en\/wp-json\/wp\/v2\/interprete-compositeur?post=52164"},{"taxonomy":"frise","embeddable":true,"href":"https:\/\/www.iemj.org\/en\/wp-json\/wp\/v2\/frise?post=52164"},{"taxonomy":"type-devenement","embeddable":true,"href":"https:\/\/www.iemj.org\/en\/wp-json\/wp\/v2\/type-devenement?post=52164"},{"taxonomy":"tableaux-liens-externes","embeddable":true,"href":"https:\/\/www.iemj.org\/en\/wp-json\/wp\/v2\/tableaux-liens-externes?post=52164"}],"curies":[{"name":"wp","href":"https:\/\/api.w.org\/{rel}","templated":true}]}}