{"id":52227,"date":"2018-04-16T15:20:13","date_gmt":"2018-04-16T13:20:13","guid":{"rendered":"https:\/\/www.iemj.org\/nardi-nahum-1901-1977\/"},"modified":"2025-09-08T18:19:56","modified_gmt":"2025-09-08T16:19:56","slug":"nardi-nahum-1901-1977","status":"publish","type":"post","link":"https:\/\/www.iemj.org\/en\/nardi-nahum-1901-1977\/","title":{"rendered":"Nardi, Nahum (1901-1977)"},"content":{"rendered":"<p>He began his piano studies at age seven, further pursuing them at the Kiev Conservatory, where he graduated with honors in 1919. Subsequently, he studied at the Warsaw Conservatory and at the Vienna Music Academy, graduating in 1922. Following his graduation, Nardi began performing across Europe, playing classical repertoire in his concerts. In 1923 he immigrated to Palestine and continued performing, combining his classical repertoire with folk music, such as Russian folksongs, Hassidic music and Hebrew songs. In addition to giving concerts, he also worked as a piano teacher. During the same period, following the advice of Itamar Ben-Avi, the Narodietzky family decided to change its name to Nardi.<\/p>\n<p>In May 1929, Nardi and the violinist\u00a0Moshe Weisbord, Moshe Weisbord, whom he accompanied on the piano, went on tour in Europe. During that tour, while visiting the Jewish Community center in Berlin, Nardi met the Yemenite singer\u00a0<a href=\"https:\/\/www.iemj.org\/en\/zefira-bracha-1910-1990\/\" target=\"_blank\" rel=\"noopener\">Brakha Tzefira<\/a>, who studied in Berlin at that time. Their acquaintance lead to marriage and the birth of their daughter Na\u2019ama (1931-1989), and they began a joint concert tour of Jewish communities in Poland, Germany, Latvia, Belgium, Holland and France. In September 1929, Nardi and Tzefira returned to Palestine, and proceeded with their joint concerts. In 1931 they performed in Egypt, in Alexandria and Cairo, where they would perform again five years later. In 1936 they performed at the opening ceremony of\u00a0<em>The Palestine Broadcasting Service<\/em>, a performance which established the status of their new music in the eyes of critics.The next year, they recorded several songs for\u00a0Columbia Records, also embarking on a tour in the U.S. sponsored by the company.<\/p>\n<p><img decoding=\"async\" class=\" alignleft size-full wp-image-18943\" src=\"https:\/\/www.iemj.org\/wp-content\/uploads\/2018\/04\/nahum_nardi_2.jpg\" alt=\"nahum_nardi_2.jpg\" width=\"148\" height=\"200\" align=\"left\" \/> Following their return to Palestine, their relationship became strained, owing partly to a professional dispute. The dispute, according to Tzefira, began when Nardi did not agree to include songs other than his own in their performances. They finally separated In February 1939, though they occasionally performed joint concerts together until July of that year, when they began performing separately. Their separation climaxed in a lawsuit filed by Nardi for rights over their songs, which he lost.<\/p>\n<p>Tzefira\u2019s work in collecting melodies and songs from the local Arab residents of Palestine and from Jewish communities from Yemen, Persia, Bukhara and the Sephardic community, had a unique influence on Nardi\u2019s musical development. During their work together he arranged the melodies she sang, and he gave them a new interpretation, while all the while composing new melodies in the same spirit. The melodies of songs like\u00a0<em>Aley Giv\u2019a<\/em>,\u00a0<em>Yesh Li Gan<\/em>, and\u00a0<em>Ben Nahar Prat<\/em>, are examples of melodies with Arabic origins. Nardi developed a unique style of piano accompaniment for his concerts with Tzefira and for their new songs.<\/p>\n<p>After his separation from Tzefira, Nardi went back to playing classical concert music, for which he received ambivalent criticism. From thereafter he turned to tutoring and accompanying other singers, most of them of Yemenite origin. Gradually he retired from the concert hall. Also, according to Yerimi, due to the demanding preparations that these kinds of concerts required, he returned to focusing on composition and accompanying and training singers to perform his songs. In 1947 he represented Israel at the &#8220;World Congress of Music and Sound&#8221; in Paris, where his music was received with enthusiasm. In 1949 the U.S. television network NBC aired a show about the life and work of Nardi. During the same year, Nardi composed the ballet suite\u00a0<em>Mapala Venitzahon<\/em>\u00a0which was performed at Madison Square Garden in New York.<\/p>\n<p><img fetchpriority=\"high\" decoding=\"async\" class=\" alignright size-full wp-image-18945\" src=\"https:\/\/www.iemj.org\/wp-content\/uploads\/2018\/04\/d78-25_476a_couv.jpg\" alt=\"d78-25_476a_couv.jpg\" width=\"300\" height=\"298\" align=\"right\" srcset=\"https:\/\/www.iemj.org\/wp-content\/uploads\/2018\/04\/d78-25_476a_couv.jpg 300w, https:\/\/www.iemj.org\/wp-content\/uploads\/2018\/04\/d78-25_476a_couv-150x150.jpg 150w, https:\/\/www.iemj.org\/wp-content\/uploads\/2018\/04\/d78-25_476a_couv-100x100.jpg 100w\" sizes=\"(max-width: 300px) 100vw, 300px\" \/>Nardi established a girls\u2019 choir, and invited the singer\u00a0Ahuva Tsadok\u00a0to sing in it. Subsequently, the two were married in 1955 and had a son, Yair. With Tsadok, Nardi performed in concerts around Israel, and in 1956, they embarked on a long tour of the U.S. During this tour they performed at Carnegie Hall and at many other famous New York halls. The couple divorced after three years of marriage. Nardi continued working with other singers, including\u00a0Miryam Ya\u2019akobi, whom he accompanied in concerts in Israel and the U.S.<\/p>\n<p>Nardi\u2019s line of work with female Yemenite singers was preserved throughout his career, likely due to his will to achieve proper expression for his oriental-influenced music, and to work with a singer who could transmit his music. The Yemenite singers he worked with include\u00a0Brakha Tzefira,\u00a0Shoshana Damari,\u00a0Esther Gamli\u2019elit,\u00a0Hanna Aharoni,\u00a0Ahuva Tsadok, and\u00a0Miryam Ya\u2019akovi. In addition, he also played with singers of different origin, such as\u00a0Sarah Ye\u2019ari\u00a0and\u00a0Marta Schlamme, producing somewhat different results.<\/p>\n<p><img decoding=\"async\" class=\" alignleft size-full wp-image-18947\" src=\"https:\/\/www.iemj.org\/wp-content\/uploads\/2018\/04\/p_3236_vig.jpg\" alt=\"p_3236_vig.jpg\" width=\"283\" height=\"400\" align=\"left\" srcset=\"https:\/\/www.iemj.org\/wp-content\/uploads\/2018\/04\/p_3236_vig.jpg 283w, https:\/\/www.iemj.org\/wp-content\/uploads\/2018\/04\/p_3236_vig-212x300.jpg 212w\" sizes=\"(max-width: 283px) 100vw, 283px\" \/>As a composer, Nardi composed 1,111 songs, as mentioned by Eliyahu Cohen in a Radio interview with the composer. Three hundred of these are children\u2019s songs, and eighty are set to\u00a0Hayim Nachman Bialik\u2019s poems (see video example). Nardi\u2019s acquaintance with Bialik began when he invited the poet to his concert in order for him to hear the music he composed for his poems. Nardi continued to invite Bialik to listen to new melodies for his children\u2019s songs, and the enthusiasm of the poet encouraged Nardi to continue composing Bialik\u2019s poems. After Bialik\u2019s death, Nardi continued to compose his poems, and when he noticed that he had composed most of his children\u2019s songs, he decided to finish the job and compose them all. Nardi also composed other poets\u2019 children\u2019s songs, such as those of\u00a0Levin Kipnis. Additional poets whose poems he composed are, to name a few,\u00a0Natan Alterman\u00a0<em>(Shir Ha\u2019avoda)<\/em>,\u00a0Ya\u2019akov Pichman\u00a0<em>(Al Na Tagidi Li Shalom)<\/em>,\u00a0Alexander Pen\u00a0<em>(Shishi Admat Hasharon)<\/em>.<\/p>\n<p>In addition to his songs, Nardi also wrote incidental music for the theater. Several examples include the play\u00a0<em>Megilat Esther<\/em>, which was performed at the Erets-Yisraeli Theater of Gnessin, in 1928, and\u00a0<em>Bamitbakh<\/em>\u00a0by\u00a0Shalom Aleikhem, performed at Habimah Theater in 1947. In the medium of art music, Nardi composed several piano pieces, such as:\u00a0<em>Fantasia Lemahol<\/em>, and\u00a0<em>Yeled Li Nitan<\/em>\u00a0which is based on a melody of a Sephardic Romance. And other works, such as:\u00a0<em>24 variations for orchestra<\/em>;\u00a0<em>Suite for Bassoon and Clarinet<\/em>;\u00a0<em>Yemenite Wedding<\/em>;\u00a0<em>Shepherd\u2019s Suite<\/em>;\u00a0<em>Trumpet Concierto<\/em>;\u00a0<em>Eastern Suite for Voice, Cello and Clarinet<\/em>; and several cantatas.<\/p>\n<p>In May 1958, Nardi was awarded the Alconi Award, (part of the Engel Award). Apart from Bialik, famous people who appreciated his work include the poet\u00a0Shaul Tchernichovsky\u00a0and\u00a0Albert Einstein. During the last years of his life, Nardi disappeared from the public eye, and lived in relative solitude in Tel Aviv, though he received attention and care from a woman who admired his art.<\/p>\n<p>Nahum Nardi died in Tel Aviv in 1977 following several brain strokes. The Tel Aviv City Council, then headed by mayor Shlomo Lahat, conducted his funeral, and put the gravestone on his grave in Kiryat Sha\u2019ul. After his death his family members, Rahel and Eran Nardi, collected his artistic legacy which included musical scores, recordings, and other documents, and handed it to the Archive of Israeli Music at Tel Aviv University. In September 2005, the Tel Aviv City Council erected a memorial board for Nardi on Kalonymus Street, where Nardi spent his last years. During Tel Aviv\u2019s centennial year, the council decided to name a street after Nardi.<\/p>\n<p><a href=\"http:\/\/www.jewish-music.huji.ac.il\/content\/nahum-nardi\">Read the article on the Jewish Music Research Center\u2019s website<\/a><\/p>\n<p><a href=\"https:\/\/www.iemj.org\/en\/zefira-bracha-1910-1990\/\" target=\"_blank\" rel=\"noopener\">Read the biography of Bracha Zefira<\/a><\/p>\n<p><iframe src=\"https:\/\/www.youtube.com\/embed\/XoeDCZ8C4ho?rel=0\" width=\"560\" height=\"315\" frameborder=\"0\" allowfullscreen=\"allowfullscreen\"><\/iframe><\/p>\n<p><strong><em>Nahum Nardi and Brakha Tzefira performing\u00a0Shir Ha\u2019avoda Vehamlacha<\/em><\/strong><\/p>\n<p><strong><em><br \/><img loading=\"lazy\" decoding=\"async\" class=\" aligncenter size-full wp-image-18949\" src=\"https:\/\/www.iemj.org\/wp-content\/uploads\/2018\/04\/nardi_33.jpg\" alt=\"nardi_33.jpg\" width=\"400\" height=\"300\" align=\"middle\" srcset=\"https:\/\/www.iemj.org\/wp-content\/uploads\/2018\/04\/nardi_33.jpg 400w, https:\/\/www.iemj.org\/wp-content\/uploads\/2018\/04\/nardi_33-300x225.jpg 300w\" sizes=\"(max-width: 400px) 100vw, 400px\" \/><br \/><\/em><\/strong><\/p>\n\n\n<h2 class=\"wp-block-heading\"><\/h2>\n\n\n<div class=\"wp-block-image\">\n<figure class=\"aligncenter size-large\"><img loading=\"lazy\" decoding=\"async\" width=\"1024\" height=\"133\" src=\"https:\/\/www.iemj.org\/wp-content\/uploads\/2024\/03\/AUDIO-PLAYER-1024x133.png\" alt=\"\" class=\"wp-image-110607\" srcset=\"https:\/\/www.iemj.org\/wp-content\/uploads\/2024\/03\/AUDIO-PLAYER-1024x133.png 1024w, https:\/\/www.iemj.org\/wp-content\/uploads\/2024\/03\/AUDIO-PLAYER-300x39.png 300w, https:\/\/www.iemj.org\/wp-content\/uploads\/2024\/03\/AUDIO-PLAYER-768x100.png 768w, https:\/\/www.iemj.org\/wp-content\/uploads\/2024\/03\/AUDIO-PLAYER-600x78.png 600w, https:\/\/www.iemj.org\/wp-content\/uploads\/2024\/03\/AUDIO-PLAYER.png 1210w\" sizes=\"(max-width: 1024px) 100vw, 1024px\" \/><\/figure>\n<\/div>\n\n\n<div class=\"wp-block-file\"><a href=\"https:\/\/www.iemj.org\/wp-content\/uploads\/2018\/04\/al_tiruni_tzadok.mp3\">Al Tiruni, Nardi\/Tsadok (Extrait)<\/a><\/div>\n\n\n\n<div class=\"wp-block-file\"><a href=\"https:\/\/www.iemj.org\/wp-content\/uploads\/2018\/04\/gina_li_schlamme.mp3\">Gina Li, Nardi\/Schlamme (Extrait)<\/a><\/div>\n\n\n\n<div class=\"wp-block-file\"><a href=\"https:\/\/www.iemj.org\/wp-content\/uploads\/2018\/04\/adarim_tzefira.mp3\">Adarim, Nardi\/Tzefira (Extrait)<\/a><\/div>\n","protected":false},"excerpt":{"rendered":"<p>He began his piano studies at age seven, further pursuing them at the Kiev Conservatory, where he graduated with honors in 1919. Subsequently, he studied at the Warsaw Conservatory and<\/p>\n","protected":false},"author":1048,"featured_media":18941,"comment_status":"closed","ping_status":"closed","sticky":false,"template":"","format":"standard","meta":{"_acf_changed":false,"footnotes":""},"categories":[903],"tags":[],"technique":[],"squelettes":[],"sujet":[],"formation":[],"genre":[],"fonds":[],"tradition":[],"type-de-contenu":[],"interprete-compositeur":[],"frise":[],"type-devenement":[],"tableaux-liens-externes":[],"class_list":["post-52227","post","type-post","status-publish","format-standard","has-post-thumbnail","hentry","category-biographies-en"],"acf":[],"yoast_head":"<!-- This site is optimized with the Yoast SEO plugin v27.3 - https:\/\/yoast.com\/product\/yoast-seo-wordpress\/ -->\n<title>Nardi, Nahum (1901-1977) - Institut Europ\u00e9en des Musiques Juives<\/title>\n<meta name=\"robots\" content=\"index, follow, max-snippet:-1, max-image-preview:large, max-video-preview:-1\" \/>\n<link rel=\"canonical\" href=\"https:\/\/www.iemj.org\/en\/nardi-nahum-1901-1977\/\" \/>\n<meta property=\"og:locale\" content=\"en_US\" \/>\n<meta property=\"og:type\" content=\"article\" \/>\n<meta property=\"og:title\" content=\"Nardi, Nahum (1901-1977) - Institut Europ\u00e9en des Musiques Juives\" \/>\n<meta property=\"og:description\" content=\"He began his piano studies at age seven, further pursuing them at the Kiev Conservatory, where he graduated with honors in 1919. Subsequently, he studied at the Warsaw Conservatory and\" \/>\n<meta property=\"og:url\" content=\"https:\/\/www.iemj.org\/en\/nardi-nahum-1901-1977\/\" \/>\n<meta property=\"og:site_name\" content=\"Institut Europ\u00e9en des Musiques Juives\" \/>\n<meta property=\"article:publisher\" content=\"https:\/\/www.facebook.com\/MusiquesJuives\/\" \/>\n<meta property=\"article:published_time\" content=\"2018-04-16T13:20:13+00:00\" \/>\n<meta property=\"article:modified_time\" content=\"2025-09-08T16:19:56+00:00\" \/>\n<meta property=\"og:image\" content=\"https:\/\/www.iemj.org\/wp-content\/uploads\/2018\/04\/arton3280-e1625060464502.jpg\" \/>\n\t<meta property=\"og:image:width\" content=\"160\" \/>\n\t<meta property=\"og:image:height\" content=\"218\" \/>\n\t<meta property=\"og:image:type\" content=\"image\/jpeg\" \/>\n<meta name=\"author\" content=\"Jean-Gabriel Davis\" \/>\n<meta name=\"twitter:card\" content=\"summary_large_image\" \/>\n<meta name=\"twitter:label1\" content=\"Written by\" \/>\n\t<meta name=\"twitter:data1\" content=\"Jean-Gabriel Davis\" \/>\n\t<meta name=\"twitter:label2\" content=\"Est. reading time\" \/>\n\t<meta name=\"twitter:data2\" content=\"8 minutes\" \/>\n<script type=\"application\/ld+json\" class=\"yoast-schema-graph\">{\"@context\":\"https:\\\/\\\/schema.org\",\"@graph\":[{\"@type\":\"Article\",\"@id\":\"https:\\\/\\\/www.iemj.org\\\/en\\\/nardi-nahum-1901-1977\\\/#article\",\"isPartOf\":{\"@id\":\"https:\\\/\\\/www.iemj.org\\\/en\\\/nardi-nahum-1901-1977\\\/\"},\"author\":{\"name\":\"Jean-Gabriel Davis\",\"@id\":\"https:\\\/\\\/www.iemj.org\\\/en\\\/#\\\/schema\\\/person\\\/c9bc1c386a3749579a2d675e72a18666\"},\"headline\":\"Nardi, Nahum (1901-1977)\",\"datePublished\":\"2018-04-16T13:20:13+00:00\",\"dateModified\":\"2025-09-08T16:19:56+00:00\",\"mainEntityOfPage\":{\"@id\":\"https:\\\/\\\/www.iemj.org\\\/en\\\/nardi-nahum-1901-1977\\\/\"},\"wordCount\":1235,\"publisher\":{\"@id\":\"https:\\\/\\\/www.iemj.org\\\/en\\\/#organization\"},\"image\":{\"@id\":\"https:\\\/\\\/www.iemj.org\\\/en\\\/nardi-nahum-1901-1977\\\/#primaryimage\"},\"thumbnailUrl\":\"https:\\\/\\\/www.iemj.org\\\/wp-content\\\/uploads\\\/2018\\\/04\\\/arton3280-e1625060464502.jpg\",\"articleSection\":[\"Biographies\"],\"inLanguage\":\"en-US\"},{\"@type\":\"WebPage\",\"@id\":\"https:\\\/\\\/www.iemj.org\\\/en\\\/nardi-nahum-1901-1977\\\/\",\"url\":\"https:\\\/\\\/www.iemj.org\\\/en\\\/nardi-nahum-1901-1977\\\/\",\"name\":\"Nardi, Nahum (1901-1977) - Institut Europ\u00e9en des Musiques Juives\",\"isPartOf\":{\"@id\":\"https:\\\/\\\/www.iemj.org\\\/en\\\/#website\"},\"primaryImageOfPage\":{\"@id\":\"https:\\\/\\\/www.iemj.org\\\/en\\\/nardi-nahum-1901-1977\\\/#primaryimage\"},\"image\":{\"@id\":\"https:\\\/\\\/www.iemj.org\\\/en\\\/nardi-nahum-1901-1977\\\/#primaryimage\"},\"thumbnailUrl\":\"https:\\\/\\\/www.iemj.org\\\/wp-content\\\/uploads\\\/2018\\\/04\\\/arton3280-e1625060464502.jpg\",\"datePublished\":\"2018-04-16T13:20:13+00:00\",\"dateModified\":\"2025-09-08T16:19:56+00:00\",\"breadcrumb\":{\"@id\":\"https:\\\/\\\/www.iemj.org\\\/en\\\/nardi-nahum-1901-1977\\\/#breadcrumb\"},\"inLanguage\":\"en-US\",\"potentialAction\":[{\"@type\":\"ReadAction\",\"target\":[\"https:\\\/\\\/www.iemj.org\\\/en\\\/nardi-nahum-1901-1977\\\/\"]}]},{\"@type\":\"ImageObject\",\"inLanguage\":\"en-US\",\"@id\":\"https:\\\/\\\/www.iemj.org\\\/en\\\/nardi-nahum-1901-1977\\\/#primaryimage\",\"url\":\"https:\\\/\\\/www.iemj.org\\\/wp-content\\\/uploads\\\/2018\\\/04\\\/arton3280-e1625060464502.jpg\",\"contentUrl\":\"https:\\\/\\\/www.iemj.org\\\/wp-content\\\/uploads\\\/2018\\\/04\\\/arton3280-e1625060464502.jpg\",\"width\":160,\"height\":218,\"caption\":\"logo bio Nahum Nardi\"},{\"@type\":\"BreadcrumbList\",\"@id\":\"https:\\\/\\\/www.iemj.org\\\/en\\\/nardi-nahum-1901-1977\\\/#breadcrumb\",\"itemListElement\":[{\"@type\":\"ListItem\",\"position\":1,\"name\":\"Accueil\",\"item\":\"https:\\\/\\\/www.iemj.org\\\/en\\\/\"},{\"@type\":\"ListItem\",\"position\":2,\"name\":\"Nardi, Nahum (1901-1977)\"}]},{\"@type\":\"WebSite\",\"@id\":\"https:\\\/\\\/www.iemj.org\\\/en\\\/#website\",\"url\":\"https:\\\/\\\/www.iemj.org\\\/en\\\/\",\"name\":\"Institut Europ\u00e9en des Musiques Juives\",\"description\":\"Des traditions musicales \u00e0 la port\u00e9e de tous\",\"publisher\":{\"@id\":\"https:\\\/\\\/www.iemj.org\\\/en\\\/#organization\"},\"potentialAction\":[{\"@type\":\"SearchAction\",\"target\":{\"@type\":\"EntryPoint\",\"urlTemplate\":\"https:\\\/\\\/www.iemj.org\\\/en\\\/?s={search_term_string}\"},\"query-input\":{\"@type\":\"PropertyValueSpecification\",\"valueRequired\":true,\"valueName\":\"search_term_string\"}}],\"inLanguage\":\"en-US\"},{\"@type\":\"Organization\",\"@id\":\"https:\\\/\\\/www.iemj.org\\\/en\\\/#organization\",\"name\":\"Institut Europ\u00e9en des Musiques Juives\",\"url\":\"https:\\\/\\\/www.iemj.org\\\/en\\\/\",\"logo\":{\"@type\":\"ImageObject\",\"inLanguage\":\"en-US\",\"@id\":\"https:\\\/\\\/www.iemj.org\\\/en\\\/#\\\/schema\\\/logo\\\/image\\\/\",\"url\":\"https:\\\/\\\/www.iemj.org\\\/wp-content\\\/uploads\\\/2021\\\/09\\\/Logo-IEMJ-Paypal.jpg\",\"contentUrl\":\"https:\\\/\\\/www.iemj.org\\\/wp-content\\\/uploads\\\/2021\\\/09\\\/Logo-IEMJ-Paypal.jpg\",\"width\":150,\"height\":50,\"caption\":\"Institut Europ\u00e9en des Musiques Juives\"},\"image\":{\"@id\":\"https:\\\/\\\/www.iemj.org\\\/en\\\/#\\\/schema\\\/logo\\\/image\\\/\"},\"sameAs\":[\"https:\\\/\\\/www.facebook.com\\\/MusiquesJuives\\\/\",\"https:\\\/\\\/www.instagram.com\\\/musiquesjuives\\\/\",\"https:\\\/\\\/www.youtube.com\\\/user\\\/musiquesjuives\"]},{\"@type\":\"Person\",\"@id\":\"https:\\\/\\\/www.iemj.org\\\/en\\\/#\\\/schema\\\/person\\\/c9bc1c386a3749579a2d675e72a18666\",\"name\":\"Jean-Gabriel Davis\",\"image\":{\"@type\":\"ImageObject\",\"inLanguage\":\"en-US\",\"@id\":\"https:\\\/\\\/secure.gravatar.com\\\/avatar\\\/2b90d67bdf392c9b3a21fab87c0fa7edaf1fb3a058172a1ffd61033fcec7aec1?s=96&d=mm&r=g\",\"url\":\"https:\\\/\\\/secure.gravatar.com\\\/avatar\\\/2b90d67bdf392c9b3a21fab87c0fa7edaf1fb3a058172a1ffd61033fcec7aec1?s=96&d=mm&r=g\",\"contentUrl\":\"https:\\\/\\\/secure.gravatar.com\\\/avatar\\\/2b90d67bdf392c9b3a21fab87c0fa7edaf1fb3a058172a1ffd61033fcec7aec1?s=96&d=mm&r=g\",\"caption\":\"Jean-Gabriel Davis\"}}]}<\/script>\n<!-- \/ Yoast SEO plugin. -->","yoast_head_json":{"title":"Nardi, Nahum (1901-1977) - Institut Europ\u00e9en des Musiques Juives","robots":{"index":"index","follow":"follow","max-snippet":"max-snippet:-1","max-image-preview":"max-image-preview:large","max-video-preview":"max-video-preview:-1"},"canonical":"https:\/\/www.iemj.org\/en\/nardi-nahum-1901-1977\/","og_locale":"en_US","og_type":"article","og_title":"Nardi, Nahum (1901-1977) - Institut Europ\u00e9en des Musiques Juives","og_description":"He began his piano studies at age seven, further pursuing them at the Kiev Conservatory, where he graduated with honors in 1919. Subsequently, he studied at the Warsaw Conservatory and","og_url":"https:\/\/www.iemj.org\/en\/nardi-nahum-1901-1977\/","og_site_name":"Institut Europ\u00e9en des Musiques Juives","article_publisher":"https:\/\/www.facebook.com\/MusiquesJuives\/","article_published_time":"2018-04-16T13:20:13+00:00","article_modified_time":"2025-09-08T16:19:56+00:00","og_image":[{"width":160,"height":218,"url":"https:\/\/www.iemj.org\/wp-content\/uploads\/2018\/04\/arton3280-e1625060464502.jpg","type":"image\/jpeg"}],"author":"Jean-Gabriel Davis","twitter_card":"summary_large_image","twitter_misc":{"Written by":"Jean-Gabriel Davis","Est. reading time":"8 minutes"},"schema":{"@context":"https:\/\/schema.org","@graph":[{"@type":"Article","@id":"https:\/\/www.iemj.org\/en\/nardi-nahum-1901-1977\/#article","isPartOf":{"@id":"https:\/\/www.iemj.org\/en\/nardi-nahum-1901-1977\/"},"author":{"name":"Jean-Gabriel Davis","@id":"https:\/\/www.iemj.org\/en\/#\/schema\/person\/c9bc1c386a3749579a2d675e72a18666"},"headline":"Nardi, Nahum (1901-1977)","datePublished":"2018-04-16T13:20:13+00:00","dateModified":"2025-09-08T16:19:56+00:00","mainEntityOfPage":{"@id":"https:\/\/www.iemj.org\/en\/nardi-nahum-1901-1977\/"},"wordCount":1235,"publisher":{"@id":"https:\/\/www.iemj.org\/en\/#organization"},"image":{"@id":"https:\/\/www.iemj.org\/en\/nardi-nahum-1901-1977\/#primaryimage"},"thumbnailUrl":"https:\/\/www.iemj.org\/wp-content\/uploads\/2018\/04\/arton3280-e1625060464502.jpg","articleSection":["Biographies"],"inLanguage":"en-US"},{"@type":"WebPage","@id":"https:\/\/www.iemj.org\/en\/nardi-nahum-1901-1977\/","url":"https:\/\/www.iemj.org\/en\/nardi-nahum-1901-1977\/","name":"Nardi, Nahum (1901-1977) - Institut Europ\u00e9en des Musiques Juives","isPartOf":{"@id":"https:\/\/www.iemj.org\/en\/#website"},"primaryImageOfPage":{"@id":"https:\/\/www.iemj.org\/en\/nardi-nahum-1901-1977\/#primaryimage"},"image":{"@id":"https:\/\/www.iemj.org\/en\/nardi-nahum-1901-1977\/#primaryimage"},"thumbnailUrl":"https:\/\/www.iemj.org\/wp-content\/uploads\/2018\/04\/arton3280-e1625060464502.jpg","datePublished":"2018-04-16T13:20:13+00:00","dateModified":"2025-09-08T16:19:56+00:00","breadcrumb":{"@id":"https:\/\/www.iemj.org\/en\/nardi-nahum-1901-1977\/#breadcrumb"},"inLanguage":"en-US","potentialAction":[{"@type":"ReadAction","target":["https:\/\/www.iemj.org\/en\/nardi-nahum-1901-1977\/"]}]},{"@type":"ImageObject","inLanguage":"en-US","@id":"https:\/\/www.iemj.org\/en\/nardi-nahum-1901-1977\/#primaryimage","url":"https:\/\/www.iemj.org\/wp-content\/uploads\/2018\/04\/arton3280-e1625060464502.jpg","contentUrl":"https:\/\/www.iemj.org\/wp-content\/uploads\/2018\/04\/arton3280-e1625060464502.jpg","width":160,"height":218,"caption":"logo bio Nahum Nardi"},{"@type":"BreadcrumbList","@id":"https:\/\/www.iemj.org\/en\/nardi-nahum-1901-1977\/#breadcrumb","itemListElement":[{"@type":"ListItem","position":1,"name":"Accueil","item":"https:\/\/www.iemj.org\/en\/"},{"@type":"ListItem","position":2,"name":"Nardi, Nahum (1901-1977)"}]},{"@type":"WebSite","@id":"https:\/\/www.iemj.org\/en\/#website","url":"https:\/\/www.iemj.org\/en\/","name":"Institut Europ\u00e9en des Musiques Juives","description":"Des traditions musicales \u00e0 la port\u00e9e de tous","publisher":{"@id":"https:\/\/www.iemj.org\/en\/#organization"},"potentialAction":[{"@type":"SearchAction","target":{"@type":"EntryPoint","urlTemplate":"https:\/\/www.iemj.org\/en\/?s={search_term_string}"},"query-input":{"@type":"PropertyValueSpecification","valueRequired":true,"valueName":"search_term_string"}}],"inLanguage":"en-US"},{"@type":"Organization","@id":"https:\/\/www.iemj.org\/en\/#organization","name":"Institut Europ\u00e9en des Musiques Juives","url":"https:\/\/www.iemj.org\/en\/","logo":{"@type":"ImageObject","inLanguage":"en-US","@id":"https:\/\/www.iemj.org\/en\/#\/schema\/logo\/image\/","url":"https:\/\/www.iemj.org\/wp-content\/uploads\/2021\/09\/Logo-IEMJ-Paypal.jpg","contentUrl":"https:\/\/www.iemj.org\/wp-content\/uploads\/2021\/09\/Logo-IEMJ-Paypal.jpg","width":150,"height":50,"caption":"Institut Europ\u00e9en des Musiques Juives"},"image":{"@id":"https:\/\/www.iemj.org\/en\/#\/schema\/logo\/image\/"},"sameAs":["https:\/\/www.facebook.com\/MusiquesJuives\/","https:\/\/www.instagram.com\/musiquesjuives\/","https:\/\/www.youtube.com\/user\/musiquesjuives"]},{"@type":"Person","@id":"https:\/\/www.iemj.org\/en\/#\/schema\/person\/c9bc1c386a3749579a2d675e72a18666","name":"Jean-Gabriel Davis","image":{"@type":"ImageObject","inLanguage":"en-US","@id":"https:\/\/secure.gravatar.com\/avatar\/2b90d67bdf392c9b3a21fab87c0fa7edaf1fb3a058172a1ffd61033fcec7aec1?s=96&d=mm&r=g","url":"https:\/\/secure.gravatar.com\/avatar\/2b90d67bdf392c9b3a21fab87c0fa7edaf1fb3a058172a1ffd61033fcec7aec1?s=96&d=mm&r=g","contentUrl":"https:\/\/secure.gravatar.com\/avatar\/2b90d67bdf392c9b3a21fab87c0fa7edaf1fb3a058172a1ffd61033fcec7aec1?s=96&d=mm&r=g","caption":"Jean-Gabriel Davis"}}]}},"_links":{"self":[{"href":"https:\/\/www.iemj.org\/en\/wp-json\/wp\/v2\/posts\/52227","targetHints":{"allow":["GET"]}}],"collection":[{"href":"https:\/\/www.iemj.org\/en\/wp-json\/wp\/v2\/posts"}],"about":[{"href":"https:\/\/www.iemj.org\/en\/wp-json\/wp\/v2\/types\/post"}],"author":[{"embeddable":true,"href":"https:\/\/www.iemj.org\/en\/wp-json\/wp\/v2\/users\/1048"}],"replies":[{"embeddable":true,"href":"https:\/\/www.iemj.org\/en\/wp-json\/wp\/v2\/comments?post=52227"}],"version-history":[{"count":0,"href":"https:\/\/www.iemj.org\/en\/wp-json\/wp\/v2\/posts\/52227\/revisions"}],"wp:featuredmedia":[{"embeddable":true,"href":"https:\/\/www.iemj.org\/en\/wp-json\/wp\/v2\/media\/18941"}],"wp:attachment":[{"href":"https:\/\/www.iemj.org\/en\/wp-json\/wp\/v2\/media?parent=52227"}],"wp:term":[{"taxonomy":"category","embeddable":true,"href":"https:\/\/www.iemj.org\/en\/wp-json\/wp\/v2\/categories?post=52227"},{"taxonomy":"post_tag","embeddable":true,"href":"https:\/\/www.iemj.org\/en\/wp-json\/wp\/v2\/tags?post=52227"},{"taxonomy":"technique","embeddable":true,"href":"https:\/\/www.iemj.org\/en\/wp-json\/wp\/v2\/technique?post=52227"},{"taxonomy":"squelettes","embeddable":true,"href":"https:\/\/www.iemj.org\/en\/wp-json\/wp\/v2\/squelettes?post=52227"},{"taxonomy":"sujet","embeddable":true,"href":"https:\/\/www.iemj.org\/en\/wp-json\/wp\/v2\/sujet?post=52227"},{"taxonomy":"formation","embeddable":true,"href":"https:\/\/www.iemj.org\/en\/wp-json\/wp\/v2\/formation?post=52227"},{"taxonomy":"genre","embeddable":true,"href":"https:\/\/www.iemj.org\/en\/wp-json\/wp\/v2\/genre?post=52227"},{"taxonomy":"fonds","embeddable":true,"href":"https:\/\/www.iemj.org\/en\/wp-json\/wp\/v2\/fonds?post=52227"},{"taxonomy":"tradition","embeddable":true,"href":"https:\/\/www.iemj.org\/en\/wp-json\/wp\/v2\/tradition?post=52227"},{"taxonomy":"type-de-contenu","embeddable":true,"href":"https:\/\/www.iemj.org\/en\/wp-json\/wp\/v2\/type-de-contenu?post=52227"},{"taxonomy":"interprete-compositeur","embeddable":true,"href":"https:\/\/www.iemj.org\/en\/wp-json\/wp\/v2\/interprete-compositeur?post=52227"},{"taxonomy":"frise","embeddable":true,"href":"https:\/\/www.iemj.org\/en\/wp-json\/wp\/v2\/frise?post=52227"},{"taxonomy":"type-devenement","embeddable":true,"href":"https:\/\/www.iemj.org\/en\/wp-json\/wp\/v2\/type-devenement?post=52227"},{"taxonomy":"tableaux-liens-externes","embeddable":true,"href":"https:\/\/www.iemj.org\/en\/wp-json\/wp\/v2\/tableaux-liens-externes?post=52227"}],"curies":[{"name":"wp","href":"https:\/\/api.w.org\/{rel}","templated":true}]}}