{"id":52367,"date":"2019-06-18T18:03:00","date_gmt":"2019-06-18T16:03:00","guid":{"rendered":"https:\/\/www.iemj.org\/ozeri-ahuva-1948-2016\/"},"modified":"2021-09-28T10:27:45","modified_gmt":"2021-09-28T08:27:45","slug":"ozeri-ahuva-1948-2016","status":"publish","type":"post","link":"https:\/\/www.iemj.org\/en\/ozeri-ahuva-1948-2016\/","title":{"rendered":"Ozeri, Ahuva (1948-2016)"},"content":{"rendered":"<p>Ahuva Ozeri (\u05d0\u05d4\u05d5\u05d1\u05d4 \u05e2\u05d5\u05d6\u05e8\u05d9) was born on the March 3, 1948 in Tel Aviv in a Yemenite Jewish family. Her father passed away when she was four years old. She had seven brothers and sisters.<\/p>\n<p>She started her singing carreer in the 1960\u2019s. Her peculiarity ? She accompanied herself with the Bulbul Tarang, an Indian plucked string and keyboard instrument, that she learned to play with Ravi Shankar. In 1975, she released her first album\u00a0<em>Where is the soldier ?<\/em>\u00a0with songs speaking of the Yom Kippur War. This first album was a big success and was followed by many others.<\/p>\n<p><img decoding=\"async\" class=\" alignright size-full wp-image-24350\" src=\"https:\/\/www.iemj.org\/wp-content\/uploads\/2019\/06\/ahuva_ozeri_avec_son_bulbul_tarang_redim.jpg\" alt=\"ahuva_ozeri_avec_son_bulbul_tarang_redim.jpg\" width=\"270\" height=\"168\" align=\"right\" \/>Av reknowned artist, she composed many songs and works as a vocal coach for famous artists such as Zohar Argov, Daklon, Yoav Itshak, the band Hadag Nahash, or more recently Saguiv Cohen.<\/p>\n<p>Zohar Argov testified during his lifetime that he had studied with with Ahuva Ozeri: &#8221; When I wanted to develop my voice, I wanted to learn with the best, so I went to the famous singer Ahuva Ozeri. I followed her in all her concerts to learn of her performances on stage, I sang to her privately and asked her if I sang on key ? She asked me : what do you want from me ? I answered : I want you to teach me to sing&#8230; &#8221;<\/p>\n<p><img fetchpriority=\"high\" decoding=\"async\" class=\" alignleft size-full wp-image-24352\" src=\"https:\/\/www.iemj.org\/wp-content\/uploads\/2019\/06\/ahuva_ozeri_couv_recadree_redim.jpg\" alt=\"ahuva_ozeri_couv_recadree_redim.jpg\" width=\"230\" height=\"225\" align=\"left\" \/>In 2000, Ahuva Ozeri was diagnosed with a larynx cancer. She went through several surgical operations. Despite the loss of her vocal cords, she continued to release music, six new albums, among which\u00a0<em>Sticker Song<\/em>\u00a0with Hadag Nahash in 2008 and\u00a0<em>Maalei Demama<\/em>\u00a0(Out of silence) her last disc released in 2013, in which she wrote and composed songs performed by artists such as Berry Sakharof, Ehud Banai and Chava Alberstein.<\/p>\n<p>Ahuva Ozeri passed away on December 13, 2016 in the medical Center Cheva in Ram\u00e2t Gan, in Isra\u00ebl, at the age of 68. When she died, the first minister Benjamin Netanyahu qualified her as &#8220;pillar of Mediterranean music in Israel&#8221;. Miri Regev, Israeli minister of Culture and Sports, tweeted : &#8220;The crown of a renewed Israeli culture has fallen today. Ahuva (which means &#8221; beloved &#8221; in Hebrew), rest in peace. I assure you that your voice won\u2019t be silent forever. &#8221;<\/p>\n<p><img decoding=\"async\" class=\" alignright size-full wp-image-24354\" src=\"https:\/\/www.iemj.org\/wp-content\/uploads\/2019\/06\/ahuva_ozeri_redim.jpg\" alt=\"ahuva_ozeri_redim.jpg\" width=\"250\" height=\"187\" align=\"right\" \/>Yuli Edelstein, the president of the Knesset, qualified her as &#8220;a unique figure who mixed in a surprising way the East and West in her melodies and lyrics&#8221;, adding that &#8220;her commitment to her work despite the challenges is a source of inspiration.&#8221;<\/p>\n<p>In 2008, Ahuva Ozeri won an award from the Authors, composers and music editors Society in Israel (ACUM). She was a &#8220;founding mother of Mizrahi music&#8221; according to the radio channel\u00a0<em>Arutz Cheva<\/em>\u00a0and &#8220;a pioneer of Israeli music&#8221;, for the\u00a0<em>Times of Israel<\/em>. A documentary on her was made by the Israeli filmmaker Uri Barbash.<\/p>\n<p><strong>Sources :<\/strong><br \/>\nWikipedia : <a href=\"https:\/\/en.wikipedia.org\/wiki\/Ahuva_Ozeri\">https:\/\/en.wikipedia.org\/wiki\/Ahuva_Ozeri<\/a><br \/>\nTimes of Israel : <a href=\"https:\/\/fr.timesofisrael.com\/ahuva-ozeri-chanteuse-mizrahie-pionniere-est-morte-a-68-ans\/\">https:\/\/fr.timesofisrael.com\/ahuva-ozeri-chanteuse-mizrahie-pionniere-est-morte-a-68-ans\/<\/a><br \/>\nIsrael Hayom : <a href=\"http:\/\/www.israelhayom.com\/site\/newsletter_article.php?id=38771\">http:\/\/www.israelhayom.com\/site\/newsletter_article.php?id=38771<\/a><\/p>\n<p><a href=\"https:\/\/www.iemj.org\/en\/la-musique-de-la-legendaire-ahuva-ozeri\/\" target=\"_blank\" rel=\"noopener\">Listen to the playlist of Ahuva Ozeri\u2019s best songs<\/a><\/p>\n<p><iframe src=\"https:\/\/www.youtube.com\/embed\/oISiyEdnijc\" width=\"600\" height=\"350\" frameborder=\"0\" allowfullscreen=\"allowfullscreen\"><\/iframe><\/p>\n<p><strong>Radio broadcast Studio Qualita below<\/strong><br \/>\n<iframe src=\"https:\/\/www.youtube.com\/embed\/DvAOvZT0KOU\" width=\"600\" height=\"300\" frameborder=\"0\" allowfullscreen=\"allowfullscreen\"><\/iframe><\/p>\n","protected":false},"excerpt":{"rendered":"<p>Ahuva Ozeri (\u05d0\u05d4\u05d5\u05d1\u05d4 \u05e2\u05d5\u05d6\u05e8\u05d9) was born on the March 3, 1948 in Tel Aviv in a Yemenite Jewish family. Her father passed away when she was four years old. She<\/p>\n","protected":false},"author":5,"featured_media":24348,"comment_status":"closed","ping_status":"open","sticky":false,"template":"","format":"standard","meta":{"_acf_changed":false,"footnotes":""},"categories":[903],"tags":[],"technique":[],"squelettes":[],"sujet":[],"formation":[],"genre":[1112],"fonds":[],"tradition":[],"type-de-contenu":[],"interprete-compositeur":[],"frise":[],"type-devenement":[],"tableaux-liens-externes":[],"class_list":["post-52367","post","type-post","status-publish","format-standard","has-post-thumbnail","hentry","category-biographies-en","genre-oriental-en"],"acf":[],"yoast_head":"<!-- This site is optimized with the Yoast SEO plugin v27.3 - https:\/\/yoast.com\/product\/yoast-seo-wordpress\/ -->\n<title>Ozeri, Ahuva (1948-2016) - Institut Europ\u00e9en des Musiques Juives<\/title>\n<meta name=\"robots\" content=\"index, follow, max-snippet:-1, max-image-preview:large, max-video-preview:-1\" \/>\n<link rel=\"canonical\" href=\"https:\/\/www.iemj.org\/en\/ozeri-ahuva-1948-2016\/\" \/>\n<meta property=\"og:locale\" content=\"en_US\" \/>\n<meta property=\"og:type\" content=\"article\" \/>\n<meta property=\"og:title\" content=\"Ozeri, Ahuva (1948-2016) - Institut Europ\u00e9en des Musiques Juives\" \/>\n<meta property=\"og:description\" content=\"Ahuva Ozeri (\u05d0\u05d4\u05d5\u05d1\u05d4 \u05e2\u05d5\u05d6\u05e8\u05d9) was born on the March 3, 1948 in Tel Aviv in a Yemenite Jewish family. Her father passed away when she was four years old. She\" \/>\n<meta property=\"og:url\" content=\"https:\/\/www.iemj.org\/en\/ozeri-ahuva-1948-2016\/\" \/>\n<meta property=\"og:site_name\" content=\"Institut Europ\u00e9en des Musiques Juives\" \/>\n<meta property=\"article:publisher\" content=\"https:\/\/www.facebook.com\/MusiquesJuives\/\" \/>\n<meta property=\"article:published_time\" content=\"2019-06-18T16:03:00+00:00\" \/>\n<meta property=\"article:modified_time\" content=\"2021-09-28T08:27:45+00:00\" \/>\n<meta property=\"og:image\" content=\"https:\/\/www.iemj.org\/wp-content\/uploads\/2019\/06\/arton4217-e1625062945479.jpg\" \/>\n\t<meta property=\"og:image:width\" content=\"271\" \/>\n\t<meta property=\"og:image:height\" content=\"218\" \/>\n\t<meta property=\"og:image:type\" content=\"image\/jpeg\" \/>\n<meta name=\"author\" content=\"Jacqueline ROTEN\" \/>\n<meta name=\"twitter:card\" content=\"summary_large_image\" \/>\n<meta name=\"twitter:label1\" content=\"Written by\" \/>\n\t<meta name=\"twitter:data1\" content=\"Jacqueline ROTEN\" \/>\n\t<meta name=\"twitter:label2\" content=\"Est. reading time\" \/>\n\t<meta name=\"twitter:data2\" content=\"3 minutes\" \/>\n<script type=\"application\/ld+json\" class=\"yoast-schema-graph\">{\"@context\":\"https:\\\/\\\/schema.org\",\"@graph\":[{\"@type\":\"Article\",\"@id\":\"https:\\\/\\\/www.iemj.org\\\/en\\\/ozeri-ahuva-1948-2016\\\/#article\",\"isPartOf\":{\"@id\":\"https:\\\/\\\/www.iemj.org\\\/en\\\/ozeri-ahuva-1948-2016\\\/\"},\"author\":{\"name\":\"Jacqueline ROTEN\",\"@id\":\"https:\\\/\\\/www.iemj.org\\\/en\\\/#\\\/schema\\\/person\\\/358e26c18aca017fcc4cc15437f7279c\"},\"headline\":\"Ozeri, Ahuva (1948-2016)\",\"datePublished\":\"2019-06-18T16:03:00+00:00\",\"dateModified\":\"2021-09-28T08:27:45+00:00\",\"mainEntityOfPage\":{\"@id\":\"https:\\\/\\\/www.iemj.org\\\/en\\\/ozeri-ahuva-1948-2016\\\/\"},\"wordCount\":500,\"publisher\":{\"@id\":\"https:\\\/\\\/www.iemj.org\\\/en\\\/#organization\"},\"image\":{\"@id\":\"https:\\\/\\\/www.iemj.org\\\/en\\\/ozeri-ahuva-1948-2016\\\/#primaryimage\"},\"thumbnailUrl\":\"https:\\\/\\\/www.iemj.org\\\/wp-content\\\/uploads\\\/2019\\\/06\\\/arton4217-e1625062945479.jpg\",\"articleSection\":[\"Biographies\"],\"inLanguage\":\"en-US\"},{\"@type\":\"WebPage\",\"@id\":\"https:\\\/\\\/www.iemj.org\\\/en\\\/ozeri-ahuva-1948-2016\\\/\",\"url\":\"https:\\\/\\\/www.iemj.org\\\/en\\\/ozeri-ahuva-1948-2016\\\/\",\"name\":\"Ozeri, Ahuva (1948-2016) - Institut Europ\u00e9en des Musiques Juives\",\"isPartOf\":{\"@id\":\"https:\\\/\\\/www.iemj.org\\\/en\\\/#website\"},\"primaryImageOfPage\":{\"@id\":\"https:\\\/\\\/www.iemj.org\\\/en\\\/ozeri-ahuva-1948-2016\\\/#primaryimage\"},\"image\":{\"@id\":\"https:\\\/\\\/www.iemj.org\\\/en\\\/ozeri-ahuva-1948-2016\\\/#primaryimage\"},\"thumbnailUrl\":\"https:\\\/\\\/www.iemj.org\\\/wp-content\\\/uploads\\\/2019\\\/06\\\/arton4217-e1625062945479.jpg\",\"datePublished\":\"2019-06-18T16:03:00+00:00\",\"dateModified\":\"2021-09-28T08:27:45+00:00\",\"breadcrumb\":{\"@id\":\"https:\\\/\\\/www.iemj.org\\\/en\\\/ozeri-ahuva-1948-2016\\\/#breadcrumb\"},\"inLanguage\":\"en-US\",\"potentialAction\":[{\"@type\":\"ReadAction\",\"target\":[\"https:\\\/\\\/www.iemj.org\\\/en\\\/ozeri-ahuva-1948-2016\\\/\"]}]},{\"@type\":\"ImageObject\",\"inLanguage\":\"en-US\",\"@id\":\"https:\\\/\\\/www.iemj.org\\\/en\\\/ozeri-ahuva-1948-2016\\\/#primaryimage\",\"url\":\"https:\\\/\\\/www.iemj.org\\\/wp-content\\\/uploads\\\/2019\\\/06\\\/arton4217-e1625062945479.jpg\",\"contentUrl\":\"https:\\\/\\\/www.iemj.org\\\/wp-content\\\/uploads\\\/2019\\\/06\\\/arton4217-e1625062945479.jpg\",\"width\":271,\"height\":218,\"caption\":\"logo bio Ahuva Ozeri\"},{\"@type\":\"BreadcrumbList\",\"@id\":\"https:\\\/\\\/www.iemj.org\\\/en\\\/ozeri-ahuva-1948-2016\\\/#breadcrumb\",\"itemListElement\":[{\"@type\":\"ListItem\",\"position\":1,\"name\":\"Accueil\",\"item\":\"https:\\\/\\\/www.iemj.org\\\/en\\\/\"},{\"@type\":\"ListItem\",\"position\":2,\"name\":\"Ozeri, Ahuva (1948-2016)\"}]},{\"@type\":\"WebSite\",\"@id\":\"https:\\\/\\\/www.iemj.org\\\/en\\\/#website\",\"url\":\"https:\\\/\\\/www.iemj.org\\\/en\\\/\",\"name\":\"Institut Europ\u00e9en des Musiques Juives\",\"description\":\"Des traditions musicales \u00e0 la port\u00e9e de tous\",\"publisher\":{\"@id\":\"https:\\\/\\\/www.iemj.org\\\/en\\\/#organization\"},\"potentialAction\":[{\"@type\":\"SearchAction\",\"target\":{\"@type\":\"EntryPoint\",\"urlTemplate\":\"https:\\\/\\\/www.iemj.org\\\/en\\\/?s={search_term_string}\"},\"query-input\":{\"@type\":\"PropertyValueSpecification\",\"valueRequired\":true,\"valueName\":\"search_term_string\"}}],\"inLanguage\":\"en-US\"},{\"@type\":\"Organization\",\"@id\":\"https:\\\/\\\/www.iemj.org\\\/en\\\/#organization\",\"name\":\"Institut Europ\u00e9en des Musiques Juives\",\"url\":\"https:\\\/\\\/www.iemj.org\\\/en\\\/\",\"logo\":{\"@type\":\"ImageObject\",\"inLanguage\":\"en-US\",\"@id\":\"https:\\\/\\\/www.iemj.org\\\/en\\\/#\\\/schema\\\/logo\\\/image\\\/\",\"url\":\"https:\\\/\\\/www.iemj.org\\\/wp-content\\\/uploads\\\/2021\\\/09\\\/Logo-IEMJ-Paypal.jpg\",\"contentUrl\":\"https:\\\/\\\/www.iemj.org\\\/wp-content\\\/uploads\\\/2021\\\/09\\\/Logo-IEMJ-Paypal.jpg\",\"width\":150,\"height\":50,\"caption\":\"Institut Europ\u00e9en des Musiques Juives\"},\"image\":{\"@id\":\"https:\\\/\\\/www.iemj.org\\\/en\\\/#\\\/schema\\\/logo\\\/image\\\/\"},\"sameAs\":[\"https:\\\/\\\/www.facebook.com\\\/MusiquesJuives\\\/\",\"https:\\\/\\\/www.instagram.com\\\/musiquesjuives\\\/\",\"https:\\\/\\\/www.youtube.com\\\/user\\\/musiquesjuives\"]},{\"@type\":\"Person\",\"@id\":\"https:\\\/\\\/www.iemj.org\\\/en\\\/#\\\/schema\\\/person\\\/358e26c18aca017fcc4cc15437f7279c\",\"name\":\"Jacqueline ROTEN\",\"image\":{\"@type\":\"ImageObject\",\"inLanguage\":\"en-US\",\"@id\":\"https:\\\/\\\/secure.gravatar.com\\\/avatar\\\/5964256d6c6957de3a3505278957e0fb2a35119ac47ea41827a65301213c810b?s=96&d=mm&r=g\",\"url\":\"https:\\\/\\\/secure.gravatar.com\\\/avatar\\\/5964256d6c6957de3a3505278957e0fb2a35119ac47ea41827a65301213c810b?s=96&d=mm&r=g\",\"contentUrl\":\"https:\\\/\\\/secure.gravatar.com\\\/avatar\\\/5964256d6c6957de3a3505278957e0fb2a35119ac47ea41827a65301213c810b?s=96&d=mm&r=g\",\"caption\":\"Jacqueline ROTEN\"}}]}<\/script>\n<!-- \/ Yoast SEO plugin. -->","yoast_head_json":{"title":"Ozeri, Ahuva (1948-2016) - Institut Europ\u00e9en des Musiques Juives","robots":{"index":"index","follow":"follow","max-snippet":"max-snippet:-1","max-image-preview":"max-image-preview:large","max-video-preview":"max-video-preview:-1"},"canonical":"https:\/\/www.iemj.org\/en\/ozeri-ahuva-1948-2016\/","og_locale":"en_US","og_type":"article","og_title":"Ozeri, Ahuva (1948-2016) - Institut Europ\u00e9en des Musiques Juives","og_description":"Ahuva Ozeri (\u05d0\u05d4\u05d5\u05d1\u05d4 \u05e2\u05d5\u05d6\u05e8\u05d9) was born on the March 3, 1948 in Tel Aviv in a Yemenite Jewish family. Her father passed away when she was four years old. She","og_url":"https:\/\/www.iemj.org\/en\/ozeri-ahuva-1948-2016\/","og_site_name":"Institut Europ\u00e9en des Musiques Juives","article_publisher":"https:\/\/www.facebook.com\/MusiquesJuives\/","article_published_time":"2019-06-18T16:03:00+00:00","article_modified_time":"2021-09-28T08:27:45+00:00","og_image":[{"width":271,"height":218,"url":"https:\/\/www.iemj.org\/wp-content\/uploads\/2019\/06\/arton4217-e1625062945479.jpg","type":"image\/jpeg"}],"author":"Jacqueline ROTEN","twitter_card":"summary_large_image","twitter_misc":{"Written by":"Jacqueline ROTEN","Est. reading time":"3 minutes"},"schema":{"@context":"https:\/\/schema.org","@graph":[{"@type":"Article","@id":"https:\/\/www.iemj.org\/en\/ozeri-ahuva-1948-2016\/#article","isPartOf":{"@id":"https:\/\/www.iemj.org\/en\/ozeri-ahuva-1948-2016\/"},"author":{"name":"Jacqueline ROTEN","@id":"https:\/\/www.iemj.org\/en\/#\/schema\/person\/358e26c18aca017fcc4cc15437f7279c"},"headline":"Ozeri, Ahuva (1948-2016)","datePublished":"2019-06-18T16:03:00+00:00","dateModified":"2021-09-28T08:27:45+00:00","mainEntityOfPage":{"@id":"https:\/\/www.iemj.org\/en\/ozeri-ahuva-1948-2016\/"},"wordCount":500,"publisher":{"@id":"https:\/\/www.iemj.org\/en\/#organization"},"image":{"@id":"https:\/\/www.iemj.org\/en\/ozeri-ahuva-1948-2016\/#primaryimage"},"thumbnailUrl":"https:\/\/www.iemj.org\/wp-content\/uploads\/2019\/06\/arton4217-e1625062945479.jpg","articleSection":["Biographies"],"inLanguage":"en-US"},{"@type":"WebPage","@id":"https:\/\/www.iemj.org\/en\/ozeri-ahuva-1948-2016\/","url":"https:\/\/www.iemj.org\/en\/ozeri-ahuva-1948-2016\/","name":"Ozeri, Ahuva (1948-2016) - Institut Europ\u00e9en des Musiques Juives","isPartOf":{"@id":"https:\/\/www.iemj.org\/en\/#website"},"primaryImageOfPage":{"@id":"https:\/\/www.iemj.org\/en\/ozeri-ahuva-1948-2016\/#primaryimage"},"image":{"@id":"https:\/\/www.iemj.org\/en\/ozeri-ahuva-1948-2016\/#primaryimage"},"thumbnailUrl":"https:\/\/www.iemj.org\/wp-content\/uploads\/2019\/06\/arton4217-e1625062945479.jpg","datePublished":"2019-06-18T16:03:00+00:00","dateModified":"2021-09-28T08:27:45+00:00","breadcrumb":{"@id":"https:\/\/www.iemj.org\/en\/ozeri-ahuva-1948-2016\/#breadcrumb"},"inLanguage":"en-US","potentialAction":[{"@type":"ReadAction","target":["https:\/\/www.iemj.org\/en\/ozeri-ahuva-1948-2016\/"]}]},{"@type":"ImageObject","inLanguage":"en-US","@id":"https:\/\/www.iemj.org\/en\/ozeri-ahuva-1948-2016\/#primaryimage","url":"https:\/\/www.iemj.org\/wp-content\/uploads\/2019\/06\/arton4217-e1625062945479.jpg","contentUrl":"https:\/\/www.iemj.org\/wp-content\/uploads\/2019\/06\/arton4217-e1625062945479.jpg","width":271,"height":218,"caption":"logo bio Ahuva Ozeri"},{"@type":"BreadcrumbList","@id":"https:\/\/www.iemj.org\/en\/ozeri-ahuva-1948-2016\/#breadcrumb","itemListElement":[{"@type":"ListItem","position":1,"name":"Accueil","item":"https:\/\/www.iemj.org\/en\/"},{"@type":"ListItem","position":2,"name":"Ozeri, Ahuva (1948-2016)"}]},{"@type":"WebSite","@id":"https:\/\/www.iemj.org\/en\/#website","url":"https:\/\/www.iemj.org\/en\/","name":"Institut Europ\u00e9en des Musiques Juives","description":"Des traditions musicales \u00e0 la port\u00e9e de tous","publisher":{"@id":"https:\/\/www.iemj.org\/en\/#organization"},"potentialAction":[{"@type":"SearchAction","target":{"@type":"EntryPoint","urlTemplate":"https:\/\/www.iemj.org\/en\/?s={search_term_string}"},"query-input":{"@type":"PropertyValueSpecification","valueRequired":true,"valueName":"search_term_string"}}],"inLanguage":"en-US"},{"@type":"Organization","@id":"https:\/\/www.iemj.org\/en\/#organization","name":"Institut Europ\u00e9en des Musiques Juives","url":"https:\/\/www.iemj.org\/en\/","logo":{"@type":"ImageObject","inLanguage":"en-US","@id":"https:\/\/www.iemj.org\/en\/#\/schema\/logo\/image\/","url":"https:\/\/www.iemj.org\/wp-content\/uploads\/2021\/09\/Logo-IEMJ-Paypal.jpg","contentUrl":"https:\/\/www.iemj.org\/wp-content\/uploads\/2021\/09\/Logo-IEMJ-Paypal.jpg","width":150,"height":50,"caption":"Institut Europ\u00e9en des Musiques Juives"},"image":{"@id":"https:\/\/www.iemj.org\/en\/#\/schema\/logo\/image\/"},"sameAs":["https:\/\/www.facebook.com\/MusiquesJuives\/","https:\/\/www.instagram.com\/musiquesjuives\/","https:\/\/www.youtube.com\/user\/musiquesjuives"]},{"@type":"Person","@id":"https:\/\/www.iemj.org\/en\/#\/schema\/person\/358e26c18aca017fcc4cc15437f7279c","name":"Jacqueline ROTEN","image":{"@type":"ImageObject","inLanguage":"en-US","@id":"https:\/\/secure.gravatar.com\/avatar\/5964256d6c6957de3a3505278957e0fb2a35119ac47ea41827a65301213c810b?s=96&d=mm&r=g","url":"https:\/\/secure.gravatar.com\/avatar\/5964256d6c6957de3a3505278957e0fb2a35119ac47ea41827a65301213c810b?s=96&d=mm&r=g","contentUrl":"https:\/\/secure.gravatar.com\/avatar\/5964256d6c6957de3a3505278957e0fb2a35119ac47ea41827a65301213c810b?s=96&d=mm&r=g","caption":"Jacqueline ROTEN"}}]}},"_links":{"self":[{"href":"https:\/\/www.iemj.org\/en\/wp-json\/wp\/v2\/posts\/52367","targetHints":{"allow":["GET"]}}],"collection":[{"href":"https:\/\/www.iemj.org\/en\/wp-json\/wp\/v2\/posts"}],"about":[{"href":"https:\/\/www.iemj.org\/en\/wp-json\/wp\/v2\/types\/post"}],"author":[{"embeddable":true,"href":"https:\/\/www.iemj.org\/en\/wp-json\/wp\/v2\/users\/5"}],"replies":[{"embeddable":true,"href":"https:\/\/www.iemj.org\/en\/wp-json\/wp\/v2\/comments?post=52367"}],"version-history":[{"count":0,"href":"https:\/\/www.iemj.org\/en\/wp-json\/wp\/v2\/posts\/52367\/revisions"}],"wp:featuredmedia":[{"embeddable":true,"href":"https:\/\/www.iemj.org\/en\/wp-json\/wp\/v2\/media\/24348"}],"wp:attachment":[{"href":"https:\/\/www.iemj.org\/en\/wp-json\/wp\/v2\/media?parent=52367"}],"wp:term":[{"taxonomy":"category","embeddable":true,"href":"https:\/\/www.iemj.org\/en\/wp-json\/wp\/v2\/categories?post=52367"},{"taxonomy":"post_tag","embeddable":true,"href":"https:\/\/www.iemj.org\/en\/wp-json\/wp\/v2\/tags?post=52367"},{"taxonomy":"technique","embeddable":true,"href":"https:\/\/www.iemj.org\/en\/wp-json\/wp\/v2\/technique?post=52367"},{"taxonomy":"squelettes","embeddable":true,"href":"https:\/\/www.iemj.org\/en\/wp-json\/wp\/v2\/squelettes?post=52367"},{"taxonomy":"sujet","embeddable":true,"href":"https:\/\/www.iemj.org\/en\/wp-json\/wp\/v2\/sujet?post=52367"},{"taxonomy":"formation","embeddable":true,"href":"https:\/\/www.iemj.org\/en\/wp-json\/wp\/v2\/formation?post=52367"},{"taxonomy":"genre","embeddable":true,"href":"https:\/\/www.iemj.org\/en\/wp-json\/wp\/v2\/genre?post=52367"},{"taxonomy":"fonds","embeddable":true,"href":"https:\/\/www.iemj.org\/en\/wp-json\/wp\/v2\/fonds?post=52367"},{"taxonomy":"tradition","embeddable":true,"href":"https:\/\/www.iemj.org\/en\/wp-json\/wp\/v2\/tradition?post=52367"},{"taxonomy":"type-de-contenu","embeddable":true,"href":"https:\/\/www.iemj.org\/en\/wp-json\/wp\/v2\/type-de-contenu?post=52367"},{"taxonomy":"interprete-compositeur","embeddable":true,"href":"https:\/\/www.iemj.org\/en\/wp-json\/wp\/v2\/interprete-compositeur?post=52367"},{"taxonomy":"frise","embeddable":true,"href":"https:\/\/www.iemj.org\/en\/wp-json\/wp\/v2\/frise?post=52367"},{"taxonomy":"type-devenement","embeddable":true,"href":"https:\/\/www.iemj.org\/en\/wp-json\/wp\/v2\/type-devenement?post=52367"},{"taxonomy":"tableaux-liens-externes","embeddable":true,"href":"https:\/\/www.iemj.org\/en\/wp-json\/wp\/v2\/tableaux-liens-externes?post=52367"}],"curies":[{"name":"wp","href":"https:\/\/api.w.org\/{rel}","templated":true}]}}