{"id":52489,"date":"2015-09-18T19:09:53","date_gmt":"2015-09-18T17:09:53","guid":{"rendered":"https:\/\/www.iemj.org\/sebban-zabulon-1911-1983\/"},"modified":"2021-09-28T11:01:46","modified_gmt":"2021-09-28T09:01:46","slug":"sebban-zabulon-1911-1983","status":"publish","type":"post","link":"https:\/\/www.iemj.org\/en\/sebban-zabulon-1911-1983\/","title":{"rendered":"Sebban, Zabulon (1911-1983)"},"content":{"rendered":"<p>Born on December 11, 1911 in G\u00e9ryville, near Oran (Algeria), Zabulon Sebban lived a full life. With his wife, Odette Rachel Cherqui, he had seven children and was negotiator and manufacturer in Algiers for more than thirty years.<\/p>\n<p>While he was a teenager, he followed the Rabbinical Seminary \u00ab Ets Ha\u00efm \u00bb in Algiers, and his classmates were to be the great Rabbis Meyer Ja\u00efs (Paris), and Simon Morali (Nancy then Nice). With his masters, (the great Rabbi Dayan Isaac Hanoune, the great Rabbis Loufrani and Isaac Morali), he acquired a deep knowledge of sacred texts as well as an appetite for study.<\/p>\n<p><img fetchpriority=\"high\" decoding=\"async\" class=\" alignright  wp-image-7957\" src=\"https:\/\/www.iemj.org\/wp-content\/uploads\/2015\/09\/zabulon_sebban_rabbin_luneville_1961-redimensionne_petit.jpg\" alt=\"zabulon_sebban_rabbin_luneville_1961-redimensionne_petit.jpg\" width=\"222\" height=\"296\" align=\"right\" data-description=\"Zabulon Sebban- Lun\u00e9ville 1961\" srcset=\"https:\/\/www.iemj.org\/wp-content\/uploads\/2015\/09\/zabulon_sebban_rabbin_luneville_1961-redimensionne_petit.jpg 240w, https:\/\/www.iemj.org\/wp-content\/uploads\/2015\/09\/zabulon_sebban_rabbin_luneville_1961-redimensionne_petit-225x300.jpg 225w\" sizes=\"(max-width: 222px) 100vw, 222px\" \/>A volunteer cantor from 1927 to 1961 in the Great Termple of Algiers, then in the small synagogue of the rue Sainte, he excelled in traditional liturgy. Singing, sharing and teaching at the same time, that is what he used to do in particular, while he expressed, with silence or rhythm, this word or another (or even a syllable) in a sentence, which was important for a better understanding of the prayer. His soft, warm and modulated voice let us guess the origins of these melodies: Spain, Portugal, Morocco, Algiers\u2026<\/p>\n<p>Responsible for the several Talmud-Torah of Algiers, endangered by the National Liberation Front, he was forced to leave for France to build a new life. He would become minister of religion and military chaplain of the jails in Lun\u00e9ville (1961 to 1970), then in Antibes, and would obtain the title of Rabbi in Dijon (1971 to 1978).<\/p>\n<p><a href=\"http:\/\/www.rachelnet.net\/F\/?func=direct&amp;local_base=CFMCG&amp;doc_number=000224578\"><img decoding=\"async\" class=\" alignleft  wp-image-7961\" src=\"https:\/\/www.iemj.org\/wp-content\/uploads\/2015\/09\/capture-19.jpg\" alt=\"capture-19.jpg\" width=\"325\" height=\"317\" align=\"left\" \/><\/a>In the last years of his life, he finished a remarkable work which made a book \u00ab Rimonim Ba-Pard\u00e8s \u00bb, \u00ab Verger des grenades \u00bb (Editions du Palio), inwhich he speaks of the great subjects of culture and philosophy of Jewish life. This book was put online by the Alliance Isra\u00e9lite Universelle on the network of Jewish libraries Rachel.<br \/>The songs available in this biography were recorded in his home and shows what he liked to pass on.<\/p>\n<p>Zabulon Sebban died in Paris on October 13, 1983. He was buried in Lun\u00e9ville. His wife died in February 1996 and was buried next to him.<\/p>\n<p>\u00a0<\/p>\n<ul>\n<li><a href=\"https:\/\/www.iemj.org\/en\/le-chant-des-prieres-dans-le-rite-algerois\/\" target=\"_blank\" rel=\"noopener\">Listen to the playlist : The Singing of Prayers in Algiers&#8217; Ritual, performed by Zabulon Sebban<\/a><\/li>\n<li><a href=\"http:\/\/www.rachelnet.net\/media\/aiu\/livres\/FR_AIU_L_RQU1272.pdf\">Browse the book Rimonim Ba-Pard\u00e8s<\/a><\/li>\n<li><a href=\"http:\/\/www.rachelnet.net\/F\/?func=find-c&amp;ccl_term=WRD+%3D+Zabulon+Sebban&amp;local_base=iemcg\">Browse our archives on Zabulon Sebban<\/a><\/li>\n<li><a href=\"https:\/\/www.iemj.org\/wp-content\/uploads\/2015\/09\/zabulon_sebban-chants_du_cd_499.pdf\">Learn more on the CD : Recueil de chants h\u00e9bra\u00efques &#8211; La vie est un vaste chant<\/a><\/li>\n<\/ul>\n\n\n<p><\/p>\n","protected":false},"excerpt":{"rendered":"<p>Born on December 11, 1911 in G\u00e9ryville, near Oran (Algeria), Zabulon Sebban lived a full life. With his wife, Odette Rachel Cherqui, he had seven children and was negotiator and<\/p>\n","protected":false},"author":1045,"featured_media":7955,"comment_status":"closed","ping_status":"open","sticky":false,"template":"","format":"standard","meta":{"_acf_changed":false,"footnotes":""},"categories":[903],"tags":[],"technique":[],"squelettes":[],"sujet":[2096,1812],"formation":[],"genre":[1116],"fonds":[],"tradition":[1145],"type-de-contenu":[],"interprete-compositeur":[3313],"frise":[],"type-devenement":[],"tableaux-liens-externes":[],"class_list":["post-52489","post","type-post","status-publish","format-standard","has-post-thumbnail","hentry","category-biographies-en","sujet-biblical-accents-teamim-en","sujet-parachot-en","genre-liturgy","tradition-sephardic-rite-en","interprete-compositeur-zabulon-sebban-en"],"acf":[],"yoast_head":"<!-- This site is optimized with the Yoast SEO plugin v27.3 - https:\/\/yoast.com\/product\/yoast-seo-wordpress\/ -->\n<title>Sebban, Zabulon (1911-1983) - Institut Europ\u00e9en des Musiques Juives<\/title>\n<meta name=\"robots\" content=\"index, follow, max-snippet:-1, max-image-preview:large, max-video-preview:-1\" \/>\n<link rel=\"canonical\" href=\"https:\/\/www.iemj.org\/en\/sebban-zabulon-1911-1983\/\" \/>\n<meta property=\"og:locale\" content=\"en_US\" \/>\n<meta property=\"og:type\" content=\"article\" \/>\n<meta property=\"og:title\" content=\"Sebban, Zabulon (1911-1983) - Institut Europ\u00e9en des Musiques Juives\" \/>\n<meta property=\"og:description\" content=\"Born on December 11, 1911 in G\u00e9ryville, near Oran (Algeria), Zabulon Sebban lived a full life. With his wife, Odette Rachel Cherqui, he had seven children and was negotiator and\" \/>\n<meta property=\"og:url\" content=\"https:\/\/www.iemj.org\/en\/sebban-zabulon-1911-1983\/\" \/>\n<meta property=\"og:site_name\" content=\"Institut Europ\u00e9en des Musiques Juives\" \/>\n<meta property=\"article:publisher\" content=\"https:\/\/www.facebook.com\/MusiquesJuives\/\" \/>\n<meta property=\"article:published_time\" content=\"2015-09-18T17:09:53+00:00\" \/>\n<meta property=\"article:modified_time\" content=\"2021-09-28T09:01:46+00:00\" \/>\n<meta property=\"og:image\" content=\"https:\/\/www.iemj.org\/wp-content\/uploads\/2015\/09\/arton1125-e1625066451673.jpg\" \/>\n\t<meta property=\"og:image:width\" content=\"164\" \/>\n\t<meta property=\"og:image:height\" content=\"218\" \/>\n\t<meta property=\"og:image:type\" content=\"image\/jpeg\" \/>\n<meta name=\"author\" content=\"Herv\u00e9 Roten\" \/>\n<meta name=\"twitter:card\" content=\"summary_large_image\" \/>\n<meta name=\"twitter:label1\" content=\"Written by\" \/>\n\t<meta name=\"twitter:data1\" content=\"Herv\u00e9 Roten\" \/>\n\t<meta name=\"twitter:label2\" content=\"Est. reading time\" \/>\n\t<meta name=\"twitter:data2\" content=\"3 minutes\" \/>\n<script type=\"application\/ld+json\" class=\"yoast-schema-graph\">{\"@context\":\"https:\\\/\\\/schema.org\",\"@graph\":[{\"@type\":\"Article\",\"@id\":\"https:\\\/\\\/www.iemj.org\\\/en\\\/sebban-zabulon-1911-1983\\\/#article\",\"isPartOf\":{\"@id\":\"https:\\\/\\\/www.iemj.org\\\/en\\\/sebban-zabulon-1911-1983\\\/\"},\"author\":{\"name\":\"Herv\u00e9 Roten\",\"@id\":\"https:\\\/\\\/www.iemj.org\\\/en\\\/#\\\/schema\\\/person\\\/906134402c29d5c76e7b726261dd4bbd\"},\"headline\":\"Sebban, Zabulon (1911-1983)\",\"datePublished\":\"2015-09-18T17:09:53+00:00\",\"dateModified\":\"2021-09-28T09:01:46+00:00\",\"mainEntityOfPage\":{\"@id\":\"https:\\\/\\\/www.iemj.org\\\/en\\\/sebban-zabulon-1911-1983\\\/\"},\"wordCount\":392,\"publisher\":{\"@id\":\"https:\\\/\\\/www.iemj.org\\\/en\\\/#organization\"},\"image\":{\"@id\":\"https:\\\/\\\/www.iemj.org\\\/en\\\/sebban-zabulon-1911-1983\\\/#primaryimage\"},\"thumbnailUrl\":\"https:\\\/\\\/www.iemj.org\\\/wp-content\\\/uploads\\\/2015\\\/09\\\/arton1125-e1625066451673.jpg\",\"articleSection\":[\"Biographies\"],\"inLanguage\":\"en-US\"},{\"@type\":\"WebPage\",\"@id\":\"https:\\\/\\\/www.iemj.org\\\/en\\\/sebban-zabulon-1911-1983\\\/\",\"url\":\"https:\\\/\\\/www.iemj.org\\\/en\\\/sebban-zabulon-1911-1983\\\/\",\"name\":\"Sebban, Zabulon (1911-1983) - Institut Europ\u00e9en des Musiques Juives\",\"isPartOf\":{\"@id\":\"https:\\\/\\\/www.iemj.org\\\/en\\\/#website\"},\"primaryImageOfPage\":{\"@id\":\"https:\\\/\\\/www.iemj.org\\\/en\\\/sebban-zabulon-1911-1983\\\/#primaryimage\"},\"image\":{\"@id\":\"https:\\\/\\\/www.iemj.org\\\/en\\\/sebban-zabulon-1911-1983\\\/#primaryimage\"},\"thumbnailUrl\":\"https:\\\/\\\/www.iemj.org\\\/wp-content\\\/uploads\\\/2015\\\/09\\\/arton1125-e1625066451673.jpg\",\"datePublished\":\"2015-09-18T17:09:53+00:00\",\"dateModified\":\"2021-09-28T09:01:46+00:00\",\"breadcrumb\":{\"@id\":\"https:\\\/\\\/www.iemj.org\\\/en\\\/sebban-zabulon-1911-1983\\\/#breadcrumb\"},\"inLanguage\":\"en-US\",\"potentialAction\":[{\"@type\":\"ReadAction\",\"target\":[\"https:\\\/\\\/www.iemj.org\\\/en\\\/sebban-zabulon-1911-1983\\\/\"]}]},{\"@type\":\"ImageObject\",\"inLanguage\":\"en-US\",\"@id\":\"https:\\\/\\\/www.iemj.org\\\/en\\\/sebban-zabulon-1911-1983\\\/#primaryimage\",\"url\":\"https:\\\/\\\/www.iemj.org\\\/wp-content\\\/uploads\\\/2015\\\/09\\\/arton1125-e1625066451673.jpg\",\"contentUrl\":\"https:\\\/\\\/www.iemj.org\\\/wp-content\\\/uploads\\\/2015\\\/09\\\/arton1125-e1625066451673.jpg\",\"width\":164,\"height\":218,\"caption\":\"logo bio Zabulon Sebban\"},{\"@type\":\"BreadcrumbList\",\"@id\":\"https:\\\/\\\/www.iemj.org\\\/en\\\/sebban-zabulon-1911-1983\\\/#breadcrumb\",\"itemListElement\":[{\"@type\":\"ListItem\",\"position\":1,\"name\":\"Accueil\",\"item\":\"https:\\\/\\\/www.iemj.org\\\/en\\\/\"},{\"@type\":\"ListItem\",\"position\":2,\"name\":\"Sebban, Zabulon (1911-1983)\"}]},{\"@type\":\"WebSite\",\"@id\":\"https:\\\/\\\/www.iemj.org\\\/en\\\/#website\",\"url\":\"https:\\\/\\\/www.iemj.org\\\/en\\\/\",\"name\":\"Institut Europ\u00e9en des Musiques Juives\",\"description\":\"Des traditions musicales \u00e0 la port\u00e9e de tous\",\"publisher\":{\"@id\":\"https:\\\/\\\/www.iemj.org\\\/en\\\/#organization\"},\"potentialAction\":[{\"@type\":\"SearchAction\",\"target\":{\"@type\":\"EntryPoint\",\"urlTemplate\":\"https:\\\/\\\/www.iemj.org\\\/en\\\/?s={search_term_string}\"},\"query-input\":{\"@type\":\"PropertyValueSpecification\",\"valueRequired\":true,\"valueName\":\"search_term_string\"}}],\"inLanguage\":\"en-US\"},{\"@type\":\"Organization\",\"@id\":\"https:\\\/\\\/www.iemj.org\\\/en\\\/#organization\",\"name\":\"Institut Europ\u00e9en des Musiques Juives\",\"url\":\"https:\\\/\\\/www.iemj.org\\\/en\\\/\",\"logo\":{\"@type\":\"ImageObject\",\"inLanguage\":\"en-US\",\"@id\":\"https:\\\/\\\/www.iemj.org\\\/en\\\/#\\\/schema\\\/logo\\\/image\\\/\",\"url\":\"https:\\\/\\\/www.iemj.org\\\/wp-content\\\/uploads\\\/2021\\\/09\\\/Logo-IEMJ-Paypal.jpg\",\"contentUrl\":\"https:\\\/\\\/www.iemj.org\\\/wp-content\\\/uploads\\\/2021\\\/09\\\/Logo-IEMJ-Paypal.jpg\",\"width\":150,\"height\":50,\"caption\":\"Institut Europ\u00e9en des Musiques Juives\"},\"image\":{\"@id\":\"https:\\\/\\\/www.iemj.org\\\/en\\\/#\\\/schema\\\/logo\\\/image\\\/\"},\"sameAs\":[\"https:\\\/\\\/www.facebook.com\\\/MusiquesJuives\\\/\",\"https:\\\/\\\/www.instagram.com\\\/musiquesjuives\\\/\",\"https:\\\/\\\/www.youtube.com\\\/user\\\/musiquesjuives\"]},{\"@type\":\"Person\",\"@id\":\"https:\\\/\\\/www.iemj.org\\\/en\\\/#\\\/schema\\\/person\\\/906134402c29d5c76e7b726261dd4bbd\",\"name\":\"Herv\u00e9 Roten\",\"image\":{\"@type\":\"ImageObject\",\"inLanguage\":\"en-US\",\"@id\":\"https:\\\/\\\/secure.gravatar.com\\\/avatar\\\/f96ad2db538a26481f18384936b5cd0610c92d390c4dc382209216d455f685ff?s=96&d=mm&r=g\",\"url\":\"https:\\\/\\\/secure.gravatar.com\\\/avatar\\\/f96ad2db538a26481f18384936b5cd0610c92d390c4dc382209216d455f685ff?s=96&d=mm&r=g\",\"contentUrl\":\"https:\\\/\\\/secure.gravatar.com\\\/avatar\\\/f96ad2db538a26481f18384936b5cd0610c92d390c4dc382209216d455f685ff?s=96&d=mm&r=g\",\"caption\":\"Herv\u00e9 Roten\"}}]}<\/script>\n<!-- \/ Yoast SEO plugin. -->","yoast_head_json":{"title":"Sebban, Zabulon (1911-1983) - Institut Europ\u00e9en des Musiques Juives","robots":{"index":"index","follow":"follow","max-snippet":"max-snippet:-1","max-image-preview":"max-image-preview:large","max-video-preview":"max-video-preview:-1"},"canonical":"https:\/\/www.iemj.org\/en\/sebban-zabulon-1911-1983\/","og_locale":"en_US","og_type":"article","og_title":"Sebban, Zabulon (1911-1983) - Institut Europ\u00e9en des Musiques Juives","og_description":"Born on December 11, 1911 in G\u00e9ryville, near Oran (Algeria), Zabulon Sebban lived a full life. With his wife, Odette Rachel Cherqui, he had seven children and was negotiator and","og_url":"https:\/\/www.iemj.org\/en\/sebban-zabulon-1911-1983\/","og_site_name":"Institut Europ\u00e9en des Musiques Juives","article_publisher":"https:\/\/www.facebook.com\/MusiquesJuives\/","article_published_time":"2015-09-18T17:09:53+00:00","article_modified_time":"2021-09-28T09:01:46+00:00","og_image":[{"width":164,"height":218,"url":"https:\/\/www.iemj.org\/wp-content\/uploads\/2015\/09\/arton1125-e1625066451673.jpg","type":"image\/jpeg"}],"author":"Herv\u00e9 Roten","twitter_card":"summary_large_image","twitter_misc":{"Written by":"Herv\u00e9 Roten","Est. reading time":"3 minutes"},"schema":{"@context":"https:\/\/schema.org","@graph":[{"@type":"Article","@id":"https:\/\/www.iemj.org\/en\/sebban-zabulon-1911-1983\/#article","isPartOf":{"@id":"https:\/\/www.iemj.org\/en\/sebban-zabulon-1911-1983\/"},"author":{"name":"Herv\u00e9 Roten","@id":"https:\/\/www.iemj.org\/en\/#\/schema\/person\/906134402c29d5c76e7b726261dd4bbd"},"headline":"Sebban, Zabulon (1911-1983)","datePublished":"2015-09-18T17:09:53+00:00","dateModified":"2021-09-28T09:01:46+00:00","mainEntityOfPage":{"@id":"https:\/\/www.iemj.org\/en\/sebban-zabulon-1911-1983\/"},"wordCount":392,"publisher":{"@id":"https:\/\/www.iemj.org\/en\/#organization"},"image":{"@id":"https:\/\/www.iemj.org\/en\/sebban-zabulon-1911-1983\/#primaryimage"},"thumbnailUrl":"https:\/\/www.iemj.org\/wp-content\/uploads\/2015\/09\/arton1125-e1625066451673.jpg","articleSection":["Biographies"],"inLanguage":"en-US"},{"@type":"WebPage","@id":"https:\/\/www.iemj.org\/en\/sebban-zabulon-1911-1983\/","url":"https:\/\/www.iemj.org\/en\/sebban-zabulon-1911-1983\/","name":"Sebban, Zabulon (1911-1983) - Institut Europ\u00e9en des Musiques Juives","isPartOf":{"@id":"https:\/\/www.iemj.org\/en\/#website"},"primaryImageOfPage":{"@id":"https:\/\/www.iemj.org\/en\/sebban-zabulon-1911-1983\/#primaryimage"},"image":{"@id":"https:\/\/www.iemj.org\/en\/sebban-zabulon-1911-1983\/#primaryimage"},"thumbnailUrl":"https:\/\/www.iemj.org\/wp-content\/uploads\/2015\/09\/arton1125-e1625066451673.jpg","datePublished":"2015-09-18T17:09:53+00:00","dateModified":"2021-09-28T09:01:46+00:00","breadcrumb":{"@id":"https:\/\/www.iemj.org\/en\/sebban-zabulon-1911-1983\/#breadcrumb"},"inLanguage":"en-US","potentialAction":[{"@type":"ReadAction","target":["https:\/\/www.iemj.org\/en\/sebban-zabulon-1911-1983\/"]}]},{"@type":"ImageObject","inLanguage":"en-US","@id":"https:\/\/www.iemj.org\/en\/sebban-zabulon-1911-1983\/#primaryimage","url":"https:\/\/www.iemj.org\/wp-content\/uploads\/2015\/09\/arton1125-e1625066451673.jpg","contentUrl":"https:\/\/www.iemj.org\/wp-content\/uploads\/2015\/09\/arton1125-e1625066451673.jpg","width":164,"height":218,"caption":"logo bio Zabulon Sebban"},{"@type":"BreadcrumbList","@id":"https:\/\/www.iemj.org\/en\/sebban-zabulon-1911-1983\/#breadcrumb","itemListElement":[{"@type":"ListItem","position":1,"name":"Accueil","item":"https:\/\/www.iemj.org\/en\/"},{"@type":"ListItem","position":2,"name":"Sebban, Zabulon (1911-1983)"}]},{"@type":"WebSite","@id":"https:\/\/www.iemj.org\/en\/#website","url":"https:\/\/www.iemj.org\/en\/","name":"Institut Europ\u00e9en des Musiques Juives","description":"Des traditions musicales \u00e0 la port\u00e9e de tous","publisher":{"@id":"https:\/\/www.iemj.org\/en\/#organization"},"potentialAction":[{"@type":"SearchAction","target":{"@type":"EntryPoint","urlTemplate":"https:\/\/www.iemj.org\/en\/?s={search_term_string}"},"query-input":{"@type":"PropertyValueSpecification","valueRequired":true,"valueName":"search_term_string"}}],"inLanguage":"en-US"},{"@type":"Organization","@id":"https:\/\/www.iemj.org\/en\/#organization","name":"Institut Europ\u00e9en des Musiques Juives","url":"https:\/\/www.iemj.org\/en\/","logo":{"@type":"ImageObject","inLanguage":"en-US","@id":"https:\/\/www.iemj.org\/en\/#\/schema\/logo\/image\/","url":"https:\/\/www.iemj.org\/wp-content\/uploads\/2021\/09\/Logo-IEMJ-Paypal.jpg","contentUrl":"https:\/\/www.iemj.org\/wp-content\/uploads\/2021\/09\/Logo-IEMJ-Paypal.jpg","width":150,"height":50,"caption":"Institut Europ\u00e9en des Musiques Juives"},"image":{"@id":"https:\/\/www.iemj.org\/en\/#\/schema\/logo\/image\/"},"sameAs":["https:\/\/www.facebook.com\/MusiquesJuives\/","https:\/\/www.instagram.com\/musiquesjuives\/","https:\/\/www.youtube.com\/user\/musiquesjuives"]},{"@type":"Person","@id":"https:\/\/www.iemj.org\/en\/#\/schema\/person\/906134402c29d5c76e7b726261dd4bbd","name":"Herv\u00e9 Roten","image":{"@type":"ImageObject","inLanguage":"en-US","@id":"https:\/\/secure.gravatar.com\/avatar\/f96ad2db538a26481f18384936b5cd0610c92d390c4dc382209216d455f685ff?s=96&d=mm&r=g","url":"https:\/\/secure.gravatar.com\/avatar\/f96ad2db538a26481f18384936b5cd0610c92d390c4dc382209216d455f685ff?s=96&d=mm&r=g","contentUrl":"https:\/\/secure.gravatar.com\/avatar\/f96ad2db538a26481f18384936b5cd0610c92d390c4dc382209216d455f685ff?s=96&d=mm&r=g","caption":"Herv\u00e9 Roten"}}]}},"_links":{"self":[{"href":"https:\/\/www.iemj.org\/en\/wp-json\/wp\/v2\/posts\/52489","targetHints":{"allow":["GET"]}}],"collection":[{"href":"https:\/\/www.iemj.org\/en\/wp-json\/wp\/v2\/posts"}],"about":[{"href":"https:\/\/www.iemj.org\/en\/wp-json\/wp\/v2\/types\/post"}],"author":[{"embeddable":true,"href":"https:\/\/www.iemj.org\/en\/wp-json\/wp\/v2\/users\/1045"}],"replies":[{"embeddable":true,"href":"https:\/\/www.iemj.org\/en\/wp-json\/wp\/v2\/comments?post=52489"}],"version-history":[{"count":0,"href":"https:\/\/www.iemj.org\/en\/wp-json\/wp\/v2\/posts\/52489\/revisions"}],"wp:featuredmedia":[{"embeddable":true,"href":"https:\/\/www.iemj.org\/en\/wp-json\/wp\/v2\/media\/7955"}],"wp:attachment":[{"href":"https:\/\/www.iemj.org\/en\/wp-json\/wp\/v2\/media?parent=52489"}],"wp:term":[{"taxonomy":"category","embeddable":true,"href":"https:\/\/www.iemj.org\/en\/wp-json\/wp\/v2\/categories?post=52489"},{"taxonomy":"post_tag","embeddable":true,"href":"https:\/\/www.iemj.org\/en\/wp-json\/wp\/v2\/tags?post=52489"},{"taxonomy":"technique","embeddable":true,"href":"https:\/\/www.iemj.org\/en\/wp-json\/wp\/v2\/technique?post=52489"},{"taxonomy":"squelettes","embeddable":true,"href":"https:\/\/www.iemj.org\/en\/wp-json\/wp\/v2\/squelettes?post=52489"},{"taxonomy":"sujet","embeddable":true,"href":"https:\/\/www.iemj.org\/en\/wp-json\/wp\/v2\/sujet?post=52489"},{"taxonomy":"formation","embeddable":true,"href":"https:\/\/www.iemj.org\/en\/wp-json\/wp\/v2\/formation?post=52489"},{"taxonomy":"genre","embeddable":true,"href":"https:\/\/www.iemj.org\/en\/wp-json\/wp\/v2\/genre?post=52489"},{"taxonomy":"fonds","embeddable":true,"href":"https:\/\/www.iemj.org\/en\/wp-json\/wp\/v2\/fonds?post=52489"},{"taxonomy":"tradition","embeddable":true,"href":"https:\/\/www.iemj.org\/en\/wp-json\/wp\/v2\/tradition?post=52489"},{"taxonomy":"type-de-contenu","embeddable":true,"href":"https:\/\/www.iemj.org\/en\/wp-json\/wp\/v2\/type-de-contenu?post=52489"},{"taxonomy":"interprete-compositeur","embeddable":true,"href":"https:\/\/www.iemj.org\/en\/wp-json\/wp\/v2\/interprete-compositeur?post=52489"},{"taxonomy":"frise","embeddable":true,"href":"https:\/\/www.iemj.org\/en\/wp-json\/wp\/v2\/frise?post=52489"},{"taxonomy":"type-devenement","embeddable":true,"href":"https:\/\/www.iemj.org\/en\/wp-json\/wp\/v2\/type-devenement?post=52489"},{"taxonomy":"tableaux-liens-externes","embeddable":true,"href":"https:\/\/www.iemj.org\/en\/wp-json\/wp\/v2\/tableaux-liens-externes?post=52489"}],"curies":[{"name":"wp","href":"https:\/\/api.w.org\/{rel}","templated":true}]}}