{"id":52754,"date":"2011-10-11T20:04:48","date_gmt":"2011-10-11T18:04:48","guid":{"rendered":"https:\/\/www.iemj.org\/musiques-juives-baroques-venise-mantoue-amsterdam-1623-1774-2\/"},"modified":"2025-08-25T09:22:17","modified_gmt":"2025-08-25T07:22:17","slug":"musiques-juives-baroques-venise-mantoue-amsterdam-1623-1774-2","status":"publish","type":"post","link":"https:\/\/www.iemj.org\/en\/musiques-juives-baroques-venise-mantoue-amsterdam-1623-1774-2\/","title":{"rendered":"Baroque Jewish Music \u2013 Venice, Mantua, Amsterdam (1623 \u2013 1774)"},"content":{"rendered":"<h3>MUSICAL HERITAGE OF THE JEWS FROM FRANCE COLLECTION, VOL. 10<\/h3>\n<h3>Tribute to Israel Adler<\/h3>\n<p><!--more--><\/p>\n<p>Published by the Foundation of French Judaism, this CD was recorded during a concert of baroque Jewish music in Paris and organized by YUVAL organization in tribute to its founder, Israel Adler.<\/p>\n<p>In the beginning of the 17th century, many Jewish musicians were welcomed by the Dukes of Mantua. Among these was\u00a0<a href=\"https:\/\/www.iemj.org\/en\/rossi-salomone-vers-1570-vers-1630\/\">Salamone Rossi (near 1570 \u2013 near 1630)<\/a>\u00a0who published in Venice in 1622-1623 an important collection of music from the synagogue containing 33 psalms written for 3 to 8 voices. A few years later, this attraction for polyphonic art music reached the communities of the Comtat Venaissin and Amsterdam, where weddings, circumcisions and different important occasions were celebrated with hymns and small dramatic musical works written for the particular moment. Some of these new melodies were so appreciated that they became integrated into the traditional song repertoire where they have been preserved to this day.<\/p>\n<p>In this CD, the 10th volume from the collection Patrimoines musicaux des Juifs de France, the Texto Ensemble \u2013 a professional choir of 8 singers, accompanied by an orchestra of 10 musicians plays 13 compositions by\u00a0<a href=\"https:\/\/www.iemj.org\/en\/rossi-salomone-vers-1570-vers-1630\/\">Salamone Rossi<\/a>, Abraham Caceres and\u00a0<a href=\"https:\/\/www.iemj.org\/en\/lidarti-cristiano-giuseppe-1730-after-1793\/\">Cristiano Guiseppe Lidarti<\/a>, that witness the beauty of the Jewish musical practice in Italy and Amsterdam,during the at the baroque era, and which extended to the beginnings of the galant style.<\/p>\n<p><a href=\"https:\/\/www.iemj.org\/en\/product\/musiques-juives-baroques-venise-mantoue-amsterdam-1623-1774\/\">Buy the CD online on EIJM\u2019s shop<\/a><\/p>\n<p>Information (+33) 1 45 82 20 52; <a href=\"mailto:contact@iemj.org\">contact@iemj.org<\/a><\/p>\n<p><img fetchpriority=\"high\" decoding=\"async\" class=\" alignleft  wp-image-3901\" src=\"https:\/\/www.iemj.org\/wp-content\/uploads\/2011\/10\/musiques_juives_baroques_couv4_siteiemj.jpg\" alt=\"musiques_juives_baroques_couv4_siteiemj.jpg\" width=\"632\" height=\"545\" align=\"left\" srcset=\"https:\/\/www.iemj.org\/wp-content\/uploads\/2011\/10\/musiques_juives_baroques_couv4_siteiemj.jpg 500w, https:\/\/www.iemj.org\/wp-content\/uploads\/2011\/10\/musiques_juives_baroques_couv4_siteiemj-300x259.jpg 300w\" sizes=\"(max-width: 632px) 100vw, 632px\" \/><\/p>\n<div id=\"fb-root\">\u00a0<\/div>\n<div class=\"fb-like\" data-href=\"#URL_ARTICLE\" data-layout=\"button_count\" data-action=\"like\" data-show-faces=\"false\" data-share=\"true\">\u00a0<\/div>\n\n\n<h2 class=\"wp-block-heading\"><\/h2>\n\n\n<div class=\"wp-block-image\">\n<figure class=\"aligncenter size-large\"><img decoding=\"async\" width=\"1024\" height=\"133\" src=\"https:\/\/www.iemj.org\/wp-content\/uploads\/2024\/03\/AUDIO-PLAYER-1024x133.png\" alt=\"\" class=\"wp-image-110607\" srcset=\"https:\/\/www.iemj.org\/wp-content\/uploads\/2024\/03\/AUDIO-PLAYER-1024x133.png 1024w, https:\/\/www.iemj.org\/wp-content\/uploads\/2024\/03\/AUDIO-PLAYER-300x39.png 300w, https:\/\/www.iemj.org\/wp-content\/uploads\/2024\/03\/AUDIO-PLAYER-768x100.png 768w, https:\/\/www.iemj.org\/wp-content\/uploads\/2024\/03\/AUDIO-PLAYER-600x78.png 600w, https:\/\/www.iemj.org\/wp-content\/uploads\/2024\/03\/AUDIO-PLAYER.png 1210w\" sizes=\"(max-width: 1024px) 100vw, 1024px\" \/><\/figure>\n<\/div>\n\n\n<div class=\"wp-block-file\"><a href=\"https:\/\/www.iemj.org\/wp-content\/uploads\/2018\/10\/vl10_leel_elim_ext.mp3\">Le&#8217;el elim (EXTRAIT)<\/a><\/div>\n\n\n\n<div class=\"wp-block-file\"><a href=\"https:\/\/www.iemj.org\/wp-content\/uploads\/2018\/10\/vl10_beyt_yisrael_sifdu_ext.mp3\">Beyt Yisra&#8217;el, sifdu (EXTRAIT)<\/a><\/div>\n\n\n\n<div class=\"wp-block-file\"><a href=\"https:\/\/www.iemj.org\/wp-content\/uploads\/2018\/10\/vl10_lemi_ehpots_ext.mp3\">Lemi ehpots la&#8217;asot yeqar (EXTRAIT)<\/a><\/div>\n\n\n\n<div class=\"wp-block-file\"><a href=\"https:\/\/www.iemj.org\/wp-content\/uploads\/2018\/10\/vl10_zed_yahir_ext.mp3\">Zed yahir, mimeni heref (EXTRAIT)<\/a><\/div>\n","protected":false},"excerpt":{"rendered":"<p>MUSICAL HERITAGE OF THE JEWS FROM FRANCE COLLECTION, VOL. 10 Tribute to Israel Adler<\/p>\n","protected":false},"author":1045,"featured_media":3899,"comment_status":"closed","ping_status":"open","sticky":false,"template":"","format":"standard","meta":{"_acf_changed":false,"footnotes":""},"categories":[1392,2206,1389],"tags":[2089],"technique":[],"squelettes":[],"sujet":[],"formation":[],"genre":[1111],"fonds":[],"tradition":[],"type-de-contenu":[],"interprete-compositeur":[],"frise":[],"type-devenement":[],"tableaux-liens-externes":[],"class_list":["post-52754","post","type-post","status-publish","format-standard","has-post-thumbnail","hentry","category-cd-eijm-en","category-musical-heritage-of-jews-from-france-collection-en","category-publications-en","tag-italy-en","genre-baroque-music"],"acf":[],"yoast_head":"<!-- This site is optimized with the Yoast SEO plugin v27.3 - https:\/\/yoast.com\/product\/yoast-seo-wordpress\/ -->\n<title>Baroque Jewish Music \u2013 Venice, Mantua, Amsterdam (1623 \u2013 1774) - Institut Europ\u00e9en des Musiques Juives<\/title>\n<meta name=\"robots\" content=\"index, follow, max-snippet:-1, max-image-preview:large, max-video-preview:-1\" \/>\n<link rel=\"canonical\" href=\"https:\/\/www.iemj.org\/en\/musiques-juives-baroques-venise-mantoue-amsterdam-1623-1774-2\/\" \/>\n<meta property=\"og:locale\" content=\"en_US\" \/>\n<meta property=\"og:type\" content=\"article\" \/>\n<meta property=\"og:title\" content=\"Baroque Jewish Music \u2013 Venice, Mantua, Amsterdam (1623 \u2013 1774) - Institut Europ\u00e9en des Musiques Juives\" \/>\n<meta property=\"og:description\" content=\"MUSICAL HERITAGE OF THE JEWS FROM FRANCE COLLECTION, VOL. 10 Tribute to Israel Adler\" \/>\n<meta property=\"og:url\" content=\"https:\/\/www.iemj.org\/en\/musiques-juives-baroques-venise-mantoue-amsterdam-1623-1774-2\/\" \/>\n<meta property=\"og:site_name\" content=\"Institut Europ\u00e9en des Musiques Juives\" \/>\n<meta property=\"article:publisher\" content=\"https:\/\/www.facebook.com\/MusiquesJuives\/\" \/>\n<meta property=\"article:published_time\" content=\"2011-10-11T18:04:48+00:00\" \/>\n<meta property=\"article:modified_time\" content=\"2025-08-25T07:22:17+00:00\" \/>\n<meta property=\"og:image\" content=\"https:\/\/www.iemj.org\/wp-content\/uploads\/2011\/10\/arton292.png\" \/>\n\t<meta property=\"og:image:width\" content=\"250\" \/>\n\t<meta property=\"og:image:height\" content=\"248\" \/>\n\t<meta property=\"og:image:type\" content=\"image\/png\" \/>\n<meta name=\"author\" content=\"Herv\u00e9 Roten\" \/>\n<meta name=\"twitter:card\" content=\"summary_large_image\" \/>\n<meta name=\"twitter:label1\" content=\"Written by\" \/>\n\t<meta name=\"twitter:data1\" content=\"Herv\u00e9 Roten\" \/>\n\t<meta name=\"twitter:label2\" content=\"Est. reading time\" \/>\n\t<meta name=\"twitter:data2\" content=\"2 minutes\" \/>\n<script type=\"application\/ld+json\" class=\"yoast-schema-graph\">{\"@context\":\"https:\\\/\\\/schema.org\",\"@graph\":[{\"@type\":\"Article\",\"@id\":\"https:\\\/\\\/www.iemj.org\\\/en\\\/musiques-juives-baroques-venise-mantoue-amsterdam-1623-1774-2\\\/#article\",\"isPartOf\":{\"@id\":\"https:\\\/\\\/www.iemj.org\\\/en\\\/musiques-juives-baroques-venise-mantoue-amsterdam-1623-1774-2\\\/\"},\"author\":{\"name\":\"Herv\u00e9 Roten\",\"@id\":\"https:\\\/\\\/www.iemj.org\\\/en\\\/#\\\/schema\\\/person\\\/906134402c29d5c76e7b726261dd4bbd\"},\"headline\":\"Baroque Jewish Music \u2013 Venice, Mantua, Amsterdam (1623 \u2013 1774)\",\"datePublished\":\"2011-10-11T18:04:48+00:00\",\"dateModified\":\"2025-08-25T07:22:17+00:00\",\"mainEntityOfPage\":{\"@id\":\"https:\\\/\\\/www.iemj.org\\\/en\\\/musiques-juives-baroques-venise-mantoue-amsterdam-1623-1774-2\\\/\"},\"wordCount\":261,\"publisher\":{\"@id\":\"https:\\\/\\\/www.iemj.org\\\/en\\\/#organization\"},\"image\":{\"@id\":\"https:\\\/\\\/www.iemj.org\\\/en\\\/musiques-juives-baroques-venise-mantoue-amsterdam-1623-1774-2\\\/#primaryimage\"},\"thumbnailUrl\":\"https:\\\/\\\/www.iemj.org\\\/wp-content\\\/uploads\\\/2011\\\/10\\\/arton292.png\",\"keywords\":[\"Italy\"],\"articleSection\":[\"CD EIJM\",\"Musical Heritage of Jews from France Collection\",\"Publications\"],\"inLanguage\":\"en-US\"},{\"@type\":\"WebPage\",\"@id\":\"https:\\\/\\\/www.iemj.org\\\/en\\\/musiques-juives-baroques-venise-mantoue-amsterdam-1623-1774-2\\\/\",\"url\":\"https:\\\/\\\/www.iemj.org\\\/en\\\/musiques-juives-baroques-venise-mantoue-amsterdam-1623-1774-2\\\/\",\"name\":\"Baroque Jewish Music \u2013 Venice, Mantua, Amsterdam (1623 \u2013 1774) - Institut Europ\u00e9en des Musiques Juives\",\"isPartOf\":{\"@id\":\"https:\\\/\\\/www.iemj.org\\\/en\\\/#website\"},\"primaryImageOfPage\":{\"@id\":\"https:\\\/\\\/www.iemj.org\\\/en\\\/musiques-juives-baroques-venise-mantoue-amsterdam-1623-1774-2\\\/#primaryimage\"},\"image\":{\"@id\":\"https:\\\/\\\/www.iemj.org\\\/en\\\/musiques-juives-baroques-venise-mantoue-amsterdam-1623-1774-2\\\/#primaryimage\"},\"thumbnailUrl\":\"https:\\\/\\\/www.iemj.org\\\/wp-content\\\/uploads\\\/2011\\\/10\\\/arton292.png\",\"datePublished\":\"2011-10-11T18:04:48+00:00\",\"dateModified\":\"2025-08-25T07:22:17+00:00\",\"breadcrumb\":{\"@id\":\"https:\\\/\\\/www.iemj.org\\\/en\\\/musiques-juives-baroques-venise-mantoue-amsterdam-1623-1774-2\\\/#breadcrumb\"},\"inLanguage\":\"en-US\",\"potentialAction\":[{\"@type\":\"ReadAction\",\"target\":[\"https:\\\/\\\/www.iemj.org\\\/en\\\/musiques-juives-baroques-venise-mantoue-amsterdam-1623-1774-2\\\/\"]}]},{\"@type\":\"ImageObject\",\"inLanguage\":\"en-US\",\"@id\":\"https:\\\/\\\/www.iemj.org\\\/en\\\/musiques-juives-baroques-venise-mantoue-amsterdam-1623-1774-2\\\/#primaryimage\",\"url\":\"https:\\\/\\\/www.iemj.org\\\/wp-content\\\/uploads\\\/2011\\\/10\\\/arton292.png\",\"contentUrl\":\"https:\\\/\\\/www.iemj.org\\\/wp-content\\\/uploads\\\/2011\\\/10\\\/arton292.png\",\"width\":250,\"height\":248},{\"@type\":\"BreadcrumbList\",\"@id\":\"https:\\\/\\\/www.iemj.org\\\/en\\\/musiques-juives-baroques-venise-mantoue-amsterdam-1623-1774-2\\\/#breadcrumb\",\"itemListElement\":[{\"@type\":\"ListItem\",\"position\":1,\"name\":\"Accueil\",\"item\":\"https:\\\/\\\/www.iemj.org\\\/en\\\/\"},{\"@type\":\"ListItem\",\"position\":2,\"name\":\"Baroque Jewish Music \u2013 Venice, Mantua, Amsterdam (1623 \u2013 1774)\"}]},{\"@type\":\"WebSite\",\"@id\":\"https:\\\/\\\/www.iemj.org\\\/en\\\/#website\",\"url\":\"https:\\\/\\\/www.iemj.org\\\/en\\\/\",\"name\":\"Institut Europ\u00e9en des Musiques Juives\",\"description\":\"Des traditions musicales \u00e0 la port\u00e9e de tous\",\"publisher\":{\"@id\":\"https:\\\/\\\/www.iemj.org\\\/en\\\/#organization\"},\"potentialAction\":[{\"@type\":\"SearchAction\",\"target\":{\"@type\":\"EntryPoint\",\"urlTemplate\":\"https:\\\/\\\/www.iemj.org\\\/en\\\/?s={search_term_string}\"},\"query-input\":{\"@type\":\"PropertyValueSpecification\",\"valueRequired\":true,\"valueName\":\"search_term_string\"}}],\"inLanguage\":\"en-US\"},{\"@type\":\"Organization\",\"@id\":\"https:\\\/\\\/www.iemj.org\\\/en\\\/#organization\",\"name\":\"Institut Europ\u00e9en des Musiques Juives\",\"url\":\"https:\\\/\\\/www.iemj.org\\\/en\\\/\",\"logo\":{\"@type\":\"ImageObject\",\"inLanguage\":\"en-US\",\"@id\":\"https:\\\/\\\/www.iemj.org\\\/en\\\/#\\\/schema\\\/logo\\\/image\\\/\",\"url\":\"https:\\\/\\\/www.iemj.org\\\/wp-content\\\/uploads\\\/2021\\\/09\\\/Logo-IEMJ-Paypal.jpg\",\"contentUrl\":\"https:\\\/\\\/www.iemj.org\\\/wp-content\\\/uploads\\\/2021\\\/09\\\/Logo-IEMJ-Paypal.jpg\",\"width\":150,\"height\":50,\"caption\":\"Institut Europ\u00e9en des Musiques Juives\"},\"image\":{\"@id\":\"https:\\\/\\\/www.iemj.org\\\/en\\\/#\\\/schema\\\/logo\\\/image\\\/\"},\"sameAs\":[\"https:\\\/\\\/www.facebook.com\\\/MusiquesJuives\\\/\",\"https:\\\/\\\/www.instagram.com\\\/musiquesjuives\\\/\",\"https:\\\/\\\/www.youtube.com\\\/user\\\/musiquesjuives\"]},{\"@type\":\"Person\",\"@id\":\"https:\\\/\\\/www.iemj.org\\\/en\\\/#\\\/schema\\\/person\\\/906134402c29d5c76e7b726261dd4bbd\",\"name\":\"Herv\u00e9 Roten\",\"image\":{\"@type\":\"ImageObject\",\"inLanguage\":\"en-US\",\"@id\":\"https:\\\/\\\/secure.gravatar.com\\\/avatar\\\/f96ad2db538a26481f18384936b5cd0610c92d390c4dc382209216d455f685ff?s=96&d=mm&r=g\",\"url\":\"https:\\\/\\\/secure.gravatar.com\\\/avatar\\\/f96ad2db538a26481f18384936b5cd0610c92d390c4dc382209216d455f685ff?s=96&d=mm&r=g\",\"contentUrl\":\"https:\\\/\\\/secure.gravatar.com\\\/avatar\\\/f96ad2db538a26481f18384936b5cd0610c92d390c4dc382209216d455f685ff?s=96&d=mm&r=g\",\"caption\":\"Herv\u00e9 Roten\"}}]}<\/script>\n<!-- \/ Yoast SEO plugin. -->","yoast_head_json":{"title":"Baroque Jewish Music \u2013 Venice, Mantua, Amsterdam (1623 \u2013 1774) - Institut Europ\u00e9en des Musiques Juives","robots":{"index":"index","follow":"follow","max-snippet":"max-snippet:-1","max-image-preview":"max-image-preview:large","max-video-preview":"max-video-preview:-1"},"canonical":"https:\/\/www.iemj.org\/en\/musiques-juives-baroques-venise-mantoue-amsterdam-1623-1774-2\/","og_locale":"en_US","og_type":"article","og_title":"Baroque Jewish Music \u2013 Venice, Mantua, Amsterdam (1623 \u2013 1774) - Institut Europ\u00e9en des Musiques Juives","og_description":"MUSICAL HERITAGE OF THE JEWS FROM FRANCE COLLECTION, VOL. 10 Tribute to Israel Adler","og_url":"https:\/\/www.iemj.org\/en\/musiques-juives-baroques-venise-mantoue-amsterdam-1623-1774-2\/","og_site_name":"Institut Europ\u00e9en des Musiques Juives","article_publisher":"https:\/\/www.facebook.com\/MusiquesJuives\/","article_published_time":"2011-10-11T18:04:48+00:00","article_modified_time":"2025-08-25T07:22:17+00:00","og_image":[{"width":250,"height":248,"url":"https:\/\/www.iemj.org\/wp-content\/uploads\/2011\/10\/arton292.png","type":"image\/png"}],"author":"Herv\u00e9 Roten","twitter_card":"summary_large_image","twitter_misc":{"Written by":"Herv\u00e9 Roten","Est. reading time":"2 minutes"},"schema":{"@context":"https:\/\/schema.org","@graph":[{"@type":"Article","@id":"https:\/\/www.iemj.org\/en\/musiques-juives-baroques-venise-mantoue-amsterdam-1623-1774-2\/#article","isPartOf":{"@id":"https:\/\/www.iemj.org\/en\/musiques-juives-baroques-venise-mantoue-amsterdam-1623-1774-2\/"},"author":{"name":"Herv\u00e9 Roten","@id":"https:\/\/www.iemj.org\/en\/#\/schema\/person\/906134402c29d5c76e7b726261dd4bbd"},"headline":"Baroque Jewish Music \u2013 Venice, Mantua, Amsterdam (1623 \u2013 1774)","datePublished":"2011-10-11T18:04:48+00:00","dateModified":"2025-08-25T07:22:17+00:00","mainEntityOfPage":{"@id":"https:\/\/www.iemj.org\/en\/musiques-juives-baroques-venise-mantoue-amsterdam-1623-1774-2\/"},"wordCount":261,"publisher":{"@id":"https:\/\/www.iemj.org\/en\/#organization"},"image":{"@id":"https:\/\/www.iemj.org\/en\/musiques-juives-baroques-venise-mantoue-amsterdam-1623-1774-2\/#primaryimage"},"thumbnailUrl":"https:\/\/www.iemj.org\/wp-content\/uploads\/2011\/10\/arton292.png","keywords":["Italy"],"articleSection":["CD EIJM","Musical Heritage of Jews from France Collection","Publications"],"inLanguage":"en-US"},{"@type":"WebPage","@id":"https:\/\/www.iemj.org\/en\/musiques-juives-baroques-venise-mantoue-amsterdam-1623-1774-2\/","url":"https:\/\/www.iemj.org\/en\/musiques-juives-baroques-venise-mantoue-amsterdam-1623-1774-2\/","name":"Baroque Jewish Music \u2013 Venice, Mantua, Amsterdam (1623 \u2013 1774) - Institut Europ\u00e9en des Musiques Juives","isPartOf":{"@id":"https:\/\/www.iemj.org\/en\/#website"},"primaryImageOfPage":{"@id":"https:\/\/www.iemj.org\/en\/musiques-juives-baroques-venise-mantoue-amsterdam-1623-1774-2\/#primaryimage"},"image":{"@id":"https:\/\/www.iemj.org\/en\/musiques-juives-baroques-venise-mantoue-amsterdam-1623-1774-2\/#primaryimage"},"thumbnailUrl":"https:\/\/www.iemj.org\/wp-content\/uploads\/2011\/10\/arton292.png","datePublished":"2011-10-11T18:04:48+00:00","dateModified":"2025-08-25T07:22:17+00:00","breadcrumb":{"@id":"https:\/\/www.iemj.org\/en\/musiques-juives-baroques-venise-mantoue-amsterdam-1623-1774-2\/#breadcrumb"},"inLanguage":"en-US","potentialAction":[{"@type":"ReadAction","target":["https:\/\/www.iemj.org\/en\/musiques-juives-baroques-venise-mantoue-amsterdam-1623-1774-2\/"]}]},{"@type":"ImageObject","inLanguage":"en-US","@id":"https:\/\/www.iemj.org\/en\/musiques-juives-baroques-venise-mantoue-amsterdam-1623-1774-2\/#primaryimage","url":"https:\/\/www.iemj.org\/wp-content\/uploads\/2011\/10\/arton292.png","contentUrl":"https:\/\/www.iemj.org\/wp-content\/uploads\/2011\/10\/arton292.png","width":250,"height":248},{"@type":"BreadcrumbList","@id":"https:\/\/www.iemj.org\/en\/musiques-juives-baroques-venise-mantoue-amsterdam-1623-1774-2\/#breadcrumb","itemListElement":[{"@type":"ListItem","position":1,"name":"Accueil","item":"https:\/\/www.iemj.org\/en\/"},{"@type":"ListItem","position":2,"name":"Baroque Jewish Music \u2013 Venice, Mantua, Amsterdam (1623 \u2013 1774)"}]},{"@type":"WebSite","@id":"https:\/\/www.iemj.org\/en\/#website","url":"https:\/\/www.iemj.org\/en\/","name":"Institut Europ\u00e9en des Musiques Juives","description":"Des traditions musicales \u00e0 la port\u00e9e de tous","publisher":{"@id":"https:\/\/www.iemj.org\/en\/#organization"},"potentialAction":[{"@type":"SearchAction","target":{"@type":"EntryPoint","urlTemplate":"https:\/\/www.iemj.org\/en\/?s={search_term_string}"},"query-input":{"@type":"PropertyValueSpecification","valueRequired":true,"valueName":"search_term_string"}}],"inLanguage":"en-US"},{"@type":"Organization","@id":"https:\/\/www.iemj.org\/en\/#organization","name":"Institut Europ\u00e9en des Musiques Juives","url":"https:\/\/www.iemj.org\/en\/","logo":{"@type":"ImageObject","inLanguage":"en-US","@id":"https:\/\/www.iemj.org\/en\/#\/schema\/logo\/image\/","url":"https:\/\/www.iemj.org\/wp-content\/uploads\/2021\/09\/Logo-IEMJ-Paypal.jpg","contentUrl":"https:\/\/www.iemj.org\/wp-content\/uploads\/2021\/09\/Logo-IEMJ-Paypal.jpg","width":150,"height":50,"caption":"Institut Europ\u00e9en des Musiques Juives"},"image":{"@id":"https:\/\/www.iemj.org\/en\/#\/schema\/logo\/image\/"},"sameAs":["https:\/\/www.facebook.com\/MusiquesJuives\/","https:\/\/www.instagram.com\/musiquesjuives\/","https:\/\/www.youtube.com\/user\/musiquesjuives"]},{"@type":"Person","@id":"https:\/\/www.iemj.org\/en\/#\/schema\/person\/906134402c29d5c76e7b726261dd4bbd","name":"Herv\u00e9 Roten","image":{"@type":"ImageObject","inLanguage":"en-US","@id":"https:\/\/secure.gravatar.com\/avatar\/f96ad2db538a26481f18384936b5cd0610c92d390c4dc382209216d455f685ff?s=96&d=mm&r=g","url":"https:\/\/secure.gravatar.com\/avatar\/f96ad2db538a26481f18384936b5cd0610c92d390c4dc382209216d455f685ff?s=96&d=mm&r=g","contentUrl":"https:\/\/secure.gravatar.com\/avatar\/f96ad2db538a26481f18384936b5cd0610c92d390c4dc382209216d455f685ff?s=96&d=mm&r=g","caption":"Herv\u00e9 Roten"}}]}},"_links":{"self":[{"href":"https:\/\/www.iemj.org\/en\/wp-json\/wp\/v2\/posts\/52754","targetHints":{"allow":["GET"]}}],"collection":[{"href":"https:\/\/www.iemj.org\/en\/wp-json\/wp\/v2\/posts"}],"about":[{"href":"https:\/\/www.iemj.org\/en\/wp-json\/wp\/v2\/types\/post"}],"author":[{"embeddable":true,"href":"https:\/\/www.iemj.org\/en\/wp-json\/wp\/v2\/users\/1045"}],"replies":[{"embeddable":true,"href":"https:\/\/www.iemj.org\/en\/wp-json\/wp\/v2\/comments?post=52754"}],"version-history":[{"count":0,"href":"https:\/\/www.iemj.org\/en\/wp-json\/wp\/v2\/posts\/52754\/revisions"}],"wp:featuredmedia":[{"embeddable":true,"href":"https:\/\/www.iemj.org\/en\/wp-json\/wp\/v2\/media\/3899"}],"wp:attachment":[{"href":"https:\/\/www.iemj.org\/en\/wp-json\/wp\/v2\/media?parent=52754"}],"wp:term":[{"taxonomy":"category","embeddable":true,"href":"https:\/\/www.iemj.org\/en\/wp-json\/wp\/v2\/categories?post=52754"},{"taxonomy":"post_tag","embeddable":true,"href":"https:\/\/www.iemj.org\/en\/wp-json\/wp\/v2\/tags?post=52754"},{"taxonomy":"technique","embeddable":true,"href":"https:\/\/www.iemj.org\/en\/wp-json\/wp\/v2\/technique?post=52754"},{"taxonomy":"squelettes","embeddable":true,"href":"https:\/\/www.iemj.org\/en\/wp-json\/wp\/v2\/squelettes?post=52754"},{"taxonomy":"sujet","embeddable":true,"href":"https:\/\/www.iemj.org\/en\/wp-json\/wp\/v2\/sujet?post=52754"},{"taxonomy":"formation","embeddable":true,"href":"https:\/\/www.iemj.org\/en\/wp-json\/wp\/v2\/formation?post=52754"},{"taxonomy":"genre","embeddable":true,"href":"https:\/\/www.iemj.org\/en\/wp-json\/wp\/v2\/genre?post=52754"},{"taxonomy":"fonds","embeddable":true,"href":"https:\/\/www.iemj.org\/en\/wp-json\/wp\/v2\/fonds?post=52754"},{"taxonomy":"tradition","embeddable":true,"href":"https:\/\/www.iemj.org\/en\/wp-json\/wp\/v2\/tradition?post=52754"},{"taxonomy":"type-de-contenu","embeddable":true,"href":"https:\/\/www.iemj.org\/en\/wp-json\/wp\/v2\/type-de-contenu?post=52754"},{"taxonomy":"interprete-compositeur","embeddable":true,"href":"https:\/\/www.iemj.org\/en\/wp-json\/wp\/v2\/interprete-compositeur?post=52754"},{"taxonomy":"frise","embeddable":true,"href":"https:\/\/www.iemj.org\/en\/wp-json\/wp\/v2\/frise?post=52754"},{"taxonomy":"type-devenement","embeddable":true,"href":"https:\/\/www.iemj.org\/en\/wp-json\/wp\/v2\/type-devenement?post=52754"},{"taxonomy":"tableaux-liens-externes","embeddable":true,"href":"https:\/\/www.iemj.org\/en\/wp-json\/wp\/v2\/tableaux-liens-externes?post=52754"}],"curies":[{"name":"wp","href":"https:\/\/api.w.org\/{rel}","templated":true}]}}