{"id":53326,"date":"2010-03-02T10:27:00","date_gmt":"2010-03-02T09:27:00","guid":{"rendered":"https:\/\/www.iemj.org\/musiques-judeo-francaises-des-xviiie-et-xixe-siecles\/"},"modified":"2024-11-12T16:40:34","modified_gmt":"2024-11-12T15:40:34","slug":"musiques-judeo-francaises-des-xviiie-et-xixe-siecles","status":"publish","type":"post","link":"https:\/\/www.iemj.org\/en\/musiques-judeo-francaises-des-xviiie-et-xixe-siecles\/","title":{"rendered":"Judeo-French music from the 18th and 19th century"},"content":{"rendered":"<h3><strong>MUSICAL HERITAGE OF THE JEWS FROM FRANCE COLLECTION, vol 2<\/strong><\/h3>\n<p><!--more--><\/p>\n<p>In the 18th century, the Jewish people are concentrated in three major locations : the Comtat Venaissin, the South West of France and Alsace-Lorraine region. Their musical practices come primarily from oral tradition.<\/p>\n<p>The reform of the Consistory at the beginning of the 19th century will bring great changes to musical practices in the synagogues: music will be written, chorus created, and instrumental accompaniment become widespread. But the 2nd World War and the demographic upheavals of the 20th century will cause the decline of these three traditions. They are, however, original musical traditions. The Comtadin music, which has been forgotten today, reveals the old-fashioned charm of Proven\u00e7al music from the 18th century. Religious poems are in the Proven\u00e7al language, sometimes mixed with Hebrew or Aramaic.<\/p>\n<p>The traditions from Bordeaux and Bayonne resembles those of the ancient Portuguese nationality from South West of France that had a complicated fate. Music from various origins are mixed in, from antique biblical cantillations to harmonized arrangements of the 19th century, touching on the soft Andalusian melodies of Medieval Spain.<\/p>\n<p>Finally, in the music from the Consistory, the use of the organ, the beauty of the mixed chorus and the care brought to the arrangements reveal a cult that wishes to integrate the aesthetic styles of its era while at the same time, be open to modernity.<\/p>\n<p>Featuring many previously unreleased pieces of music recorded by Adolphe Attia, Mag Tayar and Michel Podolak&#8217;s choir, this CD offers a glimpse into the liturgical traditions of the Comtadins, Portuguese and Ashkenazim in France in the 18th and 19th centuries.<\/p>\n<p><strong><a href=\"https:\/\/www.iemj.org\/en\/product\/musiques-judeo-francaises-des-xviiie-et-xixe-siecles\/\" target=\"_blank\" rel=\"noopener\">Buy the CD online on EIJM\u2019s shop<\/a><\/strong><\/p>\n<p>Information (+33) 1 45 82 20 52 ;\u00a0<a href=\"mailto:contact@iemj.org\">contact@iemj.org<\/a><\/p>\n<p><img fetchpriority=\"high\" decoding=\"async\" class=\" alignleft size-full wp-image-3043\" src=\"https:\/\/www.iemj.org\/wp-content\/uploads\/2010\/03\/musiques-judeo-francaises_couv4.jpg\" alt=\"musiques-judeo-francaises_couv4.jpg\" width=\"549\" height=\"465\" align=\"left\" srcset=\"https:\/\/www.iemj.org\/wp-content\/uploads\/2010\/03\/musiques-judeo-francaises_couv4.jpg 549w, https:\/\/www.iemj.org\/wp-content\/uploads\/2010\/03\/musiques-judeo-francaises_couv4-300x254.jpg 300w\" sizes=\"(max-width: 549px) 100vw, 549px\" \/><\/p>\n<div id=\"fb-root\" class=\" fb_reset\"><br \/>\n<div style=\"position: absolute; top: -10000px; width: 0px; height: 0px;\">\n<div>\u00a0<\/div>\n<\/div>\n<\/div>\n<div class=\"fb-like\" data-href=\"#URL_ARTICLE\" data-layout=\"button_count\" data-action=\"like\" data-show-faces=\"false\" data-share=\"true\">\u00a0<\/div>\n\n\n<figure class=\"wp-block-image alignwide size-large\"><img decoding=\"async\" width=\"1024\" height=\"133\" src=\"https:\/\/www.iemj.org\/wp-content\/uploads\/2024\/03\/AUDIO-PLAYER-1024x133.png\" alt=\"\" class=\"wp-image-110607\" srcset=\"https:\/\/www.iemj.org\/wp-content\/uploads\/2024\/03\/AUDIO-PLAYER-1024x133.png 1024w, https:\/\/www.iemj.org\/wp-content\/uploads\/2024\/03\/AUDIO-PLAYER-300x39.png 300w, https:\/\/www.iemj.org\/wp-content\/uploads\/2024\/03\/AUDIO-PLAYER-768x100.png 768w, https:\/\/www.iemj.org\/wp-content\/uploads\/2024\/03\/AUDIO-PLAYER-600x78.png 600w, https:\/\/www.iemj.org\/wp-content\/uploads\/2024\/03\/AUDIO-PLAYER.png 1210w\" sizes=\"(max-width: 1024px) 100vw, 1024px\" \/><\/figure>\n\n\n\n<div class=\"wp-block-file\"><a href=\"https:\/\/www.iemj.org\/wp-content\/uploads\/2018\/10\/vl2-messies_qu_entendes_extrait_.mp3\">Messi\u00e8s qu\u2019entend\u00e8s (EXTRAIT)<\/a><\/div>\n\n\n\n<div class=\"wp-block-file\"><a href=\"https:\/\/www.iemj.org\/wp-content\/uploads\/2018\/10\/vl2-ouvnou_ho_yomar_extrait_.mp3\">Ouvnou\u2019ho yomar (EXTRAIT)<\/a><\/div>\n","protected":false},"excerpt":{"rendered":"<p>MUSICAL HERITAGE OF THE JEWS FROM FRANCE COLLECTION, vol 2<\/p>\n","protected":false},"author":1046,"featured_media":3041,"comment_status":"closed","ping_status":"open","sticky":false,"template":"","format":"standard","meta":{"_acf_changed":false,"footnotes":""},"categories":[1392,2206,1389],"tags":[],"technique":[],"squelettes":[],"sujet":[2100,2112,2125],"formation":[],"genre":[1116],"fonds":[],"tradition":[1141],"type-de-contenu":[],"interprete-compositeur":[],"frise":[],"type-devenement":[],"tableaux-liens-externes":[],"class_list":["post-53326","post","type-post","status-publish","format-standard","has-post-thumbnail","hentry","category-cd-eijm-en","category-musical-heritage-of-jews-from-france-collection-en","category-publications-en","sujet-alsace-lorraine-en","sujet-music-of-the-synagogue-en","sujet-provence-and-comtat-venaissin-en","genre-liturgy","tradition-ashkenazi-rite-en"],"acf":[],"yoast_head":"<!-- This site is optimized with the Yoast SEO plugin v27.3 - https:\/\/yoast.com\/product\/yoast-seo-wordpress\/ -->\n<title>Judeo-French music from the 18th and 19th century - Institut Europ\u00e9en des Musiques Juives<\/title>\n<meta name=\"robots\" content=\"index, follow, max-snippet:-1, max-image-preview:large, max-video-preview:-1\" \/>\n<link rel=\"canonical\" href=\"https:\/\/www.iemj.org\/en\/musiques-judeo-francaises-des-xviiie-et-xixe-siecles\/\" \/>\n<meta property=\"og:locale\" content=\"en_US\" \/>\n<meta property=\"og:type\" content=\"article\" \/>\n<meta property=\"og:title\" content=\"Judeo-French music from the 18th and 19th century - Institut Europ\u00e9en des Musiques Juives\" \/>\n<meta property=\"og:description\" content=\"MUSICAL HERITAGE OF THE JEWS FROM FRANCE COLLECTION, vol 2\" \/>\n<meta property=\"og:url\" content=\"https:\/\/www.iemj.org\/en\/musiques-judeo-francaises-des-xviiie-et-xixe-siecles\/\" \/>\n<meta property=\"og:site_name\" content=\"Institut Europ\u00e9en des Musiques Juives\" \/>\n<meta property=\"article:publisher\" content=\"https:\/\/www.facebook.com\/MusiquesJuives\/\" \/>\n<meta property=\"article:published_time\" content=\"2010-03-02T09:27:00+00:00\" \/>\n<meta property=\"article:modified_time\" content=\"2024-11-12T15:40:34+00:00\" \/>\n<meta property=\"og:image\" content=\"https:\/\/www.iemj.org\/wp-content\/uploads\/2010\/03\/arton38-e1625326861607.jpg\" \/>\n\t<meta property=\"og:image:width\" content=\"350\" \/>\n\t<meta property=\"og:image:height\" content=\"346\" \/>\n\t<meta property=\"og:image:type\" content=\"image\/jpeg\" \/>\n<meta name=\"author\" content=\"Isabelle Jouve\" \/>\n<meta name=\"twitter:card\" content=\"summary_large_image\" \/>\n<meta name=\"twitter:label1\" content=\"Written by\" \/>\n\t<meta name=\"twitter:data1\" content=\"Isabelle Jouve\" \/>\n\t<meta name=\"twitter:label2\" content=\"Est. reading time\" \/>\n\t<meta name=\"twitter:data2\" content=\"3 minutes\" \/>\n<script type=\"application\/ld+json\" class=\"yoast-schema-graph\">{\"@context\":\"https:\\\/\\\/schema.org\",\"@graph\":[{\"@type\":\"Article\",\"@id\":\"https:\\\/\\\/www.iemj.org\\\/en\\\/musiques-judeo-francaises-des-xviiie-et-xixe-siecles\\\/#article\",\"isPartOf\":{\"@id\":\"https:\\\/\\\/www.iemj.org\\\/en\\\/musiques-judeo-francaises-des-xviiie-et-xixe-siecles\\\/\"},\"author\":{\"name\":\"Isabelle Jouve\",\"@id\":\"https:\\\/\\\/www.iemj.org\\\/en\\\/#\\\/schema\\\/person\\\/94283a7f5a8b28a85fdab0ae54777472\"},\"headline\":\"Judeo-French music from the 18th and 19th century\",\"datePublished\":\"2010-03-02T09:27:00+00:00\",\"dateModified\":\"2024-11-12T15:40:34+00:00\",\"mainEntityOfPage\":{\"@id\":\"https:\\\/\\\/www.iemj.org\\\/en\\\/musiques-judeo-francaises-des-xviiie-et-xixe-siecles\\\/\"},\"wordCount\":303,\"publisher\":{\"@id\":\"https:\\\/\\\/www.iemj.org\\\/en\\\/#organization\"},\"image\":{\"@id\":\"https:\\\/\\\/www.iemj.org\\\/en\\\/musiques-judeo-francaises-des-xviiie-et-xixe-siecles\\\/#primaryimage\"},\"thumbnailUrl\":\"https:\\\/\\\/www.iemj.org\\\/wp-content\\\/uploads\\\/2010\\\/03\\\/arton38-e1625326861607.jpg\",\"articleSection\":[\"CD EIJM\",\"Musical Heritage of Jews from France Collection\",\"Publications\"],\"inLanguage\":\"en-US\"},{\"@type\":\"WebPage\",\"@id\":\"https:\\\/\\\/www.iemj.org\\\/en\\\/musiques-judeo-francaises-des-xviiie-et-xixe-siecles\\\/\",\"url\":\"https:\\\/\\\/www.iemj.org\\\/en\\\/musiques-judeo-francaises-des-xviiie-et-xixe-siecles\\\/\",\"name\":\"Judeo-French music from the 18th and 19th century - Institut Europ\u00e9en des Musiques Juives\",\"isPartOf\":{\"@id\":\"https:\\\/\\\/www.iemj.org\\\/en\\\/#website\"},\"primaryImageOfPage\":{\"@id\":\"https:\\\/\\\/www.iemj.org\\\/en\\\/musiques-judeo-francaises-des-xviiie-et-xixe-siecles\\\/#primaryimage\"},\"image\":{\"@id\":\"https:\\\/\\\/www.iemj.org\\\/en\\\/musiques-judeo-francaises-des-xviiie-et-xixe-siecles\\\/#primaryimage\"},\"thumbnailUrl\":\"https:\\\/\\\/www.iemj.org\\\/wp-content\\\/uploads\\\/2010\\\/03\\\/arton38-e1625326861607.jpg\",\"datePublished\":\"2010-03-02T09:27:00+00:00\",\"dateModified\":\"2024-11-12T15:40:34+00:00\",\"breadcrumb\":{\"@id\":\"https:\\\/\\\/www.iemj.org\\\/en\\\/musiques-judeo-francaises-des-xviiie-et-xixe-siecles\\\/#breadcrumb\"},\"inLanguage\":\"en-US\",\"potentialAction\":[{\"@type\":\"ReadAction\",\"target\":[\"https:\\\/\\\/www.iemj.org\\\/en\\\/musiques-judeo-francaises-des-xviiie-et-xixe-siecles\\\/\"]}]},{\"@type\":\"ImageObject\",\"inLanguage\":\"en-US\",\"@id\":\"https:\\\/\\\/www.iemj.org\\\/en\\\/musiques-judeo-francaises-des-xviiie-et-xixe-siecles\\\/#primaryimage\",\"url\":\"https:\\\/\\\/www.iemj.org\\\/wp-content\\\/uploads\\\/2010\\\/03\\\/arton38-e1625326861607.jpg\",\"contentUrl\":\"https:\\\/\\\/www.iemj.org\\\/wp-content\\\/uploads\\\/2010\\\/03\\\/arton38-e1625326861607.jpg\",\"width\":350,\"height\":346},{\"@type\":\"BreadcrumbList\",\"@id\":\"https:\\\/\\\/www.iemj.org\\\/en\\\/musiques-judeo-francaises-des-xviiie-et-xixe-siecles\\\/#breadcrumb\",\"itemListElement\":[{\"@type\":\"ListItem\",\"position\":1,\"name\":\"Accueil\",\"item\":\"https:\\\/\\\/www.iemj.org\\\/en\\\/\"},{\"@type\":\"ListItem\",\"position\":2,\"name\":\"Judeo-French music from the 18th and 19th century\"}]},{\"@type\":\"WebSite\",\"@id\":\"https:\\\/\\\/www.iemj.org\\\/en\\\/#website\",\"url\":\"https:\\\/\\\/www.iemj.org\\\/en\\\/\",\"name\":\"Institut Europ\u00e9en des Musiques Juives\",\"description\":\"Des traditions musicales \u00e0 la port\u00e9e de tous\",\"publisher\":{\"@id\":\"https:\\\/\\\/www.iemj.org\\\/en\\\/#organization\"},\"potentialAction\":[{\"@type\":\"SearchAction\",\"target\":{\"@type\":\"EntryPoint\",\"urlTemplate\":\"https:\\\/\\\/www.iemj.org\\\/en\\\/?s={search_term_string}\"},\"query-input\":{\"@type\":\"PropertyValueSpecification\",\"valueRequired\":true,\"valueName\":\"search_term_string\"}}],\"inLanguage\":\"en-US\"},{\"@type\":\"Organization\",\"@id\":\"https:\\\/\\\/www.iemj.org\\\/en\\\/#organization\",\"name\":\"Institut Europ\u00e9en des Musiques Juives\",\"url\":\"https:\\\/\\\/www.iemj.org\\\/en\\\/\",\"logo\":{\"@type\":\"ImageObject\",\"inLanguage\":\"en-US\",\"@id\":\"https:\\\/\\\/www.iemj.org\\\/en\\\/#\\\/schema\\\/logo\\\/image\\\/\",\"url\":\"https:\\\/\\\/www.iemj.org\\\/wp-content\\\/uploads\\\/2021\\\/09\\\/Logo-IEMJ-Paypal.jpg\",\"contentUrl\":\"https:\\\/\\\/www.iemj.org\\\/wp-content\\\/uploads\\\/2021\\\/09\\\/Logo-IEMJ-Paypal.jpg\",\"width\":150,\"height\":50,\"caption\":\"Institut Europ\u00e9en des Musiques Juives\"},\"image\":{\"@id\":\"https:\\\/\\\/www.iemj.org\\\/en\\\/#\\\/schema\\\/logo\\\/image\\\/\"},\"sameAs\":[\"https:\\\/\\\/www.facebook.com\\\/MusiquesJuives\\\/\",\"https:\\\/\\\/www.instagram.com\\\/musiquesjuives\\\/\",\"https:\\\/\\\/www.youtube.com\\\/user\\\/musiquesjuives\"]},{\"@type\":\"Person\",\"@id\":\"https:\\\/\\\/www.iemj.org\\\/en\\\/#\\\/schema\\\/person\\\/94283a7f5a8b28a85fdab0ae54777472\",\"name\":\"Isabelle Jouve\",\"image\":{\"@type\":\"ImageObject\",\"inLanguage\":\"en-US\",\"@id\":\"https:\\\/\\\/secure.gravatar.com\\\/avatar\\\/bc547a31cb8a12b3ffc0f7fcf1f2dbd4fc06e95ad13a451095d8316a6d5a59a6?s=96&d=mm&r=g\",\"url\":\"https:\\\/\\\/secure.gravatar.com\\\/avatar\\\/bc547a31cb8a12b3ffc0f7fcf1f2dbd4fc06e95ad13a451095d8316a6d5a59a6?s=96&d=mm&r=g\",\"contentUrl\":\"https:\\\/\\\/secure.gravatar.com\\\/avatar\\\/bc547a31cb8a12b3ffc0f7fcf1f2dbd4fc06e95ad13a451095d8316a6d5a59a6?s=96&d=mm&r=g\",\"caption\":\"Isabelle Jouve\"}}]}<\/script>\n<!-- \/ Yoast SEO plugin. -->","yoast_head_json":{"title":"Judeo-French music from the 18th and 19th century - Institut Europ\u00e9en des Musiques Juives","robots":{"index":"index","follow":"follow","max-snippet":"max-snippet:-1","max-image-preview":"max-image-preview:large","max-video-preview":"max-video-preview:-1"},"canonical":"https:\/\/www.iemj.org\/en\/musiques-judeo-francaises-des-xviiie-et-xixe-siecles\/","og_locale":"en_US","og_type":"article","og_title":"Judeo-French music from the 18th and 19th century - Institut Europ\u00e9en des Musiques Juives","og_description":"MUSICAL HERITAGE OF THE JEWS FROM FRANCE COLLECTION, vol 2","og_url":"https:\/\/www.iemj.org\/en\/musiques-judeo-francaises-des-xviiie-et-xixe-siecles\/","og_site_name":"Institut Europ\u00e9en des Musiques Juives","article_publisher":"https:\/\/www.facebook.com\/MusiquesJuives\/","article_published_time":"2010-03-02T09:27:00+00:00","article_modified_time":"2024-11-12T15:40:34+00:00","og_image":[{"width":350,"height":346,"url":"https:\/\/www.iemj.org\/wp-content\/uploads\/2010\/03\/arton38-e1625326861607.jpg","type":"image\/jpeg"}],"author":"Isabelle Jouve","twitter_card":"summary_large_image","twitter_misc":{"Written by":"Isabelle Jouve","Est. reading time":"3 minutes"},"schema":{"@context":"https:\/\/schema.org","@graph":[{"@type":"Article","@id":"https:\/\/www.iemj.org\/en\/musiques-judeo-francaises-des-xviiie-et-xixe-siecles\/#article","isPartOf":{"@id":"https:\/\/www.iemj.org\/en\/musiques-judeo-francaises-des-xviiie-et-xixe-siecles\/"},"author":{"name":"Isabelle Jouve","@id":"https:\/\/www.iemj.org\/en\/#\/schema\/person\/94283a7f5a8b28a85fdab0ae54777472"},"headline":"Judeo-French music from the 18th and 19th century","datePublished":"2010-03-02T09:27:00+00:00","dateModified":"2024-11-12T15:40:34+00:00","mainEntityOfPage":{"@id":"https:\/\/www.iemj.org\/en\/musiques-judeo-francaises-des-xviiie-et-xixe-siecles\/"},"wordCount":303,"publisher":{"@id":"https:\/\/www.iemj.org\/en\/#organization"},"image":{"@id":"https:\/\/www.iemj.org\/en\/musiques-judeo-francaises-des-xviiie-et-xixe-siecles\/#primaryimage"},"thumbnailUrl":"https:\/\/www.iemj.org\/wp-content\/uploads\/2010\/03\/arton38-e1625326861607.jpg","articleSection":["CD EIJM","Musical Heritage of Jews from France Collection","Publications"],"inLanguage":"en-US"},{"@type":"WebPage","@id":"https:\/\/www.iemj.org\/en\/musiques-judeo-francaises-des-xviiie-et-xixe-siecles\/","url":"https:\/\/www.iemj.org\/en\/musiques-judeo-francaises-des-xviiie-et-xixe-siecles\/","name":"Judeo-French music from the 18th and 19th century - Institut Europ\u00e9en des Musiques Juives","isPartOf":{"@id":"https:\/\/www.iemj.org\/en\/#website"},"primaryImageOfPage":{"@id":"https:\/\/www.iemj.org\/en\/musiques-judeo-francaises-des-xviiie-et-xixe-siecles\/#primaryimage"},"image":{"@id":"https:\/\/www.iemj.org\/en\/musiques-judeo-francaises-des-xviiie-et-xixe-siecles\/#primaryimage"},"thumbnailUrl":"https:\/\/www.iemj.org\/wp-content\/uploads\/2010\/03\/arton38-e1625326861607.jpg","datePublished":"2010-03-02T09:27:00+00:00","dateModified":"2024-11-12T15:40:34+00:00","breadcrumb":{"@id":"https:\/\/www.iemj.org\/en\/musiques-judeo-francaises-des-xviiie-et-xixe-siecles\/#breadcrumb"},"inLanguage":"en-US","potentialAction":[{"@type":"ReadAction","target":["https:\/\/www.iemj.org\/en\/musiques-judeo-francaises-des-xviiie-et-xixe-siecles\/"]}]},{"@type":"ImageObject","inLanguage":"en-US","@id":"https:\/\/www.iemj.org\/en\/musiques-judeo-francaises-des-xviiie-et-xixe-siecles\/#primaryimage","url":"https:\/\/www.iemj.org\/wp-content\/uploads\/2010\/03\/arton38-e1625326861607.jpg","contentUrl":"https:\/\/www.iemj.org\/wp-content\/uploads\/2010\/03\/arton38-e1625326861607.jpg","width":350,"height":346},{"@type":"BreadcrumbList","@id":"https:\/\/www.iemj.org\/en\/musiques-judeo-francaises-des-xviiie-et-xixe-siecles\/#breadcrumb","itemListElement":[{"@type":"ListItem","position":1,"name":"Accueil","item":"https:\/\/www.iemj.org\/en\/"},{"@type":"ListItem","position":2,"name":"Judeo-French music from the 18th and 19th century"}]},{"@type":"WebSite","@id":"https:\/\/www.iemj.org\/en\/#website","url":"https:\/\/www.iemj.org\/en\/","name":"Institut Europ\u00e9en des Musiques Juives","description":"Des traditions musicales \u00e0 la port\u00e9e de tous","publisher":{"@id":"https:\/\/www.iemj.org\/en\/#organization"},"potentialAction":[{"@type":"SearchAction","target":{"@type":"EntryPoint","urlTemplate":"https:\/\/www.iemj.org\/en\/?s={search_term_string}"},"query-input":{"@type":"PropertyValueSpecification","valueRequired":true,"valueName":"search_term_string"}}],"inLanguage":"en-US"},{"@type":"Organization","@id":"https:\/\/www.iemj.org\/en\/#organization","name":"Institut Europ\u00e9en des Musiques Juives","url":"https:\/\/www.iemj.org\/en\/","logo":{"@type":"ImageObject","inLanguage":"en-US","@id":"https:\/\/www.iemj.org\/en\/#\/schema\/logo\/image\/","url":"https:\/\/www.iemj.org\/wp-content\/uploads\/2021\/09\/Logo-IEMJ-Paypal.jpg","contentUrl":"https:\/\/www.iemj.org\/wp-content\/uploads\/2021\/09\/Logo-IEMJ-Paypal.jpg","width":150,"height":50,"caption":"Institut Europ\u00e9en des Musiques Juives"},"image":{"@id":"https:\/\/www.iemj.org\/en\/#\/schema\/logo\/image\/"},"sameAs":["https:\/\/www.facebook.com\/MusiquesJuives\/","https:\/\/www.instagram.com\/musiquesjuives\/","https:\/\/www.youtube.com\/user\/musiquesjuives"]},{"@type":"Person","@id":"https:\/\/www.iemj.org\/en\/#\/schema\/person\/94283a7f5a8b28a85fdab0ae54777472","name":"Isabelle Jouve","image":{"@type":"ImageObject","inLanguage":"en-US","@id":"https:\/\/secure.gravatar.com\/avatar\/bc547a31cb8a12b3ffc0f7fcf1f2dbd4fc06e95ad13a451095d8316a6d5a59a6?s=96&d=mm&r=g","url":"https:\/\/secure.gravatar.com\/avatar\/bc547a31cb8a12b3ffc0f7fcf1f2dbd4fc06e95ad13a451095d8316a6d5a59a6?s=96&d=mm&r=g","contentUrl":"https:\/\/secure.gravatar.com\/avatar\/bc547a31cb8a12b3ffc0f7fcf1f2dbd4fc06e95ad13a451095d8316a6d5a59a6?s=96&d=mm&r=g","caption":"Isabelle Jouve"}}]}},"_links":{"self":[{"href":"https:\/\/www.iemj.org\/en\/wp-json\/wp\/v2\/posts\/53326","targetHints":{"allow":["GET"]}}],"collection":[{"href":"https:\/\/www.iemj.org\/en\/wp-json\/wp\/v2\/posts"}],"about":[{"href":"https:\/\/www.iemj.org\/en\/wp-json\/wp\/v2\/types\/post"}],"author":[{"embeddable":true,"href":"https:\/\/www.iemj.org\/en\/wp-json\/wp\/v2\/users\/1046"}],"replies":[{"embeddable":true,"href":"https:\/\/www.iemj.org\/en\/wp-json\/wp\/v2\/comments?post=53326"}],"version-history":[{"count":0,"href":"https:\/\/www.iemj.org\/en\/wp-json\/wp\/v2\/posts\/53326\/revisions"}],"wp:featuredmedia":[{"embeddable":true,"href":"https:\/\/www.iemj.org\/en\/wp-json\/wp\/v2\/media\/3041"}],"wp:attachment":[{"href":"https:\/\/www.iemj.org\/en\/wp-json\/wp\/v2\/media?parent=53326"}],"wp:term":[{"taxonomy":"category","embeddable":true,"href":"https:\/\/www.iemj.org\/en\/wp-json\/wp\/v2\/categories?post=53326"},{"taxonomy":"post_tag","embeddable":true,"href":"https:\/\/www.iemj.org\/en\/wp-json\/wp\/v2\/tags?post=53326"},{"taxonomy":"technique","embeddable":true,"href":"https:\/\/www.iemj.org\/en\/wp-json\/wp\/v2\/technique?post=53326"},{"taxonomy":"squelettes","embeddable":true,"href":"https:\/\/www.iemj.org\/en\/wp-json\/wp\/v2\/squelettes?post=53326"},{"taxonomy":"sujet","embeddable":true,"href":"https:\/\/www.iemj.org\/en\/wp-json\/wp\/v2\/sujet?post=53326"},{"taxonomy":"formation","embeddable":true,"href":"https:\/\/www.iemj.org\/en\/wp-json\/wp\/v2\/formation?post=53326"},{"taxonomy":"genre","embeddable":true,"href":"https:\/\/www.iemj.org\/en\/wp-json\/wp\/v2\/genre?post=53326"},{"taxonomy":"fonds","embeddable":true,"href":"https:\/\/www.iemj.org\/en\/wp-json\/wp\/v2\/fonds?post=53326"},{"taxonomy":"tradition","embeddable":true,"href":"https:\/\/www.iemj.org\/en\/wp-json\/wp\/v2\/tradition?post=53326"},{"taxonomy":"type-de-contenu","embeddable":true,"href":"https:\/\/www.iemj.org\/en\/wp-json\/wp\/v2\/type-de-contenu?post=53326"},{"taxonomy":"interprete-compositeur","embeddable":true,"href":"https:\/\/www.iemj.org\/en\/wp-json\/wp\/v2\/interprete-compositeur?post=53326"},{"taxonomy":"frise","embeddable":true,"href":"https:\/\/www.iemj.org\/en\/wp-json\/wp\/v2\/frise?post=53326"},{"taxonomy":"type-devenement","embeddable":true,"href":"https:\/\/www.iemj.org\/en\/wp-json\/wp\/v2\/type-devenement?post=53326"},{"taxonomy":"tableaux-liens-externes","embeddable":true,"href":"https:\/\/www.iemj.org\/en\/wp-json\/wp\/v2\/tableaux-liens-externes?post=53326"}],"curies":[{"name":"wp","href":"https:\/\/api.w.org\/{rel}","templated":true}]}}