{"id":53447,"date":"2019-02-13T09:37:05","date_gmt":"2019-02-13T08:37:05","guid":{"rendered":"https:\/\/www.iemj.org\/sillamy-jean-claude-1932-2016\/"},"modified":"2021-09-28T11:04:31","modified_gmt":"2021-09-28T09:04:31","slug":"sillamy-jean-claude-1932-2016","status":"publish","type":"post","link":"https:\/\/www.iemj.org\/en\/sillamy-jean-claude-1932-2016\/","title":{"rendered":"Sillamy, Jean-Claude (1932-2016)"},"content":{"rendered":"<p>Born on July 24, 1932, in Algiers among a family of musicians \u2013 his father Charles was director of a music school \u2013 Jean-Claude Sillamy was acquainted with all the works of the great composers since he was very young.<\/p>\n<p>At the age of nine, he conducted a small symphonic orchestra. Student, aged of 10, in an advanced class of solfeggio in Algiers\u2019 music conservatory, he started to study harmony and received a first prize award for music composition with a work for string quartet.<\/p>\n<p>Later on, interested by this young and talented musician, a patron gave him the means of continuing his studies in Paris. This is how he entered the National Music School of Paris, in the counterpoint and fugue class led by No\u00ebl Gallon.<br \/>\nAt the same time, he worked for three years in the \u00c9cole Normale de Musique de Paris, under the direction of Alice Pelliot, former teacher of Darius Milhaud and Arthur Honegger. He also worked on harmony and choral singing at the Gregorian Institute under the direction of Edouard Souberbielle.<\/p>\n<p><img fetchpriority=\"high\" decoding=\"async\" class=\" alignright size-full wp-image-22726\" src=\"https:\/\/www.iemj.org\/wp-content\/uploads\/2019\/02\/affiche_concert.jpg\" alt=\"affiche_concert.jpg\" width=\"242\" height=\"250\" align=\"right\" \/>During this period, he also finished his university studies (he is graduate of university, in psychology), and started visiting Jewish spheres, in particular Gilbert-Bloch d\u2019Orsay school. Very interested by this Jewish studies center, he started to develop biblical studies. What impressed Jean-Claude Sillamy most were the traditional chants performed by Jewish students originaly from various communities : North Africa, Eastern and Central Europe, Asia&#8230;<br \/>\nHe became curious by those strange signs above the biblical text. He had the feeling it was an old musical notation, allowing to restore this music from Antiquity that was supposedly lost forever. He suspected that these traditional chants were notated, black on white in antique musical signs, above or under the text of the Bible. This discovery shocked him. The Bible would thus be a sung and notated document? One would just decipher and perform these hieroglyphs, called in Hebrew \u00ab Taamim \u00bb (<em>Taam<\/em>\u00a0in singular).<\/p>\n<p><img decoding=\"async\" class=\" alignleft size-full wp-image-22728\" src=\"https:\/\/www.iemj.org\/wp-content\/uploads\/2019\/02\/disque_l_arche_d_alliance.jpg\" alt=\"disque_l_arche_d_alliance.jpg\" width=\"224\" height=\"220\" align=\"left\" \/>His career as a musicologist started here. In order to better know these working methods, he registered in the Paris Musicology Institute and worked under the direction of his distinguished master Jacques Chailley. To show the connection between Gregorian chanting and Hebrew chanting, he worked in collaboration and under the direction of Solange Corbin, at the Institut des Hautes \u00c9tudes, in La Sorbonne. It\u2019s in that period that he made comparative charts between Latin Neumes and Hebrew\u00a0<em>Taamim<\/em>. He was accepted in the Soci\u00e9t\u00e9 Fran\u00e7aise and the Soci\u00e9t\u00e9 Internationale de Musicologie.<\/p>\n<p>Equipped with a tape recorder, he went to several countries, recording liturgical chants of many Jewish communities, sung following the\u00a0<em>Taamim<\/em>. He spent several years doing this work of studying his recordings. The tapes are deposited at the Phonoth\u00e8que Nationale de Paris, as well as in Jerusalem\u2019s University, in the musicology department, led then by\u00a0<a href=\"https:\/\/www.iemj.org\/en\/adler-israel-1925-2009\/\">Israel Adler<\/a>.<\/p>\n<p>Comparing the melodies, in order to find the original melody, he formulated the theory that the precise scales are at the start of the many melodies. He presented, step by step the history of the music of the Hebrew people, enlightened by the data from the Bible, visiting the greatest museums in order to find the ancient instruments which might have been used to perform such music, one described by the Bible \u00ab tender and soft \u00bb.<\/p>\n<p><img decoding=\"async\" class=\"size-full wp-image-22730 alignright\" src=\"https:\/\/www.iemj.org\/wp-content\/uploads\/2019\/02\/rond_de_disque.jpg\" alt=\"rond_de_disque.jpg\" width=\"245\" height=\"240\" align=\"left\" \/>Relying on history, musicology, archeology, notarikon, gematria, astronomy, acoustics, measuring the musical gaps in collaboration with the physician J. Sayag, rebuilding the instruments of the Antique period, he sought to discover the musical scales used for the reconstruction of the Hebrew melodies.<\/p>\n<p>The study of the Hebrew\u00a0<em>Taamim<\/em> revealed to him an extremely elaborate musical technique from the times of the first Kings of Israel, which consisted in establishing a musical scale serving one function to another. If the first scale is austere and diatonic, the second, built from the first, is chromatic and colored. Several rules would thus be at the head of the birth of fundamental and complementary music scales.<\/p>\n<p><img loading=\"lazy\" decoding=\"async\" class=\"size-full wp-image-22732 alignleft\" src=\"https:\/\/www.iemj.org\/wp-content\/uploads\/2019\/02\/un_mariage_sacre.jpg\" alt=\"un_mariage_sacre.jpg\" width=\"182\" height=\"260\" align=\"right\" \/>Following this theory, those various musical scales : diatonic, chromatic, enharmonic, when coming from a same fundamental scale, have the possibility of being matched together, which allows a surprising polyphony that we find still today in archaic Jewish communities in Yemen or Tunisia (Djerba).<\/p>\n<p>Thus, opposed to the common opinion about the birth of polyphony in the great cathedrals of the Middle Ages, Jean-Claude Sillamy came to the conclusion that polyphony was largely used in the Great Temple of Jerusalem, in particular at the time of King David. That harmony is totally different from our Western harmony, based on thirds and the function of tension-rest \u2013 dominant-tonic.<\/p>\n<p>For him, all the music of the world, and moreover non-tempered music, possessed virtually in themselves their proper harmonies. Trying to restore this musical and harmonic language from the Antiquity, adapting it to our Western tempered system, Jean-Claude Sillamy composed an entirely original music.<br \/>\n<img loading=\"lazy\" decoding=\"async\" class=\"size-full wp-image-22734 alignright\" src=\"https:\/\/www.iemj.org\/wp-content\/uploads\/2019\/02\/la_musique_dans_la_bible.jpg\" alt=\"la_musique_dans_la_bible.jpg\" width=\"213\" height=\"300\" align=\"left\" \/>This music, the result of one composer, cannot be classified into any traditional framework : serial music (Sch\u00f6nberg), concrete music (Pierre Schaeffer) &#8230; It breaks with desegregation, burst out the melody, to revitalizes \u00ab the cantilena \u00bb, the singing, this immortal expression of the human soul.<\/p>\n<p>From this work, Jean-Claude Sillamy dedicated himself to give a new rise and new expression to Jewish singing. He published several books and studies dedicated to Jewish music (Essai de reconstitution de la musique de la Bible, 1957 ; La musique dans l\u2019ancien Orient (2 tomes), 1986 ; La musique des communaut\u00e9s juives d\u2019Afrique du Nord, 1987 ; a study on <a href=\"https:\/\/www.iemj.org\/en\/le-principe-de-la-modulation-dans-le-fragment-babylonien-dur-u-7-80-xviiieme-siecle-av-j-c-a-partir-dun-instrument-de-lepoque-non-identifie-le-gis-za-mi\/\" target=\"_blank\" rel=\"noopener\">Le principe de la modulation dans le fragment babylonien d\u2019Ur : U.7\/80 (XVIII\u00e8me si\u00e8cle av. J.C.) (from a non-identified instrument of the time : the \u00ab gis za mi \u00bb<\/a>)).<\/p>\n<p>Surrounded by his loved ones, he passed away on July 29, 2016 in Ajaccio.<\/p>\n<p>His archives, given to the European Institute of Jewish Music in November 2016 by his widow Lina Sillamy, gather around 80 documents (discs, field recordings, articles, books, photos\u2026) unfindable for most of them.<\/p>\n<p><a href=\"https:\/\/www.iemj.org\/en\/the-sillamy-archives\/\">Read the article about the Sillamy collection<\/a><br \/>\n<a href=\"http:\/\/www.rachelnet.net\/F\/?func=find-c&amp;ccl_term=WHOL+%3D+sillamy&amp;local_base=iemcg\">Browse documents from the Sillamy collection<\/a><\/p>\n","protected":false},"excerpt":{"rendered":"<p>Born on July 24, 1932, in Algiers among a family of musicians \u2013 his father Charles was director of a music school \u2013 Jean-Claude Sillamy was acquainted with all the<\/p>\n","protected":false},"author":5,"featured_media":22724,"comment_status":"closed","ping_status":"open","sticky":false,"template":"","format":"standard","meta":{"_acf_changed":false,"footnotes":""},"categories":[903],"tags":[],"technique":[],"squelettes":[],"sujet":[2096],"formation":[],"genre":[],"fonds":[],"tradition":[],"type-de-contenu":[],"interprete-compositeur":[],"frise":[],"type-devenement":[],"tableaux-liens-externes":[],"class_list":["post-53447","post","type-post","status-publish","format-standard","has-post-thumbnail","hentry","category-biographies-en","sujet-biblical-accents-teamim-en"],"acf":[],"yoast_head":"<!-- This site is optimized with the Yoast SEO plugin v27.3 - https:\/\/yoast.com\/product\/yoast-seo-wordpress\/ -->\n<title>Sillamy, Jean-Claude (1932-2016) - Institut Europ\u00e9en des Musiques Juives<\/title>\n<meta name=\"robots\" content=\"index, follow, max-snippet:-1, max-image-preview:large, max-video-preview:-1\" \/>\n<link rel=\"canonical\" href=\"https:\/\/www.iemj.org\/en\/sillamy-jean-claude-1932-2016\/\" \/>\n<meta property=\"og:locale\" content=\"en_US\" \/>\n<meta property=\"og:type\" content=\"article\" \/>\n<meta property=\"og:title\" content=\"Sillamy, Jean-Claude (1932-2016) - Institut Europ\u00e9en des Musiques Juives\" \/>\n<meta property=\"og:description\" content=\"Born on July 24, 1932, in Algiers among a family of musicians \u2013 his father Charles was director of a music school \u2013 Jean-Claude Sillamy was acquainted with all the\" \/>\n<meta property=\"og:url\" content=\"https:\/\/www.iemj.org\/en\/sillamy-jean-claude-1932-2016\/\" \/>\n<meta property=\"og:site_name\" content=\"Institut Europ\u00e9en des Musiques Juives\" \/>\n<meta property=\"article:publisher\" content=\"https:\/\/www.facebook.com\/MusiquesJuives\/\" \/>\n<meta property=\"article:published_time\" content=\"2019-02-13T08:37:05+00:00\" \/>\n<meta property=\"article:modified_time\" content=\"2021-09-28T09:04:31+00:00\" \/>\n<meta property=\"og:image\" content=\"https:\/\/www.iemj.org\/wp-content\/uploads\/2019\/02\/arton3945-e1625470471326.jpg\" \/>\n\t<meta property=\"og:image:width\" content=\"150\" \/>\n\t<meta property=\"og:image:height\" content=\"218\" \/>\n\t<meta property=\"og:image:type\" content=\"image\/jpeg\" \/>\n<meta name=\"author\" content=\"Jacqueline ROTEN\" \/>\n<meta name=\"twitter:card\" content=\"summary_large_image\" \/>\n<meta name=\"twitter:label1\" content=\"Written by\" \/>\n\t<meta name=\"twitter:data1\" content=\"Jacqueline ROTEN\" \/>\n\t<meta name=\"twitter:label2\" content=\"Est. reading time\" \/>\n\t<meta name=\"twitter:data2\" content=\"6 minutes\" \/>\n<script type=\"application\/ld+json\" class=\"yoast-schema-graph\">{\"@context\":\"https:\\\/\\\/schema.org\",\"@graph\":[{\"@type\":\"Article\",\"@id\":\"https:\\\/\\\/www.iemj.org\\\/en\\\/sillamy-jean-claude-1932-2016\\\/#article\",\"isPartOf\":{\"@id\":\"https:\\\/\\\/www.iemj.org\\\/en\\\/sillamy-jean-claude-1932-2016\\\/\"},\"author\":{\"name\":\"Jacqueline ROTEN\",\"@id\":\"https:\\\/\\\/www.iemj.org\\\/en\\\/#\\\/schema\\\/person\\\/358e26c18aca017fcc4cc15437f7279c\"},\"headline\":\"Sillamy, Jean-Claude (1932-2016)\",\"datePublished\":\"2019-02-13T08:37:05+00:00\",\"dateModified\":\"2021-09-28T09:04:31+00:00\",\"mainEntityOfPage\":{\"@id\":\"https:\\\/\\\/www.iemj.org\\\/en\\\/sillamy-jean-claude-1932-2016\\\/\"},\"wordCount\":1000,\"publisher\":{\"@id\":\"https:\\\/\\\/www.iemj.org\\\/en\\\/#organization\"},\"image\":{\"@id\":\"https:\\\/\\\/www.iemj.org\\\/en\\\/sillamy-jean-claude-1932-2016\\\/#primaryimage\"},\"thumbnailUrl\":\"https:\\\/\\\/www.iemj.org\\\/wp-content\\\/uploads\\\/2019\\\/02\\\/arton3945-e1625470471326.jpg\",\"articleSection\":[\"Biographies\"],\"inLanguage\":\"en-US\"},{\"@type\":\"WebPage\",\"@id\":\"https:\\\/\\\/www.iemj.org\\\/en\\\/sillamy-jean-claude-1932-2016\\\/\",\"url\":\"https:\\\/\\\/www.iemj.org\\\/en\\\/sillamy-jean-claude-1932-2016\\\/\",\"name\":\"Sillamy, Jean-Claude (1932-2016) - Institut Europ\u00e9en des Musiques Juives\",\"isPartOf\":{\"@id\":\"https:\\\/\\\/www.iemj.org\\\/en\\\/#website\"},\"primaryImageOfPage\":{\"@id\":\"https:\\\/\\\/www.iemj.org\\\/en\\\/sillamy-jean-claude-1932-2016\\\/#primaryimage\"},\"image\":{\"@id\":\"https:\\\/\\\/www.iemj.org\\\/en\\\/sillamy-jean-claude-1932-2016\\\/#primaryimage\"},\"thumbnailUrl\":\"https:\\\/\\\/www.iemj.org\\\/wp-content\\\/uploads\\\/2019\\\/02\\\/arton3945-e1625470471326.jpg\",\"datePublished\":\"2019-02-13T08:37:05+00:00\",\"dateModified\":\"2021-09-28T09:04:31+00:00\",\"breadcrumb\":{\"@id\":\"https:\\\/\\\/www.iemj.org\\\/en\\\/sillamy-jean-claude-1932-2016\\\/#breadcrumb\"},\"inLanguage\":\"en-US\",\"potentialAction\":[{\"@type\":\"ReadAction\",\"target\":[\"https:\\\/\\\/www.iemj.org\\\/en\\\/sillamy-jean-claude-1932-2016\\\/\"]}]},{\"@type\":\"ImageObject\",\"inLanguage\":\"en-US\",\"@id\":\"https:\\\/\\\/www.iemj.org\\\/en\\\/sillamy-jean-claude-1932-2016\\\/#primaryimage\",\"url\":\"https:\\\/\\\/www.iemj.org\\\/wp-content\\\/uploads\\\/2019\\\/02\\\/arton3945-e1625470471326.jpg\",\"contentUrl\":\"https:\\\/\\\/www.iemj.org\\\/wp-content\\\/uploads\\\/2019\\\/02\\\/arton3945-e1625470471326.jpg\",\"width\":150,\"height\":218,\"caption\":\"logo bio JC Sillamy\"},{\"@type\":\"BreadcrumbList\",\"@id\":\"https:\\\/\\\/www.iemj.org\\\/en\\\/sillamy-jean-claude-1932-2016\\\/#breadcrumb\",\"itemListElement\":[{\"@type\":\"ListItem\",\"position\":1,\"name\":\"Accueil\",\"item\":\"https:\\\/\\\/www.iemj.org\\\/en\\\/\"},{\"@type\":\"ListItem\",\"position\":2,\"name\":\"Sillamy, Jean-Claude (1932-2016)\"}]},{\"@type\":\"WebSite\",\"@id\":\"https:\\\/\\\/www.iemj.org\\\/en\\\/#website\",\"url\":\"https:\\\/\\\/www.iemj.org\\\/en\\\/\",\"name\":\"Institut Europ\u00e9en des Musiques Juives\",\"description\":\"Des traditions musicales \u00e0 la port\u00e9e de tous\",\"publisher\":{\"@id\":\"https:\\\/\\\/www.iemj.org\\\/en\\\/#organization\"},\"potentialAction\":[{\"@type\":\"SearchAction\",\"target\":{\"@type\":\"EntryPoint\",\"urlTemplate\":\"https:\\\/\\\/www.iemj.org\\\/en\\\/?s={search_term_string}\"},\"query-input\":{\"@type\":\"PropertyValueSpecification\",\"valueRequired\":true,\"valueName\":\"search_term_string\"}}],\"inLanguage\":\"en-US\"},{\"@type\":\"Organization\",\"@id\":\"https:\\\/\\\/www.iemj.org\\\/en\\\/#organization\",\"name\":\"Institut Europ\u00e9en des Musiques Juives\",\"url\":\"https:\\\/\\\/www.iemj.org\\\/en\\\/\",\"logo\":{\"@type\":\"ImageObject\",\"inLanguage\":\"en-US\",\"@id\":\"https:\\\/\\\/www.iemj.org\\\/en\\\/#\\\/schema\\\/logo\\\/image\\\/\",\"url\":\"https:\\\/\\\/www.iemj.org\\\/wp-content\\\/uploads\\\/2021\\\/09\\\/Logo-IEMJ-Paypal.jpg\",\"contentUrl\":\"https:\\\/\\\/www.iemj.org\\\/wp-content\\\/uploads\\\/2021\\\/09\\\/Logo-IEMJ-Paypal.jpg\",\"width\":150,\"height\":50,\"caption\":\"Institut Europ\u00e9en des Musiques Juives\"},\"image\":{\"@id\":\"https:\\\/\\\/www.iemj.org\\\/en\\\/#\\\/schema\\\/logo\\\/image\\\/\"},\"sameAs\":[\"https:\\\/\\\/www.facebook.com\\\/MusiquesJuives\\\/\",\"https:\\\/\\\/www.instagram.com\\\/musiquesjuives\\\/\",\"https:\\\/\\\/www.youtube.com\\\/user\\\/musiquesjuives\"]},{\"@type\":\"Person\",\"@id\":\"https:\\\/\\\/www.iemj.org\\\/en\\\/#\\\/schema\\\/person\\\/358e26c18aca017fcc4cc15437f7279c\",\"name\":\"Jacqueline ROTEN\",\"image\":{\"@type\":\"ImageObject\",\"inLanguage\":\"en-US\",\"@id\":\"https:\\\/\\\/secure.gravatar.com\\\/avatar\\\/5964256d6c6957de3a3505278957e0fb2a35119ac47ea41827a65301213c810b?s=96&d=mm&r=g\",\"url\":\"https:\\\/\\\/secure.gravatar.com\\\/avatar\\\/5964256d6c6957de3a3505278957e0fb2a35119ac47ea41827a65301213c810b?s=96&d=mm&r=g\",\"contentUrl\":\"https:\\\/\\\/secure.gravatar.com\\\/avatar\\\/5964256d6c6957de3a3505278957e0fb2a35119ac47ea41827a65301213c810b?s=96&d=mm&r=g\",\"caption\":\"Jacqueline ROTEN\"}}]}<\/script>\n<!-- \/ Yoast SEO plugin. -->","yoast_head_json":{"title":"Sillamy, Jean-Claude (1932-2016) - Institut Europ\u00e9en des Musiques Juives","robots":{"index":"index","follow":"follow","max-snippet":"max-snippet:-1","max-image-preview":"max-image-preview:large","max-video-preview":"max-video-preview:-1"},"canonical":"https:\/\/www.iemj.org\/en\/sillamy-jean-claude-1932-2016\/","og_locale":"en_US","og_type":"article","og_title":"Sillamy, Jean-Claude (1932-2016) - Institut Europ\u00e9en des Musiques Juives","og_description":"Born on July 24, 1932, in Algiers among a family of musicians \u2013 his father Charles was director of a music school \u2013 Jean-Claude Sillamy was acquainted with all the","og_url":"https:\/\/www.iemj.org\/en\/sillamy-jean-claude-1932-2016\/","og_site_name":"Institut Europ\u00e9en des Musiques Juives","article_publisher":"https:\/\/www.facebook.com\/MusiquesJuives\/","article_published_time":"2019-02-13T08:37:05+00:00","article_modified_time":"2021-09-28T09:04:31+00:00","og_image":[{"width":150,"height":218,"url":"https:\/\/www.iemj.org\/wp-content\/uploads\/2019\/02\/arton3945-e1625470471326.jpg","type":"image\/jpeg"}],"author":"Jacqueline ROTEN","twitter_card":"summary_large_image","twitter_misc":{"Written by":"Jacqueline ROTEN","Est. reading time":"6 minutes"},"schema":{"@context":"https:\/\/schema.org","@graph":[{"@type":"Article","@id":"https:\/\/www.iemj.org\/en\/sillamy-jean-claude-1932-2016\/#article","isPartOf":{"@id":"https:\/\/www.iemj.org\/en\/sillamy-jean-claude-1932-2016\/"},"author":{"name":"Jacqueline ROTEN","@id":"https:\/\/www.iemj.org\/en\/#\/schema\/person\/358e26c18aca017fcc4cc15437f7279c"},"headline":"Sillamy, Jean-Claude (1932-2016)","datePublished":"2019-02-13T08:37:05+00:00","dateModified":"2021-09-28T09:04:31+00:00","mainEntityOfPage":{"@id":"https:\/\/www.iemj.org\/en\/sillamy-jean-claude-1932-2016\/"},"wordCount":1000,"publisher":{"@id":"https:\/\/www.iemj.org\/en\/#organization"},"image":{"@id":"https:\/\/www.iemj.org\/en\/sillamy-jean-claude-1932-2016\/#primaryimage"},"thumbnailUrl":"https:\/\/www.iemj.org\/wp-content\/uploads\/2019\/02\/arton3945-e1625470471326.jpg","articleSection":["Biographies"],"inLanguage":"en-US"},{"@type":"WebPage","@id":"https:\/\/www.iemj.org\/en\/sillamy-jean-claude-1932-2016\/","url":"https:\/\/www.iemj.org\/en\/sillamy-jean-claude-1932-2016\/","name":"Sillamy, Jean-Claude (1932-2016) - Institut Europ\u00e9en des Musiques Juives","isPartOf":{"@id":"https:\/\/www.iemj.org\/en\/#website"},"primaryImageOfPage":{"@id":"https:\/\/www.iemj.org\/en\/sillamy-jean-claude-1932-2016\/#primaryimage"},"image":{"@id":"https:\/\/www.iemj.org\/en\/sillamy-jean-claude-1932-2016\/#primaryimage"},"thumbnailUrl":"https:\/\/www.iemj.org\/wp-content\/uploads\/2019\/02\/arton3945-e1625470471326.jpg","datePublished":"2019-02-13T08:37:05+00:00","dateModified":"2021-09-28T09:04:31+00:00","breadcrumb":{"@id":"https:\/\/www.iemj.org\/en\/sillamy-jean-claude-1932-2016\/#breadcrumb"},"inLanguage":"en-US","potentialAction":[{"@type":"ReadAction","target":["https:\/\/www.iemj.org\/en\/sillamy-jean-claude-1932-2016\/"]}]},{"@type":"ImageObject","inLanguage":"en-US","@id":"https:\/\/www.iemj.org\/en\/sillamy-jean-claude-1932-2016\/#primaryimage","url":"https:\/\/www.iemj.org\/wp-content\/uploads\/2019\/02\/arton3945-e1625470471326.jpg","contentUrl":"https:\/\/www.iemj.org\/wp-content\/uploads\/2019\/02\/arton3945-e1625470471326.jpg","width":150,"height":218,"caption":"logo bio JC Sillamy"},{"@type":"BreadcrumbList","@id":"https:\/\/www.iemj.org\/en\/sillamy-jean-claude-1932-2016\/#breadcrumb","itemListElement":[{"@type":"ListItem","position":1,"name":"Accueil","item":"https:\/\/www.iemj.org\/en\/"},{"@type":"ListItem","position":2,"name":"Sillamy, Jean-Claude (1932-2016)"}]},{"@type":"WebSite","@id":"https:\/\/www.iemj.org\/en\/#website","url":"https:\/\/www.iemj.org\/en\/","name":"Institut Europ\u00e9en des Musiques Juives","description":"Des traditions musicales \u00e0 la port\u00e9e de tous","publisher":{"@id":"https:\/\/www.iemj.org\/en\/#organization"},"potentialAction":[{"@type":"SearchAction","target":{"@type":"EntryPoint","urlTemplate":"https:\/\/www.iemj.org\/en\/?s={search_term_string}"},"query-input":{"@type":"PropertyValueSpecification","valueRequired":true,"valueName":"search_term_string"}}],"inLanguage":"en-US"},{"@type":"Organization","@id":"https:\/\/www.iemj.org\/en\/#organization","name":"Institut Europ\u00e9en des Musiques Juives","url":"https:\/\/www.iemj.org\/en\/","logo":{"@type":"ImageObject","inLanguage":"en-US","@id":"https:\/\/www.iemj.org\/en\/#\/schema\/logo\/image\/","url":"https:\/\/www.iemj.org\/wp-content\/uploads\/2021\/09\/Logo-IEMJ-Paypal.jpg","contentUrl":"https:\/\/www.iemj.org\/wp-content\/uploads\/2021\/09\/Logo-IEMJ-Paypal.jpg","width":150,"height":50,"caption":"Institut Europ\u00e9en des Musiques Juives"},"image":{"@id":"https:\/\/www.iemj.org\/en\/#\/schema\/logo\/image\/"},"sameAs":["https:\/\/www.facebook.com\/MusiquesJuives\/","https:\/\/www.instagram.com\/musiquesjuives\/","https:\/\/www.youtube.com\/user\/musiquesjuives"]},{"@type":"Person","@id":"https:\/\/www.iemj.org\/en\/#\/schema\/person\/358e26c18aca017fcc4cc15437f7279c","name":"Jacqueline ROTEN","image":{"@type":"ImageObject","inLanguage":"en-US","@id":"https:\/\/secure.gravatar.com\/avatar\/5964256d6c6957de3a3505278957e0fb2a35119ac47ea41827a65301213c810b?s=96&d=mm&r=g","url":"https:\/\/secure.gravatar.com\/avatar\/5964256d6c6957de3a3505278957e0fb2a35119ac47ea41827a65301213c810b?s=96&d=mm&r=g","contentUrl":"https:\/\/secure.gravatar.com\/avatar\/5964256d6c6957de3a3505278957e0fb2a35119ac47ea41827a65301213c810b?s=96&d=mm&r=g","caption":"Jacqueline ROTEN"}}]}},"_links":{"self":[{"href":"https:\/\/www.iemj.org\/en\/wp-json\/wp\/v2\/posts\/53447","targetHints":{"allow":["GET"]}}],"collection":[{"href":"https:\/\/www.iemj.org\/en\/wp-json\/wp\/v2\/posts"}],"about":[{"href":"https:\/\/www.iemj.org\/en\/wp-json\/wp\/v2\/types\/post"}],"author":[{"embeddable":true,"href":"https:\/\/www.iemj.org\/en\/wp-json\/wp\/v2\/users\/5"}],"replies":[{"embeddable":true,"href":"https:\/\/www.iemj.org\/en\/wp-json\/wp\/v2\/comments?post=53447"}],"version-history":[{"count":0,"href":"https:\/\/www.iemj.org\/en\/wp-json\/wp\/v2\/posts\/53447\/revisions"}],"wp:featuredmedia":[{"embeddable":true,"href":"https:\/\/www.iemj.org\/en\/wp-json\/wp\/v2\/media\/22724"}],"wp:attachment":[{"href":"https:\/\/www.iemj.org\/en\/wp-json\/wp\/v2\/media?parent=53447"}],"wp:term":[{"taxonomy":"category","embeddable":true,"href":"https:\/\/www.iemj.org\/en\/wp-json\/wp\/v2\/categories?post=53447"},{"taxonomy":"post_tag","embeddable":true,"href":"https:\/\/www.iemj.org\/en\/wp-json\/wp\/v2\/tags?post=53447"},{"taxonomy":"technique","embeddable":true,"href":"https:\/\/www.iemj.org\/en\/wp-json\/wp\/v2\/technique?post=53447"},{"taxonomy":"squelettes","embeddable":true,"href":"https:\/\/www.iemj.org\/en\/wp-json\/wp\/v2\/squelettes?post=53447"},{"taxonomy":"sujet","embeddable":true,"href":"https:\/\/www.iemj.org\/en\/wp-json\/wp\/v2\/sujet?post=53447"},{"taxonomy":"formation","embeddable":true,"href":"https:\/\/www.iemj.org\/en\/wp-json\/wp\/v2\/formation?post=53447"},{"taxonomy":"genre","embeddable":true,"href":"https:\/\/www.iemj.org\/en\/wp-json\/wp\/v2\/genre?post=53447"},{"taxonomy":"fonds","embeddable":true,"href":"https:\/\/www.iemj.org\/en\/wp-json\/wp\/v2\/fonds?post=53447"},{"taxonomy":"tradition","embeddable":true,"href":"https:\/\/www.iemj.org\/en\/wp-json\/wp\/v2\/tradition?post=53447"},{"taxonomy":"type-de-contenu","embeddable":true,"href":"https:\/\/www.iemj.org\/en\/wp-json\/wp\/v2\/type-de-contenu?post=53447"},{"taxonomy":"interprete-compositeur","embeddable":true,"href":"https:\/\/www.iemj.org\/en\/wp-json\/wp\/v2\/interprete-compositeur?post=53447"},{"taxonomy":"frise","embeddable":true,"href":"https:\/\/www.iemj.org\/en\/wp-json\/wp\/v2\/frise?post=53447"},{"taxonomy":"type-devenement","embeddable":true,"href":"https:\/\/www.iemj.org\/en\/wp-json\/wp\/v2\/type-devenement?post=53447"},{"taxonomy":"tableaux-liens-externes","embeddable":true,"href":"https:\/\/www.iemj.org\/en\/wp-json\/wp\/v2\/tableaux-liens-externes?post=53447"}],"curies":[{"name":"wp","href":"https:\/\/api.w.org\/{rel}","templated":true}]}}