{"id":53458,"date":"2018-01-09T16:29:20","date_gmt":"2018-01-09T15:29:20","guid":{"rendered":"https:\/\/www.iemj.org\/staiffi-alberto\/"},"modified":"2021-09-28T11:07:25","modified_gmt":"2021-09-28T09:07:25","slug":"staiffi-alberto","status":"publish","type":"post","link":"https:\/\/www.iemj.org\/en\/staiffi-alberto\/","title":{"rendered":"Sta\u00efffi, Alberto"},"content":{"rendered":"<p>&#8220;Ch\u00e9rie je t\u2019aime, Ch\u00e9rie je t\u2019adore&#8221;, a simple and effective formula that made, makes and will make the crowd dance until exhaustion.<\/p>\n<p>When in 1960, Alberto STAIFFI dealt with this song of Maghreb tradition, it became a hymn to the dance, the fun but also the nostalgia and forgetfulness of an Algeria left too soon, leaving with it the warmth of its white capital, its streets filled with various perfumes and bewitching music.<\/p>\n<p><span style=\"font-size: inherit;\">A real hit, &#8220;Mustafa, ch\u00e9rie je t\u2019aime, ch\u00e9rie je t\u2019adore&#8221; would be the culmination of a career started earlier in Parisian cabarets and more specifically &#8220;Le Soleil d\u2019Alg\u00e9rie&#8221; along with famous artists such as Dario MORENO, Henri GENES and especially Sidney BECHET.<\/span><\/p>\n<p><span style=\"font-size: inherit;\"><img fetchpriority=\"high\" decoding=\"async\" class=\" alignright size-full wp-image-17726\" src=\"https:\/\/www.iemj.org\/wp-content\/uploads\/2018\/01\/staiffi_je_t_aime_80_.jpg\" alt=\"staiffi_je_t_aime_80_.jpg\" width=\"256\" height=\"253\" align=\"right\" srcset=\"https:\/\/www.iemj.org\/wp-content\/uploads\/2018\/01\/staiffi_je_t_aime_80_.jpg 256w, https:\/\/www.iemj.org\/wp-content\/uploads\/2018\/01\/staiffi_je_t_aime_80_-100x100.jpg 100w\" sizes=\"(max-width: 256px) 100vw, 256px\" \/><\/span><\/p>\n<p>The famous American clarinettist (former partner of &#8220;Duke&#8221; ELLINGTON, Louis ARMSTRONG or Josephine BAKER), Sidney BECHET quickly became a friend, a confidant, a real older brother for STAIFFI. Vey quickly understanding the talent of STAIFFI, he introduced him to the music label Vogue with which he signed a contract. The starting point was to be the 45 rpm record &#8220;Les Oignons&#8221; a famous song of BECHET adapted into Arabic and that was broadcast many times on French radio Europe 1.<\/p>\n<p>Since then, STAIFFI started a real career in the music label Vogue along with other promising artists of the label such as Johnny HALLYDAY, Colette RENARD, Jean CONSTANTIN, &#8230; writing hit after hit, &#8220;Faubourg Montmartre&#8221;, &#8220;Mon pays&#8221;, &#8220;Du tout ennuy\u00e9&#8221;&#8230; First consecration: the famous French concert hall OLYMPIA, where he performed with Colette RENARD and Jean CONSTANTIN.<\/p>\n<p><img decoding=\"async\" class=\" alignleft size-full wp-image-17728\" src=\"https:\/\/www.iemj.org\/wp-content\/uploads\/2018\/01\/affiche_olympia_officielle_85_.jpg\" alt=\"affiche_olympia_officielle_85_.jpg\" width=\"174\" height=\"272\" align=\"left\" \/>The happy, rhythmic but also nostalgic songs made him known on both sides of the Mediterranean sea, a mixture of West and East offering him a triumphal tour throughout the Maghreb and the Middle East.<\/p>\n<p>But the political events that shook Algeria and France caught up with him. Concerning &#8220;MUSTAFA (ch\u00e9rie je t\u2019aime, ch\u00e9rie je t\u2019adore)&#8221; which became very popular at the time, rumours circulated that this song was the hymn of the F.L.N. (National Liberation front). From that moment, STAIFFI\u2019s career turned into a nightmare; he who was not politically engaged was threatened. He was asked to stop singing &#8220;MUSTAFA&#8221;. The general governor in ALGIERS ordered a ban on the sale of the record &#8220;MUSTAFA&#8221; and all contracts and concerts of STAIFFI ET SES MUSTAFA\u2019S were canceled. Traumatized, he decided to leave the artistic profession.<\/p>\n<p><img decoding=\"async\" class=\" alignright size-full wp-image-17730\" src=\"https:\/\/www.iemj.org\/wp-content\/uploads\/2018\/01\/tape_cinq_recto_80_.jpg\" alt=\"tape_cinq_recto_80_.jpg\" width=\"252\" height=\"256\" align=\"right\" \/>After 5 years of silence, in 1965, STAIFFI finally signed a contract with Barclay and recorded an EP of 4 tracks in close collaboration with his friend Gabriel CHEKROUN (author): : TAPE CINQ, YAHOLELE, LES FILLES DE BOUFARIK and LA TCHOUKTCHOUKA. This 45 RPM disc was a great success. But, scars often being difficult to heal, he gave up the profession completely and settled in the south of France, in Montpellier.<\/p>\n<p>In 2001, Barclay\/Universal informed STAIFFI that his song\u00a0&#8220;TAPE CINQ&#8221; was included on a compilation produced by the music label E.M.I. &#8220;LA V\u00c9RIT\u00c9 \u00c7A C\u2019EST UNE COMPIL&#8221; along with Dalida, Khaled, Alabina, Rachid TAHA, etc&#8230; Later, the songs recorded with Barclay in 1965 were published on several compilations (FRANCE LOISIRS, MARIANNE MELODIE, READER\u2019S DIGEST&#8230;). &#8220;LA TCHOUKTCHOUKA&#8221; was even used for the music of the film &#8220;SHEM&#8221; by Caroline ROBOH.<\/p>\n<p><img loading=\"lazy\" decoding=\"async\" class=\"size-full wp-image-17734 alignleft\" src=\"https:\/\/www.iemj.org\/wp-content\/uploads\/2018\/01\/sony_music_1_redim.jpg\" alt=\"sony_music_1_redim.jpg\" width=\"234\" height=\"199\" align=\"left\" \/><\/p>\n<p>At the same time, STAIFFI was asked to host a show entitled &#8220;Success of yesterday, today\u2019s success&#8221; on a local radio in MONTPELLIER: RADIO AVIVA. This contact with thousands of listeners put him back into the artistic world, which was not to displease him.<\/p>\n<p>In 2013, STAIFFI recorded a new song called &#8220;POURQUOI M\u2019AS TU ABANDONNE \/ A\u00c2LECH KHALLITINI OUAHDI ?&#8221;. This song was written in close collaboration with his two great friends Jean-Paul CARA and Gabriel CHEKROUN.<\/p>\n<p>Today, all of his songs produced by Vogue \/ Sony Music and Barclay \/ Universal are available for download on the internet. In addition, two CDs have been re-issued : the disc TAPE CINQ !, produced by Barclay in 1965, and the CD BEST-OF with 20 songs, including the famous hit &#8220;MUSTAFA (ch\u00e9rie je t\u2019aime, ch\u00e9rie je t\u2019adore)&#8221;, produced by Vogue\/Sony Music in 2010.<a href=\"https:\/\/www.jechantemagazine.net\/single-post\/2017\/09\/09\/Staiffi-le-Sultan-du-cha-cha-cha-oriental-\"><img loading=\"lazy\" decoding=\"async\" class=\"size-full wp-image-17732 alignright\" src=\"https:\/\/www.iemj.org\/wp-content\/uploads\/2018\/01\/jose_darmon_recto_1_.jpg\" alt=\"jose_darmon_recto_1_.jpg\" width=\"200\" height=\"198\" align=\"left\" srcset=\"https:\/\/www.iemj.org\/wp-content\/uploads\/2018\/01\/jose_darmon_recto_1_.jpg 200w, https:\/\/www.iemj.org\/wp-content\/uploads\/2018\/01\/jose_darmon_recto_1_-150x150.jpg 150w, https:\/\/www.iemj.org\/wp-content\/uploads\/2018\/01\/jose_darmon_recto_1_-100x100.jpg 100w\" sizes=\"(max-width: 200px) 100vw, 200px\" \/><\/a><\/p>\n<p>* Biography based on\u00a0<a href=\"https:\/\/sites.google.com\/site\/albertostaiffi\/biographie\">Alberto Sta\u00efffi\u2019s website<\/a><\/p>\n<ul>\n<li><a href=\"https:\/\/sites.google.com\/site\/albertostaiffi\/home\" target=\"_blank\" rel=\"noopener\">Look at Alberto Sta\u00efffi\u2019s website<\/a><\/li>\n<li><a href=\"https:\/\/www.iemj.org\/en\/staiffi-the-king-of-eastern-cha-cha-cha\/\">Listen to the radio show dedicated to Sta\u00efffi<\/a><\/li>\n<li><a href=\"https:\/\/sites.google.com\/site\/albertostaiffi\/videos-youtube\">Watch videos of Sta\u00efffi on his Youtube channel<\/a><\/li>\n<li><a href=\"https:\/\/www.jechantemagazine.net\/single-post\/2017\/09\/09\/Staiffi-le-Sultan-du-cha-cha-cha-oriental-\">Read the article dedicated to Sta\u00efffi in the French magazine Je chante ! n\u00b012 of January 2016 dedicated to French-Arabic songs<\/a><\/li>\n<\/ul>\n\n\n<p><\/p>\n","protected":false},"excerpt":{"rendered":"<p>&#8220;Ch\u00e9rie je t\u2019aime, Ch\u00e9rie je t\u2019adore&#8221;, a simple and effective formula that made, makes and will make the crowd dance until exhaustion. When in 1960, Alberto STAIFFI dealt with this<\/p>\n","protected":false},"author":5,"featured_media":17724,"comment_status":"closed","ping_status":"open","sticky":false,"template":"","format":"standard","meta":{"_acf_changed":false,"footnotes":""},"categories":[903],"tags":[],"technique":[],"squelettes":[],"sujet":[],"formation":[],"genre":[1112],"fonds":[],"tradition":[],"type-de-contenu":[],"interprete-compositeur":[],"frise":[],"type-devenement":[],"tableaux-liens-externes":[],"class_list":["post-53458","post","type-post","status-publish","format-standard","has-post-thumbnail","hentry","category-biographies-en","genre-oriental-en"],"acf":[],"yoast_head":"<!-- This site is optimized with the Yoast SEO plugin v27.3 - https:\/\/yoast.com\/product\/yoast-seo-wordpress\/ -->\n<title>Sta\u00efffi, Alberto - Institut Europ\u00e9en des Musiques Juives<\/title>\n<meta name=\"robots\" content=\"index, follow, max-snippet:-1, max-image-preview:large, max-video-preview:-1\" \/>\n<link rel=\"canonical\" href=\"https:\/\/www.iemj.org\/en\/staiffi-alberto\/\" \/>\n<meta property=\"og:locale\" content=\"en_US\" \/>\n<meta property=\"og:type\" content=\"article\" \/>\n<meta property=\"og:title\" content=\"Sta\u00efffi, Alberto - Institut Europ\u00e9en des Musiques Juives\" \/>\n<meta property=\"og:description\" content=\"&#8220;Ch\u00e9rie je t\u2019aime, Ch\u00e9rie je t\u2019adore&#8221;, a simple and effective formula that made, makes and will make the crowd dance until exhaustion. When in 1960, Alberto STAIFFI dealt with this\" \/>\n<meta property=\"og:url\" content=\"https:\/\/www.iemj.org\/en\/staiffi-alberto\/\" \/>\n<meta property=\"og:site_name\" content=\"Institut Europ\u00e9en des Musiques Juives\" \/>\n<meta property=\"article:publisher\" content=\"https:\/\/www.facebook.com\/MusiquesJuives\/\" \/>\n<meta property=\"article:published_time\" content=\"2018-01-09T15:29:20+00:00\" \/>\n<meta property=\"article:modified_time\" content=\"2021-09-28T09:07:25+00:00\" \/>\n<meta property=\"og:image\" content=\"https:\/\/www.iemj.org\/wp-content\/uploads\/2018\/01\/arton3036-e1625471284929.jpg\" \/>\n\t<meta property=\"og:image:width\" content=\"163\" \/>\n\t<meta property=\"og:image:height\" content=\"218\" \/>\n\t<meta property=\"og:image:type\" content=\"image\/jpeg\" \/>\n<meta name=\"author\" content=\"Jacqueline ROTEN\" \/>\n<meta name=\"twitter:card\" content=\"summary_large_image\" \/>\n<meta name=\"twitter:label1\" content=\"Written by\" \/>\n\t<meta name=\"twitter:data1\" content=\"Jacqueline ROTEN\" \/>\n\t<meta name=\"twitter:label2\" content=\"Est. reading time\" \/>\n\t<meta name=\"twitter:data2\" content=\"5 minutes\" \/>\n<script type=\"application\/ld+json\" class=\"yoast-schema-graph\">{\"@context\":\"https:\\\/\\\/schema.org\",\"@graph\":[{\"@type\":\"Article\",\"@id\":\"https:\\\/\\\/www.iemj.org\\\/en\\\/staiffi-alberto\\\/#article\",\"isPartOf\":{\"@id\":\"https:\\\/\\\/www.iemj.org\\\/en\\\/staiffi-alberto\\\/\"},\"author\":{\"name\":\"Jacqueline ROTEN\",\"@id\":\"https:\\\/\\\/www.iemj.org\\\/en\\\/#\\\/schema\\\/person\\\/358e26c18aca017fcc4cc15437f7279c\"},\"headline\":\"Sta\u00efffi, Alberto\",\"datePublished\":\"2018-01-09T15:29:20+00:00\",\"dateModified\":\"2021-09-28T09:07:25+00:00\",\"mainEntityOfPage\":{\"@id\":\"https:\\\/\\\/www.iemj.org\\\/en\\\/staiffi-alberto\\\/\"},\"wordCount\":737,\"publisher\":{\"@id\":\"https:\\\/\\\/www.iemj.org\\\/en\\\/#organization\"},\"image\":{\"@id\":\"https:\\\/\\\/www.iemj.org\\\/en\\\/staiffi-alberto\\\/#primaryimage\"},\"thumbnailUrl\":\"https:\\\/\\\/www.iemj.org\\\/wp-content\\\/uploads\\\/2018\\\/01\\\/arton3036-e1625471284929.jpg\",\"articleSection\":[\"Biographies\"],\"inLanguage\":\"en-US\"},{\"@type\":\"WebPage\",\"@id\":\"https:\\\/\\\/www.iemj.org\\\/en\\\/staiffi-alberto\\\/\",\"url\":\"https:\\\/\\\/www.iemj.org\\\/en\\\/staiffi-alberto\\\/\",\"name\":\"Sta\u00efffi, Alberto - Institut Europ\u00e9en des Musiques Juives\",\"isPartOf\":{\"@id\":\"https:\\\/\\\/www.iemj.org\\\/en\\\/#website\"},\"primaryImageOfPage\":{\"@id\":\"https:\\\/\\\/www.iemj.org\\\/en\\\/staiffi-alberto\\\/#primaryimage\"},\"image\":{\"@id\":\"https:\\\/\\\/www.iemj.org\\\/en\\\/staiffi-alberto\\\/#primaryimage\"},\"thumbnailUrl\":\"https:\\\/\\\/www.iemj.org\\\/wp-content\\\/uploads\\\/2018\\\/01\\\/arton3036-e1625471284929.jpg\",\"datePublished\":\"2018-01-09T15:29:20+00:00\",\"dateModified\":\"2021-09-28T09:07:25+00:00\",\"breadcrumb\":{\"@id\":\"https:\\\/\\\/www.iemj.org\\\/en\\\/staiffi-alberto\\\/#breadcrumb\"},\"inLanguage\":\"en-US\",\"potentialAction\":[{\"@type\":\"ReadAction\",\"target\":[\"https:\\\/\\\/www.iemj.org\\\/en\\\/staiffi-alberto\\\/\"]}]},{\"@type\":\"ImageObject\",\"inLanguage\":\"en-US\",\"@id\":\"https:\\\/\\\/www.iemj.org\\\/en\\\/staiffi-alberto\\\/#primaryimage\",\"url\":\"https:\\\/\\\/www.iemj.org\\\/wp-content\\\/uploads\\\/2018\\\/01\\\/arton3036-e1625471284929.jpg\",\"contentUrl\":\"https:\\\/\\\/www.iemj.org\\\/wp-content\\\/uploads\\\/2018\\\/01\\\/arton3036-e1625471284929.jpg\",\"width\":163,\"height\":218,\"caption\":\"logo bio Alberto Sta\u00efffi\"},{\"@type\":\"BreadcrumbList\",\"@id\":\"https:\\\/\\\/www.iemj.org\\\/en\\\/staiffi-alberto\\\/#breadcrumb\",\"itemListElement\":[{\"@type\":\"ListItem\",\"position\":1,\"name\":\"Accueil\",\"item\":\"https:\\\/\\\/www.iemj.org\\\/en\\\/\"},{\"@type\":\"ListItem\",\"position\":2,\"name\":\"Sta\u00efffi, Alberto\"}]},{\"@type\":\"WebSite\",\"@id\":\"https:\\\/\\\/www.iemj.org\\\/en\\\/#website\",\"url\":\"https:\\\/\\\/www.iemj.org\\\/en\\\/\",\"name\":\"Institut Europ\u00e9en des Musiques Juives\",\"description\":\"Des traditions musicales \u00e0 la port\u00e9e de tous\",\"publisher\":{\"@id\":\"https:\\\/\\\/www.iemj.org\\\/en\\\/#organization\"},\"potentialAction\":[{\"@type\":\"SearchAction\",\"target\":{\"@type\":\"EntryPoint\",\"urlTemplate\":\"https:\\\/\\\/www.iemj.org\\\/en\\\/?s={search_term_string}\"},\"query-input\":{\"@type\":\"PropertyValueSpecification\",\"valueRequired\":true,\"valueName\":\"search_term_string\"}}],\"inLanguage\":\"en-US\"},{\"@type\":\"Organization\",\"@id\":\"https:\\\/\\\/www.iemj.org\\\/en\\\/#organization\",\"name\":\"Institut Europ\u00e9en des Musiques Juives\",\"url\":\"https:\\\/\\\/www.iemj.org\\\/en\\\/\",\"logo\":{\"@type\":\"ImageObject\",\"inLanguage\":\"en-US\",\"@id\":\"https:\\\/\\\/www.iemj.org\\\/en\\\/#\\\/schema\\\/logo\\\/image\\\/\",\"url\":\"https:\\\/\\\/www.iemj.org\\\/wp-content\\\/uploads\\\/2021\\\/09\\\/Logo-IEMJ-Paypal.jpg\",\"contentUrl\":\"https:\\\/\\\/www.iemj.org\\\/wp-content\\\/uploads\\\/2021\\\/09\\\/Logo-IEMJ-Paypal.jpg\",\"width\":150,\"height\":50,\"caption\":\"Institut Europ\u00e9en des Musiques Juives\"},\"image\":{\"@id\":\"https:\\\/\\\/www.iemj.org\\\/en\\\/#\\\/schema\\\/logo\\\/image\\\/\"},\"sameAs\":[\"https:\\\/\\\/www.facebook.com\\\/MusiquesJuives\\\/\",\"https:\\\/\\\/www.instagram.com\\\/musiquesjuives\\\/\",\"https:\\\/\\\/www.youtube.com\\\/user\\\/musiquesjuives\"]},{\"@type\":\"Person\",\"@id\":\"https:\\\/\\\/www.iemj.org\\\/en\\\/#\\\/schema\\\/person\\\/358e26c18aca017fcc4cc15437f7279c\",\"name\":\"Jacqueline ROTEN\",\"image\":{\"@type\":\"ImageObject\",\"inLanguage\":\"en-US\",\"@id\":\"https:\\\/\\\/secure.gravatar.com\\\/avatar\\\/5964256d6c6957de3a3505278957e0fb2a35119ac47ea41827a65301213c810b?s=96&d=mm&r=g\",\"url\":\"https:\\\/\\\/secure.gravatar.com\\\/avatar\\\/5964256d6c6957de3a3505278957e0fb2a35119ac47ea41827a65301213c810b?s=96&d=mm&r=g\",\"contentUrl\":\"https:\\\/\\\/secure.gravatar.com\\\/avatar\\\/5964256d6c6957de3a3505278957e0fb2a35119ac47ea41827a65301213c810b?s=96&d=mm&r=g\",\"caption\":\"Jacqueline ROTEN\"}}]}<\/script>\n<!-- \/ Yoast SEO plugin. -->","yoast_head_json":{"title":"Sta\u00efffi, Alberto - Institut Europ\u00e9en des Musiques Juives","robots":{"index":"index","follow":"follow","max-snippet":"max-snippet:-1","max-image-preview":"max-image-preview:large","max-video-preview":"max-video-preview:-1"},"canonical":"https:\/\/www.iemj.org\/en\/staiffi-alberto\/","og_locale":"en_US","og_type":"article","og_title":"Sta\u00efffi, Alberto - Institut Europ\u00e9en des Musiques Juives","og_description":"&#8220;Ch\u00e9rie je t\u2019aime, Ch\u00e9rie je t\u2019adore&#8221;, a simple and effective formula that made, makes and will make the crowd dance until exhaustion. When in 1960, Alberto STAIFFI dealt with this","og_url":"https:\/\/www.iemj.org\/en\/staiffi-alberto\/","og_site_name":"Institut Europ\u00e9en des Musiques Juives","article_publisher":"https:\/\/www.facebook.com\/MusiquesJuives\/","article_published_time":"2018-01-09T15:29:20+00:00","article_modified_time":"2021-09-28T09:07:25+00:00","og_image":[{"width":163,"height":218,"url":"https:\/\/www.iemj.org\/wp-content\/uploads\/2018\/01\/arton3036-e1625471284929.jpg","type":"image\/jpeg"}],"author":"Jacqueline ROTEN","twitter_card":"summary_large_image","twitter_misc":{"Written by":"Jacqueline ROTEN","Est. reading time":"5 minutes"},"schema":{"@context":"https:\/\/schema.org","@graph":[{"@type":"Article","@id":"https:\/\/www.iemj.org\/en\/staiffi-alberto\/#article","isPartOf":{"@id":"https:\/\/www.iemj.org\/en\/staiffi-alberto\/"},"author":{"name":"Jacqueline ROTEN","@id":"https:\/\/www.iemj.org\/en\/#\/schema\/person\/358e26c18aca017fcc4cc15437f7279c"},"headline":"Sta\u00efffi, Alberto","datePublished":"2018-01-09T15:29:20+00:00","dateModified":"2021-09-28T09:07:25+00:00","mainEntityOfPage":{"@id":"https:\/\/www.iemj.org\/en\/staiffi-alberto\/"},"wordCount":737,"publisher":{"@id":"https:\/\/www.iemj.org\/en\/#organization"},"image":{"@id":"https:\/\/www.iemj.org\/en\/staiffi-alberto\/#primaryimage"},"thumbnailUrl":"https:\/\/www.iemj.org\/wp-content\/uploads\/2018\/01\/arton3036-e1625471284929.jpg","articleSection":["Biographies"],"inLanguage":"en-US"},{"@type":"WebPage","@id":"https:\/\/www.iemj.org\/en\/staiffi-alberto\/","url":"https:\/\/www.iemj.org\/en\/staiffi-alberto\/","name":"Sta\u00efffi, Alberto - Institut Europ\u00e9en des Musiques Juives","isPartOf":{"@id":"https:\/\/www.iemj.org\/en\/#website"},"primaryImageOfPage":{"@id":"https:\/\/www.iemj.org\/en\/staiffi-alberto\/#primaryimage"},"image":{"@id":"https:\/\/www.iemj.org\/en\/staiffi-alberto\/#primaryimage"},"thumbnailUrl":"https:\/\/www.iemj.org\/wp-content\/uploads\/2018\/01\/arton3036-e1625471284929.jpg","datePublished":"2018-01-09T15:29:20+00:00","dateModified":"2021-09-28T09:07:25+00:00","breadcrumb":{"@id":"https:\/\/www.iemj.org\/en\/staiffi-alberto\/#breadcrumb"},"inLanguage":"en-US","potentialAction":[{"@type":"ReadAction","target":["https:\/\/www.iemj.org\/en\/staiffi-alberto\/"]}]},{"@type":"ImageObject","inLanguage":"en-US","@id":"https:\/\/www.iemj.org\/en\/staiffi-alberto\/#primaryimage","url":"https:\/\/www.iemj.org\/wp-content\/uploads\/2018\/01\/arton3036-e1625471284929.jpg","contentUrl":"https:\/\/www.iemj.org\/wp-content\/uploads\/2018\/01\/arton3036-e1625471284929.jpg","width":163,"height":218,"caption":"logo bio Alberto Sta\u00efffi"},{"@type":"BreadcrumbList","@id":"https:\/\/www.iemj.org\/en\/staiffi-alberto\/#breadcrumb","itemListElement":[{"@type":"ListItem","position":1,"name":"Accueil","item":"https:\/\/www.iemj.org\/en\/"},{"@type":"ListItem","position":2,"name":"Sta\u00efffi, Alberto"}]},{"@type":"WebSite","@id":"https:\/\/www.iemj.org\/en\/#website","url":"https:\/\/www.iemj.org\/en\/","name":"Institut Europ\u00e9en des Musiques Juives","description":"Des traditions musicales \u00e0 la port\u00e9e de tous","publisher":{"@id":"https:\/\/www.iemj.org\/en\/#organization"},"potentialAction":[{"@type":"SearchAction","target":{"@type":"EntryPoint","urlTemplate":"https:\/\/www.iemj.org\/en\/?s={search_term_string}"},"query-input":{"@type":"PropertyValueSpecification","valueRequired":true,"valueName":"search_term_string"}}],"inLanguage":"en-US"},{"@type":"Organization","@id":"https:\/\/www.iemj.org\/en\/#organization","name":"Institut Europ\u00e9en des Musiques Juives","url":"https:\/\/www.iemj.org\/en\/","logo":{"@type":"ImageObject","inLanguage":"en-US","@id":"https:\/\/www.iemj.org\/en\/#\/schema\/logo\/image\/","url":"https:\/\/www.iemj.org\/wp-content\/uploads\/2021\/09\/Logo-IEMJ-Paypal.jpg","contentUrl":"https:\/\/www.iemj.org\/wp-content\/uploads\/2021\/09\/Logo-IEMJ-Paypal.jpg","width":150,"height":50,"caption":"Institut Europ\u00e9en des Musiques Juives"},"image":{"@id":"https:\/\/www.iemj.org\/en\/#\/schema\/logo\/image\/"},"sameAs":["https:\/\/www.facebook.com\/MusiquesJuives\/","https:\/\/www.instagram.com\/musiquesjuives\/","https:\/\/www.youtube.com\/user\/musiquesjuives"]},{"@type":"Person","@id":"https:\/\/www.iemj.org\/en\/#\/schema\/person\/358e26c18aca017fcc4cc15437f7279c","name":"Jacqueline ROTEN","image":{"@type":"ImageObject","inLanguage":"en-US","@id":"https:\/\/secure.gravatar.com\/avatar\/5964256d6c6957de3a3505278957e0fb2a35119ac47ea41827a65301213c810b?s=96&d=mm&r=g","url":"https:\/\/secure.gravatar.com\/avatar\/5964256d6c6957de3a3505278957e0fb2a35119ac47ea41827a65301213c810b?s=96&d=mm&r=g","contentUrl":"https:\/\/secure.gravatar.com\/avatar\/5964256d6c6957de3a3505278957e0fb2a35119ac47ea41827a65301213c810b?s=96&d=mm&r=g","caption":"Jacqueline ROTEN"}}]}},"_links":{"self":[{"href":"https:\/\/www.iemj.org\/en\/wp-json\/wp\/v2\/posts\/53458","targetHints":{"allow":["GET"]}}],"collection":[{"href":"https:\/\/www.iemj.org\/en\/wp-json\/wp\/v2\/posts"}],"about":[{"href":"https:\/\/www.iemj.org\/en\/wp-json\/wp\/v2\/types\/post"}],"author":[{"embeddable":true,"href":"https:\/\/www.iemj.org\/en\/wp-json\/wp\/v2\/users\/5"}],"replies":[{"embeddable":true,"href":"https:\/\/www.iemj.org\/en\/wp-json\/wp\/v2\/comments?post=53458"}],"version-history":[{"count":0,"href":"https:\/\/www.iemj.org\/en\/wp-json\/wp\/v2\/posts\/53458\/revisions"}],"wp:featuredmedia":[{"embeddable":true,"href":"https:\/\/www.iemj.org\/en\/wp-json\/wp\/v2\/media\/17724"}],"wp:attachment":[{"href":"https:\/\/www.iemj.org\/en\/wp-json\/wp\/v2\/media?parent=53458"}],"wp:term":[{"taxonomy":"category","embeddable":true,"href":"https:\/\/www.iemj.org\/en\/wp-json\/wp\/v2\/categories?post=53458"},{"taxonomy":"post_tag","embeddable":true,"href":"https:\/\/www.iemj.org\/en\/wp-json\/wp\/v2\/tags?post=53458"},{"taxonomy":"technique","embeddable":true,"href":"https:\/\/www.iemj.org\/en\/wp-json\/wp\/v2\/technique?post=53458"},{"taxonomy":"squelettes","embeddable":true,"href":"https:\/\/www.iemj.org\/en\/wp-json\/wp\/v2\/squelettes?post=53458"},{"taxonomy":"sujet","embeddable":true,"href":"https:\/\/www.iemj.org\/en\/wp-json\/wp\/v2\/sujet?post=53458"},{"taxonomy":"formation","embeddable":true,"href":"https:\/\/www.iemj.org\/en\/wp-json\/wp\/v2\/formation?post=53458"},{"taxonomy":"genre","embeddable":true,"href":"https:\/\/www.iemj.org\/en\/wp-json\/wp\/v2\/genre?post=53458"},{"taxonomy":"fonds","embeddable":true,"href":"https:\/\/www.iemj.org\/en\/wp-json\/wp\/v2\/fonds?post=53458"},{"taxonomy":"tradition","embeddable":true,"href":"https:\/\/www.iemj.org\/en\/wp-json\/wp\/v2\/tradition?post=53458"},{"taxonomy":"type-de-contenu","embeddable":true,"href":"https:\/\/www.iemj.org\/en\/wp-json\/wp\/v2\/type-de-contenu?post=53458"},{"taxonomy":"interprete-compositeur","embeddable":true,"href":"https:\/\/www.iemj.org\/en\/wp-json\/wp\/v2\/interprete-compositeur?post=53458"},{"taxonomy":"frise","embeddable":true,"href":"https:\/\/www.iemj.org\/en\/wp-json\/wp\/v2\/frise?post=53458"},{"taxonomy":"type-devenement","embeddable":true,"href":"https:\/\/www.iemj.org\/en\/wp-json\/wp\/v2\/type-devenement?post=53458"},{"taxonomy":"tableaux-liens-externes","embeddable":true,"href":"https:\/\/www.iemj.org\/en\/wp-json\/wp\/v2\/tableaux-liens-externes?post=53458"}],"curies":[{"name":"wp","href":"https:\/\/api.w.org\/{rel}","templated":true}]}}