{"id":53468,"date":"2018-11-28T11:21:13","date_gmt":"2018-11-28T10:21:13","guid":{"rendered":"https:\/\/www.iemj.org\/strauss-isaac-1806-1888\/"},"modified":"2023-04-25T18:04:05","modified_gmt":"2023-04-25T16:04:05","slug":"strauss-isaac-1806-1888","status":"publish","type":"post","link":"https:\/\/www.iemj.org\/en\/strauss-isaac-1806-1888\/","title":{"rendered":"Strauss, Isaac (1806-1888)"},"content":{"rendered":"<p>Isaac Strauss was born as Emmanuel Israel on June 2, 1806 in Strasbourg. His father was a barber, who used to play violin on occasion of weddings, and festivals and he probably gave their first music lessons to his two sons, Maurice (Mo\u00efse) and Isaac. Together with Simon and Salomon Levy, the two brothers founded a string quartet and soon left Alsace for Paris.<\/p>\n<p>On January 31, 1828, Strauss joined the violin class of then-renowned Pierre Baillot at the Conservatoire, but he was forced to interrupt his studies 18 months later since he had to earn his living. He obtained a position as a violinist at the Italian Theatre, where Rossini\u2019s operas were still performed. Strauss and Rossini became close friends : Strauss dedicated a series of walzes to Rossini and attended his funerals. In 1981, Claude Levi-Strauss, his great-great-son, recalled : <em>\u201cMy grand-mother used to tell us that, when she was 7 I think, because Rossini had laid a kiss on her forehead, she pledge never to wash her face again to keep the mark of his divine lips intact.\u201d<\/em><\/p>\n<p><img fetchpriority=\"high\" decoding=\"async\" class=\" aligncenter size-full wp-image-21906\" src=\"https:\/\/www.iemj.org\/wp-content\/uploads\/2018\/11\/strauss_2_500px.jpg\" alt=\"strauss_2_500px.jpg\" width=\"500\" height=\"395\" align=\"middle\" srcset=\"https:\/\/www.iemj.org\/wp-content\/uploads\/2018\/11\/strauss_2_500px.jpg 500w, https:\/\/www.iemj.org\/wp-content\/uploads\/2018\/11\/strauss_2_500px-300x237.jpg 300w\" sizes=\"(max-width: 500px) 100vw, 500px\" \/><\/p>\n<p>However, being a violinist at the Italian Theatre was not enough to earn a living and Strauss and his quartet had also to perform in rich salons and in theatre ballrooms. In the summertime, they would play in spa towns, such as Plombi\u00e8res (Vosges) and Aix (Savoie). Strauss also conducted ballroom orchestras: in 1842, his name for the first time appeared in the music press: that year, indeed, he conducted the masked balls organized at the Op\u00e9ra-Comique. It appears that at the time, Isaac was confused with Viennese composer Johann Strauss, which prompted Berlioz to write an article about the two Strausses.<\/p>\n<p><img decoding=\"async\" class=\" aligncenter size-full wp-image-21908\" src=\"https:\/\/www.iemj.org\/wp-content\/uploads\/2018\/11\/strauss_3_500px.jpg\" alt=\"strauss_3_500px.jpg\" width=\"435\" height=\"329\" align=\"middle\" srcset=\"https:\/\/www.iemj.org\/wp-content\/uploads\/2018\/11\/strauss_3_500px.jpg 435w, https:\/\/www.iemj.org\/wp-content\/uploads\/2018\/11\/strauss_3_500px-300x227.jpg 300w\" sizes=\"(max-width: 435px) 100vw, 435px\" \/><\/p>\n<p>In summer 1842, thanks to acquaintances he struck up in Aix (which still belonged to Sardinia), his reputation developed beyond France: he was chosen to perform at the royal wedding of the duke of Savoie, the future king of Italy Vittore-Emmanuel II: on that occasion he hired and conducted an orchestra made up of 115 musicians at the Court of Genoa.<\/p>\n<p>His reputation had increased to such a high level that King Louis-Philippe\u2019s Minister of Commerce, who wanted to develop the spa town of Vichy, offered him the position of Director of the casino. Strauss agreed to solely supervise the recreational programmes under the condition of having extensions built to the spa facility. Strauss played an important role in the development of Vichy as a spa town (between 1852 and 1865, the number of spa clients grew from 5,000 to 25,000). In 1858, he had there a comfortable house built, which is known as Villa Strauss today. In 1861 and 1862, he hosted Emperor Napoleon III who took the waters in Vichy.<\/p>\n<p><img decoding=\"async\" class=\" aligncenter size-full wp-image-21910\" src=\"https:\/\/www.iemj.org\/wp-content\/uploads\/2018\/11\/villa_strauss_500px.jpg\" alt=\"villa_strauss_500px.jpg\" width=\"425\" height=\"314\" align=\"middle\" srcset=\"https:\/\/www.iemj.org\/wp-content\/uploads\/2018\/11\/villa_strauss_500px.jpg 425w, https:\/\/www.iemj.org\/wp-content\/uploads\/2018\/11\/villa_strauss_500px-300x222.jpg 300w\" sizes=\"(max-width: 425px) 100vw, 425px\" \/><\/p>\n<p>As Director of Vichy\u2019s Casino, Strauss racked up a string of successes: in 1846, he organized a ball during the double two weddings held at the Madrid Court of Madrid the very same day (Isabelle II of Spain married her cousin, and her sister Dona Luisa the Duke of Montpensier, Louis-Philippe\u2019s youngest son). He composed the waltz entitled\u00a0<em>The Double Wedding<\/em>\u00a0as well as a waltz in honour of each of the brides (<em>Luisa Walz<\/em>,\u00a0<em>El Besamanos<\/em>). The queen offered him a ruby and diamond ring which his grand-daughter Henriette Nizan would later, during the Occupation, throw into the fire by mistake, since she was cornered by the Germans.<\/p>\n<p>In December 1847, Strauss was hired to succeed Jean-Baptiste Tolbecque as director of the Court balls and, after the 1848 Revolution, his fame was so firmly established that he was chosen to organize musical festivities aimed at celebrating the Republic in Versailles. Louis-Napol\u00e9on, then Emperor Napol\u00e9on III, maintained his appointment as Court ballroom director until Strauss resigned in December 1869. He composed the Imperial March played on the occasions of sovereigns\u2019 solemn entries. Finally, Strauss reached the final step in his ascent in 1854 when, succeeding Philippe Musard, he was hired to organize the masked balls of the Opera until 1872.<\/p>\n<p>Strauss merely composed music for balls (primarily waltzes, polkas, and quadrilles), dedicated to the most important political members and artists of his time. Nowadays, his name has fallen into oblivion, always being confused with the Strausses of Vienna. He is only remembered as an art collector, above all for his Judaica collection, today visible at the <a href=\"https:\/\/www.mahj.org\/en\" target=\"_blank\" rel=\"noopener\">Mus\u00e9e d&#8217;Art et d&#8217;Histoire du Juda\u00efsme<\/a> in Paris.<\/p>\n<p><a href=\"https:\/\/www.iemj.org\/en\/classique-vous-avez-dit-classique-isaac-strauss-2\/\">Listen to Laure Schnapper\u2019s radio show about Isaac Strauss (in French)<\/a><\/p>\n<p><a href=\"https:\/\/akadem.org\/sommaire\/colloques\/isaac-strauss-musicien-et-collectionneur-sous-le-second-empire\/isaac-strauss-musicien-et-collectionneur-14-12-2018-106504_4820.php\">Watch the video on the Study day on Isaac Strauss, which took, place on November 18, 2018 at the<strong> MAHJ <\/strong>(in French)<\/a><\/p>\n<p><a href=\"https:\/\/www.iemj.org\/en\/polka-hanouka\/\">Learn more on the polka Chanukah by Isaac Strauss<\/a><\/p>\n<p><iframe src=\"https:\/\/www.youtube.com\/embed\/pwX6QUf-6kE\" width=\"560\" height=\"315\" frameborder=\"0\" allowfullscreen=\"allowfullscreen\"><\/iframe><\/p>\n\n\n<div class=\"wp-block-columns is-layout-flex wp-container-core-columns-is-layout-9d6595d7 wp-block-columns-is-layout-flex\">\n<div class=\"wp-block-column is-layout-flow wp-block-column-is-layout-flow\">\n<figure class=\"wp-block-embed is-type-video is-provider-youtube wp-block-embed-youtube wp-embed-aspect-16-9 wp-has-aspect-ratio\"><div class=\"wp-block-embed__wrapper\">\n<iframe title=\"Isaac Strauss : Encore une valse !\" width=\"640\" height=\"360\" src=\"https:\/\/www.youtube.com\/embed\/2qtewSnMM4U?feature=oembed\" frameborder=\"0\" allow=\"accelerometer; autoplay; clipboard-write; encrypted-media; gyroscope; picture-in-picture; web-share\" referrerpolicy=\"strict-origin-when-cross-origin\" allowfullscreen><\/iframe>\n<\/div><figcaption class=\"wp-element-caption\"><em><strong>Encore une valse<\/strong><\/em>, series of waltzes for piano, composed by Isaac Strauss (1806-1888) \u2013 \u201cthe Strauss of Paris\u201d \u2013 offered to the subscribers of the weekly magazine Le M\u00e9nestrel in 1873.<br>Chantal Riou, Pleyel piano from 1920<\/figcaption><\/figure>\n<\/div>\n\n\n\n<div class=\"wp-block-column is-layout-flow wp-block-column-is-layout-flow\">\n<figure class=\"wp-block-embed is-type-video is-provider-youtube wp-block-embed-youtube wp-embed-aspect-16-9 wp-has-aspect-ratio\"><div class=\"wp-block-embed__wrapper\">\n<iframe title=\"Isaac Strauss : La belle H\u00e9l\u00e8ne (quadrille)\" width=\"640\" height=\"360\" src=\"https:\/\/www.youtube.com\/embed\/dAtkfDzhTvM?feature=oembed\" frameborder=\"0\" allow=\"accelerometer; autoplay; clipboard-write; encrypted-media; gyroscope; picture-in-picture; web-share\" referrerpolicy=\"strict-origin-when-cross-origin\" allowfullscreen><\/iframe>\n<\/div><figcaption class=\"wp-element-caption\"><em><strong>La belle H\u00e9l\u00e8ne<\/strong><\/em>, quadrille composed on Offenbach\u2019s work by Isaac Strauss (1806-1888), \u201cthe Strauss of Paris\u201d, for the balls of the Opera in 1865. He also composed a polka and a waltz on the same opera buffa.<br>Chantal Riou, Pleyel piano from 1920<\/figcaption><\/figure>\n<\/div>\n\n\n\n<div class=\"wp-block-column is-layout-flow wp-block-column-is-layout-flow\">\n<figure class=\"wp-block-embed is-type-video is-provider-youtube wp-block-embed-youtube wp-embed-aspect-16-9 wp-has-aspect-ratio\"><div class=\"wp-block-embed__wrapper\">\n<iframe title=\"Isaac Strauss  : Orph\u00e9e aux enfers, polka\" width=\"640\" height=\"360\" src=\"https:\/\/www.youtube.com\/embed\/1JqIDefY3Tk?feature=oembed\" frameborder=\"0\" allow=\"accelerometer; autoplay; clipboard-write; encrypted-media; gyroscope; picture-in-picture; web-share\" referrerpolicy=\"strict-origin-when-cross-origin\" allowfullscreen><\/iframe>\n<\/div><figcaption class=\"wp-element-caption\"><em><strong>Orph\u00e9e aux enfers<\/strong><\/em>, polka. In addition to the famous quadrille, played all over the world, Isaac Strauss composed a polka on Offenbach\u2019s work for the balls of the Opera, of which he was the conductor, when it was first performed in 1858.<br>Chantal Riou, Pleyel piano from 1920<\/figcaption><\/figure>\n<\/div>\n<\/div>\n","protected":false},"excerpt":{"rendered":"<p>Isaac Strauss was born as Emmanuel Israel on June 2, 1806 in Strasbourg. His father was a barber, who used to play violin on occasion of weddings, and festivals and<\/p>\n","protected":false},"author":1052,"featured_media":21904,"comment_status":"closed","ping_status":"open","sticky":false,"template":"","format":"standard","meta":{"_acf_changed":false,"footnotes":""},"categories":[903],"tags":[],"technique":[],"squelettes":[],"sujet":[],"formation":[],"genre":[],"fonds":[],"tradition":[],"type-de-contenu":[],"interprete-compositeur":[3175],"frise":[],"type-devenement":[],"tableaux-liens-externes":[],"class_list":["post-53468","post","type-post","status-publish","format-standard","has-post-thumbnail","hentry","category-biographies-en","interprete-compositeur-isaac-strauss-en-2"],"acf":[],"yoast_head":"<!-- This site is optimized with the Yoast SEO plugin v27.3 - https:\/\/yoast.com\/product\/yoast-seo-wordpress\/ -->\n<title>Strauss, Isaac (1806-1888) - Institut Europ\u00e9en des Musiques Juives<\/title>\n<meta name=\"robots\" content=\"index, follow, max-snippet:-1, max-image-preview:large, max-video-preview:-1\" \/>\n<link rel=\"canonical\" href=\"https:\/\/www.iemj.org\/en\/strauss-isaac-1806-1888\/\" \/>\n<meta property=\"og:locale\" content=\"en_US\" \/>\n<meta property=\"og:type\" content=\"article\" \/>\n<meta property=\"og:title\" content=\"Strauss, Isaac (1806-1888) - Institut Europ\u00e9en des Musiques Juives\" \/>\n<meta property=\"og:description\" content=\"Isaac Strauss was born as Emmanuel Israel on June 2, 1806 in Strasbourg. His father was a barber, who used to play violin on occasion of weddings, and festivals and\" \/>\n<meta property=\"og:url\" content=\"https:\/\/www.iemj.org\/en\/strauss-isaac-1806-1888\/\" \/>\n<meta property=\"og:site_name\" content=\"Institut Europ\u00e9en des Musiques Juives\" \/>\n<meta property=\"article:publisher\" content=\"https:\/\/www.facebook.com\/MusiquesJuives\/\" \/>\n<meta property=\"article:published_time\" content=\"2018-11-28T10:21:13+00:00\" \/>\n<meta property=\"article:modified_time\" content=\"2023-04-25T16:04:05+00:00\" \/>\n<meta property=\"og:image\" content=\"https:\/\/www.iemj.org\/wp-content\/uploads\/2018\/11\/arton3792-e1625471747590.jpg\" \/>\n\t<meta property=\"og:image:width\" content=\"227\" \/>\n\t<meta property=\"og:image:height\" content=\"218\" \/>\n\t<meta property=\"og:image:type\" content=\"image\/jpeg\" \/>\n<meta name=\"author\" content=\"Lea Couderc\" \/>\n<meta name=\"twitter:card\" content=\"summary_large_image\" \/>\n<meta name=\"twitter:label1\" content=\"Written by\" \/>\n\t<meta name=\"twitter:data1\" content=\"Lea Couderc\" \/>\n\t<meta name=\"twitter:label2\" content=\"Est. reading time\" \/>\n\t<meta name=\"twitter:data2\" content=\"6 minutes\" \/>\n<script type=\"application\/ld+json\" class=\"yoast-schema-graph\">{\"@context\":\"https:\\\/\\\/schema.org\",\"@graph\":[{\"@type\":\"Article\",\"@id\":\"https:\\\/\\\/www.iemj.org\\\/en\\\/strauss-isaac-1806-1888\\\/#article\",\"isPartOf\":{\"@id\":\"https:\\\/\\\/www.iemj.org\\\/en\\\/strauss-isaac-1806-1888\\\/\"},\"author\":{\"name\":\"Lea Couderc\",\"@id\":\"https:\\\/\\\/www.iemj.org\\\/en\\\/#\\\/schema\\\/person\\\/e2ad57f2c4be119c7ed8ab79036807a9\"},\"headline\":\"Strauss, Isaac (1806-1888)\",\"datePublished\":\"2018-11-28T10:21:13+00:00\",\"dateModified\":\"2023-04-25T16:04:05+00:00\",\"mainEntityOfPage\":{\"@id\":\"https:\\\/\\\/www.iemj.org\\\/en\\\/strauss-isaac-1806-1888\\\/\"},\"wordCount\":901,\"publisher\":{\"@id\":\"https:\\\/\\\/www.iemj.org\\\/en\\\/#organization\"},\"image\":{\"@id\":\"https:\\\/\\\/www.iemj.org\\\/en\\\/strauss-isaac-1806-1888\\\/#primaryimage\"},\"thumbnailUrl\":\"https:\\\/\\\/www.iemj.org\\\/wp-content\\\/uploads\\\/2018\\\/11\\\/arton3792-e1625471747590.jpg\",\"articleSection\":[\"Biographies\"],\"inLanguage\":\"en-US\"},{\"@type\":\"WebPage\",\"@id\":\"https:\\\/\\\/www.iemj.org\\\/en\\\/strauss-isaac-1806-1888\\\/\",\"url\":\"https:\\\/\\\/www.iemj.org\\\/en\\\/strauss-isaac-1806-1888\\\/\",\"name\":\"Strauss, Isaac (1806-1888) - Institut Europ\u00e9en des Musiques Juives\",\"isPartOf\":{\"@id\":\"https:\\\/\\\/www.iemj.org\\\/en\\\/#website\"},\"primaryImageOfPage\":{\"@id\":\"https:\\\/\\\/www.iemj.org\\\/en\\\/strauss-isaac-1806-1888\\\/#primaryimage\"},\"image\":{\"@id\":\"https:\\\/\\\/www.iemj.org\\\/en\\\/strauss-isaac-1806-1888\\\/#primaryimage\"},\"thumbnailUrl\":\"https:\\\/\\\/www.iemj.org\\\/wp-content\\\/uploads\\\/2018\\\/11\\\/arton3792-e1625471747590.jpg\",\"datePublished\":\"2018-11-28T10:21:13+00:00\",\"dateModified\":\"2023-04-25T16:04:05+00:00\",\"breadcrumb\":{\"@id\":\"https:\\\/\\\/www.iemj.org\\\/en\\\/strauss-isaac-1806-1888\\\/#breadcrumb\"},\"inLanguage\":\"en-US\",\"potentialAction\":[{\"@type\":\"ReadAction\",\"target\":[\"https:\\\/\\\/www.iemj.org\\\/en\\\/strauss-isaac-1806-1888\\\/\"]}]},{\"@type\":\"ImageObject\",\"inLanguage\":\"en-US\",\"@id\":\"https:\\\/\\\/www.iemj.org\\\/en\\\/strauss-isaac-1806-1888\\\/#primaryimage\",\"url\":\"https:\\\/\\\/www.iemj.org\\\/wp-content\\\/uploads\\\/2018\\\/11\\\/arton3792-e1625471747590.jpg\",\"contentUrl\":\"https:\\\/\\\/www.iemj.org\\\/wp-content\\\/uploads\\\/2018\\\/11\\\/arton3792-e1625471747590.jpg\",\"width\":227,\"height\":218,\"caption\":\"logo bio Isaac Strauss\"},{\"@type\":\"BreadcrumbList\",\"@id\":\"https:\\\/\\\/www.iemj.org\\\/en\\\/strauss-isaac-1806-1888\\\/#breadcrumb\",\"itemListElement\":[{\"@type\":\"ListItem\",\"position\":1,\"name\":\"Accueil\",\"item\":\"https:\\\/\\\/www.iemj.org\\\/en\\\/\"},{\"@type\":\"ListItem\",\"position\":2,\"name\":\"Strauss, Isaac (1806-1888)\"}]},{\"@type\":\"WebSite\",\"@id\":\"https:\\\/\\\/www.iemj.org\\\/en\\\/#website\",\"url\":\"https:\\\/\\\/www.iemj.org\\\/en\\\/\",\"name\":\"Institut Europ\u00e9en des Musiques Juives\",\"description\":\"Des traditions musicales \u00e0 la port\u00e9e de tous\",\"publisher\":{\"@id\":\"https:\\\/\\\/www.iemj.org\\\/en\\\/#organization\"},\"potentialAction\":[{\"@type\":\"SearchAction\",\"target\":{\"@type\":\"EntryPoint\",\"urlTemplate\":\"https:\\\/\\\/www.iemj.org\\\/en\\\/?s={search_term_string}\"},\"query-input\":{\"@type\":\"PropertyValueSpecification\",\"valueRequired\":true,\"valueName\":\"search_term_string\"}}],\"inLanguage\":\"en-US\"},{\"@type\":\"Organization\",\"@id\":\"https:\\\/\\\/www.iemj.org\\\/en\\\/#organization\",\"name\":\"Institut Europ\u00e9en des Musiques Juives\",\"url\":\"https:\\\/\\\/www.iemj.org\\\/en\\\/\",\"logo\":{\"@type\":\"ImageObject\",\"inLanguage\":\"en-US\",\"@id\":\"https:\\\/\\\/www.iemj.org\\\/en\\\/#\\\/schema\\\/logo\\\/image\\\/\",\"url\":\"https:\\\/\\\/www.iemj.org\\\/wp-content\\\/uploads\\\/2021\\\/09\\\/Logo-IEMJ-Paypal.jpg\",\"contentUrl\":\"https:\\\/\\\/www.iemj.org\\\/wp-content\\\/uploads\\\/2021\\\/09\\\/Logo-IEMJ-Paypal.jpg\",\"width\":150,\"height\":50,\"caption\":\"Institut Europ\u00e9en des Musiques Juives\"},\"image\":{\"@id\":\"https:\\\/\\\/www.iemj.org\\\/en\\\/#\\\/schema\\\/logo\\\/image\\\/\"},\"sameAs\":[\"https:\\\/\\\/www.facebook.com\\\/MusiquesJuives\\\/\",\"https:\\\/\\\/www.instagram.com\\\/musiquesjuives\\\/\",\"https:\\\/\\\/www.youtube.com\\\/user\\\/musiquesjuives\"]},{\"@type\":\"Person\",\"@id\":\"https:\\\/\\\/www.iemj.org\\\/en\\\/#\\\/schema\\\/person\\\/e2ad57f2c4be119c7ed8ab79036807a9\",\"name\":\"Lea Couderc\",\"image\":{\"@type\":\"ImageObject\",\"inLanguage\":\"en-US\",\"@id\":\"https:\\\/\\\/secure.gravatar.com\\\/avatar\\\/46ee021475d60aeff17a7e490b79dea5a5684bb392ab7fd1494027411df8ba23?s=96&d=mm&r=g\",\"url\":\"https:\\\/\\\/secure.gravatar.com\\\/avatar\\\/46ee021475d60aeff17a7e490b79dea5a5684bb392ab7fd1494027411df8ba23?s=96&d=mm&r=g\",\"contentUrl\":\"https:\\\/\\\/secure.gravatar.com\\\/avatar\\\/46ee021475d60aeff17a7e490b79dea5a5684bb392ab7fd1494027411df8ba23?s=96&d=mm&r=g\",\"caption\":\"Lea Couderc\"}}]}<\/script>\n<!-- \/ Yoast SEO plugin. -->","yoast_head_json":{"title":"Strauss, Isaac (1806-1888) - Institut Europ\u00e9en des Musiques Juives","robots":{"index":"index","follow":"follow","max-snippet":"max-snippet:-1","max-image-preview":"max-image-preview:large","max-video-preview":"max-video-preview:-1"},"canonical":"https:\/\/www.iemj.org\/en\/strauss-isaac-1806-1888\/","og_locale":"en_US","og_type":"article","og_title":"Strauss, Isaac (1806-1888) - Institut Europ\u00e9en des Musiques Juives","og_description":"Isaac Strauss was born as Emmanuel Israel on June 2, 1806 in Strasbourg. His father was a barber, who used to play violin on occasion of weddings, and festivals and","og_url":"https:\/\/www.iemj.org\/en\/strauss-isaac-1806-1888\/","og_site_name":"Institut Europ\u00e9en des Musiques Juives","article_publisher":"https:\/\/www.facebook.com\/MusiquesJuives\/","article_published_time":"2018-11-28T10:21:13+00:00","article_modified_time":"2023-04-25T16:04:05+00:00","og_image":[{"width":227,"height":218,"url":"https:\/\/www.iemj.org\/wp-content\/uploads\/2018\/11\/arton3792-e1625471747590.jpg","type":"image\/jpeg"}],"author":"Lea Couderc","twitter_card":"summary_large_image","twitter_misc":{"Written by":"Lea Couderc","Est. reading time":"6 minutes"},"schema":{"@context":"https:\/\/schema.org","@graph":[{"@type":"Article","@id":"https:\/\/www.iemj.org\/en\/strauss-isaac-1806-1888\/#article","isPartOf":{"@id":"https:\/\/www.iemj.org\/en\/strauss-isaac-1806-1888\/"},"author":{"name":"Lea Couderc","@id":"https:\/\/www.iemj.org\/en\/#\/schema\/person\/e2ad57f2c4be119c7ed8ab79036807a9"},"headline":"Strauss, Isaac (1806-1888)","datePublished":"2018-11-28T10:21:13+00:00","dateModified":"2023-04-25T16:04:05+00:00","mainEntityOfPage":{"@id":"https:\/\/www.iemj.org\/en\/strauss-isaac-1806-1888\/"},"wordCount":901,"publisher":{"@id":"https:\/\/www.iemj.org\/en\/#organization"},"image":{"@id":"https:\/\/www.iemj.org\/en\/strauss-isaac-1806-1888\/#primaryimage"},"thumbnailUrl":"https:\/\/www.iemj.org\/wp-content\/uploads\/2018\/11\/arton3792-e1625471747590.jpg","articleSection":["Biographies"],"inLanguage":"en-US"},{"@type":"WebPage","@id":"https:\/\/www.iemj.org\/en\/strauss-isaac-1806-1888\/","url":"https:\/\/www.iemj.org\/en\/strauss-isaac-1806-1888\/","name":"Strauss, Isaac (1806-1888) - Institut Europ\u00e9en des Musiques Juives","isPartOf":{"@id":"https:\/\/www.iemj.org\/en\/#website"},"primaryImageOfPage":{"@id":"https:\/\/www.iemj.org\/en\/strauss-isaac-1806-1888\/#primaryimage"},"image":{"@id":"https:\/\/www.iemj.org\/en\/strauss-isaac-1806-1888\/#primaryimage"},"thumbnailUrl":"https:\/\/www.iemj.org\/wp-content\/uploads\/2018\/11\/arton3792-e1625471747590.jpg","datePublished":"2018-11-28T10:21:13+00:00","dateModified":"2023-04-25T16:04:05+00:00","breadcrumb":{"@id":"https:\/\/www.iemj.org\/en\/strauss-isaac-1806-1888\/#breadcrumb"},"inLanguage":"en-US","potentialAction":[{"@type":"ReadAction","target":["https:\/\/www.iemj.org\/en\/strauss-isaac-1806-1888\/"]}]},{"@type":"ImageObject","inLanguage":"en-US","@id":"https:\/\/www.iemj.org\/en\/strauss-isaac-1806-1888\/#primaryimage","url":"https:\/\/www.iemj.org\/wp-content\/uploads\/2018\/11\/arton3792-e1625471747590.jpg","contentUrl":"https:\/\/www.iemj.org\/wp-content\/uploads\/2018\/11\/arton3792-e1625471747590.jpg","width":227,"height":218,"caption":"logo bio Isaac Strauss"},{"@type":"BreadcrumbList","@id":"https:\/\/www.iemj.org\/en\/strauss-isaac-1806-1888\/#breadcrumb","itemListElement":[{"@type":"ListItem","position":1,"name":"Accueil","item":"https:\/\/www.iemj.org\/en\/"},{"@type":"ListItem","position":2,"name":"Strauss, Isaac (1806-1888)"}]},{"@type":"WebSite","@id":"https:\/\/www.iemj.org\/en\/#website","url":"https:\/\/www.iemj.org\/en\/","name":"Institut Europ\u00e9en des Musiques Juives","description":"Des traditions musicales \u00e0 la port\u00e9e de tous","publisher":{"@id":"https:\/\/www.iemj.org\/en\/#organization"},"potentialAction":[{"@type":"SearchAction","target":{"@type":"EntryPoint","urlTemplate":"https:\/\/www.iemj.org\/en\/?s={search_term_string}"},"query-input":{"@type":"PropertyValueSpecification","valueRequired":true,"valueName":"search_term_string"}}],"inLanguage":"en-US"},{"@type":"Organization","@id":"https:\/\/www.iemj.org\/en\/#organization","name":"Institut Europ\u00e9en des Musiques Juives","url":"https:\/\/www.iemj.org\/en\/","logo":{"@type":"ImageObject","inLanguage":"en-US","@id":"https:\/\/www.iemj.org\/en\/#\/schema\/logo\/image\/","url":"https:\/\/www.iemj.org\/wp-content\/uploads\/2021\/09\/Logo-IEMJ-Paypal.jpg","contentUrl":"https:\/\/www.iemj.org\/wp-content\/uploads\/2021\/09\/Logo-IEMJ-Paypal.jpg","width":150,"height":50,"caption":"Institut Europ\u00e9en des Musiques Juives"},"image":{"@id":"https:\/\/www.iemj.org\/en\/#\/schema\/logo\/image\/"},"sameAs":["https:\/\/www.facebook.com\/MusiquesJuives\/","https:\/\/www.instagram.com\/musiquesjuives\/","https:\/\/www.youtube.com\/user\/musiquesjuives"]},{"@type":"Person","@id":"https:\/\/www.iemj.org\/en\/#\/schema\/person\/e2ad57f2c4be119c7ed8ab79036807a9","name":"Lea Couderc","image":{"@type":"ImageObject","inLanguage":"en-US","@id":"https:\/\/secure.gravatar.com\/avatar\/46ee021475d60aeff17a7e490b79dea5a5684bb392ab7fd1494027411df8ba23?s=96&d=mm&r=g","url":"https:\/\/secure.gravatar.com\/avatar\/46ee021475d60aeff17a7e490b79dea5a5684bb392ab7fd1494027411df8ba23?s=96&d=mm&r=g","contentUrl":"https:\/\/secure.gravatar.com\/avatar\/46ee021475d60aeff17a7e490b79dea5a5684bb392ab7fd1494027411df8ba23?s=96&d=mm&r=g","caption":"Lea Couderc"}}]}},"_links":{"self":[{"href":"https:\/\/www.iemj.org\/en\/wp-json\/wp\/v2\/posts\/53468","targetHints":{"allow":["GET"]}}],"collection":[{"href":"https:\/\/www.iemj.org\/en\/wp-json\/wp\/v2\/posts"}],"about":[{"href":"https:\/\/www.iemj.org\/en\/wp-json\/wp\/v2\/types\/post"}],"author":[{"embeddable":true,"href":"https:\/\/www.iemj.org\/en\/wp-json\/wp\/v2\/users\/1052"}],"replies":[{"embeddable":true,"href":"https:\/\/www.iemj.org\/en\/wp-json\/wp\/v2\/comments?post=53468"}],"version-history":[{"count":0,"href":"https:\/\/www.iemj.org\/en\/wp-json\/wp\/v2\/posts\/53468\/revisions"}],"wp:featuredmedia":[{"embeddable":true,"href":"https:\/\/www.iemj.org\/en\/wp-json\/wp\/v2\/media\/21904"}],"wp:attachment":[{"href":"https:\/\/www.iemj.org\/en\/wp-json\/wp\/v2\/media?parent=53468"}],"wp:term":[{"taxonomy":"category","embeddable":true,"href":"https:\/\/www.iemj.org\/en\/wp-json\/wp\/v2\/categories?post=53468"},{"taxonomy":"post_tag","embeddable":true,"href":"https:\/\/www.iemj.org\/en\/wp-json\/wp\/v2\/tags?post=53468"},{"taxonomy":"technique","embeddable":true,"href":"https:\/\/www.iemj.org\/en\/wp-json\/wp\/v2\/technique?post=53468"},{"taxonomy":"squelettes","embeddable":true,"href":"https:\/\/www.iemj.org\/en\/wp-json\/wp\/v2\/squelettes?post=53468"},{"taxonomy":"sujet","embeddable":true,"href":"https:\/\/www.iemj.org\/en\/wp-json\/wp\/v2\/sujet?post=53468"},{"taxonomy":"formation","embeddable":true,"href":"https:\/\/www.iemj.org\/en\/wp-json\/wp\/v2\/formation?post=53468"},{"taxonomy":"genre","embeddable":true,"href":"https:\/\/www.iemj.org\/en\/wp-json\/wp\/v2\/genre?post=53468"},{"taxonomy":"fonds","embeddable":true,"href":"https:\/\/www.iemj.org\/en\/wp-json\/wp\/v2\/fonds?post=53468"},{"taxonomy":"tradition","embeddable":true,"href":"https:\/\/www.iemj.org\/en\/wp-json\/wp\/v2\/tradition?post=53468"},{"taxonomy":"type-de-contenu","embeddable":true,"href":"https:\/\/www.iemj.org\/en\/wp-json\/wp\/v2\/type-de-contenu?post=53468"},{"taxonomy":"interprete-compositeur","embeddable":true,"href":"https:\/\/www.iemj.org\/en\/wp-json\/wp\/v2\/interprete-compositeur?post=53468"},{"taxonomy":"frise","embeddable":true,"href":"https:\/\/www.iemj.org\/en\/wp-json\/wp\/v2\/frise?post=53468"},{"taxonomy":"type-devenement","embeddable":true,"href":"https:\/\/www.iemj.org\/en\/wp-json\/wp\/v2\/type-devenement?post=53468"},{"taxonomy":"tableaux-liens-externes","embeddable":true,"href":"https:\/\/www.iemj.org\/en\/wp-json\/wp\/v2\/tableaux-liens-externes?post=53468"}],"curies":[{"name":"wp","href":"https:\/\/api.w.org\/{rel}","templated":true}]}}