{"id":53501,"date":"2012-06-10T22:43:10","date_gmt":"2012-06-10T20:43:10","guid":{"rendered":"https:\/\/www.iemj.org\/tarras-dave-1897-1989\/"},"modified":"2022-04-07T10:41:32","modified_gmt":"2022-04-07T08:41:32","slug":"tarras-dave-1897-1989","status":"publish","type":"post","link":"https:\/\/www.iemj.org\/en\/tarras-dave-1897-1989\/","title":{"rendered":"Tarras, Dave (ca 1898-1989)"},"content":{"rendered":"<p>David Itsy Tarasyuk (ca 1898-1989), better known as Dave Tarras, was born in the village called Ternovka, near Uman in Ukraine. As a very young boy, he was immersed in klezmer music, his father being a trombone player in klezmer bands, and a Badkhn (wedding entertainer). Young Tarras often played in his father\u2019s orchestras (kapelye). He played the balalaika, the cobza (a sort of ud), guitar, mandolin and flute. In 1915, Dave Tarras, who already played the clarinet, was enrolled in the tsar\u2019s army, and like many klezmorim before him, his music talents gave him the opportunity to serve in the army\u2019s orchestra instead of fighting on the front lines. In addition, the Russian revolution, the pogroms, and the uncertain economical situation led him to emigrate to New York in 1921. There, he started working as janitor in a sweatshop, thinking he wasn\u2019t good enough in music to make it his job. Some say also that upon his arrival in Ellis Island, the central arrival center for immigrants in New York, his clarinet was destroyed by the immigration services, and that he was able to buy a new clarinet only after having made a lot money from his savings.<\/p>\n<p>But, very quickly, he realized that he was better than most of professional musicians, and that he earned a lot more money with his clarinet. His ability to transpose and read music enabled him to become a very sought-after musician, which launched both his carrier, and at the same time, a long competition with his confrere, the clarinet player Naftule Brandwein. Dave Tarras\u2019 skill at reading music, and his complete tranquility, led him to replace Naftule Brandwein in Joseph Cherniavsky\u2019s orchestra, the Yiddish American Jazz Band. Shortly afterwards, Dave Tarras recorded with Abe Schwartz, &#8211; after Schwartz fired Brandwein. As Dave Tarras\u2019 reputation grew stronger, the number of his employers grew larger. He worked and recorded for Joseph Rumshinsky, Abe Ellstein\u2019s orchestras, Alexander Olshanetsky, the Al Glaser\u2019s Bucovina Kapelle, Moishe Oysher, Sholom Secunda, Molly Picon, Seymour Rechzeit, Maurice Schwartz, Aaron Lebedeff, the Barry Sisters and many others. Furthermore, in addition to Jewish music, he recorded Greek, Polish and Russian music.<\/p>\n<p>The klezmer music lovers, in particular today\u2019s clarinet players, often like to argue about which Tarras or Brandwein, was the best, or the more faithful to this music. Tarras\u2019 style was smoother, more solemn, with a slow vibrato, but his phrasing was neat, precise and rhythmic. He didn\u2019t play like Brandwein, who was influenced by the klezmer violin-playing tradition of the Polish region of Galicia. Tarras already played in a less traditional way when he lived in Ternovka, perhaps because he had played in a military orchestra, which emphasizes orchestral unity rather than the individuality of soloists.<\/p>\n<p>We attribute to Dave Tarras the development of bulgars, as a popular style of Jewish dance music. Bulgars weren\u2019t as popular as freylekhs, and were often performed for various ethnic groups in Eastern Europe. Coming from Bessarabia, the bulgar becomes a synonym of the 1940\u2019s American klezmer music, and in particular when Dave Tarras wrote and recorded many of them. His stature as a virtuoso and his popularity were such that many Jewish musicians and the Jewish audience, considered that klezmer music was bulgars. Dave Tarras was the most popular klezmer clarinet player, from the mid 1930\u2019s up to the end of the 1950\u2019s, and was heard on the radio, on recordings, in the Catskills (the famousd borsht belt), on Yiddish theatre stages, and in weddings and other life celebrations. His style influenced a whole generation of clarinet players, among which his pupil, Andy Statman. In 1955, he recorded a new disc with the Musiker brothers orchestra (among who Sam Musiker, who had become his son-in-law), a mix of klezmer music and swing, a revolution at the time, but that wasn\u2019t successful. One of his last appearance was in the documentary &#8220;A jumping night in the garden of Eden&#8221;<\/p>\n<p>He passed away on February 13, 1989 in Oceanside, in Nassau county, state of New York, leaving a daughter, Broune, a son, Seymour, and seven grand children.<\/p>\n<p><a href=\"http:\/\/www.rachelnet.net\/F\/?func=find-c&amp;ccl_term=WRD+%3D+Tarras+AND+WRD+%3D+Dave&amp;local_base=iemcg\">Browse our archives on Dave Tarras<\/a><\/p>\n\n\n<figure class=\"wp-block-embed is-type-video is-provider-youtube wp-block-embed-youtube wp-embed-aspect-16-9 wp-has-aspect-ratio\"><div class=\"wp-block-embed__wrapper\">\n<iframe title=\"CHUSEN KALA MAZEL TOV - Dave Tarras\" width=\"640\" height=\"360\" src=\"https:\/\/www.youtube.com\/embed\/wrFVVUM4cPA?feature=oembed\" frameborder=\"0\" allow=\"accelerometer; autoplay; clipboard-write; encrypted-media; gyroscope; picture-in-picture; web-share\" referrerpolicy=\"strict-origin-when-cross-origin\" allowfullscreen><\/iframe>\n<\/div><\/figure>\n","protected":false},"excerpt":{"rendered":"<p>David Itsy Tarasyuk (ca 1898-1989), better known as Dave Tarras, was born in the village called Ternovka, near Uman in Ukraine. As a very young boy, he was immersed in<\/p>\n","protected":false},"author":1045,"featured_media":32112,"comment_status":"closed","ping_status":"closed","sticky":false,"template":"","format":"standard","meta":{"_acf_changed":false,"footnotes":""},"categories":[903],"tags":[],"technique":[],"squelettes":[],"sujet":[],"formation":[1106],"genre":[],"fonds":[],"tradition":[],"type-de-contenu":[],"interprete-compositeur":[],"frise":[],"type-devenement":[],"tableaux-liens-externes":[],"class_list":["post-53501","post","type-post","status-publish","format-standard","has-post-thumbnail","hentry","category-biographies-en","formation-instrumental"],"acf":[],"yoast_head":"<!-- This site is optimized with the Yoast SEO plugin v27.3 - https:\/\/yoast.com\/product\/yoast-seo-wordpress\/ -->\n<title>Tarras, Dave (ca 1898-1989) - Institut Europ\u00e9en des Musiques Juives<\/title>\n<meta name=\"robots\" content=\"index, follow, max-snippet:-1, max-image-preview:large, max-video-preview:-1\" \/>\n<link rel=\"canonical\" href=\"https:\/\/www.iemj.org\/en\/tarras-dave-1897-1989\/\" \/>\n<meta property=\"og:locale\" content=\"en_US\" \/>\n<meta property=\"og:type\" content=\"article\" \/>\n<meta property=\"og:title\" content=\"Tarras, Dave (ca 1898-1989) - Institut Europ\u00e9en des Musiques Juives\" \/>\n<meta property=\"og:description\" content=\"David Itsy Tarasyuk (ca 1898-1989), better known as Dave Tarras, was born in the village called Ternovka, near Uman in Ukraine. As a very young boy, he was immersed in\" \/>\n<meta property=\"og:url\" content=\"https:\/\/www.iemj.org\/en\/tarras-dave-1897-1989\/\" \/>\n<meta property=\"og:site_name\" content=\"Institut Europ\u00e9en des Musiques Juives\" \/>\n<meta property=\"article:publisher\" content=\"https:\/\/www.facebook.com\/MusiquesJuives\/\" \/>\n<meta property=\"article:published_time\" content=\"2012-06-10T20:43:10+00:00\" \/>\n<meta property=\"article:modified_time\" content=\"2022-04-07T08:41:32+00:00\" \/>\n<meta property=\"og:image\" content=\"https:\/\/www.iemj.org\/wp-content\/uploads\/2012\/06\/logo-bio-Dave-Tarras-e1625473083910.jpg\" \/>\n\t<meta property=\"og:image:width\" content=\"169\" \/>\n\t<meta property=\"og:image:height\" content=\"218\" \/>\n\t<meta property=\"og:image:type\" content=\"image\/jpeg\" \/>\n<meta name=\"author\" content=\"Herv\u00e9 Roten\" \/>\n<meta name=\"twitter:card\" content=\"summary_large_image\" \/>\n<meta name=\"twitter:label1\" content=\"Written by\" \/>\n\t<meta name=\"twitter:data1\" content=\"Herv\u00e9 Roten\" \/>\n\t<meta name=\"twitter:label2\" content=\"Est. reading time\" \/>\n\t<meta name=\"twitter:data2\" content=\"4 minutes\" \/>\n<script type=\"application\/ld+json\" class=\"yoast-schema-graph\">{\"@context\":\"https:\\\/\\\/schema.org\",\"@graph\":[{\"@type\":\"Article\",\"@id\":\"https:\\\/\\\/www.iemj.org\\\/en\\\/tarras-dave-1897-1989\\\/#article\",\"isPartOf\":{\"@id\":\"https:\\\/\\\/www.iemj.org\\\/en\\\/tarras-dave-1897-1989\\\/\"},\"author\":{\"name\":\"Herv\u00e9 Roten\",\"@id\":\"https:\\\/\\\/www.iemj.org\\\/en\\\/#\\\/schema\\\/person\\\/906134402c29d5c76e7b726261dd4bbd\"},\"headline\":\"Tarras, Dave (ca 1898-1989)\",\"datePublished\":\"2012-06-10T20:43:10+00:00\",\"dateModified\":\"2022-04-07T08:41:32+00:00\",\"mainEntityOfPage\":{\"@id\":\"https:\\\/\\\/www.iemj.org\\\/en\\\/tarras-dave-1897-1989\\\/\"},\"wordCount\":706,\"publisher\":{\"@id\":\"https:\\\/\\\/www.iemj.org\\\/en\\\/#organization\"},\"image\":{\"@id\":\"https:\\\/\\\/www.iemj.org\\\/en\\\/tarras-dave-1897-1989\\\/#primaryimage\"},\"thumbnailUrl\":\"https:\\\/\\\/www.iemj.org\\\/wp-content\\\/uploads\\\/2012\\\/06\\\/logo-bio-Dave-Tarras-e1625473083910.jpg\",\"articleSection\":[\"Biographies\"],\"inLanguage\":\"en-US\"},{\"@type\":\"WebPage\",\"@id\":\"https:\\\/\\\/www.iemj.org\\\/en\\\/tarras-dave-1897-1989\\\/\",\"url\":\"https:\\\/\\\/www.iemj.org\\\/en\\\/tarras-dave-1897-1989\\\/\",\"name\":\"Tarras, Dave (ca 1898-1989) - Institut Europ\u00e9en des Musiques Juives\",\"isPartOf\":{\"@id\":\"https:\\\/\\\/www.iemj.org\\\/en\\\/#website\"},\"primaryImageOfPage\":{\"@id\":\"https:\\\/\\\/www.iemj.org\\\/en\\\/tarras-dave-1897-1989\\\/#primaryimage\"},\"image\":{\"@id\":\"https:\\\/\\\/www.iemj.org\\\/en\\\/tarras-dave-1897-1989\\\/#primaryimage\"},\"thumbnailUrl\":\"https:\\\/\\\/www.iemj.org\\\/wp-content\\\/uploads\\\/2012\\\/06\\\/logo-bio-Dave-Tarras-e1625473083910.jpg\",\"datePublished\":\"2012-06-10T20:43:10+00:00\",\"dateModified\":\"2022-04-07T08:41:32+00:00\",\"breadcrumb\":{\"@id\":\"https:\\\/\\\/www.iemj.org\\\/en\\\/tarras-dave-1897-1989\\\/#breadcrumb\"},\"inLanguage\":\"en-US\",\"potentialAction\":[{\"@type\":\"ReadAction\",\"target\":[\"https:\\\/\\\/www.iemj.org\\\/en\\\/tarras-dave-1897-1989\\\/\"]}]},{\"@type\":\"ImageObject\",\"inLanguage\":\"en-US\",\"@id\":\"https:\\\/\\\/www.iemj.org\\\/en\\\/tarras-dave-1897-1989\\\/#primaryimage\",\"url\":\"https:\\\/\\\/www.iemj.org\\\/wp-content\\\/uploads\\\/2012\\\/06\\\/logo-bio-Dave-Tarras-e1625473083910.jpg\",\"contentUrl\":\"https:\\\/\\\/www.iemj.org\\\/wp-content\\\/uploads\\\/2012\\\/06\\\/logo-bio-Dave-Tarras-e1625473083910.jpg\",\"width\":169,\"height\":218,\"caption\":\"logo bio Dave Tarras\"},{\"@type\":\"BreadcrumbList\",\"@id\":\"https:\\\/\\\/www.iemj.org\\\/en\\\/tarras-dave-1897-1989\\\/#breadcrumb\",\"itemListElement\":[{\"@type\":\"ListItem\",\"position\":1,\"name\":\"Accueil\",\"item\":\"https:\\\/\\\/www.iemj.org\\\/en\\\/\"},{\"@type\":\"ListItem\",\"position\":2,\"name\":\"Tarras, Dave (ca 1898-1989)\"}]},{\"@type\":\"WebSite\",\"@id\":\"https:\\\/\\\/www.iemj.org\\\/en\\\/#website\",\"url\":\"https:\\\/\\\/www.iemj.org\\\/en\\\/\",\"name\":\"Institut Europ\u00e9en des Musiques Juives\",\"description\":\"Des traditions musicales \u00e0 la port\u00e9e de tous\",\"publisher\":{\"@id\":\"https:\\\/\\\/www.iemj.org\\\/en\\\/#organization\"},\"potentialAction\":[{\"@type\":\"SearchAction\",\"target\":{\"@type\":\"EntryPoint\",\"urlTemplate\":\"https:\\\/\\\/www.iemj.org\\\/en\\\/?s={search_term_string}\"},\"query-input\":{\"@type\":\"PropertyValueSpecification\",\"valueRequired\":true,\"valueName\":\"search_term_string\"}}],\"inLanguage\":\"en-US\"},{\"@type\":\"Organization\",\"@id\":\"https:\\\/\\\/www.iemj.org\\\/en\\\/#organization\",\"name\":\"Institut Europ\u00e9en des Musiques Juives\",\"url\":\"https:\\\/\\\/www.iemj.org\\\/en\\\/\",\"logo\":{\"@type\":\"ImageObject\",\"inLanguage\":\"en-US\",\"@id\":\"https:\\\/\\\/www.iemj.org\\\/en\\\/#\\\/schema\\\/logo\\\/image\\\/\",\"url\":\"https:\\\/\\\/www.iemj.org\\\/wp-content\\\/uploads\\\/2021\\\/09\\\/Logo-IEMJ-Paypal.jpg\",\"contentUrl\":\"https:\\\/\\\/www.iemj.org\\\/wp-content\\\/uploads\\\/2021\\\/09\\\/Logo-IEMJ-Paypal.jpg\",\"width\":150,\"height\":50,\"caption\":\"Institut Europ\u00e9en des Musiques Juives\"},\"image\":{\"@id\":\"https:\\\/\\\/www.iemj.org\\\/en\\\/#\\\/schema\\\/logo\\\/image\\\/\"},\"sameAs\":[\"https:\\\/\\\/www.facebook.com\\\/MusiquesJuives\\\/\",\"https:\\\/\\\/www.instagram.com\\\/musiquesjuives\\\/\",\"https:\\\/\\\/www.youtube.com\\\/user\\\/musiquesjuives\"]},{\"@type\":\"Person\",\"@id\":\"https:\\\/\\\/www.iemj.org\\\/en\\\/#\\\/schema\\\/person\\\/906134402c29d5c76e7b726261dd4bbd\",\"name\":\"Herv\u00e9 Roten\",\"image\":{\"@type\":\"ImageObject\",\"inLanguage\":\"en-US\",\"@id\":\"https:\\\/\\\/secure.gravatar.com\\\/avatar\\\/f96ad2db538a26481f18384936b5cd0610c92d390c4dc382209216d455f685ff?s=96&d=mm&r=g\",\"url\":\"https:\\\/\\\/secure.gravatar.com\\\/avatar\\\/f96ad2db538a26481f18384936b5cd0610c92d390c4dc382209216d455f685ff?s=96&d=mm&r=g\",\"contentUrl\":\"https:\\\/\\\/secure.gravatar.com\\\/avatar\\\/f96ad2db538a26481f18384936b5cd0610c92d390c4dc382209216d455f685ff?s=96&d=mm&r=g\",\"caption\":\"Herv\u00e9 Roten\"}}]}<\/script>\n<!-- \/ Yoast SEO plugin. -->","yoast_head_json":{"title":"Tarras, Dave (ca 1898-1989) - Institut Europ\u00e9en des Musiques Juives","robots":{"index":"index","follow":"follow","max-snippet":"max-snippet:-1","max-image-preview":"max-image-preview:large","max-video-preview":"max-video-preview:-1"},"canonical":"https:\/\/www.iemj.org\/en\/tarras-dave-1897-1989\/","og_locale":"en_US","og_type":"article","og_title":"Tarras, Dave (ca 1898-1989) - Institut Europ\u00e9en des Musiques Juives","og_description":"David Itsy Tarasyuk (ca 1898-1989), better known as Dave Tarras, was born in the village called Ternovka, near Uman in Ukraine. As a very young boy, he was immersed in","og_url":"https:\/\/www.iemj.org\/en\/tarras-dave-1897-1989\/","og_site_name":"Institut Europ\u00e9en des Musiques Juives","article_publisher":"https:\/\/www.facebook.com\/MusiquesJuives\/","article_published_time":"2012-06-10T20:43:10+00:00","article_modified_time":"2022-04-07T08:41:32+00:00","og_image":[{"width":169,"height":218,"url":"https:\/\/www.iemj.org\/wp-content\/uploads\/2012\/06\/logo-bio-Dave-Tarras-e1625473083910.jpg","type":"image\/jpeg"}],"author":"Herv\u00e9 Roten","twitter_card":"summary_large_image","twitter_misc":{"Written by":"Herv\u00e9 Roten","Est. reading time":"4 minutes"},"schema":{"@context":"https:\/\/schema.org","@graph":[{"@type":"Article","@id":"https:\/\/www.iemj.org\/en\/tarras-dave-1897-1989\/#article","isPartOf":{"@id":"https:\/\/www.iemj.org\/en\/tarras-dave-1897-1989\/"},"author":{"name":"Herv\u00e9 Roten","@id":"https:\/\/www.iemj.org\/en\/#\/schema\/person\/906134402c29d5c76e7b726261dd4bbd"},"headline":"Tarras, Dave (ca 1898-1989)","datePublished":"2012-06-10T20:43:10+00:00","dateModified":"2022-04-07T08:41:32+00:00","mainEntityOfPage":{"@id":"https:\/\/www.iemj.org\/en\/tarras-dave-1897-1989\/"},"wordCount":706,"publisher":{"@id":"https:\/\/www.iemj.org\/en\/#organization"},"image":{"@id":"https:\/\/www.iemj.org\/en\/tarras-dave-1897-1989\/#primaryimage"},"thumbnailUrl":"https:\/\/www.iemj.org\/wp-content\/uploads\/2012\/06\/logo-bio-Dave-Tarras-e1625473083910.jpg","articleSection":["Biographies"],"inLanguage":"en-US"},{"@type":"WebPage","@id":"https:\/\/www.iemj.org\/en\/tarras-dave-1897-1989\/","url":"https:\/\/www.iemj.org\/en\/tarras-dave-1897-1989\/","name":"Tarras, Dave (ca 1898-1989) - Institut Europ\u00e9en des Musiques Juives","isPartOf":{"@id":"https:\/\/www.iemj.org\/en\/#website"},"primaryImageOfPage":{"@id":"https:\/\/www.iemj.org\/en\/tarras-dave-1897-1989\/#primaryimage"},"image":{"@id":"https:\/\/www.iemj.org\/en\/tarras-dave-1897-1989\/#primaryimage"},"thumbnailUrl":"https:\/\/www.iemj.org\/wp-content\/uploads\/2012\/06\/logo-bio-Dave-Tarras-e1625473083910.jpg","datePublished":"2012-06-10T20:43:10+00:00","dateModified":"2022-04-07T08:41:32+00:00","breadcrumb":{"@id":"https:\/\/www.iemj.org\/en\/tarras-dave-1897-1989\/#breadcrumb"},"inLanguage":"en-US","potentialAction":[{"@type":"ReadAction","target":["https:\/\/www.iemj.org\/en\/tarras-dave-1897-1989\/"]}]},{"@type":"ImageObject","inLanguage":"en-US","@id":"https:\/\/www.iemj.org\/en\/tarras-dave-1897-1989\/#primaryimage","url":"https:\/\/www.iemj.org\/wp-content\/uploads\/2012\/06\/logo-bio-Dave-Tarras-e1625473083910.jpg","contentUrl":"https:\/\/www.iemj.org\/wp-content\/uploads\/2012\/06\/logo-bio-Dave-Tarras-e1625473083910.jpg","width":169,"height":218,"caption":"logo bio Dave Tarras"},{"@type":"BreadcrumbList","@id":"https:\/\/www.iemj.org\/en\/tarras-dave-1897-1989\/#breadcrumb","itemListElement":[{"@type":"ListItem","position":1,"name":"Accueil","item":"https:\/\/www.iemj.org\/en\/"},{"@type":"ListItem","position":2,"name":"Tarras, Dave (ca 1898-1989)"}]},{"@type":"WebSite","@id":"https:\/\/www.iemj.org\/en\/#website","url":"https:\/\/www.iemj.org\/en\/","name":"Institut Europ\u00e9en des Musiques Juives","description":"Des traditions musicales \u00e0 la port\u00e9e de tous","publisher":{"@id":"https:\/\/www.iemj.org\/en\/#organization"},"potentialAction":[{"@type":"SearchAction","target":{"@type":"EntryPoint","urlTemplate":"https:\/\/www.iemj.org\/en\/?s={search_term_string}"},"query-input":{"@type":"PropertyValueSpecification","valueRequired":true,"valueName":"search_term_string"}}],"inLanguage":"en-US"},{"@type":"Organization","@id":"https:\/\/www.iemj.org\/en\/#organization","name":"Institut Europ\u00e9en des Musiques Juives","url":"https:\/\/www.iemj.org\/en\/","logo":{"@type":"ImageObject","inLanguage":"en-US","@id":"https:\/\/www.iemj.org\/en\/#\/schema\/logo\/image\/","url":"https:\/\/www.iemj.org\/wp-content\/uploads\/2021\/09\/Logo-IEMJ-Paypal.jpg","contentUrl":"https:\/\/www.iemj.org\/wp-content\/uploads\/2021\/09\/Logo-IEMJ-Paypal.jpg","width":150,"height":50,"caption":"Institut Europ\u00e9en des Musiques Juives"},"image":{"@id":"https:\/\/www.iemj.org\/en\/#\/schema\/logo\/image\/"},"sameAs":["https:\/\/www.facebook.com\/MusiquesJuives\/","https:\/\/www.instagram.com\/musiquesjuives\/","https:\/\/www.youtube.com\/user\/musiquesjuives"]},{"@type":"Person","@id":"https:\/\/www.iemj.org\/en\/#\/schema\/person\/906134402c29d5c76e7b726261dd4bbd","name":"Herv\u00e9 Roten","image":{"@type":"ImageObject","inLanguage":"en-US","@id":"https:\/\/secure.gravatar.com\/avatar\/f96ad2db538a26481f18384936b5cd0610c92d390c4dc382209216d455f685ff?s=96&d=mm&r=g","url":"https:\/\/secure.gravatar.com\/avatar\/f96ad2db538a26481f18384936b5cd0610c92d390c4dc382209216d455f685ff?s=96&d=mm&r=g","contentUrl":"https:\/\/secure.gravatar.com\/avatar\/f96ad2db538a26481f18384936b5cd0610c92d390c4dc382209216d455f685ff?s=96&d=mm&r=g","caption":"Herv\u00e9 Roten"}}]}},"_links":{"self":[{"href":"https:\/\/www.iemj.org\/en\/wp-json\/wp\/v2\/posts\/53501","targetHints":{"allow":["GET"]}}],"collection":[{"href":"https:\/\/www.iemj.org\/en\/wp-json\/wp\/v2\/posts"}],"about":[{"href":"https:\/\/www.iemj.org\/en\/wp-json\/wp\/v2\/types\/post"}],"author":[{"embeddable":true,"href":"https:\/\/www.iemj.org\/en\/wp-json\/wp\/v2\/users\/1045"}],"replies":[{"embeddable":true,"href":"https:\/\/www.iemj.org\/en\/wp-json\/wp\/v2\/comments?post=53501"}],"version-history":[{"count":0,"href":"https:\/\/www.iemj.org\/en\/wp-json\/wp\/v2\/posts\/53501\/revisions"}],"wp:featuredmedia":[{"embeddable":true,"href":"https:\/\/www.iemj.org\/en\/wp-json\/wp\/v2\/media\/32112"}],"wp:attachment":[{"href":"https:\/\/www.iemj.org\/en\/wp-json\/wp\/v2\/media?parent=53501"}],"wp:term":[{"taxonomy":"category","embeddable":true,"href":"https:\/\/www.iemj.org\/en\/wp-json\/wp\/v2\/categories?post=53501"},{"taxonomy":"post_tag","embeddable":true,"href":"https:\/\/www.iemj.org\/en\/wp-json\/wp\/v2\/tags?post=53501"},{"taxonomy":"technique","embeddable":true,"href":"https:\/\/www.iemj.org\/en\/wp-json\/wp\/v2\/technique?post=53501"},{"taxonomy":"squelettes","embeddable":true,"href":"https:\/\/www.iemj.org\/en\/wp-json\/wp\/v2\/squelettes?post=53501"},{"taxonomy":"sujet","embeddable":true,"href":"https:\/\/www.iemj.org\/en\/wp-json\/wp\/v2\/sujet?post=53501"},{"taxonomy":"formation","embeddable":true,"href":"https:\/\/www.iemj.org\/en\/wp-json\/wp\/v2\/formation?post=53501"},{"taxonomy":"genre","embeddable":true,"href":"https:\/\/www.iemj.org\/en\/wp-json\/wp\/v2\/genre?post=53501"},{"taxonomy":"fonds","embeddable":true,"href":"https:\/\/www.iemj.org\/en\/wp-json\/wp\/v2\/fonds?post=53501"},{"taxonomy":"tradition","embeddable":true,"href":"https:\/\/www.iemj.org\/en\/wp-json\/wp\/v2\/tradition?post=53501"},{"taxonomy":"type-de-contenu","embeddable":true,"href":"https:\/\/www.iemj.org\/en\/wp-json\/wp\/v2\/type-de-contenu?post=53501"},{"taxonomy":"interprete-compositeur","embeddable":true,"href":"https:\/\/www.iemj.org\/en\/wp-json\/wp\/v2\/interprete-compositeur?post=53501"},{"taxonomy":"frise","embeddable":true,"href":"https:\/\/www.iemj.org\/en\/wp-json\/wp\/v2\/frise?post=53501"},{"taxonomy":"type-devenement","embeddable":true,"href":"https:\/\/www.iemj.org\/en\/wp-json\/wp\/v2\/type-devenement?post=53501"},{"taxonomy":"tableaux-liens-externes","embeddable":true,"href":"https:\/\/www.iemj.org\/en\/wp-json\/wp\/v2\/tableaux-liens-externes?post=53501"}],"curies":[{"name":"wp","href":"https:\/\/api.w.org\/{rel}","templated":true}]}}