{"id":53534,"date":"2017-02-21T16:53:31","date_gmt":"2017-02-21T15:53:31","guid":{"rendered":"https:\/\/www.iemj.org\/waldteufel-emile-1837-1915\/"},"modified":"2025-09-08T15:32:20","modified_gmt":"2025-09-08T13:32:20","slug":"waldteufel-emile-1837-1915","status":"publish","type":"post","link":"https:\/\/www.iemj.org\/en\/waldteufel-emile-1837-1915\/","title":{"rendered":"Waldteufel, Emile (1837-1915)"},"content":{"rendered":"<p><strong>Born into a Jewish family of Strasbourg, Emile Waldteufel was the favorite composer of empress Eug\u00e9nie. He wrote hundreds of waltzes, including the famous\u00a0<em>Valse des patineurs (The Skater\u2019s Waltz)<\/em>\u00a0that all Europe whistled\u2026<\/strong><\/p>\n<p><em>La Valse des patineurs (The Skater\u2019s Waltz)<\/em>\u00a0is one of the most famous waltzes in the world. Many people think Johan Strauss wrote it. But they are wrong!\u00a0<em>The Skater\u2019s Waltz<\/em>\u00a0was written by Emile Waldteufel, French musician born in Strasbourg in 1837 into a Jewish family. His grand-father, Moyse L\u00e9vy was a traveling musician in Bischheim (Alsace).<br \/>Due to the Napoleonian decree of July 28th 1808 forcing all the Jews to have a \u201cdefinite name\u201d in order to facilitate their survey and civil-state registry, Moyse L\u00e9vy chose to be called Waldteufel.<br \/>One of his sons, Lazare L\u00e9vy aka Louis Waldteufel (1801-1884), fiddler and conductor, had four sons: Achille (1830-?), Isaac (1832-1884), called L\u00e9on, court conductor for balls, and Charles-Emile (1837-1915), called Emile, who was the most famous and prolific composer of the family.<\/p>\n<p>In 1844, his family went to Paris in order for L\u00e9on to learn violin in the Conservatory. Then it was Emile, from 1853 to 1857, who was enrolled to learn the piano; Jules Massenet and Georges Bizet were his classmates. Waldteufel, like many other pianists during that time, composed his works on the piano, but with the potential for future orchestration depending on for which kind of performance it would be used (private salons, ballrooms or outside balls).<\/p>\n<p>During the Second Empire, Waldteufel wrote many dances which made him known. In 1865, particularly liked by Eug\u00e9nie, he became director of dance music of the imperial court of Napoleon III and the entitled pianist of the empress. He was put in charge of the famous dance evenings of Biarritz and Compi\u00e8gne. From 1867 on, Waldteufel\u2019s orchestra performed for the balls in the Tuileries Garden, following the practice of <a href=\"https:\/\/www.iemj.org\/en\/strauss-isaac-1806-1888\/\" target=\"_blank\" rel=\"noopener\">Isaac Strauss<\/a>.<\/p>\n<p>In 1874, he got noticed by the Prince of Wales, the future Edward VII, who gave him the opportunity to become known in Great-Britain. He then signed a contract with the editing company of London Hopwood &amp; Crew which allowed him to be played during the balls of Queen Victoria at the Buckingham Palace. His music was at the top of the programs for many years.\u00a0<em>The Skater\u2019s Waltz<\/em>\u00a0(1882) gave him an international fame, and he was then played in London, Berlin and Paris with great success until the beginning of the 20th century.<\/p>\n<p>Waldteufel\u2019s music is defined by a melodic pattern in the tradition of French composers of the time such as Gounod, Saint-Sa\u00ebns or Bizet. His inspiration went from comical operas by Audran, Lacome or\u00a0<a href=\"https:\/\/www.iemj.org\/en\/offenbach-jacques-1819-1880\/\" target=\"_blank\" rel=\"noopener\">Offenbach<\/a>\u00a0to more popular Bavarian music (that he knew from his mother) or Bohemian folklore. His abundant work mainly contains music for dancing: waltzes, polkas and mazurkas, as well as several melodies that had made his reputation.<\/p>\n<p><a href=\"https:\/\/en.wikipedia.org\/wiki\/%C3%89mile_Waldteufel\" target=\"_blank\" rel=\"noopener\">Excerpts of this biography were taken from Wikipedia<\/a><\/p>\n<p><a href=\"https:\/\/www.youtube.com\/watch?v=x5Lu7G3-7dE&amp;list=PL6667C38EDFC072AB\">Listen to the music of Waldteufel on YouTube<\/a><\/p>\n<p><a href=\"https:\/\/www.iemj.org\/en\/classique-vous-avez-dit-classique-emile-waldteufel\/\">Listen to the radio show dedicated to Emile Waldteufel, hosted by Laure Schnapper<\/a><\/p>\n<p><a href=\"http:\/\/www.rachelnet.net\/F\/?func=find-c&amp;ccl_term=WRD+%3D+Waldteufel+Emile+&amp;local_base=iemcg\">Browse our archives on Emile Waldteufel<\/a><\/p>\n\n\n<figure class=\"wp-block-embed is-type-video is-provider-youtube wp-block-embed-youtube wp-embed-aspect-16-9 wp-has-aspect-ratio\"><div class=\"wp-block-embed__wrapper\">\n<iframe title=\"Toujours ou jamais, valse Emile Waldteufel - Concert promenade du nouvel an 2014\" width=\"640\" height=\"360\" src=\"https:\/\/www.youtube.com\/embed\/RB-nXJHMdOA?feature=oembed\" frameborder=\"0\" allow=\"accelerometer; autoplay; clipboard-write; encrypted-media; gyroscope; picture-in-picture; web-share\" referrerpolicy=\"strict-origin-when-cross-origin\" allowfullscreen><\/iframe>\n<\/div><figcaption class=\"wp-element-caption\"><strong>Valse Toujours ou jamais by Emile Waldteufel, performed by the Eug\u00e9nie Orchestra<\/strong><\/figcaption><\/figure>\n\n\n\n<h2 class=\"wp-block-heading\"><\/h2>\n\n\n<div class=\"wp-block-image\">\n<figure class=\"aligncenter size-large\"><img fetchpriority=\"high\" decoding=\"async\" width=\"1024\" height=\"133\" src=\"https:\/\/www.iemj.org\/wp-content\/uploads\/2024\/03\/AUDIO-PLAYER-1024x133.png\" alt=\"\" class=\"wp-image-110607\" srcset=\"https:\/\/www.iemj.org\/wp-content\/uploads\/2024\/03\/AUDIO-PLAYER-1024x133.png 1024w, https:\/\/www.iemj.org\/wp-content\/uploads\/2024\/03\/AUDIO-PLAYER-300x39.png 300w, https:\/\/www.iemj.org\/wp-content\/uploads\/2024\/03\/AUDIO-PLAYER-768x100.png 768w, https:\/\/www.iemj.org\/wp-content\/uploads\/2024\/03\/AUDIO-PLAYER-600x78.png 600w, https:\/\/www.iemj.org\/wp-content\/uploads\/2024\/03\/AUDIO-PLAYER.png 1210w\" sizes=\"(max-width: 1024px) 100vw, 1024px\" \/><\/figure>\n<\/div>\n\n\n<div class=\"wp-block-file\"><a href=\"https:\/\/www.iemj.org\/wp-content\/uploads\/2017\/02\/emile_waldteufel_-_presentation_par_alexandre_sorel.mp3\">Emile Waldteufel &#8211; Pr\u00e9sentation par Alexandre Sorel<\/a><\/div>\n\n\n\n<div class=\"wp-block-file\"><a href=\"https:\/\/www.iemj.org\/wp-content\/uploads\/2017\/02\/les_patineurs_extrait_-_emile_waldteufel-2.mp3\">Les patineurs (EXTRAIT) &#8211; Emile Waldteufel<\/a><\/div>\n\n\n\n<div class=\"wp-block-file\"><a href=\"https:\/\/www.iemj.org\/wp-content\/uploads\/2017\/02\/amour_et_printemps_extrait_-_emile_waldteufel.mp3\">Amour et printemps (EXTRAIT) &#8211; Emile Waldteufel<\/a><\/div>\n\n\n\n<div class=\"wp-block-file\"><a href=\"https:\/\/www.iemj.org\/wp-content\/uploads\/2017\/02\/estudiantina_extrait_-_emile_waldteufel.mp3\">Estudianta (EXTRAIT) &#8211; Emile Waldteufel<\/a><\/div>\n","protected":false},"excerpt":{"rendered":"<p>Born into a Jewish family of Strasbourg, Emile Waldteufel was the favorite composer of empress Eug\u00e9nie. He wrote hundreds of waltzes, including the famous\u00a0Valse des patineurs (The Skater\u2019s Waltz)\u00a0that all<\/p>\n","protected":false},"author":1052,"featured_media":34577,"comment_status":"closed","ping_status":"closed","sticky":false,"template":"","format":"standard","meta":{"_acf_changed":false,"footnotes":""},"categories":[903],"tags":[],"technique":[],"squelettes":[],"sujet":[],"formation":[],"genre":[1117],"fonds":[],"tradition":[],"type-de-contenu":[],"interprete-compositeur":[3318],"frise":[],"type-devenement":[],"tableaux-liens-externes":[],"class_list":["post-53534","post","type-post","status-publish","format-standard","has-post-thumbnail","hentry","category-biographies-en","genre-classical-music","interprete-compositeur-emile-waldteufel-en"],"acf":[],"yoast_head":"<!-- This site is optimized with the Yoast SEO plugin v27.3 - https:\/\/yoast.com\/product\/yoast-seo-wordpress\/ -->\n<title>Waldteufel, Emile (1837-1915) - Institut Europ\u00e9en des Musiques Juives<\/title>\n<meta name=\"robots\" content=\"index, follow, max-snippet:-1, max-image-preview:large, max-video-preview:-1\" \/>\n<link rel=\"canonical\" href=\"https:\/\/www.iemj.org\/en\/waldteufel-emile-1837-1915\/\" \/>\n<meta property=\"og:locale\" content=\"en_US\" \/>\n<meta property=\"og:type\" content=\"article\" \/>\n<meta property=\"og:title\" content=\"Waldteufel, Emile (1837-1915) - Institut Europ\u00e9en des Musiques Juives\" \/>\n<meta property=\"og:description\" content=\"Born into a Jewish family of Strasbourg, Emile Waldteufel was the favorite composer of empress Eug\u00e9nie. He wrote hundreds of waltzes, including the famous\u00a0Valse des patineurs (The Skater\u2019s Waltz)\u00a0that all\" \/>\n<meta property=\"og:url\" content=\"https:\/\/www.iemj.org\/en\/waldteufel-emile-1837-1915\/\" \/>\n<meta property=\"og:site_name\" content=\"Institut Europ\u00e9en des Musiques Juives\" \/>\n<meta property=\"article:publisher\" content=\"https:\/\/www.facebook.com\/MusiquesJuives\/\" \/>\n<meta property=\"article:published_time\" content=\"2017-02-21T15:53:31+00:00\" \/>\n<meta property=\"article:modified_time\" content=\"2025-09-08T13:32:20+00:00\" \/>\n<meta property=\"og:image\" content=\"https:\/\/www.iemj.org\/wp-content\/uploads\/2017\/02\/logo-bio-Emile-Waldteufel-nv-site.jpg\" \/>\n\t<meta property=\"og:image:width\" content=\"169\" \/>\n\t<meta property=\"og:image:height\" content=\"218\" \/>\n\t<meta property=\"og:image:type\" content=\"image\/jpeg\" \/>\n<meta name=\"author\" content=\"Lea Couderc\" \/>\n<meta name=\"twitter:card\" content=\"summary_large_image\" \/>\n<meta name=\"twitter:label1\" content=\"Written by\" \/>\n\t<meta name=\"twitter:data1\" content=\"Lea Couderc\" \/>\n\t<meta name=\"twitter:label2\" content=\"Est. reading time\" \/>\n\t<meta name=\"twitter:data2\" content=\"4 minutes\" \/>\n<script type=\"application\/ld+json\" class=\"yoast-schema-graph\">{\"@context\":\"https:\\\/\\\/schema.org\",\"@graph\":[{\"@type\":\"Article\",\"@id\":\"https:\\\/\\\/www.iemj.org\\\/en\\\/waldteufel-emile-1837-1915\\\/#article\",\"isPartOf\":{\"@id\":\"https:\\\/\\\/www.iemj.org\\\/en\\\/waldteufel-emile-1837-1915\\\/\"},\"author\":{\"name\":\"Lea Couderc\",\"@id\":\"https:\\\/\\\/www.iemj.org\\\/en\\\/#\\\/schema\\\/person\\\/e2ad57f2c4be119c7ed8ab79036807a9\"},\"headline\":\"Waldteufel, Emile (1837-1915)\",\"datePublished\":\"2017-02-21T15:53:31+00:00\",\"dateModified\":\"2025-09-08T13:32:20+00:00\",\"mainEntityOfPage\":{\"@id\":\"https:\\\/\\\/www.iemj.org\\\/en\\\/waldteufel-emile-1837-1915\\\/\"},\"wordCount\":569,\"publisher\":{\"@id\":\"https:\\\/\\\/www.iemj.org\\\/en\\\/#organization\"},\"image\":{\"@id\":\"https:\\\/\\\/www.iemj.org\\\/en\\\/waldteufel-emile-1837-1915\\\/#primaryimage\"},\"thumbnailUrl\":\"https:\\\/\\\/www.iemj.org\\\/wp-content\\\/uploads\\\/2017\\\/02\\\/logo-bio-Emile-Waldteufel-nv-site.jpg\",\"articleSection\":[\"Biographies\"],\"inLanguage\":\"en-US\"},{\"@type\":\"WebPage\",\"@id\":\"https:\\\/\\\/www.iemj.org\\\/en\\\/waldteufel-emile-1837-1915\\\/\",\"url\":\"https:\\\/\\\/www.iemj.org\\\/en\\\/waldteufel-emile-1837-1915\\\/\",\"name\":\"Waldteufel, Emile (1837-1915) - Institut Europ\u00e9en des Musiques Juives\",\"isPartOf\":{\"@id\":\"https:\\\/\\\/www.iemj.org\\\/en\\\/#website\"},\"primaryImageOfPage\":{\"@id\":\"https:\\\/\\\/www.iemj.org\\\/en\\\/waldteufel-emile-1837-1915\\\/#primaryimage\"},\"image\":{\"@id\":\"https:\\\/\\\/www.iemj.org\\\/en\\\/waldteufel-emile-1837-1915\\\/#primaryimage\"},\"thumbnailUrl\":\"https:\\\/\\\/www.iemj.org\\\/wp-content\\\/uploads\\\/2017\\\/02\\\/logo-bio-Emile-Waldteufel-nv-site.jpg\",\"datePublished\":\"2017-02-21T15:53:31+00:00\",\"dateModified\":\"2025-09-08T13:32:20+00:00\",\"breadcrumb\":{\"@id\":\"https:\\\/\\\/www.iemj.org\\\/en\\\/waldteufel-emile-1837-1915\\\/#breadcrumb\"},\"inLanguage\":\"en-US\",\"potentialAction\":[{\"@type\":\"ReadAction\",\"target\":[\"https:\\\/\\\/www.iemj.org\\\/en\\\/waldteufel-emile-1837-1915\\\/\"]}]},{\"@type\":\"ImageObject\",\"inLanguage\":\"en-US\",\"@id\":\"https:\\\/\\\/www.iemj.org\\\/en\\\/waldteufel-emile-1837-1915\\\/#primaryimage\",\"url\":\"https:\\\/\\\/www.iemj.org\\\/wp-content\\\/uploads\\\/2017\\\/02\\\/logo-bio-Emile-Waldteufel-nv-site.jpg\",\"contentUrl\":\"https:\\\/\\\/www.iemj.org\\\/wp-content\\\/uploads\\\/2017\\\/02\\\/logo-bio-Emile-Waldteufel-nv-site.jpg\",\"width\":169,\"height\":218,\"caption\":\"logo bio Elsa Barraine\"},{\"@type\":\"BreadcrumbList\",\"@id\":\"https:\\\/\\\/www.iemj.org\\\/en\\\/waldteufel-emile-1837-1915\\\/#breadcrumb\",\"itemListElement\":[{\"@type\":\"ListItem\",\"position\":1,\"name\":\"Accueil\",\"item\":\"https:\\\/\\\/www.iemj.org\\\/en\\\/\"},{\"@type\":\"ListItem\",\"position\":2,\"name\":\"Waldteufel, Emile (1837-1915)\"}]},{\"@type\":\"WebSite\",\"@id\":\"https:\\\/\\\/www.iemj.org\\\/en\\\/#website\",\"url\":\"https:\\\/\\\/www.iemj.org\\\/en\\\/\",\"name\":\"Institut Europ\u00e9en des Musiques Juives\",\"description\":\"Des traditions musicales \u00e0 la port\u00e9e de tous\",\"publisher\":{\"@id\":\"https:\\\/\\\/www.iemj.org\\\/en\\\/#organization\"},\"potentialAction\":[{\"@type\":\"SearchAction\",\"target\":{\"@type\":\"EntryPoint\",\"urlTemplate\":\"https:\\\/\\\/www.iemj.org\\\/en\\\/?s={search_term_string}\"},\"query-input\":{\"@type\":\"PropertyValueSpecification\",\"valueRequired\":true,\"valueName\":\"search_term_string\"}}],\"inLanguage\":\"en-US\"},{\"@type\":\"Organization\",\"@id\":\"https:\\\/\\\/www.iemj.org\\\/en\\\/#organization\",\"name\":\"Institut Europ\u00e9en des Musiques Juives\",\"url\":\"https:\\\/\\\/www.iemj.org\\\/en\\\/\",\"logo\":{\"@type\":\"ImageObject\",\"inLanguage\":\"en-US\",\"@id\":\"https:\\\/\\\/www.iemj.org\\\/en\\\/#\\\/schema\\\/logo\\\/image\\\/\",\"url\":\"https:\\\/\\\/www.iemj.org\\\/wp-content\\\/uploads\\\/2021\\\/09\\\/Logo-IEMJ-Paypal.jpg\",\"contentUrl\":\"https:\\\/\\\/www.iemj.org\\\/wp-content\\\/uploads\\\/2021\\\/09\\\/Logo-IEMJ-Paypal.jpg\",\"width\":150,\"height\":50,\"caption\":\"Institut Europ\u00e9en des Musiques Juives\"},\"image\":{\"@id\":\"https:\\\/\\\/www.iemj.org\\\/en\\\/#\\\/schema\\\/logo\\\/image\\\/\"},\"sameAs\":[\"https:\\\/\\\/www.facebook.com\\\/MusiquesJuives\\\/\",\"https:\\\/\\\/www.instagram.com\\\/musiquesjuives\\\/\",\"https:\\\/\\\/www.youtube.com\\\/user\\\/musiquesjuives\"]},{\"@type\":\"Person\",\"@id\":\"https:\\\/\\\/www.iemj.org\\\/en\\\/#\\\/schema\\\/person\\\/e2ad57f2c4be119c7ed8ab79036807a9\",\"name\":\"Lea Couderc\",\"image\":{\"@type\":\"ImageObject\",\"inLanguage\":\"en-US\",\"@id\":\"https:\\\/\\\/secure.gravatar.com\\\/avatar\\\/46ee021475d60aeff17a7e490b79dea5a5684bb392ab7fd1494027411df8ba23?s=96&d=mm&r=g\",\"url\":\"https:\\\/\\\/secure.gravatar.com\\\/avatar\\\/46ee021475d60aeff17a7e490b79dea5a5684bb392ab7fd1494027411df8ba23?s=96&d=mm&r=g\",\"contentUrl\":\"https:\\\/\\\/secure.gravatar.com\\\/avatar\\\/46ee021475d60aeff17a7e490b79dea5a5684bb392ab7fd1494027411df8ba23?s=96&d=mm&r=g\",\"caption\":\"Lea Couderc\"}}]}<\/script>\n<!-- \/ Yoast SEO plugin. -->","yoast_head_json":{"title":"Waldteufel, Emile (1837-1915) - Institut Europ\u00e9en des Musiques Juives","robots":{"index":"index","follow":"follow","max-snippet":"max-snippet:-1","max-image-preview":"max-image-preview:large","max-video-preview":"max-video-preview:-1"},"canonical":"https:\/\/www.iemj.org\/en\/waldteufel-emile-1837-1915\/","og_locale":"en_US","og_type":"article","og_title":"Waldteufel, Emile (1837-1915) - Institut Europ\u00e9en des Musiques Juives","og_description":"Born into a Jewish family of Strasbourg, Emile Waldteufel was the favorite composer of empress Eug\u00e9nie. He wrote hundreds of waltzes, including the famous\u00a0Valse des patineurs (The Skater\u2019s Waltz)\u00a0that all","og_url":"https:\/\/www.iemj.org\/en\/waldteufel-emile-1837-1915\/","og_site_name":"Institut Europ\u00e9en des Musiques Juives","article_publisher":"https:\/\/www.facebook.com\/MusiquesJuives\/","article_published_time":"2017-02-21T15:53:31+00:00","article_modified_time":"2025-09-08T13:32:20+00:00","og_image":[{"width":169,"height":218,"url":"https:\/\/www.iemj.org\/wp-content\/uploads\/2017\/02\/logo-bio-Emile-Waldteufel-nv-site.jpg","type":"image\/jpeg"}],"author":"Lea Couderc","twitter_card":"summary_large_image","twitter_misc":{"Written by":"Lea Couderc","Est. reading time":"4 minutes"},"schema":{"@context":"https:\/\/schema.org","@graph":[{"@type":"Article","@id":"https:\/\/www.iemj.org\/en\/waldteufel-emile-1837-1915\/#article","isPartOf":{"@id":"https:\/\/www.iemj.org\/en\/waldteufel-emile-1837-1915\/"},"author":{"name":"Lea Couderc","@id":"https:\/\/www.iemj.org\/en\/#\/schema\/person\/e2ad57f2c4be119c7ed8ab79036807a9"},"headline":"Waldteufel, Emile (1837-1915)","datePublished":"2017-02-21T15:53:31+00:00","dateModified":"2025-09-08T13:32:20+00:00","mainEntityOfPage":{"@id":"https:\/\/www.iemj.org\/en\/waldteufel-emile-1837-1915\/"},"wordCount":569,"publisher":{"@id":"https:\/\/www.iemj.org\/en\/#organization"},"image":{"@id":"https:\/\/www.iemj.org\/en\/waldteufel-emile-1837-1915\/#primaryimage"},"thumbnailUrl":"https:\/\/www.iemj.org\/wp-content\/uploads\/2017\/02\/logo-bio-Emile-Waldteufel-nv-site.jpg","articleSection":["Biographies"],"inLanguage":"en-US"},{"@type":"WebPage","@id":"https:\/\/www.iemj.org\/en\/waldteufel-emile-1837-1915\/","url":"https:\/\/www.iemj.org\/en\/waldteufel-emile-1837-1915\/","name":"Waldteufel, Emile (1837-1915) - Institut Europ\u00e9en des Musiques Juives","isPartOf":{"@id":"https:\/\/www.iemj.org\/en\/#website"},"primaryImageOfPage":{"@id":"https:\/\/www.iemj.org\/en\/waldteufel-emile-1837-1915\/#primaryimage"},"image":{"@id":"https:\/\/www.iemj.org\/en\/waldteufel-emile-1837-1915\/#primaryimage"},"thumbnailUrl":"https:\/\/www.iemj.org\/wp-content\/uploads\/2017\/02\/logo-bio-Emile-Waldteufel-nv-site.jpg","datePublished":"2017-02-21T15:53:31+00:00","dateModified":"2025-09-08T13:32:20+00:00","breadcrumb":{"@id":"https:\/\/www.iemj.org\/en\/waldteufel-emile-1837-1915\/#breadcrumb"},"inLanguage":"en-US","potentialAction":[{"@type":"ReadAction","target":["https:\/\/www.iemj.org\/en\/waldteufel-emile-1837-1915\/"]}]},{"@type":"ImageObject","inLanguage":"en-US","@id":"https:\/\/www.iemj.org\/en\/waldteufel-emile-1837-1915\/#primaryimage","url":"https:\/\/www.iemj.org\/wp-content\/uploads\/2017\/02\/logo-bio-Emile-Waldteufel-nv-site.jpg","contentUrl":"https:\/\/www.iemj.org\/wp-content\/uploads\/2017\/02\/logo-bio-Emile-Waldteufel-nv-site.jpg","width":169,"height":218,"caption":"logo bio Elsa Barraine"},{"@type":"BreadcrumbList","@id":"https:\/\/www.iemj.org\/en\/waldteufel-emile-1837-1915\/#breadcrumb","itemListElement":[{"@type":"ListItem","position":1,"name":"Accueil","item":"https:\/\/www.iemj.org\/en\/"},{"@type":"ListItem","position":2,"name":"Waldteufel, Emile (1837-1915)"}]},{"@type":"WebSite","@id":"https:\/\/www.iemj.org\/en\/#website","url":"https:\/\/www.iemj.org\/en\/","name":"Institut Europ\u00e9en des Musiques Juives","description":"Des traditions musicales \u00e0 la port\u00e9e de tous","publisher":{"@id":"https:\/\/www.iemj.org\/en\/#organization"},"potentialAction":[{"@type":"SearchAction","target":{"@type":"EntryPoint","urlTemplate":"https:\/\/www.iemj.org\/en\/?s={search_term_string}"},"query-input":{"@type":"PropertyValueSpecification","valueRequired":true,"valueName":"search_term_string"}}],"inLanguage":"en-US"},{"@type":"Organization","@id":"https:\/\/www.iemj.org\/en\/#organization","name":"Institut Europ\u00e9en des Musiques Juives","url":"https:\/\/www.iemj.org\/en\/","logo":{"@type":"ImageObject","inLanguage":"en-US","@id":"https:\/\/www.iemj.org\/en\/#\/schema\/logo\/image\/","url":"https:\/\/www.iemj.org\/wp-content\/uploads\/2021\/09\/Logo-IEMJ-Paypal.jpg","contentUrl":"https:\/\/www.iemj.org\/wp-content\/uploads\/2021\/09\/Logo-IEMJ-Paypal.jpg","width":150,"height":50,"caption":"Institut Europ\u00e9en des Musiques Juives"},"image":{"@id":"https:\/\/www.iemj.org\/en\/#\/schema\/logo\/image\/"},"sameAs":["https:\/\/www.facebook.com\/MusiquesJuives\/","https:\/\/www.instagram.com\/musiquesjuives\/","https:\/\/www.youtube.com\/user\/musiquesjuives"]},{"@type":"Person","@id":"https:\/\/www.iemj.org\/en\/#\/schema\/person\/e2ad57f2c4be119c7ed8ab79036807a9","name":"Lea Couderc","image":{"@type":"ImageObject","inLanguage":"en-US","@id":"https:\/\/secure.gravatar.com\/avatar\/46ee021475d60aeff17a7e490b79dea5a5684bb392ab7fd1494027411df8ba23?s=96&d=mm&r=g","url":"https:\/\/secure.gravatar.com\/avatar\/46ee021475d60aeff17a7e490b79dea5a5684bb392ab7fd1494027411df8ba23?s=96&d=mm&r=g","contentUrl":"https:\/\/secure.gravatar.com\/avatar\/46ee021475d60aeff17a7e490b79dea5a5684bb392ab7fd1494027411df8ba23?s=96&d=mm&r=g","caption":"Lea Couderc"}}]}},"_links":{"self":[{"href":"https:\/\/www.iemj.org\/en\/wp-json\/wp\/v2\/posts\/53534","targetHints":{"allow":["GET"]}}],"collection":[{"href":"https:\/\/www.iemj.org\/en\/wp-json\/wp\/v2\/posts"}],"about":[{"href":"https:\/\/www.iemj.org\/en\/wp-json\/wp\/v2\/types\/post"}],"author":[{"embeddable":true,"href":"https:\/\/www.iemj.org\/en\/wp-json\/wp\/v2\/users\/1052"}],"replies":[{"embeddable":true,"href":"https:\/\/www.iemj.org\/en\/wp-json\/wp\/v2\/comments?post=53534"}],"version-history":[{"count":0,"href":"https:\/\/www.iemj.org\/en\/wp-json\/wp\/v2\/posts\/53534\/revisions"}],"wp:featuredmedia":[{"embeddable":true,"href":"https:\/\/www.iemj.org\/en\/wp-json\/wp\/v2\/media\/34577"}],"wp:attachment":[{"href":"https:\/\/www.iemj.org\/en\/wp-json\/wp\/v2\/media?parent=53534"}],"wp:term":[{"taxonomy":"category","embeddable":true,"href":"https:\/\/www.iemj.org\/en\/wp-json\/wp\/v2\/categories?post=53534"},{"taxonomy":"post_tag","embeddable":true,"href":"https:\/\/www.iemj.org\/en\/wp-json\/wp\/v2\/tags?post=53534"},{"taxonomy":"technique","embeddable":true,"href":"https:\/\/www.iemj.org\/en\/wp-json\/wp\/v2\/technique?post=53534"},{"taxonomy":"squelettes","embeddable":true,"href":"https:\/\/www.iemj.org\/en\/wp-json\/wp\/v2\/squelettes?post=53534"},{"taxonomy":"sujet","embeddable":true,"href":"https:\/\/www.iemj.org\/en\/wp-json\/wp\/v2\/sujet?post=53534"},{"taxonomy":"formation","embeddable":true,"href":"https:\/\/www.iemj.org\/en\/wp-json\/wp\/v2\/formation?post=53534"},{"taxonomy":"genre","embeddable":true,"href":"https:\/\/www.iemj.org\/en\/wp-json\/wp\/v2\/genre?post=53534"},{"taxonomy":"fonds","embeddable":true,"href":"https:\/\/www.iemj.org\/en\/wp-json\/wp\/v2\/fonds?post=53534"},{"taxonomy":"tradition","embeddable":true,"href":"https:\/\/www.iemj.org\/en\/wp-json\/wp\/v2\/tradition?post=53534"},{"taxonomy":"type-de-contenu","embeddable":true,"href":"https:\/\/www.iemj.org\/en\/wp-json\/wp\/v2\/type-de-contenu?post=53534"},{"taxonomy":"interprete-compositeur","embeddable":true,"href":"https:\/\/www.iemj.org\/en\/wp-json\/wp\/v2\/interprete-compositeur?post=53534"},{"taxonomy":"frise","embeddable":true,"href":"https:\/\/www.iemj.org\/en\/wp-json\/wp\/v2\/frise?post=53534"},{"taxonomy":"type-devenement","embeddable":true,"href":"https:\/\/www.iemj.org\/en\/wp-json\/wp\/v2\/type-devenement?post=53534"},{"taxonomy":"tableaux-liens-externes","embeddable":true,"href":"https:\/\/www.iemj.org\/en\/wp-json\/wp\/v2\/tableaux-liens-externes?post=53534"}],"curies":[{"name":"wp","href":"https:\/\/api.w.org\/{rel}","templated":true}]}}