{"id":53552,"date":"2016-03-29T16:12:04","date_gmt":"2016-03-29T14:12:04","guid":{"rendered":"https:\/\/www.iemj.org\/weill-kurt-1900-1950\/"},"modified":"2021-11-02T17:26:28","modified_gmt":"2021-11-02T16:26:28","slug":"weill-kurt-1900-1950","status":"publish","type":"post","link":"https:\/\/www.iemj.org\/en\/weill-kurt-1900-1950\/","title":{"rendered":"Weill, Kurt (1900-1950)"},"content":{"rendered":"<p>Kurt Julian Weill was born in Dessau on March 2, 1900. He was the third of four children of Emma Ackermann and Albert Weill, cantor in the synagogue of Dessau (from 1899 to 1919) and composer, mainly of liturgical music.<\/p>\n<p>His first composition essays go back to 1913. From 1915 to 1918, he took piano lessons, as well as harmony, composition and orchestration with Albert Bing, chief assistant in the Theatre of Dessau\u2019s court. In 1918, he started to study music at the graduate school (Hochschule) of Berlin. In December 1920, Kurt Weill entered the class of the composer and pianist Busoni, at the Arts Academy of Berlin. He became quickly one of the brightest and most radical students.<\/p>\n<p>Kurt Weill approached his opera projects in 1925 by relying on the revalorisation of the music\u2019s role in theatre, on the notion of Spiel (play). His first collaboration with Bertolt Brecht in 1927 (<em>The Threepenny Opera<\/em>) was essential for his future work. Engaged in a communist ideal, this encounter changed his way of writing. He said that he wanted to be the \u00ab Verdi of the poor \u00bb and led his avant-garde expressionist style towards realism. He thus created a new form of popular entertainment : half-way between theatre and opera, his music borrowed from jazz and to cabaret.<br>A pivotal moment for the composer came when he worked with the Austrian soprano Lotte Lenya, who became his muse and preferred performer. Inseparable, the two got married and the couple became a legend.<\/p>\n<p>In 1933, the Jewish origins of Kurt Weill forced him to flee France. On November 26, 1933, during a concert at the Pleyel Hall where excerpts from&nbsp;<em>Der Silbersee<\/em>&nbsp;were performed, the composer Florent Schmitt screamed \u00ab Long live Hitler ! \u00bb, supported by a part of the audience. Parisian newspapers went after Kurt Weill, in particular Lucien Rebatet who denounced the \u00ab Judeo-German virus \u00bb in his newspaper \u00ab Action fran\u00e7aise \u00bb.<\/p>\n<p>In September 1935, he left for the USA. A major work of the early years of exile was&nbsp;<em>Der Weg des Verheissung<\/em>\/<em>The Eternal Road<\/em>, a biblical piece, which presented the history of the Jewish people. A mixture of theatre, liturgy and opera. Kurt Weill then had successes on Broadway, in particular with&nbsp;<em>Lady in the Dark<\/em>&nbsp;and&nbsp;<em>One Touch of Venus<\/em>. From October 1941 on, he participated to the war effort by joining the organisation&nbsp;<em>Fight For Freedom<\/em>&nbsp;; he gave a civilian service as an air observer in 1942. He also created several works linked to the situation, in particular&nbsp;<em>We Will Never Die<\/em>, performed in New York and Los Angeles and broadcast over the radio. In 1943, he obtained American citizenship, something he had asked for since 1937.<\/p>\n<p>The most remarkable works of Weill\u2019s last creative time were the American opera&nbsp;<em>Street Scene<\/em>, which showed an interesting synthesis between European opera and American musical, and the musical tragedy&nbsp;<em>Lost in the Stars<\/em>, on the theme of the South African apartheid, with a certain African influence permeating the music.<br>Kurt Weill died of a heart attack on April 3, 1950 in New York, while he was working on the musical&nbsp;<em>Huckleberry Finn<\/em>, from Mark Twain\u2019s book.<\/p>\n<p>His contemporary, the composer Jean Wiener said about him: &#8220;What is unique and remarkable in Weill\u2019s music is that he knew how to write for everyone&#8230; but not like everyone does&#8230; &#8220;<\/p>\n<p>*Biography written by Herv\u00e9 Roten inspired by articles about Kurt Weill from <a href=\"http:\/\/www.francemusique.fr\/personne\/kurt-weill-0\">France Musique<\/a>,&nbsp;<a href=\"https:\/\/www.musicologie.org\/Biographies\/weill_kurt.html\">Musicologie.org<\/a>&nbsp;et&nbsp;<a href=\"https:\/\/en.wikipedia.org\/wiki\/Kurt_Weill\" target=\"_blank\" rel=\"noopener\">Wikip\u00e9dia<\/a>.<\/p>\n<p><a href=\"https:\/\/www.musicologie.org\/Biographies\/weill_kurt.html\"><strong>Biography, discography and catalogue of Kurt Weill\u2019s works<\/strong><\/a><\/p>\n<p><a href=\"https:\/\/www.iemj.org\/en\/kurt-weill-1900-1950\/\" target=\"_blank\" rel=\"noopener\">Listen to the playlist dedicated to Kurt Weill<\/a><\/p>\n<p><a href=\"http:\/\/www.rachelnet.net\/F\/?func=find-c&amp;ccl_term=WRD+%3D+Weill+Kurt+&amp;local_base=iemcg\">Browse our archives on Kurt Weill<\/a><\/p>\n\n\n<div class=\"wp-block-columns is-layout-flex wp-container-core-columns-is-layout-9d6595d7 wp-block-columns-is-layout-flex\">\n<div class=\"wp-block-column is-layout-flow wp-block-column-is-layout-flow\">\n<figure class=\"wp-block-embed is-type-video is-provider-youtube wp-block-embed-youtube wp-embed-aspect-4-3 wp-has-aspect-ratio\"><div class=\"wp-block-embed__wrapper\">\n<iframe title=\"Lotte Lenya sings Kurt Weill\" width=\"640\" height=\"480\" src=\"https:\/\/www.youtube.com\/embed\/1quSB7DceUw?feature=oembed\" frameborder=\"0\" allow=\"accelerometer; autoplay; clipboard-write; encrypted-media; gyroscope; picture-in-picture; web-share\" referrerpolicy=\"strict-origin-when-cross-origin\" allowfullscreen><\/iframe>\n<\/div><\/figure>\n\n\n\n<p>Lotte Lenya sings &#8220;Havana Song&#8221; (3:25) from the op\u00e9ra Mahagonny and &#8220;Surabaya Johnny&#8221; (5:20), from Happy End. Introduction by Aaron Copland who comments the opera in the 1920\u2019s.<\/p>\n<\/div>\n\n\n\n<div class=\"wp-block-column is-layout-flow wp-block-column-is-layout-flow\">\n<figure class=\"wp-block-embed is-type-video is-provider-youtube wp-block-embed-youtube wp-embed-aspect-4-3 wp-has-aspect-ratio\"><div class=\"wp-block-embed__wrapper\">\n<iframe title=\"Kurt Weill - Kleine Dreigroschenmusik, cinq extraits\" width=\"640\" height=\"480\" src=\"https:\/\/www.youtube.com\/embed\/xqFpOkSreLw?feature=oembed\" frameborder=\"0\" allow=\"accelerometer; autoplay; clipboard-write; encrypted-media; gyroscope; picture-in-picture; web-share\" referrerpolicy=\"strict-origin-when-cross-origin\" allowfullscreen><\/iframe>\n<\/div><\/figure>\n\n\n\n<p>In August1928, his opera Die Dreigroschenoper (The Threepenny Opera) knew a phenomenal success. Also, Kurt Weill decided to take the music of this opera and create a suite for small ensemble (twelve wind instruments with two saxophones, timbals, piano and percussion, and banjo).<\/p>\n<\/div>\n<\/div>\n\n\n\n<div class=\"wp-block-columns is-layout-flex wp-container-core-columns-is-layout-9d6595d7 wp-block-columns-is-layout-flex\">\n<div class=\"wp-block-column is-layout-flow wp-block-column-is-layout-flow\">\n<figure class=\"wp-block-embed is-type-video is-provider-youtube wp-block-embed-youtube wp-embed-aspect-4-3 wp-has-aspect-ratio\"><div class=\"wp-block-embed__wrapper\">\n<iframe title=\"Mack The Knife - Louis Armstrong &amp; Lotte Lenya\" width=\"640\" height=\"480\" src=\"https:\/\/www.youtube.com\/embed\/5362wt7-dEM?feature=oembed\" frameborder=\"0\" allow=\"accelerometer; autoplay; clipboard-write; encrypted-media; gyroscope; picture-in-picture; web-share\" referrerpolicy=\"strict-origin-when-cross-origin\" allowfullscreen><\/iframe>\n<\/div><\/figure>\n<\/div>\n\n\n\n<div class=\"wp-block-column is-layout-flow wp-block-column-is-layout-flow\"><\/div>\n<\/div>\n\n\n\n<div class=\"wp-block-columns is-layout-flex wp-container-core-columns-is-layout-9d6595d7 wp-block-columns-is-layout-flex\">\n<div class=\"wp-block-column is-layout-flow wp-block-column-is-layout-flow\"><\/div>\n<\/div>\n","protected":false},"excerpt":{"rendered":"<p>Kurt Julian Weill was born in Dessau on March 2, 1900. He was the third of four children of Emma Ackermann and Albert Weill, cantor in the synagogue of Dessau<\/p>\n","protected":false},"author":1045,"featured_media":9888,"comment_status":"closed","ping_status":"open","sticky":false,"template":"","format":"standard","meta":{"_acf_changed":false,"footnotes":""},"categories":[903],"tags":[],"technique":[],"squelettes":[],"sujet":[],"formation":[],"genre":[1117],"fonds":[],"tradition":[],"type-de-contenu":[],"interprete-compositeur":[3230],"frise":[],"type-devenement":[],"tableaux-liens-externes":[],"class_list":["post-53552","post","type-post","status-publish","format-standard","has-post-thumbnail","hentry","category-biographies-en","genre-classical-music","interprete-compositeur-kurt-weill-en-2"],"acf":[],"yoast_head":"<!-- This site is optimized with the Yoast SEO plugin v27.3 - https:\/\/yoast.com\/product\/yoast-seo-wordpress\/ -->\n<title>Weill, Kurt (1900-1950) - Institut Europ\u00e9en des Musiques Juives<\/title>\n<meta name=\"robots\" content=\"index, follow, max-snippet:-1, max-image-preview:large, max-video-preview:-1\" \/>\n<link rel=\"canonical\" href=\"https:\/\/www.iemj.org\/en\/weill-kurt-1900-1950\/\" \/>\n<meta property=\"og:locale\" content=\"en_US\" \/>\n<meta property=\"og:type\" content=\"article\" \/>\n<meta property=\"og:title\" content=\"Weill, Kurt (1900-1950) - Institut Europ\u00e9en des Musiques Juives\" \/>\n<meta property=\"og:description\" content=\"Kurt Julian Weill was born in Dessau on March 2, 1900. He was the third of four children of Emma Ackermann and Albert Weill, cantor in the synagogue of Dessau\" \/>\n<meta property=\"og:url\" content=\"https:\/\/www.iemj.org\/en\/weill-kurt-1900-1950\/\" \/>\n<meta property=\"og:site_name\" content=\"Institut Europ\u00e9en des Musiques Juives\" \/>\n<meta property=\"article:publisher\" content=\"https:\/\/www.facebook.com\/MusiquesJuives\/\" \/>\n<meta property=\"article:published_time\" content=\"2016-03-29T14:12:04+00:00\" \/>\n<meta property=\"article:modified_time\" content=\"2021-11-02T16:26:28+00:00\" \/>\n<meta property=\"og:image\" content=\"https:\/\/www.iemj.org\/wp-content\/uploads\/2016\/03\/arton1562-e1625475432876.jpg\" \/>\n\t<meta property=\"og:image:width\" content=\"264\" \/>\n\t<meta property=\"og:image:height\" content=\"218\" \/>\n\t<meta property=\"og:image:type\" content=\"image\/jpeg\" \/>\n<meta name=\"author\" content=\"Herv\u00e9 Roten\" \/>\n<meta name=\"twitter:card\" content=\"summary_large_image\" \/>\n<meta name=\"twitter:label1\" content=\"Written by\" \/>\n\t<meta name=\"twitter:data1\" content=\"Herv\u00e9 Roten\" \/>\n\t<meta name=\"twitter:label2\" content=\"Est. reading time\" \/>\n\t<meta name=\"twitter:data2\" content=\"3 minutes\" \/>\n<script type=\"application\/ld+json\" class=\"yoast-schema-graph\">{\"@context\":\"https:\\\/\\\/schema.org\",\"@graph\":[{\"@type\":\"Article\",\"@id\":\"https:\\\/\\\/www.iemj.org\\\/en\\\/weill-kurt-1900-1950\\\/#article\",\"isPartOf\":{\"@id\":\"https:\\\/\\\/www.iemj.org\\\/en\\\/weill-kurt-1900-1950\\\/\"},\"author\":{\"name\":\"Herv\u00e9 Roten\",\"@id\":\"https:\\\/\\\/www.iemj.org\\\/en\\\/#\\\/schema\\\/person\\\/906134402c29d5c76e7b726261dd4bbd\"},\"headline\":\"Weill, Kurt (1900-1950)\",\"datePublished\":\"2016-03-29T14:12:04+00:00\",\"dateModified\":\"2021-11-02T16:26:28+00:00\",\"mainEntityOfPage\":{\"@id\":\"https:\\\/\\\/www.iemj.org\\\/en\\\/weill-kurt-1900-1950\\\/\"},\"wordCount\":682,\"publisher\":{\"@id\":\"https:\\\/\\\/www.iemj.org\\\/en\\\/#organization\"},\"image\":{\"@id\":\"https:\\\/\\\/www.iemj.org\\\/en\\\/weill-kurt-1900-1950\\\/#primaryimage\"},\"thumbnailUrl\":\"https:\\\/\\\/www.iemj.org\\\/wp-content\\\/uploads\\\/2016\\\/03\\\/arton1562-e1625475432876.jpg\",\"articleSection\":[\"Biographies\"],\"inLanguage\":\"en-US\"},{\"@type\":\"WebPage\",\"@id\":\"https:\\\/\\\/www.iemj.org\\\/en\\\/weill-kurt-1900-1950\\\/\",\"url\":\"https:\\\/\\\/www.iemj.org\\\/en\\\/weill-kurt-1900-1950\\\/\",\"name\":\"Weill, Kurt (1900-1950) - Institut Europ\u00e9en des Musiques Juives\",\"isPartOf\":{\"@id\":\"https:\\\/\\\/www.iemj.org\\\/en\\\/#website\"},\"primaryImageOfPage\":{\"@id\":\"https:\\\/\\\/www.iemj.org\\\/en\\\/weill-kurt-1900-1950\\\/#primaryimage\"},\"image\":{\"@id\":\"https:\\\/\\\/www.iemj.org\\\/en\\\/weill-kurt-1900-1950\\\/#primaryimage\"},\"thumbnailUrl\":\"https:\\\/\\\/www.iemj.org\\\/wp-content\\\/uploads\\\/2016\\\/03\\\/arton1562-e1625475432876.jpg\",\"datePublished\":\"2016-03-29T14:12:04+00:00\",\"dateModified\":\"2021-11-02T16:26:28+00:00\",\"breadcrumb\":{\"@id\":\"https:\\\/\\\/www.iemj.org\\\/en\\\/weill-kurt-1900-1950\\\/#breadcrumb\"},\"inLanguage\":\"en-US\",\"potentialAction\":[{\"@type\":\"ReadAction\",\"target\":[\"https:\\\/\\\/www.iemj.org\\\/en\\\/weill-kurt-1900-1950\\\/\"]}]},{\"@type\":\"ImageObject\",\"inLanguage\":\"en-US\",\"@id\":\"https:\\\/\\\/www.iemj.org\\\/en\\\/weill-kurt-1900-1950\\\/#primaryimage\",\"url\":\"https:\\\/\\\/www.iemj.org\\\/wp-content\\\/uploads\\\/2016\\\/03\\\/arton1562-e1625475432876.jpg\",\"contentUrl\":\"https:\\\/\\\/www.iemj.org\\\/wp-content\\\/uploads\\\/2016\\\/03\\\/arton1562-e1625475432876.jpg\",\"width\":264,\"height\":218},{\"@type\":\"BreadcrumbList\",\"@id\":\"https:\\\/\\\/www.iemj.org\\\/en\\\/weill-kurt-1900-1950\\\/#breadcrumb\",\"itemListElement\":[{\"@type\":\"ListItem\",\"position\":1,\"name\":\"Accueil\",\"item\":\"https:\\\/\\\/www.iemj.org\\\/en\\\/\"},{\"@type\":\"ListItem\",\"position\":2,\"name\":\"Weill, Kurt (1900-1950)\"}]},{\"@type\":\"WebSite\",\"@id\":\"https:\\\/\\\/www.iemj.org\\\/en\\\/#website\",\"url\":\"https:\\\/\\\/www.iemj.org\\\/en\\\/\",\"name\":\"Institut Europ\u00e9en des Musiques Juives\",\"description\":\"Des traditions musicales \u00e0 la port\u00e9e de tous\",\"publisher\":{\"@id\":\"https:\\\/\\\/www.iemj.org\\\/en\\\/#organization\"},\"potentialAction\":[{\"@type\":\"SearchAction\",\"target\":{\"@type\":\"EntryPoint\",\"urlTemplate\":\"https:\\\/\\\/www.iemj.org\\\/en\\\/?s={search_term_string}\"},\"query-input\":{\"@type\":\"PropertyValueSpecification\",\"valueRequired\":true,\"valueName\":\"search_term_string\"}}],\"inLanguage\":\"en-US\"},{\"@type\":\"Organization\",\"@id\":\"https:\\\/\\\/www.iemj.org\\\/en\\\/#organization\",\"name\":\"Institut Europ\u00e9en des Musiques Juives\",\"url\":\"https:\\\/\\\/www.iemj.org\\\/en\\\/\",\"logo\":{\"@type\":\"ImageObject\",\"inLanguage\":\"en-US\",\"@id\":\"https:\\\/\\\/www.iemj.org\\\/en\\\/#\\\/schema\\\/logo\\\/image\\\/\",\"url\":\"https:\\\/\\\/www.iemj.org\\\/wp-content\\\/uploads\\\/2021\\\/09\\\/Logo-IEMJ-Paypal.jpg\",\"contentUrl\":\"https:\\\/\\\/www.iemj.org\\\/wp-content\\\/uploads\\\/2021\\\/09\\\/Logo-IEMJ-Paypal.jpg\",\"width\":150,\"height\":50,\"caption\":\"Institut Europ\u00e9en des Musiques Juives\"},\"image\":{\"@id\":\"https:\\\/\\\/www.iemj.org\\\/en\\\/#\\\/schema\\\/logo\\\/image\\\/\"},\"sameAs\":[\"https:\\\/\\\/www.facebook.com\\\/MusiquesJuives\\\/\",\"https:\\\/\\\/www.instagram.com\\\/musiquesjuives\\\/\",\"https:\\\/\\\/www.youtube.com\\\/user\\\/musiquesjuives\"]},{\"@type\":\"Person\",\"@id\":\"https:\\\/\\\/www.iemj.org\\\/en\\\/#\\\/schema\\\/person\\\/906134402c29d5c76e7b726261dd4bbd\",\"name\":\"Herv\u00e9 Roten\",\"image\":{\"@type\":\"ImageObject\",\"inLanguage\":\"en-US\",\"@id\":\"https:\\\/\\\/secure.gravatar.com\\\/avatar\\\/f96ad2db538a26481f18384936b5cd0610c92d390c4dc382209216d455f685ff?s=96&d=mm&r=g\",\"url\":\"https:\\\/\\\/secure.gravatar.com\\\/avatar\\\/f96ad2db538a26481f18384936b5cd0610c92d390c4dc382209216d455f685ff?s=96&d=mm&r=g\",\"contentUrl\":\"https:\\\/\\\/secure.gravatar.com\\\/avatar\\\/f96ad2db538a26481f18384936b5cd0610c92d390c4dc382209216d455f685ff?s=96&d=mm&r=g\",\"caption\":\"Herv\u00e9 Roten\"}}]}<\/script>\n<!-- \/ Yoast SEO plugin. -->","yoast_head_json":{"title":"Weill, Kurt (1900-1950) - Institut Europ\u00e9en des Musiques Juives","robots":{"index":"index","follow":"follow","max-snippet":"max-snippet:-1","max-image-preview":"max-image-preview:large","max-video-preview":"max-video-preview:-1"},"canonical":"https:\/\/www.iemj.org\/en\/weill-kurt-1900-1950\/","og_locale":"en_US","og_type":"article","og_title":"Weill, Kurt (1900-1950) - Institut Europ\u00e9en des Musiques Juives","og_description":"Kurt Julian Weill was born in Dessau on March 2, 1900. He was the third of four children of Emma Ackermann and Albert Weill, cantor in the synagogue of Dessau","og_url":"https:\/\/www.iemj.org\/en\/weill-kurt-1900-1950\/","og_site_name":"Institut Europ\u00e9en des Musiques Juives","article_publisher":"https:\/\/www.facebook.com\/MusiquesJuives\/","article_published_time":"2016-03-29T14:12:04+00:00","article_modified_time":"2021-11-02T16:26:28+00:00","og_image":[{"width":264,"height":218,"url":"https:\/\/www.iemj.org\/wp-content\/uploads\/2016\/03\/arton1562-e1625475432876.jpg","type":"image\/jpeg"}],"author":"Herv\u00e9 Roten","twitter_card":"summary_large_image","twitter_misc":{"Written by":"Herv\u00e9 Roten","Est. reading time":"3 minutes"},"schema":{"@context":"https:\/\/schema.org","@graph":[{"@type":"Article","@id":"https:\/\/www.iemj.org\/en\/weill-kurt-1900-1950\/#article","isPartOf":{"@id":"https:\/\/www.iemj.org\/en\/weill-kurt-1900-1950\/"},"author":{"name":"Herv\u00e9 Roten","@id":"https:\/\/www.iemj.org\/en\/#\/schema\/person\/906134402c29d5c76e7b726261dd4bbd"},"headline":"Weill, Kurt (1900-1950)","datePublished":"2016-03-29T14:12:04+00:00","dateModified":"2021-11-02T16:26:28+00:00","mainEntityOfPage":{"@id":"https:\/\/www.iemj.org\/en\/weill-kurt-1900-1950\/"},"wordCount":682,"publisher":{"@id":"https:\/\/www.iemj.org\/en\/#organization"},"image":{"@id":"https:\/\/www.iemj.org\/en\/weill-kurt-1900-1950\/#primaryimage"},"thumbnailUrl":"https:\/\/www.iemj.org\/wp-content\/uploads\/2016\/03\/arton1562-e1625475432876.jpg","articleSection":["Biographies"],"inLanguage":"en-US"},{"@type":"WebPage","@id":"https:\/\/www.iemj.org\/en\/weill-kurt-1900-1950\/","url":"https:\/\/www.iemj.org\/en\/weill-kurt-1900-1950\/","name":"Weill, Kurt (1900-1950) - Institut Europ\u00e9en des Musiques Juives","isPartOf":{"@id":"https:\/\/www.iemj.org\/en\/#website"},"primaryImageOfPage":{"@id":"https:\/\/www.iemj.org\/en\/weill-kurt-1900-1950\/#primaryimage"},"image":{"@id":"https:\/\/www.iemj.org\/en\/weill-kurt-1900-1950\/#primaryimage"},"thumbnailUrl":"https:\/\/www.iemj.org\/wp-content\/uploads\/2016\/03\/arton1562-e1625475432876.jpg","datePublished":"2016-03-29T14:12:04+00:00","dateModified":"2021-11-02T16:26:28+00:00","breadcrumb":{"@id":"https:\/\/www.iemj.org\/en\/weill-kurt-1900-1950\/#breadcrumb"},"inLanguage":"en-US","potentialAction":[{"@type":"ReadAction","target":["https:\/\/www.iemj.org\/en\/weill-kurt-1900-1950\/"]}]},{"@type":"ImageObject","inLanguage":"en-US","@id":"https:\/\/www.iemj.org\/en\/weill-kurt-1900-1950\/#primaryimage","url":"https:\/\/www.iemj.org\/wp-content\/uploads\/2016\/03\/arton1562-e1625475432876.jpg","contentUrl":"https:\/\/www.iemj.org\/wp-content\/uploads\/2016\/03\/arton1562-e1625475432876.jpg","width":264,"height":218},{"@type":"BreadcrumbList","@id":"https:\/\/www.iemj.org\/en\/weill-kurt-1900-1950\/#breadcrumb","itemListElement":[{"@type":"ListItem","position":1,"name":"Accueil","item":"https:\/\/www.iemj.org\/en\/"},{"@type":"ListItem","position":2,"name":"Weill, Kurt (1900-1950)"}]},{"@type":"WebSite","@id":"https:\/\/www.iemj.org\/en\/#website","url":"https:\/\/www.iemj.org\/en\/","name":"Institut Europ\u00e9en des Musiques Juives","description":"Des traditions musicales \u00e0 la port\u00e9e de tous","publisher":{"@id":"https:\/\/www.iemj.org\/en\/#organization"},"potentialAction":[{"@type":"SearchAction","target":{"@type":"EntryPoint","urlTemplate":"https:\/\/www.iemj.org\/en\/?s={search_term_string}"},"query-input":{"@type":"PropertyValueSpecification","valueRequired":true,"valueName":"search_term_string"}}],"inLanguage":"en-US"},{"@type":"Organization","@id":"https:\/\/www.iemj.org\/en\/#organization","name":"Institut Europ\u00e9en des Musiques Juives","url":"https:\/\/www.iemj.org\/en\/","logo":{"@type":"ImageObject","inLanguage":"en-US","@id":"https:\/\/www.iemj.org\/en\/#\/schema\/logo\/image\/","url":"https:\/\/www.iemj.org\/wp-content\/uploads\/2021\/09\/Logo-IEMJ-Paypal.jpg","contentUrl":"https:\/\/www.iemj.org\/wp-content\/uploads\/2021\/09\/Logo-IEMJ-Paypal.jpg","width":150,"height":50,"caption":"Institut Europ\u00e9en des Musiques Juives"},"image":{"@id":"https:\/\/www.iemj.org\/en\/#\/schema\/logo\/image\/"},"sameAs":["https:\/\/www.facebook.com\/MusiquesJuives\/","https:\/\/www.instagram.com\/musiquesjuives\/","https:\/\/www.youtube.com\/user\/musiquesjuives"]},{"@type":"Person","@id":"https:\/\/www.iemj.org\/en\/#\/schema\/person\/906134402c29d5c76e7b726261dd4bbd","name":"Herv\u00e9 Roten","image":{"@type":"ImageObject","inLanguage":"en-US","@id":"https:\/\/secure.gravatar.com\/avatar\/f96ad2db538a26481f18384936b5cd0610c92d390c4dc382209216d455f685ff?s=96&d=mm&r=g","url":"https:\/\/secure.gravatar.com\/avatar\/f96ad2db538a26481f18384936b5cd0610c92d390c4dc382209216d455f685ff?s=96&d=mm&r=g","contentUrl":"https:\/\/secure.gravatar.com\/avatar\/f96ad2db538a26481f18384936b5cd0610c92d390c4dc382209216d455f685ff?s=96&d=mm&r=g","caption":"Herv\u00e9 Roten"}}]}},"_links":{"self":[{"href":"https:\/\/www.iemj.org\/en\/wp-json\/wp\/v2\/posts\/53552","targetHints":{"allow":["GET"]}}],"collection":[{"href":"https:\/\/www.iemj.org\/en\/wp-json\/wp\/v2\/posts"}],"about":[{"href":"https:\/\/www.iemj.org\/en\/wp-json\/wp\/v2\/types\/post"}],"author":[{"embeddable":true,"href":"https:\/\/www.iemj.org\/en\/wp-json\/wp\/v2\/users\/1045"}],"replies":[{"embeddable":true,"href":"https:\/\/www.iemj.org\/en\/wp-json\/wp\/v2\/comments?post=53552"}],"version-history":[{"count":0,"href":"https:\/\/www.iemj.org\/en\/wp-json\/wp\/v2\/posts\/53552\/revisions"}],"wp:featuredmedia":[{"embeddable":true,"href":"https:\/\/www.iemj.org\/en\/wp-json\/wp\/v2\/media\/9888"}],"wp:attachment":[{"href":"https:\/\/www.iemj.org\/en\/wp-json\/wp\/v2\/media?parent=53552"}],"wp:term":[{"taxonomy":"category","embeddable":true,"href":"https:\/\/www.iemj.org\/en\/wp-json\/wp\/v2\/categories?post=53552"},{"taxonomy":"post_tag","embeddable":true,"href":"https:\/\/www.iemj.org\/en\/wp-json\/wp\/v2\/tags?post=53552"},{"taxonomy":"technique","embeddable":true,"href":"https:\/\/www.iemj.org\/en\/wp-json\/wp\/v2\/technique?post=53552"},{"taxonomy":"squelettes","embeddable":true,"href":"https:\/\/www.iemj.org\/en\/wp-json\/wp\/v2\/squelettes?post=53552"},{"taxonomy":"sujet","embeddable":true,"href":"https:\/\/www.iemj.org\/en\/wp-json\/wp\/v2\/sujet?post=53552"},{"taxonomy":"formation","embeddable":true,"href":"https:\/\/www.iemj.org\/en\/wp-json\/wp\/v2\/formation?post=53552"},{"taxonomy":"genre","embeddable":true,"href":"https:\/\/www.iemj.org\/en\/wp-json\/wp\/v2\/genre?post=53552"},{"taxonomy":"fonds","embeddable":true,"href":"https:\/\/www.iemj.org\/en\/wp-json\/wp\/v2\/fonds?post=53552"},{"taxonomy":"tradition","embeddable":true,"href":"https:\/\/www.iemj.org\/en\/wp-json\/wp\/v2\/tradition?post=53552"},{"taxonomy":"type-de-contenu","embeddable":true,"href":"https:\/\/www.iemj.org\/en\/wp-json\/wp\/v2\/type-de-contenu?post=53552"},{"taxonomy":"interprete-compositeur","embeddable":true,"href":"https:\/\/www.iemj.org\/en\/wp-json\/wp\/v2\/interprete-compositeur?post=53552"},{"taxonomy":"frise","embeddable":true,"href":"https:\/\/www.iemj.org\/en\/wp-json\/wp\/v2\/frise?post=53552"},{"taxonomy":"type-devenement","embeddable":true,"href":"https:\/\/www.iemj.org\/en\/wp-json\/wp\/v2\/type-devenement?post=53552"},{"taxonomy":"tableaux-liens-externes","embeddable":true,"href":"https:\/\/www.iemj.org\/en\/wp-json\/wp\/v2\/tableaux-liens-externes?post=53552"}],"curies":[{"name":"wp","href":"https:\/\/api.w.org\/{rel}","templated":true}]}}