{"id":53562,"date":"2014-06-03T12:17:27","date_gmt":"2014-06-03T10:17:27","guid":{"rendered":"https:\/\/www.iemj.org\/witler-ben-zion-1907-1961\/"},"modified":"2025-09-02T11:21:34","modified_gmt":"2025-09-02T09:21:34","slug":"witler-ben-zion-1907-1961","status":"publish","type":"post","link":"https:\/\/www.iemj.org\/en\/witler-ben-zion-1907-1961\/","title":{"rendered":"Witler, Ben-Zion (1907-1961)"},"content":{"rendered":"<p>Ben-Zion Witler (or Ben-Tsion Vitler, or also BenZion Wittler), was born in 1907 in Belz, in Galicia, and died in 1961. He was a singer, but also an actor and composer.<br \/>At the age of 6, he left Belz with his family, and went to Vienna, where he got a strict chassidic religious education. Fearing his family\u2019s reaction, he joined secretly under a pen-name the \u00ab Jewish Free Theatre \u00bb at the age of 12. He worked briefly as a journalist in the German Zionist weekly newspaper\u00a0<em>Wiener Morgenzeitung<\/em>, but in 1926, he returned to Vienna\u2019s stage to perform comedies and operettas. He also studied opera repertoire with Yulianovsky and Fuchs and participated in tours in Paris, London, and South Africa.<\/p>\n<p>In the middle of the 1930\u2019s, he spent three years in Poland, where he became the \u00ab audience favorite \u00bb. In 1937, he performed in Riga in the play\u00a0<em>A Khasene in Shtetl<\/em>\u00a0and in\u00a0<em>The Galician Wedding<\/em>\u00a0by William Siegel. Among many other roles and plays, we can mention\u00a0<em>Yanko the Gipsy, A Millionaire\u2019s Caprice, The American Litvak, The Brave Officer, The Bandit Gentleman, The Strength of Love, The Bride with Three Brothers, The Golden Bridegroom, The Threshold of Joy, It\u2019s Hard to be a Jew<\/em>\u00a0by Sholom Aleichem,\u00a0<em>The Dybbuck<\/em>\u00a0by Shalom Ansky,\u00a0<em>God, Man and Devil<\/em>\u00a0by Jacob Mikhailovich Gordin, and\u00a0<em>Yankel the Smith<\/em>\u00a0by David Pinski.<\/p>\n<p>From 1940 on, he performed in USA, in particular New York, in the Hopkinson theatre, in\u00a0<em>Forgotten Women<\/em>, by William Siegel, and in Chicago, in the Douglas theatre in\u00a0<em>A Golden Dream<\/em>, by the same author.<\/p>\n<p>In 1946, year of birth of another great man, he performed in Buenos Aires, Argentina, in the Mitre theatre, in\u00a0<em>Home Sweet Home<\/em>, by Kalmanovitsh. He performed with his wife, Shifra Lerer, an actress born in Argentina, until the 1950\u2019s, in North and South America, Israel and in South Africa.<\/p>\n<p>He recorded hundreds of songs, among which the most known :<\/p>\n<ul>\n<li>Gelibte<\/li>\n<li>Dzhankoye<\/li>\n<li>Varshe<\/li>\n<li>Akhtsik er, zibetsik zi<\/li>\n<li>Byalostok<\/li>\n<li>Mayn alte heym<\/li>\n<li>Oyfn veg shteyt a boym<\/li>\n<li>Leb un Lakh<\/li>\n<li>Krokhmalne Gas<\/li>\n<li>Zing, Brider, Zing!<\/li>\n<li>Belz\n<p><object width=\"640\" height=\"360\"><param name=\"movie\" value=\"\/\/www.youtube.com\/v\/TnMtVSzgbV4?hl=fr_FR&amp;version=3\" \/><param name=\"allowFullScreen\" value=\"true\" \/><param name=\"allowscriptaccess\" value=\"always\" \/><embed src=\"\/\/www.youtube.com\/v\/TnMtVSzgbV4?hl=fr_FR&amp;version=3\" type=\"application\/x-shockwave-flash\" allowscriptaccess=\"always\" allowfullscreen=\"allowfullscreen\" width=\"640\" height=\"360\" \/><\/object><\/p>\n<p><a href=\"http:\/\/www.rachelnet.net\/F\/?func=find-c&amp;ccl_term=WRD+%3D+Witler+BenZion&amp;local_base=iemcg\" target=\"_blank\" rel=\"noopener\">Browse our archives on Ben-Zion Witler<\/a><\/p>\n<\/li>\n<\/ul>\n\n<div class=\"wp-block-image\">\n<figure class=\"aligncenter size-large\"><img fetchpriority=\"high\" decoding=\"async\" width=\"1024\" height=\"133\" src=\"https:\/\/www.iemj.org\/wp-content\/uploads\/2024\/03\/AUDIO-PLAYER-1024x133.png\" alt=\"\" class=\"wp-image-110607\" srcset=\"https:\/\/www.iemj.org\/wp-content\/uploads\/2024\/03\/AUDIO-PLAYER-1024x133.png 1024w, https:\/\/www.iemj.org\/wp-content\/uploads\/2024\/03\/AUDIO-PLAYER-300x39.png 300w, https:\/\/www.iemj.org\/wp-content\/uploads\/2024\/03\/AUDIO-PLAYER-768x100.png 768w, https:\/\/www.iemj.org\/wp-content\/uploads\/2024\/03\/AUDIO-PLAYER-600x78.png 600w, https:\/\/www.iemj.org\/wp-content\/uploads\/2024\/03\/AUDIO-PLAYER.png 1210w\" sizes=\"(max-width: 1024px) 100vw, 1024px\" \/><\/figure>\n<\/div>\n\n\n<div class=\"wp-block-file\"><a href=\"https:\/\/www.iemj.org\/wp-content\/uploads\/2014\/06\/benzion_witler_-_80_er_70_zi.mp3\">80 er 70 zi<\/a><\/div>\n\n\n\n<div class=\"wp-block-file\"><a href=\"https:\/\/www.iemj.org\/wp-content\/uploads\/2014\/06\/benzion_witler-_malkele.mp3\">Malkele<\/a><\/div>\n","protected":false},"excerpt":{"rendered":"<p>Ben-Zion Witler (or Ben-Tsion Vitler, or also BenZion Wittler), was born in 1907 in Belz, in Galicia, and died in 1961. He was a singer, but also an actor and<\/p>\n","protected":false},"author":1050,"featured_media":6993,"comment_status":"closed","ping_status":"closed","sticky":false,"template":"","format":"standard","meta":{"_acf_changed":false,"footnotes":""},"categories":[903],"tags":[],"technique":[],"squelettes":[],"sujet":[],"formation":[],"genre":[1115],"fonds":[],"tradition":[],"type-de-contenu":[],"interprete-compositeur":[],"frise":[],"type-devenement":[],"tableaux-liens-externes":[],"class_list":["post-53562","post","type-post","status-publish","format-standard","has-post-thumbnail","hentry","category-biographies-en","genre-yiddish-en-2"],"acf":[],"yoast_head":"<!-- This site is optimized with the Yoast SEO plugin v27.3 - https:\/\/yoast.com\/product\/yoast-seo-wordpress\/ -->\n<title>Witler, Ben-Zion (1907-1961) - Institut Europ\u00e9en des Musiques Juives<\/title>\n<meta name=\"robots\" content=\"index, follow, max-snippet:-1, max-image-preview:large, max-video-preview:-1\" \/>\n<link rel=\"canonical\" href=\"https:\/\/www.iemj.org\/en\/witler-ben-zion-1907-1961\/\" \/>\n<meta property=\"og:locale\" content=\"en_US\" \/>\n<meta property=\"og:type\" content=\"article\" \/>\n<meta property=\"og:title\" content=\"Witler, Ben-Zion (1907-1961) - Institut Europ\u00e9en des Musiques Juives\" \/>\n<meta property=\"og:description\" content=\"Ben-Zion Witler (or Ben-Tsion Vitler, or also BenZion Wittler), was born in 1907 in Belz, in Galicia, and died in 1961. He was a singer, but also an actor and\" \/>\n<meta property=\"og:url\" content=\"https:\/\/www.iemj.org\/en\/witler-ben-zion-1907-1961\/\" \/>\n<meta property=\"og:site_name\" content=\"Institut Europ\u00e9en des Musiques Juives\" \/>\n<meta property=\"article:publisher\" content=\"https:\/\/www.facebook.com\/MusiquesJuives\/\" \/>\n<meta property=\"article:published_time\" content=\"2014-06-03T10:17:27+00:00\" \/>\n<meta property=\"article:modified_time\" content=\"2025-09-02T09:21:34+00:00\" \/>\n<meta property=\"og:image\" content=\"https:\/\/www.iemj.org\/wp-content\/uploads\/2014\/06\/arton888.jpg\" \/>\n\t<meta property=\"og:image:width\" content=\"238\" \/>\n\t<meta property=\"og:image:height\" content=\"212\" \/>\n\t<meta property=\"og:image:type\" content=\"image\/jpeg\" \/>\n<meta name=\"author\" content=\"ncochin\" \/>\n<meta name=\"twitter:card\" content=\"summary_large_image\" \/>\n<meta name=\"twitter:label1\" content=\"Written by\" \/>\n\t<meta name=\"twitter:data1\" content=\"ncochin\" \/>\n\t<meta name=\"twitter:label2\" content=\"Est. reading time\" \/>\n\t<meta name=\"twitter:data2\" content=\"3 minutes\" \/>\n<script type=\"application\/ld+json\" class=\"yoast-schema-graph\">{\"@context\":\"https:\\\/\\\/schema.org\",\"@graph\":[{\"@type\":\"Article\",\"@id\":\"https:\\\/\\\/www.iemj.org\\\/en\\\/witler-ben-zion-1907-1961\\\/#article\",\"isPartOf\":{\"@id\":\"https:\\\/\\\/www.iemj.org\\\/en\\\/witler-ben-zion-1907-1961\\\/\"},\"author\":{\"name\":\"ncochin\",\"@id\":\"https:\\\/\\\/www.iemj.org\\\/en\\\/#\\\/schema\\\/person\\\/f826ad11b0cd58dd99babe0a3fbcb86e\"},\"headline\":\"Witler, Ben-Zion (1907-1961)\",\"datePublished\":\"2014-06-03T10:17:27+00:00\",\"dateModified\":\"2025-09-02T09:21:34+00:00\",\"mainEntityOfPage\":{\"@id\":\"https:\\\/\\\/www.iemj.org\\\/en\\\/witler-ben-zion-1907-1961\\\/\"},\"wordCount\":356,\"publisher\":{\"@id\":\"https:\\\/\\\/www.iemj.org\\\/en\\\/#organization\"},\"image\":{\"@id\":\"https:\\\/\\\/www.iemj.org\\\/en\\\/witler-ben-zion-1907-1961\\\/#primaryimage\"},\"thumbnailUrl\":\"https:\\\/\\\/www.iemj.org\\\/wp-content\\\/uploads\\\/2014\\\/06\\\/arton888.jpg\",\"articleSection\":[\"Biographies\"],\"inLanguage\":\"en-US\"},{\"@type\":\"WebPage\",\"@id\":\"https:\\\/\\\/www.iemj.org\\\/en\\\/witler-ben-zion-1907-1961\\\/\",\"url\":\"https:\\\/\\\/www.iemj.org\\\/en\\\/witler-ben-zion-1907-1961\\\/\",\"name\":\"Witler, Ben-Zion (1907-1961) - Institut Europ\u00e9en des Musiques Juives\",\"isPartOf\":{\"@id\":\"https:\\\/\\\/www.iemj.org\\\/en\\\/#website\"},\"primaryImageOfPage\":{\"@id\":\"https:\\\/\\\/www.iemj.org\\\/en\\\/witler-ben-zion-1907-1961\\\/#primaryimage\"},\"image\":{\"@id\":\"https:\\\/\\\/www.iemj.org\\\/en\\\/witler-ben-zion-1907-1961\\\/#primaryimage\"},\"thumbnailUrl\":\"https:\\\/\\\/www.iemj.org\\\/wp-content\\\/uploads\\\/2014\\\/06\\\/arton888.jpg\",\"datePublished\":\"2014-06-03T10:17:27+00:00\",\"dateModified\":\"2025-09-02T09:21:34+00:00\",\"breadcrumb\":{\"@id\":\"https:\\\/\\\/www.iemj.org\\\/en\\\/witler-ben-zion-1907-1961\\\/#breadcrumb\"},\"inLanguage\":\"en-US\",\"potentialAction\":[{\"@type\":\"ReadAction\",\"target\":[\"https:\\\/\\\/www.iemj.org\\\/en\\\/witler-ben-zion-1907-1961\\\/\"]}]},{\"@type\":\"ImageObject\",\"inLanguage\":\"en-US\",\"@id\":\"https:\\\/\\\/www.iemj.org\\\/en\\\/witler-ben-zion-1907-1961\\\/#primaryimage\",\"url\":\"https:\\\/\\\/www.iemj.org\\\/wp-content\\\/uploads\\\/2014\\\/06\\\/arton888.jpg\",\"contentUrl\":\"https:\\\/\\\/www.iemj.org\\\/wp-content\\\/uploads\\\/2014\\\/06\\\/arton888.jpg\",\"width\":238,\"height\":212},{\"@type\":\"BreadcrumbList\",\"@id\":\"https:\\\/\\\/www.iemj.org\\\/en\\\/witler-ben-zion-1907-1961\\\/#breadcrumb\",\"itemListElement\":[{\"@type\":\"ListItem\",\"position\":1,\"name\":\"Accueil\",\"item\":\"https:\\\/\\\/www.iemj.org\\\/en\\\/\"},{\"@type\":\"ListItem\",\"position\":2,\"name\":\"Witler, Ben-Zion (1907-1961)\"}]},{\"@type\":\"WebSite\",\"@id\":\"https:\\\/\\\/www.iemj.org\\\/en\\\/#website\",\"url\":\"https:\\\/\\\/www.iemj.org\\\/en\\\/\",\"name\":\"Institut Europ\u00e9en des Musiques Juives\",\"description\":\"Des traditions musicales \u00e0 la port\u00e9e de tous\",\"publisher\":{\"@id\":\"https:\\\/\\\/www.iemj.org\\\/en\\\/#organization\"},\"potentialAction\":[{\"@type\":\"SearchAction\",\"target\":{\"@type\":\"EntryPoint\",\"urlTemplate\":\"https:\\\/\\\/www.iemj.org\\\/en\\\/?s={search_term_string}\"},\"query-input\":{\"@type\":\"PropertyValueSpecification\",\"valueRequired\":true,\"valueName\":\"search_term_string\"}}],\"inLanguage\":\"en-US\"},{\"@type\":\"Organization\",\"@id\":\"https:\\\/\\\/www.iemj.org\\\/en\\\/#organization\",\"name\":\"Institut Europ\u00e9en des Musiques Juives\",\"url\":\"https:\\\/\\\/www.iemj.org\\\/en\\\/\",\"logo\":{\"@type\":\"ImageObject\",\"inLanguage\":\"en-US\",\"@id\":\"https:\\\/\\\/www.iemj.org\\\/en\\\/#\\\/schema\\\/logo\\\/image\\\/\",\"url\":\"https:\\\/\\\/www.iemj.org\\\/wp-content\\\/uploads\\\/2021\\\/09\\\/Logo-IEMJ-Paypal.jpg\",\"contentUrl\":\"https:\\\/\\\/www.iemj.org\\\/wp-content\\\/uploads\\\/2021\\\/09\\\/Logo-IEMJ-Paypal.jpg\",\"width\":150,\"height\":50,\"caption\":\"Institut Europ\u00e9en des Musiques Juives\"},\"image\":{\"@id\":\"https:\\\/\\\/www.iemj.org\\\/en\\\/#\\\/schema\\\/logo\\\/image\\\/\"},\"sameAs\":[\"https:\\\/\\\/www.facebook.com\\\/MusiquesJuives\\\/\",\"https:\\\/\\\/www.instagram.com\\\/musiquesjuives\\\/\",\"https:\\\/\\\/www.youtube.com\\\/user\\\/musiquesjuives\"]},{\"@type\":\"Person\",\"@id\":\"https:\\\/\\\/www.iemj.org\\\/en\\\/#\\\/schema\\\/person\\\/f826ad11b0cd58dd99babe0a3fbcb86e\",\"name\":\"ncochin\",\"image\":{\"@type\":\"ImageObject\",\"inLanguage\":\"en-US\",\"@id\":\"https:\\\/\\\/secure.gravatar.com\\\/avatar\\\/4499f551e6a9b8c28bd3132f28d79657b2cb55ff363257726f67e89c95e2a33c?s=96&d=mm&r=g\",\"url\":\"https:\\\/\\\/secure.gravatar.com\\\/avatar\\\/4499f551e6a9b8c28bd3132f28d79657b2cb55ff363257726f67e89c95e2a33c?s=96&d=mm&r=g\",\"contentUrl\":\"https:\\\/\\\/secure.gravatar.com\\\/avatar\\\/4499f551e6a9b8c28bd3132f28d79657b2cb55ff363257726f67e89c95e2a33c?s=96&d=mm&r=g\",\"caption\":\"ncochin\"}}]}<\/script>\n<!-- \/ Yoast SEO plugin. -->","yoast_head_json":{"title":"Witler, Ben-Zion (1907-1961) - Institut Europ\u00e9en des Musiques Juives","robots":{"index":"index","follow":"follow","max-snippet":"max-snippet:-1","max-image-preview":"max-image-preview:large","max-video-preview":"max-video-preview:-1"},"canonical":"https:\/\/www.iemj.org\/en\/witler-ben-zion-1907-1961\/","og_locale":"en_US","og_type":"article","og_title":"Witler, Ben-Zion (1907-1961) - Institut Europ\u00e9en des Musiques Juives","og_description":"Ben-Zion Witler (or Ben-Tsion Vitler, or also BenZion Wittler), was born in 1907 in Belz, in Galicia, and died in 1961. He was a singer, but also an actor and","og_url":"https:\/\/www.iemj.org\/en\/witler-ben-zion-1907-1961\/","og_site_name":"Institut Europ\u00e9en des Musiques Juives","article_publisher":"https:\/\/www.facebook.com\/MusiquesJuives\/","article_published_time":"2014-06-03T10:17:27+00:00","article_modified_time":"2025-09-02T09:21:34+00:00","og_image":[{"width":238,"height":212,"url":"https:\/\/www.iemj.org\/wp-content\/uploads\/2014\/06\/arton888.jpg","type":"image\/jpeg"}],"author":"ncochin","twitter_card":"summary_large_image","twitter_misc":{"Written by":"ncochin","Est. reading time":"3 minutes"},"schema":{"@context":"https:\/\/schema.org","@graph":[{"@type":"Article","@id":"https:\/\/www.iemj.org\/en\/witler-ben-zion-1907-1961\/#article","isPartOf":{"@id":"https:\/\/www.iemj.org\/en\/witler-ben-zion-1907-1961\/"},"author":{"name":"ncochin","@id":"https:\/\/www.iemj.org\/en\/#\/schema\/person\/f826ad11b0cd58dd99babe0a3fbcb86e"},"headline":"Witler, Ben-Zion (1907-1961)","datePublished":"2014-06-03T10:17:27+00:00","dateModified":"2025-09-02T09:21:34+00:00","mainEntityOfPage":{"@id":"https:\/\/www.iemj.org\/en\/witler-ben-zion-1907-1961\/"},"wordCount":356,"publisher":{"@id":"https:\/\/www.iemj.org\/en\/#organization"},"image":{"@id":"https:\/\/www.iemj.org\/en\/witler-ben-zion-1907-1961\/#primaryimage"},"thumbnailUrl":"https:\/\/www.iemj.org\/wp-content\/uploads\/2014\/06\/arton888.jpg","articleSection":["Biographies"],"inLanguage":"en-US"},{"@type":"WebPage","@id":"https:\/\/www.iemj.org\/en\/witler-ben-zion-1907-1961\/","url":"https:\/\/www.iemj.org\/en\/witler-ben-zion-1907-1961\/","name":"Witler, Ben-Zion (1907-1961) - Institut Europ\u00e9en des Musiques Juives","isPartOf":{"@id":"https:\/\/www.iemj.org\/en\/#website"},"primaryImageOfPage":{"@id":"https:\/\/www.iemj.org\/en\/witler-ben-zion-1907-1961\/#primaryimage"},"image":{"@id":"https:\/\/www.iemj.org\/en\/witler-ben-zion-1907-1961\/#primaryimage"},"thumbnailUrl":"https:\/\/www.iemj.org\/wp-content\/uploads\/2014\/06\/arton888.jpg","datePublished":"2014-06-03T10:17:27+00:00","dateModified":"2025-09-02T09:21:34+00:00","breadcrumb":{"@id":"https:\/\/www.iemj.org\/en\/witler-ben-zion-1907-1961\/#breadcrumb"},"inLanguage":"en-US","potentialAction":[{"@type":"ReadAction","target":["https:\/\/www.iemj.org\/en\/witler-ben-zion-1907-1961\/"]}]},{"@type":"ImageObject","inLanguage":"en-US","@id":"https:\/\/www.iemj.org\/en\/witler-ben-zion-1907-1961\/#primaryimage","url":"https:\/\/www.iemj.org\/wp-content\/uploads\/2014\/06\/arton888.jpg","contentUrl":"https:\/\/www.iemj.org\/wp-content\/uploads\/2014\/06\/arton888.jpg","width":238,"height":212},{"@type":"BreadcrumbList","@id":"https:\/\/www.iemj.org\/en\/witler-ben-zion-1907-1961\/#breadcrumb","itemListElement":[{"@type":"ListItem","position":1,"name":"Accueil","item":"https:\/\/www.iemj.org\/en\/"},{"@type":"ListItem","position":2,"name":"Witler, Ben-Zion (1907-1961)"}]},{"@type":"WebSite","@id":"https:\/\/www.iemj.org\/en\/#website","url":"https:\/\/www.iemj.org\/en\/","name":"Institut Europ\u00e9en des Musiques Juives","description":"Des traditions musicales \u00e0 la port\u00e9e de tous","publisher":{"@id":"https:\/\/www.iemj.org\/en\/#organization"},"potentialAction":[{"@type":"SearchAction","target":{"@type":"EntryPoint","urlTemplate":"https:\/\/www.iemj.org\/en\/?s={search_term_string}"},"query-input":{"@type":"PropertyValueSpecification","valueRequired":true,"valueName":"search_term_string"}}],"inLanguage":"en-US"},{"@type":"Organization","@id":"https:\/\/www.iemj.org\/en\/#organization","name":"Institut Europ\u00e9en des Musiques Juives","url":"https:\/\/www.iemj.org\/en\/","logo":{"@type":"ImageObject","inLanguage":"en-US","@id":"https:\/\/www.iemj.org\/en\/#\/schema\/logo\/image\/","url":"https:\/\/www.iemj.org\/wp-content\/uploads\/2021\/09\/Logo-IEMJ-Paypal.jpg","contentUrl":"https:\/\/www.iemj.org\/wp-content\/uploads\/2021\/09\/Logo-IEMJ-Paypal.jpg","width":150,"height":50,"caption":"Institut Europ\u00e9en des Musiques Juives"},"image":{"@id":"https:\/\/www.iemj.org\/en\/#\/schema\/logo\/image\/"},"sameAs":["https:\/\/www.facebook.com\/MusiquesJuives\/","https:\/\/www.instagram.com\/musiquesjuives\/","https:\/\/www.youtube.com\/user\/musiquesjuives"]},{"@type":"Person","@id":"https:\/\/www.iemj.org\/en\/#\/schema\/person\/f826ad11b0cd58dd99babe0a3fbcb86e","name":"ncochin","image":{"@type":"ImageObject","inLanguage":"en-US","@id":"https:\/\/secure.gravatar.com\/avatar\/4499f551e6a9b8c28bd3132f28d79657b2cb55ff363257726f67e89c95e2a33c?s=96&d=mm&r=g","url":"https:\/\/secure.gravatar.com\/avatar\/4499f551e6a9b8c28bd3132f28d79657b2cb55ff363257726f67e89c95e2a33c?s=96&d=mm&r=g","contentUrl":"https:\/\/secure.gravatar.com\/avatar\/4499f551e6a9b8c28bd3132f28d79657b2cb55ff363257726f67e89c95e2a33c?s=96&d=mm&r=g","caption":"ncochin"}}]}},"_links":{"self":[{"href":"https:\/\/www.iemj.org\/en\/wp-json\/wp\/v2\/posts\/53562","targetHints":{"allow":["GET"]}}],"collection":[{"href":"https:\/\/www.iemj.org\/en\/wp-json\/wp\/v2\/posts"}],"about":[{"href":"https:\/\/www.iemj.org\/en\/wp-json\/wp\/v2\/types\/post"}],"author":[{"embeddable":true,"href":"https:\/\/www.iemj.org\/en\/wp-json\/wp\/v2\/users\/1050"}],"replies":[{"embeddable":true,"href":"https:\/\/www.iemj.org\/en\/wp-json\/wp\/v2\/comments?post=53562"}],"version-history":[{"count":0,"href":"https:\/\/www.iemj.org\/en\/wp-json\/wp\/v2\/posts\/53562\/revisions"}],"wp:featuredmedia":[{"embeddable":true,"href":"https:\/\/www.iemj.org\/en\/wp-json\/wp\/v2\/media\/6993"}],"wp:attachment":[{"href":"https:\/\/www.iemj.org\/en\/wp-json\/wp\/v2\/media?parent=53562"}],"wp:term":[{"taxonomy":"category","embeddable":true,"href":"https:\/\/www.iemj.org\/en\/wp-json\/wp\/v2\/categories?post=53562"},{"taxonomy":"post_tag","embeddable":true,"href":"https:\/\/www.iemj.org\/en\/wp-json\/wp\/v2\/tags?post=53562"},{"taxonomy":"technique","embeddable":true,"href":"https:\/\/www.iemj.org\/en\/wp-json\/wp\/v2\/technique?post=53562"},{"taxonomy":"squelettes","embeddable":true,"href":"https:\/\/www.iemj.org\/en\/wp-json\/wp\/v2\/squelettes?post=53562"},{"taxonomy":"sujet","embeddable":true,"href":"https:\/\/www.iemj.org\/en\/wp-json\/wp\/v2\/sujet?post=53562"},{"taxonomy":"formation","embeddable":true,"href":"https:\/\/www.iemj.org\/en\/wp-json\/wp\/v2\/formation?post=53562"},{"taxonomy":"genre","embeddable":true,"href":"https:\/\/www.iemj.org\/en\/wp-json\/wp\/v2\/genre?post=53562"},{"taxonomy":"fonds","embeddable":true,"href":"https:\/\/www.iemj.org\/en\/wp-json\/wp\/v2\/fonds?post=53562"},{"taxonomy":"tradition","embeddable":true,"href":"https:\/\/www.iemj.org\/en\/wp-json\/wp\/v2\/tradition?post=53562"},{"taxonomy":"type-de-contenu","embeddable":true,"href":"https:\/\/www.iemj.org\/en\/wp-json\/wp\/v2\/type-de-contenu?post=53562"},{"taxonomy":"interprete-compositeur","embeddable":true,"href":"https:\/\/www.iemj.org\/en\/wp-json\/wp\/v2\/interprete-compositeur?post=53562"},{"taxonomy":"frise","embeddable":true,"href":"https:\/\/www.iemj.org\/en\/wp-json\/wp\/v2\/frise?post=53562"},{"taxonomy":"type-devenement","embeddable":true,"href":"https:\/\/www.iemj.org\/en\/wp-json\/wp\/v2\/type-devenement?post=53562"},{"taxonomy":"tableaux-liens-externes","embeddable":true,"href":"https:\/\/www.iemj.org\/en\/wp-json\/wp\/v2\/tableaux-liens-externes?post=53562"}],"curies":[{"name":"wp","href":"https:\/\/api.w.org\/{rel}","templated":true}]}}