{"id":53621,"date":"2019-03-27T14:59:33","date_gmt":"2019-03-27T13:59:33","guid":{"rendered":"https:\/\/www.iemj.org\/zefira-bracha-1910-1990\/"},"modified":"2021-09-28T11:46:42","modified_gmt":"2021-09-28T09:46:42","slug":"zefira-bracha-1910-1990","status":"publish","type":"post","link":"https:\/\/www.iemj.org\/en\/zefira-bracha-1910-1990\/","title":{"rendered":"Zefira, Bracha (1910-1990)"},"content":{"rendered":"<p>Bracha Zefira was born in Jerusalem in 1910. Her father emmigrated from Yemen in 1887, and settled in the then Yemenite neighborhood of Nahalat Tsvi, in Jerusalem, and married Na\u2019ama Amrani, Bracha Zefira\u2019s mother. Zefira\u2019s mother died while giving birth to her, and her father died from typhus when she was three years old. After the death of her parents, she was brought to live with her uncle in Jerusalem, but fled from his house at the age of five and was placed with a family in the Bukharan Quarter of Jerusalem. This area of the city was inhabited by immigrants from Bukhara, Tashkent, Samarkand, and Persia. After three years, her adopted family left the city, and Brakha was placed with a widow in the Yemin Moshe neighborhood in Jerusalem, where most of the residents were Sephardic Jews from Salonika.<\/p>\n<p>As she moved from one neighborhood to the next, Bracha was attracted to the songs she heard. The synagogue played a central role in the lives of the families she grew up with, and in them, she was exposed to the melodies of the liturgy, absorbing piyutim and more. Like many girls of Sephardic families, Zefira attended a school in the old city, and later the Lemel School. On her walks through the old city of Jerusalem, she and her friends were exposed to Arabic songs and melodies. They used to challenge themselves by attempting to adapt the words of Hebrew poems, especially those of\u00a0Bialik, to the Arabic or Sephardic melodies that they liked. Later on in her life, Bracha employed this technique of text adaptation extensively.<\/p>\n<p><img fetchpriority=\"high\" decoding=\"async\" class=\" alignright size-full wp-image-23215\" src=\"https:\/\/www.iemj.org\/wp-content\/uploads\/2019\/03\/brachazafira.jpg\" alt=\"brachazafira.jpg\" width=\"300\" height=\"438\" align=\"right\" srcset=\"https:\/\/www.iemj.org\/wp-content\/uploads\/2019\/03\/brachazafira.jpg 300w, https:\/\/www.iemj.org\/wp-content\/uploads\/2019\/03\/brachazafira-205x300.jpg 205w\" sizes=\"(max-width: 300px) 100vw, 300px\" \/>In 1924, Zefira was sent to study in the Me\u2019ir Shefeyah educational village near Zikhron Ya\u2019akov, directed at the time by Moshe Calwary. His wife Hadassah, Bracha\u2019s beloved teacher, encouraged her musical talents, and proposed that Zefira should sing\u00a0<em>Zemirot Shabat<\/em>\u00a0on Sabbath eves, in front of all of the students. Her performances were a success. Zefira noticed the special interest expressed by the girls with Sephardic origins, as well as that of the Ashkenazi teachers who came from a Western European background, to the oriental melodies. Jehoash Hirshberg, in his article about Zefira, emphasizes this point, and writes about the ideological role of Zefira singing her songs, in that it helped expose the traditions of different ethnic groups to each other, something that was encouraged by Hadassah. He notes that the excitement of the Sephardic girls was connected to the recognition of the acceptance of their own music among Western teachers.<\/p>\n<p>Her success in Shefeyah motivated her teachers to send Zefira to additional music studies. She moved to Jerusalem in order to study at the Kedma School, directed at the time by Sidney Siel. After several months, she left the school, as her teachers at Kedma recommended that she should study acting instead. She moved to Tel Aviv and was accepted to the Palestine Theater, founded by Menehem Gnessin, as well as to his acting school. The theater was closed the same year, in 1927, and Zefira joined the satirical theater Hakumkum, where she performed until 1929. While performing with Hakumkum, she also appeared as a solo singer and as a choir conductor on various occasions. The Russian director Alexander Diki saw her in one of Hakumkum\u2019s shows and recommended her to go study in Berlin. Eventually she went there, with the help of Meir Dizzengof, among others, and studied acting and music at the studio of Max Reinhardt.<\/p>\n<p><strong>Bracha Zefira and Nahum Nardi<\/strong><br \/>\nIt was in Berlin, in 1929, where Zefira had perhaps the most important encounter of her musical career, when she met pianist and composer\u00a0<strong><a href=\"https:\/\/www.iemj.org\/en\/nardi-nahum-1901-1977\/\" target=\"_blank\" rel=\"noopener\">Nahum Nardi<\/a><\/strong>. In regards to their meeting, she relates, &#8220;That very evening \u2026 I begged him to sit at the piano and play the songs I would sing to him, and try to improvise an accompaniment. I sang Bialik\u2019s \u201cYesh Li Gan\u201d and \u201cBein Nahar Prat\u201d for him, and Sephardic piyyutim \u2026 and other songs that I was used to singing from Shefeyah. He was a quick learner, had an excellent ear and a light touch at the piano, and was familiar with Hebrew lyrics, although from a traditional galut (Diaspora) perspective. His playing and the simple harmonies electrified me. I felt that the song had taken on new sounds \u2026\u201d<\/p>\n<p>That same year, Zefira and Nardi began a series of concerts in Germany and other parts of Europe, and Zefira left her acting career to dedicate herself to singing. Their tour\u2019s program included songs of different oriental ethnic groups that Zefira knew from her childhood including Sephardic songs, Jewish songs from Yemen, Persia, and Bukhara, as well as songs of Bedouins and Palestinian Arabs, all arranged by Nardi. Zefira added theatrical gestures to their performances, which were favorably commented upon by critics. She performed in front of some important figures, such as Albert Einstein and Russian director Sergei Eisenstein.<\/p>\n<p><img decoding=\"async\" class=\" alignright size-full wp-image-23217\" src=\"https:\/\/www.iemj.org\/wp-content\/uploads\/2019\/03\/d78-25_490_vig.jpg\" alt=\"d78-25_490_vig.jpg\" width=\"400\" height=\"376\" align=\"right\" srcset=\"https:\/\/www.iemj.org\/wp-content\/uploads\/2019\/03\/d78-25_490_vig.jpg 400w, https:\/\/www.iemj.org\/wp-content\/uploads\/2019\/03\/d78-25_490_vig-300x282.jpg 300w\" sizes=\"(max-width: 400px) 100vw, 400px\" \/>In 1930 they returned to Palestine as recognized musicians. There, Zefira continued collecting songs and melodies from oriental Jewish communities, Bedouins, and Arabs, which were then arranged by Nardi. Their performances were successful, and their shows included songs of Jewish oriental communities (Yemenite, Sephardic, and more) which Zefira often sang in the original language; the Arab and Bedouin songs, arranged by Nardi and sung with Hebrew words; and compositions of Nardi, especially children\u2019s songs.<\/p>\n<p>In order to find musical material, Bracha returned to the neighborhoods she grew up in. She asked old women to sing her their songs, and she participated in local festivities. She was also helped by experts such as Yehiel Adaki who taught her songs of the Yemenite tradition, and Yitzhak Eliyahu Navon, who taught her songs from his wide Sephardic repertoire, in return for her accompanying him on his walks. According to Emanuel Yerimi, their success in Palestine was also due to the demand for Hebrew singing, and to the relatively small amount of artists working in the field.<\/p>\n<p>Following two years of collaboration, Zefira and Nardi were married, and in 1931 their daughter Na\u2019ama, who became an opera singer, was born. The duo kept expanding their repertoire, adding Egyptian, Ethiopian and Turkish songs, spiritual songs from the U.S., and more. In 1931, they went on tour of Alexandria and Cairo, which was critically acclaimed, followed by a similar tour in 1936. One of their most important performances was at the premier broadcast of the Palestine Broadcasting Service in 1936, which was the first radio broadcast in Hebrew. In 1937 they embarked on a tour in the U.S., where they recorded three albums for Columbia Records, which according to Natan Shahar, &#8220;served as a calling card of sorts for the nascent field of Hebrew song in Palestine&#8221;<\/p>\n<p><img decoding=\"async\" class=\" alignleft size-full wp-image-23219\" src=\"https:\/\/www.iemj.org\/wp-content\/uploads\/2019\/03\/800px-pikiwiki_israel_4578_gan-shmuel_sk5-_16.jpg\" alt=\"800px-pikiwiki_israel_4578_gan-shmuel_sk5-_16.jpg\" width=\"300\" height=\"387\" align=\"left\" srcset=\"https:\/\/www.iemj.org\/wp-content\/uploads\/2019\/03\/800px-pikiwiki_israel_4578_gan-shmuel_sk5-_16.jpg 300w, https:\/\/www.iemj.org\/wp-content\/uploads\/2019\/03\/800px-pikiwiki_israel_4578_gan-shmuel_sk5-_16-233x300.jpg 233w\" sizes=\"(max-width: 300px) 100vw, 300px\" \/>A dispute with Nardi erupted when he refused to include other composers\u2019 songs in their concert programs, while Zefira wished to include songs by Admon, Amiran and Shelem. They divorced in 1939, but continued to perform together until July of that year, due to previous engagements, and later separated artistically as well.<\/p>\n<p>After her separation from Nardi, Zefira turned to other composers, each of them interested in a specific genre. Paul Ben-Haim (who frequently accompanied her on piano) was interested in Sephardic songs, Oedeon Partos in Yemenite and more complex songs, and Marc Lavry preferred songs with a light and danceable style. Other composers she worked with were Boskovich, Mahler Kelkshtein, and younger composers, like Noam Sheriff, Hanoch Ya\u2019akovi, and Ben-Zion Orgad.<\/p>\n<p>In order to perform on the same big stages in Israel, Zefira had to continue refreshing her repertoire. She continuously collected new songs from various ethnic groups in Palestine. Although she could read musical notation, she could not write it. Hence, she tried to convince the composers to come with her to hear the source, but they preferred that Zefira sing the songs for them.<\/p>\n<p>One peak in Zefira\u2019s career was a concert with the Palestine Symphony Orchestra (later the Israel Philharmonic Orchestra) in 1939, conducted by Marc Lavry, where she performed songs of Nardi, Ben-Haim, and Lavry. At the time, there were still local critics decrying orchestral music with oriental origins, speaking against the idea of an oriental singer accompanied by an orchestra. In the following years there were debates and discussions on this subject, and eventually the musical atmosphere became more approving of this new style. In 1939 Zefira changed the form of her usual musical accompaniment. She organized an instrumental ensemble comprised of members of the Palestine Symphony Orchestra who accompanied her in many concerts; however, she continued to perform while accompanied by piano, usually played by Paul Ben-Haim.<\/p>\n<p>In 1940 Zefira met Ben-Ami Zilber, a violinist in the Palestine Symphony Orchestra. They were married, and in 1943 had a son, Ariel Zilber, who became an important figure in the Israeli rock scene during the seventies. After a year-long break due to Ariel\u2019s birth in 1943, Zefira continued to perform, giving many concerts until 1947, which were usually acclaimed by critics. In 1948 she went on a successful tour of Europe and the U.S. that lasted two and a half years. During the tour, she performed, among other places, in refugee camps in Germany. A special event on the tour was the visit of Egyptian poet Dr. Ahmad Zaki at one of her shows in New York. He invited friends, and one of them later wrote an article in an Arabic newspaper about her show. Considering the relations between Israel and Egypt at that time, an Arabic article acclaiming an Israel artist was an unusual event.<\/p>\n<p>Zefira\u2019s turn to art music, rather than the Israeli folksong, was acclaimed by some, while criticized by others. While some were impressed by her effort to &#8220;elevate&#8221; traditional tunes to the level of art music, others were sorry for her leaving the field of\u00a0<em>Zemer Ivri<\/em>\u00a0that arguably suited her more naturally. She herself wrote in her book Kolot Rabim that only a few of the hundred of songs that were arranged for her had become true assets. In 1966 she received the Engel Prize, for &#8220;inserting the oriental melody into Israeli music, symphonic and folkloric, through 30 years of her shows in Israel and abroad.&#8221;<\/p>\n<p>During the 1950s public interest in Zefira declined. According to Emanuel Yerimi, the Israeli audience had become accustomed to her old style which had once been innovative, while her new, more artistic, style was less favored.<\/p>\n<p>During this period she again went abroad, and returned in 1957, where she continued to perform occasionally. She also studied drawing, in Israel and later in Paris, and had some exhibitions. During the sixties she continued to perform on occasion, and her last show was in the mid seventies, at the Tel Aviv Museum. In those days the demand for her shows was quite limited.<\/p>\n<p><img loading=\"lazy\" decoding=\"async\" class=\" alignright size-full wp-image-23221\" src=\"https:\/\/www.iemj.org\/wp-content\/uploads\/2019\/03\/d33-30_450_vig.jpg\" alt=\"d33-30_450_vig.jpg\" width=\"400\" height=\"416\" align=\"right\" srcset=\"https:\/\/www.iemj.org\/wp-content\/uploads\/2019\/03\/d33-30_450_vig.jpg 400w, https:\/\/www.iemj.org\/wp-content\/uploads\/2019\/03\/d33-30_450_vig-288x300.jpg 288w\" sizes=\"(max-width: 400px) 100vw, 400px\" \/><\/p>\n<p>Her husband Ben Ami Zilber died in 1984, and that deeply affected her, as well as her daughter\u2019s death in 1989.<br \/>\nBrakha Tzefira died in 1990. Her death was not mentioned in the news or on the radio, but the weekend newspapers wrote about it. The city of Jerusalem named a street after her.<\/p>\n<p>Despite her success in Palestine, Zefira experienced some difficulties due to racism. One incident occurred upon her first performance in Tel Aviv, which was supposed to be in Ohel Shem hall, but the management refused to let her perform due to her Yemenite origin. Thanks to public criticism, the incident was amended, and Zefira was allowed to perform there.<\/p>\n<p>Another incident unrelated to her ethnicity, but rather to ideological motives of promoting the Hebrew language, occurred in 1939, when the council of Tel Aviv cancelled her concert in Ohel Shem, due to the fact that it contained songs that were not in Hebrew.<\/p>\n<p><strong>Zefira\u2019s Repertoire<\/strong><\/p>\n<p>According to Zefira, her repertoire included over 400 songs, many of which she helped create, either by working with composers on the melodies, or with poets on the lyrics. Her songs based on Arab or Bedouin melodies include\u00a0<em>Ben Nahar Prat<\/em>,\u00a0<em>Yesh Li Gan<\/em>,\u00a0<em>Lamidbar<\/em>,\u00a0<em>Aley Giv\u2019a<\/em>, and were arranged by Nardi. She sang Piyyutim of Yemenite and Sephardic Jews with their original words, like\u00a0<em>S\u2019I Yona<\/em>, and\u00a0<em>Hamavdil<\/em>. For Sephardic Romances she either replaced or translated the Ladino words, like\u00a0<em>Hitrag\u2019ot<\/em>\u00a0with words by Yehuda Karni.<\/p>\n<p>Thanks to Zefira, melodies of various communities were adapted into Hebrew songs, like Bukharan (Ets Harimon) or Persian (Mahol Parsi). Additionally, Zefira would sing folk songs in their original language, like Ladino, and songs containing original music by various contemporary composers.<\/p>\n<p>Zefira was a pioneer of singers from oriental origin who studied the European vocal technique; her followers indluded Naomi Tsuri and Hanna Ahroni.<\/p>\n<p><a href=\"https:\/\/www.jewish-music.huji.ac.il\/content\/brakha-tzefira\">Biography<\/a>\u00a0written by the\u00a0<a href=\"https:\/\/www.jewish-music.huji.ac.il\/\">Jewish Music Research Center<\/a>\u00a0in Jerusalem.<\/p>\n<p><a href=\"https:\/\/www.iemj.org\/en\/les-plus-belles-chansons-de-bracha-zefira-1910-1990\/\" target=\"_blank\" rel=\"noopener\">Listen to the playlist dedicated to Bracha Zefira\u2019s songs<\/a><br \/>\n<a href=\"https:\/\/www.iemj.org\/en\/nardi-nahum-1901-1977\/\" target=\"_blank\" rel=\"noopener\">Read the biography of Nahum Nardi<\/a><\/p>\n<p><a href=\"https:\/\/www.iemj.org\/nardi-nahum-1901-1977\/?\">\u00a0<\/a><\/p>\n","protected":false},"excerpt":{"rendered":"<p>Bracha Zefira was born in Jerusalem in 1910. Her father emmigrated from Yemen in 1887, and settled in the then Yemenite neighborhood of Nahalat Tsvi, in Jerusalem, and married Na\u2019ama<\/p>\n","protected":false},"author":1048,"featured_media":23213,"comment_status":"closed","ping_status":"open","sticky":false,"template":"","format":"standard","meta":{"_acf_changed":false,"footnotes":""},"categories":[903],"tags":[],"technique":[],"squelettes":[],"sujet":[2134],"formation":[],"genre":[1109],"fonds":[],"tradition":[],"type-de-contenu":[],"interprete-compositeur":[],"frise":[],"type-devenement":[],"tableaux-liens-externes":[],"class_list":["post-53621","post","type-post","status-publish","format-standard","has-post-thumbnail","hentry","category-biographies-en","sujet-yemen-en","genre-israeli-songs"],"acf":[],"yoast_head":"<!-- This site is optimized with the Yoast SEO plugin v27.3 - https:\/\/yoast.com\/product\/yoast-seo-wordpress\/ -->\n<title>Zefira, Bracha (1910-1990) - Institut Europ\u00e9en des Musiques Juives<\/title>\n<meta name=\"robots\" content=\"index, follow, max-snippet:-1, max-image-preview:large, max-video-preview:-1\" \/>\n<link rel=\"canonical\" href=\"https:\/\/www.iemj.org\/en\/zefira-bracha-1910-1990\/\" \/>\n<meta property=\"og:locale\" content=\"en_US\" \/>\n<meta property=\"og:type\" content=\"article\" \/>\n<meta property=\"og:title\" content=\"Zefira, Bracha (1910-1990) - Institut Europ\u00e9en des Musiques Juives\" \/>\n<meta property=\"og:description\" content=\"Bracha Zefira was born in Jerusalem in 1910. Her father emmigrated from Yemen in 1887, and settled in the then Yemenite neighborhood of Nahalat Tsvi, in Jerusalem, and married Na\u2019ama\" \/>\n<meta property=\"og:url\" content=\"https:\/\/www.iemj.org\/en\/zefira-bracha-1910-1990\/\" \/>\n<meta property=\"og:site_name\" content=\"Institut Europ\u00e9en des Musiques Juives\" \/>\n<meta property=\"article:publisher\" content=\"https:\/\/www.facebook.com\/MusiquesJuives\/\" \/>\n<meta property=\"article:published_time\" content=\"2019-03-27T13:59:33+00:00\" \/>\n<meta property=\"article:modified_time\" content=\"2021-09-28T09:46:42+00:00\" \/>\n<meta property=\"og:image\" content=\"https:\/\/www.iemj.org\/wp-content\/uploads\/2019\/03\/arton4034-e1625477802905.jpg\" \/>\n\t<meta property=\"og:image:width\" content=\"161\" \/>\n\t<meta property=\"og:image:height\" content=\"218\" \/>\n\t<meta property=\"og:image:type\" content=\"image\/jpeg\" \/>\n<meta name=\"author\" content=\"Jean-Gabriel Davis\" \/>\n<meta name=\"twitter:card\" content=\"summary_large_image\" \/>\n<meta name=\"twitter:label1\" content=\"Written by\" \/>\n\t<meta name=\"twitter:data1\" content=\"Jean-Gabriel Davis\" \/>\n\t<meta name=\"twitter:label2\" content=\"Est. reading time\" \/>\n\t<meta name=\"twitter:data2\" content=\"11 minutes\" \/>\n<script type=\"application\/ld+json\" class=\"yoast-schema-graph\">{\"@context\":\"https:\\\/\\\/schema.org\",\"@graph\":[{\"@type\":\"Article\",\"@id\":\"https:\\\/\\\/www.iemj.org\\\/en\\\/zefira-bracha-1910-1990\\\/#article\",\"isPartOf\":{\"@id\":\"https:\\\/\\\/www.iemj.org\\\/en\\\/zefira-bracha-1910-1990\\\/\"},\"author\":{\"name\":\"Jean-Gabriel Davis\",\"@id\":\"https:\\\/\\\/www.iemj.org\\\/en\\\/#\\\/schema\\\/person\\\/c9bc1c386a3749579a2d675e72a18666\"},\"headline\":\"Zefira, Bracha (1910-1990)\",\"datePublished\":\"2019-03-27T13:59:33+00:00\",\"dateModified\":\"2021-09-28T09:46:42+00:00\",\"mainEntityOfPage\":{\"@id\":\"https:\\\/\\\/www.iemj.org\\\/en\\\/zefira-bracha-1910-1990\\\/\"},\"wordCount\":2127,\"publisher\":{\"@id\":\"https:\\\/\\\/www.iemj.org\\\/en\\\/#organization\"},\"image\":{\"@id\":\"https:\\\/\\\/www.iemj.org\\\/en\\\/zefira-bracha-1910-1990\\\/#primaryimage\"},\"thumbnailUrl\":\"https:\\\/\\\/www.iemj.org\\\/wp-content\\\/uploads\\\/2019\\\/03\\\/arton4034-e1625477802905.jpg\",\"articleSection\":[\"Biographies\"],\"inLanguage\":\"en-US\"},{\"@type\":\"WebPage\",\"@id\":\"https:\\\/\\\/www.iemj.org\\\/en\\\/zefira-bracha-1910-1990\\\/\",\"url\":\"https:\\\/\\\/www.iemj.org\\\/en\\\/zefira-bracha-1910-1990\\\/\",\"name\":\"Zefira, Bracha (1910-1990) - Institut Europ\u00e9en des Musiques Juives\",\"isPartOf\":{\"@id\":\"https:\\\/\\\/www.iemj.org\\\/en\\\/#website\"},\"primaryImageOfPage\":{\"@id\":\"https:\\\/\\\/www.iemj.org\\\/en\\\/zefira-bracha-1910-1990\\\/#primaryimage\"},\"image\":{\"@id\":\"https:\\\/\\\/www.iemj.org\\\/en\\\/zefira-bracha-1910-1990\\\/#primaryimage\"},\"thumbnailUrl\":\"https:\\\/\\\/www.iemj.org\\\/wp-content\\\/uploads\\\/2019\\\/03\\\/arton4034-e1625477802905.jpg\",\"datePublished\":\"2019-03-27T13:59:33+00:00\",\"dateModified\":\"2021-09-28T09:46:42+00:00\",\"breadcrumb\":{\"@id\":\"https:\\\/\\\/www.iemj.org\\\/en\\\/zefira-bracha-1910-1990\\\/#breadcrumb\"},\"inLanguage\":\"en-US\",\"potentialAction\":[{\"@type\":\"ReadAction\",\"target\":[\"https:\\\/\\\/www.iemj.org\\\/en\\\/zefira-bracha-1910-1990\\\/\"]}]},{\"@type\":\"ImageObject\",\"inLanguage\":\"en-US\",\"@id\":\"https:\\\/\\\/www.iemj.org\\\/en\\\/zefira-bracha-1910-1990\\\/#primaryimage\",\"url\":\"https:\\\/\\\/www.iemj.org\\\/wp-content\\\/uploads\\\/2019\\\/03\\\/arton4034-e1625477802905.jpg\",\"contentUrl\":\"https:\\\/\\\/www.iemj.org\\\/wp-content\\\/uploads\\\/2019\\\/03\\\/arton4034-e1625477802905.jpg\",\"width\":161,\"height\":218,\"caption\":\"logo bio Bracha Zefira\"},{\"@type\":\"BreadcrumbList\",\"@id\":\"https:\\\/\\\/www.iemj.org\\\/en\\\/zefira-bracha-1910-1990\\\/#breadcrumb\",\"itemListElement\":[{\"@type\":\"ListItem\",\"position\":1,\"name\":\"Accueil\",\"item\":\"https:\\\/\\\/www.iemj.org\\\/en\\\/\"},{\"@type\":\"ListItem\",\"position\":2,\"name\":\"Zefira, Bracha (1910-1990)\"}]},{\"@type\":\"WebSite\",\"@id\":\"https:\\\/\\\/www.iemj.org\\\/en\\\/#website\",\"url\":\"https:\\\/\\\/www.iemj.org\\\/en\\\/\",\"name\":\"Institut Europ\u00e9en des Musiques Juives\",\"description\":\"Des traditions musicales \u00e0 la port\u00e9e de tous\",\"publisher\":{\"@id\":\"https:\\\/\\\/www.iemj.org\\\/en\\\/#organization\"},\"potentialAction\":[{\"@type\":\"SearchAction\",\"target\":{\"@type\":\"EntryPoint\",\"urlTemplate\":\"https:\\\/\\\/www.iemj.org\\\/en\\\/?s={search_term_string}\"},\"query-input\":{\"@type\":\"PropertyValueSpecification\",\"valueRequired\":true,\"valueName\":\"search_term_string\"}}],\"inLanguage\":\"en-US\"},{\"@type\":\"Organization\",\"@id\":\"https:\\\/\\\/www.iemj.org\\\/en\\\/#organization\",\"name\":\"Institut Europ\u00e9en des Musiques Juives\",\"url\":\"https:\\\/\\\/www.iemj.org\\\/en\\\/\",\"logo\":{\"@type\":\"ImageObject\",\"inLanguage\":\"en-US\",\"@id\":\"https:\\\/\\\/www.iemj.org\\\/en\\\/#\\\/schema\\\/logo\\\/image\\\/\",\"url\":\"https:\\\/\\\/www.iemj.org\\\/wp-content\\\/uploads\\\/2021\\\/09\\\/Logo-IEMJ-Paypal.jpg\",\"contentUrl\":\"https:\\\/\\\/www.iemj.org\\\/wp-content\\\/uploads\\\/2021\\\/09\\\/Logo-IEMJ-Paypal.jpg\",\"width\":150,\"height\":50,\"caption\":\"Institut Europ\u00e9en des Musiques Juives\"},\"image\":{\"@id\":\"https:\\\/\\\/www.iemj.org\\\/en\\\/#\\\/schema\\\/logo\\\/image\\\/\"},\"sameAs\":[\"https:\\\/\\\/www.facebook.com\\\/MusiquesJuives\\\/\",\"https:\\\/\\\/www.instagram.com\\\/musiquesjuives\\\/\",\"https:\\\/\\\/www.youtube.com\\\/user\\\/musiquesjuives\"]},{\"@type\":\"Person\",\"@id\":\"https:\\\/\\\/www.iemj.org\\\/en\\\/#\\\/schema\\\/person\\\/c9bc1c386a3749579a2d675e72a18666\",\"name\":\"Jean-Gabriel Davis\",\"image\":{\"@type\":\"ImageObject\",\"inLanguage\":\"en-US\",\"@id\":\"https:\\\/\\\/secure.gravatar.com\\\/avatar\\\/2b90d67bdf392c9b3a21fab87c0fa7edaf1fb3a058172a1ffd61033fcec7aec1?s=96&d=mm&r=g\",\"url\":\"https:\\\/\\\/secure.gravatar.com\\\/avatar\\\/2b90d67bdf392c9b3a21fab87c0fa7edaf1fb3a058172a1ffd61033fcec7aec1?s=96&d=mm&r=g\",\"contentUrl\":\"https:\\\/\\\/secure.gravatar.com\\\/avatar\\\/2b90d67bdf392c9b3a21fab87c0fa7edaf1fb3a058172a1ffd61033fcec7aec1?s=96&d=mm&r=g\",\"caption\":\"Jean-Gabriel Davis\"}}]}<\/script>\n<!-- \/ Yoast SEO plugin. -->","yoast_head_json":{"title":"Zefira, Bracha (1910-1990) - Institut Europ\u00e9en des Musiques Juives","robots":{"index":"index","follow":"follow","max-snippet":"max-snippet:-1","max-image-preview":"max-image-preview:large","max-video-preview":"max-video-preview:-1"},"canonical":"https:\/\/www.iemj.org\/en\/zefira-bracha-1910-1990\/","og_locale":"en_US","og_type":"article","og_title":"Zefira, Bracha (1910-1990) - Institut Europ\u00e9en des Musiques Juives","og_description":"Bracha Zefira was born in Jerusalem in 1910. Her father emmigrated from Yemen in 1887, and settled in the then Yemenite neighborhood of Nahalat Tsvi, in Jerusalem, and married Na\u2019ama","og_url":"https:\/\/www.iemj.org\/en\/zefira-bracha-1910-1990\/","og_site_name":"Institut Europ\u00e9en des Musiques Juives","article_publisher":"https:\/\/www.facebook.com\/MusiquesJuives\/","article_published_time":"2019-03-27T13:59:33+00:00","article_modified_time":"2021-09-28T09:46:42+00:00","og_image":[{"width":161,"height":218,"url":"https:\/\/www.iemj.org\/wp-content\/uploads\/2019\/03\/arton4034-e1625477802905.jpg","type":"image\/jpeg"}],"author":"Jean-Gabriel Davis","twitter_card":"summary_large_image","twitter_misc":{"Written by":"Jean-Gabriel Davis","Est. reading time":"11 minutes"},"schema":{"@context":"https:\/\/schema.org","@graph":[{"@type":"Article","@id":"https:\/\/www.iemj.org\/en\/zefira-bracha-1910-1990\/#article","isPartOf":{"@id":"https:\/\/www.iemj.org\/en\/zefira-bracha-1910-1990\/"},"author":{"name":"Jean-Gabriel Davis","@id":"https:\/\/www.iemj.org\/en\/#\/schema\/person\/c9bc1c386a3749579a2d675e72a18666"},"headline":"Zefira, Bracha (1910-1990)","datePublished":"2019-03-27T13:59:33+00:00","dateModified":"2021-09-28T09:46:42+00:00","mainEntityOfPage":{"@id":"https:\/\/www.iemj.org\/en\/zefira-bracha-1910-1990\/"},"wordCount":2127,"publisher":{"@id":"https:\/\/www.iemj.org\/en\/#organization"},"image":{"@id":"https:\/\/www.iemj.org\/en\/zefira-bracha-1910-1990\/#primaryimage"},"thumbnailUrl":"https:\/\/www.iemj.org\/wp-content\/uploads\/2019\/03\/arton4034-e1625477802905.jpg","articleSection":["Biographies"],"inLanguage":"en-US"},{"@type":"WebPage","@id":"https:\/\/www.iemj.org\/en\/zefira-bracha-1910-1990\/","url":"https:\/\/www.iemj.org\/en\/zefira-bracha-1910-1990\/","name":"Zefira, Bracha (1910-1990) - Institut Europ\u00e9en des Musiques Juives","isPartOf":{"@id":"https:\/\/www.iemj.org\/en\/#website"},"primaryImageOfPage":{"@id":"https:\/\/www.iemj.org\/en\/zefira-bracha-1910-1990\/#primaryimage"},"image":{"@id":"https:\/\/www.iemj.org\/en\/zefira-bracha-1910-1990\/#primaryimage"},"thumbnailUrl":"https:\/\/www.iemj.org\/wp-content\/uploads\/2019\/03\/arton4034-e1625477802905.jpg","datePublished":"2019-03-27T13:59:33+00:00","dateModified":"2021-09-28T09:46:42+00:00","breadcrumb":{"@id":"https:\/\/www.iemj.org\/en\/zefira-bracha-1910-1990\/#breadcrumb"},"inLanguage":"en-US","potentialAction":[{"@type":"ReadAction","target":["https:\/\/www.iemj.org\/en\/zefira-bracha-1910-1990\/"]}]},{"@type":"ImageObject","inLanguage":"en-US","@id":"https:\/\/www.iemj.org\/en\/zefira-bracha-1910-1990\/#primaryimage","url":"https:\/\/www.iemj.org\/wp-content\/uploads\/2019\/03\/arton4034-e1625477802905.jpg","contentUrl":"https:\/\/www.iemj.org\/wp-content\/uploads\/2019\/03\/arton4034-e1625477802905.jpg","width":161,"height":218,"caption":"logo bio Bracha Zefira"},{"@type":"BreadcrumbList","@id":"https:\/\/www.iemj.org\/en\/zefira-bracha-1910-1990\/#breadcrumb","itemListElement":[{"@type":"ListItem","position":1,"name":"Accueil","item":"https:\/\/www.iemj.org\/en\/"},{"@type":"ListItem","position":2,"name":"Zefira, Bracha (1910-1990)"}]},{"@type":"WebSite","@id":"https:\/\/www.iemj.org\/en\/#website","url":"https:\/\/www.iemj.org\/en\/","name":"Institut Europ\u00e9en des Musiques Juives","description":"Des traditions musicales \u00e0 la port\u00e9e de tous","publisher":{"@id":"https:\/\/www.iemj.org\/en\/#organization"},"potentialAction":[{"@type":"SearchAction","target":{"@type":"EntryPoint","urlTemplate":"https:\/\/www.iemj.org\/en\/?s={search_term_string}"},"query-input":{"@type":"PropertyValueSpecification","valueRequired":true,"valueName":"search_term_string"}}],"inLanguage":"en-US"},{"@type":"Organization","@id":"https:\/\/www.iemj.org\/en\/#organization","name":"Institut Europ\u00e9en des Musiques Juives","url":"https:\/\/www.iemj.org\/en\/","logo":{"@type":"ImageObject","inLanguage":"en-US","@id":"https:\/\/www.iemj.org\/en\/#\/schema\/logo\/image\/","url":"https:\/\/www.iemj.org\/wp-content\/uploads\/2021\/09\/Logo-IEMJ-Paypal.jpg","contentUrl":"https:\/\/www.iemj.org\/wp-content\/uploads\/2021\/09\/Logo-IEMJ-Paypal.jpg","width":150,"height":50,"caption":"Institut Europ\u00e9en des Musiques Juives"},"image":{"@id":"https:\/\/www.iemj.org\/en\/#\/schema\/logo\/image\/"},"sameAs":["https:\/\/www.facebook.com\/MusiquesJuives\/","https:\/\/www.instagram.com\/musiquesjuives\/","https:\/\/www.youtube.com\/user\/musiquesjuives"]},{"@type":"Person","@id":"https:\/\/www.iemj.org\/en\/#\/schema\/person\/c9bc1c386a3749579a2d675e72a18666","name":"Jean-Gabriel Davis","image":{"@type":"ImageObject","inLanguage":"en-US","@id":"https:\/\/secure.gravatar.com\/avatar\/2b90d67bdf392c9b3a21fab87c0fa7edaf1fb3a058172a1ffd61033fcec7aec1?s=96&d=mm&r=g","url":"https:\/\/secure.gravatar.com\/avatar\/2b90d67bdf392c9b3a21fab87c0fa7edaf1fb3a058172a1ffd61033fcec7aec1?s=96&d=mm&r=g","contentUrl":"https:\/\/secure.gravatar.com\/avatar\/2b90d67bdf392c9b3a21fab87c0fa7edaf1fb3a058172a1ffd61033fcec7aec1?s=96&d=mm&r=g","caption":"Jean-Gabriel Davis"}}]}},"_links":{"self":[{"href":"https:\/\/www.iemj.org\/en\/wp-json\/wp\/v2\/posts\/53621","targetHints":{"allow":["GET"]}}],"collection":[{"href":"https:\/\/www.iemj.org\/en\/wp-json\/wp\/v2\/posts"}],"about":[{"href":"https:\/\/www.iemj.org\/en\/wp-json\/wp\/v2\/types\/post"}],"author":[{"embeddable":true,"href":"https:\/\/www.iemj.org\/en\/wp-json\/wp\/v2\/users\/1048"}],"replies":[{"embeddable":true,"href":"https:\/\/www.iemj.org\/en\/wp-json\/wp\/v2\/comments?post=53621"}],"version-history":[{"count":0,"href":"https:\/\/www.iemj.org\/en\/wp-json\/wp\/v2\/posts\/53621\/revisions"}],"wp:featuredmedia":[{"embeddable":true,"href":"https:\/\/www.iemj.org\/en\/wp-json\/wp\/v2\/media\/23213"}],"wp:attachment":[{"href":"https:\/\/www.iemj.org\/en\/wp-json\/wp\/v2\/media?parent=53621"}],"wp:term":[{"taxonomy":"category","embeddable":true,"href":"https:\/\/www.iemj.org\/en\/wp-json\/wp\/v2\/categories?post=53621"},{"taxonomy":"post_tag","embeddable":true,"href":"https:\/\/www.iemj.org\/en\/wp-json\/wp\/v2\/tags?post=53621"},{"taxonomy":"technique","embeddable":true,"href":"https:\/\/www.iemj.org\/en\/wp-json\/wp\/v2\/technique?post=53621"},{"taxonomy":"squelettes","embeddable":true,"href":"https:\/\/www.iemj.org\/en\/wp-json\/wp\/v2\/squelettes?post=53621"},{"taxonomy":"sujet","embeddable":true,"href":"https:\/\/www.iemj.org\/en\/wp-json\/wp\/v2\/sujet?post=53621"},{"taxonomy":"formation","embeddable":true,"href":"https:\/\/www.iemj.org\/en\/wp-json\/wp\/v2\/formation?post=53621"},{"taxonomy":"genre","embeddable":true,"href":"https:\/\/www.iemj.org\/en\/wp-json\/wp\/v2\/genre?post=53621"},{"taxonomy":"fonds","embeddable":true,"href":"https:\/\/www.iemj.org\/en\/wp-json\/wp\/v2\/fonds?post=53621"},{"taxonomy":"tradition","embeddable":true,"href":"https:\/\/www.iemj.org\/en\/wp-json\/wp\/v2\/tradition?post=53621"},{"taxonomy":"type-de-contenu","embeddable":true,"href":"https:\/\/www.iemj.org\/en\/wp-json\/wp\/v2\/type-de-contenu?post=53621"},{"taxonomy":"interprete-compositeur","embeddable":true,"href":"https:\/\/www.iemj.org\/en\/wp-json\/wp\/v2\/interprete-compositeur?post=53621"},{"taxonomy":"frise","embeddable":true,"href":"https:\/\/www.iemj.org\/en\/wp-json\/wp\/v2\/frise?post=53621"},{"taxonomy":"type-devenement","embeddable":true,"href":"https:\/\/www.iemj.org\/en\/wp-json\/wp\/v2\/type-devenement?post=53621"},{"taxonomy":"tableaux-liens-externes","embeddable":true,"href":"https:\/\/www.iemj.org\/en\/wp-json\/wp\/v2\/tableaux-liens-externes?post=53621"}],"curies":[{"name":"wp","href":"https:\/\/api.w.org\/{rel}","templated":true}]}}