{"id":53730,"date":"2018-01-22T16:08:12","date_gmt":"2018-01-22T15:08:12","guid":{"rendered":"https:\/\/www.iemj.org\/la-musique-juive-baroque-1\/"},"modified":"2025-06-19T18:14:18","modified_gmt":"2025-06-19T16:14:18","slug":"la-musique-juive-baroque-1","status":"publish","type":"post","link":"https:\/\/www.iemj.org\/en\/la-musique-juive-baroque-1\/","title":{"rendered":"Baroque Jewish Music, 1st part"},"content":{"rendered":"<p class=\"post_excerpt\"><strong>Listen to a selection of Jewish baroque music with works by Benedetto, Rossi, Grossi, Lidarti, Saladin and Caceres<\/strong><\/p>\n<p><!--more-->Since the dawn of time, Jewish music was passed on oral. Except for three manuscript fragments of Ovadia the Proselyte in the 12th century <span class=\"footnote_referrer\"><a role=\"button\" tabindex=\"0\" onclick=\"footnote_moveToReference_53730_1('footnote_plugin_reference_53730_1_1');\" onkeypress=\"footnote_moveToReference_53730_1('footnote_plugin_reference_53730_1_1');\" ><sup id=\"footnote_plugin_tooltip_53730_1_1\" class=\"footnote_plugin_tooltip_text\">[1]<\/sup><\/a><span id=\"footnote_plugin_tooltip_text_53730_1_1\" class=\"footnote_tooltip\">Cf. Israel Adler, &#8220;Les chants synagogaux not\u00e9s au XIIe si\u00e8cle (ca 1102-1150) by Abdias le pros\u00e9lyte normand&#8221;, Revue de Musicologie, 51, 1965, pp. 19-51.&#8221;<\/span><\/span><script type=\"text\/javascript\"> jQuery('#footnote_plugin_tooltip_53730_1_1').tooltip({ tip: '#footnote_plugin_tooltip_text_53730_1_1', tipClass: 'footnote_tooltip', effect: 'fade', predelay: 0, fadeInSpeed: 200, delay: 400, fadeOutSpeed: 200, position: 'top center', relative: true, offset: [-7, 0], });<\/script> and some biblical cantillations of the 15th and 16th centuries <span class=\"footnote_referrer\"><a role=\"button\" tabindex=\"0\" onclick=\"footnote_moveToReference_53730_1('footnote_plugin_reference_53730_1_2');\" onkeypress=\"footnote_moveToReference_53730_1('footnote_plugin_reference_53730_1_2');\" ><sup id=\"footnote_plugin_tooltip_53730_1_2\" class=\"footnote_plugin_tooltip_text\">[2]<\/sup><\/a><span id=\"footnote_plugin_tooltip_text_53730_1_2\" class=\"footnote_tooltip\">These include biblical cantillations noted by Christian humanists eager to study the biblical texts in their original version. Cf. J. B\u00f6schenstein (Codex hebraicus, Munich, around 1500), Johannes&nbsp;&#x2026; <span class=\"footnote_tooltip_continue\"  onclick=\"footnote_moveToReference_53730_1('footnote_plugin_reference_53730_1_2');\">Lire la suite<\/span><\/span><\/span><script type=\"text\/javascript\"> jQuery('#footnote_plugin_tooltip_53730_1_2').tooltip({ tip: '#footnote_plugin_tooltip_text_53730_1_2', tipClass: 'footnote_tooltip', effect: 'fade', predelay: 0, fadeInSpeed: 200, delay: 400, fadeOutSpeed: 200, position: 'top center', relative: true, offset: [-7, 0], });<\/script>.<\/p>\n<p><span style=\"font-size: inherit;\">It was not until the 17th century that the first written music played in a Jewish context appeared in Italy, Amsterdam <img fetchpriority=\"high\" decoding=\"async\" class=\" alignright size-full wp-image-17965\" src=\"https:\/\/www.iemj.org\/wp-content\/uploads\/2018\/01\/doc_1_baroque.jpg\" alt=\"doc_1_baroque.jpg\" width=\"230\" height=\"332\" align=\"right\" srcset=\"https:\/\/www.iemj.org\/wp-content\/uploads\/2018\/01\/doc_1_baroque.jpg 230w, https:\/\/www.iemj.org\/wp-content\/uploads\/2018\/01\/doc_1_baroque-208x300.jpg 208w\" sizes=\"(max-width: 230px) 100vw, 230px\" \/>and the Comtat Venaissin. And these works are really modern since they borrow the musical language of the time: the baroque!<\/span><\/p>\n<ul>\n<li><a href=\"https:\/\/www.iemj.org\/en\/la-musique-juive-baroque\/\" target=\"_blank\" rel=\"noopener\">Read the feature article about Jewish Baroque Music<\/a><\/li>\n<li><a href=\"https:\/\/www.iemj.org\/en\/baroque-jewish-music\/\" target=\"_blank\" rel=\"noopener\">Listen to the radio show, Jewish Baroque music, hosted by Herv\u00e9 Roten<\/a><\/li>\n<li><a href=\"https:\/\/www.iemj.org\/en\/the-hidden-sides-of-jewish-music-baroque-jewish-music\/\" target=\"_blank\" rel=\"noopener\">Listen to the radio show; Hidden sides of Jewish music: Jewish Baroque music, hosted by H\u00e9l\u00e8ne Engel<\/a><\/li>\n<li><a href=\"https:\/\/www.iemj.org\/en\/la-musique-juive-baroque-2eme-partie\/\" target=\"_blank\" rel=\"noopener\">Listen to playlist: Jewish Baroque Music, 2nd part<\/a><\/li>\n<\/ul>\n\n\n<h2 class=\"wp-block-heading\"><\/h2>\n\n\n<div class=\"wp-block-image\">\n<figure class=\"aligncenter size-large\"><img decoding=\"async\" width=\"1024\" height=\"133\" src=\"https:\/\/www.iemj.org\/wp-content\/uploads\/2024\/03\/AUDIO-PLAYER-1024x133.png\" alt=\"\" class=\"wp-image-110607\" srcset=\"https:\/\/www.iemj.org\/wp-content\/uploads\/2024\/03\/AUDIO-PLAYER-1024x133.png 1024w, https:\/\/www.iemj.org\/wp-content\/uploads\/2024\/03\/AUDIO-PLAYER-300x39.png 300w, https:\/\/www.iemj.org\/wp-content\/uploads\/2024\/03\/AUDIO-PLAYER-768x100.png 768w, https:\/\/www.iemj.org\/wp-content\/uploads\/2024\/03\/AUDIO-PLAYER-600x78.png 600w, https:\/\/www.iemj.org\/wp-content\/uploads\/2024\/03\/AUDIO-PLAYER.png 1210w\" sizes=\"(max-width: 1024px) 100vw, 1024px\" \/><\/figure>\n<\/div>\n\n\n<div class=\"wp-block-file\"><a href=\"https:\/\/www.iemj.org\/wp-content\/uploads\/2017\/01\/1_estro_poetico_harmonico_marcello_benedetto_extrait_-_ensemble_apollo.mp3\">Estro poetico harmonico (Marcello Benedetto) (EXTRAIT) &#8211; Ensemble Apollo<\/a><\/div>\n\n\n\n<div class=\"wp-block-file\"><a href=\"https:\/\/www.iemj.org\/wp-content\/uploads\/2017\/01\/2_psalm_146_haleluyah_rossi_extrait_-_profeti_della_quinta.mp3\">Psalm 146 Haleluyah (Rossi) (EXTRAIT) &#8211; Profeti della quinta<\/a><\/div>\n\n\n\n<div class=\"wp-block-file\"><a href=\"https:\/\/www.iemj.org\/wp-content\/uploads\/2017\/01\/3_lemi_ehpots_laasot_yeqar_rossi_-_ensemble_texto.mp3\">Lemi ehpots laasot yeqar (Rossi) &#8211; Ensemble texto<\/a><\/div>\n\n\n\n<div class=\"wp-block-file\"><a href=\"https:\/\/www.iemj.org\/wp-content\/uploads\/2017\/01\/4_cantate_guetteur_grossi_extrait_-_ensemble_apollo.mp3\">Cantate guetteur (Grossi) (EXTRAIT) &#8211; Ensemble Apollo<\/a><\/div>\n\n\n\n<div class=\"wp-block-file\"><a href=\"https:\/\/www.iemj.org\/wp-content\/uploads\/2017\/01\/5_symphony-overture_in_c_adon_olam_s._h._jarach_extrait_-_synagogal_music_in_the_baroque.mp3\">Symphony-overture in C Adon Olam (S. H. Jarach) (EXTRAIT) &#8211; Synagogal Music in the Baroque<\/a><\/div>\n\n\n\n<div class=\"wp-block-file\"><a href=\"https:\/\/www.iemj.org\/wp-content\/uploads\/2017\/01\/6_inauguration_de_la_synagogue_de_sienne_-_gallichi_et_drei_ex.mp3\">Inauguration de la synagogue de Sienne (EXTRAIT) &#8211; Gallichi et Drei<\/a><\/div>\n\n\n\n<div class=\"wp-block-file\"><a href=\"https:\/\/www.iemj.org\/wp-content\/uploads\/2017\/01\/7_canticum_hebraicum_saladin_extrait_-_joel_cohen_de_env_11_44_a_fin.mp3\">Canticum hebraicum (Saladin) (EXTRAIT) &#8211; Jo\u00ebl Cohen<\/a><\/div>\n\n\n\n<div class=\"wp-block-file\"><a href=\"https:\/\/www.iemj.org\/wp-content\/uploads\/2017\/01\/8_hamessiah_illemim_caceres_extrait_-_avner_itai_cd_30_06.mp3\">Hamessiah illemim (Caceres) (EXTRAIT) &#8211; Avner Ita\u00ef<\/a><\/div>\n\n\n\n<div class=\"wp-block-file\"><a href=\"https:\/\/www.iemj.org\/wp-content\/uploads\/2017\/01\/9_kol_haneshama_-_ensemble_texto.mp3\">Kol haneshama &#8211; Ensemble Texto<\/a><\/div>\n\n\n\n<div class=\"wp-block-file\"><a href=\"https:\/\/www.iemj.org\/wp-content\/uploads\/2017\/01\/10_beyt_yisrael_sifdu_lidarti_-_ensemble_texto.mp3\">Beyt Yisrael sifdu (Lidarti) &#8211; Ensemble Texto<\/a><\/div>\n<div class=\"speaker-mute footnotes_reference_container\"> <div class=\"footnote_container_prepare\"><p><span role=\"button\" tabindex=\"0\" class=\"footnote_reference_container_label pointer\" onclick=\"footnote_expand_collapse_reference_container_53730_1();\">&#x202F;<\/span><span role=\"button\" tabindex=\"0\" class=\"footnote_reference_container_collapse_button\" style=\"display: none;\" onclick=\"footnote_expand_collapse_reference_container_53730_1();\">[<a id=\"footnote_reference_container_collapse_button_53730_1\">+<\/a>]<\/span><\/p><\/div> <div id=\"footnote_references_container_53730_1\" style=\"\"><table class=\"footnotes_table footnote-reference-container\"><caption class=\"accessibility\">References<\/caption> <tbody> \r\n\r\n<tr class=\"footnotes_plugin_reference_row\"> <th scope=\"row\" class=\"footnote_plugin_index_combi pointer\"  onclick=\"footnote_moveToAnchor_53730_1('footnote_plugin_tooltip_53730_1_1');\"><a id=\"footnote_plugin_reference_53730_1_1\" class=\"footnote_backlink\">1<\/a><\/th> <td class=\"footnote_plugin_text\">Cf. Israel Adler, &#8220;Les chants synagogaux not\u00e9s au XIIe si\u00e8cle (ca 1102-1150) by Abdias le pros\u00e9lyte normand&#8221;, Revue de Musicologie, 51, 1965, pp. 19-51.&#8221;<\/td><\/tr>\r\n\r\n<tr class=\"footnotes_plugin_reference_row\"> <th scope=\"row\" class=\"footnote_plugin_index_combi pointer\"  onclick=\"footnote_moveToAnchor_53730_1('footnote_plugin_tooltip_53730_1_2');\"><a id=\"footnote_plugin_reference_53730_1_2\" class=\"footnote_backlink\">2<\/a><\/th> <td class=\"footnote_plugin_text\">These include biblical cantillations noted by Christian humanists eager to study the biblical texts in their original version. Cf. J. B\u00f6schenstein (Codex hebraicus, Munich, around 1500), Johannes Reuchlin (De accentibus et orthographia linguae hebraicae, Haguenau, 1518), or Sebastian M\u00fcnster (Institutiones grammaticae in hebream linguam, B\u00e2le, 1524)<\/td><\/tr>\r\n\r\n <\/tbody> <\/table> <\/div><\/div><script type=\"text\/javascript\"> function footnote_expand_reference_container_53730_1() { jQuery('#footnote_references_container_53730_1').show(); jQuery('#footnote_reference_container_collapse_button_53730_1').text('\u2212'); } function footnote_collapse_reference_container_53730_1() { jQuery('#footnote_references_container_53730_1').hide(); jQuery('#footnote_reference_container_collapse_button_53730_1').text('+'); } function footnote_expand_collapse_reference_container_53730_1() { if (jQuery('#footnote_references_container_53730_1').is(':hidden')) { footnote_expand_reference_container_53730_1(); } else { footnote_collapse_reference_container_53730_1(); } } function footnote_moveToReference_53730_1(p_str_TargetID) { footnote_expand_reference_container_53730_1(); var l_obj_Target = jQuery('#' + p_str_TargetID); if (l_obj_Target.length) { jQuery( 'html, body' ).delay( 0 ); jQuery('html, body').animate({ scrollTop: l_obj_Target.offset().top - window.innerHeight * 0.2 }, 380); } } function footnote_moveToAnchor_53730_1(p_str_TargetID) { footnote_expand_reference_container_53730_1(); var l_obj_Target = jQuery('#' + p_str_TargetID); if (l_obj_Target.length) { jQuery( 'html, body' ).delay( 0 ); jQuery('html, body').animate({ scrollTop: l_obj_Target.offset().top - window.innerHeight * 0.2 }, 380); } }<\/script>","protected":false},"excerpt":{"rendered":"<p>Listen to a selection of Jewish baroque music with works by Benedetto, Rossi, Grossi, Lidarti, Saladin and Caceres<\/p>\n","protected":false},"author":1052,"featured_media":17963,"comment_status":"closed","ping_status":"open","sticky":false,"template":"","format":"standard","meta":{"_acf_changed":false,"footnotes":""},"categories":[1317],"tags":[2089],"technique":[],"squelettes":[],"sujet":[],"formation":[],"genre":[1111,1116],"fonds":[],"tradition":[],"type-de-contenu":[],"interprete-compositeur":[],"frise":[],"type-devenement":[],"tableaux-liens-externes":[],"class_list":["post-53730","post","type-post","status-publish","format-standard","has-post-thumbnail","hentry","category-playlists-en","tag-italy-en","genre-baroque-music","genre-liturgy"],"acf":[],"yoast_head":"<!-- This site is optimized with the Yoast SEO plugin v27.3 - https:\/\/yoast.com\/product\/yoast-seo-wordpress\/ -->\n<title>Baroque Jewish Music, 1st part - Institut Europ\u00e9en des Musiques Juives<\/title>\n<meta name=\"robots\" content=\"index, follow, max-snippet:-1, max-image-preview:large, max-video-preview:-1\" \/>\n<link rel=\"canonical\" href=\"https:\/\/www.iemj.org\/en\/la-musique-juive-baroque-1\/\" \/>\n<meta property=\"og:locale\" content=\"en_US\" \/>\n<meta property=\"og:type\" content=\"article\" \/>\n<meta property=\"og:title\" content=\"Baroque Jewish Music, 1st part - Institut Europ\u00e9en des Musiques Juives\" \/>\n<meta property=\"og:description\" content=\"Listen to a selection of Jewish baroque music with works by Benedetto, Rossi, Grossi, Lidarti, Saladin and Caceres\" \/>\n<meta property=\"og:url\" content=\"https:\/\/www.iemj.org\/en\/la-musique-juive-baroque-1\/\" \/>\n<meta property=\"og:site_name\" content=\"Institut Europ\u00e9en des Musiques Juives\" \/>\n<meta property=\"article:publisher\" content=\"https:\/\/www.facebook.com\/MusiquesJuives\/\" \/>\n<meta property=\"article:published_time\" content=\"2018-01-22T15:08:12+00:00\" \/>\n<meta property=\"article:modified_time\" content=\"2025-06-19T16:14:18+00:00\" \/>\n<meta property=\"og:image\" content=\"https:\/\/www.iemj.org\/wp-content\/uploads\/2018\/01\/arton3083-e1631960367825.jpg\" \/>\n\t<meta property=\"og:image:width\" content=\"350\" \/>\n\t<meta property=\"og:image:height\" content=\"293\" \/>\n\t<meta property=\"og:image:type\" content=\"image\/jpeg\" \/>\n<meta name=\"author\" content=\"Lea Couderc\" \/>\n<meta name=\"twitter:card\" content=\"summary_large_image\" \/>\n<meta name=\"twitter:label1\" content=\"Written by\" \/>\n\t<meta name=\"twitter:data1\" content=\"Lea Couderc\" \/>\n\t<meta name=\"twitter:label2\" content=\"Est. reading time\" \/>\n\t<meta name=\"twitter:data2\" content=\"2 minutes\" \/>\n<script type=\"application\/ld+json\" class=\"yoast-schema-graph\">{\"@context\":\"https:\\\/\\\/schema.org\",\"@graph\":[{\"@type\":\"Article\",\"@id\":\"https:\\\/\\\/www.iemj.org\\\/en\\\/la-musique-juive-baroque-1\\\/#article\",\"isPartOf\":{\"@id\":\"https:\\\/\\\/www.iemj.org\\\/en\\\/la-musique-juive-baroque-1\\\/\"},\"author\":{\"name\":\"Lea Couderc\",\"@id\":\"https:\\\/\\\/www.iemj.org\\\/en\\\/#\\\/schema\\\/person\\\/e2ad57f2c4be119c7ed8ab79036807a9\"},\"headline\":\"Baroque Jewish Music, 1st part\",\"datePublished\":\"2018-01-22T15:08:12+00:00\",\"dateModified\":\"2025-06-19T16:14:18+00:00\",\"mainEntityOfPage\":{\"@id\":\"https:\\\/\\\/www.iemj.org\\\/en\\\/la-musique-juive-baroque-1\\\/\"},\"wordCount\":302,\"publisher\":{\"@id\":\"https:\\\/\\\/www.iemj.org\\\/en\\\/#organization\"},\"image\":{\"@id\":\"https:\\\/\\\/www.iemj.org\\\/en\\\/la-musique-juive-baroque-1\\\/#primaryimage\"},\"thumbnailUrl\":\"https:\\\/\\\/www.iemj.org\\\/wp-content\\\/uploads\\\/2018\\\/01\\\/arton3083-e1631960367825.jpg\",\"keywords\":[\"Italy\"],\"articleSection\":[\"Playlists\"],\"inLanguage\":\"en-US\"},{\"@type\":\"WebPage\",\"@id\":\"https:\\\/\\\/www.iemj.org\\\/en\\\/la-musique-juive-baroque-1\\\/\",\"url\":\"https:\\\/\\\/www.iemj.org\\\/en\\\/la-musique-juive-baroque-1\\\/\",\"name\":\"Baroque Jewish Music, 1st part - Institut Europ\u00e9en des Musiques Juives\",\"isPartOf\":{\"@id\":\"https:\\\/\\\/www.iemj.org\\\/en\\\/#website\"},\"primaryImageOfPage\":{\"@id\":\"https:\\\/\\\/www.iemj.org\\\/en\\\/la-musique-juive-baroque-1\\\/#primaryimage\"},\"image\":{\"@id\":\"https:\\\/\\\/www.iemj.org\\\/en\\\/la-musique-juive-baroque-1\\\/#primaryimage\"},\"thumbnailUrl\":\"https:\\\/\\\/www.iemj.org\\\/wp-content\\\/uploads\\\/2018\\\/01\\\/arton3083-e1631960367825.jpg\",\"datePublished\":\"2018-01-22T15:08:12+00:00\",\"dateModified\":\"2025-06-19T16:14:18+00:00\",\"breadcrumb\":{\"@id\":\"https:\\\/\\\/www.iemj.org\\\/en\\\/la-musique-juive-baroque-1\\\/#breadcrumb\"},\"inLanguage\":\"en-US\",\"potentialAction\":[{\"@type\":\"ReadAction\",\"target\":[\"https:\\\/\\\/www.iemj.org\\\/en\\\/la-musique-juive-baroque-1\\\/\"]}]},{\"@type\":\"ImageObject\",\"inLanguage\":\"en-US\",\"@id\":\"https:\\\/\\\/www.iemj.org\\\/en\\\/la-musique-juive-baroque-1\\\/#primaryimage\",\"url\":\"https:\\\/\\\/www.iemj.org\\\/wp-content\\\/uploads\\\/2018\\\/01\\\/arton3083-e1631960367825.jpg\",\"contentUrl\":\"https:\\\/\\\/www.iemj.org\\\/wp-content\\\/uploads\\\/2018\\\/01\\\/arton3083-e1631960367825.jpg\",\"width\":350,\"height\":293},{\"@type\":\"BreadcrumbList\",\"@id\":\"https:\\\/\\\/www.iemj.org\\\/en\\\/la-musique-juive-baroque-1\\\/#breadcrumb\",\"itemListElement\":[{\"@type\":\"ListItem\",\"position\":1,\"name\":\"Accueil\",\"item\":\"https:\\\/\\\/www.iemj.org\\\/en\\\/\"},{\"@type\":\"ListItem\",\"position\":2,\"name\":\"Baroque Jewish Music, 1st part\"}]},{\"@type\":\"WebSite\",\"@id\":\"https:\\\/\\\/www.iemj.org\\\/en\\\/#website\",\"url\":\"https:\\\/\\\/www.iemj.org\\\/en\\\/\",\"name\":\"Institut Europ\u00e9en des Musiques Juives\",\"description\":\"Des traditions musicales \u00e0 la port\u00e9e de tous\",\"publisher\":{\"@id\":\"https:\\\/\\\/www.iemj.org\\\/en\\\/#organization\"},\"potentialAction\":[{\"@type\":\"SearchAction\",\"target\":{\"@type\":\"EntryPoint\",\"urlTemplate\":\"https:\\\/\\\/www.iemj.org\\\/en\\\/?s={search_term_string}\"},\"query-input\":{\"@type\":\"PropertyValueSpecification\",\"valueRequired\":true,\"valueName\":\"search_term_string\"}}],\"inLanguage\":\"en-US\"},{\"@type\":\"Organization\",\"@id\":\"https:\\\/\\\/www.iemj.org\\\/en\\\/#organization\",\"name\":\"Institut Europ\u00e9en des Musiques Juives\",\"url\":\"https:\\\/\\\/www.iemj.org\\\/en\\\/\",\"logo\":{\"@type\":\"ImageObject\",\"inLanguage\":\"en-US\",\"@id\":\"https:\\\/\\\/www.iemj.org\\\/en\\\/#\\\/schema\\\/logo\\\/image\\\/\",\"url\":\"https:\\\/\\\/www.iemj.org\\\/wp-content\\\/uploads\\\/2021\\\/09\\\/Logo-IEMJ-Paypal.jpg\",\"contentUrl\":\"https:\\\/\\\/www.iemj.org\\\/wp-content\\\/uploads\\\/2021\\\/09\\\/Logo-IEMJ-Paypal.jpg\",\"width\":150,\"height\":50,\"caption\":\"Institut Europ\u00e9en des Musiques Juives\"},\"image\":{\"@id\":\"https:\\\/\\\/www.iemj.org\\\/en\\\/#\\\/schema\\\/logo\\\/image\\\/\"},\"sameAs\":[\"https:\\\/\\\/www.facebook.com\\\/MusiquesJuives\\\/\",\"https:\\\/\\\/www.instagram.com\\\/musiquesjuives\\\/\",\"https:\\\/\\\/www.youtube.com\\\/user\\\/musiquesjuives\"]},{\"@type\":\"Person\",\"@id\":\"https:\\\/\\\/www.iemj.org\\\/en\\\/#\\\/schema\\\/person\\\/e2ad57f2c4be119c7ed8ab79036807a9\",\"name\":\"Lea Couderc\",\"image\":{\"@type\":\"ImageObject\",\"inLanguage\":\"en-US\",\"@id\":\"https:\\\/\\\/secure.gravatar.com\\\/avatar\\\/46ee021475d60aeff17a7e490b79dea5a5684bb392ab7fd1494027411df8ba23?s=96&d=mm&r=g\",\"url\":\"https:\\\/\\\/secure.gravatar.com\\\/avatar\\\/46ee021475d60aeff17a7e490b79dea5a5684bb392ab7fd1494027411df8ba23?s=96&d=mm&r=g\",\"contentUrl\":\"https:\\\/\\\/secure.gravatar.com\\\/avatar\\\/46ee021475d60aeff17a7e490b79dea5a5684bb392ab7fd1494027411df8ba23?s=96&d=mm&r=g\",\"caption\":\"Lea Couderc\"}}]}<\/script>\n<!-- \/ Yoast SEO plugin. -->","yoast_head_json":{"title":"Baroque Jewish Music, 1st part - Institut Europ\u00e9en des Musiques Juives","robots":{"index":"index","follow":"follow","max-snippet":"max-snippet:-1","max-image-preview":"max-image-preview:large","max-video-preview":"max-video-preview:-1"},"canonical":"https:\/\/www.iemj.org\/en\/la-musique-juive-baroque-1\/","og_locale":"en_US","og_type":"article","og_title":"Baroque Jewish Music, 1st part - Institut Europ\u00e9en des Musiques Juives","og_description":"Listen to a selection of Jewish baroque music with works by Benedetto, Rossi, Grossi, Lidarti, Saladin and Caceres","og_url":"https:\/\/www.iemj.org\/en\/la-musique-juive-baroque-1\/","og_site_name":"Institut Europ\u00e9en des Musiques Juives","article_publisher":"https:\/\/www.facebook.com\/MusiquesJuives\/","article_published_time":"2018-01-22T15:08:12+00:00","article_modified_time":"2025-06-19T16:14:18+00:00","og_image":[{"width":350,"height":293,"url":"https:\/\/www.iemj.org\/wp-content\/uploads\/2018\/01\/arton3083-e1631960367825.jpg","type":"image\/jpeg"}],"author":"Lea Couderc","twitter_card":"summary_large_image","twitter_misc":{"Written by":"Lea Couderc","Est. reading time":"2 minutes"},"schema":{"@context":"https:\/\/schema.org","@graph":[{"@type":"Article","@id":"https:\/\/www.iemj.org\/en\/la-musique-juive-baroque-1\/#article","isPartOf":{"@id":"https:\/\/www.iemj.org\/en\/la-musique-juive-baroque-1\/"},"author":{"name":"Lea Couderc","@id":"https:\/\/www.iemj.org\/en\/#\/schema\/person\/e2ad57f2c4be119c7ed8ab79036807a9"},"headline":"Baroque Jewish Music, 1st part","datePublished":"2018-01-22T15:08:12+00:00","dateModified":"2025-06-19T16:14:18+00:00","mainEntityOfPage":{"@id":"https:\/\/www.iemj.org\/en\/la-musique-juive-baroque-1\/"},"wordCount":302,"publisher":{"@id":"https:\/\/www.iemj.org\/en\/#organization"},"image":{"@id":"https:\/\/www.iemj.org\/en\/la-musique-juive-baroque-1\/#primaryimage"},"thumbnailUrl":"https:\/\/www.iemj.org\/wp-content\/uploads\/2018\/01\/arton3083-e1631960367825.jpg","keywords":["Italy"],"articleSection":["Playlists"],"inLanguage":"en-US"},{"@type":"WebPage","@id":"https:\/\/www.iemj.org\/en\/la-musique-juive-baroque-1\/","url":"https:\/\/www.iemj.org\/en\/la-musique-juive-baroque-1\/","name":"Baroque Jewish Music, 1st part - Institut Europ\u00e9en des Musiques Juives","isPartOf":{"@id":"https:\/\/www.iemj.org\/en\/#website"},"primaryImageOfPage":{"@id":"https:\/\/www.iemj.org\/en\/la-musique-juive-baroque-1\/#primaryimage"},"image":{"@id":"https:\/\/www.iemj.org\/en\/la-musique-juive-baroque-1\/#primaryimage"},"thumbnailUrl":"https:\/\/www.iemj.org\/wp-content\/uploads\/2018\/01\/arton3083-e1631960367825.jpg","datePublished":"2018-01-22T15:08:12+00:00","dateModified":"2025-06-19T16:14:18+00:00","breadcrumb":{"@id":"https:\/\/www.iemj.org\/en\/la-musique-juive-baroque-1\/#breadcrumb"},"inLanguage":"en-US","potentialAction":[{"@type":"ReadAction","target":["https:\/\/www.iemj.org\/en\/la-musique-juive-baroque-1\/"]}]},{"@type":"ImageObject","inLanguage":"en-US","@id":"https:\/\/www.iemj.org\/en\/la-musique-juive-baroque-1\/#primaryimage","url":"https:\/\/www.iemj.org\/wp-content\/uploads\/2018\/01\/arton3083-e1631960367825.jpg","contentUrl":"https:\/\/www.iemj.org\/wp-content\/uploads\/2018\/01\/arton3083-e1631960367825.jpg","width":350,"height":293},{"@type":"BreadcrumbList","@id":"https:\/\/www.iemj.org\/en\/la-musique-juive-baroque-1\/#breadcrumb","itemListElement":[{"@type":"ListItem","position":1,"name":"Accueil","item":"https:\/\/www.iemj.org\/en\/"},{"@type":"ListItem","position":2,"name":"Baroque Jewish Music, 1st part"}]},{"@type":"WebSite","@id":"https:\/\/www.iemj.org\/en\/#website","url":"https:\/\/www.iemj.org\/en\/","name":"Institut Europ\u00e9en des Musiques Juives","description":"Des traditions musicales \u00e0 la port\u00e9e de tous","publisher":{"@id":"https:\/\/www.iemj.org\/en\/#organization"},"potentialAction":[{"@type":"SearchAction","target":{"@type":"EntryPoint","urlTemplate":"https:\/\/www.iemj.org\/en\/?s={search_term_string}"},"query-input":{"@type":"PropertyValueSpecification","valueRequired":true,"valueName":"search_term_string"}}],"inLanguage":"en-US"},{"@type":"Organization","@id":"https:\/\/www.iemj.org\/en\/#organization","name":"Institut Europ\u00e9en des Musiques Juives","url":"https:\/\/www.iemj.org\/en\/","logo":{"@type":"ImageObject","inLanguage":"en-US","@id":"https:\/\/www.iemj.org\/en\/#\/schema\/logo\/image\/","url":"https:\/\/www.iemj.org\/wp-content\/uploads\/2021\/09\/Logo-IEMJ-Paypal.jpg","contentUrl":"https:\/\/www.iemj.org\/wp-content\/uploads\/2021\/09\/Logo-IEMJ-Paypal.jpg","width":150,"height":50,"caption":"Institut Europ\u00e9en des Musiques Juives"},"image":{"@id":"https:\/\/www.iemj.org\/en\/#\/schema\/logo\/image\/"},"sameAs":["https:\/\/www.facebook.com\/MusiquesJuives\/","https:\/\/www.instagram.com\/musiquesjuives\/","https:\/\/www.youtube.com\/user\/musiquesjuives"]},{"@type":"Person","@id":"https:\/\/www.iemj.org\/en\/#\/schema\/person\/e2ad57f2c4be119c7ed8ab79036807a9","name":"Lea Couderc","image":{"@type":"ImageObject","inLanguage":"en-US","@id":"https:\/\/secure.gravatar.com\/avatar\/46ee021475d60aeff17a7e490b79dea5a5684bb392ab7fd1494027411df8ba23?s=96&d=mm&r=g","url":"https:\/\/secure.gravatar.com\/avatar\/46ee021475d60aeff17a7e490b79dea5a5684bb392ab7fd1494027411df8ba23?s=96&d=mm&r=g","contentUrl":"https:\/\/secure.gravatar.com\/avatar\/46ee021475d60aeff17a7e490b79dea5a5684bb392ab7fd1494027411df8ba23?s=96&d=mm&r=g","caption":"Lea Couderc"}}]}},"_links":{"self":[{"href":"https:\/\/www.iemj.org\/en\/wp-json\/wp\/v2\/posts\/53730","targetHints":{"allow":["GET"]}}],"collection":[{"href":"https:\/\/www.iemj.org\/en\/wp-json\/wp\/v2\/posts"}],"about":[{"href":"https:\/\/www.iemj.org\/en\/wp-json\/wp\/v2\/types\/post"}],"author":[{"embeddable":true,"href":"https:\/\/www.iemj.org\/en\/wp-json\/wp\/v2\/users\/1052"}],"replies":[{"embeddable":true,"href":"https:\/\/www.iemj.org\/en\/wp-json\/wp\/v2\/comments?post=53730"}],"version-history":[{"count":0,"href":"https:\/\/www.iemj.org\/en\/wp-json\/wp\/v2\/posts\/53730\/revisions"}],"wp:featuredmedia":[{"embeddable":true,"href":"https:\/\/www.iemj.org\/en\/wp-json\/wp\/v2\/media\/17963"}],"wp:attachment":[{"href":"https:\/\/www.iemj.org\/en\/wp-json\/wp\/v2\/media?parent=53730"}],"wp:term":[{"taxonomy":"category","embeddable":true,"href":"https:\/\/www.iemj.org\/en\/wp-json\/wp\/v2\/categories?post=53730"},{"taxonomy":"post_tag","embeddable":true,"href":"https:\/\/www.iemj.org\/en\/wp-json\/wp\/v2\/tags?post=53730"},{"taxonomy":"technique","embeddable":true,"href":"https:\/\/www.iemj.org\/en\/wp-json\/wp\/v2\/technique?post=53730"},{"taxonomy":"squelettes","embeddable":true,"href":"https:\/\/www.iemj.org\/en\/wp-json\/wp\/v2\/squelettes?post=53730"},{"taxonomy":"sujet","embeddable":true,"href":"https:\/\/www.iemj.org\/en\/wp-json\/wp\/v2\/sujet?post=53730"},{"taxonomy":"formation","embeddable":true,"href":"https:\/\/www.iemj.org\/en\/wp-json\/wp\/v2\/formation?post=53730"},{"taxonomy":"genre","embeddable":true,"href":"https:\/\/www.iemj.org\/en\/wp-json\/wp\/v2\/genre?post=53730"},{"taxonomy":"fonds","embeddable":true,"href":"https:\/\/www.iemj.org\/en\/wp-json\/wp\/v2\/fonds?post=53730"},{"taxonomy":"tradition","embeddable":true,"href":"https:\/\/www.iemj.org\/en\/wp-json\/wp\/v2\/tradition?post=53730"},{"taxonomy":"type-de-contenu","embeddable":true,"href":"https:\/\/www.iemj.org\/en\/wp-json\/wp\/v2\/type-de-contenu?post=53730"},{"taxonomy":"interprete-compositeur","embeddable":true,"href":"https:\/\/www.iemj.org\/en\/wp-json\/wp\/v2\/interprete-compositeur?post=53730"},{"taxonomy":"frise","embeddable":true,"href":"https:\/\/www.iemj.org\/en\/wp-json\/wp\/v2\/frise?post=53730"},{"taxonomy":"type-devenement","embeddable":true,"href":"https:\/\/www.iemj.org\/en\/wp-json\/wp\/v2\/type-devenement?post=53730"},{"taxonomy":"tableaux-liens-externes","embeddable":true,"href":"https:\/\/www.iemj.org\/en\/wp-json\/wp\/v2\/tableaux-liens-externes?post=53730"}],"curies":[{"name":"wp","href":"https:\/\/api.w.org\/{rel}","templated":true}]}}