{"id":53782,"date":"2021-01-25T16:01:11","date_gmt":"2021-01-25T15:01:11","guid":{"rendered":"https:\/\/www.iemj.org\/tou-bichvat-2\/"},"modified":"2025-02-11T10:09:32","modified_gmt":"2025-02-11T09:09:32","slug":"tou-bichvat-2","status":"publish","type":"post","link":"https:\/\/www.iemj.org\/en\/tou-bichvat-2\/","title":{"rendered":"Tu BiShvat 2"},"content":{"rendered":"<p><strong>A second selection of songs to sing during the celebration of Tu Bishvat<\/strong><\/p>\n<p><!--more-->The holiday Tu BiShvat is defined in the Mishna as the \u00ab\u00a0New Year of the Trees\u00a0\u00bb because it\u2019s the moment when the sap goes back upwards in the tree, just before spring.<\/p>\n<p>In the Torah, the land of Israel is characteristic to have plenty of fruits: \u201ca land of wheat and barley, of vines and fig trees and pomegranates, a land of olive trees and honey\u201d (Devarim 8,8)<\/p>\n<p><img decoding=\"async\" class=\" alignright  wp-image-12956\" src=\"https:\/\/www.iemj.org\/wp-content\/uploads\/2017\/02\/dattier_500px.jpg\" alt=\"dattier_500px.jpg\" width=\"156\" height=\"243\" align=\"right\" srcset=\"https:\/\/www.iemj.org\/wp-content\/uploads\/2017\/02\/dattier_500px.jpg 210w, https:\/\/www.iemj.org\/wp-content\/uploads\/2017\/02\/dattier_500px-193x300.jpg 193w\" sizes=\"(max-width: 156px) 100vw, 156px\" \/><\/p>\n<p>It is therefore a custom to eat on that day at least seven fruits species in a certain order (barley, date, grape, fig, pomegranate, olive and wheat) and to ban any form of restraint (no fasting or funeral eulogy&#8230;) that could ruin the celebration.<\/p>\n<p>Under the impulse of kabbalists from Safed, and later of zionism, Tu BiShvat has become the symbol of renewal of the land of Israel.<\/p>\n<p><a href=\"http:\/\/kefisrael.com\/2012\/02\/02\/chansons-de-tou-bichevat\/\">Read an article about the songs of Tu BiShvat, illustrated with videos, on <em>KefIsra\u00ebl website<\/em><\/a><br \/><a href=\"https:\/\/www.iemj.org\/en\/tou-bichvat\/\">Listen to an other Tu BiShvat playlist<\/a><\/p>\n<p><a href=\"https:\/\/www.iemj.org\/en\/tou-bichvat\/\" target=\"_blank\" rel=\"noopener\">Listen to the playlist Tu Bishvat 1<\/a><\/p>\n\n\n\n\n<figure class=\"wp-block-embed is-type-video is-provider-youtube wp-block-embed-youtube wp-embed-aspect-4-3 wp-has-aspect-ratio\"><div class=\"wp-block-embed__wrapper\">\n<iframe title=\"TOU BICHVAT\" width=\"640\" height=\"480\" src=\"https:\/\/www.youtube.com\/embed\/Qp3itxWlyQM?feature=oembed\" frameborder=\"0\" allow=\"accelerometer; autoplay; clipboard-write; encrypted-media; gyroscope; picture-in-picture; web-share\" referrerpolicy=\"strict-origin-when-cross-origin\" allowfullscreen><\/iframe>\n<\/div><\/figure>\n\n\n\n<figure class=\"wp-block-image size-large\"><img fetchpriority=\"high\" decoding=\"async\" width=\"1024\" height=\"146\" src=\"https:\/\/www.iemj.org\/wp-content\/uploads\/2023\/01\/Bandeau-Playlist_EN2-1024x146.jpg\" alt=\"\" class=\"wp-image-93119\" srcset=\"https:\/\/www.iemj.org\/wp-content\/uploads\/2023\/01\/Bandeau-Playlist_EN2-1024x146.jpg 1024w, https:\/\/www.iemj.org\/wp-content\/uploads\/2023\/01\/Bandeau-Playlist_EN2-300x43.jpg 300w, https:\/\/www.iemj.org\/wp-content\/uploads\/2023\/01\/Bandeau-Playlist_EN2-768x110.jpg 768w, https:\/\/www.iemj.org\/wp-content\/uploads\/2023\/01\/Bandeau-Playlist_EN2-1536x220.jpg 1536w, https:\/\/www.iemj.org\/wp-content\/uploads\/2023\/01\/Bandeau-Playlist_EN2-600x86.jpg 600w, https:\/\/www.iemj.org\/wp-content\/uploads\/2023\/01\/Bandeau-Playlist_EN2.jpg 1608w\" sizes=\"(max-width: 1024px) 100vw, 1024px\" \/><\/figure>\n\n\n\n<div class=\"wp-block-file\"><a id=\"wp-block-file--media-173b1432-8e26-4a7b-90c3-b4dae1760c5e\" href=\"https:\/\/www.iemj.org\/wp-content\/uploads\/2021\/01\/01_hashkediya_porachat_chag_lataf_30_holiday_songs_for_tots.mp3\">Hashkediya Porachat &#8211; Chag Lataf, 30 Holiday Songs for Tots<\/a><\/div>\n\n\n\n<div class=\"wp-block-file\"><a id=\"wp-block-file--media-13f9235b-9090-4a6a-9304-93fe87b000c7\" href=\"https:\/\/www.iemj.org\/wp-content\/uploads\/2021\/01\/02_kach_holchim_hashotelim_chag_lataf_30_holiday_songs_for_tots.mp3\">Kach Holchim Hashotelim &#8211; Chag Lataf, 30 Holiday Songs for Tots<\/a><\/div>\n\n\n\n<div class=\"wp-block-file\"><a id=\"wp-block-file--media-4108f46f-bbd0-499d-9912-0c51efbbd82c\" href=\"https:\/\/www.iemj.org\/wp-content\/uploads\/2021\/01\/03_blessing_for_tu_bishvat_bracha_letu_bishvat_-_51_holiday_songs_for_limor.mp3\">Blessing for tu bishvat (Bracha letu bishvat) &#8211; 51 Holiday songs for Limor<\/a><\/div>\n\n\n\n<div class=\"wp-block-file\"><a id=\"wp-block-file--media-155f4743-96d5-4389-90c9-202edde5128b\" href=\"https:\/\/www.iemj.org\/wp-content\/uploads\/2021\/01\/04_arbor_day_tu_bishvat_-_51_holiday_songs_for_limor.mp3\">Arbor day (Tu bishvat) &#8211; 51 Holiday songs for Limor<\/a><\/div>\n\n\n\n<div class=\"wp-block-file\"><a id=\"wp-block-file--media-24b1153a-d6e1-4064-b483-48e7d37c879c\" href=\"https:\/\/www.iemj.org\/wp-content\/uploads\/2021\/01\/05_to_the_plant_lashatil_-_51_holiday_songs_for_limor.mp3\">To the plant (Lashatil) &#8211; 51 Holiday songs for Limor<\/a><\/div>\n\n\n\n<div class=\"wp-block-file\"><a id=\"wp-block-file--media-f4361e0b-0fb6-4665-9ee7-69aa51dfb4d4\" href=\"https:\/\/www.iemj.org\/wp-content\/uploads\/2021\/01\/06_calaniot_-_the_choir_of_hadassim_children_and_youth_village.mp3\">Calaniot &#8211; The choir of Hadassim children and youth village<\/a><\/div>\n\n\n\n<div class=\"wp-block-file\"><a id=\"wp-block-file--media-c72b9388-c5f3-4d9a-ab59-18a3a336f045\" href=\"https:\/\/www.iemj.org\/wp-content\/uploads\/2021\/01\/07_ajuntaronse_las_flores_-_orit_perlman_extrait_.mp3\">Ajuntaronse las flores &#8211; Orit Perlman (Extrait)<\/a><\/div>\n\n\n\n<div class=\"wp-block-file\"><a id=\"wp-block-file--media-e8682f7d-84e2-4975-a8bf-ccf9bb8428b5\" href=\"https:\/\/www.iemj.org\/wp-content\/uploads\/2021\/01\/08_komplas_de_tu_bishvat_-_avraam_pereira.mp3\">Komplas de Tu bishvat &#8211; Avraam Pereira<\/a><\/div>\n\n\n\n<div class=\"wp-block-file\"><a id=\"wp-block-file--media-8fa2b0c8-97cb-416c-a10b-b4c75c8e7bc3\" href=\"https:\/\/www.iemj.org\/wp-content\/uploads\/2021\/01\/09_in_khoydesh_shvat_-_children_s_chorus_of_workmen_s_circle_schools.mp3\">In Khoydesh Shvat &#8211; Children&#8217;s chorus of workmen&#8217;s circle schools<\/a><\/div>\n\n\n\n<div class=\"wp-block-file\"><a id=\"wp-block-file--media-a1ed261e-c068-429e-bee8-01b9156d1c17\" href=\"https:\/\/www.iemj.org\/wp-content\/uploads\/2021\/01\/10_perah_halilakh_-_chava_alberstein_extrait_.mp3\">Perah Halilakh &#8211; Chava Alberstein (Extrait)<\/a><\/div>\n","protected":false},"excerpt":{"rendered":"<p>A second selection of songs to sing during the celebration of Tu Bishvat<\/p>\n","protected":false},"author":1048,"featured_media":117794,"comment_status":"closed","ping_status":"closed","sticky":false,"template":"","format":"standard","meta":{"_acf_changed":false,"footnotes":""},"categories":[1317],"tags":[],"technique":[],"squelettes":[],"sujet":[],"formation":[],"genre":[1116],"fonds":[],"tradition":[],"type-de-contenu":[],"interprete-compositeur":[],"frise":[],"type-devenement":[],"tableaux-liens-externes":[],"class_list":["post-53782","post","type-post","status-publish","format-standard","has-post-thumbnail","hentry","category-playlists-en","genre-liturgy"],"acf":[],"yoast_head":"<!-- This site is optimized with the Yoast SEO plugin v27.3 - https:\/\/yoast.com\/product\/yoast-seo-wordpress\/ -->\n<title>Tu BiShvat 2 - Institut Europ\u00e9en des Musiques Juives<\/title>\n<meta name=\"robots\" content=\"index, follow, max-snippet:-1, max-image-preview:large, max-video-preview:-1\" \/>\n<link rel=\"canonical\" href=\"https:\/\/www.iemj.org\/en\/tou-bichvat-2\/\" \/>\n<meta property=\"og:locale\" content=\"en_US\" \/>\n<meta property=\"og:type\" content=\"article\" \/>\n<meta property=\"og:title\" content=\"Tu BiShvat 2 - Institut Europ\u00e9en des Musiques Juives\" \/>\n<meta property=\"og:description\" content=\"A second selection of songs to sing during the celebration of Tu Bishvat\" \/>\n<meta property=\"og:url\" content=\"https:\/\/www.iemj.org\/en\/tou-bichvat-2\/\" \/>\n<meta property=\"og:site_name\" content=\"Institut Europ\u00e9en des Musiques Juives\" \/>\n<meta property=\"article:publisher\" content=\"https:\/\/www.facebook.com\/MusiquesJuives\/\" \/>\n<meta property=\"article:published_time\" content=\"2021-01-25T15:01:11+00:00\" \/>\n<meta property=\"article:modified_time\" content=\"2025-02-11T09:09:32+00:00\" \/>\n<meta property=\"og:image\" content=\"https:\/\/www.iemj.org\/wp-content\/uploads\/2021\/01\/Logo-Tou-Bichvat-2.jpg\" \/>\n\t<meta property=\"og:image:width\" content=\"500\" \/>\n\t<meta property=\"og:image:height\" content=\"500\" \/>\n\t<meta property=\"og:image:type\" content=\"image\/jpeg\" \/>\n<meta name=\"author\" content=\"Jean-Gabriel Davis\" \/>\n<meta name=\"twitter:card\" content=\"summary_large_image\" \/>\n<meta name=\"twitter:label1\" content=\"Written by\" \/>\n\t<meta name=\"twitter:data1\" content=\"Jean-Gabriel Davis\" \/>\n\t<meta name=\"twitter:label2\" content=\"Est. reading time\" \/>\n\t<meta name=\"twitter:data2\" content=\"3 minutes\" \/>\n<script type=\"application\/ld+json\" class=\"yoast-schema-graph\">{\"@context\":\"https:\\\/\\\/schema.org\",\"@graph\":[{\"@type\":\"Article\",\"@id\":\"https:\\\/\\\/www.iemj.org\\\/en\\\/tou-bichvat-2\\\/#article\",\"isPartOf\":{\"@id\":\"https:\\\/\\\/www.iemj.org\\\/en\\\/tou-bichvat-2\\\/\"},\"author\":{\"name\":\"Jean-Gabriel Davis\",\"@id\":\"https:\\\/\\\/www.iemj.org\\\/en\\\/#\\\/schema\\\/person\\\/c9bc1c386a3749579a2d675e72a18666\"},\"headline\":\"Tu BiShvat 2\",\"datePublished\":\"2021-01-25T15:01:11+00:00\",\"dateModified\":\"2025-02-11T09:09:32+00:00\",\"mainEntityOfPage\":{\"@id\":\"https:\\\/\\\/www.iemj.org\\\/en\\\/tou-bichvat-2\\\/\"},\"wordCount\":276,\"publisher\":{\"@id\":\"https:\\\/\\\/www.iemj.org\\\/en\\\/#organization\"},\"image\":{\"@id\":\"https:\\\/\\\/www.iemj.org\\\/en\\\/tou-bichvat-2\\\/#primaryimage\"},\"thumbnailUrl\":\"https:\\\/\\\/www.iemj.org\\\/wp-content\\\/uploads\\\/2021\\\/01\\\/Logo-Tou-Bichvat-2.jpg\",\"articleSection\":[\"Playlists\"],\"inLanguage\":\"en-US\"},{\"@type\":\"WebPage\",\"@id\":\"https:\\\/\\\/www.iemj.org\\\/en\\\/tou-bichvat-2\\\/\",\"url\":\"https:\\\/\\\/www.iemj.org\\\/en\\\/tou-bichvat-2\\\/\",\"name\":\"Tu BiShvat 2 - Institut Europ\u00e9en des Musiques Juives\",\"isPartOf\":{\"@id\":\"https:\\\/\\\/www.iemj.org\\\/en\\\/#website\"},\"primaryImageOfPage\":{\"@id\":\"https:\\\/\\\/www.iemj.org\\\/en\\\/tou-bichvat-2\\\/#primaryimage\"},\"image\":{\"@id\":\"https:\\\/\\\/www.iemj.org\\\/en\\\/tou-bichvat-2\\\/#primaryimage\"},\"thumbnailUrl\":\"https:\\\/\\\/www.iemj.org\\\/wp-content\\\/uploads\\\/2021\\\/01\\\/Logo-Tou-Bichvat-2.jpg\",\"datePublished\":\"2021-01-25T15:01:11+00:00\",\"dateModified\":\"2025-02-11T09:09:32+00:00\",\"breadcrumb\":{\"@id\":\"https:\\\/\\\/www.iemj.org\\\/en\\\/tou-bichvat-2\\\/#breadcrumb\"},\"inLanguage\":\"en-US\",\"potentialAction\":[{\"@type\":\"ReadAction\",\"target\":[\"https:\\\/\\\/www.iemj.org\\\/en\\\/tou-bichvat-2\\\/\"]}]},{\"@type\":\"ImageObject\",\"inLanguage\":\"en-US\",\"@id\":\"https:\\\/\\\/www.iemj.org\\\/en\\\/tou-bichvat-2\\\/#primaryimage\",\"url\":\"https:\\\/\\\/www.iemj.org\\\/wp-content\\\/uploads\\\/2021\\\/01\\\/Logo-Tou-Bichvat-2.jpg\",\"contentUrl\":\"https:\\\/\\\/www.iemj.org\\\/wp-content\\\/uploads\\\/2021\\\/01\\\/Logo-Tou-Bichvat-2.jpg\",\"width\":500,\"height\":500},{\"@type\":\"BreadcrumbList\",\"@id\":\"https:\\\/\\\/www.iemj.org\\\/en\\\/tou-bichvat-2\\\/#breadcrumb\",\"itemListElement\":[{\"@type\":\"ListItem\",\"position\":1,\"name\":\"Accueil\",\"item\":\"https:\\\/\\\/www.iemj.org\\\/en\\\/\"},{\"@type\":\"ListItem\",\"position\":2,\"name\":\"Tu BiShvat 2\"}]},{\"@type\":\"WebSite\",\"@id\":\"https:\\\/\\\/www.iemj.org\\\/en\\\/#website\",\"url\":\"https:\\\/\\\/www.iemj.org\\\/en\\\/\",\"name\":\"Institut Europ\u00e9en des Musiques Juives\",\"description\":\"Des traditions musicales \u00e0 la port\u00e9e de tous\",\"publisher\":{\"@id\":\"https:\\\/\\\/www.iemj.org\\\/en\\\/#organization\"},\"potentialAction\":[{\"@type\":\"SearchAction\",\"target\":{\"@type\":\"EntryPoint\",\"urlTemplate\":\"https:\\\/\\\/www.iemj.org\\\/en\\\/?s={search_term_string}\"},\"query-input\":{\"@type\":\"PropertyValueSpecification\",\"valueRequired\":true,\"valueName\":\"search_term_string\"}}],\"inLanguage\":\"en-US\"},{\"@type\":\"Organization\",\"@id\":\"https:\\\/\\\/www.iemj.org\\\/en\\\/#organization\",\"name\":\"Institut Europ\u00e9en des Musiques Juives\",\"url\":\"https:\\\/\\\/www.iemj.org\\\/en\\\/\",\"logo\":{\"@type\":\"ImageObject\",\"inLanguage\":\"en-US\",\"@id\":\"https:\\\/\\\/www.iemj.org\\\/en\\\/#\\\/schema\\\/logo\\\/image\\\/\",\"url\":\"https:\\\/\\\/www.iemj.org\\\/wp-content\\\/uploads\\\/2021\\\/09\\\/Logo-IEMJ-Paypal.jpg\",\"contentUrl\":\"https:\\\/\\\/www.iemj.org\\\/wp-content\\\/uploads\\\/2021\\\/09\\\/Logo-IEMJ-Paypal.jpg\",\"width\":150,\"height\":50,\"caption\":\"Institut Europ\u00e9en des Musiques Juives\"},\"image\":{\"@id\":\"https:\\\/\\\/www.iemj.org\\\/en\\\/#\\\/schema\\\/logo\\\/image\\\/\"},\"sameAs\":[\"https:\\\/\\\/www.facebook.com\\\/MusiquesJuives\\\/\",\"https:\\\/\\\/www.instagram.com\\\/musiquesjuives\\\/\",\"https:\\\/\\\/www.youtube.com\\\/user\\\/musiquesjuives\"]},{\"@type\":\"Person\",\"@id\":\"https:\\\/\\\/www.iemj.org\\\/en\\\/#\\\/schema\\\/person\\\/c9bc1c386a3749579a2d675e72a18666\",\"name\":\"Jean-Gabriel Davis\",\"image\":{\"@type\":\"ImageObject\",\"inLanguage\":\"en-US\",\"@id\":\"https:\\\/\\\/secure.gravatar.com\\\/avatar\\\/2b90d67bdf392c9b3a21fab87c0fa7edaf1fb3a058172a1ffd61033fcec7aec1?s=96&d=mm&r=g\",\"url\":\"https:\\\/\\\/secure.gravatar.com\\\/avatar\\\/2b90d67bdf392c9b3a21fab87c0fa7edaf1fb3a058172a1ffd61033fcec7aec1?s=96&d=mm&r=g\",\"contentUrl\":\"https:\\\/\\\/secure.gravatar.com\\\/avatar\\\/2b90d67bdf392c9b3a21fab87c0fa7edaf1fb3a058172a1ffd61033fcec7aec1?s=96&d=mm&r=g\",\"caption\":\"Jean-Gabriel Davis\"}}]}<\/script>\n<!-- \/ Yoast SEO plugin. -->","yoast_head_json":{"title":"Tu BiShvat 2 - Institut Europ\u00e9en des Musiques Juives","robots":{"index":"index","follow":"follow","max-snippet":"max-snippet:-1","max-image-preview":"max-image-preview:large","max-video-preview":"max-video-preview:-1"},"canonical":"https:\/\/www.iemj.org\/en\/tou-bichvat-2\/","og_locale":"en_US","og_type":"article","og_title":"Tu BiShvat 2 - Institut Europ\u00e9en des Musiques Juives","og_description":"A second selection of songs to sing during the celebration of Tu Bishvat","og_url":"https:\/\/www.iemj.org\/en\/tou-bichvat-2\/","og_site_name":"Institut Europ\u00e9en des Musiques Juives","article_publisher":"https:\/\/www.facebook.com\/MusiquesJuives\/","article_published_time":"2021-01-25T15:01:11+00:00","article_modified_time":"2025-02-11T09:09:32+00:00","og_image":[{"width":500,"height":500,"url":"https:\/\/www.iemj.org\/wp-content\/uploads\/2021\/01\/Logo-Tou-Bichvat-2.jpg","type":"image\/jpeg"}],"author":"Jean-Gabriel Davis","twitter_card":"summary_large_image","twitter_misc":{"Written by":"Jean-Gabriel Davis","Est. reading time":"3 minutes"},"schema":{"@context":"https:\/\/schema.org","@graph":[{"@type":"Article","@id":"https:\/\/www.iemj.org\/en\/tou-bichvat-2\/#article","isPartOf":{"@id":"https:\/\/www.iemj.org\/en\/tou-bichvat-2\/"},"author":{"name":"Jean-Gabriel Davis","@id":"https:\/\/www.iemj.org\/en\/#\/schema\/person\/c9bc1c386a3749579a2d675e72a18666"},"headline":"Tu BiShvat 2","datePublished":"2021-01-25T15:01:11+00:00","dateModified":"2025-02-11T09:09:32+00:00","mainEntityOfPage":{"@id":"https:\/\/www.iemj.org\/en\/tou-bichvat-2\/"},"wordCount":276,"publisher":{"@id":"https:\/\/www.iemj.org\/en\/#organization"},"image":{"@id":"https:\/\/www.iemj.org\/en\/tou-bichvat-2\/#primaryimage"},"thumbnailUrl":"https:\/\/www.iemj.org\/wp-content\/uploads\/2021\/01\/Logo-Tou-Bichvat-2.jpg","articleSection":["Playlists"],"inLanguage":"en-US"},{"@type":"WebPage","@id":"https:\/\/www.iemj.org\/en\/tou-bichvat-2\/","url":"https:\/\/www.iemj.org\/en\/tou-bichvat-2\/","name":"Tu BiShvat 2 - Institut Europ\u00e9en des Musiques Juives","isPartOf":{"@id":"https:\/\/www.iemj.org\/en\/#website"},"primaryImageOfPage":{"@id":"https:\/\/www.iemj.org\/en\/tou-bichvat-2\/#primaryimage"},"image":{"@id":"https:\/\/www.iemj.org\/en\/tou-bichvat-2\/#primaryimage"},"thumbnailUrl":"https:\/\/www.iemj.org\/wp-content\/uploads\/2021\/01\/Logo-Tou-Bichvat-2.jpg","datePublished":"2021-01-25T15:01:11+00:00","dateModified":"2025-02-11T09:09:32+00:00","breadcrumb":{"@id":"https:\/\/www.iemj.org\/en\/tou-bichvat-2\/#breadcrumb"},"inLanguage":"en-US","potentialAction":[{"@type":"ReadAction","target":["https:\/\/www.iemj.org\/en\/tou-bichvat-2\/"]}]},{"@type":"ImageObject","inLanguage":"en-US","@id":"https:\/\/www.iemj.org\/en\/tou-bichvat-2\/#primaryimage","url":"https:\/\/www.iemj.org\/wp-content\/uploads\/2021\/01\/Logo-Tou-Bichvat-2.jpg","contentUrl":"https:\/\/www.iemj.org\/wp-content\/uploads\/2021\/01\/Logo-Tou-Bichvat-2.jpg","width":500,"height":500},{"@type":"BreadcrumbList","@id":"https:\/\/www.iemj.org\/en\/tou-bichvat-2\/#breadcrumb","itemListElement":[{"@type":"ListItem","position":1,"name":"Accueil","item":"https:\/\/www.iemj.org\/en\/"},{"@type":"ListItem","position":2,"name":"Tu BiShvat 2"}]},{"@type":"WebSite","@id":"https:\/\/www.iemj.org\/en\/#website","url":"https:\/\/www.iemj.org\/en\/","name":"Institut Europ\u00e9en des Musiques Juives","description":"Des traditions musicales \u00e0 la port\u00e9e de tous","publisher":{"@id":"https:\/\/www.iemj.org\/en\/#organization"},"potentialAction":[{"@type":"SearchAction","target":{"@type":"EntryPoint","urlTemplate":"https:\/\/www.iemj.org\/en\/?s={search_term_string}"},"query-input":{"@type":"PropertyValueSpecification","valueRequired":true,"valueName":"search_term_string"}}],"inLanguage":"en-US"},{"@type":"Organization","@id":"https:\/\/www.iemj.org\/en\/#organization","name":"Institut Europ\u00e9en des Musiques Juives","url":"https:\/\/www.iemj.org\/en\/","logo":{"@type":"ImageObject","inLanguage":"en-US","@id":"https:\/\/www.iemj.org\/en\/#\/schema\/logo\/image\/","url":"https:\/\/www.iemj.org\/wp-content\/uploads\/2021\/09\/Logo-IEMJ-Paypal.jpg","contentUrl":"https:\/\/www.iemj.org\/wp-content\/uploads\/2021\/09\/Logo-IEMJ-Paypal.jpg","width":150,"height":50,"caption":"Institut Europ\u00e9en des Musiques Juives"},"image":{"@id":"https:\/\/www.iemj.org\/en\/#\/schema\/logo\/image\/"},"sameAs":["https:\/\/www.facebook.com\/MusiquesJuives\/","https:\/\/www.instagram.com\/musiquesjuives\/","https:\/\/www.youtube.com\/user\/musiquesjuives"]},{"@type":"Person","@id":"https:\/\/www.iemj.org\/en\/#\/schema\/person\/c9bc1c386a3749579a2d675e72a18666","name":"Jean-Gabriel Davis","image":{"@type":"ImageObject","inLanguage":"en-US","@id":"https:\/\/secure.gravatar.com\/avatar\/2b90d67bdf392c9b3a21fab87c0fa7edaf1fb3a058172a1ffd61033fcec7aec1?s=96&d=mm&r=g","url":"https:\/\/secure.gravatar.com\/avatar\/2b90d67bdf392c9b3a21fab87c0fa7edaf1fb3a058172a1ffd61033fcec7aec1?s=96&d=mm&r=g","contentUrl":"https:\/\/secure.gravatar.com\/avatar\/2b90d67bdf392c9b3a21fab87c0fa7edaf1fb3a058172a1ffd61033fcec7aec1?s=96&d=mm&r=g","caption":"Jean-Gabriel Davis"}}]}},"_links":{"self":[{"href":"https:\/\/www.iemj.org\/en\/wp-json\/wp\/v2\/posts\/53782","targetHints":{"allow":["GET"]}}],"collection":[{"href":"https:\/\/www.iemj.org\/en\/wp-json\/wp\/v2\/posts"}],"about":[{"href":"https:\/\/www.iemj.org\/en\/wp-json\/wp\/v2\/types\/post"}],"author":[{"embeddable":true,"href":"https:\/\/www.iemj.org\/en\/wp-json\/wp\/v2\/users\/1048"}],"replies":[{"embeddable":true,"href":"https:\/\/www.iemj.org\/en\/wp-json\/wp\/v2\/comments?post=53782"}],"version-history":[{"count":0,"href":"https:\/\/www.iemj.org\/en\/wp-json\/wp\/v2\/posts\/53782\/revisions"}],"wp:featuredmedia":[{"embeddable":true,"href":"https:\/\/www.iemj.org\/en\/wp-json\/wp\/v2\/media\/117794"}],"wp:attachment":[{"href":"https:\/\/www.iemj.org\/en\/wp-json\/wp\/v2\/media?parent=53782"}],"wp:term":[{"taxonomy":"category","embeddable":true,"href":"https:\/\/www.iemj.org\/en\/wp-json\/wp\/v2\/categories?post=53782"},{"taxonomy":"post_tag","embeddable":true,"href":"https:\/\/www.iemj.org\/en\/wp-json\/wp\/v2\/tags?post=53782"},{"taxonomy":"technique","embeddable":true,"href":"https:\/\/www.iemj.org\/en\/wp-json\/wp\/v2\/technique?post=53782"},{"taxonomy":"squelettes","embeddable":true,"href":"https:\/\/www.iemj.org\/en\/wp-json\/wp\/v2\/squelettes?post=53782"},{"taxonomy":"sujet","embeddable":true,"href":"https:\/\/www.iemj.org\/en\/wp-json\/wp\/v2\/sujet?post=53782"},{"taxonomy":"formation","embeddable":true,"href":"https:\/\/www.iemj.org\/en\/wp-json\/wp\/v2\/formation?post=53782"},{"taxonomy":"genre","embeddable":true,"href":"https:\/\/www.iemj.org\/en\/wp-json\/wp\/v2\/genre?post=53782"},{"taxonomy":"fonds","embeddable":true,"href":"https:\/\/www.iemj.org\/en\/wp-json\/wp\/v2\/fonds?post=53782"},{"taxonomy":"tradition","embeddable":true,"href":"https:\/\/www.iemj.org\/en\/wp-json\/wp\/v2\/tradition?post=53782"},{"taxonomy":"type-de-contenu","embeddable":true,"href":"https:\/\/www.iemj.org\/en\/wp-json\/wp\/v2\/type-de-contenu?post=53782"},{"taxonomy":"interprete-compositeur","embeddable":true,"href":"https:\/\/www.iemj.org\/en\/wp-json\/wp\/v2\/interprete-compositeur?post=53782"},{"taxonomy":"frise","embeddable":true,"href":"https:\/\/www.iemj.org\/en\/wp-json\/wp\/v2\/frise?post=53782"},{"taxonomy":"type-devenement","embeddable":true,"href":"https:\/\/www.iemj.org\/en\/wp-json\/wp\/v2\/type-devenement?post=53782"},{"taxonomy":"tableaux-liens-externes","embeddable":true,"href":"https:\/\/www.iemj.org\/en\/wp-json\/wp\/v2\/tableaux-liens-externes?post=53782"}],"curies":[{"name":"wp","href":"https:\/\/api.w.org\/{rel}","templated":true}]}}