{"id":53822,"date":"2020-04-26T12:53:30","date_gmt":"2020-04-26T10:53:30","guid":{"rendered":"https:\/\/www.iemj.org\/gerineldo\/"},"modified":"2025-08-19T17:02:07","modified_gmt":"2025-08-19T15:02:07","slug":"gerineldo","status":"publish","type":"post","link":"https:\/\/www.iemj.org\/en\/gerineldo\/","title":{"rendered":"Gerineldo"},"content":{"rendered":"<p>The vocal and instrumental ensemble <strong><em>Gerineldo<\/em><\/strong> was founded in Canada in 1981 by <strong>Oro Anahory-Librowicz<\/strong>, a native of Tetuan, Morocco; PhD in Hispanic studies of the prestigious Columbia University of New York, and specialist in Sephardic Judeo-Spanish oral literature. Her goal was to preserve and disseminate the Judeo-Spanish musical traditions of Northern Morocco, by performing the romances (narrative ballads) and other songs of the descendants of the Jews expelled from Spain in 1492. Recently, she donated to the National Library of Israel her field recordings, with background documentation, of hundreds of Judeo-Spanish songs that she had collected since the beginning of the 1980\u2019s in Moroccan Sephardic communities settled all over the world.<\/p>\n<p><em><img fetchpriority=\"high\" decoding=\"async\" class=\" alignright size-full wp-image-28314\" src=\"https:\/\/www.iemj.org\/wp-content\/uploads\/2020\/04\/couv_de_fiestas_y_alegrias_redim_240_px_vertic.jpg\" alt=\"couv_de_fiestas_y_alegrias_redim_240_px_vertic.jpg\" width=\"238\" height=\"240\" align=\"right\" srcset=\"https:\/\/www.iemj.org\/wp-content\/uploads\/2020\/04\/couv_de_fiestas_y_alegrias_redim_240_px_vertic.jpg 238w, https:\/\/www.iemj.org\/wp-content\/uploads\/2020\/04\/couv_de_fiestas_y_alegrias_redim_240_px_vertic-150x150.jpg 150w, https:\/\/www.iemj.org\/wp-content\/uploads\/2020\/04\/couv_de_fiestas_y_alegrias_redim_240_px_vertic-100x100.jpg 100w\" sizes=\"(max-width: 238px) 100vw, 238px\" \/><\/em><\/p>\n<p>The ensemble\u2019s name, <em>Gerineldo<\/em> , took its name from a popular Moroccan Sephardic <em>romance<\/em> whose text can be traced to the Middle Ages, telling the curious tale of the King\u2019s daughter, in love with the page Gerineldo.<\/p>\n<p>Led by <strong>Oro Anahory-Librowicz<\/strong>, the founder-director of Gerineldo, she invited her colleague and former teacher, Solly L\u00e9vy, to be part of the ensemble. Solly L\u00e9vy, then the director of the Kinor Sephardic choir, suggested inviting its soloist Kelly (Raquel) Sultan Amar, and the ensemble was completed by <strong>Judith Cohen<\/strong>. An Ashkenazi from Montreal, she was then completing her PhD in ethnomusicology, specializing in Judeo-Spanish musical traditions from the Eastern Mediterranean and Morocco, and now is a lecturer at York University in Toronto. Gerineldo was also frequently joined by Moroccan-Israeli-Canadian violin virtuoso Charly Edry.<\/p>\n<p><img decoding=\"async\" class=\" alignleft  wp-image-28316\" src=\"https:\/\/www.iemj.org\/wp-content\/uploads\/2020\/04\/couv_el_medio_de_quel_camino_redim_240_px_vertic.jpg\" alt=\"couv_el_medio_de_quel_camino_redim_240_px_vertic.jpg\" width=\"220\" height=\"224\" align=\"left\" \/><\/p>\n<p>From 1981 to 1994, <em>Gerineldo<\/em>, gave many enthusiastically received concerts in Montreal, often as part of the <em>Quinzaine S\u00e9pharade<\/em>, as well as in other Canadian cities and festivals, and in Israel, Spain, Venezuela and the United States.<\/p>\n<p>In 1994, soloist Kelly Amar\u2019s husband suddenly passed away, and <em>Gerineldo<\/em> largely stopped performing.<\/p>\n<p>After 20 years of absence, in the spring of 2014, <em>Gerineldo<\/em> returned to the stage, in Paris in March 2014, as part of the <em>Journ\u00e9es du juda\u00efsme marocain<\/em>, under the patronage of His Majesty Mohammed VI, King of Morocco. Other successful shows followed, organized by the Judeo-Spanish association <em>Aki Estamos<\/em> in Paris, the Alliance Fran\u00e7aise of Toronto and the Festival Sefarad in Montreal.\u00a0 <img decoding=\"async\" class=\" alignright size-full wp-image-28318\" src=\"https:\/\/www.iemj.org\/wp-content\/uploads\/2020\/04\/couv_me_vaya_kappara_redim_240_px_vertic.jpg\" alt=\"couv_me_vaya_kappara_redim_240_px_vertic.jpg\" width=\"234\" height=\"240\" align=\"right\" \/><\/p>\n<p>The band was joined by the vibrant and bright voices of two talented young singers: <strong>Tamar Ilana<\/strong>, Judith Cohen\u2019s daughter, who had sung with Gerineldo as a child, and <strong>Matan Boker<\/strong>, the 21-year-old grandson of Solly Levy; Greek-Canadian oud virtuoso Demetrios Petsalakis also joined the ensemble after the first 2014 concert. The ensemble was returning, with renewed vigour, to its mission of disseminating the beautiful Moroccan Judeo-Spanish musical heritage, but, later in 2015, Solly Levy was diagnosed with the disease which forced him to stop his activities. He passed away on April 10, 2020.<\/p>\n<p><a href=\"https:\/\/www.iemj.org\/en\/levy-solly-1939-2020\/\">Read Solly Levy\u2019s biography<\/a><br \/><a href=\"https:\/\/www.iemj.org\/en\/cohen-judith\/\">Read Judith Cohen\u2019s biography<\/a><\/p>\n\n<div class=\"wp-block-image\">\n<figure class=\"aligncenter size-large\"><img loading=\"lazy\" decoding=\"async\" width=\"1024\" height=\"133\" src=\"https:\/\/www.iemj.org\/wp-content\/uploads\/2024\/03\/AUDIO-PLAYER-1024x133.png\" alt=\"\" class=\"wp-image-110607\" srcset=\"https:\/\/www.iemj.org\/wp-content\/uploads\/2024\/03\/AUDIO-PLAYER-1024x133.png 1024w, https:\/\/www.iemj.org\/wp-content\/uploads\/2024\/03\/AUDIO-PLAYER-300x39.png 300w, https:\/\/www.iemj.org\/wp-content\/uploads\/2024\/03\/AUDIO-PLAYER-768x100.png 768w, https:\/\/www.iemj.org\/wp-content\/uploads\/2024\/03\/AUDIO-PLAYER-600x78.png 600w, https:\/\/www.iemj.org\/wp-content\/uploads\/2024\/03\/AUDIO-PLAYER.png 1210w\" sizes=\"(max-width: 1024px) 100vw, 1024px\" \/><\/figure>\n<\/div>\n\n\n<h2 class=\"wp-block-heading\"><\/h2>\n\n\n\n<p><\/p>\n\n\n\n<div class=\"wp-block-file\"><a href=\"https:\/\/www.iemj.org\/wp-content\/uploads\/2020\/04\/01_ansi_se_me_arrimo_extrait_.mp3\">Ansi se me arrimo (Extrait)<\/a><\/div>\n\n\n\n<div class=\"wp-block-file\"><a href=\"https:\/\/www.iemj.org\/wp-content\/uploads\/2020\/04\/02_axuar_nuevo.mp3\">Axuar nuevo<\/a><\/div>\n\n\n\n<div class=\"wp-block-file\"><a href=\"https:\/\/www.iemj.org\/wp-content\/uploads\/2020\/04\/03_coplas_de_purim_extrait_.mp3\">Coplas de Purim (Extrait) <\/a><\/div>\n\n\n\n<div class=\"wp-block-file\"><a href=\"https:\/\/www.iemj.org\/wp-content\/uploads\/2020\/04\/04_don_bueso_y_su_hermana_extrait_.mp3\">Don Bueso y su hermana (Extrait)<\/a><\/div>\n\n\n\n<div class=\"wp-block-file\"><a href=\"https:\/\/www.iemj.org\/wp-content\/uploads\/2020\/04\/05_el_nacimiento_de_abraham_extrait_.mp3\">El nacimiento de Abraham (Extrait)<\/a><\/div>\n\n\n\n<div class=\"wp-block-file\"><a href=\"https:\/\/www.iemj.org\/wp-content\/uploads\/2020\/04\/06_gerineldo_extrait_.mp3\">Gerineldo (Extrait)<\/a><\/div>\n\n\n\n<div class=\"wp-block-file\"><a href=\"https:\/\/www.iemj.org\/wp-content\/uploads\/2020\/04\/07_hermanas_reina_y_cautiva_extrait_.mp3\">Hermanas reina y cautiva (Extrait)<\/a><\/div>\n\n\n\n<div class=\"wp-block-file\"><a href=\"https:\/\/www.iemj.org\/wp-content\/uploads\/2020\/04\/08_la_entrega_de_la_ley_extrait_.mp3\">La entrega de la Ley (Extrait)<\/a><\/div>\n\n\n\n<div class=\"wp-block-file\"><a href=\"https:\/\/www.iemj.org\/wp-content\/uploads\/2020\/04\/09_la_novia_destrenza_el_pelo.mp3\">La novia destrenza el pelo<\/a><\/div>\n\n\n\n<div class=\"wp-block-file\"><a href=\"https:\/\/www.iemj.org\/wp-content\/uploads\/2020\/04\/10_la_vuelta_del_marido_extrait_.mp3\">La vuelta del marido (Extrait)<\/a><\/div>\n\n\n\n<div class=\"wp-block-file\"><a href=\"https:\/\/www.iemj.org\/wp-content\/uploads\/2020\/04\/11_levantime_madre_extrait_.mp3\">Levantime madre (Extrait)<\/a><\/div>\n\n\n\n<div class=\"wp-block-file\"><a href=\"https:\/\/www.iemj.org\/wp-content\/uploads\/2020\/04\/12_oy_que_buena_extrait_.mp3\">Oy que buena (Extrait)<\/a><\/div>\n\n\n\n<div class=\"wp-block-file\"><a href=\"https:\/\/www.iemj.org\/wp-content\/uploads\/2020\/04\/13_tamar_y_amnon_extrait_.mp3\">Tamar y Amnon (Extrait)<\/a><\/div>\n\n\n\n<div class=\"wp-block-file\"><a href=\"https:\/\/www.iemj.org\/wp-content\/uploads\/2020\/04\/14_ventanas_altas_extrait_.mp3\">Ventanas altas (Extrait)<\/a><\/div>\n\n\n\n<div class=\"wp-block-file\"><a href=\"https:\/\/www.iemj.org\/wp-content\/uploads\/2020\/04\/15_uskudara_suite_extrait_.mp3\">Uskudara suite (Extrait)<\/a><\/div>\n","protected":false},"excerpt":{"rendered":"<p>The vocal and instrumental ensemble Gerineldo was founded in Canada in 1981 by Oro Anahory-Librowicz, a native of Tetuan, Morocco; PhD in Hispanic studies of the prestigious Columbia University of<\/p>\n","protected":false},"author":5,"featured_media":28312,"comment_status":"closed","ping_status":"closed","sticky":false,"template":"","format":"standard","meta":{"_acf_changed":false,"footnotes":""},"categories":[1317],"tags":[],"technique":[],"squelettes":[],"sujet":[],"formation":[],"genre":[1114],"fonds":[],"tradition":[1144],"type-de-contenu":[],"interprete-compositeur":[],"frise":[],"type-devenement":[],"tableaux-liens-externes":[],"class_list":["post-53822","post","type-post","status-publish","format-standard","has-post-thumbnail","hentry","category-playlists-en","genre-ladino","tradition-nmoroccan-rite-en"],"acf":[],"yoast_head":"<!-- This site is optimized with the Yoast SEO plugin v27.3 - https:\/\/yoast.com\/product\/yoast-seo-wordpress\/ -->\n<title>Gerineldo - Institut Europ\u00e9en des Musiques Juives<\/title>\n<meta name=\"robots\" content=\"index, follow, max-snippet:-1, max-image-preview:large, max-video-preview:-1\" \/>\n<link rel=\"canonical\" href=\"https:\/\/www.iemj.org\/en\/gerineldo\/\" \/>\n<meta property=\"og:locale\" content=\"en_US\" \/>\n<meta property=\"og:type\" content=\"article\" \/>\n<meta property=\"og:title\" content=\"Gerineldo - Institut Europ\u00e9en des Musiques Juives\" \/>\n<meta property=\"og:description\" content=\"The vocal and instrumental ensemble Gerineldo was founded in Canada in 1981 by Oro Anahory-Librowicz, a native of Tetuan, Morocco; PhD in Hispanic studies of the prestigious Columbia University of\" \/>\n<meta property=\"og:url\" content=\"https:\/\/www.iemj.org\/en\/gerineldo\/\" \/>\n<meta property=\"og:site_name\" content=\"Institut Europ\u00e9en des Musiques Juives\" \/>\n<meta property=\"article:publisher\" content=\"https:\/\/www.facebook.com\/MusiquesJuives\/\" \/>\n<meta property=\"article:published_time\" content=\"2020-04-26T10:53:30+00:00\" \/>\n<meta property=\"article:modified_time\" content=\"2025-08-19T15:02:07+00:00\" \/>\n<meta property=\"og:image\" content=\"https:\/\/www.iemj.org\/wp-content\/uploads\/2020\/04\/arton4701-e1618502705285.jpg\" \/>\n\t<meta property=\"og:image:width\" content=\"450\" \/>\n\t<meta property=\"og:image:height\" content=\"391\" \/>\n\t<meta property=\"og:image:type\" content=\"image\/jpeg\" \/>\n<meta name=\"author\" content=\"Jacqueline ROTEN\" \/>\n<meta name=\"twitter:card\" content=\"summary_large_image\" \/>\n<meta name=\"twitter:label1\" content=\"Written by\" \/>\n\t<meta name=\"twitter:data1\" content=\"Jacqueline ROTEN\" \/>\n\t<meta name=\"twitter:label2\" content=\"Est. reading time\" \/>\n\t<meta name=\"twitter:data2\" content=\"4 minutes\" \/>\n<script type=\"application\/ld+json\" class=\"yoast-schema-graph\">{\"@context\":\"https:\\\/\\\/schema.org\",\"@graph\":[{\"@type\":\"Article\",\"@id\":\"https:\\\/\\\/www.iemj.org\\\/en\\\/gerineldo\\\/#article\",\"isPartOf\":{\"@id\":\"https:\\\/\\\/www.iemj.org\\\/en\\\/gerineldo\\\/\"},\"author\":{\"name\":\"Jacqueline ROTEN\",\"@id\":\"https:\\\/\\\/www.iemj.org\\\/en\\\/#\\\/schema\\\/person\\\/358e26c18aca017fcc4cc15437f7279c\"},\"headline\":\"Gerineldo\",\"datePublished\":\"2020-04-26T10:53:30+00:00\",\"dateModified\":\"2025-08-19T15:02:07+00:00\",\"mainEntityOfPage\":{\"@id\":\"https:\\\/\\\/www.iemj.org\\\/en\\\/gerineldo\\\/\"},\"wordCount\":520,\"publisher\":{\"@id\":\"https:\\\/\\\/www.iemj.org\\\/en\\\/#organization\"},\"image\":{\"@id\":\"https:\\\/\\\/www.iemj.org\\\/en\\\/gerineldo\\\/#primaryimage\"},\"thumbnailUrl\":\"https:\\\/\\\/www.iemj.org\\\/wp-content\\\/uploads\\\/2020\\\/04\\\/arton4701-e1618502705285.jpg\",\"articleSection\":[\"Playlists\"],\"inLanguage\":\"en-US\"},{\"@type\":\"WebPage\",\"@id\":\"https:\\\/\\\/www.iemj.org\\\/en\\\/gerineldo\\\/\",\"url\":\"https:\\\/\\\/www.iemj.org\\\/en\\\/gerineldo\\\/\",\"name\":\"Gerineldo - Institut Europ\u00e9en des Musiques Juives\",\"isPartOf\":{\"@id\":\"https:\\\/\\\/www.iemj.org\\\/en\\\/#website\"},\"primaryImageOfPage\":{\"@id\":\"https:\\\/\\\/www.iemj.org\\\/en\\\/gerineldo\\\/#primaryimage\"},\"image\":{\"@id\":\"https:\\\/\\\/www.iemj.org\\\/en\\\/gerineldo\\\/#primaryimage\"},\"thumbnailUrl\":\"https:\\\/\\\/www.iemj.org\\\/wp-content\\\/uploads\\\/2020\\\/04\\\/arton4701-e1618502705285.jpg\",\"datePublished\":\"2020-04-26T10:53:30+00:00\",\"dateModified\":\"2025-08-19T15:02:07+00:00\",\"breadcrumb\":{\"@id\":\"https:\\\/\\\/www.iemj.org\\\/en\\\/gerineldo\\\/#breadcrumb\"},\"inLanguage\":\"en-US\",\"potentialAction\":[{\"@type\":\"ReadAction\",\"target\":[\"https:\\\/\\\/www.iemj.org\\\/en\\\/gerineldo\\\/\"]}]},{\"@type\":\"ImageObject\",\"inLanguage\":\"en-US\",\"@id\":\"https:\\\/\\\/www.iemj.org\\\/en\\\/gerineldo\\\/#primaryimage\",\"url\":\"https:\\\/\\\/www.iemj.org\\\/wp-content\\\/uploads\\\/2020\\\/04\\\/arton4701-e1618502705285.jpg\",\"contentUrl\":\"https:\\\/\\\/www.iemj.org\\\/wp-content\\\/uploads\\\/2020\\\/04\\\/arton4701-e1618502705285.jpg\",\"width\":450,\"height\":391},{\"@type\":\"BreadcrumbList\",\"@id\":\"https:\\\/\\\/www.iemj.org\\\/en\\\/gerineldo\\\/#breadcrumb\",\"itemListElement\":[{\"@type\":\"ListItem\",\"position\":1,\"name\":\"Accueil\",\"item\":\"https:\\\/\\\/www.iemj.org\\\/en\\\/\"},{\"@type\":\"ListItem\",\"position\":2,\"name\":\"Gerineldo\"}]},{\"@type\":\"WebSite\",\"@id\":\"https:\\\/\\\/www.iemj.org\\\/en\\\/#website\",\"url\":\"https:\\\/\\\/www.iemj.org\\\/en\\\/\",\"name\":\"Institut Europ\u00e9en des Musiques Juives\",\"description\":\"Des traditions musicales \u00e0 la port\u00e9e de tous\",\"publisher\":{\"@id\":\"https:\\\/\\\/www.iemj.org\\\/en\\\/#organization\"},\"potentialAction\":[{\"@type\":\"SearchAction\",\"target\":{\"@type\":\"EntryPoint\",\"urlTemplate\":\"https:\\\/\\\/www.iemj.org\\\/en\\\/?s={search_term_string}\"},\"query-input\":{\"@type\":\"PropertyValueSpecification\",\"valueRequired\":true,\"valueName\":\"search_term_string\"}}],\"inLanguage\":\"en-US\"},{\"@type\":\"Organization\",\"@id\":\"https:\\\/\\\/www.iemj.org\\\/en\\\/#organization\",\"name\":\"Institut Europ\u00e9en des Musiques Juives\",\"url\":\"https:\\\/\\\/www.iemj.org\\\/en\\\/\",\"logo\":{\"@type\":\"ImageObject\",\"inLanguage\":\"en-US\",\"@id\":\"https:\\\/\\\/www.iemj.org\\\/en\\\/#\\\/schema\\\/logo\\\/image\\\/\",\"url\":\"https:\\\/\\\/www.iemj.org\\\/wp-content\\\/uploads\\\/2021\\\/09\\\/Logo-IEMJ-Paypal.jpg\",\"contentUrl\":\"https:\\\/\\\/www.iemj.org\\\/wp-content\\\/uploads\\\/2021\\\/09\\\/Logo-IEMJ-Paypal.jpg\",\"width\":150,\"height\":50,\"caption\":\"Institut Europ\u00e9en des Musiques Juives\"},\"image\":{\"@id\":\"https:\\\/\\\/www.iemj.org\\\/en\\\/#\\\/schema\\\/logo\\\/image\\\/\"},\"sameAs\":[\"https:\\\/\\\/www.facebook.com\\\/MusiquesJuives\\\/\",\"https:\\\/\\\/www.instagram.com\\\/musiquesjuives\\\/\",\"https:\\\/\\\/www.youtube.com\\\/user\\\/musiquesjuives\"]},{\"@type\":\"Person\",\"@id\":\"https:\\\/\\\/www.iemj.org\\\/en\\\/#\\\/schema\\\/person\\\/358e26c18aca017fcc4cc15437f7279c\",\"name\":\"Jacqueline ROTEN\",\"image\":{\"@type\":\"ImageObject\",\"inLanguage\":\"en-US\",\"@id\":\"https:\\\/\\\/secure.gravatar.com\\\/avatar\\\/5964256d6c6957de3a3505278957e0fb2a35119ac47ea41827a65301213c810b?s=96&d=mm&r=g\",\"url\":\"https:\\\/\\\/secure.gravatar.com\\\/avatar\\\/5964256d6c6957de3a3505278957e0fb2a35119ac47ea41827a65301213c810b?s=96&d=mm&r=g\",\"contentUrl\":\"https:\\\/\\\/secure.gravatar.com\\\/avatar\\\/5964256d6c6957de3a3505278957e0fb2a35119ac47ea41827a65301213c810b?s=96&d=mm&r=g\",\"caption\":\"Jacqueline ROTEN\"}}]}<\/script>\n<!-- \/ Yoast SEO plugin. -->","yoast_head_json":{"title":"Gerineldo - Institut Europ\u00e9en des Musiques Juives","robots":{"index":"index","follow":"follow","max-snippet":"max-snippet:-1","max-image-preview":"max-image-preview:large","max-video-preview":"max-video-preview:-1"},"canonical":"https:\/\/www.iemj.org\/en\/gerineldo\/","og_locale":"en_US","og_type":"article","og_title":"Gerineldo - Institut Europ\u00e9en des Musiques Juives","og_description":"The vocal and instrumental ensemble Gerineldo was founded in Canada in 1981 by Oro Anahory-Librowicz, a native of Tetuan, Morocco; PhD in Hispanic studies of the prestigious Columbia University of","og_url":"https:\/\/www.iemj.org\/en\/gerineldo\/","og_site_name":"Institut Europ\u00e9en des Musiques Juives","article_publisher":"https:\/\/www.facebook.com\/MusiquesJuives\/","article_published_time":"2020-04-26T10:53:30+00:00","article_modified_time":"2025-08-19T15:02:07+00:00","og_image":[{"width":450,"height":391,"url":"https:\/\/www.iemj.org\/wp-content\/uploads\/2020\/04\/arton4701-e1618502705285.jpg","type":"image\/jpeg"}],"author":"Jacqueline ROTEN","twitter_card":"summary_large_image","twitter_misc":{"Written by":"Jacqueline ROTEN","Est. reading time":"4 minutes"},"schema":{"@context":"https:\/\/schema.org","@graph":[{"@type":"Article","@id":"https:\/\/www.iemj.org\/en\/gerineldo\/#article","isPartOf":{"@id":"https:\/\/www.iemj.org\/en\/gerineldo\/"},"author":{"name":"Jacqueline ROTEN","@id":"https:\/\/www.iemj.org\/en\/#\/schema\/person\/358e26c18aca017fcc4cc15437f7279c"},"headline":"Gerineldo","datePublished":"2020-04-26T10:53:30+00:00","dateModified":"2025-08-19T15:02:07+00:00","mainEntityOfPage":{"@id":"https:\/\/www.iemj.org\/en\/gerineldo\/"},"wordCount":520,"publisher":{"@id":"https:\/\/www.iemj.org\/en\/#organization"},"image":{"@id":"https:\/\/www.iemj.org\/en\/gerineldo\/#primaryimage"},"thumbnailUrl":"https:\/\/www.iemj.org\/wp-content\/uploads\/2020\/04\/arton4701-e1618502705285.jpg","articleSection":["Playlists"],"inLanguage":"en-US"},{"@type":"WebPage","@id":"https:\/\/www.iemj.org\/en\/gerineldo\/","url":"https:\/\/www.iemj.org\/en\/gerineldo\/","name":"Gerineldo - Institut Europ\u00e9en des Musiques Juives","isPartOf":{"@id":"https:\/\/www.iemj.org\/en\/#website"},"primaryImageOfPage":{"@id":"https:\/\/www.iemj.org\/en\/gerineldo\/#primaryimage"},"image":{"@id":"https:\/\/www.iemj.org\/en\/gerineldo\/#primaryimage"},"thumbnailUrl":"https:\/\/www.iemj.org\/wp-content\/uploads\/2020\/04\/arton4701-e1618502705285.jpg","datePublished":"2020-04-26T10:53:30+00:00","dateModified":"2025-08-19T15:02:07+00:00","breadcrumb":{"@id":"https:\/\/www.iemj.org\/en\/gerineldo\/#breadcrumb"},"inLanguage":"en-US","potentialAction":[{"@type":"ReadAction","target":["https:\/\/www.iemj.org\/en\/gerineldo\/"]}]},{"@type":"ImageObject","inLanguage":"en-US","@id":"https:\/\/www.iemj.org\/en\/gerineldo\/#primaryimage","url":"https:\/\/www.iemj.org\/wp-content\/uploads\/2020\/04\/arton4701-e1618502705285.jpg","contentUrl":"https:\/\/www.iemj.org\/wp-content\/uploads\/2020\/04\/arton4701-e1618502705285.jpg","width":450,"height":391},{"@type":"BreadcrumbList","@id":"https:\/\/www.iemj.org\/en\/gerineldo\/#breadcrumb","itemListElement":[{"@type":"ListItem","position":1,"name":"Accueil","item":"https:\/\/www.iemj.org\/en\/"},{"@type":"ListItem","position":2,"name":"Gerineldo"}]},{"@type":"WebSite","@id":"https:\/\/www.iemj.org\/en\/#website","url":"https:\/\/www.iemj.org\/en\/","name":"Institut Europ\u00e9en des Musiques Juives","description":"Des traditions musicales \u00e0 la port\u00e9e de tous","publisher":{"@id":"https:\/\/www.iemj.org\/en\/#organization"},"potentialAction":[{"@type":"SearchAction","target":{"@type":"EntryPoint","urlTemplate":"https:\/\/www.iemj.org\/en\/?s={search_term_string}"},"query-input":{"@type":"PropertyValueSpecification","valueRequired":true,"valueName":"search_term_string"}}],"inLanguage":"en-US"},{"@type":"Organization","@id":"https:\/\/www.iemj.org\/en\/#organization","name":"Institut Europ\u00e9en des Musiques Juives","url":"https:\/\/www.iemj.org\/en\/","logo":{"@type":"ImageObject","inLanguage":"en-US","@id":"https:\/\/www.iemj.org\/en\/#\/schema\/logo\/image\/","url":"https:\/\/www.iemj.org\/wp-content\/uploads\/2021\/09\/Logo-IEMJ-Paypal.jpg","contentUrl":"https:\/\/www.iemj.org\/wp-content\/uploads\/2021\/09\/Logo-IEMJ-Paypal.jpg","width":150,"height":50,"caption":"Institut Europ\u00e9en des Musiques Juives"},"image":{"@id":"https:\/\/www.iemj.org\/en\/#\/schema\/logo\/image\/"},"sameAs":["https:\/\/www.facebook.com\/MusiquesJuives\/","https:\/\/www.instagram.com\/musiquesjuives\/","https:\/\/www.youtube.com\/user\/musiquesjuives"]},{"@type":"Person","@id":"https:\/\/www.iemj.org\/en\/#\/schema\/person\/358e26c18aca017fcc4cc15437f7279c","name":"Jacqueline ROTEN","image":{"@type":"ImageObject","inLanguage":"en-US","@id":"https:\/\/secure.gravatar.com\/avatar\/5964256d6c6957de3a3505278957e0fb2a35119ac47ea41827a65301213c810b?s=96&d=mm&r=g","url":"https:\/\/secure.gravatar.com\/avatar\/5964256d6c6957de3a3505278957e0fb2a35119ac47ea41827a65301213c810b?s=96&d=mm&r=g","contentUrl":"https:\/\/secure.gravatar.com\/avatar\/5964256d6c6957de3a3505278957e0fb2a35119ac47ea41827a65301213c810b?s=96&d=mm&r=g","caption":"Jacqueline ROTEN"}}]}},"_links":{"self":[{"href":"https:\/\/www.iemj.org\/en\/wp-json\/wp\/v2\/posts\/53822","targetHints":{"allow":["GET"]}}],"collection":[{"href":"https:\/\/www.iemj.org\/en\/wp-json\/wp\/v2\/posts"}],"about":[{"href":"https:\/\/www.iemj.org\/en\/wp-json\/wp\/v2\/types\/post"}],"author":[{"embeddable":true,"href":"https:\/\/www.iemj.org\/en\/wp-json\/wp\/v2\/users\/5"}],"replies":[{"embeddable":true,"href":"https:\/\/www.iemj.org\/en\/wp-json\/wp\/v2\/comments?post=53822"}],"version-history":[{"count":0,"href":"https:\/\/www.iemj.org\/en\/wp-json\/wp\/v2\/posts\/53822\/revisions"}],"wp:featuredmedia":[{"embeddable":true,"href":"https:\/\/www.iemj.org\/en\/wp-json\/wp\/v2\/media\/28312"}],"wp:attachment":[{"href":"https:\/\/www.iemj.org\/en\/wp-json\/wp\/v2\/media?parent=53822"}],"wp:term":[{"taxonomy":"category","embeddable":true,"href":"https:\/\/www.iemj.org\/en\/wp-json\/wp\/v2\/categories?post=53822"},{"taxonomy":"post_tag","embeddable":true,"href":"https:\/\/www.iemj.org\/en\/wp-json\/wp\/v2\/tags?post=53822"},{"taxonomy":"technique","embeddable":true,"href":"https:\/\/www.iemj.org\/en\/wp-json\/wp\/v2\/technique?post=53822"},{"taxonomy":"squelettes","embeddable":true,"href":"https:\/\/www.iemj.org\/en\/wp-json\/wp\/v2\/squelettes?post=53822"},{"taxonomy":"sujet","embeddable":true,"href":"https:\/\/www.iemj.org\/en\/wp-json\/wp\/v2\/sujet?post=53822"},{"taxonomy":"formation","embeddable":true,"href":"https:\/\/www.iemj.org\/en\/wp-json\/wp\/v2\/formation?post=53822"},{"taxonomy":"genre","embeddable":true,"href":"https:\/\/www.iemj.org\/en\/wp-json\/wp\/v2\/genre?post=53822"},{"taxonomy":"fonds","embeddable":true,"href":"https:\/\/www.iemj.org\/en\/wp-json\/wp\/v2\/fonds?post=53822"},{"taxonomy":"tradition","embeddable":true,"href":"https:\/\/www.iemj.org\/en\/wp-json\/wp\/v2\/tradition?post=53822"},{"taxonomy":"type-de-contenu","embeddable":true,"href":"https:\/\/www.iemj.org\/en\/wp-json\/wp\/v2\/type-de-contenu?post=53822"},{"taxonomy":"interprete-compositeur","embeddable":true,"href":"https:\/\/www.iemj.org\/en\/wp-json\/wp\/v2\/interprete-compositeur?post=53822"},{"taxonomy":"frise","embeddable":true,"href":"https:\/\/www.iemj.org\/en\/wp-json\/wp\/v2\/frise?post=53822"},{"taxonomy":"type-devenement","embeddable":true,"href":"https:\/\/www.iemj.org\/en\/wp-json\/wp\/v2\/type-devenement?post=53822"},{"taxonomy":"tableaux-liens-externes","embeddable":true,"href":"https:\/\/www.iemj.org\/en\/wp-json\/wp\/v2\/tableaux-liens-externes?post=53822"}],"curies":[{"name":"wp","href":"https:\/\/api.w.org\/{rel}","templated":true}]}}