{"id":53944,"date":"2020-04-02T11:11:02","date_gmt":"2020-04-02T09:11:02","guid":{"rendered":"https:\/\/www.iemj.org\/pessah\/"},"modified":"2025-10-06T12:52:30","modified_gmt":"2025-10-06T10:52:30","slug":"pessah","status":"publish","type":"post","link":"https:\/\/www.iemj.org\/en\/pessah\/","title":{"rendered":"Passover"},"content":{"rendered":"<p><em>Passover<\/em> (Pessah) &#8211; \u05e4\u05b6\u05bc\u05e1\u05b7\u05d7 &#8211; is one of the three pilgrimage festivals of the Jewish calendar (with <em>Shavuot<\/em> and <em>Sukkot<\/em>), in which we commemorate the Hebrews who got out of Egypt. Highly symbolic and joyous holiday, it is celebrated with music in all the Jewish communities, from the 1st evening of <em>Passover<\/em> with the ritual meal of the <em>Seder<\/em>, until the 8th day with the Moroccan tradition of the <a href=\"https:\/\/www.iemj.org\/en\/a-la-decouverte-de-la-mimouna\/\" target=\"_blank\" rel=\"noopener\">mimouna<\/a>.<\/p>\n<p><!--more--><\/p>\n<p>The <em>Seder<\/em> is the ritual meal of Passover during which we read the <em>Haggadah<\/em> (story telling the events that led the Hebrews to leave Egypt). It is celebrated one evening in Israel, two evenings in a row in diaspora (the 2nd night was established in the post-exile period, to allow the Jewish people, spread through the Levant, to respect the time defined by the Torah, based on a lunar cycle).<\/p>\n<p><img fetchpriority=\"high\" decoding=\"async\" class=\" alignright size-full wp-image-27877\" src=\"https:\/\/www.iemj.org\/wp-content\/uploads\/2020\/04\/hagada.jpg\" alt=\"hagada.jpg\" width=\"277\" height=\"182\" align=\"right\" \/><\/p>\n<p>The holiday begins on the 15th of <em>Nissan<\/em> at dusk, and lasts seven days (eight in diaspora) and only the first and last days are completely non-working days. Particularly rich with rituals and customs, it was originally distinguished with the Passover sacrifice, now impossible since the destruction of the Temple. The obligation to eat <em>matzot<\/em> (unleavened food) and to ban <em>chametz<\/em> (leavened food) is still applied during the full holiday.<\/p>\n<p><strong>The meaning of the Passover holiday<\/strong><\/p>\n<p>Passover is a holiday with a lot of meanings. All year long, we mention the exodus from Egypt, during <em>Shabbat<\/em>, during <em>Kiddush<\/em> (sanctification of the holy day with a prayer on a kosher wine glass) or when we put the <em>Tefillin<\/em>, (small cubicle boxes). Passover is a serious holiday because it represents the first real celebration lived by the people of Israel, established for the first time since its exile from Egypt, as \u00ab the Jewish people \u00bb. Furthermore, it is an agricultural celebration, with the starting of the barley harvest, which inaugurates the yearly cycle of crops.<\/p>\n<p><strong>The <\/strong><em><strong>Seder<\/strong><\/em><\/p>\n<p>During the <em>Seder<\/em>, which etymologically means \u00ab order \u00bb, \u00ab program \u00bb in reference to the reading of the <em>Haggadah<\/em>, there is a very strong cohesion between the guests, and an intergenerational dimension. The idea of the celebration is to put oneself back in the conditions, the state of mind of that time of exile, by giving grace to God for his mercy (sung canticles). In Yemen or Iraq for example, men disguise themselves as nomads and perform the exile from Egypt with a stick in the hand and a <em>matza<\/em>, laid on their shoulders in a cloth.<\/p>\n<p><img decoding=\"async\" class=\" alignleft size-full wp-image-27879\" src=\"https:\/\/www.iemj.org\/wp-content\/uploads\/2020\/04\/table_dressee_seder_de_pessah_redim_320px_larg.jpg\" alt=\"table_dressee_seder_de_pessah_redim_320px_larg.jpg\" width=\"320\" height=\"213\" align=\"left\" srcset=\"https:\/\/www.iemj.org\/wp-content\/uploads\/2020\/04\/table_dressee_seder_de_pessah_redim_320px_larg.jpg 320w, https:\/\/www.iemj.org\/wp-content\/uploads\/2020\/04\/table_dressee_seder_de_pessah_redim_320px_larg-300x200.jpg 300w\" sizes=\"(max-width: 320px) 100vw, 320px\" \/><\/p>\n<p>The officiating person starts by blessing this day by doing a <em>Kiddush<\/em> (prayer with the first cup of wine of the <em>Seder<\/em> which will count 4 in total), washes his hands, dips a green vegetable in salt water, breaks one <em>matza<\/em> and puts aside one of the two halves for the <em>Afikoman<\/em> (<em>half of a matza<\/em> set aside, in the tradition, for the child which will hide it for the end of the <em>Seder<\/em>). The ceremony proceeds following the reading of the <em>Haggadah<\/em>. In the song <em>Ma nishtana<\/em>, the youngest among the guests, asks four ritual questions, about the reasons this night is different from the other nights. These questions are : why is this night different from all the other nights ? Why do we eat only <em>matza<\/em> ? Why do we eat bitter herbs ? Why do we all have to eat in a leaning position tonight ? In the tradition, <em>Ma nishtana<\/em> is thus the song starting the celebration.<\/p>\n<p><a href=\"https:\/\/www.iemj.org\/wp-content\/uploads\/2020\/04\/1_debut_du_seder_-_rite_algerois_-_extrait.mp3\"><img decoding=\"async\" class=\"size-full wp-image-65138 alignleft\" src=\"https:\/\/www.iemj.org\/wp-content\/uploads\/2021\/09\/Fichier-son-IEMJ.jpg\" alt=\"\" width=\"52\" height=\"52\" \/>Beginning of the Seder &#8211; Rite from Algiers &#8211; Sample<\/a><\/p>\n<p><img loading=\"lazy\" decoding=\"async\" class=\" alignright size-full wp-image-27883\" src=\"https:\/\/www.iemj.org\/wp-content\/uploads\/2020\/04\/plateau_seder_redim_300px_larg.jpg\" alt=\"plateau_seder_redim_300px_larg.jpg\" width=\"300\" height=\"225\" align=\"right\" \/><\/p>\n<p>\u00a0<\/p>\n<p>According to the ritual, three <em>matzot<\/em> (unleavened bread) one on top of the other, each one covered seperately, are placed on a plate with other symbolic ingredients : <em>Karpass<\/em>, or bitter herbs (celery, parsley) ; salt water to remind the taste of the children of Israel\u2019s tears during slavery ; <em>Maror<\/em>, bitter herbs, to remind the bitterness of life in Egypt (lettuce, endives, horseraddish\u2026) ; <em>Harosset<\/em>, a mixture of dates, nuts, apples, almonds, cinnamon and wine, symbolic of the mortar used by the Hebrew slaves to make the bricks ; <em>Zerowa\u02bf<\/em> : a bone to remind the sacrifice of the pascal lamb at the time of Jerusalem\u2019s Temple ; <em>B\u0113\u1e63a<\/em> : a hard-boiled egg, in memory of the destruction of Jerusalem\u2019s Temple.<\/p>\n<p><strong>The communitarian peculiarities<\/strong><\/p>\n<p>We notice cultural differences, mainly in the first part of the reading of the <em>Haggadah<\/em>, especially through their different manuscript and printed versions, reflecting a great creativity, that we notice also in music. Each tradition has its own <em>piyyut<\/em> (religious poem), his own tune, due to the fact that each communuity seeks to captivate his audience in order to mark that celebration. These differences are also culinary, especially with the various possible combinations of the recipe of the <em>Harosset<\/em> found on the <em>Seder<\/em> plate, that we see in various traditions. The Yemenites do not use any <em>Keara<\/em> (Passover plate) : each guest gets a plate with the various ingredients and the <em>Seder<\/em> table is covered with <em>Maror<\/em> leaves. Several clothing customs have also been established in various communities : a white cloth, like the great priest on <em>Yom Kippur<\/em> for the Ashkenazi, a djellaba in North Africa communities, for \u00ab freedom clothes \u00bb. In Morocco, there is a tradition of passing the <em>Seder<\/em> plate over the guests heads, to get the attention of children and adults, and to symbolize also the protecting divine presence that spared the death of the Hebrew first borns \u00ab passing over \u00bb their houses, mentioned in the tenth Egypt plague of the <em>Haggadah<\/em>.<\/p>\n<p><a href=\"https:\/\/www.iemj.org\/wp-content\/uploads\/2020\/04\/1_debut_du_seder_-_rite_algerois_-_extrait.mp3\"><img decoding=\"async\" class=\"size-full wp-image-65138 alignleft\" src=\"https:\/\/www.iemj.org\/wp-content\/uploads\/2021\/09\/Fichier-son-IEMJ.jpg\" alt=\"\" width=\"52\" height=\"52\" \/><\/a><a href=\"https:\/\/www.iemj.org\/wp-content\/uploads\/2020\/04\/2_bibhilou_et_debut_ma_nishtana_-_rite_marocain_de_casablanca_-_extrait.mp3\">Bibhilou &amp; beginnign of Ma nishtana &#8211; Moroccan rite from Casablanca &#8211; <\/a><a href=\"https:\/\/www.iemj.org\/wp-content\/uploads\/2020\/04\/1_debut_du_seder_-_rite_algerois_-_extrait.mp3\">Sample<\/a><\/p>\n<p>\u00a0<\/p>\n<p>Still in order to interest, involve and raise questioning among the people present around the Passover <em>Seder<\/em> table in various communities, it is custom for those who do not understand Hebrew or Aramaic to introduce the daily used language, the Jewish languages, such as Judeo-Arab, Judeo-Spanish or Yiddish. Among certain Yemenite families, the youngest child sings <em>Ma nishtana<\/em> in Arabic and receives a soft boiled egg ! Finally, during the last part of the reading of the <em>Haggadah<\/em> when everyone recites <em>Dayenou<\/em> (an other song during the <em>Seder<\/em> which means \u00ab it would have been enough \u00bb), the whole table is lifted, each time this word is pronounced.<\/p>\n<p><a href=\"https:\/\/www.iemj.org\/wp-content\/uploads\/2020\/04\/1_debut_du_seder_-_rite_algerois_-_extrait.mp3\"><img decoding=\"async\" class=\"size-full wp-image-65138 alignleft\" src=\"https:\/\/www.iemj.org\/wp-content\/uploads\/2021\/09\/Fichier-son-IEMJ.jpg\" alt=\"\" width=\"52\" height=\"52\" \/><\/a><a href=\"https:\/\/www.iemj.org\/wp-content\/uploads\/2020\/04\/3_ma_nishtana_nira_rabinovitz_zt_nitzan_shlomo_avec_renanim_choir_passsover_songs_1973.mp3\">Ma nishtana &#8211; Nira Rabinovitz and nitzan Shlomo with the Renanim Choir &#8211; Ashkenazi rite &#8211; <\/a><a href=\"https:\/\/www.iemj.org\/wp-content\/uploads\/2020\/04\/1_debut_du_seder_-_rite_algerois_-_extrait.mp3\">Sample<\/a><\/p>\n<p>\u00a0<\/p>\n<p>After the questions of <em>Ma nishtana<\/em>, starts the recitation \u2013 the <em>Maggid<\/em> \u2013 of the exile from Egypt, with especially the prayers <em>Baruch hamakom<\/em> and <em>Vehi sheamda<\/em>. <em>Baruch hamakom<\/em> is a prayer to God, in its unmovable dimension. Whoever we are, whatever is our character, God is here to make understand to everyone the meaning of this holiday and invites to recognize the divine dimension, as requested to Pharao in Egypt during biblical times. Also in the song <em>Dayenou<\/em>, (which means it would have been enough), sung at the end of the <em>Seder<\/em>, the idea is : whatever happens, God orchestrated it and allowed this exile from Egypt.<\/p>\n<p><a href=\"https:\/\/www.iemj.org\/wp-content\/uploads\/2020\/04\/1_debut_du_seder_-_rite_algerois_-_extrait.mp3\"><img decoding=\"async\" class=\"size-full wp-image-65138 alignleft\" src=\"https:\/\/www.iemj.org\/wp-content\/uploads\/2021\/09\/Fichier-son-IEMJ.jpg\" alt=\"\" width=\"52\" height=\"52\" \/><\/a><a href=\"https:\/\/www.iemj.org\/wp-content\/uploads\/2020\/04\/4_baroukh_hamakom_marocain_samy_elmaghrebi.mp3\">Baroukh hamakom &#8211; Samy Elmaghrebi &#8211; Moroccan rite &#8211; <\/a><a href=\"https:\/\/www.iemj.org\/wp-content\/uploads\/2020\/04\/1_debut_du_seder_-_rite_algerois_-_extrait.mp3\">Sample<\/a><\/p>\n<p>\u00a0<\/p>\n<p><a href=\"https:\/\/www.iemj.org\/wp-content\/uploads\/2020\/04\/1_debut_du_seder_-_rite_algerois_-_extrait.mp3\"><img decoding=\"async\" class=\"size-full wp-image-65138 alignleft\" src=\"https:\/\/www.iemj.org\/wp-content\/uploads\/2021\/09\/Fichier-son-IEMJ.jpg\" alt=\"\" width=\"52\" height=\"52\" \/><\/a><a href=\"https:\/\/www.iemj.org\/wp-content\/uploads\/2020\/04\/5_vehi_cheamda_ashkenaze_chant_de_la_hagada_dir_rabbin_jean_schwartz_laszlo_karvaly.mp3\">Vehi Cheamda &#8211; Song from the Haggada, dir Rabbin Jean Schwartz, Laszlo Karvaly &#8211; Ashkenazi rite &#8211; <\/a><a href=\"https:\/\/www.iemj.org\/wp-content\/uploads\/2020\/04\/1_debut_du_seder_-_rite_algerois_-_extrait.mp3\">Sample<\/a><\/p>\n<p>\u00a0<\/p>\n<p>The prayer <em>Vehi Sheamda<\/em> in which we speak to God during Passover, echoes all the persecutions endured by the Jewish people, and the meaning of this prayer may to always be capable of overcoming the difficulties such as slavery in Egypt. Another important prayer of the <em>Seder<\/em> is <em>Hallel<\/em>, a compilation of texts composed of 6 psalms (113-118), praising God for all the miracles accomplished. The <em>Hallel<\/em> is generally sung aloud by the entire community for the three pilgrimage festivals (<em>Pessah<\/em>, <em>Shavuot<\/em> et <em>Sukkot<\/em>) as well as during morning service, after the <em>Amidah<\/em> (prayers occupying a central place in Jewish religious services).<\/p>\n<p><a href=\"https:\/\/www.iemj.org\/wp-content\/uploads\/2020\/04\/1_debut_du_seder_-_rite_algerois_-_extrait.mp3\"><img decoding=\"async\" class=\"size-full wp-image-65138 alignleft\" src=\"https:\/\/www.iemj.org\/wp-content\/uploads\/2021\/09\/Fichier-son-IEMJ.jpg\" alt=\"\" width=\"52\" height=\"52\" \/><\/a><a href=\"https:\/\/www.iemj.org\/wp-content\/uploads\/2020\/04\/6_psaume_halel_debut_rite_italien_corfou_polyphonie.mp3\">Beginning of the Psalm Hallel &#8211; Polyphony &#8211; Italian rite from Corfou &#8211; Sample<\/a><\/p>\n<p>\u00a0<\/p>\n<p><a href=\"https:\/\/www.iemj.org\/wp-content\/uploads\/2020\/04\/1_debut_du_seder_-_rite_algerois_-_extrait.mp3\"><img decoding=\"async\" class=\"size-full wp-image-65138 alignleft\" src=\"https:\/\/www.iemj.org\/wp-content\/uploads\/2021\/09\/Fichier-son-IEMJ.jpg\" alt=\"\" width=\"52\" height=\"52\" \/><\/a><a href=\"https:\/\/www.iemj.org\/wp-content\/uploads\/2020\/04\/7_dayeynu_dave_tarras_swingtet_debut_1950.mp3\">Dayenou &#8211; Dave Tarras swingtet &#8211; <\/a><a href=\"https:\/\/www.iemj.org\/wp-content\/uploads\/2020\/04\/6_psaume_halel_debut_rite_italien_corfou_polyphonie.mp3\">Sample<\/a><\/p>\n<p>\u00a0<\/p>\n<p>All these lively songs have the purpose of getting the attention at the end of the <em>Seder<\/em>, until the time of the actual meal where dishes and customs vary, as we saw, for each community. <em>Gefilte fish<\/em> or <em>Kneidlers<\/em> for some, <em>Msouki<\/em> (mixture of vegetables and meat and <em>matzot<\/em>) <em>Fad<\/em> (mixture of heart, liver\u2026) or <em>matza-soup<\/em> for others\u2026 The end of the meal ends traditionally with <a href=\"https:\/\/www.iemj.org\/en\/three-passover-songs-adir-hu-echad-mi-yodea-and-chad-gadya\/\" target=\"_blank\" rel=\"noopener\">3 songs<\/a>, adapted and sung in all traditions. These songs are <em>Adir hu<\/em>, <a href=\"https:\/\/www.iemj.org\/en\/had-gadya-une-chanson-de-pessah\/\" target=\"_blank\" rel=\"noopener\"><em>Chad gadia<\/em> or the kid<\/a> (a cumulative song) and <a href=\"https:\/\/www.iemj.org\/en\/ehad-mi-yodea-une-chanson-de-pessah\/\" target=\"_blank\" rel=\"noopener\"><em>Echad mi yodea<\/em><\/a>. The song <em>Chad gadia<\/em> was sung in Italian by Angelo Branduardi with the title <em>A la foire de l\u2019Est<\/em>, symbolic of the great capacity of adaptation of Jewish music into its environment.<\/p>\n<p><iframe src=\"https:\/\/www.youtube.com\/embed\/zunkIH1iwLg\" width=\"350\" height=\"185\" frameborder=\"0\" allowfullscreen=\"allowfullscreen\"><\/iframe> <iframe src=\"https:\/\/www.youtube.com\/embed\/MsdOVvBgfdk\" width=\"350\" height=\"185\" frameborder=\"0\" allowfullscreen=\"allowfullscreen\"><\/iframe><\/p>\n<p>Article written with the help of the radio show : <a href=\"https:\/\/www.iemj.org\/en\/music-from-passover-seder-journey-into-the-musical-traditions-of-passover\/\" target=\"_blank\" rel=\"noopener\">Music from Passover seder \u2013 journey into the musical traditions of Passover<\/a>.<\/p>\n<p><a href=\"https:\/\/www.iemj.org\/en\/three-passover-songs-adir-hu-echad-mi-yodea-and-chad-gadya\/\" target=\"_blank\" rel=\"noopener\">Learn more about the three Passover songs<\/a><\/p>\n<p><a href=\"https:\/\/www.iemj.org\/en\/had-gadya-une-chanson-de-pessah\/\" target=\"_blank\" rel=\"noopener\">Listen to the playlist <em>Chad gadya<\/em><\/a><\/p>\n<p><a href=\"https:\/\/www.iemj.org\/en\/ehad-mi-yodea-une-chanson-de-pessah\/\" target=\"_blank\" rel=\"noopener\">Listen to the playlist <em>Echad mi yodea<\/em><\/a><\/p>\n\n<div class=\"wp-block-image\">\n<figure class=\"aligncenter size-large\"><img loading=\"lazy\" decoding=\"async\" width=\"1024\" height=\"133\" src=\"https:\/\/www.iemj.org\/wp-content\/uploads\/2024\/03\/AUDIO-PLAYER-1024x133.png\" alt=\"\" class=\"wp-image-110607\" srcset=\"https:\/\/www.iemj.org\/wp-content\/uploads\/2024\/03\/AUDIO-PLAYER-1024x133.png 1024w, https:\/\/www.iemj.org\/wp-content\/uploads\/2024\/03\/AUDIO-PLAYER-300x39.png 300w, https:\/\/www.iemj.org\/wp-content\/uploads\/2024\/03\/AUDIO-PLAYER-768x100.png 768w, https:\/\/www.iemj.org\/wp-content\/uploads\/2024\/03\/AUDIO-PLAYER-600x78.png 600w, https:\/\/www.iemj.org\/wp-content\/uploads\/2024\/03\/AUDIO-PLAYER.png 1210w\" sizes=\"(max-width: 1024px) 100vw, 1024px\" \/><\/figure>\n<\/div>\n\n\n<div class=\"wp-block-file\"><a id=\"wp-block-file--media-e5fc357e-f917-4016-9f09-6b5cf81d06b4\" href=\"https:\/\/www.iemj.org\/wp-content\/uploads\/2020\/04\/1_debut_du_seder_-_rite_algerois_-_extrait.mp3\">D\u00e9but du S\u00e9der &#8211; Rite alg\u00e9rois &#8211; Extrait<\/a><\/div>\n\n\n\n<div class=\"wp-block-file\"><a id=\"wp-block-file--media-fe8aaeaf-7012-4b45-a892-0e63ecb8c22f\" href=\"https:\/\/www.iemj.org\/wp-content\/uploads\/2020\/04\/2_bibhilou_et_debut_ma_nishtana_-_rite_marocain_de_casablanca_-_extrait.mp3\">Bibhilou &amp; d\u00e9but Ma nishtana &#8211; Rite marocain de Casablanca &#8211; Extrait<\/a><\/div>\n\n\n\n<div class=\"wp-block-file\"><a id=\"wp-block-file--media-85c3db79-a522-4d11-84d2-ee2631e3440f\" href=\"https:\/\/www.iemj.org\/wp-content\/uploads\/2020\/04\/3_ma_nishtana_nira_rabinovitz_zt_nitzan_shlomo_avec_renanim_choir_passsover_songs_1973.mp3\">Ma nishtana &#8211; Nira Rabinovitz et nitzan Shlomo avec Renanim Choir &#8211; Rite ashk\u00e9naze &#8211; Extrait<\/a><\/div>\n\n\n\n<div class=\"wp-block-file\"><a id=\"wp-block-file--media-17f1d6f2-2a83-4f1a-b030-4ea9dd90e015\" href=\"https:\/\/www.iemj.org\/wp-content\/uploads\/2020\/04\/4_baroukh_hamakom_marocain_samy_elmaghrebi.mp3\">Baroukh hamakom &#8211; Samy Elmaghrebi &#8211; Rite marocain &#8211; Extrait<\/a><\/div>\n\n\n\n<div class=\"wp-block-file\"><a id=\"wp-block-file--media-50f01b98-f8e0-4963-93fd-58adfba68759\" href=\"https:\/\/www.iemj.org\/wp-content\/uploads\/2020\/04\/5_vehi_cheamda_ashkenaze_chant_de_la_hagada_dir_rabbin_jean_schwartz_laszlo_karvaly.mp3\">Vehi Cheamda &#8211; Chant de la Haggada, dir  Rabbin Jean Schwartz, Laszlo Karvaly &#8211; Rite ashk\u00e9naze &#8211; Extrait<\/a><\/div>\n\n\n\n<div class=\"wp-block-file\"><a id=\"wp-block-file--media-8d66d69f-9f61-4de6-ba62-1a13fac5aa07\" href=\"https:\/\/www.iemj.org\/wp-content\/uploads\/2020\/04\/6_psaume_halel_debut_rite_italien_corfou_polyphonie.mp3\">D\u00e9but du Psaume Hallel &#8211; Polyphonie &#8211; Rite Italien de Corfou &#8211; Extrait<\/a><\/div>\n\n\n\n<div class=\"wp-block-file\"><a id=\"wp-block-file--media-9827a610-9b22-4401-9e81-f091bbd710c5\" href=\"https:\/\/www.iemj.org\/wp-content\/uploads\/2020\/04\/7_dayeynu_dave_tarras_swingtet_debut_1950.mp3\">Dayenou &#8211; Dave Tarras swingtet &#8211; Extrait<\/a><\/div>\n","protected":false},"excerpt":{"rendered":"<p>Passover (Pessah) &#8211; \u05e4\u05b6\u05bc\u05e1\u05b7\u05d7 &#8211; is one of the three pilgrimage festivals of the Jewish calendar (with Shavuot and Sukkot), in which we commemorate the Hebrews who got out of<\/p>\n","protected":false},"author":5,"featured_media":111188,"comment_status":"closed","ping_status":"closed","sticky":false,"template":"","format":"standard","meta":{"_acf_changed":false,"footnotes":""},"categories":[950,938],"tags":[],"technique":[],"squelettes":[],"sujet":[1825],"formation":[],"genre":[],"fonds":[],"tradition":[],"type-de-contenu":[],"interprete-compositeur":[],"frise":[],"type-devenement":[],"tableaux-liens-externes":[],"class_list":["post-53944","post","type-post","status-publish","format-standard","has-post-thumbnail","hentry","category-feature-articles-en","category-religious-music-en","sujet-passover-en"],"acf":[],"yoast_head":"<!-- This site is optimized with the Yoast SEO plugin v27.3 - https:\/\/yoast.com\/product\/yoast-seo-wordpress\/ -->\n<title>Passover - Institut Europ\u00e9en des Musiques Juives<\/title>\n<meta name=\"robots\" content=\"index, follow, max-snippet:-1, max-image-preview:large, max-video-preview:-1\" \/>\n<link rel=\"canonical\" href=\"https:\/\/www.iemj.org\/en\/pessah\/\" \/>\n<meta property=\"og:locale\" content=\"en_US\" \/>\n<meta property=\"og:type\" content=\"article\" \/>\n<meta property=\"og:title\" content=\"Passover - Institut Europ\u00e9en des Musiques Juives\" \/>\n<meta property=\"og:description\" content=\"Passover (Pessah) &#8211; \u05e4\u05b6\u05bc\u05e1\u05b7\u05d7 &#8211; is one of the three pilgrimage festivals of the Jewish calendar (with Shavuot and Sukkot), in which we commemorate the Hebrews who got out of\" \/>\n<meta property=\"og:url\" content=\"https:\/\/www.iemj.org\/en\/pessah\/\" \/>\n<meta property=\"og:site_name\" content=\"Institut Europ\u00e9en des Musiques Juives\" \/>\n<meta property=\"article:publisher\" content=\"https:\/\/www.facebook.com\/MusiquesJuives\/\" \/>\n<meta property=\"article:published_time\" content=\"2020-04-02T09:11:02+00:00\" \/>\n<meta property=\"article:modified_time\" content=\"2025-10-06T10:52:30+00:00\" \/>\n<meta property=\"og:image\" content=\"https:\/\/www.iemj.org\/wp-content\/uploads\/2020\/04\/Article-fond-Pessah.jpg\" \/>\n\t<meta property=\"og:image:width\" content=\"500\" \/>\n\t<meta property=\"og:image:height\" content=\"500\" \/>\n\t<meta property=\"og:image:type\" content=\"image\/jpeg\" \/>\n<meta name=\"author\" content=\"Jacqueline ROTEN\" \/>\n<meta name=\"twitter:card\" content=\"summary_large_image\" \/>\n<meta name=\"twitter:label1\" content=\"Written by\" \/>\n\t<meta name=\"twitter:data1\" content=\"Jacqueline ROTEN\" \/>\n\t<meta name=\"twitter:label2\" content=\"Est. reading time\" \/>\n\t<meta name=\"twitter:data2\" content=\"11 minutes\" \/>\n<script type=\"application\/ld+json\" class=\"yoast-schema-graph\">{\"@context\":\"https:\\\/\\\/schema.org\",\"@graph\":[{\"@type\":\"Article\",\"@id\":\"https:\\\/\\\/www.iemj.org\\\/en\\\/pessah\\\/#article\",\"isPartOf\":{\"@id\":\"https:\\\/\\\/www.iemj.org\\\/en\\\/pessah\\\/\"},\"author\":{\"name\":\"Jacqueline ROTEN\",\"@id\":\"https:\\\/\\\/www.iemj.org\\\/en\\\/#\\\/schema\\\/person\\\/358e26c18aca017fcc4cc15437f7279c\"},\"headline\":\"Passover\",\"datePublished\":\"2020-04-02T09:11:02+00:00\",\"dateModified\":\"2025-10-06T10:52:30+00:00\",\"mainEntityOfPage\":{\"@id\":\"https:\\\/\\\/www.iemj.org\\\/en\\\/pessah\\\/\"},\"wordCount\":1541,\"publisher\":{\"@id\":\"https:\\\/\\\/www.iemj.org\\\/en\\\/#organization\"},\"image\":{\"@id\":\"https:\\\/\\\/www.iemj.org\\\/en\\\/pessah\\\/#primaryimage\"},\"thumbnailUrl\":\"https:\\\/\\\/www.iemj.org\\\/wp-content\\\/uploads\\\/2020\\\/04\\\/Article-fond-Pessah.jpg\",\"articleSection\":[\"Feature articles\",\"Religious music\"],\"inLanguage\":\"en-US\"},{\"@type\":\"WebPage\",\"@id\":\"https:\\\/\\\/www.iemj.org\\\/en\\\/pessah\\\/\",\"url\":\"https:\\\/\\\/www.iemj.org\\\/en\\\/pessah\\\/\",\"name\":\"Passover - Institut Europ\u00e9en des Musiques Juives\",\"isPartOf\":{\"@id\":\"https:\\\/\\\/www.iemj.org\\\/en\\\/#website\"},\"primaryImageOfPage\":{\"@id\":\"https:\\\/\\\/www.iemj.org\\\/en\\\/pessah\\\/#primaryimage\"},\"image\":{\"@id\":\"https:\\\/\\\/www.iemj.org\\\/en\\\/pessah\\\/#primaryimage\"},\"thumbnailUrl\":\"https:\\\/\\\/www.iemj.org\\\/wp-content\\\/uploads\\\/2020\\\/04\\\/Article-fond-Pessah.jpg\",\"datePublished\":\"2020-04-02T09:11:02+00:00\",\"dateModified\":\"2025-10-06T10:52:30+00:00\",\"breadcrumb\":{\"@id\":\"https:\\\/\\\/www.iemj.org\\\/en\\\/pessah\\\/#breadcrumb\"},\"inLanguage\":\"en-US\",\"potentialAction\":[{\"@type\":\"ReadAction\",\"target\":[\"https:\\\/\\\/www.iemj.org\\\/en\\\/pessah\\\/\"]}]},{\"@type\":\"ImageObject\",\"inLanguage\":\"en-US\",\"@id\":\"https:\\\/\\\/www.iemj.org\\\/en\\\/pessah\\\/#primaryimage\",\"url\":\"https:\\\/\\\/www.iemj.org\\\/wp-content\\\/uploads\\\/2020\\\/04\\\/Article-fond-Pessah.jpg\",\"contentUrl\":\"https:\\\/\\\/www.iemj.org\\\/wp-content\\\/uploads\\\/2020\\\/04\\\/Article-fond-Pessah.jpg\",\"width\":500,\"height\":500},{\"@type\":\"BreadcrumbList\",\"@id\":\"https:\\\/\\\/www.iemj.org\\\/en\\\/pessah\\\/#breadcrumb\",\"itemListElement\":[{\"@type\":\"ListItem\",\"position\":1,\"name\":\"Accueil\",\"item\":\"https:\\\/\\\/www.iemj.org\\\/en\\\/\"},{\"@type\":\"ListItem\",\"position\":2,\"name\":\"Passover\"}]},{\"@type\":\"WebSite\",\"@id\":\"https:\\\/\\\/www.iemj.org\\\/en\\\/#website\",\"url\":\"https:\\\/\\\/www.iemj.org\\\/en\\\/\",\"name\":\"Institut Europ\u00e9en des Musiques Juives\",\"description\":\"Des traditions musicales \u00e0 la port\u00e9e de tous\",\"publisher\":{\"@id\":\"https:\\\/\\\/www.iemj.org\\\/en\\\/#organization\"},\"potentialAction\":[{\"@type\":\"SearchAction\",\"target\":{\"@type\":\"EntryPoint\",\"urlTemplate\":\"https:\\\/\\\/www.iemj.org\\\/en\\\/?s={search_term_string}\"},\"query-input\":{\"@type\":\"PropertyValueSpecification\",\"valueRequired\":true,\"valueName\":\"search_term_string\"}}],\"inLanguage\":\"en-US\"},{\"@type\":\"Organization\",\"@id\":\"https:\\\/\\\/www.iemj.org\\\/en\\\/#organization\",\"name\":\"Institut Europ\u00e9en des Musiques Juives\",\"url\":\"https:\\\/\\\/www.iemj.org\\\/en\\\/\",\"logo\":{\"@type\":\"ImageObject\",\"inLanguage\":\"en-US\",\"@id\":\"https:\\\/\\\/www.iemj.org\\\/en\\\/#\\\/schema\\\/logo\\\/image\\\/\",\"url\":\"https:\\\/\\\/www.iemj.org\\\/wp-content\\\/uploads\\\/2021\\\/09\\\/Logo-IEMJ-Paypal.jpg\",\"contentUrl\":\"https:\\\/\\\/www.iemj.org\\\/wp-content\\\/uploads\\\/2021\\\/09\\\/Logo-IEMJ-Paypal.jpg\",\"width\":150,\"height\":50,\"caption\":\"Institut Europ\u00e9en des Musiques Juives\"},\"image\":{\"@id\":\"https:\\\/\\\/www.iemj.org\\\/en\\\/#\\\/schema\\\/logo\\\/image\\\/\"},\"sameAs\":[\"https:\\\/\\\/www.facebook.com\\\/MusiquesJuives\\\/\",\"https:\\\/\\\/www.instagram.com\\\/musiquesjuives\\\/\",\"https:\\\/\\\/www.youtube.com\\\/user\\\/musiquesjuives\"]},{\"@type\":\"Person\",\"@id\":\"https:\\\/\\\/www.iemj.org\\\/en\\\/#\\\/schema\\\/person\\\/358e26c18aca017fcc4cc15437f7279c\",\"name\":\"Jacqueline ROTEN\",\"image\":{\"@type\":\"ImageObject\",\"inLanguage\":\"en-US\",\"@id\":\"https:\\\/\\\/secure.gravatar.com\\\/avatar\\\/5964256d6c6957de3a3505278957e0fb2a35119ac47ea41827a65301213c810b?s=96&d=mm&r=g\",\"url\":\"https:\\\/\\\/secure.gravatar.com\\\/avatar\\\/5964256d6c6957de3a3505278957e0fb2a35119ac47ea41827a65301213c810b?s=96&d=mm&r=g\",\"contentUrl\":\"https:\\\/\\\/secure.gravatar.com\\\/avatar\\\/5964256d6c6957de3a3505278957e0fb2a35119ac47ea41827a65301213c810b?s=96&d=mm&r=g\",\"caption\":\"Jacqueline ROTEN\"}}]}<\/script>\n<!-- \/ Yoast SEO plugin. -->","yoast_head_json":{"title":"Passover - Institut Europ\u00e9en des Musiques Juives","robots":{"index":"index","follow":"follow","max-snippet":"max-snippet:-1","max-image-preview":"max-image-preview:large","max-video-preview":"max-video-preview:-1"},"canonical":"https:\/\/www.iemj.org\/en\/pessah\/","og_locale":"en_US","og_type":"article","og_title":"Passover - Institut Europ\u00e9en des Musiques Juives","og_description":"Passover (Pessah) &#8211; \u05e4\u05b6\u05bc\u05e1\u05b7\u05d7 &#8211; is one of the three pilgrimage festivals of the Jewish calendar (with Shavuot and Sukkot), in which we commemorate the Hebrews who got out of","og_url":"https:\/\/www.iemj.org\/en\/pessah\/","og_site_name":"Institut Europ\u00e9en des Musiques Juives","article_publisher":"https:\/\/www.facebook.com\/MusiquesJuives\/","article_published_time":"2020-04-02T09:11:02+00:00","article_modified_time":"2025-10-06T10:52:30+00:00","og_image":[{"width":500,"height":500,"url":"https:\/\/www.iemj.org\/wp-content\/uploads\/2020\/04\/Article-fond-Pessah.jpg","type":"image\/jpeg"}],"author":"Jacqueline ROTEN","twitter_card":"summary_large_image","twitter_misc":{"Written by":"Jacqueline ROTEN","Est. reading time":"11 minutes"},"schema":{"@context":"https:\/\/schema.org","@graph":[{"@type":"Article","@id":"https:\/\/www.iemj.org\/en\/pessah\/#article","isPartOf":{"@id":"https:\/\/www.iemj.org\/en\/pessah\/"},"author":{"name":"Jacqueline ROTEN","@id":"https:\/\/www.iemj.org\/en\/#\/schema\/person\/358e26c18aca017fcc4cc15437f7279c"},"headline":"Passover","datePublished":"2020-04-02T09:11:02+00:00","dateModified":"2025-10-06T10:52:30+00:00","mainEntityOfPage":{"@id":"https:\/\/www.iemj.org\/en\/pessah\/"},"wordCount":1541,"publisher":{"@id":"https:\/\/www.iemj.org\/en\/#organization"},"image":{"@id":"https:\/\/www.iemj.org\/en\/pessah\/#primaryimage"},"thumbnailUrl":"https:\/\/www.iemj.org\/wp-content\/uploads\/2020\/04\/Article-fond-Pessah.jpg","articleSection":["Feature articles","Religious music"],"inLanguage":"en-US"},{"@type":"WebPage","@id":"https:\/\/www.iemj.org\/en\/pessah\/","url":"https:\/\/www.iemj.org\/en\/pessah\/","name":"Passover - Institut Europ\u00e9en des Musiques Juives","isPartOf":{"@id":"https:\/\/www.iemj.org\/en\/#website"},"primaryImageOfPage":{"@id":"https:\/\/www.iemj.org\/en\/pessah\/#primaryimage"},"image":{"@id":"https:\/\/www.iemj.org\/en\/pessah\/#primaryimage"},"thumbnailUrl":"https:\/\/www.iemj.org\/wp-content\/uploads\/2020\/04\/Article-fond-Pessah.jpg","datePublished":"2020-04-02T09:11:02+00:00","dateModified":"2025-10-06T10:52:30+00:00","breadcrumb":{"@id":"https:\/\/www.iemj.org\/en\/pessah\/#breadcrumb"},"inLanguage":"en-US","potentialAction":[{"@type":"ReadAction","target":["https:\/\/www.iemj.org\/en\/pessah\/"]}]},{"@type":"ImageObject","inLanguage":"en-US","@id":"https:\/\/www.iemj.org\/en\/pessah\/#primaryimage","url":"https:\/\/www.iemj.org\/wp-content\/uploads\/2020\/04\/Article-fond-Pessah.jpg","contentUrl":"https:\/\/www.iemj.org\/wp-content\/uploads\/2020\/04\/Article-fond-Pessah.jpg","width":500,"height":500},{"@type":"BreadcrumbList","@id":"https:\/\/www.iemj.org\/en\/pessah\/#breadcrumb","itemListElement":[{"@type":"ListItem","position":1,"name":"Accueil","item":"https:\/\/www.iemj.org\/en\/"},{"@type":"ListItem","position":2,"name":"Passover"}]},{"@type":"WebSite","@id":"https:\/\/www.iemj.org\/en\/#website","url":"https:\/\/www.iemj.org\/en\/","name":"Institut Europ\u00e9en des Musiques Juives","description":"Des traditions musicales \u00e0 la port\u00e9e de tous","publisher":{"@id":"https:\/\/www.iemj.org\/en\/#organization"},"potentialAction":[{"@type":"SearchAction","target":{"@type":"EntryPoint","urlTemplate":"https:\/\/www.iemj.org\/en\/?s={search_term_string}"},"query-input":{"@type":"PropertyValueSpecification","valueRequired":true,"valueName":"search_term_string"}}],"inLanguage":"en-US"},{"@type":"Organization","@id":"https:\/\/www.iemj.org\/en\/#organization","name":"Institut Europ\u00e9en des Musiques Juives","url":"https:\/\/www.iemj.org\/en\/","logo":{"@type":"ImageObject","inLanguage":"en-US","@id":"https:\/\/www.iemj.org\/en\/#\/schema\/logo\/image\/","url":"https:\/\/www.iemj.org\/wp-content\/uploads\/2021\/09\/Logo-IEMJ-Paypal.jpg","contentUrl":"https:\/\/www.iemj.org\/wp-content\/uploads\/2021\/09\/Logo-IEMJ-Paypal.jpg","width":150,"height":50,"caption":"Institut Europ\u00e9en des Musiques Juives"},"image":{"@id":"https:\/\/www.iemj.org\/en\/#\/schema\/logo\/image\/"},"sameAs":["https:\/\/www.facebook.com\/MusiquesJuives\/","https:\/\/www.instagram.com\/musiquesjuives\/","https:\/\/www.youtube.com\/user\/musiquesjuives"]},{"@type":"Person","@id":"https:\/\/www.iemj.org\/en\/#\/schema\/person\/358e26c18aca017fcc4cc15437f7279c","name":"Jacqueline ROTEN","image":{"@type":"ImageObject","inLanguage":"en-US","@id":"https:\/\/secure.gravatar.com\/avatar\/5964256d6c6957de3a3505278957e0fb2a35119ac47ea41827a65301213c810b?s=96&d=mm&r=g","url":"https:\/\/secure.gravatar.com\/avatar\/5964256d6c6957de3a3505278957e0fb2a35119ac47ea41827a65301213c810b?s=96&d=mm&r=g","contentUrl":"https:\/\/secure.gravatar.com\/avatar\/5964256d6c6957de3a3505278957e0fb2a35119ac47ea41827a65301213c810b?s=96&d=mm&r=g","caption":"Jacqueline ROTEN"}}]}},"_links":{"self":[{"href":"https:\/\/www.iemj.org\/en\/wp-json\/wp\/v2\/posts\/53944","targetHints":{"allow":["GET"]}}],"collection":[{"href":"https:\/\/www.iemj.org\/en\/wp-json\/wp\/v2\/posts"}],"about":[{"href":"https:\/\/www.iemj.org\/en\/wp-json\/wp\/v2\/types\/post"}],"author":[{"embeddable":true,"href":"https:\/\/www.iemj.org\/en\/wp-json\/wp\/v2\/users\/5"}],"replies":[{"embeddable":true,"href":"https:\/\/www.iemj.org\/en\/wp-json\/wp\/v2\/comments?post=53944"}],"version-history":[{"count":3,"href":"https:\/\/www.iemj.org\/en\/wp-json\/wp\/v2\/posts\/53944\/revisions"}],"predecessor-version":[{"id":126361,"href":"https:\/\/www.iemj.org\/en\/wp-json\/wp\/v2\/posts\/53944\/revisions\/126361"}],"wp:featuredmedia":[{"embeddable":true,"href":"https:\/\/www.iemj.org\/en\/wp-json\/wp\/v2\/media\/111188"}],"wp:attachment":[{"href":"https:\/\/www.iemj.org\/en\/wp-json\/wp\/v2\/media?parent=53944"}],"wp:term":[{"taxonomy":"category","embeddable":true,"href":"https:\/\/www.iemj.org\/en\/wp-json\/wp\/v2\/categories?post=53944"},{"taxonomy":"post_tag","embeddable":true,"href":"https:\/\/www.iemj.org\/en\/wp-json\/wp\/v2\/tags?post=53944"},{"taxonomy":"technique","embeddable":true,"href":"https:\/\/www.iemj.org\/en\/wp-json\/wp\/v2\/technique?post=53944"},{"taxonomy":"squelettes","embeddable":true,"href":"https:\/\/www.iemj.org\/en\/wp-json\/wp\/v2\/squelettes?post=53944"},{"taxonomy":"sujet","embeddable":true,"href":"https:\/\/www.iemj.org\/en\/wp-json\/wp\/v2\/sujet?post=53944"},{"taxonomy":"formation","embeddable":true,"href":"https:\/\/www.iemj.org\/en\/wp-json\/wp\/v2\/formation?post=53944"},{"taxonomy":"genre","embeddable":true,"href":"https:\/\/www.iemj.org\/en\/wp-json\/wp\/v2\/genre?post=53944"},{"taxonomy":"fonds","embeddable":true,"href":"https:\/\/www.iemj.org\/en\/wp-json\/wp\/v2\/fonds?post=53944"},{"taxonomy":"tradition","embeddable":true,"href":"https:\/\/www.iemj.org\/en\/wp-json\/wp\/v2\/tradition?post=53944"},{"taxonomy":"type-de-contenu","embeddable":true,"href":"https:\/\/www.iemj.org\/en\/wp-json\/wp\/v2\/type-de-contenu?post=53944"},{"taxonomy":"interprete-compositeur","embeddable":true,"href":"https:\/\/www.iemj.org\/en\/wp-json\/wp\/v2\/interprete-compositeur?post=53944"},{"taxonomy":"frise","embeddable":true,"href":"https:\/\/www.iemj.org\/en\/wp-json\/wp\/v2\/frise?post=53944"},{"taxonomy":"type-devenement","embeddable":true,"href":"https:\/\/www.iemj.org\/en\/wp-json\/wp\/v2\/type-devenement?post=53944"},{"taxonomy":"tableaux-liens-externes","embeddable":true,"href":"https:\/\/www.iemj.org\/en\/wp-json\/wp\/v2\/tableaux-liens-externes?post=53944"}],"curies":[{"name":"wp","href":"https:\/\/api.w.org\/{rel}","templated":true}]}}