{"id":53967,"date":"2020-11-10T17:51:16","date_gmt":"2020-11-10T16:51:16","guid":{"rendered":"https:\/\/www.iemj.org\/une-nouvelle-partition-de-serge-kaufmann-katouna-pour-clarinette-et-violoncelle\/"},"modified":"2021-09-07T17:22:50","modified_gmt":"2021-09-07T15:22:50","slug":"une-nouvelle-partition-de-serge-kaufmann-katouna-pour-clarinette-et-violoncelle","status":"publish","type":"post","link":"https:\/\/www.iemj.org\/en\/une-nouvelle-partition-de-serge-kaufmann-katouna-pour-clarinette-et-violoncelle\/","title":{"rendered":"Katouna, for clarinet and cello"},"content":{"rendered":"<h3><strong>Release of a new musical score by Serge Kaufman, at the EIJM\u2019s editions <\/strong><\/h3>\n<p>Composer, journalist, producer for radio and television and filmmaker,\u00a0<a href=\"https:\/\/www.iemj.org\/en\/product\/kaufmann-katouna-for-clarinet-and-cello-printed-score\/\" target=\"_blank\" rel=\"noopener\">Serge Kaufmann<\/a>\u00a0has enriched the field of Jewish music for nearly 30 years, composing works with evocative names, such as :\u00a0<em>Yiddish Suite<\/em>,\u00a0<em>Small klezmer suite<\/em>,\u00a0<em>Le Maharam de Rothenbourg<\/em>,\u00a0<em>Neshama<\/em>,\u00a0<em>Kol nidr\u00e9<\/em>,\u00a0<em>Yesod<\/em>\u2026<\/p>\n<p>After having written 30 musical scores released by the EIJM\u2019s Editions\u00a0<em>(see below)<\/em>, sheet music for solo vocal or for choir, solo instruments or small ensembles, available on paper or digital on the\u00a0<a href=\"https:\/\/iemj.komk.fr\/en\/shop\/\">EIJM\u2019s online shop<\/a>, he just released\u00a0<a href=\"https:\/\/www.iemj.org\/en\/product\/kaufmann-katouna-for-clarinet-and-cello-printed-score\/\" target=\"_blank\" rel=\"noopener\">Katouna, for clarinet and cello<\/a>.<\/p>\n<p>\u00a0<\/p>\n<p>\u00a0<\/p>\n\n\n<div class=\"wp-block-columns is-layout-flex wp-container-core-columns-is-layout-9d6595d7 wp-block-columns-is-layout-flex\">\n<div class=\"wp-block-column is-layout-flow wp-block-column-is-layout-flow\">\n<ul class=\"wp-block-list\"><li><a href=\"https:\/\/www.iemj.org\/en\/product\/serge-kaufmann-kol-nidre-for-choir-string-quintet-piano-and-clarinet-printed-score\/\" target=\"_blank\" rel=\"noreferrer noopener\">Kol Nidre for choir, string quintet, piano and clarinet<\/a><\/li><li><a href=\"https:\/\/www.iemj.org\/en\/product\/serge-kaufmann-souvenir-imaginaire-song-for-mixed-choir-and-cello-printed-score\/\" target=\"_blank\" rel=\"noreferrer noopener\">Souvenir imaginaire, song for mixed choir and cello<\/a><\/li><li><a href=\"https:\/\/www.iemj.org\/en\/product\/serge-kaufmann-absent-lyrical-poem-for-soprano-violin-and-piano-printed-score\/\" target=\"_blank\" rel=\"noreferrer noopener\">L\u2019Absent, lyrical poem for soprano, violin and piano<\/a><\/li><li><a href=\"https:\/\/www.iemj.org\/en\/product\/serge-kaufman-flaneries-pour-violon-et-accordeon\/\" target=\"_blank\" rel=\"noreferrer noopener\">Fl\u00e2neries pour violon et accord\u00e9on<\/a><\/li><li><a href=\"https:\/\/www.iemj.org\/en\/product\/serge-kaufman-kinah-elegy-for-viola-and-piano-printed-score\/\" target=\"_blank\" rel=\"noreferrer noopener\">Kinah, Elegy for viola and piano<\/a><\/li><li><a href=\"https:\/\/www.iemj.org\/en\/product\/serge-kaufmann-la-memoire-ensevelie-music-for-piano-printed-score\/\" target=\"_blank\" rel=\"noreferrer noopener\">La m\u00e9moire ensevelie, Music for piano<\/a><\/li><li><a href=\"https:\/\/www.iemj.org\/en\/product\/serge-kaufman-neguima-rhapsody-for-violin-and-piano-printed-score\/\" target=\"_blank\" rel=\"noreferrer noopener\">Neguima, Rhapsody for violin and piano<\/a><\/li><li><a href=\"https:\/\/www.iemj.org\/en\/product\/serge-kaufman-neshama-song-for-cello-solo-printed-score\/\" target=\"_blank\" rel=\"noreferrer noopener\">Neshama, Song for cello solo<\/a><\/li><li><a href=\"https:\/\/www.iemj.org\/en\/product\/serge-kaufman-netsah-song-for-violin-solo-printed-score\/\" target=\"_blank\" rel=\"noreferrer noopener\">Netsah, Song for violin solo<\/a><\/li><li><a href=\"https:\/\/www.iemj.org\/en\/product\/serge-kaufman-quatrocelli-ballad-for-four-cellos-printed-score\/\" target=\"_blank\" rel=\"noreferrer noopener\">Quatrocelli, Ballad for four cellos<\/a><\/li><li><a href=\"https:\/\/www.iemj.org\/en\/product\/serge-kaufman-souviens-toi-song-for-violin-and-piano-printed-score\/\" target=\"_blank\" rel=\"noreferrer noopener\">Souviens-toi, Song for violin and piano<\/a><\/li><li><a href=\"https:\/\/www.iemj.org\/en\/product\/serge-kaufman-tfila-for-alto-saxophone-and-piano-printed-score\/\" target=\"_blank\" rel=\"noreferrer noopener\">Tfila, for alto saxophone and piano<\/a><\/li><li><a href=\"https:\/\/www.iemj.org\/en\/product\/serge-kaufman-vivante-a-jamais-dramatic-duet-for-soprano-tenor-with-piano-printed-score\/\" target=\"_blank\" rel=\"noreferrer noopener\">Vivante \u00e0 jamais, dramatic duet for soprano and tenor, with piano<\/a><\/li><li><a href=\"https:\/\/www.iemj.org\/en\/product\/serge-kaufman-yesod-three-movements-for-string-quartet-printed-score\/\" target=\"_blank\" rel=\"noreferrer noopener\">Yesod, Three movements for string quartet<\/a><\/li><li><a href=\"https:\/\/www.iemj.org\/en\/product\/serge-kaufman-zimra-song-for-cello-solo-printed-score\/\" target=\"_blank\" rel=\"noreferrer noopener\">Zimra, Song for cello solo<\/a><\/li><\/ul>\n<\/div>\n\n\n\n<div class=\"wp-block-column is-layout-flow wp-block-column-is-layout-flow\">\n<ul class=\"wp-block-list\" id=\"block-46659a22-1a37-48f1-92d9-a68d1f304566\"><li><a href=\"https:\/\/www.iemj.org\/en\/product\/serge-kaufman-romantika-for-clarinet-and-piano-printed-score\/\" target=\"_blank\" rel=\"noreferrer noopener\">Romantika for clarinet and piano<\/a><\/li><li><a href=\"https:\/\/www.iemj.org\/en\/product\/serge-kaufman-four-duets-for-two-violas-printed-score\/\" target=\"_blank\" rel=\"noreferrer noopener\">Four duets for two violas<\/a><\/li><li><a href=\"https:\/\/www.iemj.org\/en\/product\/serge-kaufman-three-improvisations-for-violin-solo-printed-score\/\" target=\"_blank\" rel=\"noreferrer noopener\">Three improvisations for violin solo<\/a><\/li><li><a href=\"https:\/\/www.iemj.org\/en\/product\/serge-kaufman-petite-suite-klezmer-for-clarinet-and-piano-printed-score\/\" target=\"_blank\" rel=\"noreferrer noopener\">Petite suite klezmer for clarinet and piano<\/a><\/li><li><a href=\"https:\/\/www.iemj.org\/en\/product\/serge-kaufman-balade-klezmer-for-violin-clarinet-and-tsimbl-printed-score\/\" target=\"_blank\" rel=\"noreferrer noopener\">Balade klezmer for violin, clarinet and cymbalum<\/a><\/li><li><a href=\"https:\/\/www.iemj.org\/en\/product\/serge-kaufman-kyra-cantilena-for-flute-and-piano-printed-score\/\" target=\"_blank\" rel=\"noreferrer noopener\">Kyra, cantilena for flute and piano<\/a><\/li><li><a href=\"https:\/\/www.iemj.org\/en\/product\/serge-kaufmann-matana-for-cello-solo-printed-score\/\" target=\"_blank\" rel=\"noreferrer noopener\">Matana, for cello solo<\/a><\/li><li><a href=\"https:\/\/www.iemj.org\/en\/product\/serge-kaufmann-lights-monotonous-chant-for-mezzo-soprano-and-viola-printed-score\/\" target=\"_blank\" rel=\"noreferrer noopener\">Lights, monotonous chant for mezzo soprano and viola<\/a><\/li><li><a href=\"https:\/\/www.iemj.org\/en\/product\/serge-kaufmann-concertante-song-for-violin-and-string-orchestra-printed-score\/\" target=\"_blank\" rel=\"noreferrer noopener\">Concertante song for violin and string orchestra<\/a><\/li><li><a href=\"https:\/\/www.iemj.org\/en\/product\/serge-kaufman-elegy-for-string-orchestra-printed-score\/\" target=\"_blank\" rel=\"noreferrer noopener\">Elegy for string orchestra<\/a><\/li><li><a href=\"https:\/\/www.iemj.org\/en\/product\/serge-kaufmann-suite-yiddish-version-for-cello-and-string-orchestra-printed-score\/\" target=\"_blank\" rel=\"noreferrer noopener\">Suite yiddish, version for cello and string orchestra<\/a><\/li><li><a href=\"https:\/\/www.iemj.org\/en\/product\/serge-kaufmann-kinnor-for-harpe-flute-and-viola-printed-score\/\" target=\"_blank\" rel=\"noreferrer noopener\">Kinnor, for harp, flute and viola<\/a><\/li><li><a href=\"https:\/\/www.iemj.org\/en\/product\/serge-kaufmann-selah-rhapsody-for-string-orchestra-printed-score\/\" target=\"_blank\" rel=\"noreferrer noopener\">Selah, rhapsody for string orchestra<\/a><\/li><li><a href=\"https:\/\/www.iemj.org\/en\/product\/kaufmann-kyranne-quartet-for-violin-cello-piano-and-clarinet-printed-score\/\" target=\"_blank\" rel=\"noreferrer noopener\">Kyranne, Quartet for violin, cello, piano and clarinet<\/a><\/li><li><a href=\"https:\/\/www.iemj.org\/en\/product\/kaufmann-ikh-gedenk-i-remember-small-handbook-for-piano-printed-score\/\" target=\"_blank\" rel=\"noreferrer noopener\">Ikh Gedenk \u2013 I remember, Small handbook for piano<\/a><\/li><\/ul>\n<\/div>\n<\/div>\n\n\n<p><a href=\"https:\/\/iemj.komk.fr\/en\/kaufmann-serge-1930\/\" target=\"_blank\" rel=\"noopener\">Learn more about Serge Kaufmann<\/a><\/p>\n<p><a href=\"https:\/\/www.iemj.org\/en\/product\/serge-kaufmann-ima-ou-la-mere-depossedee\/\" target=\"_blank\" rel=\"noopener\">Purchase the CD Ima ou la m\u00e8re d\u00e9poss\u00e9d\u00e9e by Serge Kaufmann<\/a><\/p>\n\n\n<figure class=\"wp-block-gallery columns-2 is-cropped wp-block-gallery-1 is-layout-flex wp-block-gallery-is-layout-flex\"><ul class=\"blocks-gallery-grid\"><li class=\"blocks-gallery-item\"><figure><img fetchpriority=\"high\" decoding=\"async\" width=\"282\" height=\"400\" src=\"https:\/\/www.iemj.org\/wp-content\/uploads\/2020\/11\/couv_katouna_400px_vertic.jpg\" alt=\"couv_katouna_400px_vertic.jpg\" data-id=\"29903\" data-full-url=\"https:\/\/www.iemj.org\/wp-content\/uploads\/2020\/11\/couv_katouna_400px_vertic.jpg\" data-link=\"https:\/\/www.iemj.org\/une-nouvelle-partition-de-serge-kaufmann-katouna-pour-clarinette-et-violoncelle\/attachment-couv_katouna_400px_vertic-jpg\/\" class=\"wp-image-29904\" srcset=\"https:\/\/www.iemj.org\/wp-content\/uploads\/2020\/11\/couv_katouna_400px_vertic.jpg 282w, https:\/\/www.iemj.org\/wp-content\/uploads\/2020\/11\/couv_katouna_400px_vertic-212x300.jpg 212w\" sizes=\"(max-width: 282px) 100vw, 282px\" \/><\/figure><\/li><li class=\"blocks-gallery-item\"><figure><img decoding=\"async\" width=\"281\" height=\"400\" src=\"https:\/\/www.iemj.org\/wp-content\/uploads\/2020\/11\/1ere_page_partition_katouna_400px_vertic.jpg\" alt=\"1ere_page_partition_katouna_400px_vertic.jpg\" data-id=\"29905\" data-full-url=\"https:\/\/www.iemj.org\/wp-content\/uploads\/2020\/11\/1ere_page_partition_katouna_400px_vertic.jpg\" data-link=\"https:\/\/www.iemj.org\/une-nouvelle-partition-de-serge-kaufmann-katouna-pour-clarinette-et-violoncelle\/attachment-1ere_page_partition_katouna_400px_vertic-jpg\/\" class=\"wp-image-29906\" srcset=\"https:\/\/www.iemj.org\/wp-content\/uploads\/2020\/11\/1ere_page_partition_katouna_400px_vertic.jpg 281w, https:\/\/www.iemj.org\/wp-content\/uploads\/2020\/11\/1ere_page_partition_katouna_400px_vertic-211x300.jpg 211w\" sizes=\"(max-width: 281px) 100vw, 281px\" \/><\/figure><\/li><\/ul><\/figure>\n\n\n\n<figure class=\"wp-block-video\"><video height=\"180\" style=\"aspect-ratio: 320 \/ 180;\" width=\"320\" controls src=\"https:\/\/www.iemj.org\/wp-content\/uploads\/2016\/03\/kaufmann_suite_yiddish_1er_mouvement_v2.mp4\"><\/video><figcaption><strong>Watch excerpts from the concert performed on March 21, 2010 &#8211; \u00c9glise Notre-Dame de la Daurade in Toulouse, for the release of the CD &#8220;Serge Kaufmann &#8211; Ima ou la m\u00e8re d\u00e9poss\u00e9d\u00e9e&#8221;<\/strong><\/figcaption><\/figure>\n\n\n\n<div class=\"wp-block-columns is-layout-flex wp-container-core-columns-is-layout-9d6595d7 wp-block-columns-is-layout-flex\">\n<div class=\"wp-block-column is-layout-flow wp-block-column-is-layout-flow\">\n<figure class=\"wp-block-embed aligncenter is-type-video is-provider-youtube wp-block-embed-youtube wp-embed-aspect-4-3 wp-has-aspect-ratio\"><div class=\"wp-block-embed__wrapper\">\nhttps:\/\/youtu.be\/W-0eoV3lsCU?t=385\n<\/div><figcaption><strong>Watch excerpts from the EIJM&#8217;s Gala Concert of November 6, 2015, during which the <em>Petite suite klezmer for clarinet and piano<\/em> by Serge Kaufmann was performed for the first time<\/strong><\/figcaption><\/figure>\n\n\n\n<p><\/p>\n<\/div>\n<\/div>\n\n\n\n<div class=\"wp-block-columns is-layout-flex wp-container-core-columns-is-layout-9d6595d7 wp-block-columns-is-layout-flex\"><\/div>\n","protected":false},"excerpt":{"rendered":"<p>Release of a new musical score by Serge Kaufman, at the EIJM\u2019s editions Composer, journalist, producer for radio and television and filmmaker,\u00a0Serge Kaufmann\u00a0has enriched the field of Jewish music for<\/p>\n","protected":false},"author":5,"featured_media":29902,"comment_status":"closed","ping_status":"closed","sticky":false,"template":"","format":"standard","meta":{"_acf_changed":false,"footnotes":""},"categories":[1389,1395],"tags":[],"technique":[],"squelettes":[],"sujet":[],"formation":[],"genre":[1117],"fonds":[],"tradition":[],"type-de-contenu":[],"interprete-compositeur":[3289],"frise":[],"type-devenement":[],"tableaux-liens-externes":[],"class_list":["post-53967","post","type-post","status-publish","format-standard","has-post-thumbnail","hentry","category-publications-en","category-sheet-music-eijm-en","genre-classical-music","interprete-compositeur-serge-kaufmann-en"],"acf":[],"yoast_head":"<!-- This site is optimized with the Yoast SEO plugin v27.3 - https:\/\/yoast.com\/product\/yoast-seo-wordpress\/ -->\n<title>Katouna, for clarinet and cello - Institut Europ\u00e9en des Musiques Juives<\/title>\n<meta name=\"robots\" content=\"index, follow, max-snippet:-1, max-image-preview:large, max-video-preview:-1\" \/>\n<link rel=\"canonical\" href=\"https:\/\/www.iemj.org\/en\/une-nouvelle-partition-de-serge-kaufmann-katouna-pour-clarinette-et-violoncelle\/\" \/>\n<meta property=\"og:locale\" content=\"en_US\" \/>\n<meta property=\"og:type\" content=\"article\" \/>\n<meta property=\"og:title\" content=\"Katouna, for clarinet and cello - Institut Europ\u00e9en des Musiques Juives\" \/>\n<meta property=\"og:description\" content=\"Release of a new musical score by Serge Kaufman, at the EIJM\u2019s editions Composer, journalist, producer for radio and television and filmmaker,\u00a0Serge Kaufmann\u00a0has enriched the field of Jewish music for\" \/>\n<meta property=\"og:url\" content=\"https:\/\/www.iemj.org\/en\/une-nouvelle-partition-de-serge-kaufmann-katouna-pour-clarinette-et-violoncelle\/\" \/>\n<meta property=\"og:site_name\" content=\"Institut Europ\u00e9en des Musiques Juives\" \/>\n<meta property=\"article:publisher\" content=\"https:\/\/www.facebook.com\/MusiquesJuives\/\" \/>\n<meta property=\"article:published_time\" content=\"2020-11-10T16:51:16+00:00\" \/>\n<meta property=\"article:modified_time\" content=\"2021-09-07T15:22:50+00:00\" \/>\n<meta property=\"og:image\" content=\"https:\/\/www.iemj.org\/wp-content\/uploads\/2020\/11\/arton4895.jpg\" \/>\n\t<meta property=\"og:image:width\" content=\"336\" \/>\n\t<meta property=\"og:image:height\" content=\"382\" \/>\n\t<meta property=\"og:image:type\" content=\"image\/jpeg\" \/>\n<meta name=\"author\" content=\"Jacqueline ROTEN\" \/>\n<meta name=\"twitter:card\" content=\"summary_large_image\" \/>\n<meta name=\"twitter:label1\" content=\"Written by\" \/>\n\t<meta name=\"twitter:data1\" content=\"Jacqueline ROTEN\" \/>\n\t<meta name=\"twitter:label2\" content=\"Est. reading time\" \/>\n\t<meta name=\"twitter:data2\" content=\"3 minutes\" \/>\n<script type=\"application\/ld+json\" class=\"yoast-schema-graph\">{\"@context\":\"https:\\\/\\\/schema.org\",\"@graph\":[{\"@type\":\"Article\",\"@id\":\"https:\\\/\\\/www.iemj.org\\\/en\\\/une-nouvelle-partition-de-serge-kaufmann-katouna-pour-clarinette-et-violoncelle\\\/#article\",\"isPartOf\":{\"@id\":\"https:\\\/\\\/www.iemj.org\\\/en\\\/une-nouvelle-partition-de-serge-kaufmann-katouna-pour-clarinette-et-violoncelle\\\/\"},\"author\":{\"name\":\"Jacqueline ROTEN\",\"@id\":\"https:\\\/\\\/www.iemj.org\\\/en\\\/#\\\/schema\\\/person\\\/358e26c18aca017fcc4cc15437f7279c\"},\"headline\":\"Katouna, for clarinet and cello\",\"datePublished\":\"2020-11-10T16:51:16+00:00\",\"dateModified\":\"2021-09-07T15:22:50+00:00\",\"mainEntityOfPage\":{\"@id\":\"https:\\\/\\\/www.iemj.org\\\/en\\\/une-nouvelle-partition-de-serge-kaufmann-katouna-pour-clarinette-et-violoncelle\\\/\"},\"wordCount\":388,\"publisher\":{\"@id\":\"https:\\\/\\\/www.iemj.org\\\/en\\\/#organization\"},\"image\":{\"@id\":\"https:\\\/\\\/www.iemj.org\\\/en\\\/une-nouvelle-partition-de-serge-kaufmann-katouna-pour-clarinette-et-violoncelle\\\/#primaryimage\"},\"thumbnailUrl\":\"https:\\\/\\\/www.iemj.org\\\/wp-content\\\/uploads\\\/2020\\\/11\\\/arton4895.jpg\",\"articleSection\":[\"Publications\",\"Sheet Music EIJM\"],\"inLanguage\":\"en-US\"},{\"@type\":\"WebPage\",\"@id\":\"https:\\\/\\\/www.iemj.org\\\/en\\\/une-nouvelle-partition-de-serge-kaufmann-katouna-pour-clarinette-et-violoncelle\\\/\",\"url\":\"https:\\\/\\\/www.iemj.org\\\/en\\\/une-nouvelle-partition-de-serge-kaufmann-katouna-pour-clarinette-et-violoncelle\\\/\",\"name\":\"Katouna, for clarinet and cello - Institut Europ\u00e9en des Musiques Juives\",\"isPartOf\":{\"@id\":\"https:\\\/\\\/www.iemj.org\\\/en\\\/#website\"},\"primaryImageOfPage\":{\"@id\":\"https:\\\/\\\/www.iemj.org\\\/en\\\/une-nouvelle-partition-de-serge-kaufmann-katouna-pour-clarinette-et-violoncelle\\\/#primaryimage\"},\"image\":{\"@id\":\"https:\\\/\\\/www.iemj.org\\\/en\\\/une-nouvelle-partition-de-serge-kaufmann-katouna-pour-clarinette-et-violoncelle\\\/#primaryimage\"},\"thumbnailUrl\":\"https:\\\/\\\/www.iemj.org\\\/wp-content\\\/uploads\\\/2020\\\/11\\\/arton4895.jpg\",\"datePublished\":\"2020-11-10T16:51:16+00:00\",\"dateModified\":\"2021-09-07T15:22:50+00:00\",\"breadcrumb\":{\"@id\":\"https:\\\/\\\/www.iemj.org\\\/en\\\/une-nouvelle-partition-de-serge-kaufmann-katouna-pour-clarinette-et-violoncelle\\\/#breadcrumb\"},\"inLanguage\":\"en-US\",\"potentialAction\":[{\"@type\":\"ReadAction\",\"target\":[\"https:\\\/\\\/www.iemj.org\\\/en\\\/une-nouvelle-partition-de-serge-kaufmann-katouna-pour-clarinette-et-violoncelle\\\/\"]}]},{\"@type\":\"ImageObject\",\"inLanguage\":\"en-US\",\"@id\":\"https:\\\/\\\/www.iemj.org\\\/en\\\/une-nouvelle-partition-de-serge-kaufmann-katouna-pour-clarinette-et-violoncelle\\\/#primaryimage\",\"url\":\"https:\\\/\\\/www.iemj.org\\\/wp-content\\\/uploads\\\/2020\\\/11\\\/arton4895.jpg\",\"contentUrl\":\"https:\\\/\\\/www.iemj.org\\\/wp-content\\\/uploads\\\/2020\\\/11\\\/arton4895.jpg\",\"width\":336,\"height\":382},{\"@type\":\"BreadcrumbList\",\"@id\":\"https:\\\/\\\/www.iemj.org\\\/en\\\/une-nouvelle-partition-de-serge-kaufmann-katouna-pour-clarinette-et-violoncelle\\\/#breadcrumb\",\"itemListElement\":[{\"@type\":\"ListItem\",\"position\":1,\"name\":\"Accueil\",\"item\":\"https:\\\/\\\/www.iemj.org\\\/en\\\/\"},{\"@type\":\"ListItem\",\"position\":2,\"name\":\"Katouna, for clarinet and cello\"}]},{\"@type\":\"WebSite\",\"@id\":\"https:\\\/\\\/www.iemj.org\\\/en\\\/#website\",\"url\":\"https:\\\/\\\/www.iemj.org\\\/en\\\/\",\"name\":\"Institut Europ\u00e9en des Musiques Juives\",\"description\":\"Des traditions musicales \u00e0 la port\u00e9e de tous\",\"publisher\":{\"@id\":\"https:\\\/\\\/www.iemj.org\\\/en\\\/#organization\"},\"potentialAction\":[{\"@type\":\"SearchAction\",\"target\":{\"@type\":\"EntryPoint\",\"urlTemplate\":\"https:\\\/\\\/www.iemj.org\\\/en\\\/?s={search_term_string}\"},\"query-input\":{\"@type\":\"PropertyValueSpecification\",\"valueRequired\":true,\"valueName\":\"search_term_string\"}}],\"inLanguage\":\"en-US\"},{\"@type\":\"Organization\",\"@id\":\"https:\\\/\\\/www.iemj.org\\\/en\\\/#organization\",\"name\":\"Institut Europ\u00e9en des Musiques Juives\",\"url\":\"https:\\\/\\\/www.iemj.org\\\/en\\\/\",\"logo\":{\"@type\":\"ImageObject\",\"inLanguage\":\"en-US\",\"@id\":\"https:\\\/\\\/www.iemj.org\\\/en\\\/#\\\/schema\\\/logo\\\/image\\\/\",\"url\":\"https:\\\/\\\/www.iemj.org\\\/wp-content\\\/uploads\\\/2021\\\/09\\\/Logo-IEMJ-Paypal.jpg\",\"contentUrl\":\"https:\\\/\\\/www.iemj.org\\\/wp-content\\\/uploads\\\/2021\\\/09\\\/Logo-IEMJ-Paypal.jpg\",\"width\":150,\"height\":50,\"caption\":\"Institut Europ\u00e9en des Musiques Juives\"},\"image\":{\"@id\":\"https:\\\/\\\/www.iemj.org\\\/en\\\/#\\\/schema\\\/logo\\\/image\\\/\"},\"sameAs\":[\"https:\\\/\\\/www.facebook.com\\\/MusiquesJuives\\\/\",\"https:\\\/\\\/www.instagram.com\\\/musiquesjuives\\\/\",\"https:\\\/\\\/www.youtube.com\\\/user\\\/musiquesjuives\"]},{\"@type\":\"Person\",\"@id\":\"https:\\\/\\\/www.iemj.org\\\/en\\\/#\\\/schema\\\/person\\\/358e26c18aca017fcc4cc15437f7279c\",\"name\":\"Jacqueline ROTEN\",\"image\":{\"@type\":\"ImageObject\",\"inLanguage\":\"en-US\",\"@id\":\"https:\\\/\\\/secure.gravatar.com\\\/avatar\\\/5964256d6c6957de3a3505278957e0fb2a35119ac47ea41827a65301213c810b?s=96&d=mm&r=g\",\"url\":\"https:\\\/\\\/secure.gravatar.com\\\/avatar\\\/5964256d6c6957de3a3505278957e0fb2a35119ac47ea41827a65301213c810b?s=96&d=mm&r=g\",\"contentUrl\":\"https:\\\/\\\/secure.gravatar.com\\\/avatar\\\/5964256d6c6957de3a3505278957e0fb2a35119ac47ea41827a65301213c810b?s=96&d=mm&r=g\",\"caption\":\"Jacqueline ROTEN\"}}]}<\/script>\n<!-- \/ Yoast SEO plugin. -->","yoast_head_json":{"title":"Katouna, for clarinet and cello - Institut Europ\u00e9en des Musiques Juives","robots":{"index":"index","follow":"follow","max-snippet":"max-snippet:-1","max-image-preview":"max-image-preview:large","max-video-preview":"max-video-preview:-1"},"canonical":"https:\/\/www.iemj.org\/en\/une-nouvelle-partition-de-serge-kaufmann-katouna-pour-clarinette-et-violoncelle\/","og_locale":"en_US","og_type":"article","og_title":"Katouna, for clarinet and cello - Institut Europ\u00e9en des Musiques Juives","og_description":"Release of a new musical score by Serge Kaufman, at the EIJM\u2019s editions Composer, journalist, producer for radio and television and filmmaker,\u00a0Serge Kaufmann\u00a0has enriched the field of Jewish music for","og_url":"https:\/\/www.iemj.org\/en\/une-nouvelle-partition-de-serge-kaufmann-katouna-pour-clarinette-et-violoncelle\/","og_site_name":"Institut Europ\u00e9en des Musiques Juives","article_publisher":"https:\/\/www.facebook.com\/MusiquesJuives\/","article_published_time":"2020-11-10T16:51:16+00:00","article_modified_time":"2021-09-07T15:22:50+00:00","og_image":[{"width":336,"height":382,"url":"https:\/\/www.iemj.org\/wp-content\/uploads\/2020\/11\/arton4895.jpg","type":"image\/jpeg"}],"author":"Jacqueline ROTEN","twitter_card":"summary_large_image","twitter_misc":{"Written by":"Jacqueline ROTEN","Est. reading time":"3 minutes"},"schema":{"@context":"https:\/\/schema.org","@graph":[{"@type":"Article","@id":"https:\/\/www.iemj.org\/en\/une-nouvelle-partition-de-serge-kaufmann-katouna-pour-clarinette-et-violoncelle\/#article","isPartOf":{"@id":"https:\/\/www.iemj.org\/en\/une-nouvelle-partition-de-serge-kaufmann-katouna-pour-clarinette-et-violoncelle\/"},"author":{"name":"Jacqueline ROTEN","@id":"https:\/\/www.iemj.org\/en\/#\/schema\/person\/358e26c18aca017fcc4cc15437f7279c"},"headline":"Katouna, for clarinet and cello","datePublished":"2020-11-10T16:51:16+00:00","dateModified":"2021-09-07T15:22:50+00:00","mainEntityOfPage":{"@id":"https:\/\/www.iemj.org\/en\/une-nouvelle-partition-de-serge-kaufmann-katouna-pour-clarinette-et-violoncelle\/"},"wordCount":388,"publisher":{"@id":"https:\/\/www.iemj.org\/en\/#organization"},"image":{"@id":"https:\/\/www.iemj.org\/en\/une-nouvelle-partition-de-serge-kaufmann-katouna-pour-clarinette-et-violoncelle\/#primaryimage"},"thumbnailUrl":"https:\/\/www.iemj.org\/wp-content\/uploads\/2020\/11\/arton4895.jpg","articleSection":["Publications","Sheet Music EIJM"],"inLanguage":"en-US"},{"@type":"WebPage","@id":"https:\/\/www.iemj.org\/en\/une-nouvelle-partition-de-serge-kaufmann-katouna-pour-clarinette-et-violoncelle\/","url":"https:\/\/www.iemj.org\/en\/une-nouvelle-partition-de-serge-kaufmann-katouna-pour-clarinette-et-violoncelle\/","name":"Katouna, for clarinet and cello - Institut Europ\u00e9en des Musiques Juives","isPartOf":{"@id":"https:\/\/www.iemj.org\/en\/#website"},"primaryImageOfPage":{"@id":"https:\/\/www.iemj.org\/en\/une-nouvelle-partition-de-serge-kaufmann-katouna-pour-clarinette-et-violoncelle\/#primaryimage"},"image":{"@id":"https:\/\/www.iemj.org\/en\/une-nouvelle-partition-de-serge-kaufmann-katouna-pour-clarinette-et-violoncelle\/#primaryimage"},"thumbnailUrl":"https:\/\/www.iemj.org\/wp-content\/uploads\/2020\/11\/arton4895.jpg","datePublished":"2020-11-10T16:51:16+00:00","dateModified":"2021-09-07T15:22:50+00:00","breadcrumb":{"@id":"https:\/\/www.iemj.org\/en\/une-nouvelle-partition-de-serge-kaufmann-katouna-pour-clarinette-et-violoncelle\/#breadcrumb"},"inLanguage":"en-US","potentialAction":[{"@type":"ReadAction","target":["https:\/\/www.iemj.org\/en\/une-nouvelle-partition-de-serge-kaufmann-katouna-pour-clarinette-et-violoncelle\/"]}]},{"@type":"ImageObject","inLanguage":"en-US","@id":"https:\/\/www.iemj.org\/en\/une-nouvelle-partition-de-serge-kaufmann-katouna-pour-clarinette-et-violoncelle\/#primaryimage","url":"https:\/\/www.iemj.org\/wp-content\/uploads\/2020\/11\/arton4895.jpg","contentUrl":"https:\/\/www.iemj.org\/wp-content\/uploads\/2020\/11\/arton4895.jpg","width":336,"height":382},{"@type":"BreadcrumbList","@id":"https:\/\/www.iemj.org\/en\/une-nouvelle-partition-de-serge-kaufmann-katouna-pour-clarinette-et-violoncelle\/#breadcrumb","itemListElement":[{"@type":"ListItem","position":1,"name":"Accueil","item":"https:\/\/www.iemj.org\/en\/"},{"@type":"ListItem","position":2,"name":"Katouna, for clarinet and cello"}]},{"@type":"WebSite","@id":"https:\/\/www.iemj.org\/en\/#website","url":"https:\/\/www.iemj.org\/en\/","name":"Institut Europ\u00e9en des Musiques Juives","description":"Des traditions musicales \u00e0 la port\u00e9e de tous","publisher":{"@id":"https:\/\/www.iemj.org\/en\/#organization"},"potentialAction":[{"@type":"SearchAction","target":{"@type":"EntryPoint","urlTemplate":"https:\/\/www.iemj.org\/en\/?s={search_term_string}"},"query-input":{"@type":"PropertyValueSpecification","valueRequired":true,"valueName":"search_term_string"}}],"inLanguage":"en-US"},{"@type":"Organization","@id":"https:\/\/www.iemj.org\/en\/#organization","name":"Institut Europ\u00e9en des Musiques Juives","url":"https:\/\/www.iemj.org\/en\/","logo":{"@type":"ImageObject","inLanguage":"en-US","@id":"https:\/\/www.iemj.org\/en\/#\/schema\/logo\/image\/","url":"https:\/\/www.iemj.org\/wp-content\/uploads\/2021\/09\/Logo-IEMJ-Paypal.jpg","contentUrl":"https:\/\/www.iemj.org\/wp-content\/uploads\/2021\/09\/Logo-IEMJ-Paypal.jpg","width":150,"height":50,"caption":"Institut Europ\u00e9en des Musiques Juives"},"image":{"@id":"https:\/\/www.iemj.org\/en\/#\/schema\/logo\/image\/"},"sameAs":["https:\/\/www.facebook.com\/MusiquesJuives\/","https:\/\/www.instagram.com\/musiquesjuives\/","https:\/\/www.youtube.com\/user\/musiquesjuives"]},{"@type":"Person","@id":"https:\/\/www.iemj.org\/en\/#\/schema\/person\/358e26c18aca017fcc4cc15437f7279c","name":"Jacqueline ROTEN","image":{"@type":"ImageObject","inLanguage":"en-US","@id":"https:\/\/secure.gravatar.com\/avatar\/5964256d6c6957de3a3505278957e0fb2a35119ac47ea41827a65301213c810b?s=96&d=mm&r=g","url":"https:\/\/secure.gravatar.com\/avatar\/5964256d6c6957de3a3505278957e0fb2a35119ac47ea41827a65301213c810b?s=96&d=mm&r=g","contentUrl":"https:\/\/secure.gravatar.com\/avatar\/5964256d6c6957de3a3505278957e0fb2a35119ac47ea41827a65301213c810b?s=96&d=mm&r=g","caption":"Jacqueline ROTEN"}}]}},"_links":{"self":[{"href":"https:\/\/www.iemj.org\/en\/wp-json\/wp\/v2\/posts\/53967","targetHints":{"allow":["GET"]}}],"collection":[{"href":"https:\/\/www.iemj.org\/en\/wp-json\/wp\/v2\/posts"}],"about":[{"href":"https:\/\/www.iemj.org\/en\/wp-json\/wp\/v2\/types\/post"}],"author":[{"embeddable":true,"href":"https:\/\/www.iemj.org\/en\/wp-json\/wp\/v2\/users\/5"}],"replies":[{"embeddable":true,"href":"https:\/\/www.iemj.org\/en\/wp-json\/wp\/v2\/comments?post=53967"}],"version-history":[{"count":0,"href":"https:\/\/www.iemj.org\/en\/wp-json\/wp\/v2\/posts\/53967\/revisions"}],"wp:featuredmedia":[{"embeddable":true,"href":"https:\/\/www.iemj.org\/en\/wp-json\/wp\/v2\/media\/29902"}],"wp:attachment":[{"href":"https:\/\/www.iemj.org\/en\/wp-json\/wp\/v2\/media?parent=53967"}],"wp:term":[{"taxonomy":"category","embeddable":true,"href":"https:\/\/www.iemj.org\/en\/wp-json\/wp\/v2\/categories?post=53967"},{"taxonomy":"post_tag","embeddable":true,"href":"https:\/\/www.iemj.org\/en\/wp-json\/wp\/v2\/tags?post=53967"},{"taxonomy":"technique","embeddable":true,"href":"https:\/\/www.iemj.org\/en\/wp-json\/wp\/v2\/technique?post=53967"},{"taxonomy":"squelettes","embeddable":true,"href":"https:\/\/www.iemj.org\/en\/wp-json\/wp\/v2\/squelettes?post=53967"},{"taxonomy":"sujet","embeddable":true,"href":"https:\/\/www.iemj.org\/en\/wp-json\/wp\/v2\/sujet?post=53967"},{"taxonomy":"formation","embeddable":true,"href":"https:\/\/www.iemj.org\/en\/wp-json\/wp\/v2\/formation?post=53967"},{"taxonomy":"genre","embeddable":true,"href":"https:\/\/www.iemj.org\/en\/wp-json\/wp\/v2\/genre?post=53967"},{"taxonomy":"fonds","embeddable":true,"href":"https:\/\/www.iemj.org\/en\/wp-json\/wp\/v2\/fonds?post=53967"},{"taxonomy":"tradition","embeddable":true,"href":"https:\/\/www.iemj.org\/en\/wp-json\/wp\/v2\/tradition?post=53967"},{"taxonomy":"type-de-contenu","embeddable":true,"href":"https:\/\/www.iemj.org\/en\/wp-json\/wp\/v2\/type-de-contenu?post=53967"},{"taxonomy":"interprete-compositeur","embeddable":true,"href":"https:\/\/www.iemj.org\/en\/wp-json\/wp\/v2\/interprete-compositeur?post=53967"},{"taxonomy":"frise","embeddable":true,"href":"https:\/\/www.iemj.org\/en\/wp-json\/wp\/v2\/frise?post=53967"},{"taxonomy":"type-devenement","embeddable":true,"href":"https:\/\/www.iemj.org\/en\/wp-json\/wp\/v2\/type-devenement?post=53967"},{"taxonomy":"tableaux-liens-externes","embeddable":true,"href":"https:\/\/www.iemj.org\/en\/wp-json\/wp\/v2\/tableaux-liens-externes?post=53967"}],"curies":[{"name":"wp","href":"https:\/\/api.w.org\/{rel}","templated":true}]}}