{"id":53978,"date":"2021-02-18T14:36:08","date_gmt":"2021-02-18T13:36:08","guid":{"rendered":"https:\/\/www.iemj.org\/ester-un-oratorio-de-pourim-du-compositeur-lidarti-1730-ap-1793\/"},"modified":"2021-09-08T14:49:30","modified_gmt":"2021-09-08T12:49:30","slug":"ester-un-oratorio-de-pourim-du-compositeur-lidarti-1730-ap-1793","status":"publish","type":"post","link":"https:\/\/www.iemj.org\/en\/ester-un-oratorio-de-pourim-du-compositeur-lidarti-1730-ap-1793\/","title":{"rendered":"Esther, a Purim oratorio by the composer Lidarti (1730- ap. 1793)"},"content":{"rendered":"<p>Rediscovered in 1997, the score of the oratorio <em>Ester<\/em> (1774) by the composer <a href=\"https:\/\/www.iemj.org\/en\/lidarti-cristiano-giuseppe-1730-apres-1793\/\" target=\"_blank\" rel=\"noopener\">Cristiano Giuseppe Lidarti<\/a> is to this day the longest and richest work of all Hebrew art music of the 17th and 18th centuries.<\/p>\n<p>The origin of this work in Hebrew, that tells the story of the queen Esther, remains mysterious. Until not long ago, only the text of this oratorio was known, thanks to two manuscripts kept in the library of the Jewish Portuguese community of Amsterdam, and a third one, a little bit different, in the library of the Hebrew Union College in Cincinnati. But none of them had music written on it.<br \/><img fetchpriority=\"high\" decoding=\"async\" class=\"  alignright wp-image-31183 size-medium\" src=\"https:\/\/www.iemj.org\/wp-content\/uploads\/2021\/02\/couverture_du_livret_de_l_oratorio_ester_redim-264x300.jpg\" alt=\"couverture_du_livret_de_l_oratorio_ester_redim.jpg\" width=\"264\" height=\"300\" align=\"right\" srcset=\"https:\/\/www.iemj.org\/wp-content\/uploads\/2021\/02\/couverture_du_livret_de_l_oratorio_ester_redim-264x300.jpg 264w, https:\/\/www.iemj.org\/wp-content\/uploads\/2021\/02\/couverture_du_livret_de_l_oratorio_ester_redim.jpg 350w\" sizes=\"(max-width: 264px) 100vw, 264px\" \/>The libretto named in Hebrew <em>The Salvation of Israel by Esther<\/em> or in Italian <em>Ester in Oratorio o Sacra Dramma<\/em>, was attributed to the Rabbi of Mantua and Venice, Jacob Raphael Saraval (around 1707-1782), who was known for his interest in music. In a document dated March 1757, Saraval asked the authorities of the Mantuan ghetto, a few days before Purim, the approval for the students of his Yeshiva to present \u00ab a kind of opera based on a biblical story \u00bb. He obtained permission on the condition that no Gentile was to be admitted to the performance, with the exception of the instrumentalist and the costume designer.<br \/>Saraval\u2019s libretto, based on the text of the second version of Haendel\u2019s oratorio (1732), but with many cuts and some additions, remained without music until November 7, 1997, when Richard Andrewes, librarian of the Cambridge University, spots in a second-hand music book salere a written score by Cristiano Giuseppe Lidarti called <em>Esther oratorio, 1774<\/em>.<br \/><img decoding=\"async\" class=\"  alignleft wp-image-18518 size-full\" src=\"https:\/\/www.iemj.org\/wp-content\/uploads\/2018\/02\/oratorio_ester.jpg\" alt=\"oratorio_ester.jpg\" width=\"285\" height=\"294\" align=\"left\" \/>A few months later, the musicologist of Jerusalem\u2019s Hebrew University <a href=\"https:\/\/www.iemj.org\/en\/adler-israel-1925-2009\/\">Isra\u00ebl Adler<\/a>, who dedicated his PhD to the art music in use in the Jewish communities of Europe in the 18th and 19th centuries, would identify Lidarti\u2019s manuscript as the music corresponding to the rabbi Saraval\u2019s libretto. A work of reconstitution then started, and will conclude with a world premiere of Esther\u2019s Oratorio in May 2000 in Jerusalem, and a French premiere and its recording at the Festival de Radio France and Montpellier in 2003, with prestigious performers such as Anne Lise Sollied and Laurent Naouri.<\/p>\n<p>A question is still unsolved today. Who asked Lidarti to compose new music on Saraval\u2019s libretto? Was it David Franco Mendes, the famous historian and secretary of the community, himself a prolific poet, who apparently would have ordered the libretto to Saraval? This is an unconfirmed hypothesis. Lidarti, himself, does not tell in his autobiography, called Aneddoti musicali the existence of this work, or the professional relations that he had with Portuguese Jews from Amsterdam. One has to note that this autobiography is quite short (about 1300 words) and scarcely mentions his compositions that, according to him \u00ab are not worth of being noticed \u00bb. However his oratorio is surely not a minor work, with its imposing music or length (nearly two hours)!<\/p>\n<p><strong>Analysis of the Work<\/strong><br \/><img decoding=\"async\" class=\"alignright wp-image-18520 \" src=\"https:\/\/www.iemj.org\/wp-content\/uploads\/2018\/02\/lidarti_coffret.jpg\" alt=\"lidarti_coffret.jpg\" width=\"300\" height=\"263\" align=\"right\" \/><\/p>\n<p><em>Esther\u2019s Oratorio<\/em> is composed of three acts each comprising 3 to 4 scenes. The score is written for 5 to 6 solo voices \u2013 Ester, Donna Israelita \u2013 an \u00ab Israelite woman \u00bb of her suite, Ahasveros, Mordocai, Haman and Harbona (who makes only a brief appearance), a three-part choir and an orchestra of string instruments, flutes, oboes, horns and basso continuo. It is likely that for religious reasons men performed the soprano voices. There are, in the community\u2019s manuscripts, documents indicating that the parts designated as soprano voices were performed by male sopranists. In a formal aspect, Lidarti\u2019s work, although dated from 1774, was created in a pre-classical style of the years 1720-1750. The overture in three movements reminds Sammartini\u2019s symphonies and the opera overtures of Pergolese, Jomelli and Galuppi, and the orchestra is still provided with a basso continuo, a relic of Baroque practices. Arias and duets also follow the \u201cgallant\u201d pre-classical style; the melody is generally cyclic, the harmonies relatively simple the various parts of the piece are clearly defined with expressive contrasts.<\/p>\n<p>We have here a work which is worth to rediscover. Up to today there is only one complete recording of the Oratorio, unfortunately unavailable. But Lidarti\u2019s biography and many excerpts of his work are available on the European Institute of Jewish Music\u2019s website. One will notice that the baroque ensemble Le Tendre Amour presents also on YouTube <a href=\"https:\/\/www.youtube.com\/watch?v=YjI1KBMhtXw\">excerpts of this work<\/a> in a colored version inspired by the Purimspiel.<\/p>\n<p><strong>Discography<\/strong><br \/><em>Esther or The Salvation of Israel by Esther<\/em>, by Cristiano Giuseppe Lidarti, Euterpe, 2003.<br \/>Libretto by the rabbi Jacob Raphael Saraval. Direction by Friedemann Layer. Interpretation by the Orchestre national de Montpellier and the Ch\u0153ur de la Radio lettone.<\/p>\n<p><em>Baroque Jewish Music \u2013 Venice, Mantua, Amsterdam (1623 \u2013 1774) Tribute to Israel Adler<\/em>, by the Ensemble Texto, Buda Musique, coll. \u00ab Musical Heritage of Jews from France \u00bb, vol. 10, 2011. Direction by David Klein.<\/p>\n<p><strong>Biography<\/strong><br \/>\u2013 <em>The practice of art music in several European Jewish communities in the 17th and 18th centuries<\/em>, by Isra\u00ebl Adler, Mouton &amp; Co, 1966, pp. 189-236.<\/p>\n<p><a href=\"https:\/\/www.iemj.org\/en\/lidarti-cristiano-giuseppe-1730-apres-1793\/\">Learn more about Lidarti<\/a><br \/><a href=\"https:\/\/www.iemj.org\/en\/la-source-de-vie-esther-en-chansons\/\" target=\"_blank\" rel=\"noopener\">Watch excerpts from the Oratorio of Ester<\/a><br \/><a href=\"https:\/\/www.iemj.org\/en\/concert-musiques-juives-baroques\/\">Watch an excerpt of the concert of Baroque Jewish Music, tribute to Israel Adler<\/a><br \/><a href=\"https:\/\/www.iemj.org\/en\/genre\/baroque-music\/\">Browse other documents related to Baroque Jewish Music<\/a><br \/><a href=\"https:\/\/www.iemj.org\/en\/musiques-juives-baroques-venise-mantoue-amsterdam-1623-1774-2\/\">Listen and purchase the CD <em>Baroque Jewish Music<\/em><\/a><\/p>\n<p>\u00a0<\/p>\n\n\n<p><\/p>\n","protected":false},"excerpt":{"rendered":"<p>Rediscovered in 1997, the score of the oratorio Ester (1774) by the composer Cristiano Giuseppe Lidarti is to this day the longest and richest work of all Hebrew art music<\/p>\n","protected":false},"author":1045,"featured_media":31181,"comment_status":"closed","ping_status":"closed","sticky":false,"template":"","format":"standard","meta":{"_acf_changed":false,"footnotes":""},"categories":[950],"tags":[2089],"technique":[],"squelettes":[],"sujet":[1805],"formation":[],"genre":[1111],"fonds":[],"tradition":[],"type-de-contenu":[],"interprete-compositeur":[],"frise":[],"type-devenement":[],"tableaux-liens-externes":[],"class_list":["post-53978","post","type-post","status-publish","format-standard","has-post-thumbnail","hentry","category-feature-articles-en","tag-italy-en","sujet-purim-en","genre-baroque-music"],"acf":[],"yoast_head":"<!-- This site is optimized with the Yoast SEO plugin v27.3 - https:\/\/yoast.com\/product\/yoast-seo-wordpress\/ -->\n<title>Esther, a Purim oratorio by the composer Lidarti (1730- ap. 1793) - Institut Europ\u00e9en des Musiques Juives<\/title>\n<meta name=\"robots\" content=\"index, follow, max-snippet:-1, max-image-preview:large, max-video-preview:-1\" \/>\n<link rel=\"canonical\" href=\"https:\/\/www.iemj.org\/en\/ester-un-oratorio-de-pourim-du-compositeur-lidarti-1730-ap-1793\/\" \/>\n<meta property=\"og:locale\" content=\"en_US\" \/>\n<meta property=\"og:type\" content=\"article\" \/>\n<meta property=\"og:title\" content=\"Esther, a Purim oratorio by the composer Lidarti (1730- ap. 1793) - Institut Europ\u00e9en des Musiques Juives\" \/>\n<meta property=\"og:description\" content=\"Rediscovered in 1997, the score of the oratorio Ester (1774) by the composer Cristiano Giuseppe Lidarti is to this day the longest and richest work of all Hebrew art music\" \/>\n<meta property=\"og:url\" content=\"https:\/\/www.iemj.org\/en\/ester-un-oratorio-de-pourim-du-compositeur-lidarti-1730-ap-1793\/\" \/>\n<meta property=\"og:site_name\" content=\"Institut Europ\u00e9en des Musiques Juives\" \/>\n<meta property=\"article:publisher\" content=\"https:\/\/www.facebook.com\/MusiquesJuives\/\" \/>\n<meta property=\"article:published_time\" content=\"2021-02-18T13:36:08+00:00\" \/>\n<meta property=\"article:modified_time\" content=\"2021-09-08T12:49:30+00:00\" \/>\n<meta property=\"og:image\" content=\"https:\/\/www.iemj.org\/wp-content\/uploads\/2021\/02\/arton5034.jpg\" \/>\n\t<meta property=\"og:image:width\" content=\"336\" \/>\n\t<meta property=\"og:image:height\" content=\"339\" \/>\n\t<meta property=\"og:image:type\" content=\"image\/jpeg\" \/>\n<meta name=\"author\" content=\"Herv\u00e9 Roten\" \/>\n<meta name=\"twitter:card\" content=\"summary_large_image\" \/>\n<meta name=\"twitter:label1\" content=\"Written by\" \/>\n\t<meta name=\"twitter:data1\" content=\"Herv\u00e9 Roten\" \/>\n\t<meta name=\"twitter:label2\" content=\"Est. reading time\" \/>\n\t<meta name=\"twitter:data2\" content=\"5 minutes\" \/>\n<script type=\"application\/ld+json\" class=\"yoast-schema-graph\">{\"@context\":\"https:\\\/\\\/schema.org\",\"@graph\":[{\"@type\":\"Article\",\"@id\":\"https:\\\/\\\/www.iemj.org\\\/en\\\/ester-un-oratorio-de-pourim-du-compositeur-lidarti-1730-ap-1793\\\/#article\",\"isPartOf\":{\"@id\":\"https:\\\/\\\/www.iemj.org\\\/en\\\/ester-un-oratorio-de-pourim-du-compositeur-lidarti-1730-ap-1793\\\/\"},\"author\":{\"name\":\"Herv\u00e9 Roten\",\"@id\":\"https:\\\/\\\/www.iemj.org\\\/en\\\/#\\\/schema\\\/person\\\/906134402c29d5c76e7b726261dd4bbd\"},\"headline\":\"Esther, a Purim oratorio by the composer Lidarti (1730- ap. 1793)\",\"datePublished\":\"2021-02-18T13:36:08+00:00\",\"dateModified\":\"2021-09-08T12:49:30+00:00\",\"mainEntityOfPage\":{\"@id\":\"https:\\\/\\\/www.iemj.org\\\/en\\\/ester-un-oratorio-de-pourim-du-compositeur-lidarti-1730-ap-1793\\\/\"},\"wordCount\":873,\"publisher\":{\"@id\":\"https:\\\/\\\/www.iemj.org\\\/en\\\/#organization\"},\"image\":{\"@id\":\"https:\\\/\\\/www.iemj.org\\\/en\\\/ester-un-oratorio-de-pourim-du-compositeur-lidarti-1730-ap-1793\\\/#primaryimage\"},\"thumbnailUrl\":\"https:\\\/\\\/www.iemj.org\\\/wp-content\\\/uploads\\\/2021\\\/02\\\/arton5034.jpg\",\"keywords\":[\"Italy\"],\"articleSection\":[\"Feature articles\"],\"inLanguage\":\"en-US\"},{\"@type\":\"WebPage\",\"@id\":\"https:\\\/\\\/www.iemj.org\\\/en\\\/ester-un-oratorio-de-pourim-du-compositeur-lidarti-1730-ap-1793\\\/\",\"url\":\"https:\\\/\\\/www.iemj.org\\\/en\\\/ester-un-oratorio-de-pourim-du-compositeur-lidarti-1730-ap-1793\\\/\",\"name\":\"Esther, a Purim oratorio by the composer Lidarti (1730- ap. 1793) - Institut Europ\u00e9en des Musiques Juives\",\"isPartOf\":{\"@id\":\"https:\\\/\\\/www.iemj.org\\\/en\\\/#website\"},\"primaryImageOfPage\":{\"@id\":\"https:\\\/\\\/www.iemj.org\\\/en\\\/ester-un-oratorio-de-pourim-du-compositeur-lidarti-1730-ap-1793\\\/#primaryimage\"},\"image\":{\"@id\":\"https:\\\/\\\/www.iemj.org\\\/en\\\/ester-un-oratorio-de-pourim-du-compositeur-lidarti-1730-ap-1793\\\/#primaryimage\"},\"thumbnailUrl\":\"https:\\\/\\\/www.iemj.org\\\/wp-content\\\/uploads\\\/2021\\\/02\\\/arton5034.jpg\",\"datePublished\":\"2021-02-18T13:36:08+00:00\",\"dateModified\":\"2021-09-08T12:49:30+00:00\",\"breadcrumb\":{\"@id\":\"https:\\\/\\\/www.iemj.org\\\/en\\\/ester-un-oratorio-de-pourim-du-compositeur-lidarti-1730-ap-1793\\\/#breadcrumb\"},\"inLanguage\":\"en-US\",\"potentialAction\":[{\"@type\":\"ReadAction\",\"target\":[\"https:\\\/\\\/www.iemj.org\\\/en\\\/ester-un-oratorio-de-pourim-du-compositeur-lidarti-1730-ap-1793\\\/\"]}]},{\"@type\":\"ImageObject\",\"inLanguage\":\"en-US\",\"@id\":\"https:\\\/\\\/www.iemj.org\\\/en\\\/ester-un-oratorio-de-pourim-du-compositeur-lidarti-1730-ap-1793\\\/#primaryimage\",\"url\":\"https:\\\/\\\/www.iemj.org\\\/wp-content\\\/uploads\\\/2021\\\/02\\\/arton5034.jpg\",\"contentUrl\":\"https:\\\/\\\/www.iemj.org\\\/wp-content\\\/uploads\\\/2021\\\/02\\\/arton5034.jpg\",\"width\":336,\"height\":339,\"caption\":\"Logo oratorio Ester\"},{\"@type\":\"BreadcrumbList\",\"@id\":\"https:\\\/\\\/www.iemj.org\\\/en\\\/ester-un-oratorio-de-pourim-du-compositeur-lidarti-1730-ap-1793\\\/#breadcrumb\",\"itemListElement\":[{\"@type\":\"ListItem\",\"position\":1,\"name\":\"Accueil\",\"item\":\"https:\\\/\\\/www.iemj.org\\\/en\\\/\"},{\"@type\":\"ListItem\",\"position\":2,\"name\":\"Esther, a Purim oratorio by the composer Lidarti (1730- ap. 1793)\"}]},{\"@type\":\"WebSite\",\"@id\":\"https:\\\/\\\/www.iemj.org\\\/en\\\/#website\",\"url\":\"https:\\\/\\\/www.iemj.org\\\/en\\\/\",\"name\":\"Institut Europ\u00e9en des Musiques Juives\",\"description\":\"Des traditions musicales \u00e0 la port\u00e9e de tous\",\"publisher\":{\"@id\":\"https:\\\/\\\/www.iemj.org\\\/en\\\/#organization\"},\"potentialAction\":[{\"@type\":\"SearchAction\",\"target\":{\"@type\":\"EntryPoint\",\"urlTemplate\":\"https:\\\/\\\/www.iemj.org\\\/en\\\/?s={search_term_string}\"},\"query-input\":{\"@type\":\"PropertyValueSpecification\",\"valueRequired\":true,\"valueName\":\"search_term_string\"}}],\"inLanguage\":\"en-US\"},{\"@type\":\"Organization\",\"@id\":\"https:\\\/\\\/www.iemj.org\\\/en\\\/#organization\",\"name\":\"Institut Europ\u00e9en des Musiques Juives\",\"url\":\"https:\\\/\\\/www.iemj.org\\\/en\\\/\",\"logo\":{\"@type\":\"ImageObject\",\"inLanguage\":\"en-US\",\"@id\":\"https:\\\/\\\/www.iemj.org\\\/en\\\/#\\\/schema\\\/logo\\\/image\\\/\",\"url\":\"https:\\\/\\\/www.iemj.org\\\/wp-content\\\/uploads\\\/2021\\\/09\\\/Logo-IEMJ-Paypal.jpg\",\"contentUrl\":\"https:\\\/\\\/www.iemj.org\\\/wp-content\\\/uploads\\\/2021\\\/09\\\/Logo-IEMJ-Paypal.jpg\",\"width\":150,\"height\":50,\"caption\":\"Institut Europ\u00e9en des Musiques Juives\"},\"image\":{\"@id\":\"https:\\\/\\\/www.iemj.org\\\/en\\\/#\\\/schema\\\/logo\\\/image\\\/\"},\"sameAs\":[\"https:\\\/\\\/www.facebook.com\\\/MusiquesJuives\\\/\",\"https:\\\/\\\/www.instagram.com\\\/musiquesjuives\\\/\",\"https:\\\/\\\/www.youtube.com\\\/user\\\/musiquesjuives\"]},{\"@type\":\"Person\",\"@id\":\"https:\\\/\\\/www.iemj.org\\\/en\\\/#\\\/schema\\\/person\\\/906134402c29d5c76e7b726261dd4bbd\",\"name\":\"Herv\u00e9 Roten\",\"image\":{\"@type\":\"ImageObject\",\"inLanguage\":\"en-US\",\"@id\":\"https:\\\/\\\/secure.gravatar.com\\\/avatar\\\/f96ad2db538a26481f18384936b5cd0610c92d390c4dc382209216d455f685ff?s=96&d=mm&r=g\",\"url\":\"https:\\\/\\\/secure.gravatar.com\\\/avatar\\\/f96ad2db538a26481f18384936b5cd0610c92d390c4dc382209216d455f685ff?s=96&d=mm&r=g\",\"contentUrl\":\"https:\\\/\\\/secure.gravatar.com\\\/avatar\\\/f96ad2db538a26481f18384936b5cd0610c92d390c4dc382209216d455f685ff?s=96&d=mm&r=g\",\"caption\":\"Herv\u00e9 Roten\"}}]}<\/script>\n<!-- \/ Yoast SEO plugin. -->","yoast_head_json":{"title":"Esther, a Purim oratorio by the composer Lidarti (1730- ap. 1793) - Institut Europ\u00e9en des Musiques Juives","robots":{"index":"index","follow":"follow","max-snippet":"max-snippet:-1","max-image-preview":"max-image-preview:large","max-video-preview":"max-video-preview:-1"},"canonical":"https:\/\/www.iemj.org\/en\/ester-un-oratorio-de-pourim-du-compositeur-lidarti-1730-ap-1793\/","og_locale":"en_US","og_type":"article","og_title":"Esther, a Purim oratorio by the composer Lidarti (1730- ap. 1793) - Institut Europ\u00e9en des Musiques Juives","og_description":"Rediscovered in 1997, the score of the oratorio Ester (1774) by the composer Cristiano Giuseppe Lidarti is to this day the longest and richest work of all Hebrew art music","og_url":"https:\/\/www.iemj.org\/en\/ester-un-oratorio-de-pourim-du-compositeur-lidarti-1730-ap-1793\/","og_site_name":"Institut Europ\u00e9en des Musiques Juives","article_publisher":"https:\/\/www.facebook.com\/MusiquesJuives\/","article_published_time":"2021-02-18T13:36:08+00:00","article_modified_time":"2021-09-08T12:49:30+00:00","og_image":[{"width":336,"height":339,"url":"https:\/\/www.iemj.org\/wp-content\/uploads\/2021\/02\/arton5034.jpg","type":"image\/jpeg"}],"author":"Herv\u00e9 Roten","twitter_card":"summary_large_image","twitter_misc":{"Written by":"Herv\u00e9 Roten","Est. reading time":"5 minutes"},"schema":{"@context":"https:\/\/schema.org","@graph":[{"@type":"Article","@id":"https:\/\/www.iemj.org\/en\/ester-un-oratorio-de-pourim-du-compositeur-lidarti-1730-ap-1793\/#article","isPartOf":{"@id":"https:\/\/www.iemj.org\/en\/ester-un-oratorio-de-pourim-du-compositeur-lidarti-1730-ap-1793\/"},"author":{"name":"Herv\u00e9 Roten","@id":"https:\/\/www.iemj.org\/en\/#\/schema\/person\/906134402c29d5c76e7b726261dd4bbd"},"headline":"Esther, a Purim oratorio by the composer Lidarti (1730- ap. 1793)","datePublished":"2021-02-18T13:36:08+00:00","dateModified":"2021-09-08T12:49:30+00:00","mainEntityOfPage":{"@id":"https:\/\/www.iemj.org\/en\/ester-un-oratorio-de-pourim-du-compositeur-lidarti-1730-ap-1793\/"},"wordCount":873,"publisher":{"@id":"https:\/\/www.iemj.org\/en\/#organization"},"image":{"@id":"https:\/\/www.iemj.org\/en\/ester-un-oratorio-de-pourim-du-compositeur-lidarti-1730-ap-1793\/#primaryimage"},"thumbnailUrl":"https:\/\/www.iemj.org\/wp-content\/uploads\/2021\/02\/arton5034.jpg","keywords":["Italy"],"articleSection":["Feature articles"],"inLanguage":"en-US"},{"@type":"WebPage","@id":"https:\/\/www.iemj.org\/en\/ester-un-oratorio-de-pourim-du-compositeur-lidarti-1730-ap-1793\/","url":"https:\/\/www.iemj.org\/en\/ester-un-oratorio-de-pourim-du-compositeur-lidarti-1730-ap-1793\/","name":"Esther, a Purim oratorio by the composer Lidarti (1730- ap. 1793) - Institut Europ\u00e9en des Musiques Juives","isPartOf":{"@id":"https:\/\/www.iemj.org\/en\/#website"},"primaryImageOfPage":{"@id":"https:\/\/www.iemj.org\/en\/ester-un-oratorio-de-pourim-du-compositeur-lidarti-1730-ap-1793\/#primaryimage"},"image":{"@id":"https:\/\/www.iemj.org\/en\/ester-un-oratorio-de-pourim-du-compositeur-lidarti-1730-ap-1793\/#primaryimage"},"thumbnailUrl":"https:\/\/www.iemj.org\/wp-content\/uploads\/2021\/02\/arton5034.jpg","datePublished":"2021-02-18T13:36:08+00:00","dateModified":"2021-09-08T12:49:30+00:00","breadcrumb":{"@id":"https:\/\/www.iemj.org\/en\/ester-un-oratorio-de-pourim-du-compositeur-lidarti-1730-ap-1793\/#breadcrumb"},"inLanguage":"en-US","potentialAction":[{"@type":"ReadAction","target":["https:\/\/www.iemj.org\/en\/ester-un-oratorio-de-pourim-du-compositeur-lidarti-1730-ap-1793\/"]}]},{"@type":"ImageObject","inLanguage":"en-US","@id":"https:\/\/www.iemj.org\/en\/ester-un-oratorio-de-pourim-du-compositeur-lidarti-1730-ap-1793\/#primaryimage","url":"https:\/\/www.iemj.org\/wp-content\/uploads\/2021\/02\/arton5034.jpg","contentUrl":"https:\/\/www.iemj.org\/wp-content\/uploads\/2021\/02\/arton5034.jpg","width":336,"height":339,"caption":"Logo oratorio Ester"},{"@type":"BreadcrumbList","@id":"https:\/\/www.iemj.org\/en\/ester-un-oratorio-de-pourim-du-compositeur-lidarti-1730-ap-1793\/#breadcrumb","itemListElement":[{"@type":"ListItem","position":1,"name":"Accueil","item":"https:\/\/www.iemj.org\/en\/"},{"@type":"ListItem","position":2,"name":"Esther, a Purim oratorio by the composer Lidarti (1730- ap. 1793)"}]},{"@type":"WebSite","@id":"https:\/\/www.iemj.org\/en\/#website","url":"https:\/\/www.iemj.org\/en\/","name":"Institut Europ\u00e9en des Musiques Juives","description":"Des traditions musicales \u00e0 la port\u00e9e de tous","publisher":{"@id":"https:\/\/www.iemj.org\/en\/#organization"},"potentialAction":[{"@type":"SearchAction","target":{"@type":"EntryPoint","urlTemplate":"https:\/\/www.iemj.org\/en\/?s={search_term_string}"},"query-input":{"@type":"PropertyValueSpecification","valueRequired":true,"valueName":"search_term_string"}}],"inLanguage":"en-US"},{"@type":"Organization","@id":"https:\/\/www.iemj.org\/en\/#organization","name":"Institut Europ\u00e9en des Musiques Juives","url":"https:\/\/www.iemj.org\/en\/","logo":{"@type":"ImageObject","inLanguage":"en-US","@id":"https:\/\/www.iemj.org\/en\/#\/schema\/logo\/image\/","url":"https:\/\/www.iemj.org\/wp-content\/uploads\/2021\/09\/Logo-IEMJ-Paypal.jpg","contentUrl":"https:\/\/www.iemj.org\/wp-content\/uploads\/2021\/09\/Logo-IEMJ-Paypal.jpg","width":150,"height":50,"caption":"Institut Europ\u00e9en des Musiques Juives"},"image":{"@id":"https:\/\/www.iemj.org\/en\/#\/schema\/logo\/image\/"},"sameAs":["https:\/\/www.facebook.com\/MusiquesJuives\/","https:\/\/www.instagram.com\/musiquesjuives\/","https:\/\/www.youtube.com\/user\/musiquesjuives"]},{"@type":"Person","@id":"https:\/\/www.iemj.org\/en\/#\/schema\/person\/906134402c29d5c76e7b726261dd4bbd","name":"Herv\u00e9 Roten","image":{"@type":"ImageObject","inLanguage":"en-US","@id":"https:\/\/secure.gravatar.com\/avatar\/f96ad2db538a26481f18384936b5cd0610c92d390c4dc382209216d455f685ff?s=96&d=mm&r=g","url":"https:\/\/secure.gravatar.com\/avatar\/f96ad2db538a26481f18384936b5cd0610c92d390c4dc382209216d455f685ff?s=96&d=mm&r=g","contentUrl":"https:\/\/secure.gravatar.com\/avatar\/f96ad2db538a26481f18384936b5cd0610c92d390c4dc382209216d455f685ff?s=96&d=mm&r=g","caption":"Herv\u00e9 Roten"}}]}},"_links":{"self":[{"href":"https:\/\/www.iemj.org\/en\/wp-json\/wp\/v2\/posts\/53978","targetHints":{"allow":["GET"]}}],"collection":[{"href":"https:\/\/www.iemj.org\/en\/wp-json\/wp\/v2\/posts"}],"about":[{"href":"https:\/\/www.iemj.org\/en\/wp-json\/wp\/v2\/types\/post"}],"author":[{"embeddable":true,"href":"https:\/\/www.iemj.org\/en\/wp-json\/wp\/v2\/users\/1045"}],"replies":[{"embeddable":true,"href":"https:\/\/www.iemj.org\/en\/wp-json\/wp\/v2\/comments?post=53978"}],"version-history":[{"count":0,"href":"https:\/\/www.iemj.org\/en\/wp-json\/wp\/v2\/posts\/53978\/revisions"}],"wp:featuredmedia":[{"embeddable":true,"href":"https:\/\/www.iemj.org\/en\/wp-json\/wp\/v2\/media\/31181"}],"wp:attachment":[{"href":"https:\/\/www.iemj.org\/en\/wp-json\/wp\/v2\/media?parent=53978"}],"wp:term":[{"taxonomy":"category","embeddable":true,"href":"https:\/\/www.iemj.org\/en\/wp-json\/wp\/v2\/categories?post=53978"},{"taxonomy":"post_tag","embeddable":true,"href":"https:\/\/www.iemj.org\/en\/wp-json\/wp\/v2\/tags?post=53978"},{"taxonomy":"technique","embeddable":true,"href":"https:\/\/www.iemj.org\/en\/wp-json\/wp\/v2\/technique?post=53978"},{"taxonomy":"squelettes","embeddable":true,"href":"https:\/\/www.iemj.org\/en\/wp-json\/wp\/v2\/squelettes?post=53978"},{"taxonomy":"sujet","embeddable":true,"href":"https:\/\/www.iemj.org\/en\/wp-json\/wp\/v2\/sujet?post=53978"},{"taxonomy":"formation","embeddable":true,"href":"https:\/\/www.iemj.org\/en\/wp-json\/wp\/v2\/formation?post=53978"},{"taxonomy":"genre","embeddable":true,"href":"https:\/\/www.iemj.org\/en\/wp-json\/wp\/v2\/genre?post=53978"},{"taxonomy":"fonds","embeddable":true,"href":"https:\/\/www.iemj.org\/en\/wp-json\/wp\/v2\/fonds?post=53978"},{"taxonomy":"tradition","embeddable":true,"href":"https:\/\/www.iemj.org\/en\/wp-json\/wp\/v2\/tradition?post=53978"},{"taxonomy":"type-de-contenu","embeddable":true,"href":"https:\/\/www.iemj.org\/en\/wp-json\/wp\/v2\/type-de-contenu?post=53978"},{"taxonomy":"interprete-compositeur","embeddable":true,"href":"https:\/\/www.iemj.org\/en\/wp-json\/wp\/v2\/interprete-compositeur?post=53978"},{"taxonomy":"frise","embeddable":true,"href":"https:\/\/www.iemj.org\/en\/wp-json\/wp\/v2\/frise?post=53978"},{"taxonomy":"type-devenement","embeddable":true,"href":"https:\/\/www.iemj.org\/en\/wp-json\/wp\/v2\/type-devenement?post=53978"},{"taxonomy":"tableaux-liens-externes","embeddable":true,"href":"https:\/\/www.iemj.org\/en\/wp-json\/wp\/v2\/tableaux-liens-externes?post=53978"}],"curies":[{"name":"wp","href":"https:\/\/api.w.org\/{rel}","templated":true}]}}