{"id":54622,"date":"2018-10-23T14:53:24","date_gmt":"2018-10-23T12:53:24","guid":{"rendered":"https:\/\/www.iemj.org\/chants-des-juifs-dalgerie-2\/"},"modified":"2024-04-04T14:14:18","modified_gmt":"2024-04-04T12:14:18","slug":"chants-des-juifs-dalgerie-2","status":"publish","type":"post","link":"https:\/\/www.iemj.org\/en\/chants-des-juifs-dalgerie-2\/","title":{"rendered":"Songs by Jews from Algeria, 2nd part"},"content":{"rendered":"<p><strong>Settled on the land of today\u2019s Algeria since ancient times, Jewish musicians played an important role in the creation and transmission of the musical legacy of Algeria. This new playlist features an overview of this repertoire.<\/strong><\/p>\n<p><!--more--><\/p>\n<p><img fetchpriority=\"high\" decoding=\"async\" class=\" wp-image-21363 alignright\" src=\"https:\/\/www.iemj.org\/wp-content\/uploads\/2018\/10\/doc_2_algerie_2_500px-292x300.jpg\" alt=\"doc_2_algerie_2_500px.jpg\" width=\"226\" height=\"232\" srcset=\"https:\/\/www.iemj.org\/wp-content\/uploads\/2018\/10\/doc_2_algerie_2_500px-292x300.jpg 292w, https:\/\/www.iemj.org\/wp-content\/uploads\/2018\/10\/doc_2_algerie_2_500px.jpg 319w\" sizes=\"(max-width: 226px) 100vw, 226px\" \/>Strongly marked by the wandering which characterizes the Jewish people, the music from Algerian Jews is born from the proximity and exchanges with Muslim artists, which gave birth to great Jewish composers and perfomers, such as Cheikh Raymond, Reinette l\u2019Oranaise, Lili Labassi, Line Monty, Blond Blond, Lili Boniche, Luc Cherki, Salim Halali, Jos\u00e9 de Suza, Maurice El M\u00e9dioni, Ren\u00e9 Perez and many others.<\/p>\n<p><a href=\"https:\/\/www.iemj.org\/en\/music-by-jews-from-algeria\/\">Listen to the radio program: Music by Jews from Algeria, hosted by Herv\u00e9 Roten (in French)<\/a><\/p>\n<p><a href=\"https:\/\/www.iemj.org\/en\/chants-des-juifs-dalgerie-1\/\" target=\"_blank\" rel=\"noopener\">Listen to the playlist Songs by Jews from Algeria, 1st part<\/a><\/p>\n\n\n<figure class=\"wp-block-gallery columns-1 is-cropped wp-block-gallery-1 is-layout-flex wp-block-gallery-is-layout-flex\"><ul class=\"blocks-gallery-grid\"><li class=\"blocks-gallery-item\"><figure><img decoding=\"async\" width=\"552\" height=\"348\" src=\"https:\/\/www.iemj.org\/wp-content\/uploads\/2018\/10\/syna_telmcen.jpg\" alt=\"syna_telmcen.jpg\" data-id=\"21360\" data-full-url=\"https:\/\/www.iemj.org\/wp-content\/uploads\/2018\/10\/syna_telmcen.jpg\" data-link=\"https:\/\/www.iemj.org\/chants-des-juifs-dalgerie-2\/attachment-syna_telmcen-jpg\/\" class=\"wp-image-21361\" srcset=\"https:\/\/www.iemj.org\/wp-content\/uploads\/2018\/10\/syna_telmcen.jpg 552w, https:\/\/www.iemj.org\/wp-content\/uploads\/2018\/10\/syna_telmcen-300x189.jpg 300w\" sizes=\"(max-width: 552px) 100vw, 552px\" \/><\/figure><\/li><\/ul><\/figure>\n\n\n<div class=\"wp-block-image\">\n<figure class=\"aligncenter size-large\"><img decoding=\"async\" width=\"1024\" height=\"133\" src=\"https:\/\/www.iemj.org\/wp-content\/uploads\/2024\/03\/AUDIO-PLAYER-1024x133.png\" alt=\"\" class=\"wp-image-110607\" srcset=\"https:\/\/www.iemj.org\/wp-content\/uploads\/2024\/03\/AUDIO-PLAYER-1024x133.png 1024w, https:\/\/www.iemj.org\/wp-content\/uploads\/2024\/03\/AUDIO-PLAYER-300x39.png 300w, https:\/\/www.iemj.org\/wp-content\/uploads\/2024\/03\/AUDIO-PLAYER-768x100.png 768w, https:\/\/www.iemj.org\/wp-content\/uploads\/2024\/03\/AUDIO-PLAYER-600x78.png 600w, https:\/\/www.iemj.org\/wp-content\/uploads\/2024\/03\/AUDIO-PLAYER.png 1210w\" sizes=\"(max-width: 1024px) 100vw, 1024px\" \/><\/figure>\n<\/div>\n\n\n<div class=\"wp-block-file\"><a id=\"wp-block-file--media-974e6706-7e04-4ac6-8022-4d8d25169fc4\" href=\"https:\/\/www.iemj.org\/wp-content\/uploads\/2018\/10\/air_des_fetes_d_ashkibenou_de_bone_algerie_-_jean-claude_sillamy.mp3\">Air des f\u00eates d\u2019Ashkibenou, de B\u00f4ne (Alg\u00e9rie) &#8211; Jean-Claude Sillamy<\/a><\/div>\n\n\n\n<div class=\"wp-block-file\"><a id=\"wp-block-file--media-dd9a9af5-df8d-4f82-94e5-09887c49f4fd\" href=\"https:\/\/www.iemj.org\/wp-content\/uploads\/2018\/10\/elli_mektoub_mektoub_extrait_-_rene_perez.mp3\">Elli Mektoub Mektoub (EXTRAIT) &#8211; Ren\u00e9 Perez<\/a><\/div>\n\n\n\n<div class=\"wp-block-file\"><a id=\"wp-block-file--media-69e20759-a252-4110-81a6-1541fd3ec9a4\" href=\"https:\/\/www.iemj.org\/wp-content\/uploads\/2018\/10\/kam_wa_kam_extrait_-_cheikh_raymond.mp3\">Kam wa kam (EXTRAIT) &#8211; Cheikh Raymond<\/a><\/div>\n\n\n\n<div class=\"wp-block-file\"><a id=\"wp-block-file--media-5a08e909-f4c3-4786-9c5b-d51d5bba34ba\" href=\"https:\/\/www.iemj.org\/wp-content\/uploads\/2018\/10\/kouftanek_mahloul_extrait_-_blond-blond.mp3\">Kouftanek Mahloul (EXTRAIT) &#8211; Blond-Blond<\/a><\/div>\n\n\n\n<div class=\"wp-block-file\"><a id=\"wp-block-file--media-749ad4ed-f383-4f12-8eab-2ea9ca9e9f81\" href=\"https:\/\/www.iemj.org\/wp-content\/uploads\/2018\/10\/layali_el_djezair_-_salim_halali.mp3\">Layali el Djeza\u00efr &#8211; Salim Halali<\/a><\/div>\n\n\n\n<div class=\"wp-block-file\"><a id=\"wp-block-file--media-75682915-073c-47c4-824c-5fa54aeca975\" href=\"https:\/\/www.iemj.org\/wp-content\/uploads\/2018\/10\/ma_maison_ma_maison_-_enrico_macias-2.mp3\">Ma maison, ma maison &#8211; Enrico Macias<\/a><\/div>\n\n\n\n<div class=\"wp-block-file\"><a id=\"wp-block-file--media-4e794429-d336-4d52-abcf-703c689b9d56\" href=\"https:\/\/www.iemj.org\/wp-content\/uploads\/2018\/10\/ma_navou_al_heharim_-_haim_harboun-2.mp3\">Ma navou al heharim &#8211; Ha\u00efm Harboun<\/a><\/div>\n\n\n\n<div class=\"wp-block-file\"><a id=\"wp-block-file--media-e11059c9-703c-4857-a26f-5355f8d54157\" href=\"https:\/\/www.iemj.org\/wp-content\/uploads\/2018\/10\/mecedder_medjenba_-_orchestre_el_afrah_de_constantine.mp3\">Mecedder Medjenba &#8211; Orchestre El Afrah de Constantine<\/a><\/div>\n\n\n\n<div class=\"wp-block-file\"><a id=\"wp-block-file--media-a57cfead-6a7c-4fac-a027-9d4badfa6e5b\" href=\"https:\/\/www.iemj.org\/wp-content\/uploads\/2018\/10\/ya_bechar_extrait_-_blond-blond.mp3\">Ya Bechar (EXTRAIT) &#8211; Blond-Blond<\/a><\/div>\n\n\n\n<div class=\"wp-block-file\"><a id=\"wp-block-file--media-1c8af73c-a2d5-42c5-9942-9f06fe4de00f\" href=\"https:\/\/www.iemj.org\/wp-content\/uploads\/2018\/10\/ya_saqi_ouesqi_habibi_extrait_-_simone_tamar.mp3\">Ya saqi ouesqi habibi (EXTRAIT) &#8211; Simone Tamar<\/a><\/div>\n\n\n\n<div class=\"wp-block-file\"><a id=\"wp-block-file--media-47a5d28e-37fd-4f10-a116-93132f0481b6\" href=\"https:\/\/www.iemj.org\/wp-content\/uploads\/2018\/10\/lekhou_neranenba_extrait_-_psaumes_des_juifs_de_constantine_cpmjf-11_.mp3\">Lekhou Neranenba (EXTRAIT) &#8211; Psaumes des juifs de Constantine (CPMJF-11)<\/a><\/div>\n","protected":false},"excerpt":{"rendered":"<p>Settled on the land of today\u2019s Algeria since ancient times, Jewish musicians played an important role in the creation and transmission of the musical legacy of Algeria. This new playlist<\/p>\n","protected":false},"author":1052,"featured_media":21359,"comment_status":"closed","ping_status":"open","sticky":false,"template":"","format":"standard","meta":{"_acf_changed":false,"footnotes":""},"categories":[1317],"tags":[],"technique":[],"squelettes":[],"sujet":[],"formation":[],"genre":[],"fonds":[],"tradition":[],"type-de-contenu":[],"interprete-compositeur":[],"frise":[],"type-devenement":[],"tableaux-liens-externes":[],"class_list":["post-54622","post","type-post","status-publish","format-standard","has-post-thumbnail","hentry","category-playlists-en"],"acf":[],"yoast_head":"<!-- This site is optimized with the Yoast SEO plugin v27.3 - https:\/\/yoast.com\/product\/yoast-seo-wordpress\/ -->\n<title>Songs by Jews from Algeria, 2nd part - Institut Europ\u00e9en des Musiques Juives<\/title>\n<meta name=\"robots\" content=\"index, follow, max-snippet:-1, max-image-preview:large, max-video-preview:-1\" \/>\n<link rel=\"canonical\" href=\"https:\/\/www.iemj.org\/en\/chants-des-juifs-dalgerie-2\/\" \/>\n<meta property=\"og:locale\" content=\"en_US\" \/>\n<meta property=\"og:type\" content=\"article\" \/>\n<meta property=\"og:title\" content=\"Songs by Jews from Algeria, 2nd part - Institut Europ\u00e9en des Musiques Juives\" \/>\n<meta property=\"og:description\" content=\"Settled on the land of today\u2019s Algeria since ancient times, Jewish musicians played an important role in the creation and transmission of the musical legacy of Algeria. This new playlist\" \/>\n<meta property=\"og:url\" content=\"https:\/\/www.iemj.org\/en\/chants-des-juifs-dalgerie-2\/\" \/>\n<meta property=\"og:site_name\" content=\"Institut Europ\u00e9en des Musiques Juives\" \/>\n<meta property=\"article:publisher\" content=\"https:\/\/www.facebook.com\/MusiquesJuives\/\" \/>\n<meta property=\"article:published_time\" content=\"2018-10-23T12:53:24+00:00\" \/>\n<meta property=\"article:modified_time\" content=\"2024-04-04T12:14:18+00:00\" \/>\n<meta property=\"og:image\" content=\"https:\/\/www.iemj.org\/wp-content\/uploads\/2018\/10\/arton3696.jpg\" \/>\n\t<meta property=\"og:image:width\" content=\"500\" \/>\n\t<meta property=\"og:image:height\" content=\"497\" \/>\n\t<meta property=\"og:image:type\" content=\"image\/jpeg\" \/>\n<meta name=\"author\" content=\"Lea Couderc\" \/>\n<meta name=\"twitter:card\" content=\"summary_large_image\" \/>\n<meta name=\"twitter:label1\" content=\"Written by\" \/>\n\t<meta name=\"twitter:data1\" content=\"Lea Couderc\" \/>\n\t<meta name=\"twitter:label2\" content=\"Est. reading time\" \/>\n\t<meta name=\"twitter:data2\" content=\"2 minutes\" \/>\n<script type=\"application\/ld+json\" class=\"yoast-schema-graph\">{\"@context\":\"https:\\\/\\\/schema.org\",\"@graph\":[{\"@type\":\"Article\",\"@id\":\"https:\\\/\\\/www.iemj.org\\\/en\\\/chants-des-juifs-dalgerie-2\\\/#article\",\"isPartOf\":{\"@id\":\"https:\\\/\\\/www.iemj.org\\\/en\\\/chants-des-juifs-dalgerie-2\\\/\"},\"author\":{\"name\":\"Lea Couderc\",\"@id\":\"https:\\\/\\\/www.iemj.org\\\/en\\\/#\\\/schema\\\/person\\\/e2ad57f2c4be119c7ed8ab79036807a9\"},\"headline\":\"Songs by Jews from Algeria, 2nd part\",\"datePublished\":\"2018-10-23T12:53:24+00:00\",\"dateModified\":\"2024-04-04T12:14:18+00:00\",\"mainEntityOfPage\":{\"@id\":\"https:\\\/\\\/www.iemj.org\\\/en\\\/chants-des-juifs-dalgerie-2\\\/\"},\"wordCount\":222,\"publisher\":{\"@id\":\"https:\\\/\\\/www.iemj.org\\\/en\\\/#organization\"},\"image\":{\"@id\":\"https:\\\/\\\/www.iemj.org\\\/en\\\/chants-des-juifs-dalgerie-2\\\/#primaryimage\"},\"thumbnailUrl\":\"https:\\\/\\\/www.iemj.org\\\/wp-content\\\/uploads\\\/2018\\\/10\\\/arton3696.jpg\",\"articleSection\":[\"Playlists\"],\"inLanguage\":\"en-US\"},{\"@type\":\"WebPage\",\"@id\":\"https:\\\/\\\/www.iemj.org\\\/en\\\/chants-des-juifs-dalgerie-2\\\/\",\"url\":\"https:\\\/\\\/www.iemj.org\\\/en\\\/chants-des-juifs-dalgerie-2\\\/\",\"name\":\"Songs by Jews from Algeria, 2nd part - Institut Europ\u00e9en des Musiques Juives\",\"isPartOf\":{\"@id\":\"https:\\\/\\\/www.iemj.org\\\/en\\\/#website\"},\"primaryImageOfPage\":{\"@id\":\"https:\\\/\\\/www.iemj.org\\\/en\\\/chants-des-juifs-dalgerie-2\\\/#primaryimage\"},\"image\":{\"@id\":\"https:\\\/\\\/www.iemj.org\\\/en\\\/chants-des-juifs-dalgerie-2\\\/#primaryimage\"},\"thumbnailUrl\":\"https:\\\/\\\/www.iemj.org\\\/wp-content\\\/uploads\\\/2018\\\/10\\\/arton3696.jpg\",\"datePublished\":\"2018-10-23T12:53:24+00:00\",\"dateModified\":\"2024-04-04T12:14:18+00:00\",\"breadcrumb\":{\"@id\":\"https:\\\/\\\/www.iemj.org\\\/en\\\/chants-des-juifs-dalgerie-2\\\/#breadcrumb\"},\"inLanguage\":\"en-US\",\"potentialAction\":[{\"@type\":\"ReadAction\",\"target\":[\"https:\\\/\\\/www.iemj.org\\\/en\\\/chants-des-juifs-dalgerie-2\\\/\"]}]},{\"@type\":\"ImageObject\",\"inLanguage\":\"en-US\",\"@id\":\"https:\\\/\\\/www.iemj.org\\\/en\\\/chants-des-juifs-dalgerie-2\\\/#primaryimage\",\"url\":\"https:\\\/\\\/www.iemj.org\\\/wp-content\\\/uploads\\\/2018\\\/10\\\/arton3696.jpg\",\"contentUrl\":\"https:\\\/\\\/www.iemj.org\\\/wp-content\\\/uploads\\\/2018\\\/10\\\/arton3696.jpg\",\"width\":500,\"height\":497},{\"@type\":\"BreadcrumbList\",\"@id\":\"https:\\\/\\\/www.iemj.org\\\/en\\\/chants-des-juifs-dalgerie-2\\\/#breadcrumb\",\"itemListElement\":[{\"@type\":\"ListItem\",\"position\":1,\"name\":\"Accueil\",\"item\":\"https:\\\/\\\/www.iemj.org\\\/en\\\/\"},{\"@type\":\"ListItem\",\"position\":2,\"name\":\"Songs by Jews from Algeria, 2nd part\"}]},{\"@type\":\"WebSite\",\"@id\":\"https:\\\/\\\/www.iemj.org\\\/en\\\/#website\",\"url\":\"https:\\\/\\\/www.iemj.org\\\/en\\\/\",\"name\":\"Institut Europ\u00e9en des Musiques Juives\",\"description\":\"Des traditions musicales \u00e0 la port\u00e9e de tous\",\"publisher\":{\"@id\":\"https:\\\/\\\/www.iemj.org\\\/en\\\/#organization\"},\"potentialAction\":[{\"@type\":\"SearchAction\",\"target\":{\"@type\":\"EntryPoint\",\"urlTemplate\":\"https:\\\/\\\/www.iemj.org\\\/en\\\/?s={search_term_string}\"},\"query-input\":{\"@type\":\"PropertyValueSpecification\",\"valueRequired\":true,\"valueName\":\"search_term_string\"}}],\"inLanguage\":\"en-US\"},{\"@type\":\"Organization\",\"@id\":\"https:\\\/\\\/www.iemj.org\\\/en\\\/#organization\",\"name\":\"Institut Europ\u00e9en des Musiques Juives\",\"url\":\"https:\\\/\\\/www.iemj.org\\\/en\\\/\",\"logo\":{\"@type\":\"ImageObject\",\"inLanguage\":\"en-US\",\"@id\":\"https:\\\/\\\/www.iemj.org\\\/en\\\/#\\\/schema\\\/logo\\\/image\\\/\",\"url\":\"https:\\\/\\\/www.iemj.org\\\/wp-content\\\/uploads\\\/2021\\\/09\\\/Logo-IEMJ-Paypal.jpg\",\"contentUrl\":\"https:\\\/\\\/www.iemj.org\\\/wp-content\\\/uploads\\\/2021\\\/09\\\/Logo-IEMJ-Paypal.jpg\",\"width\":150,\"height\":50,\"caption\":\"Institut Europ\u00e9en des Musiques Juives\"},\"image\":{\"@id\":\"https:\\\/\\\/www.iemj.org\\\/en\\\/#\\\/schema\\\/logo\\\/image\\\/\"},\"sameAs\":[\"https:\\\/\\\/www.facebook.com\\\/MusiquesJuives\\\/\",\"https:\\\/\\\/www.instagram.com\\\/musiquesjuives\\\/\",\"https:\\\/\\\/www.youtube.com\\\/user\\\/musiquesjuives\"]},{\"@type\":\"Person\",\"@id\":\"https:\\\/\\\/www.iemj.org\\\/en\\\/#\\\/schema\\\/person\\\/e2ad57f2c4be119c7ed8ab79036807a9\",\"name\":\"Lea Couderc\",\"image\":{\"@type\":\"ImageObject\",\"inLanguage\":\"en-US\",\"@id\":\"https:\\\/\\\/secure.gravatar.com\\\/avatar\\\/46ee021475d60aeff17a7e490b79dea5a5684bb392ab7fd1494027411df8ba23?s=96&d=mm&r=g\",\"url\":\"https:\\\/\\\/secure.gravatar.com\\\/avatar\\\/46ee021475d60aeff17a7e490b79dea5a5684bb392ab7fd1494027411df8ba23?s=96&d=mm&r=g\",\"contentUrl\":\"https:\\\/\\\/secure.gravatar.com\\\/avatar\\\/46ee021475d60aeff17a7e490b79dea5a5684bb392ab7fd1494027411df8ba23?s=96&d=mm&r=g\",\"caption\":\"Lea Couderc\"}}]}<\/script>\n<!-- \/ Yoast SEO plugin. -->","yoast_head_json":{"title":"Songs by Jews from Algeria, 2nd part - Institut Europ\u00e9en des Musiques Juives","robots":{"index":"index","follow":"follow","max-snippet":"max-snippet:-1","max-image-preview":"max-image-preview:large","max-video-preview":"max-video-preview:-1"},"canonical":"https:\/\/www.iemj.org\/en\/chants-des-juifs-dalgerie-2\/","og_locale":"en_US","og_type":"article","og_title":"Songs by Jews from Algeria, 2nd part - Institut Europ\u00e9en des Musiques Juives","og_description":"Settled on the land of today\u2019s Algeria since ancient times, Jewish musicians played an important role in the creation and transmission of the musical legacy of Algeria. This new playlist","og_url":"https:\/\/www.iemj.org\/en\/chants-des-juifs-dalgerie-2\/","og_site_name":"Institut Europ\u00e9en des Musiques Juives","article_publisher":"https:\/\/www.facebook.com\/MusiquesJuives\/","article_published_time":"2018-10-23T12:53:24+00:00","article_modified_time":"2024-04-04T12:14:18+00:00","og_image":[{"width":500,"height":497,"url":"https:\/\/www.iemj.org\/wp-content\/uploads\/2018\/10\/arton3696.jpg","type":"image\/jpeg"}],"author":"Lea Couderc","twitter_card":"summary_large_image","twitter_misc":{"Written by":"Lea Couderc","Est. reading time":"2 minutes"},"schema":{"@context":"https:\/\/schema.org","@graph":[{"@type":"Article","@id":"https:\/\/www.iemj.org\/en\/chants-des-juifs-dalgerie-2\/#article","isPartOf":{"@id":"https:\/\/www.iemj.org\/en\/chants-des-juifs-dalgerie-2\/"},"author":{"name":"Lea Couderc","@id":"https:\/\/www.iemj.org\/en\/#\/schema\/person\/e2ad57f2c4be119c7ed8ab79036807a9"},"headline":"Songs by Jews from Algeria, 2nd part","datePublished":"2018-10-23T12:53:24+00:00","dateModified":"2024-04-04T12:14:18+00:00","mainEntityOfPage":{"@id":"https:\/\/www.iemj.org\/en\/chants-des-juifs-dalgerie-2\/"},"wordCount":222,"publisher":{"@id":"https:\/\/www.iemj.org\/en\/#organization"},"image":{"@id":"https:\/\/www.iemj.org\/en\/chants-des-juifs-dalgerie-2\/#primaryimage"},"thumbnailUrl":"https:\/\/www.iemj.org\/wp-content\/uploads\/2018\/10\/arton3696.jpg","articleSection":["Playlists"],"inLanguage":"en-US"},{"@type":"WebPage","@id":"https:\/\/www.iemj.org\/en\/chants-des-juifs-dalgerie-2\/","url":"https:\/\/www.iemj.org\/en\/chants-des-juifs-dalgerie-2\/","name":"Songs by Jews from Algeria, 2nd part - Institut Europ\u00e9en des Musiques Juives","isPartOf":{"@id":"https:\/\/www.iemj.org\/en\/#website"},"primaryImageOfPage":{"@id":"https:\/\/www.iemj.org\/en\/chants-des-juifs-dalgerie-2\/#primaryimage"},"image":{"@id":"https:\/\/www.iemj.org\/en\/chants-des-juifs-dalgerie-2\/#primaryimage"},"thumbnailUrl":"https:\/\/www.iemj.org\/wp-content\/uploads\/2018\/10\/arton3696.jpg","datePublished":"2018-10-23T12:53:24+00:00","dateModified":"2024-04-04T12:14:18+00:00","breadcrumb":{"@id":"https:\/\/www.iemj.org\/en\/chants-des-juifs-dalgerie-2\/#breadcrumb"},"inLanguage":"en-US","potentialAction":[{"@type":"ReadAction","target":["https:\/\/www.iemj.org\/en\/chants-des-juifs-dalgerie-2\/"]}]},{"@type":"ImageObject","inLanguage":"en-US","@id":"https:\/\/www.iemj.org\/en\/chants-des-juifs-dalgerie-2\/#primaryimage","url":"https:\/\/www.iemj.org\/wp-content\/uploads\/2018\/10\/arton3696.jpg","contentUrl":"https:\/\/www.iemj.org\/wp-content\/uploads\/2018\/10\/arton3696.jpg","width":500,"height":497},{"@type":"BreadcrumbList","@id":"https:\/\/www.iemj.org\/en\/chants-des-juifs-dalgerie-2\/#breadcrumb","itemListElement":[{"@type":"ListItem","position":1,"name":"Accueil","item":"https:\/\/www.iemj.org\/en\/"},{"@type":"ListItem","position":2,"name":"Songs by Jews from Algeria, 2nd part"}]},{"@type":"WebSite","@id":"https:\/\/www.iemj.org\/en\/#website","url":"https:\/\/www.iemj.org\/en\/","name":"Institut Europ\u00e9en des Musiques Juives","description":"Des traditions musicales \u00e0 la port\u00e9e de tous","publisher":{"@id":"https:\/\/www.iemj.org\/en\/#organization"},"potentialAction":[{"@type":"SearchAction","target":{"@type":"EntryPoint","urlTemplate":"https:\/\/www.iemj.org\/en\/?s={search_term_string}"},"query-input":{"@type":"PropertyValueSpecification","valueRequired":true,"valueName":"search_term_string"}}],"inLanguage":"en-US"},{"@type":"Organization","@id":"https:\/\/www.iemj.org\/en\/#organization","name":"Institut Europ\u00e9en des Musiques Juives","url":"https:\/\/www.iemj.org\/en\/","logo":{"@type":"ImageObject","inLanguage":"en-US","@id":"https:\/\/www.iemj.org\/en\/#\/schema\/logo\/image\/","url":"https:\/\/www.iemj.org\/wp-content\/uploads\/2021\/09\/Logo-IEMJ-Paypal.jpg","contentUrl":"https:\/\/www.iemj.org\/wp-content\/uploads\/2021\/09\/Logo-IEMJ-Paypal.jpg","width":150,"height":50,"caption":"Institut Europ\u00e9en des Musiques Juives"},"image":{"@id":"https:\/\/www.iemj.org\/en\/#\/schema\/logo\/image\/"},"sameAs":["https:\/\/www.facebook.com\/MusiquesJuives\/","https:\/\/www.instagram.com\/musiquesjuives\/","https:\/\/www.youtube.com\/user\/musiquesjuives"]},{"@type":"Person","@id":"https:\/\/www.iemj.org\/en\/#\/schema\/person\/e2ad57f2c4be119c7ed8ab79036807a9","name":"Lea Couderc","image":{"@type":"ImageObject","inLanguage":"en-US","@id":"https:\/\/secure.gravatar.com\/avatar\/46ee021475d60aeff17a7e490b79dea5a5684bb392ab7fd1494027411df8ba23?s=96&d=mm&r=g","url":"https:\/\/secure.gravatar.com\/avatar\/46ee021475d60aeff17a7e490b79dea5a5684bb392ab7fd1494027411df8ba23?s=96&d=mm&r=g","contentUrl":"https:\/\/secure.gravatar.com\/avatar\/46ee021475d60aeff17a7e490b79dea5a5684bb392ab7fd1494027411df8ba23?s=96&d=mm&r=g","caption":"Lea Couderc"}}]}},"_links":{"self":[{"href":"https:\/\/www.iemj.org\/en\/wp-json\/wp\/v2\/posts\/54622","targetHints":{"allow":["GET"]}}],"collection":[{"href":"https:\/\/www.iemj.org\/en\/wp-json\/wp\/v2\/posts"}],"about":[{"href":"https:\/\/www.iemj.org\/en\/wp-json\/wp\/v2\/types\/post"}],"author":[{"embeddable":true,"href":"https:\/\/www.iemj.org\/en\/wp-json\/wp\/v2\/users\/1052"}],"replies":[{"embeddable":true,"href":"https:\/\/www.iemj.org\/en\/wp-json\/wp\/v2\/comments?post=54622"}],"version-history":[{"count":0,"href":"https:\/\/www.iemj.org\/en\/wp-json\/wp\/v2\/posts\/54622\/revisions"}],"wp:featuredmedia":[{"embeddable":true,"href":"https:\/\/www.iemj.org\/en\/wp-json\/wp\/v2\/media\/21359"}],"wp:attachment":[{"href":"https:\/\/www.iemj.org\/en\/wp-json\/wp\/v2\/media?parent=54622"}],"wp:term":[{"taxonomy":"category","embeddable":true,"href":"https:\/\/www.iemj.org\/en\/wp-json\/wp\/v2\/categories?post=54622"},{"taxonomy":"post_tag","embeddable":true,"href":"https:\/\/www.iemj.org\/en\/wp-json\/wp\/v2\/tags?post=54622"},{"taxonomy":"technique","embeddable":true,"href":"https:\/\/www.iemj.org\/en\/wp-json\/wp\/v2\/technique?post=54622"},{"taxonomy":"squelettes","embeddable":true,"href":"https:\/\/www.iemj.org\/en\/wp-json\/wp\/v2\/squelettes?post=54622"},{"taxonomy":"sujet","embeddable":true,"href":"https:\/\/www.iemj.org\/en\/wp-json\/wp\/v2\/sujet?post=54622"},{"taxonomy":"formation","embeddable":true,"href":"https:\/\/www.iemj.org\/en\/wp-json\/wp\/v2\/formation?post=54622"},{"taxonomy":"genre","embeddable":true,"href":"https:\/\/www.iemj.org\/en\/wp-json\/wp\/v2\/genre?post=54622"},{"taxonomy":"fonds","embeddable":true,"href":"https:\/\/www.iemj.org\/en\/wp-json\/wp\/v2\/fonds?post=54622"},{"taxonomy":"tradition","embeddable":true,"href":"https:\/\/www.iemj.org\/en\/wp-json\/wp\/v2\/tradition?post=54622"},{"taxonomy":"type-de-contenu","embeddable":true,"href":"https:\/\/www.iemj.org\/en\/wp-json\/wp\/v2\/type-de-contenu?post=54622"},{"taxonomy":"interprete-compositeur","embeddable":true,"href":"https:\/\/www.iemj.org\/en\/wp-json\/wp\/v2\/interprete-compositeur?post=54622"},{"taxonomy":"frise","embeddable":true,"href":"https:\/\/www.iemj.org\/en\/wp-json\/wp\/v2\/frise?post=54622"},{"taxonomy":"type-devenement","embeddable":true,"href":"https:\/\/www.iemj.org\/en\/wp-json\/wp\/v2\/type-devenement?post=54622"},{"taxonomy":"tableaux-liens-externes","embeddable":true,"href":"https:\/\/www.iemj.org\/en\/wp-json\/wp\/v2\/tableaux-liens-externes?post=54622"}],"curies":[{"name":"wp","href":"https:\/\/api.w.org\/{rel}","templated":true}]}}