{"id":54755,"date":"2018-07-10T11:10:29","date_gmt":"2018-07-10T09:10:29","guid":{"rendered":"https:\/\/www.iemj.org\/la-playlist-judeo-espagnole-de-lete\/"},"modified":"2025-07-08T16:04:00","modified_gmt":"2025-07-08T14:04:00","slug":"la-playlist-judeo-espagnole-de-lete","status":"publish","type":"post","link":"https:\/\/www.iemj.org\/en\/la-playlist-judeo-espagnole-de-lete\/","title":{"rendered":"The summer playlist of Judeo-Spanish music&#8230;"},"content":{"rendered":"<p><strong>Discover below a selection of Judeo-Spanish music, taken from our archives, to let you wait in good hands until the month of September! <\/strong><\/p>\n<p>These melodies that evoke love between lovers and family, childhood, hazards of life and festivals songs, invite you to a journey around the Mediterranean Sea (Morocco, Salonica, Turkey&#8230;).<\/p>\n\n\n<figure class=\"wp-block-image size-large\"><img fetchpriority=\"high\" decoding=\"async\" width=\"1024\" height=\"133\" src=\"https:\/\/www.iemj.org\/wp-content\/uploads\/2024\/03\/AUDIO-PLAYER-1024x133.png\" alt=\"\" class=\"wp-image-110607\" srcset=\"https:\/\/www.iemj.org\/wp-content\/uploads\/2024\/03\/AUDIO-PLAYER-1024x133.png 1024w, https:\/\/www.iemj.org\/wp-content\/uploads\/2024\/03\/AUDIO-PLAYER-300x39.png 300w, https:\/\/www.iemj.org\/wp-content\/uploads\/2024\/03\/AUDIO-PLAYER-768x100.png 768w, https:\/\/www.iemj.org\/wp-content\/uploads\/2024\/03\/AUDIO-PLAYER-600x78.png 600w, https:\/\/www.iemj.org\/wp-content\/uploads\/2024\/03\/AUDIO-PLAYER.png 1210w\" sizes=\"(max-width: 1024px) 100vw, 1024px\" \/><\/figure>\n\n\n\n<div class=\"wp-block-file\"><a id=\"wp-block-file--media-7bbd46d6-4341-42e4-937e-118ff830de58\" href=\"https:\/\/www.iemj.org\/wp-content\/uploads\/2018\/07\/adiyo_-_sandra_bessis_extrait_.mp3\">Adiyo &#8211; Sandra Bessis (EXTRAIT)<\/a><\/div>\n\n\n\n<div class=\"wp-block-file\"><a id=\"wp-block-file--media-e30427a0-a8cc-4fb7-bd38-6aa35d45c520\" href=\"https:\/\/www.iemj.org\/wp-content\/uploads\/2018\/07\/arvolera_-_pedro_aledo_extrait_.mp3\">Arvolera &#8211; Pedro Aledo (EXTRAIT)<\/a><\/div>\n\n\n\n<div class=\"wp-block-file\"><a id=\"wp-block-file--media-8b5d1e62-7bb8-4c00-bbce-0610ba5ae5f5\" href=\"https:\/\/www.iemj.org\/wp-content\/uploads\/2018\/07\/eskutchy_senyor_soldado_-_henriette_azen_maroc_.mp3\">Eskutchy Senyor soldado &#8211; Henriette Azen (Maroc)<\/a><\/div>\n\n\n\n<div class=\"wp-block-file\"><a id=\"wp-block-file--media-18f76e75-02ad-48d0-9a6e-08bf7f9e8ea5\" href=\"https:\/\/www.iemj.org\/wp-content\/uploads\/2018\/07\/quen_suspiense_y_entendiese_-_yehoram_gaon_pessah_.mp3\">Quen Suspiense y Entendiese &#8211; Yehoram Gaon (Pessah)<\/a><\/div>\n\n\n\n<div class=\"wp-block-file\"><a id=\"wp-block-file--media-8172b3a3-30c5-40cc-9f0c-eba8e50ef25c\" href=\"https:\/\/www.iemj.org\/wp-content\/uploads\/2018\/07\/nani-nani_-_sarah_gorby.mp3\">Nani-Nani &#8211; Sarah Gorby<\/a><\/div>\n\n\n\n<div class=\"wp-block-file\"><a id=\"wp-block-file--media-bbb87521-a363-481e-ba16-b88fd12040bd\" href=\"https:\/\/www.iemj.org\/wp-content\/uploads\/2018\/07\/un_cavritico_-_yehoram_gaon_pessah_.mp3\">Un Cavritico &#8211; Yehoram Gaon (Pessah)<\/a><\/div>\n\n\n\n<div class=\"wp-block-file\"><a id=\"wp-block-file--media-dd7c1117-259d-45aa-8af7-59b0c4684417\" href=\"https:\/\/www.iemj.org\/wp-content\/uploads\/2018\/07\/tres_hermanicas_eran_-_eleonora_noga_alberti.mp3\">Tres Hermanicas eran &#8211; Eleonora Noga Alberti<\/a><\/div>\n\n\n\n<div class=\"wp-block-file\"><a id=\"wp-block-file--media-3a35fbbf-89bd-4806-8a72-87a7224ffef5\" href=\"https:\/\/www.iemj.org\/wp-content\/uploads\/2018\/07\/avre_tu_puerta_cerrada_-_the_parvarim.mp3\">Avre tu Puerta Cerrada &#8211; The Parvarim<\/a><\/div>\n\n\n\n<div class=\"wp-block-file\"><a id=\"wp-block-file--media-76fd34b0-6095-4341-ac8f-a0a6f8f51df3\" href=\"https:\/\/www.iemj.org\/wp-content\/uploads\/2018\/07\/de_edad_de_quinze_anos_-_michele_bacynsky.mp3\">De edad de quinze anos &#8211; Michele Bacynsky<\/a><\/div>\n\n\n\n<div class=\"wp-block-file\"><a id=\"wp-block-file--media-d3c09621-ac91-4754-8356-72cbd006dd90\" href=\"https:\/\/www.iemj.org\/wp-content\/uploads\/2018\/07\/durme_-_rema_samsonov.mp3\">Durme &#8211; Rema Samsonov<\/a><\/div>\n\n\n\n<div class=\"wp-block-file\"><a id=\"wp-block-file--media-be3fb7e8-5cbd-48a0-80a1-29791257c443\" href=\"https:\/\/www.iemj.org\/wp-content\/uploads\/2018\/07\/h_ad_gadiah_rite_maroc_et_salonique_.mp3\">H&#8217;ad Gadiah (rite Maroc et Salonique)<\/a><\/div>\n\n\n\n<div class=\"wp-block-file\"><a id=\"wp-block-file--media-415370e7-a801-45c3-8aa5-c9514a193c4e\" href=\"https:\/\/www.iemj.org\/wp-content\/uploads\/2018\/07\/la_vida_es_un_pasahe_-_henriette_azen_maroc_.mp3\">La vida es un pasahe &#8211; Henriette Azen (Maroc)<\/a><\/div>\n\n\n\n<div class=\"wp-block-file\"><a id=\"wp-block-file--media-00a7b71f-00be-4d81-ba4c-ee3f5d5042ce\" href=\"https:\/\/www.iemj.org\/wp-content\/uploads\/2018\/07\/mi_coracon_-_sarah_gorby.mp3\">Mi Cora\u00e7on &#8211; Sarah Gorby<\/a><\/div>\n\n\n\n<div class=\"wp-block-file\"><a id=\"wp-block-file--media-db6a915b-0f02-4825-ae00-17a2f51b1613\" href=\"https:\/\/www.iemj.org\/wp-content\/uploads\/2018\/07\/paxaro_d_hermozura_-_the_parvarim.mp3\">Paxaro d\u2019hermozura &#8211; The Parvarim<\/a><\/div>\n\n\n\n<div class=\"wp-block-file\"><a id=\"wp-block-file--media-b521a92b-cc1c-481e-935e-954c8bf75f76\" href=\"https:\/\/www.iemj.org\/wp-content\/uploads\/2018\/07\/en_la_mar_ay_una_torre_-_pedro_aledo_extrait_.mp3\">En la Mar Ay una Torre &#8211; Pedro Aledo (EXTRAIT)<\/a><\/div>\n\n\n\n<div class=\"wp-block-file\"><a id=\"wp-block-file--media-96ff1681-e0a6-4c3e-b66b-c9207125760a\" href=\"https:\/\/www.iemj.org\/wp-content\/uploads\/2018\/07\/sol_la_saddika_-_henriette_azen_maroc_.mp3\">Sol la Saddika &#8211; Henriette Azen (Maroc)<\/a><\/div>\n\n\n\n<div class=\"wp-block-file\"><a id=\"wp-block-file--media-bfd85532-e2e9-4804-9776-207c2fe3f2b6\" href=\"https:\/\/www.iemj.org\/wp-content\/uploads\/2018\/07\/sovre_une_cuanta_mas_-_yehoram_gaon_pessah_.mp3\">Sovre une cuanta mas &#8211; Yehoram Gaon (Pessah)<\/a><\/div>\n\n\n\n<div class=\"wp-block-file\"><a id=\"wp-block-file--media-965beac4-1e2c-40a2-914b-249895cc9ce5\" href=\"https:\/\/www.iemj.org\/wp-content\/uploads\/2018\/07\/ladino_medley_-_aleph_duo.mp3\">Ladino Medley &#8211;  Aleph Duo<\/a><\/div>\n\n\n\n<div class=\"wp-block-file\"><a id=\"wp-block-file--media-1d02a638-21a8-4791-a1bc-3f182ce3e712\" href=\"https:\/\/www.iemj.org\/wp-content\/uploads\/2018\/07\/ir_me_quero_madre_a_yerushalayim_-_rema_samsonov.mp3\">Ir me quero madre a yerushalayim &#8211; Rema Samsonov<\/a><\/div>\n","protected":false},"excerpt":{"rendered":"<p>Discover below a selection of Judeo-Spanish music, taken from our archives, to let you wait in good hands until the month of September! These melodies that evoke love between lovers<\/p>\n","protected":false},"author":5,"featured_media":99233,"comment_status":"closed","ping_status":"open","sticky":false,"template":"","format":"standard","meta":{"_acf_changed":false,"footnotes":""},"categories":[1317],"tags":[],"technique":[],"squelettes":[],"sujet":[],"formation":[],"genre":[1114],"fonds":[],"tradition":[],"type-de-contenu":[],"interprete-compositeur":[],"frise":[],"type-devenement":[],"tableaux-liens-externes":[],"class_list":["post-54755","post","type-post","status-publish","format-standard","has-post-thumbnail","hentry","category-playlists-en","genre-ladino"],"acf":[],"yoast_head":"<!-- This site is optimized with the Yoast SEO plugin v27.3 - https:\/\/yoast.com\/product\/yoast-seo-wordpress\/ -->\n<title>The summer playlist of Judeo-Spanish music... - Institut Europ\u00e9en des Musiques Juives<\/title>\n<meta name=\"robots\" content=\"index, follow, max-snippet:-1, max-image-preview:large, max-video-preview:-1\" \/>\n<link rel=\"canonical\" href=\"https:\/\/www.iemj.org\/en\/la-playlist-judeo-espagnole-de-lete\/\" \/>\n<meta property=\"og:locale\" content=\"en_US\" \/>\n<meta property=\"og:type\" content=\"article\" \/>\n<meta property=\"og:title\" content=\"The summer playlist of Judeo-Spanish music... - Institut Europ\u00e9en des Musiques Juives\" \/>\n<meta property=\"og:description\" content=\"Discover below a selection of Judeo-Spanish music, taken from our archives, to let you wait in good hands until the month of September! These melodies that evoke love between lovers\" \/>\n<meta property=\"og:url\" content=\"https:\/\/www.iemj.org\/en\/la-playlist-judeo-espagnole-de-lete\/\" \/>\n<meta property=\"og:site_name\" content=\"Institut Europ\u00e9en des Musiques Juives\" \/>\n<meta property=\"article:publisher\" content=\"https:\/\/www.facebook.com\/MusiquesJuives\/\" \/>\n<meta property=\"article:published_time\" content=\"2018-07-10T09:10:29+00:00\" \/>\n<meta property=\"article:modified_time\" content=\"2025-07-08T14:04:00+00:00\" \/>\n<meta property=\"og:image\" content=\"https:\/\/www.iemj.org\/wp-content\/uploads\/2018\/07\/Logo-playlist-judeo-esp-1.jpg\" \/>\n\t<meta property=\"og:image:width\" content=\"500\" \/>\n\t<meta property=\"og:image:height\" content=\"500\" \/>\n\t<meta property=\"og:image:type\" content=\"image\/jpeg\" \/>\n<meta name=\"author\" content=\"Jacqueline ROTEN\" \/>\n<meta name=\"twitter:card\" content=\"summary_large_image\" \/>\n<meta name=\"twitter:label1\" content=\"Written by\" \/>\n\t<meta name=\"twitter:data1\" content=\"Jacqueline ROTEN\" \/>\n\t<meta name=\"twitter:label2\" content=\"Est. reading time\" \/>\n\t<meta name=\"twitter:data2\" content=\"2 minutes\" \/>\n<script type=\"application\/ld+json\" class=\"yoast-schema-graph\">{\"@context\":\"https:\\\/\\\/schema.org\",\"@graph\":[{\"@type\":\"Article\",\"@id\":\"https:\\\/\\\/www.iemj.org\\\/en\\\/la-playlist-judeo-espagnole-de-lete\\\/#article\",\"isPartOf\":{\"@id\":\"https:\\\/\\\/www.iemj.org\\\/en\\\/la-playlist-judeo-espagnole-de-lete\\\/\"},\"author\":{\"name\":\"Jacqueline ROTEN\",\"@id\":\"https:\\\/\\\/www.iemj.org\\\/en\\\/#\\\/schema\\\/person\\\/358e26c18aca017fcc4cc15437f7279c\"},\"headline\":\"The summer playlist of Judeo-Spanish music&#8230;\",\"datePublished\":\"2018-07-10T09:10:29+00:00\",\"dateModified\":\"2025-07-08T14:04:00+00:00\",\"mainEntityOfPage\":{\"@id\":\"https:\\\/\\\/www.iemj.org\\\/en\\\/la-playlist-judeo-espagnole-de-lete\\\/\"},\"wordCount\":185,\"publisher\":{\"@id\":\"https:\\\/\\\/www.iemj.org\\\/en\\\/#organization\"},\"image\":{\"@id\":\"https:\\\/\\\/www.iemj.org\\\/en\\\/la-playlist-judeo-espagnole-de-lete\\\/#primaryimage\"},\"thumbnailUrl\":\"https:\\\/\\\/www.iemj.org\\\/wp-content\\\/uploads\\\/2018\\\/07\\\/Logo-playlist-judeo-esp-1.jpg\",\"articleSection\":[\"Playlists\"],\"inLanguage\":\"en-US\"},{\"@type\":\"WebPage\",\"@id\":\"https:\\\/\\\/www.iemj.org\\\/en\\\/la-playlist-judeo-espagnole-de-lete\\\/\",\"url\":\"https:\\\/\\\/www.iemj.org\\\/en\\\/la-playlist-judeo-espagnole-de-lete\\\/\",\"name\":\"The summer playlist of Judeo-Spanish music... - Institut Europ\u00e9en des Musiques Juives\",\"isPartOf\":{\"@id\":\"https:\\\/\\\/www.iemj.org\\\/en\\\/#website\"},\"primaryImageOfPage\":{\"@id\":\"https:\\\/\\\/www.iemj.org\\\/en\\\/la-playlist-judeo-espagnole-de-lete\\\/#primaryimage\"},\"image\":{\"@id\":\"https:\\\/\\\/www.iemj.org\\\/en\\\/la-playlist-judeo-espagnole-de-lete\\\/#primaryimage\"},\"thumbnailUrl\":\"https:\\\/\\\/www.iemj.org\\\/wp-content\\\/uploads\\\/2018\\\/07\\\/Logo-playlist-judeo-esp-1.jpg\",\"datePublished\":\"2018-07-10T09:10:29+00:00\",\"dateModified\":\"2025-07-08T14:04:00+00:00\",\"breadcrumb\":{\"@id\":\"https:\\\/\\\/www.iemj.org\\\/en\\\/la-playlist-judeo-espagnole-de-lete\\\/#breadcrumb\"},\"inLanguage\":\"en-US\",\"potentialAction\":[{\"@type\":\"ReadAction\",\"target\":[\"https:\\\/\\\/www.iemj.org\\\/en\\\/la-playlist-judeo-espagnole-de-lete\\\/\"]}]},{\"@type\":\"ImageObject\",\"inLanguage\":\"en-US\",\"@id\":\"https:\\\/\\\/www.iemj.org\\\/en\\\/la-playlist-judeo-espagnole-de-lete\\\/#primaryimage\",\"url\":\"https:\\\/\\\/www.iemj.org\\\/wp-content\\\/uploads\\\/2018\\\/07\\\/Logo-playlist-judeo-esp-1.jpg\",\"contentUrl\":\"https:\\\/\\\/www.iemj.org\\\/wp-content\\\/uploads\\\/2018\\\/07\\\/Logo-playlist-judeo-esp-1.jpg\",\"width\":500,\"height\":500},{\"@type\":\"BreadcrumbList\",\"@id\":\"https:\\\/\\\/www.iemj.org\\\/en\\\/la-playlist-judeo-espagnole-de-lete\\\/#breadcrumb\",\"itemListElement\":[{\"@type\":\"ListItem\",\"position\":1,\"name\":\"Accueil\",\"item\":\"https:\\\/\\\/www.iemj.org\\\/en\\\/\"},{\"@type\":\"ListItem\",\"position\":2,\"name\":\"The summer playlist of Judeo-Spanish music&#8230;\"}]},{\"@type\":\"WebSite\",\"@id\":\"https:\\\/\\\/www.iemj.org\\\/en\\\/#website\",\"url\":\"https:\\\/\\\/www.iemj.org\\\/en\\\/\",\"name\":\"Institut Europ\u00e9en des Musiques Juives\",\"description\":\"Des traditions musicales \u00e0 la port\u00e9e de tous\",\"publisher\":{\"@id\":\"https:\\\/\\\/www.iemj.org\\\/en\\\/#organization\"},\"potentialAction\":[{\"@type\":\"SearchAction\",\"target\":{\"@type\":\"EntryPoint\",\"urlTemplate\":\"https:\\\/\\\/www.iemj.org\\\/en\\\/?s={search_term_string}\"},\"query-input\":{\"@type\":\"PropertyValueSpecification\",\"valueRequired\":true,\"valueName\":\"search_term_string\"}}],\"inLanguage\":\"en-US\"},{\"@type\":\"Organization\",\"@id\":\"https:\\\/\\\/www.iemj.org\\\/en\\\/#organization\",\"name\":\"Institut Europ\u00e9en des Musiques Juives\",\"url\":\"https:\\\/\\\/www.iemj.org\\\/en\\\/\",\"logo\":{\"@type\":\"ImageObject\",\"inLanguage\":\"en-US\",\"@id\":\"https:\\\/\\\/www.iemj.org\\\/en\\\/#\\\/schema\\\/logo\\\/image\\\/\",\"url\":\"https:\\\/\\\/www.iemj.org\\\/wp-content\\\/uploads\\\/2021\\\/09\\\/Logo-IEMJ-Paypal.jpg\",\"contentUrl\":\"https:\\\/\\\/www.iemj.org\\\/wp-content\\\/uploads\\\/2021\\\/09\\\/Logo-IEMJ-Paypal.jpg\",\"width\":150,\"height\":50,\"caption\":\"Institut Europ\u00e9en des Musiques Juives\"},\"image\":{\"@id\":\"https:\\\/\\\/www.iemj.org\\\/en\\\/#\\\/schema\\\/logo\\\/image\\\/\"},\"sameAs\":[\"https:\\\/\\\/www.facebook.com\\\/MusiquesJuives\\\/\",\"https:\\\/\\\/www.instagram.com\\\/musiquesjuives\\\/\",\"https:\\\/\\\/www.youtube.com\\\/user\\\/musiquesjuives\"]},{\"@type\":\"Person\",\"@id\":\"https:\\\/\\\/www.iemj.org\\\/en\\\/#\\\/schema\\\/person\\\/358e26c18aca017fcc4cc15437f7279c\",\"name\":\"Jacqueline ROTEN\",\"image\":{\"@type\":\"ImageObject\",\"inLanguage\":\"en-US\",\"@id\":\"https:\\\/\\\/secure.gravatar.com\\\/avatar\\\/5964256d6c6957de3a3505278957e0fb2a35119ac47ea41827a65301213c810b?s=96&d=mm&r=g\",\"url\":\"https:\\\/\\\/secure.gravatar.com\\\/avatar\\\/5964256d6c6957de3a3505278957e0fb2a35119ac47ea41827a65301213c810b?s=96&d=mm&r=g\",\"contentUrl\":\"https:\\\/\\\/secure.gravatar.com\\\/avatar\\\/5964256d6c6957de3a3505278957e0fb2a35119ac47ea41827a65301213c810b?s=96&d=mm&r=g\",\"caption\":\"Jacqueline ROTEN\"}}]}<\/script>\n<!-- \/ Yoast SEO plugin. -->","yoast_head_json":{"title":"The summer playlist of Judeo-Spanish music... - Institut Europ\u00e9en des Musiques Juives","robots":{"index":"index","follow":"follow","max-snippet":"max-snippet:-1","max-image-preview":"max-image-preview:large","max-video-preview":"max-video-preview:-1"},"canonical":"https:\/\/www.iemj.org\/en\/la-playlist-judeo-espagnole-de-lete\/","og_locale":"en_US","og_type":"article","og_title":"The summer playlist of Judeo-Spanish music... - Institut Europ\u00e9en des Musiques Juives","og_description":"Discover below a selection of Judeo-Spanish music, taken from our archives, to let you wait in good hands until the month of September! These melodies that evoke love between lovers","og_url":"https:\/\/www.iemj.org\/en\/la-playlist-judeo-espagnole-de-lete\/","og_site_name":"Institut Europ\u00e9en des Musiques Juives","article_publisher":"https:\/\/www.facebook.com\/MusiquesJuives\/","article_published_time":"2018-07-10T09:10:29+00:00","article_modified_time":"2025-07-08T14:04:00+00:00","og_image":[{"width":500,"height":500,"url":"https:\/\/www.iemj.org\/wp-content\/uploads\/2018\/07\/Logo-playlist-judeo-esp-1.jpg","type":"image\/jpeg"}],"author":"Jacqueline ROTEN","twitter_card":"summary_large_image","twitter_misc":{"Written by":"Jacqueline ROTEN","Est. reading time":"2 minutes"},"schema":{"@context":"https:\/\/schema.org","@graph":[{"@type":"Article","@id":"https:\/\/www.iemj.org\/en\/la-playlist-judeo-espagnole-de-lete\/#article","isPartOf":{"@id":"https:\/\/www.iemj.org\/en\/la-playlist-judeo-espagnole-de-lete\/"},"author":{"name":"Jacqueline ROTEN","@id":"https:\/\/www.iemj.org\/en\/#\/schema\/person\/358e26c18aca017fcc4cc15437f7279c"},"headline":"The summer playlist of Judeo-Spanish music&#8230;","datePublished":"2018-07-10T09:10:29+00:00","dateModified":"2025-07-08T14:04:00+00:00","mainEntityOfPage":{"@id":"https:\/\/www.iemj.org\/en\/la-playlist-judeo-espagnole-de-lete\/"},"wordCount":185,"publisher":{"@id":"https:\/\/www.iemj.org\/en\/#organization"},"image":{"@id":"https:\/\/www.iemj.org\/en\/la-playlist-judeo-espagnole-de-lete\/#primaryimage"},"thumbnailUrl":"https:\/\/www.iemj.org\/wp-content\/uploads\/2018\/07\/Logo-playlist-judeo-esp-1.jpg","articleSection":["Playlists"],"inLanguage":"en-US"},{"@type":"WebPage","@id":"https:\/\/www.iemj.org\/en\/la-playlist-judeo-espagnole-de-lete\/","url":"https:\/\/www.iemj.org\/en\/la-playlist-judeo-espagnole-de-lete\/","name":"The summer playlist of Judeo-Spanish music... - Institut Europ\u00e9en des Musiques Juives","isPartOf":{"@id":"https:\/\/www.iemj.org\/en\/#website"},"primaryImageOfPage":{"@id":"https:\/\/www.iemj.org\/en\/la-playlist-judeo-espagnole-de-lete\/#primaryimage"},"image":{"@id":"https:\/\/www.iemj.org\/en\/la-playlist-judeo-espagnole-de-lete\/#primaryimage"},"thumbnailUrl":"https:\/\/www.iemj.org\/wp-content\/uploads\/2018\/07\/Logo-playlist-judeo-esp-1.jpg","datePublished":"2018-07-10T09:10:29+00:00","dateModified":"2025-07-08T14:04:00+00:00","breadcrumb":{"@id":"https:\/\/www.iemj.org\/en\/la-playlist-judeo-espagnole-de-lete\/#breadcrumb"},"inLanguage":"en-US","potentialAction":[{"@type":"ReadAction","target":["https:\/\/www.iemj.org\/en\/la-playlist-judeo-espagnole-de-lete\/"]}]},{"@type":"ImageObject","inLanguage":"en-US","@id":"https:\/\/www.iemj.org\/en\/la-playlist-judeo-espagnole-de-lete\/#primaryimage","url":"https:\/\/www.iemj.org\/wp-content\/uploads\/2018\/07\/Logo-playlist-judeo-esp-1.jpg","contentUrl":"https:\/\/www.iemj.org\/wp-content\/uploads\/2018\/07\/Logo-playlist-judeo-esp-1.jpg","width":500,"height":500},{"@type":"BreadcrumbList","@id":"https:\/\/www.iemj.org\/en\/la-playlist-judeo-espagnole-de-lete\/#breadcrumb","itemListElement":[{"@type":"ListItem","position":1,"name":"Accueil","item":"https:\/\/www.iemj.org\/en\/"},{"@type":"ListItem","position":2,"name":"The summer playlist of Judeo-Spanish music&#8230;"}]},{"@type":"WebSite","@id":"https:\/\/www.iemj.org\/en\/#website","url":"https:\/\/www.iemj.org\/en\/","name":"Institut Europ\u00e9en des Musiques Juives","description":"Des traditions musicales \u00e0 la port\u00e9e de tous","publisher":{"@id":"https:\/\/www.iemj.org\/en\/#organization"},"potentialAction":[{"@type":"SearchAction","target":{"@type":"EntryPoint","urlTemplate":"https:\/\/www.iemj.org\/en\/?s={search_term_string}"},"query-input":{"@type":"PropertyValueSpecification","valueRequired":true,"valueName":"search_term_string"}}],"inLanguage":"en-US"},{"@type":"Organization","@id":"https:\/\/www.iemj.org\/en\/#organization","name":"Institut Europ\u00e9en des Musiques Juives","url":"https:\/\/www.iemj.org\/en\/","logo":{"@type":"ImageObject","inLanguage":"en-US","@id":"https:\/\/www.iemj.org\/en\/#\/schema\/logo\/image\/","url":"https:\/\/www.iemj.org\/wp-content\/uploads\/2021\/09\/Logo-IEMJ-Paypal.jpg","contentUrl":"https:\/\/www.iemj.org\/wp-content\/uploads\/2021\/09\/Logo-IEMJ-Paypal.jpg","width":150,"height":50,"caption":"Institut Europ\u00e9en des Musiques Juives"},"image":{"@id":"https:\/\/www.iemj.org\/en\/#\/schema\/logo\/image\/"},"sameAs":["https:\/\/www.facebook.com\/MusiquesJuives\/","https:\/\/www.instagram.com\/musiquesjuives\/","https:\/\/www.youtube.com\/user\/musiquesjuives"]},{"@type":"Person","@id":"https:\/\/www.iemj.org\/en\/#\/schema\/person\/358e26c18aca017fcc4cc15437f7279c","name":"Jacqueline ROTEN","image":{"@type":"ImageObject","inLanguage":"en-US","@id":"https:\/\/secure.gravatar.com\/avatar\/5964256d6c6957de3a3505278957e0fb2a35119ac47ea41827a65301213c810b?s=96&d=mm&r=g","url":"https:\/\/secure.gravatar.com\/avatar\/5964256d6c6957de3a3505278957e0fb2a35119ac47ea41827a65301213c810b?s=96&d=mm&r=g","contentUrl":"https:\/\/secure.gravatar.com\/avatar\/5964256d6c6957de3a3505278957e0fb2a35119ac47ea41827a65301213c810b?s=96&d=mm&r=g","caption":"Jacqueline ROTEN"}}]}},"_links":{"self":[{"href":"https:\/\/www.iemj.org\/en\/wp-json\/wp\/v2\/posts\/54755","targetHints":{"allow":["GET"]}}],"collection":[{"href":"https:\/\/www.iemj.org\/en\/wp-json\/wp\/v2\/posts"}],"about":[{"href":"https:\/\/www.iemj.org\/en\/wp-json\/wp\/v2\/types\/post"}],"author":[{"embeddable":true,"href":"https:\/\/www.iemj.org\/en\/wp-json\/wp\/v2\/users\/5"}],"replies":[{"embeddable":true,"href":"https:\/\/www.iemj.org\/en\/wp-json\/wp\/v2\/comments?post=54755"}],"version-history":[{"count":0,"href":"https:\/\/www.iemj.org\/en\/wp-json\/wp\/v2\/posts\/54755\/revisions"}],"wp:featuredmedia":[{"embeddable":true,"href":"https:\/\/www.iemj.org\/en\/wp-json\/wp\/v2\/media\/99233"}],"wp:attachment":[{"href":"https:\/\/www.iemj.org\/en\/wp-json\/wp\/v2\/media?parent=54755"}],"wp:term":[{"taxonomy":"category","embeddable":true,"href":"https:\/\/www.iemj.org\/en\/wp-json\/wp\/v2\/categories?post=54755"},{"taxonomy":"post_tag","embeddable":true,"href":"https:\/\/www.iemj.org\/en\/wp-json\/wp\/v2\/tags?post=54755"},{"taxonomy":"technique","embeddable":true,"href":"https:\/\/www.iemj.org\/en\/wp-json\/wp\/v2\/technique?post=54755"},{"taxonomy":"squelettes","embeddable":true,"href":"https:\/\/www.iemj.org\/en\/wp-json\/wp\/v2\/squelettes?post=54755"},{"taxonomy":"sujet","embeddable":true,"href":"https:\/\/www.iemj.org\/en\/wp-json\/wp\/v2\/sujet?post=54755"},{"taxonomy":"formation","embeddable":true,"href":"https:\/\/www.iemj.org\/en\/wp-json\/wp\/v2\/formation?post=54755"},{"taxonomy":"genre","embeddable":true,"href":"https:\/\/www.iemj.org\/en\/wp-json\/wp\/v2\/genre?post=54755"},{"taxonomy":"fonds","embeddable":true,"href":"https:\/\/www.iemj.org\/en\/wp-json\/wp\/v2\/fonds?post=54755"},{"taxonomy":"tradition","embeddable":true,"href":"https:\/\/www.iemj.org\/en\/wp-json\/wp\/v2\/tradition?post=54755"},{"taxonomy":"type-de-contenu","embeddable":true,"href":"https:\/\/www.iemj.org\/en\/wp-json\/wp\/v2\/type-de-contenu?post=54755"},{"taxonomy":"interprete-compositeur","embeddable":true,"href":"https:\/\/www.iemj.org\/en\/wp-json\/wp\/v2\/interprete-compositeur?post=54755"},{"taxonomy":"frise","embeddable":true,"href":"https:\/\/www.iemj.org\/en\/wp-json\/wp\/v2\/frise?post=54755"},{"taxonomy":"type-devenement","embeddable":true,"href":"https:\/\/www.iemj.org\/en\/wp-json\/wp\/v2\/type-devenement?post=54755"},{"taxonomy":"tableaux-liens-externes","embeddable":true,"href":"https:\/\/www.iemj.org\/en\/wp-json\/wp\/v2\/tableaux-liens-externes?post=54755"}],"curies":[{"name":"wp","href":"https:\/\/api.w.org\/{rel}","templated":true}]}}