{"id":54817,"date":"2018-03-06T14:52:38","date_gmt":"2018-03-06T13:52:38","guid":{"rendered":"https:\/\/www.iemj.org\/a-la-decouverte-de-la-mimouna\/"},"modified":"2026-03-25T12:30:51","modified_gmt":"2026-03-25T11:30:51","slug":"a-la-decouverte-de-la-mimouna","status":"publish","type":"post","link":"https:\/\/www.iemj.org\/en\/a-la-decouverte-de-la-mimouna\/","title":{"rendered":"Discovering the Mimuna"},"content":{"rendered":"<p><strong>Listen to a musical selection for the celebration of the Mimuna<\/strong><\/p>\n<p><!--more-->The Mimuna appeared in Morocco shortly after the arrival of the Jews expelled from Spain in 1492.<br \/>It has been thought of, and wanted like a call of the heart, like a song of hope, by this community, who suffered disgrace, repression and pyres of fire in Spain. Expelled on the night of the first Passover Seder, by the orders of King Ferdinand of Aragon and his wife Queen Isabella of Castile, the Jews arrived in Morocco in haste, just like their ancestors, hastily leaving Egypt and Pharaohs.<\/p>\n<p>These early Sephardic Jews in the land of Islam instinctively joined together and gathered their few resources to spend together the Passover festival with dignity. At the end of the eighth and last day of Passover, still in a state of shock, they chose to meet again to appease their anguish around a festive meal. On the menu: Spanish culinary specialties based on wheat flour and bread accompanied by musical instruments and liturgical songs in Ladino from their native Spain.<\/p>\n<p>Later in history, they will adopt the culinary specialties and the musical style of Morocco.<\/p>\n<p>Thus was born that singular night of &#8220;Mimuna&#8221; deriving its etymology from the Hebrew word &#8220;Emuna&#8221; which means faith. This festive evening is intended to revive faith in hearts, to give hope in better days.<\/p>\n<p>The playlist below offers a musical journey, to the rhythm of the melodies of the Mimuna. These tunes take us back to the warm atmosphere of this popular festival, now spread all over the world, and recognized in Israel as a national holiday during which communities of all origins gather in music around a good meal .<br \/>Happy celebration of Mimuna !<\/p>\n<p><a href=\"https:\/\/www.iemj.org\/en\/the-oriental-feast-special-mimouna-maurice-azoulay\/\" target=\"_blank\" rel=\"noopener\">Listen to the radio show : The Oriental festival (special Mimuna) &#8211; hosted by Maurice Azoulay<\/a><\/p>\n\n\n<figure class=\"wp-block-image size-large\"><img fetchpriority=\"high\" decoding=\"async\" width=\"1024\" height=\"133\" src=\"https:\/\/www.iemj.org\/wp-content\/uploads\/2024\/03\/AUDIO-PLAYER-1024x133.png\" alt=\"\" class=\"wp-image-110607\" srcset=\"https:\/\/www.iemj.org\/wp-content\/uploads\/2024\/03\/AUDIO-PLAYER-1024x133.png 1024w, https:\/\/www.iemj.org\/wp-content\/uploads\/2024\/03\/AUDIO-PLAYER-300x39.png 300w, https:\/\/www.iemj.org\/wp-content\/uploads\/2024\/03\/AUDIO-PLAYER-768x100.png 768w, https:\/\/www.iemj.org\/wp-content\/uploads\/2024\/03\/AUDIO-PLAYER-600x78.png 600w, https:\/\/www.iemj.org\/wp-content\/uploads\/2024\/03\/AUDIO-PLAYER.png 1210w\" sizes=\"(max-width: 1024px) 100vw, 1024px\" \/><\/figure>\n\n\n\n<h2 class=\"wp-block-heading\"><\/h2>\n\n\n\n<div class=\"wp-block-file\"><a href=\"https:\/\/www.iemj.org\/wp-content\/uploads\/2018\/03\/chorale_juive_marocaine-lalla_mimouna.mp3\">Lalla Mimouna &#8211; Chorale Juive Marocaine<\/a><\/div>\n\n\n\n<div class=\"wp-block-file\"><a href=\"https:\/\/www.iemj.org\/wp-content\/uploads\/2018\/03\/elie_melloul-avraham_avinou.mp3\">Avraham Avinou &#8211; Elie Melloul<\/a><\/div>\n\n\n\n<div class=\"wp-block-file\"><a href=\"https:\/\/www.iemj.org\/wp-content\/uploads\/2018\/03\/emile_zrihen-mahani_zine-version_flamenco.mp3\">Mahani Zine &#8211; Emile Zrihen<\/a><\/div>\n\n\n\n<div class=\"wp-block-file\"><a href=\"https:\/\/www.iemj.org\/wp-content\/uploads\/2018\/03\/groupe_marrakech_bint_bladi.mp3\">Bint Bladi &#8211; Groupe Marrakech<\/a><\/div>\n\n\n\n<div class=\"wp-block-file\"><a href=\"https:\/\/www.iemj.org\/wp-content\/uploads\/2018\/03\/groupe_marrakech_medley_mimouna.mp3\">Medley Mimouna &#8211; Groupe Marrakech<\/a><\/div>\n\n\n\n<div class=\"wp-block-file\"><a href=\"https:\/\/www.iemj.org\/wp-content\/uploads\/2018\/03\/groupe_sfataim_ahlan_ouasahlan_musique_d_ouverture_de_la_mimouna.mp3\">Ahlan Ouasahlan (musique d&#8217;ouverture de la Mimouna) &#8211; Groupe Sfataim<\/a><\/div>\n\n\n\n<div class=\"wp-block-file\"><a href=\"https:\/\/www.iemj.org\/wp-content\/uploads\/2018\/03\/haim_louk-ysmah_moshe_et_achorere_chira.mp3\">Ysmah Moshe et Achorere Chira &#8211; Haim Louk<\/a><\/div>\n\n\n\n<div class=\"wp-block-file\"><a href=\"https:\/\/www.iemj.org\/wp-content\/uploads\/2018\/03\/mike_karouchi-tixbilla.mp3\">Tixbilla &#8211; Mike Karouchi<\/a><\/div>\n\n\n\n<div class=\"wp-block-file\"><a href=\"https:\/\/www.iemj.org\/wp-content\/uploads\/2018\/03\/pinhas_cohen-enhabek_enhabek.mp3\">Enhabek Enhabek &#8211; Pinhas Cohen<\/a><\/div>\n\n\n\n<div class=\"wp-block-file\"><a href=\"https:\/\/www.iemj.org\/wp-content\/uploads\/2018\/03\/emil_zrihan_-_flamenco_judio_marroqui.mp3\">Flamenco Judio marroqui &#8211; Emil Zrihan<\/a><\/div>\n","protected":false},"excerpt":{"rendered":"<p>Listen to a musical selection for the celebration of the Mimuna<\/p>\n","protected":false},"author":1052,"featured_media":18631,"comment_status":"closed","ping_status":"closed","sticky":false,"template":"","format":"standard","meta":{"_acf_changed":false,"footnotes":""},"categories":[1317],"tags":[],"technique":[],"squelettes":[],"sujet":[1825],"formation":[],"genre":[1116],"fonds":[],"tradition":[],"type-de-contenu":[],"interprete-compositeur":[],"frise":[],"type-devenement":[],"tableaux-liens-externes":[],"class_list":["post-54817","post","type-post","status-publish","format-standard","has-post-thumbnail","hentry","category-playlists-en","sujet-passover-en","genre-liturgy"],"acf":[],"yoast_head":"<!-- This site is optimized with the Yoast SEO plugin v27.3 - https:\/\/yoast.com\/product\/yoast-seo-wordpress\/ -->\n<title>Discovering the Mimuna - Institut Europ\u00e9en des Musiques Juives<\/title>\n<meta name=\"robots\" content=\"index, follow, max-snippet:-1, max-image-preview:large, max-video-preview:-1\" \/>\n<link rel=\"canonical\" href=\"https:\/\/www.iemj.org\/en\/a-la-decouverte-de-la-mimouna\/\" \/>\n<meta property=\"og:locale\" content=\"en_US\" \/>\n<meta property=\"og:type\" content=\"article\" \/>\n<meta property=\"og:title\" content=\"Discovering the Mimuna - Institut Europ\u00e9en des Musiques Juives\" \/>\n<meta property=\"og:description\" content=\"Listen to a musical selection for the celebration of the Mimuna\" \/>\n<meta property=\"og:url\" content=\"https:\/\/www.iemj.org\/en\/a-la-decouverte-de-la-mimouna\/\" \/>\n<meta property=\"og:site_name\" content=\"Institut Europ\u00e9en des Musiques Juives\" \/>\n<meta property=\"article:publisher\" content=\"https:\/\/www.facebook.com\/MusiquesJuives\/\" \/>\n<meta property=\"article:published_time\" content=\"2018-03-06T13:52:38+00:00\" \/>\n<meta property=\"article:modified_time\" content=\"2026-03-25T11:30:51+00:00\" \/>\n<meta property=\"og:image\" content=\"https:\/\/www.iemj.org\/wp-content\/uploads\/2018\/03\/arton3221.jpg\" \/>\n\t<meta property=\"og:image:width\" content=\"500\" \/>\n\t<meta property=\"og:image:height\" content=\"391\" \/>\n\t<meta property=\"og:image:type\" content=\"image\/jpeg\" \/>\n<meta name=\"author\" content=\"Lea Couderc\" \/>\n<meta name=\"twitter:card\" content=\"summary_large_image\" \/>\n<meta name=\"twitter:label1\" content=\"Written by\" \/>\n\t<meta name=\"twitter:data1\" content=\"Lea Couderc\" \/>\n\t<meta name=\"twitter:label2\" content=\"Est. reading time\" \/>\n\t<meta name=\"twitter:data2\" content=\"3 minutes\" \/>\n<script type=\"application\/ld+json\" class=\"yoast-schema-graph\">{\"@context\":\"https:\\\/\\\/schema.org\",\"@graph\":[{\"@type\":\"Article\",\"@id\":\"https:\\\/\\\/www.iemj.org\\\/en\\\/a-la-decouverte-de-la-mimouna\\\/#article\",\"isPartOf\":{\"@id\":\"https:\\\/\\\/www.iemj.org\\\/en\\\/a-la-decouverte-de-la-mimouna\\\/\"},\"author\":{\"name\":\"Lea Couderc\",\"@id\":\"https:\\\/\\\/www.iemj.org\\\/en\\\/#\\\/schema\\\/person\\\/e2ad57f2c4be119c7ed8ab79036807a9\"},\"headline\":\"Discovering the Mimuna\",\"datePublished\":\"2018-03-06T13:52:38+00:00\",\"dateModified\":\"2026-03-25T11:30:51+00:00\",\"mainEntityOfPage\":{\"@id\":\"https:\\\/\\\/www.iemj.org\\\/en\\\/a-la-decouverte-de-la-mimouna\\\/\"},\"wordCount\":366,\"publisher\":{\"@id\":\"https:\\\/\\\/www.iemj.org\\\/en\\\/#organization\"},\"image\":{\"@id\":\"https:\\\/\\\/www.iemj.org\\\/en\\\/a-la-decouverte-de-la-mimouna\\\/#primaryimage\"},\"thumbnailUrl\":\"https:\\\/\\\/www.iemj.org\\\/wp-content\\\/uploads\\\/2018\\\/03\\\/arton3221.jpg\",\"articleSection\":[\"Playlists\"],\"inLanguage\":\"en-US\"},{\"@type\":\"WebPage\",\"@id\":\"https:\\\/\\\/www.iemj.org\\\/en\\\/a-la-decouverte-de-la-mimouna\\\/\",\"url\":\"https:\\\/\\\/www.iemj.org\\\/en\\\/a-la-decouverte-de-la-mimouna\\\/\",\"name\":\"Discovering the Mimuna - Institut Europ\u00e9en des Musiques Juives\",\"isPartOf\":{\"@id\":\"https:\\\/\\\/www.iemj.org\\\/en\\\/#website\"},\"primaryImageOfPage\":{\"@id\":\"https:\\\/\\\/www.iemj.org\\\/en\\\/a-la-decouverte-de-la-mimouna\\\/#primaryimage\"},\"image\":{\"@id\":\"https:\\\/\\\/www.iemj.org\\\/en\\\/a-la-decouverte-de-la-mimouna\\\/#primaryimage\"},\"thumbnailUrl\":\"https:\\\/\\\/www.iemj.org\\\/wp-content\\\/uploads\\\/2018\\\/03\\\/arton3221.jpg\",\"datePublished\":\"2018-03-06T13:52:38+00:00\",\"dateModified\":\"2026-03-25T11:30:51+00:00\",\"breadcrumb\":{\"@id\":\"https:\\\/\\\/www.iemj.org\\\/en\\\/a-la-decouverte-de-la-mimouna\\\/#breadcrumb\"},\"inLanguage\":\"en-US\",\"potentialAction\":[{\"@type\":\"ReadAction\",\"target\":[\"https:\\\/\\\/www.iemj.org\\\/en\\\/a-la-decouverte-de-la-mimouna\\\/\"]}]},{\"@type\":\"ImageObject\",\"inLanguage\":\"en-US\",\"@id\":\"https:\\\/\\\/www.iemj.org\\\/en\\\/a-la-decouverte-de-la-mimouna\\\/#primaryimage\",\"url\":\"https:\\\/\\\/www.iemj.org\\\/wp-content\\\/uploads\\\/2018\\\/03\\\/arton3221.jpg\",\"contentUrl\":\"https:\\\/\\\/www.iemj.org\\\/wp-content\\\/uploads\\\/2018\\\/03\\\/arton3221.jpg\",\"width\":500,\"height\":391},{\"@type\":\"BreadcrumbList\",\"@id\":\"https:\\\/\\\/www.iemj.org\\\/en\\\/a-la-decouverte-de-la-mimouna\\\/#breadcrumb\",\"itemListElement\":[{\"@type\":\"ListItem\",\"position\":1,\"name\":\"Accueil\",\"item\":\"https:\\\/\\\/www.iemj.org\\\/en\\\/\"},{\"@type\":\"ListItem\",\"position\":2,\"name\":\"Discovering the Mimuna\"}]},{\"@type\":\"WebSite\",\"@id\":\"https:\\\/\\\/www.iemj.org\\\/en\\\/#website\",\"url\":\"https:\\\/\\\/www.iemj.org\\\/en\\\/\",\"name\":\"Institut Europ\u00e9en des Musiques Juives\",\"description\":\"Des traditions musicales \u00e0 la port\u00e9e de tous\",\"publisher\":{\"@id\":\"https:\\\/\\\/www.iemj.org\\\/en\\\/#organization\"},\"potentialAction\":[{\"@type\":\"SearchAction\",\"target\":{\"@type\":\"EntryPoint\",\"urlTemplate\":\"https:\\\/\\\/www.iemj.org\\\/en\\\/?s={search_term_string}\"},\"query-input\":{\"@type\":\"PropertyValueSpecification\",\"valueRequired\":true,\"valueName\":\"search_term_string\"}}],\"inLanguage\":\"en-US\"},{\"@type\":\"Organization\",\"@id\":\"https:\\\/\\\/www.iemj.org\\\/en\\\/#organization\",\"name\":\"Institut Europ\u00e9en des Musiques Juives\",\"url\":\"https:\\\/\\\/www.iemj.org\\\/en\\\/\",\"logo\":{\"@type\":\"ImageObject\",\"inLanguage\":\"en-US\",\"@id\":\"https:\\\/\\\/www.iemj.org\\\/en\\\/#\\\/schema\\\/logo\\\/image\\\/\",\"url\":\"https:\\\/\\\/www.iemj.org\\\/wp-content\\\/uploads\\\/2021\\\/09\\\/Logo-IEMJ-Paypal.jpg\",\"contentUrl\":\"https:\\\/\\\/www.iemj.org\\\/wp-content\\\/uploads\\\/2021\\\/09\\\/Logo-IEMJ-Paypal.jpg\",\"width\":150,\"height\":50,\"caption\":\"Institut Europ\u00e9en des Musiques Juives\"},\"image\":{\"@id\":\"https:\\\/\\\/www.iemj.org\\\/en\\\/#\\\/schema\\\/logo\\\/image\\\/\"},\"sameAs\":[\"https:\\\/\\\/www.facebook.com\\\/MusiquesJuives\\\/\",\"https:\\\/\\\/www.instagram.com\\\/musiquesjuives\\\/\",\"https:\\\/\\\/www.youtube.com\\\/user\\\/musiquesjuives\"]},{\"@type\":\"Person\",\"@id\":\"https:\\\/\\\/www.iemj.org\\\/en\\\/#\\\/schema\\\/person\\\/e2ad57f2c4be119c7ed8ab79036807a9\",\"name\":\"Lea Couderc\",\"image\":{\"@type\":\"ImageObject\",\"inLanguage\":\"en-US\",\"@id\":\"https:\\\/\\\/secure.gravatar.com\\\/avatar\\\/46ee021475d60aeff17a7e490b79dea5a5684bb392ab7fd1494027411df8ba23?s=96&d=mm&r=g\",\"url\":\"https:\\\/\\\/secure.gravatar.com\\\/avatar\\\/46ee021475d60aeff17a7e490b79dea5a5684bb392ab7fd1494027411df8ba23?s=96&d=mm&r=g\",\"contentUrl\":\"https:\\\/\\\/secure.gravatar.com\\\/avatar\\\/46ee021475d60aeff17a7e490b79dea5a5684bb392ab7fd1494027411df8ba23?s=96&d=mm&r=g\",\"caption\":\"Lea Couderc\"}}]}<\/script>\n<!-- \/ Yoast SEO plugin. -->","yoast_head_json":{"title":"Discovering the Mimuna - Institut Europ\u00e9en des Musiques Juives","robots":{"index":"index","follow":"follow","max-snippet":"max-snippet:-1","max-image-preview":"max-image-preview:large","max-video-preview":"max-video-preview:-1"},"canonical":"https:\/\/www.iemj.org\/en\/a-la-decouverte-de-la-mimouna\/","og_locale":"en_US","og_type":"article","og_title":"Discovering the Mimuna - Institut Europ\u00e9en des Musiques Juives","og_description":"Listen to a musical selection for the celebration of the Mimuna","og_url":"https:\/\/www.iemj.org\/en\/a-la-decouverte-de-la-mimouna\/","og_site_name":"Institut Europ\u00e9en des Musiques Juives","article_publisher":"https:\/\/www.facebook.com\/MusiquesJuives\/","article_published_time":"2018-03-06T13:52:38+00:00","article_modified_time":"2026-03-25T11:30:51+00:00","og_image":[{"width":500,"height":391,"url":"https:\/\/www.iemj.org\/wp-content\/uploads\/2018\/03\/arton3221.jpg","type":"image\/jpeg"}],"author":"Lea Couderc","twitter_card":"summary_large_image","twitter_misc":{"Written by":"Lea Couderc","Est. reading time":"3 minutes"},"schema":{"@context":"https:\/\/schema.org","@graph":[{"@type":"Article","@id":"https:\/\/www.iemj.org\/en\/a-la-decouverte-de-la-mimouna\/#article","isPartOf":{"@id":"https:\/\/www.iemj.org\/en\/a-la-decouverte-de-la-mimouna\/"},"author":{"name":"Lea Couderc","@id":"https:\/\/www.iemj.org\/en\/#\/schema\/person\/e2ad57f2c4be119c7ed8ab79036807a9"},"headline":"Discovering the Mimuna","datePublished":"2018-03-06T13:52:38+00:00","dateModified":"2026-03-25T11:30:51+00:00","mainEntityOfPage":{"@id":"https:\/\/www.iemj.org\/en\/a-la-decouverte-de-la-mimouna\/"},"wordCount":366,"publisher":{"@id":"https:\/\/www.iemj.org\/en\/#organization"},"image":{"@id":"https:\/\/www.iemj.org\/en\/a-la-decouverte-de-la-mimouna\/#primaryimage"},"thumbnailUrl":"https:\/\/www.iemj.org\/wp-content\/uploads\/2018\/03\/arton3221.jpg","articleSection":["Playlists"],"inLanguage":"en-US"},{"@type":"WebPage","@id":"https:\/\/www.iemj.org\/en\/a-la-decouverte-de-la-mimouna\/","url":"https:\/\/www.iemj.org\/en\/a-la-decouverte-de-la-mimouna\/","name":"Discovering the Mimuna - Institut Europ\u00e9en des Musiques Juives","isPartOf":{"@id":"https:\/\/www.iemj.org\/en\/#website"},"primaryImageOfPage":{"@id":"https:\/\/www.iemj.org\/en\/a-la-decouverte-de-la-mimouna\/#primaryimage"},"image":{"@id":"https:\/\/www.iemj.org\/en\/a-la-decouverte-de-la-mimouna\/#primaryimage"},"thumbnailUrl":"https:\/\/www.iemj.org\/wp-content\/uploads\/2018\/03\/arton3221.jpg","datePublished":"2018-03-06T13:52:38+00:00","dateModified":"2026-03-25T11:30:51+00:00","breadcrumb":{"@id":"https:\/\/www.iemj.org\/en\/a-la-decouverte-de-la-mimouna\/#breadcrumb"},"inLanguage":"en-US","potentialAction":[{"@type":"ReadAction","target":["https:\/\/www.iemj.org\/en\/a-la-decouverte-de-la-mimouna\/"]}]},{"@type":"ImageObject","inLanguage":"en-US","@id":"https:\/\/www.iemj.org\/en\/a-la-decouverte-de-la-mimouna\/#primaryimage","url":"https:\/\/www.iemj.org\/wp-content\/uploads\/2018\/03\/arton3221.jpg","contentUrl":"https:\/\/www.iemj.org\/wp-content\/uploads\/2018\/03\/arton3221.jpg","width":500,"height":391},{"@type":"BreadcrumbList","@id":"https:\/\/www.iemj.org\/en\/a-la-decouverte-de-la-mimouna\/#breadcrumb","itemListElement":[{"@type":"ListItem","position":1,"name":"Accueil","item":"https:\/\/www.iemj.org\/en\/"},{"@type":"ListItem","position":2,"name":"Discovering the Mimuna"}]},{"@type":"WebSite","@id":"https:\/\/www.iemj.org\/en\/#website","url":"https:\/\/www.iemj.org\/en\/","name":"Institut Europ\u00e9en des Musiques Juives","description":"Des traditions musicales \u00e0 la port\u00e9e de tous","publisher":{"@id":"https:\/\/www.iemj.org\/en\/#organization"},"potentialAction":[{"@type":"SearchAction","target":{"@type":"EntryPoint","urlTemplate":"https:\/\/www.iemj.org\/en\/?s={search_term_string}"},"query-input":{"@type":"PropertyValueSpecification","valueRequired":true,"valueName":"search_term_string"}}],"inLanguage":"en-US"},{"@type":"Organization","@id":"https:\/\/www.iemj.org\/en\/#organization","name":"Institut Europ\u00e9en des Musiques Juives","url":"https:\/\/www.iemj.org\/en\/","logo":{"@type":"ImageObject","inLanguage":"en-US","@id":"https:\/\/www.iemj.org\/en\/#\/schema\/logo\/image\/","url":"https:\/\/www.iemj.org\/wp-content\/uploads\/2021\/09\/Logo-IEMJ-Paypal.jpg","contentUrl":"https:\/\/www.iemj.org\/wp-content\/uploads\/2021\/09\/Logo-IEMJ-Paypal.jpg","width":150,"height":50,"caption":"Institut Europ\u00e9en des Musiques Juives"},"image":{"@id":"https:\/\/www.iemj.org\/en\/#\/schema\/logo\/image\/"},"sameAs":["https:\/\/www.facebook.com\/MusiquesJuives\/","https:\/\/www.instagram.com\/musiquesjuives\/","https:\/\/www.youtube.com\/user\/musiquesjuives"]},{"@type":"Person","@id":"https:\/\/www.iemj.org\/en\/#\/schema\/person\/e2ad57f2c4be119c7ed8ab79036807a9","name":"Lea Couderc","image":{"@type":"ImageObject","inLanguage":"en-US","@id":"https:\/\/secure.gravatar.com\/avatar\/46ee021475d60aeff17a7e490b79dea5a5684bb392ab7fd1494027411df8ba23?s=96&d=mm&r=g","url":"https:\/\/secure.gravatar.com\/avatar\/46ee021475d60aeff17a7e490b79dea5a5684bb392ab7fd1494027411df8ba23?s=96&d=mm&r=g","contentUrl":"https:\/\/secure.gravatar.com\/avatar\/46ee021475d60aeff17a7e490b79dea5a5684bb392ab7fd1494027411df8ba23?s=96&d=mm&r=g","caption":"Lea Couderc"}}]}},"_links":{"self":[{"href":"https:\/\/www.iemj.org\/en\/wp-json\/wp\/v2\/posts\/54817","targetHints":{"allow":["GET"]}}],"collection":[{"href":"https:\/\/www.iemj.org\/en\/wp-json\/wp\/v2\/posts"}],"about":[{"href":"https:\/\/www.iemj.org\/en\/wp-json\/wp\/v2\/types\/post"}],"author":[{"embeddable":true,"href":"https:\/\/www.iemj.org\/en\/wp-json\/wp\/v2\/users\/1052"}],"replies":[{"embeddable":true,"href":"https:\/\/www.iemj.org\/en\/wp-json\/wp\/v2\/comments?post=54817"}],"version-history":[{"count":2,"href":"https:\/\/www.iemj.org\/en\/wp-json\/wp\/v2\/posts\/54817\/revisions"}],"predecessor-version":[{"id":131629,"href":"https:\/\/www.iemj.org\/en\/wp-json\/wp\/v2\/posts\/54817\/revisions\/131629"}],"wp:featuredmedia":[{"embeddable":true,"href":"https:\/\/www.iemj.org\/en\/wp-json\/wp\/v2\/media\/18631"}],"wp:attachment":[{"href":"https:\/\/www.iemj.org\/en\/wp-json\/wp\/v2\/media?parent=54817"}],"wp:term":[{"taxonomy":"category","embeddable":true,"href":"https:\/\/www.iemj.org\/en\/wp-json\/wp\/v2\/categories?post=54817"},{"taxonomy":"post_tag","embeddable":true,"href":"https:\/\/www.iemj.org\/en\/wp-json\/wp\/v2\/tags?post=54817"},{"taxonomy":"technique","embeddable":true,"href":"https:\/\/www.iemj.org\/en\/wp-json\/wp\/v2\/technique?post=54817"},{"taxonomy":"squelettes","embeddable":true,"href":"https:\/\/www.iemj.org\/en\/wp-json\/wp\/v2\/squelettes?post=54817"},{"taxonomy":"sujet","embeddable":true,"href":"https:\/\/www.iemj.org\/en\/wp-json\/wp\/v2\/sujet?post=54817"},{"taxonomy":"formation","embeddable":true,"href":"https:\/\/www.iemj.org\/en\/wp-json\/wp\/v2\/formation?post=54817"},{"taxonomy":"genre","embeddable":true,"href":"https:\/\/www.iemj.org\/en\/wp-json\/wp\/v2\/genre?post=54817"},{"taxonomy":"fonds","embeddable":true,"href":"https:\/\/www.iemj.org\/en\/wp-json\/wp\/v2\/fonds?post=54817"},{"taxonomy":"tradition","embeddable":true,"href":"https:\/\/www.iemj.org\/en\/wp-json\/wp\/v2\/tradition?post=54817"},{"taxonomy":"type-de-contenu","embeddable":true,"href":"https:\/\/www.iemj.org\/en\/wp-json\/wp\/v2\/type-de-contenu?post=54817"},{"taxonomy":"interprete-compositeur","embeddable":true,"href":"https:\/\/www.iemj.org\/en\/wp-json\/wp\/v2\/interprete-compositeur?post=54817"},{"taxonomy":"frise","embeddable":true,"href":"https:\/\/www.iemj.org\/en\/wp-json\/wp\/v2\/frise?post=54817"},{"taxonomy":"type-devenement","embeddable":true,"href":"https:\/\/www.iemj.org\/en\/wp-json\/wp\/v2\/type-devenement?post=54817"},{"taxonomy":"tableaux-liens-externes","embeddable":true,"href":"https:\/\/www.iemj.org\/en\/wp-json\/wp\/v2\/tableaux-liens-externes?post=54817"}],"curies":[{"name":"wp","href":"https:\/\/api.w.org\/{rel}","templated":true}]}}