{"id":54879,"date":"2018-03-06T17:55:23","date_gmt":"2018-03-06T16:55:23","guid":{"rendered":"https:\/\/www.iemj.org\/parution-de-2-nouvelles-partitions-de-serge-kaufmann-aux-editions-de-liemj\/"},"modified":"2025-08-27T12:54:44","modified_gmt":"2025-08-27T10:54:44","slug":"parution-de-2-nouvelles-partitions-de-serge-kaufmann-aux-editions-de-liemj","status":"publish","type":"post","link":"https:\/\/www.iemj.org\/en\/parution-de-2-nouvelles-partitions-de-serge-kaufmann-aux-editions-de-liemj\/","title":{"rendered":"Kyranne (violin, cello, clarinet and piano) \/ Ikh Gedenk (piano)"},"content":{"rendered":"<h3>\u00a0<\/h3>\n<h3 style=\"margin-top: 0cm; background: white;\"><span style=\"color: #171717; font-weight: normal;\">AUDIO EXAMPLES below<\/span><\/h3>\n<p><!--more--><\/p>\n<p>Composer, journalist, producer for radio and television and filmmaker, <a href=\"https:\/\/www.iemj.org\/en\/kaufmann-serge-1930\/\" target=\"_blank\" rel=\"noopener\">Serge Kaufmann<\/a> has enriched the field of Jewish music for nearly 30 years, composing works with evocative names, such as : <em>Yiddish Suite<\/em>, <em>Small klezmer suite<\/em>, <em>Le Maharam de Rothenbourg<\/em>, <em>Neshama<\/em>, <em>Kol nidr\u00e9<\/em>, <em>Yesod<\/em>\u2026<\/p>\n<p>After having written many musical scores released by the EIJM, for solo vocal or for choir, solo instruments or small ensembles, available on paper or digital on the <a href=\"https:\/\/www.iemj.org\/en\/shop\/\" target=\"_blank\" rel=\"noopener\">EIJM\u2019s online shop<\/a>, he just released <a href=\"https:\/\/www.iemj.org\/en\/product\/kaufmann-kyranne-quartet-for-violin-cello-piano-and-clarinet-printed-score\/\" target=\"_blank\" rel=\"noopener\"><strong>Kyranne, <em>Quartet for violin, cello, piano and clarinet<\/em> <\/strong><\/a>and <a href=\"https:\/\/www.iemj.org\/en\/product\/kaufmann-ikh-gedenk-i-remember-small-handbook-for-piano-printed-score\/\" target=\"_blank\" rel=\"noopener\"><strong>Ikh Gedenk, I remember &#8211; <em>Small handbook for piano<\/em><\/strong><\/a>.<\/p>\n<p><a href=\"https:\/\/www.iemj.org\/en\/product\/kaufmann-kyranne-quartet-for-violin-cello-piano-and-clarinet-printed-score\/\"><img fetchpriority=\"high\" decoding=\"async\" class=\"wp-image-18613 alignleft\" title=\"Kyranne, Quatuor pour violon, violoncelle, piano et clarinette\" src=\"https:\/\/www.iemj.org\/wp-content\/uploads\/2018\/03\/couv_kyranne_65_.jpg\" alt=\"Kyranne, Quatuor pour violon, violoncelle, piano et clarinette\" width=\"300\" height=\"425\" align=\"left\" data-description=\"Kyranne, Quatuor pour violon, violoncelle, piano et clarinette\" srcset=\"https:\/\/www.iemj.org\/wp-content\/uploads\/2018\/03\/couv_kyranne_65_.jpg 335w, https:\/\/www.iemj.org\/wp-content\/uploads\/2018\/03\/couv_kyranne_65_-212x300.jpg 212w\" sizes=\"(max-width: 300px) 100vw, 300px\" \/><\/a><\/p>\n<p><a href=\"https:\/\/www.iemj.org\/en\/product\/kaufmann-ikh-gedenk-i-remember-small-handbook-for-piano-printed-score\/\"><img decoding=\"async\" class=\"wp-image-18615 alignleft\" title=\"Ikh Gedenk, Je me souviens - Petit cahier pour piano\" src=\"https:\/\/www.iemj.org\/wp-content\/uploads\/2018\/03\/couv_je_me_souviens_65_.jpg\" alt=\"Ikh Gedenk, Je me souviens - Petit cahier pour piano\" width=\"300\" height=\"426\" align=\"left\" srcset=\"https:\/\/www.iemj.org\/wp-content\/uploads\/2018\/03\/couv_je_me_souviens_65_.jpg 335w, https:\/\/www.iemj.org\/wp-content\/uploads\/2018\/03\/couv_je_me_souviens_65_-211x300.jpg 211w\" sizes=\"(max-width: 300px) 100vw, 300px\" \/><\/a><\/p>\n<p><!--more--><\/p>\n<ul>\n<li><a href=\"https:\/\/www.iemj.org\/en\/product\/kaufmann-kyranne-quartet-for-violin-cello-piano-and-clarinet-printed-score\/\" target=\"_blank\" rel=\"noopener\">Order the score <strong><em>Kyranne<\/em>, Quartet for violin, cello, piano and clarinet<\/strong><\/a><\/li>\n<li><a href=\"https:\/\/www.iemj.org\/en\/product\/kaufmann-ikh-gedenk-i-remember-small-handbook-for-piano-printed-score\/\" target=\"_blank\" rel=\"noopener\">Order the score <strong>Ikh Gedenk, I remember &#8211; <em>Small handbook for piano<\/em><\/strong><\/a><\/li>\n<li><a href=\"https:\/\/www.iemj.org\/en\/products-categories\/sheet-music-en\/composers-en\/kaufmann-serge-en-2\/\" target=\"_blank\" rel=\"noopener\">Order other scores by Serge Kaufmann on the IEMJ online store<\/a><\/li>\n<\/ul>\n<ul>\n<li><a href=\"https:\/\/www.iemj.org\/en\/product\/serge-kaufmann-ima-ou-la-mere-depossedee\/\" target=\"_blank\" rel=\"noopener\">Order the CD <strong><em>Ima ou la m\u00e8re d\u00e9poss\u00e9d\u00e9e<\/em><\/strong> by Serge Kaufmann<\/a><\/li>\n<li><a href=\"https:\/\/www.iemj.org\/en\/concert-hommage-a-serge-kaufmann\/\" target=\"_blank\" rel=\"noopener\">Watch concert excerpts performed on March 21st 2010 &#8211; \u00c9glise Notre-Dame de la Daurade in Toulouse, for the occasion of the release of the CD &#8220;Serge Kaufmann &#8211; Ima ou la m\u00e8re d\u00e9poss\u00e9d\u00e9e&#8221;<\/a><\/li>\n<li><a href=\"https:\/\/www.iemj.org\/en\/videos-du-concert-de-gala-de-linstitut-europeen-des-musiques-juives-edition-2015\/\" target=\"_blank\" rel=\"noopener\">Watch excerpts from the EIJM\u2019s gala concert which took place on November 6th 2015, in which was performed the <strong><em>Petite suite klezmer<\/em><\/strong> for clarinet and piano by Serge Kaufmann<\/a><\/li>\n<\/ul>\n\n\n<h2 class=\"wp-block-heading\"><\/h2>\n\n\n<div class=\"wp-block-image\">\n<figure class=\"aligncenter size-large\"><img decoding=\"async\" width=\"1024\" height=\"133\" src=\"https:\/\/www.iemj.org\/wp-content\/uploads\/2024\/03\/AUDIO-PLAYER-1024x133.png\" alt=\"\" class=\"wp-image-110607\" srcset=\"https:\/\/www.iemj.org\/wp-content\/uploads\/2024\/03\/AUDIO-PLAYER-1024x133.png 1024w, https:\/\/www.iemj.org\/wp-content\/uploads\/2024\/03\/AUDIO-PLAYER-300x39.png 300w, https:\/\/www.iemj.org\/wp-content\/uploads\/2024\/03\/AUDIO-PLAYER-768x100.png 768w, https:\/\/www.iemj.org\/wp-content\/uploads\/2024\/03\/AUDIO-PLAYER-600x78.png 600w, https:\/\/www.iemj.org\/wp-content\/uploads\/2024\/03\/AUDIO-PLAYER.png 1210w\" sizes=\"(max-width: 1024px) 100vw, 1024px\" \/><\/figure>\n<\/div>\n\n\n<div class=\"wp-block-file\"><a href=\"https:\/\/www.iemj.org\/wp-content\/uploads\/2015\/10\/neshama_extrait_siteiemj.mp3\">Neshama par Serge Kaufmann (extrait)<\/a><\/div>\n\n\n\n<div class=\"wp-block-file\"><a href=\"https:\/\/www.iemj.org\/wp-content\/uploads\/2015\/10\/kol_nidre_extrait_siteiemj.mp3\">Kol nidr\u00e9 par Serge Kaufmann (extrait)<\/a><\/div>\n\n\n\n<div class=\"wp-block-file\"><a href=\"https:\/\/www.iemj.org\/wp-content\/uploads\/2015\/10\/balade_klezmer_extrait_siteiemj.mp3\">Balade klezmer par Serge Kaufmann (extrait)<\/a><\/div>\n","protected":false},"excerpt":{"rendered":"<p>\u00a0 AUDIO EXAMPLES below<\/p>\n","protected":false},"author":5,"featured_media":18611,"comment_status":"closed","ping_status":"open","sticky":false,"template":"","format":"standard","meta":{"_acf_changed":false,"footnotes":""},"categories":[1389,1395],"tags":[],"technique":[],"squelettes":[],"sujet":[],"formation":[],"genre":[1117],"fonds":[],"tradition":[],"type-de-contenu":[],"interprete-compositeur":[3289],"frise":[],"type-devenement":[],"tableaux-liens-externes":[],"class_list":["post-54879","post","type-post","status-publish","format-standard","has-post-thumbnail","hentry","category-publications-en","category-sheet-music-eijm-en","genre-classical-music","interprete-compositeur-serge-kaufmann-en"],"acf":[],"yoast_head":"<!-- This site is optimized with the Yoast SEO plugin v27.3 - https:\/\/yoast.com\/product\/yoast-seo-wordpress\/ -->\n<title>Kyranne (violin, cello, clarinet and piano) \/ Ikh Gedenk (piano) - Institut Europ\u00e9en des Musiques Juives<\/title>\n<meta name=\"robots\" content=\"index, follow, max-snippet:-1, max-image-preview:large, max-video-preview:-1\" \/>\n<link rel=\"canonical\" href=\"https:\/\/www.iemj.org\/en\/parution-de-2-nouvelles-partitions-de-serge-kaufmann-aux-editions-de-liemj\/\" \/>\n<meta property=\"og:locale\" content=\"en_US\" \/>\n<meta property=\"og:type\" content=\"article\" \/>\n<meta property=\"og:title\" content=\"Kyranne (violin, cello, clarinet and piano) \/ Ikh Gedenk (piano) - Institut Europ\u00e9en des Musiques Juives\" \/>\n<meta property=\"og:description\" content=\"\u00a0 AUDIO EXAMPLES below\" \/>\n<meta property=\"og:url\" content=\"https:\/\/www.iemj.org\/en\/parution-de-2-nouvelles-partitions-de-serge-kaufmann-aux-editions-de-liemj\/\" \/>\n<meta property=\"og:site_name\" content=\"Institut Europ\u00e9en des Musiques Juives\" \/>\n<meta property=\"article:publisher\" content=\"https:\/\/www.facebook.com\/MusiquesJuives\/\" \/>\n<meta property=\"article:published_time\" content=\"2018-03-06T16:55:23+00:00\" \/>\n<meta property=\"article:modified_time\" content=\"2025-08-27T10:54:44+00:00\" \/>\n<meta property=\"og:image\" content=\"https:\/\/www.iemj.org\/wp-content\/uploads\/2018\/03\/arton3219-e1626101638458.jpg\" \/>\n\t<meta property=\"og:image:width\" content=\"350\" \/>\n\t<meta property=\"og:image:height\" content=\"248\" \/>\n\t<meta property=\"og:image:type\" content=\"image\/jpeg\" \/>\n<meta name=\"author\" content=\"Jacqueline ROTEN\" \/>\n<meta name=\"twitter:card\" content=\"summary_large_image\" \/>\n<meta name=\"twitter:label1\" content=\"Written by\" \/>\n\t<meta name=\"twitter:data1\" content=\"Jacqueline ROTEN\" \/>\n\t<meta name=\"twitter:label2\" content=\"Est. reading time\" \/>\n\t<meta name=\"twitter:data2\" content=\"2 minutes\" \/>\n<script type=\"application\/ld+json\" class=\"yoast-schema-graph\">{\"@context\":\"https:\\\/\\\/schema.org\",\"@graph\":[{\"@type\":\"Article\",\"@id\":\"https:\\\/\\\/www.iemj.org\\\/en\\\/parution-de-2-nouvelles-partitions-de-serge-kaufmann-aux-editions-de-liemj\\\/#article\",\"isPartOf\":{\"@id\":\"https:\\\/\\\/www.iemj.org\\\/en\\\/parution-de-2-nouvelles-partitions-de-serge-kaufmann-aux-editions-de-liemj\\\/\"},\"author\":{\"name\":\"Jacqueline ROTEN\",\"@id\":\"https:\\\/\\\/www.iemj.org\\\/en\\\/#\\\/schema\\\/person\\\/358e26c18aca017fcc4cc15437f7279c\"},\"headline\":\"Kyranne (violin, cello, clarinet and piano) \\\/ Ikh Gedenk (piano)\",\"datePublished\":\"2018-03-06T16:55:23+00:00\",\"dateModified\":\"2025-08-27T10:54:44+00:00\",\"mainEntityOfPage\":{\"@id\":\"https:\\\/\\\/www.iemj.org\\\/en\\\/parution-de-2-nouvelles-partitions-de-serge-kaufmann-aux-editions-de-liemj\\\/\"},\"wordCount\":237,\"publisher\":{\"@id\":\"https:\\\/\\\/www.iemj.org\\\/en\\\/#organization\"},\"image\":{\"@id\":\"https:\\\/\\\/www.iemj.org\\\/en\\\/parution-de-2-nouvelles-partitions-de-serge-kaufmann-aux-editions-de-liemj\\\/#primaryimage\"},\"thumbnailUrl\":\"https:\\\/\\\/www.iemj.org\\\/wp-content\\\/uploads\\\/2018\\\/03\\\/arton3219-e1626101638458.jpg\",\"articleSection\":[\"Publications\",\"Sheet Music EIJM\"],\"inLanguage\":\"en-US\"},{\"@type\":\"WebPage\",\"@id\":\"https:\\\/\\\/www.iemj.org\\\/en\\\/parution-de-2-nouvelles-partitions-de-serge-kaufmann-aux-editions-de-liemj\\\/\",\"url\":\"https:\\\/\\\/www.iemj.org\\\/en\\\/parution-de-2-nouvelles-partitions-de-serge-kaufmann-aux-editions-de-liemj\\\/\",\"name\":\"Kyranne (violin, cello, clarinet and piano) \\\/ Ikh Gedenk (piano) - Institut Europ\u00e9en des Musiques Juives\",\"isPartOf\":{\"@id\":\"https:\\\/\\\/www.iemj.org\\\/en\\\/#website\"},\"primaryImageOfPage\":{\"@id\":\"https:\\\/\\\/www.iemj.org\\\/en\\\/parution-de-2-nouvelles-partitions-de-serge-kaufmann-aux-editions-de-liemj\\\/#primaryimage\"},\"image\":{\"@id\":\"https:\\\/\\\/www.iemj.org\\\/en\\\/parution-de-2-nouvelles-partitions-de-serge-kaufmann-aux-editions-de-liemj\\\/#primaryimage\"},\"thumbnailUrl\":\"https:\\\/\\\/www.iemj.org\\\/wp-content\\\/uploads\\\/2018\\\/03\\\/arton3219-e1626101638458.jpg\",\"datePublished\":\"2018-03-06T16:55:23+00:00\",\"dateModified\":\"2025-08-27T10:54:44+00:00\",\"breadcrumb\":{\"@id\":\"https:\\\/\\\/www.iemj.org\\\/en\\\/parution-de-2-nouvelles-partitions-de-serge-kaufmann-aux-editions-de-liemj\\\/#breadcrumb\"},\"inLanguage\":\"en-US\",\"potentialAction\":[{\"@type\":\"ReadAction\",\"target\":[\"https:\\\/\\\/www.iemj.org\\\/en\\\/parution-de-2-nouvelles-partitions-de-serge-kaufmann-aux-editions-de-liemj\\\/\"]}]},{\"@type\":\"ImageObject\",\"inLanguage\":\"en-US\",\"@id\":\"https:\\\/\\\/www.iemj.org\\\/en\\\/parution-de-2-nouvelles-partitions-de-serge-kaufmann-aux-editions-de-liemj\\\/#primaryimage\",\"url\":\"https:\\\/\\\/www.iemj.org\\\/wp-content\\\/uploads\\\/2018\\\/03\\\/arton3219-e1626101638458.jpg\",\"contentUrl\":\"https:\\\/\\\/www.iemj.org\\\/wp-content\\\/uploads\\\/2018\\\/03\\\/arton3219-e1626101638458.jpg\",\"width\":350,\"height\":248},{\"@type\":\"BreadcrumbList\",\"@id\":\"https:\\\/\\\/www.iemj.org\\\/en\\\/parution-de-2-nouvelles-partitions-de-serge-kaufmann-aux-editions-de-liemj\\\/#breadcrumb\",\"itemListElement\":[{\"@type\":\"ListItem\",\"position\":1,\"name\":\"Accueil\",\"item\":\"https:\\\/\\\/www.iemj.org\\\/en\\\/\"},{\"@type\":\"ListItem\",\"position\":2,\"name\":\"Kyranne (violin, cello, clarinet and piano) \\\/ Ikh Gedenk (piano)\"}]},{\"@type\":\"WebSite\",\"@id\":\"https:\\\/\\\/www.iemj.org\\\/en\\\/#website\",\"url\":\"https:\\\/\\\/www.iemj.org\\\/en\\\/\",\"name\":\"Institut Europ\u00e9en des Musiques Juives\",\"description\":\"Des traditions musicales \u00e0 la port\u00e9e de tous\",\"publisher\":{\"@id\":\"https:\\\/\\\/www.iemj.org\\\/en\\\/#organization\"},\"potentialAction\":[{\"@type\":\"SearchAction\",\"target\":{\"@type\":\"EntryPoint\",\"urlTemplate\":\"https:\\\/\\\/www.iemj.org\\\/en\\\/?s={search_term_string}\"},\"query-input\":{\"@type\":\"PropertyValueSpecification\",\"valueRequired\":true,\"valueName\":\"search_term_string\"}}],\"inLanguage\":\"en-US\"},{\"@type\":\"Organization\",\"@id\":\"https:\\\/\\\/www.iemj.org\\\/en\\\/#organization\",\"name\":\"Institut Europ\u00e9en des Musiques Juives\",\"url\":\"https:\\\/\\\/www.iemj.org\\\/en\\\/\",\"logo\":{\"@type\":\"ImageObject\",\"inLanguage\":\"en-US\",\"@id\":\"https:\\\/\\\/www.iemj.org\\\/en\\\/#\\\/schema\\\/logo\\\/image\\\/\",\"url\":\"https:\\\/\\\/www.iemj.org\\\/wp-content\\\/uploads\\\/2021\\\/09\\\/Logo-IEMJ-Paypal.jpg\",\"contentUrl\":\"https:\\\/\\\/www.iemj.org\\\/wp-content\\\/uploads\\\/2021\\\/09\\\/Logo-IEMJ-Paypal.jpg\",\"width\":150,\"height\":50,\"caption\":\"Institut Europ\u00e9en des Musiques Juives\"},\"image\":{\"@id\":\"https:\\\/\\\/www.iemj.org\\\/en\\\/#\\\/schema\\\/logo\\\/image\\\/\"},\"sameAs\":[\"https:\\\/\\\/www.facebook.com\\\/MusiquesJuives\\\/\",\"https:\\\/\\\/www.instagram.com\\\/musiquesjuives\\\/\",\"https:\\\/\\\/www.youtube.com\\\/user\\\/musiquesjuives\"]},{\"@type\":\"Person\",\"@id\":\"https:\\\/\\\/www.iemj.org\\\/en\\\/#\\\/schema\\\/person\\\/358e26c18aca017fcc4cc15437f7279c\",\"name\":\"Jacqueline ROTEN\",\"image\":{\"@type\":\"ImageObject\",\"inLanguage\":\"en-US\",\"@id\":\"https:\\\/\\\/secure.gravatar.com\\\/avatar\\\/5964256d6c6957de3a3505278957e0fb2a35119ac47ea41827a65301213c810b?s=96&d=mm&r=g\",\"url\":\"https:\\\/\\\/secure.gravatar.com\\\/avatar\\\/5964256d6c6957de3a3505278957e0fb2a35119ac47ea41827a65301213c810b?s=96&d=mm&r=g\",\"contentUrl\":\"https:\\\/\\\/secure.gravatar.com\\\/avatar\\\/5964256d6c6957de3a3505278957e0fb2a35119ac47ea41827a65301213c810b?s=96&d=mm&r=g\",\"caption\":\"Jacqueline ROTEN\"}}]}<\/script>\n<!-- \/ Yoast SEO plugin. -->","yoast_head_json":{"title":"Kyranne (violin, cello, clarinet and piano) \/ Ikh Gedenk (piano) - Institut Europ\u00e9en des Musiques Juives","robots":{"index":"index","follow":"follow","max-snippet":"max-snippet:-1","max-image-preview":"max-image-preview:large","max-video-preview":"max-video-preview:-1"},"canonical":"https:\/\/www.iemj.org\/en\/parution-de-2-nouvelles-partitions-de-serge-kaufmann-aux-editions-de-liemj\/","og_locale":"en_US","og_type":"article","og_title":"Kyranne (violin, cello, clarinet and piano) \/ Ikh Gedenk (piano) - Institut Europ\u00e9en des Musiques Juives","og_description":"\u00a0 AUDIO EXAMPLES below","og_url":"https:\/\/www.iemj.org\/en\/parution-de-2-nouvelles-partitions-de-serge-kaufmann-aux-editions-de-liemj\/","og_site_name":"Institut Europ\u00e9en des Musiques Juives","article_publisher":"https:\/\/www.facebook.com\/MusiquesJuives\/","article_published_time":"2018-03-06T16:55:23+00:00","article_modified_time":"2025-08-27T10:54:44+00:00","og_image":[{"width":350,"height":248,"url":"https:\/\/www.iemj.org\/wp-content\/uploads\/2018\/03\/arton3219-e1626101638458.jpg","type":"image\/jpeg"}],"author":"Jacqueline ROTEN","twitter_card":"summary_large_image","twitter_misc":{"Written by":"Jacqueline ROTEN","Est. reading time":"2 minutes"},"schema":{"@context":"https:\/\/schema.org","@graph":[{"@type":"Article","@id":"https:\/\/www.iemj.org\/en\/parution-de-2-nouvelles-partitions-de-serge-kaufmann-aux-editions-de-liemj\/#article","isPartOf":{"@id":"https:\/\/www.iemj.org\/en\/parution-de-2-nouvelles-partitions-de-serge-kaufmann-aux-editions-de-liemj\/"},"author":{"name":"Jacqueline ROTEN","@id":"https:\/\/www.iemj.org\/en\/#\/schema\/person\/358e26c18aca017fcc4cc15437f7279c"},"headline":"Kyranne (violin, cello, clarinet and piano) \/ Ikh Gedenk (piano)","datePublished":"2018-03-06T16:55:23+00:00","dateModified":"2025-08-27T10:54:44+00:00","mainEntityOfPage":{"@id":"https:\/\/www.iemj.org\/en\/parution-de-2-nouvelles-partitions-de-serge-kaufmann-aux-editions-de-liemj\/"},"wordCount":237,"publisher":{"@id":"https:\/\/www.iemj.org\/en\/#organization"},"image":{"@id":"https:\/\/www.iemj.org\/en\/parution-de-2-nouvelles-partitions-de-serge-kaufmann-aux-editions-de-liemj\/#primaryimage"},"thumbnailUrl":"https:\/\/www.iemj.org\/wp-content\/uploads\/2018\/03\/arton3219-e1626101638458.jpg","articleSection":["Publications","Sheet Music EIJM"],"inLanguage":"en-US"},{"@type":"WebPage","@id":"https:\/\/www.iemj.org\/en\/parution-de-2-nouvelles-partitions-de-serge-kaufmann-aux-editions-de-liemj\/","url":"https:\/\/www.iemj.org\/en\/parution-de-2-nouvelles-partitions-de-serge-kaufmann-aux-editions-de-liemj\/","name":"Kyranne (violin, cello, clarinet and piano) \/ Ikh Gedenk (piano) - Institut Europ\u00e9en des Musiques Juives","isPartOf":{"@id":"https:\/\/www.iemj.org\/en\/#website"},"primaryImageOfPage":{"@id":"https:\/\/www.iemj.org\/en\/parution-de-2-nouvelles-partitions-de-serge-kaufmann-aux-editions-de-liemj\/#primaryimage"},"image":{"@id":"https:\/\/www.iemj.org\/en\/parution-de-2-nouvelles-partitions-de-serge-kaufmann-aux-editions-de-liemj\/#primaryimage"},"thumbnailUrl":"https:\/\/www.iemj.org\/wp-content\/uploads\/2018\/03\/arton3219-e1626101638458.jpg","datePublished":"2018-03-06T16:55:23+00:00","dateModified":"2025-08-27T10:54:44+00:00","breadcrumb":{"@id":"https:\/\/www.iemj.org\/en\/parution-de-2-nouvelles-partitions-de-serge-kaufmann-aux-editions-de-liemj\/#breadcrumb"},"inLanguage":"en-US","potentialAction":[{"@type":"ReadAction","target":["https:\/\/www.iemj.org\/en\/parution-de-2-nouvelles-partitions-de-serge-kaufmann-aux-editions-de-liemj\/"]}]},{"@type":"ImageObject","inLanguage":"en-US","@id":"https:\/\/www.iemj.org\/en\/parution-de-2-nouvelles-partitions-de-serge-kaufmann-aux-editions-de-liemj\/#primaryimage","url":"https:\/\/www.iemj.org\/wp-content\/uploads\/2018\/03\/arton3219-e1626101638458.jpg","contentUrl":"https:\/\/www.iemj.org\/wp-content\/uploads\/2018\/03\/arton3219-e1626101638458.jpg","width":350,"height":248},{"@type":"BreadcrumbList","@id":"https:\/\/www.iemj.org\/en\/parution-de-2-nouvelles-partitions-de-serge-kaufmann-aux-editions-de-liemj\/#breadcrumb","itemListElement":[{"@type":"ListItem","position":1,"name":"Accueil","item":"https:\/\/www.iemj.org\/en\/"},{"@type":"ListItem","position":2,"name":"Kyranne (violin, cello, clarinet and piano) \/ Ikh Gedenk (piano)"}]},{"@type":"WebSite","@id":"https:\/\/www.iemj.org\/en\/#website","url":"https:\/\/www.iemj.org\/en\/","name":"Institut Europ\u00e9en des Musiques Juives","description":"Des traditions musicales \u00e0 la port\u00e9e de tous","publisher":{"@id":"https:\/\/www.iemj.org\/en\/#organization"},"potentialAction":[{"@type":"SearchAction","target":{"@type":"EntryPoint","urlTemplate":"https:\/\/www.iemj.org\/en\/?s={search_term_string}"},"query-input":{"@type":"PropertyValueSpecification","valueRequired":true,"valueName":"search_term_string"}}],"inLanguage":"en-US"},{"@type":"Organization","@id":"https:\/\/www.iemj.org\/en\/#organization","name":"Institut Europ\u00e9en des Musiques Juives","url":"https:\/\/www.iemj.org\/en\/","logo":{"@type":"ImageObject","inLanguage":"en-US","@id":"https:\/\/www.iemj.org\/en\/#\/schema\/logo\/image\/","url":"https:\/\/www.iemj.org\/wp-content\/uploads\/2021\/09\/Logo-IEMJ-Paypal.jpg","contentUrl":"https:\/\/www.iemj.org\/wp-content\/uploads\/2021\/09\/Logo-IEMJ-Paypal.jpg","width":150,"height":50,"caption":"Institut Europ\u00e9en des Musiques Juives"},"image":{"@id":"https:\/\/www.iemj.org\/en\/#\/schema\/logo\/image\/"},"sameAs":["https:\/\/www.facebook.com\/MusiquesJuives\/","https:\/\/www.instagram.com\/musiquesjuives\/","https:\/\/www.youtube.com\/user\/musiquesjuives"]},{"@type":"Person","@id":"https:\/\/www.iemj.org\/en\/#\/schema\/person\/358e26c18aca017fcc4cc15437f7279c","name":"Jacqueline ROTEN","image":{"@type":"ImageObject","inLanguage":"en-US","@id":"https:\/\/secure.gravatar.com\/avatar\/5964256d6c6957de3a3505278957e0fb2a35119ac47ea41827a65301213c810b?s=96&d=mm&r=g","url":"https:\/\/secure.gravatar.com\/avatar\/5964256d6c6957de3a3505278957e0fb2a35119ac47ea41827a65301213c810b?s=96&d=mm&r=g","contentUrl":"https:\/\/secure.gravatar.com\/avatar\/5964256d6c6957de3a3505278957e0fb2a35119ac47ea41827a65301213c810b?s=96&d=mm&r=g","caption":"Jacqueline ROTEN"}}]}},"_links":{"self":[{"href":"https:\/\/www.iemj.org\/en\/wp-json\/wp\/v2\/posts\/54879","targetHints":{"allow":["GET"]}}],"collection":[{"href":"https:\/\/www.iemj.org\/en\/wp-json\/wp\/v2\/posts"}],"about":[{"href":"https:\/\/www.iemj.org\/en\/wp-json\/wp\/v2\/types\/post"}],"author":[{"embeddable":true,"href":"https:\/\/www.iemj.org\/en\/wp-json\/wp\/v2\/users\/5"}],"replies":[{"embeddable":true,"href":"https:\/\/www.iemj.org\/en\/wp-json\/wp\/v2\/comments?post=54879"}],"version-history":[{"count":0,"href":"https:\/\/www.iemj.org\/en\/wp-json\/wp\/v2\/posts\/54879\/revisions"}],"wp:featuredmedia":[{"embeddable":true,"href":"https:\/\/www.iemj.org\/en\/wp-json\/wp\/v2\/media\/18611"}],"wp:attachment":[{"href":"https:\/\/www.iemj.org\/en\/wp-json\/wp\/v2\/media?parent=54879"}],"wp:term":[{"taxonomy":"category","embeddable":true,"href":"https:\/\/www.iemj.org\/en\/wp-json\/wp\/v2\/categories?post=54879"},{"taxonomy":"post_tag","embeddable":true,"href":"https:\/\/www.iemj.org\/en\/wp-json\/wp\/v2\/tags?post=54879"},{"taxonomy":"technique","embeddable":true,"href":"https:\/\/www.iemj.org\/en\/wp-json\/wp\/v2\/technique?post=54879"},{"taxonomy":"squelettes","embeddable":true,"href":"https:\/\/www.iemj.org\/en\/wp-json\/wp\/v2\/squelettes?post=54879"},{"taxonomy":"sujet","embeddable":true,"href":"https:\/\/www.iemj.org\/en\/wp-json\/wp\/v2\/sujet?post=54879"},{"taxonomy":"formation","embeddable":true,"href":"https:\/\/www.iemj.org\/en\/wp-json\/wp\/v2\/formation?post=54879"},{"taxonomy":"genre","embeddable":true,"href":"https:\/\/www.iemj.org\/en\/wp-json\/wp\/v2\/genre?post=54879"},{"taxonomy":"fonds","embeddable":true,"href":"https:\/\/www.iemj.org\/en\/wp-json\/wp\/v2\/fonds?post=54879"},{"taxonomy":"tradition","embeddable":true,"href":"https:\/\/www.iemj.org\/en\/wp-json\/wp\/v2\/tradition?post=54879"},{"taxonomy":"type-de-contenu","embeddable":true,"href":"https:\/\/www.iemj.org\/en\/wp-json\/wp\/v2\/type-de-contenu?post=54879"},{"taxonomy":"interprete-compositeur","embeddable":true,"href":"https:\/\/www.iemj.org\/en\/wp-json\/wp\/v2\/interprete-compositeur?post=54879"},{"taxonomy":"frise","embeddable":true,"href":"https:\/\/www.iemj.org\/en\/wp-json\/wp\/v2\/frise?post=54879"},{"taxonomy":"type-devenement","embeddable":true,"href":"https:\/\/www.iemj.org\/en\/wp-json\/wp\/v2\/type-devenement?post=54879"},{"taxonomy":"tableaux-liens-externes","embeddable":true,"href":"https:\/\/www.iemj.org\/en\/wp-json\/wp\/v2\/tableaux-liens-externes?post=54879"}],"curies":[{"name":"wp","href":"https:\/\/api.w.org\/{rel}","templated":true}]}}