{"id":54993,"date":"2018-02-21T17:52:18","date_gmt":"2018-02-21T16:52:18","guid":{"rendered":"https:\/\/www.iemj.org\/le-pourim-shpil-2\/"},"modified":"2025-10-06T15:51:19","modified_gmt":"2025-10-06T13:51:19","slug":"le-pourim-shpil-2","status":"publish","type":"post","link":"https:\/\/www.iemj.org\/en\/le-pourim-shpil-2\/","title":{"rendered":"The Purim Shpil"},"content":{"rendered":"<p>The Purim Shpil &#8211; etymologically &#8220;Purim play&#8221; in Yiddish &#8211; is a satirical performance that blends theater, music, dance, songs, mimes and disguises.<br \/>The origin of this custom is intimately related to the carnival festival of Purim and the story of Queen Esther and her uncle Mordekhay who managed to thwart the plot of the evil Haman, Minister of the Persian king Ahasuerus, who wanted to annihilate the Jewish people.<\/p>\n<p><!--more--><\/p>\n<p>The origin of the events told in the scroll of Esther, the last book of the Hebrew Bible to have been canonized, dates back to approximately the fifth century BCE. From the fifth century AD, it is already customary to perform solemn processions in which an effigy of Haman is hanged or burned. Some see in this custom the origin of the Purim performances on the basis of which Yiddish theater was to develop in the eighteenth century.<\/p>\n<p>In his speech, delivered during the presentation of the Purim Shpil Unesco project at the Paris City Hall on December 12, 2013, <strong>Jean Baumgarten<\/strong> emphasized the special spirit of this festival:<br \/><em>&#8220;[&#8230;] this time of excess, of rebellion, rhythmed by dances, songs, punctuated by food, binge and drinking. No society escapes this alternation of the sacred and the profane, this sway between, on the one hand, outrage, sacrilege, disorder and, on the other, respect for the law, social norms and prohibitions.<br \/>In Jewish society, the time of the feast corresponds to Purim [&#8230;]. This rejoicing celebrates the rescue of the Jews by Mordekhay and Esther who thwarted the plot of the wicked Haman, minister of Ahasuerus, the king of Persia who wanted to annihilate the Jewish people. The Megillat Esther tells this diabolical plot and its happy ending. [&#8230;] The day is also punctuated by a series of festive moments. One drinks until, says the Talmud, one cannot distinguish between &#8220;cursed is Haman&#8221; and &#8220;blessed be Mordekhay. &#8221; We laugh. We sing. We Dance. The study is suspended. We exchange gifts, we offer cakes. Charity is practiced, especially by giving to the poor. We eat, especially during a festive meal. We disguise. As it is the only day of the Hebrew calendar during which he is allowed to change sex, men borrow the clothes of their mothers, sisters and wives. [&#8230;] <\/em><strong><em>Among these transgressive rituals is the Purim Shpil<\/em><\/strong><em>. It is a monologue, a skit, a play in Yiddish in the domestic space during the Purim meal or in a community room. [&#8230;]<br \/>The Purim Shpil tradition has developed in Europe since the late Middle Ages to the present day, testimony to its central role in Ashkenazi culture. We find the first testimony in Yiddish language in Italy in 1555. Which does not mean that the Purim Shpil did not exist before. [&#8230;]<br \/>These burlesque plays, linked to the feast of Purim, a mixture of singing, mime, pantomime and dance become the matrix of Jewish theater. The Yiddish language, because of its inventiveness, its creativity, its long literary tradition, its rich repertoire of poems and songs, played a major role in the formation of the Purim plays. [&#8230;]<\/em><\/p>\n<h3>A few Purim Shpiln&#8230;<\/h3>\n<p><strong>Di Megile fun Itsik Manger<\/strong><br \/><em>The Meguila of Itsik Manger<\/em> is certainly the best-known story linked to Esther\u2019s scroll. In 1936, <strong>Itsik Manger<\/strong> published his <em>Megile-lider<\/em> (Chants on the Roll of Esther), about thirty imagined and poeticized small scenes, telling the story of Purim, but including humorous aspects, funny, and even provocative <img decoding=\"async\" src=\"https:\/\/www.iemj.org\/wp-content\/uploads\/2018\/02\/p_4951_vig.jpg\" alt=\"p_4951_vig.jpg\" align=\"right\" data-description=\"&lt;strong&gt;Partition \u00e9dit\u00e9e par le Centre Medem Arbeter Ring&lt;\/strong&gt;\" \/>that we find in a Purim Shpil. In his introduction, Itsik Manger writes: &#8220;[&#8230;] Of course, this story is told here a little differently. The official narrators of the Roll have, for example, passed over a character as important as the boy tailor Couturosso, although his desperate love for Queen Esther and his attempt to assassinate King Ahasuerus have been at the origin of many important events. [&#8230;] &#8211; In any case, they falsified the historical truth! will protest our reader, and he will be right. But they, the chroniclers, have been eating dandelions for a long time by the roots, buttocks turned towards the stars. And you may shout, they will not be disturbed before the coming of the Messiah. &#8220;<\/p>\n<p>But it\u2019s almost 30 years later that these <em>Megile-lider<\/em> will become a real Purim Shpil with disguised actors, who play and sing in front of an amazed audience. Directed by <strong>Shmuel Bunim<\/strong>, on music by <strong>Dov Seltzer<\/strong>, this creation which took place in 1965 in a theater of old Yaffo will be followed by a tour in the United States. Subsequently, the play will be performed by several different troupes in Strasbourg, Dresden, Tel Aviv, Montreal, New York, in Yiddish, Hebrew, Yiddish and Hebrew, or Yiddish and French &#8230;<\/p>\n<div style=\"width: 480px;\" class=\"wp-video\"><video class=\"wp-video-shortcode\" id=\"video-54993-1\" width=\"480\" height=\"360\" preload=\"metadata\" controls=\"controls\"><source type=\"video\/mp4\" src=\"https:\/\/www.iemj.org\/wp-content\/uploads\/2018\/02\/itsik2.mp4?_=1\" \/><a href=\"https:\/\/www.iemj.org\/wp-content\/uploads\/2018\/02\/itsik2.mp4\">https:\/\/www.iemj.org\/wp-content\/uploads\/2018\/02\/itsik2.mp4<\/a><\/video><\/div>\n<p><span style=\"color: #3366ff;\">Watch above an excerpt from the show <em>La Meguilla d\u2019Itsik<\/em> directed by Rafael Goldwaser in Yiddish and French, which took place in Medem Center in April 2015. (Filmed by Bernard Flam)<\/span><\/p>\n<p><a href=\"https:\/\/www.facebook.com\/watch\/?v=2017385601692404\">Watch the show <em>The Meguila by Itsik Manger<\/em> in Hebrew and yiddish performed in 1976<\/a><\/p>\n<p><strong>Homens Mapole<\/strong><\/p>\n<figure id=\"attachment_18478\" aria-describedby=\"caption-attachment-18478\" style=\"width: 354px\" class=\"wp-caption alignright\"><img fetchpriority=\"high\" decoding=\"async\" class=\"wp-image-18479\" src=\"https:\/\/www.iemj.org\/wp-content\/uploads\/2018\/02\/troim_teater_homens-300x207.jpg\" alt=\"troim_teater_homens.jpg\" width=\"354\" height=\"244\" srcset=\"https:\/\/www.iemj.org\/wp-content\/uploads\/2018\/02\/troim_teater_homens-300x207.jpg 300w, https:\/\/www.iemj.org\/wp-content\/uploads\/2018\/02\/troim_teater_homens.jpg 400w\" sizes=\"(max-width: 354px) 100vw, 354px\" \/><figcaption id=\"caption-attachment-18478\" class=\"wp-caption-text\">Le Tro\u00efm Teater &#8211; troupe de th\u00e9\u00e2tre yiddish de la Maison de la Culture Yiddish, lors de la repr\u00e9sentation de <em>Homens Mapole<\/em> mis en sc\u00e8ne par Charlotte Messer en 2015<\/figcaption><\/figure>\n<p><em>Haman\u2019s downfall is a play \u00ab written in 1940 by <strong>Ha\u00efm Slov\u00e8s<\/strong> (1905 \u2013 1988). Deeply modified during the Liberation, the play was performed by the best artists from the Yiddish theater just after the war, in particular by <strong>Oscar Fessler<\/strong> and <strong>Zygmunt Turkow<\/strong>. Between 1946 and 1949, it was performed several times in Paris, New York, Los Angeles, Wroclaw, Rio de Janeiro and Buenos Aires. \u00bb (<a href=\"http:\/\/www.yiddishteater.org\/eng\/index.html\" target=\"_blank\" rel=\"noopener\">yiddishteater.org<\/a>)<\/em><\/p>\n<p>As for Itsik Manger\u2019s Meguila, Sloves\u2019 play sees new characters, and the classic characters being changed. Thus Mordekhay has become a matchmaker, and is an old friend of one of the king\u2019s guards. A loyfer, or \u00ab Ringmaster \u00bb is also present to speak to the audience, introduce the characters. He even intercedes with King Ahasuerus, trying to dissuade him from making a bad decision&#8230;<\/p>\n<p>This Purim Shpil has something special. Written during the Second World War, and played in the immediate aftermath of the war, the reference to Nazism, and Haman\u2019s comparison with Hitler, is obvious. And the end of the play, although performed with an absurd folk dance worthy of Purim Shpiln, does not fail to say its moral:<\/p>\n<p><img decoding=\"async\" class=\" aligncenter size-full wp-image-18481\" src=\"https:\/\/www.iemj.org\/wp-content\/uploads\/2018\/02\/une_telle_fin_arrivera4-e1638356152792.jpg\" alt=\"une_telle_fin_arrivera4.jpg\" width=\"1560\" height=\"489\" align=\"middle\" \/><\/p>\n<p><strong>Pourim iz a shpil aza<\/strong><br \/><em>Purim is such a play<\/em> is a musical poem written in Yiddish by <strong>Mirl Hofman<\/strong> (who then used the pen name Gabriel Tolies), published in 1968 in New-York, and which the music was composed by <strong>Malke Gotlib<\/strong>, (sister of Chane Mlotek, great Yiddish song collector). This children\u2019s story was written in a simple language in order for the little ones to better understand the meaning. For example, when Haman sees Mordekhay being a frequent guest to the king, he hastens to warn him, that Mordekhay will make him \u00ab Hocus-Pokus \u00bb, and that he\u2019ll \u00ab transform him into a cuckoo \u00bb. This very nice book was illustrated by Tsirl Valetski, and contains lyrics in Yiddish, melody, and a small lexical of several words in Yiddish and transliterated.<\/p>\n<p><img decoding=\"async\" class=\" alignright size-full wp-image-18483\" src=\"https:\/\/www.iemj.org\/wp-content\/uploads\/2018\/02\/purim_iz_a_shpil.jpg\" alt=\"purim_iz_a_shpil.jpg\" width=\"1333\" height=\"966\" align=\"right\" srcset=\"https:\/\/www.iemj.org\/wp-content\/uploads\/2018\/02\/purim_iz_a_shpil.jpg 1333w, https:\/\/www.iemj.org\/wp-content\/uploads\/2018\/02\/purim_iz_a_shpil-300x217.jpg 300w, https:\/\/www.iemj.org\/wp-content\/uploads\/2018\/02\/purim_iz_a_shpil-1024x742.jpg 1024w, https:\/\/www.iemj.org\/wp-content\/uploads\/2018\/02\/purim_iz_a_shpil-768x557.jpg 768w, https:\/\/www.iemj.org\/wp-content\/uploads\/2018\/02\/purim_iz_a_shpil-600x435.jpg 600w\" sizes=\"(max-width: 1333px) 100vw, 1333px\" \/><\/p>\n<p>You can see the <a href=\"https:\/\/www.yiddishbookcenter.org\/collections\/yiddish-books\/spb-nybc201360\/purim-iz-a-shpil-aza\">full book on the Yiddish Book Center\u2019s website<\/a><\/p>\n<p><strong>Esther de Carpentras<\/strong><br \/>Inspired by the Purim Shpil, Esther from Carpentras is an opera-bouffe in 2 acts, whose libretto was written by <strong>Armand Lunel<\/strong>, and the music composed by <strong>Darius Milhaud<\/strong>. The opera was performed for the first time on February 1, 1938 at the Op\u00e9ra-Comique in Paris.<\/p>\n<p><img loading=\"lazy\" decoding=\"async\" class=\" alignleft  wp-image-18485\" src=\"https:\/\/www.iemj.org\/wp-content\/uploads\/2018\/02\/pages_de_p_4968_400.jpg\" alt=\"pages_de_p_4968_400.jpg\" width=\"350\" height=\"522\" align=\"left\" srcset=\"https:\/\/www.iemj.org\/wp-content\/uploads\/2018\/02\/pages_de_p_4968_400.jpg 400w, https:\/\/www.iemj.org\/wp-content\/uploads\/2018\/02\/pages_de_p_4968_400-201x300.jpg 201w\" sizes=\"(max-width: 350px) 100vw, 350px\" \/> <em>Here is what Armand Lunel wrote in the major independent daily Ce Soir, January 30, 1938 :<br \/>\u00ab Writing Esther de Carpentras, we were inspired by a traditional model that dates back to the Middle Ages. Every year, in March, the Jews celebrate in the synagogue the feast of Purim, which recalls the miraculous intervention of Queen Esther with King Ahasuerus to deliver the Israelites from the persecution of his minister Haman, who had set by lot the date of their massacre. But in the time of the ghettos, Purim was a real public holiday, and even a kind of carnival. Until the late eighteenth century, the Jews of Carpentras organized, on this occasion, popular performances of the Bible legend, which took place in the open air, on the main square of the Juiverie. These pieces were first written in Hebrew, then in Proven\u00e7al; they have been compared to the mysteries of the Middle Ages, for the tone of the joke and delicious na\u00efvets were allied here naturally with religious solemnity and formed, a little as in the Provencal Pastorales a very tasty mixture.<\/em><\/p>\n<p><em>[&#8230;]The first act forms a prologue in which we see three old Jews from the Carpentras ghetto: Artaban, financier, Barbacan, concierge of the synagogue, and Cacan, a theater lover, coming in delegation to the cardinal-bishop of the city to ask permission, according to custom, to perform the next day the drama of Esther. In the antechamber of the bishopric, they are at first received rather badly by Vaucluse, the valet of the cardinal. This Vaucluse has always had a very innocent temptation: that of converting the Jews of the Venetian county by singing to them Christmas carols which he composes at his hours of leisure; [&#8230;] Since he (the cardinal-bishop) has just arrived from Rome, he is quite surprised to discover Jews of such a singular type in Carpentras; [&#8230;] But as soon as they are gone, he promises himself to take advantage of this performance of Queen Esther to do even better than Vaucluse and to attempt a mass conversion of all the Jews of the city. \u00bb<\/em> Armand Lunel<\/p>\n<p><img loading=\"lazy\" decoding=\"async\" class=\" alignright  wp-image-18487\" src=\"https:\/\/www.iemj.org\/wp-content\/uploads\/2018\/02\/pages_de_p_4968-2_400.jpg\" alt=\"pages_de_p_4968-2_400.jpg\" width=\"396\" height=\"613\" align=\"right\" srcset=\"https:\/\/www.iemj.org\/wp-content\/uploads\/2018\/02\/pages_de_p_4968-2_400.jpg 400w, https:\/\/www.iemj.org\/wp-content\/uploads\/2018\/02\/pages_de_p_4968-2_400-194x300.jpg 194w\" sizes=\"(max-width: 396px) 100vw, 396px\" \/> In this description of the 1st act, we find all the codes of the Purim Shpil: the deformations of the Biblical characters (in the second act, Artaban takes the role of Ahasuerus, Barbacan that of Mordekhay &#8230;), this technique of &#8220;theater in the theater &#8220;, a slight black humor, with this valet composing Christmas carols in his spare time &#8230;<\/p>\n<p>The show ends fortunately well, as explained by Armand Lunel in his presentation: &#8220;The drama ends with a double chorus: on one side that of the chapter which comes to fetch the bishop, on the other that of the Jews who thank the Lord. Everything thus returns to order; for in the eve of Juiverie de Carpentras, under this southern and tolerant sky, the voices of the Old and New Testaments could have resounded for long centuries without the slightest false note. &#8220;<\/p>\n<p><strong>Sources :<\/strong><br \/><em>&#8220;L\u2019histoire du Pourim Shpil&#8221;, on the website of Collectif Pourim Shpil, Jean Baumgarten<br \/>&#8220;La Meguilla d\u2019Itsik&#8221;, publiched by Centre-Medem Arbeter Ring, preface by Bernard Vaisbrot<br \/>&#8220;Homens Mapole&#8221;, on the website of Tro\u00efm Teater<br \/>&#8220;Purim is a shpil aza&#8221;, on the website of Collectif Pourim Shpil<br \/>&#8220;Fir kemferins kegn di pesimistn fun yiddish&#8221;, Sore-Rokhl Shekhter, Forverts, 9 mars 2012<br \/>&#8220;Esther de Carpentras&#8221;, on the website of Collectif Pourim Shpil, Louis Laloy<\/em><\/p>\n<p><a href=\"http:\/\/www.yiddishteater.org\/fr\/\">Look at the website of the Tro\u00efm Teater<\/a><br \/><a href=\"https:\/\/www.iemj.org\/en\/le-pourim-shpil\/\">Learn more about <em>La Meguilla d\u2019Itsik<\/em>, published by the Centre Medem Arbeter Ring<\/a><br \/><a href=\"https:\/\/www.iemj.org\/en\/le-pourim-shpil\/\">Listen to the radio program of the EIJM dedicated to the Purim Shpil, hosted by herv\u00e9 Roten, with Bernard Vaisbrot<\/a><\/p>\n\n\n<figure class=\"wp-block-image alignwide size-large\"><img loading=\"lazy\" decoding=\"async\" width=\"1024\" height=\"133\" src=\"https:\/\/www.iemj.org\/wp-content\/uploads\/2024\/03\/AUDIO-PLAYER-1024x133.png\" alt=\"\" class=\"wp-image-110607\" srcset=\"https:\/\/www.iemj.org\/wp-content\/uploads\/2024\/03\/AUDIO-PLAYER-1024x133.png 1024w, https:\/\/www.iemj.org\/wp-content\/uploads\/2024\/03\/AUDIO-PLAYER-300x39.png 300w, https:\/\/www.iemj.org\/wp-content\/uploads\/2024\/03\/AUDIO-PLAYER-768x100.png 768w, https:\/\/www.iemj.org\/wp-content\/uploads\/2024\/03\/AUDIO-PLAYER-600x78.png 600w, https:\/\/www.iemj.org\/wp-content\/uploads\/2024\/03\/AUDIO-PLAYER.png 1210w\" sizes=\"(max-width: 1024px) 100vw, 1024px\" \/><\/figure>\n\n\n\n<div class=\"wp-block-file\"><a id=\"wp-block-file--media-ccce1cf2-a8ce-4844-b05c-e4641bee0641\" href=\"https:\/\/www.iemj.org\/wp-content\/uploads\/2018\/02\/d33-30_308_01.mp3\">Dos lid funem loyfer &#8211; The Megilla of Itzik Manger &#8211; par la famille Burstein<\/a><\/div>\n\n\n\n<p><\/p>\n","protected":false},"excerpt":{"rendered":"<p>The Purim Shpil &#8211; etymologically &#8220;Purim play&#8221; in Yiddish &#8211; is a satirical performance that blends theater, music, dance, songs, mimes and disguises.The origin of this custom is intimately related<\/p>\n","protected":false},"author":1048,"featured_media":18475,"comment_status":"closed","ping_status":"closed","sticky":false,"template":"","format":"standard","meta":{"_acf_changed":false,"footnotes":""},"categories":[950],"tags":[],"technique":[],"squelettes":[],"sujet":[1805],"formation":[],"genre":[],"fonds":[],"tradition":[],"type-de-contenu":[],"interprete-compositeur":[],"frise":[],"type-devenement":[],"tableaux-liens-externes":[],"class_list":["post-54993","post","type-post","status-publish","format-standard","has-post-thumbnail","hentry","category-feature-articles-en","sujet-purim-en"],"acf":[],"yoast_head":"<!-- This site is optimized with the Yoast SEO plugin v27.3 - https:\/\/yoast.com\/product\/yoast-seo-wordpress\/ -->\n<title>The Purim Shpil - Institut Europ\u00e9en des Musiques Juives<\/title>\n<meta name=\"robots\" content=\"index, follow, max-snippet:-1, max-image-preview:large, max-video-preview:-1\" \/>\n<link rel=\"canonical\" href=\"https:\/\/www.iemj.org\/en\/le-pourim-shpil-2\/\" \/>\n<meta property=\"og:locale\" content=\"en_US\" \/>\n<meta property=\"og:type\" content=\"article\" \/>\n<meta property=\"og:title\" content=\"The Purim Shpil - Institut Europ\u00e9en des Musiques Juives\" \/>\n<meta property=\"og:description\" content=\"The Purim Shpil &#8211; etymologically &#8220;Purim play&#8221; in Yiddish &#8211; is a satirical performance that blends theater, music, dance, songs, mimes and disguises.The origin of this custom is intimately related\" \/>\n<meta property=\"og:url\" content=\"https:\/\/www.iemj.org\/en\/le-pourim-shpil-2\/\" \/>\n<meta property=\"og:site_name\" content=\"Institut Europ\u00e9en des Musiques Juives\" \/>\n<meta property=\"article:publisher\" content=\"https:\/\/www.facebook.com\/MusiquesJuives\/\" \/>\n<meta property=\"article:published_time\" content=\"2018-02-21T16:52:18+00:00\" \/>\n<meta property=\"article:modified_time\" content=\"2025-10-06T13:51:19+00:00\" \/>\n<meta property=\"og:image\" content=\"https:\/\/www.iemj.org\/wp-content\/uploads\/2018\/02\/arton3195.jpg\" \/>\n\t<meta property=\"og:image:width\" content=\"400\" \/>\n\t<meta property=\"og:image:height\" content=\"313\" \/>\n\t<meta property=\"og:image:type\" content=\"image\/jpeg\" \/>\n<meta name=\"author\" content=\"Jean-Gabriel Davis\" \/>\n<meta name=\"twitter:card\" content=\"summary_large_image\" \/>\n<meta name=\"twitter:label1\" content=\"Written by\" \/>\n\t<meta name=\"twitter:data1\" content=\"Jean-Gabriel Davis\" \/>\n\t<meta name=\"twitter:label2\" content=\"Est. reading time\" \/>\n\t<meta name=\"twitter:data2\" content=\"12 minutes\" \/>\n<script type=\"application\/ld+json\" class=\"yoast-schema-graph\">{\"@context\":\"https:\\\/\\\/schema.org\",\"@graph\":[{\"@type\":\"Article\",\"@id\":\"https:\\\/\\\/www.iemj.org\\\/en\\\/le-pourim-shpil-2\\\/#article\",\"isPartOf\":{\"@id\":\"https:\\\/\\\/www.iemj.org\\\/en\\\/le-pourim-shpil-2\\\/\"},\"author\":{\"name\":\"Jean-Gabriel Davis\",\"@id\":\"https:\\\/\\\/www.iemj.org\\\/en\\\/#\\\/schema\\\/person\\\/c9bc1c386a3749579a2d675e72a18666\"},\"headline\":\"The Purim Shpil\",\"datePublished\":\"2018-02-21T16:52:18+00:00\",\"dateModified\":\"2025-10-06T13:51:19+00:00\",\"mainEntityOfPage\":{\"@id\":\"https:\\\/\\\/www.iemj.org\\\/en\\\/le-pourim-shpil-2\\\/\"},\"wordCount\":1863,\"publisher\":{\"@id\":\"https:\\\/\\\/www.iemj.org\\\/en\\\/#organization\"},\"image\":{\"@id\":\"https:\\\/\\\/www.iemj.org\\\/en\\\/le-pourim-shpil-2\\\/#primaryimage\"},\"thumbnailUrl\":\"https:\\\/\\\/www.iemj.org\\\/wp-content\\\/uploads\\\/2018\\\/02\\\/arton3195.jpg\",\"articleSection\":[\"Feature articles\"],\"inLanguage\":\"en-US\"},{\"@type\":\"WebPage\",\"@id\":\"https:\\\/\\\/www.iemj.org\\\/en\\\/le-pourim-shpil-2\\\/\",\"url\":\"https:\\\/\\\/www.iemj.org\\\/en\\\/le-pourim-shpil-2\\\/\",\"name\":\"The Purim Shpil - Institut Europ\u00e9en des Musiques Juives\",\"isPartOf\":{\"@id\":\"https:\\\/\\\/www.iemj.org\\\/en\\\/#website\"},\"primaryImageOfPage\":{\"@id\":\"https:\\\/\\\/www.iemj.org\\\/en\\\/le-pourim-shpil-2\\\/#primaryimage\"},\"image\":{\"@id\":\"https:\\\/\\\/www.iemj.org\\\/en\\\/le-pourim-shpil-2\\\/#primaryimage\"},\"thumbnailUrl\":\"https:\\\/\\\/www.iemj.org\\\/wp-content\\\/uploads\\\/2018\\\/02\\\/arton3195.jpg\",\"datePublished\":\"2018-02-21T16:52:18+00:00\",\"dateModified\":\"2025-10-06T13:51:19+00:00\",\"breadcrumb\":{\"@id\":\"https:\\\/\\\/www.iemj.org\\\/en\\\/le-pourim-shpil-2\\\/#breadcrumb\"},\"inLanguage\":\"en-US\",\"potentialAction\":[{\"@type\":\"ReadAction\",\"target\":[\"https:\\\/\\\/www.iemj.org\\\/en\\\/le-pourim-shpil-2\\\/\"]}]},{\"@type\":\"ImageObject\",\"inLanguage\":\"en-US\",\"@id\":\"https:\\\/\\\/www.iemj.org\\\/en\\\/le-pourim-shpil-2\\\/#primaryimage\",\"url\":\"https:\\\/\\\/www.iemj.org\\\/wp-content\\\/uploads\\\/2018\\\/02\\\/arton3195.jpg\",\"contentUrl\":\"https:\\\/\\\/www.iemj.org\\\/wp-content\\\/uploads\\\/2018\\\/02\\\/arton3195.jpg\",\"width\":400,\"height\":313},{\"@type\":\"BreadcrumbList\",\"@id\":\"https:\\\/\\\/www.iemj.org\\\/en\\\/le-pourim-shpil-2\\\/#breadcrumb\",\"itemListElement\":[{\"@type\":\"ListItem\",\"position\":1,\"name\":\"Accueil\",\"item\":\"https:\\\/\\\/www.iemj.org\\\/en\\\/\"},{\"@type\":\"ListItem\",\"position\":2,\"name\":\"The Purim Shpil\"}]},{\"@type\":\"WebSite\",\"@id\":\"https:\\\/\\\/www.iemj.org\\\/en\\\/#website\",\"url\":\"https:\\\/\\\/www.iemj.org\\\/en\\\/\",\"name\":\"Institut Europ\u00e9en des Musiques Juives\",\"description\":\"Des traditions musicales \u00e0 la port\u00e9e de tous\",\"publisher\":{\"@id\":\"https:\\\/\\\/www.iemj.org\\\/en\\\/#organization\"},\"potentialAction\":[{\"@type\":\"SearchAction\",\"target\":{\"@type\":\"EntryPoint\",\"urlTemplate\":\"https:\\\/\\\/www.iemj.org\\\/en\\\/?s={search_term_string}\"},\"query-input\":{\"@type\":\"PropertyValueSpecification\",\"valueRequired\":true,\"valueName\":\"search_term_string\"}}],\"inLanguage\":\"en-US\"},{\"@type\":\"Organization\",\"@id\":\"https:\\\/\\\/www.iemj.org\\\/en\\\/#organization\",\"name\":\"Institut Europ\u00e9en des Musiques Juives\",\"url\":\"https:\\\/\\\/www.iemj.org\\\/en\\\/\",\"logo\":{\"@type\":\"ImageObject\",\"inLanguage\":\"en-US\",\"@id\":\"https:\\\/\\\/www.iemj.org\\\/en\\\/#\\\/schema\\\/logo\\\/image\\\/\",\"url\":\"https:\\\/\\\/www.iemj.org\\\/wp-content\\\/uploads\\\/2021\\\/09\\\/Logo-IEMJ-Paypal.jpg\",\"contentUrl\":\"https:\\\/\\\/www.iemj.org\\\/wp-content\\\/uploads\\\/2021\\\/09\\\/Logo-IEMJ-Paypal.jpg\",\"width\":150,\"height\":50,\"caption\":\"Institut Europ\u00e9en des Musiques Juives\"},\"image\":{\"@id\":\"https:\\\/\\\/www.iemj.org\\\/en\\\/#\\\/schema\\\/logo\\\/image\\\/\"},\"sameAs\":[\"https:\\\/\\\/www.facebook.com\\\/MusiquesJuives\\\/\",\"https:\\\/\\\/www.instagram.com\\\/musiquesjuives\\\/\",\"https:\\\/\\\/www.youtube.com\\\/user\\\/musiquesjuives\"]},{\"@type\":\"Person\",\"@id\":\"https:\\\/\\\/www.iemj.org\\\/en\\\/#\\\/schema\\\/person\\\/c9bc1c386a3749579a2d675e72a18666\",\"name\":\"Jean-Gabriel Davis\",\"image\":{\"@type\":\"ImageObject\",\"inLanguage\":\"en-US\",\"@id\":\"https:\\\/\\\/secure.gravatar.com\\\/avatar\\\/2b90d67bdf392c9b3a21fab87c0fa7edaf1fb3a058172a1ffd61033fcec7aec1?s=96&d=mm&r=g\",\"url\":\"https:\\\/\\\/secure.gravatar.com\\\/avatar\\\/2b90d67bdf392c9b3a21fab87c0fa7edaf1fb3a058172a1ffd61033fcec7aec1?s=96&d=mm&r=g\",\"contentUrl\":\"https:\\\/\\\/secure.gravatar.com\\\/avatar\\\/2b90d67bdf392c9b3a21fab87c0fa7edaf1fb3a058172a1ffd61033fcec7aec1?s=96&d=mm&r=g\",\"caption\":\"Jean-Gabriel Davis\"}}]}<\/script>\n<!-- \/ Yoast SEO plugin. -->","yoast_head_json":{"title":"The Purim Shpil - Institut Europ\u00e9en des Musiques Juives","robots":{"index":"index","follow":"follow","max-snippet":"max-snippet:-1","max-image-preview":"max-image-preview:large","max-video-preview":"max-video-preview:-1"},"canonical":"https:\/\/www.iemj.org\/en\/le-pourim-shpil-2\/","og_locale":"en_US","og_type":"article","og_title":"The Purim Shpil - Institut Europ\u00e9en des Musiques Juives","og_description":"The Purim Shpil &#8211; etymologically &#8220;Purim play&#8221; in Yiddish &#8211; is a satirical performance that blends theater, music, dance, songs, mimes and disguises.The origin of this custom is intimately related","og_url":"https:\/\/www.iemj.org\/en\/le-pourim-shpil-2\/","og_site_name":"Institut Europ\u00e9en des Musiques Juives","article_publisher":"https:\/\/www.facebook.com\/MusiquesJuives\/","article_published_time":"2018-02-21T16:52:18+00:00","article_modified_time":"2025-10-06T13:51:19+00:00","og_image":[{"width":400,"height":313,"url":"https:\/\/www.iemj.org\/wp-content\/uploads\/2018\/02\/arton3195.jpg","type":"image\/jpeg"}],"author":"Jean-Gabriel Davis","twitter_card":"summary_large_image","twitter_misc":{"Written by":"Jean-Gabriel Davis","Est. reading time":"12 minutes"},"schema":{"@context":"https:\/\/schema.org","@graph":[{"@type":"Article","@id":"https:\/\/www.iemj.org\/en\/le-pourim-shpil-2\/#article","isPartOf":{"@id":"https:\/\/www.iemj.org\/en\/le-pourim-shpil-2\/"},"author":{"name":"Jean-Gabriel Davis","@id":"https:\/\/www.iemj.org\/en\/#\/schema\/person\/c9bc1c386a3749579a2d675e72a18666"},"headline":"The Purim Shpil","datePublished":"2018-02-21T16:52:18+00:00","dateModified":"2025-10-06T13:51:19+00:00","mainEntityOfPage":{"@id":"https:\/\/www.iemj.org\/en\/le-pourim-shpil-2\/"},"wordCount":1863,"publisher":{"@id":"https:\/\/www.iemj.org\/en\/#organization"},"image":{"@id":"https:\/\/www.iemj.org\/en\/le-pourim-shpil-2\/#primaryimage"},"thumbnailUrl":"https:\/\/www.iemj.org\/wp-content\/uploads\/2018\/02\/arton3195.jpg","articleSection":["Feature articles"],"inLanguage":"en-US"},{"@type":"WebPage","@id":"https:\/\/www.iemj.org\/en\/le-pourim-shpil-2\/","url":"https:\/\/www.iemj.org\/en\/le-pourim-shpil-2\/","name":"The Purim Shpil - Institut Europ\u00e9en des Musiques Juives","isPartOf":{"@id":"https:\/\/www.iemj.org\/en\/#website"},"primaryImageOfPage":{"@id":"https:\/\/www.iemj.org\/en\/le-pourim-shpil-2\/#primaryimage"},"image":{"@id":"https:\/\/www.iemj.org\/en\/le-pourim-shpil-2\/#primaryimage"},"thumbnailUrl":"https:\/\/www.iemj.org\/wp-content\/uploads\/2018\/02\/arton3195.jpg","datePublished":"2018-02-21T16:52:18+00:00","dateModified":"2025-10-06T13:51:19+00:00","breadcrumb":{"@id":"https:\/\/www.iemj.org\/en\/le-pourim-shpil-2\/#breadcrumb"},"inLanguage":"en-US","potentialAction":[{"@type":"ReadAction","target":["https:\/\/www.iemj.org\/en\/le-pourim-shpil-2\/"]}]},{"@type":"ImageObject","inLanguage":"en-US","@id":"https:\/\/www.iemj.org\/en\/le-pourim-shpil-2\/#primaryimage","url":"https:\/\/www.iemj.org\/wp-content\/uploads\/2018\/02\/arton3195.jpg","contentUrl":"https:\/\/www.iemj.org\/wp-content\/uploads\/2018\/02\/arton3195.jpg","width":400,"height":313},{"@type":"BreadcrumbList","@id":"https:\/\/www.iemj.org\/en\/le-pourim-shpil-2\/#breadcrumb","itemListElement":[{"@type":"ListItem","position":1,"name":"Accueil","item":"https:\/\/www.iemj.org\/en\/"},{"@type":"ListItem","position":2,"name":"The Purim Shpil"}]},{"@type":"WebSite","@id":"https:\/\/www.iemj.org\/en\/#website","url":"https:\/\/www.iemj.org\/en\/","name":"Institut Europ\u00e9en des Musiques Juives","description":"Des traditions musicales \u00e0 la port\u00e9e de tous","publisher":{"@id":"https:\/\/www.iemj.org\/en\/#organization"},"potentialAction":[{"@type":"SearchAction","target":{"@type":"EntryPoint","urlTemplate":"https:\/\/www.iemj.org\/en\/?s={search_term_string}"},"query-input":{"@type":"PropertyValueSpecification","valueRequired":true,"valueName":"search_term_string"}}],"inLanguage":"en-US"},{"@type":"Organization","@id":"https:\/\/www.iemj.org\/en\/#organization","name":"Institut Europ\u00e9en des Musiques Juives","url":"https:\/\/www.iemj.org\/en\/","logo":{"@type":"ImageObject","inLanguage":"en-US","@id":"https:\/\/www.iemj.org\/en\/#\/schema\/logo\/image\/","url":"https:\/\/www.iemj.org\/wp-content\/uploads\/2021\/09\/Logo-IEMJ-Paypal.jpg","contentUrl":"https:\/\/www.iemj.org\/wp-content\/uploads\/2021\/09\/Logo-IEMJ-Paypal.jpg","width":150,"height":50,"caption":"Institut Europ\u00e9en des Musiques Juives"},"image":{"@id":"https:\/\/www.iemj.org\/en\/#\/schema\/logo\/image\/"},"sameAs":["https:\/\/www.facebook.com\/MusiquesJuives\/","https:\/\/www.instagram.com\/musiquesjuives\/","https:\/\/www.youtube.com\/user\/musiquesjuives"]},{"@type":"Person","@id":"https:\/\/www.iemj.org\/en\/#\/schema\/person\/c9bc1c386a3749579a2d675e72a18666","name":"Jean-Gabriel Davis","image":{"@type":"ImageObject","inLanguage":"en-US","@id":"https:\/\/secure.gravatar.com\/avatar\/2b90d67bdf392c9b3a21fab87c0fa7edaf1fb3a058172a1ffd61033fcec7aec1?s=96&d=mm&r=g","url":"https:\/\/secure.gravatar.com\/avatar\/2b90d67bdf392c9b3a21fab87c0fa7edaf1fb3a058172a1ffd61033fcec7aec1?s=96&d=mm&r=g","contentUrl":"https:\/\/secure.gravatar.com\/avatar\/2b90d67bdf392c9b3a21fab87c0fa7edaf1fb3a058172a1ffd61033fcec7aec1?s=96&d=mm&r=g","caption":"Jean-Gabriel Davis"}}]}},"_links":{"self":[{"href":"https:\/\/www.iemj.org\/en\/wp-json\/wp\/v2\/posts\/54993","targetHints":{"allow":["GET"]}}],"collection":[{"href":"https:\/\/www.iemj.org\/en\/wp-json\/wp\/v2\/posts"}],"about":[{"href":"https:\/\/www.iemj.org\/en\/wp-json\/wp\/v2\/types\/post"}],"author":[{"embeddable":true,"href":"https:\/\/www.iemj.org\/en\/wp-json\/wp\/v2\/users\/1048"}],"replies":[{"embeddable":true,"href":"https:\/\/www.iemj.org\/en\/wp-json\/wp\/v2\/comments?post=54993"}],"version-history":[{"count":4,"href":"https:\/\/www.iemj.org\/en\/wp-json\/wp\/v2\/posts\/54993\/revisions"}],"predecessor-version":[{"id":126409,"href":"https:\/\/www.iemj.org\/en\/wp-json\/wp\/v2\/posts\/54993\/revisions\/126409"}],"wp:featuredmedia":[{"embeddable":true,"href":"https:\/\/www.iemj.org\/en\/wp-json\/wp\/v2\/media\/18475"}],"wp:attachment":[{"href":"https:\/\/www.iemj.org\/en\/wp-json\/wp\/v2\/media?parent=54993"}],"wp:term":[{"taxonomy":"category","embeddable":true,"href":"https:\/\/www.iemj.org\/en\/wp-json\/wp\/v2\/categories?post=54993"},{"taxonomy":"post_tag","embeddable":true,"href":"https:\/\/www.iemj.org\/en\/wp-json\/wp\/v2\/tags?post=54993"},{"taxonomy":"technique","embeddable":true,"href":"https:\/\/www.iemj.org\/en\/wp-json\/wp\/v2\/technique?post=54993"},{"taxonomy":"squelettes","embeddable":true,"href":"https:\/\/www.iemj.org\/en\/wp-json\/wp\/v2\/squelettes?post=54993"},{"taxonomy":"sujet","embeddable":true,"href":"https:\/\/www.iemj.org\/en\/wp-json\/wp\/v2\/sujet?post=54993"},{"taxonomy":"formation","embeddable":true,"href":"https:\/\/www.iemj.org\/en\/wp-json\/wp\/v2\/formation?post=54993"},{"taxonomy":"genre","embeddable":true,"href":"https:\/\/www.iemj.org\/en\/wp-json\/wp\/v2\/genre?post=54993"},{"taxonomy":"fonds","embeddable":true,"href":"https:\/\/www.iemj.org\/en\/wp-json\/wp\/v2\/fonds?post=54993"},{"taxonomy":"tradition","embeddable":true,"href":"https:\/\/www.iemj.org\/en\/wp-json\/wp\/v2\/tradition?post=54993"},{"taxonomy":"type-de-contenu","embeddable":true,"href":"https:\/\/www.iemj.org\/en\/wp-json\/wp\/v2\/type-de-contenu?post=54993"},{"taxonomy":"interprete-compositeur","embeddable":true,"href":"https:\/\/www.iemj.org\/en\/wp-json\/wp\/v2\/interprete-compositeur?post=54993"},{"taxonomy":"frise","embeddable":true,"href":"https:\/\/www.iemj.org\/en\/wp-json\/wp\/v2\/frise?post=54993"},{"taxonomy":"type-devenement","embeddable":true,"href":"https:\/\/www.iemj.org\/en\/wp-json\/wp\/v2\/type-devenement?post=54993"},{"taxonomy":"tableaux-liens-externes","embeddable":true,"href":"https:\/\/www.iemj.org\/en\/wp-json\/wp\/v2\/tableaux-liens-externes?post=54993"}],"curies":[{"name":"wp","href":"https:\/\/api.w.org\/{rel}","templated":true}]}}