{"id":55068,"date":"2018-12-19T15:34:51","date_gmt":"2018-12-19T14:34:51","guid":{"rendered":"https:\/\/www.iemj.org\/la-hora\/"},"modified":"2021-11-25T09:53:58","modified_gmt":"2021-11-25T08:53:58","slug":"la-hora","status":"publish","type":"post","link":"https:\/\/www.iemj.org\/en\/la-hora\/","title":{"rendered":"The hora"},"content":{"rendered":"<p>Originally, the hora (also known as &#8220;Romanian hora&#8221;, &#8220;zhok&#8221;, &#8220;londre&#8221;, &#8220;volakh&#8221; or &#8220;krimer&#8221;) is a slow dance often practiced in Romania (Moldova, Bessarabia, Bukovina) and in certain areas of Ukraine, by Jews and non-Jews.<\/p>\n<p><!--more--><\/p>\n<p>It was danced in circle or in a line, on a triple-meter rhythm (3\/8 or 3\/4), with an accent on the 1st and 3rd steps. The first step was short and the third was stretched, giving the impression of an irregular and lame rhythm.<br \/><img decoding=\"async\" class=\"size-full wp-image-22135 alignright\" src=\"https:\/\/www.iemj.org\/wp-content\/uploads\/2018\/12\/horarythm.jpg\" alt=\"horarythm.jpg\" width=\"220\" height=\"70\" align=\"left\" \/><\/p>\n<p>\u00a0<\/p>\n<p>The horas were often used in parades and informal processions, like for example to mark the departure of guests or in-laws at the end of a wedding (like the tunes <em>Firn di mekhutonim aheym<\/em>, <em>Gasn nigun<\/em>)\u2026<\/p>\n<p><a href=\"https:\/\/www.iemj.org\/wp-content\/uploads\/2021\/01\/01_chalom_alechem_benjamin_herv_houzy_extrait_.mp3\"><img decoding=\"async\" class=\"alignleft\" src=\"https:\/\/www.iemj.org\/wp-content\/uploads\/2021\/09\/Fichier-son-IEMJ.jpg\" \/><\/a><a href=\"https:\/\/www.iemj.org\/wp-content\/uploads\/2018\/12\/firn_di_mekhutonim_aheym_extrait_-_naftule_brandwein_with_abe_schwartz_orchestra.mp3\">Firn di Mekhutonim Aheym (SAMPLE) &#8211; Naftule Brandwein with Abe Schwartz Orchestra<\/a><\/p>\n<p>\u00a0<\/p>\n<p><a href=\"https:\/\/www.iemj.org\/wp-content\/uploads\/2021\/01\/01_chalom_alechem_benjamin_herv_houzy_extrait_.mp3\"><img decoding=\"async\" class=\"alignleft\" src=\"https:\/\/www.iemj.org\/wp-content\/uploads\/2021\/09\/Fichier-son-IEMJ.jpg\" \/><\/a><a href=\"https:\/\/www.iemj.org\/wp-content\/uploads\/2018\/12\/der_gasn_nigun_extrait_-_klezmokum.mp3\">Der Gasn Nigun (SAMPLE) &#8211; Klezmokum<\/a><\/p>\n<p>\u00a0<\/p>\n<p>The Israeli hora has nothing to do with the Romanian hora. Built on a binary rhythm (2\/4 ou 4\/4) and syncopated, it resembles more to a bulgar, a lively dance in circle, in a line or in couples, on a rhythm close to the freylekh, which appeared by the Jews in Romania and south of Ukraine at the end of the 19th century and exported in the USA, where it became very popular in the 1920-1930\u2019s. (Cf. the article written by Michel Borzykowski on <a href=\"http:\/\/borzykowski.users.ch\/YidDanse.htm#horadanse\">klezmer dances<\/a>).<\/p>\n<figure id=\"attachment_22140\" aria-describedby=\"caption-attachment-22140\" style=\"width: 398px\" class=\"wp-caption alignleft\"><img fetchpriority=\"high\" decoding=\"async\" class=\"wp-image-22141\" src=\"https:\/\/www.iemj.org\/wp-content\/uploads\/2018\/12\/hora_au_kibboutz_ein_harod_en_1936_500px.jpg\" alt=\"hora_au_kibboutz_ein_harod_en_1936_500px.jpg\" width=\"398\" height=\"248\" align=\"middle\" srcset=\"https:\/\/www.iemj.org\/wp-content\/uploads\/2018\/12\/hora_au_kibboutz_ein_harod_en_1936_500px.jpg 500w, https:\/\/www.iemj.org\/wp-content\/uploads\/2018\/12\/hora_au_kibboutz_ein_harod_en_1936_500px-300x187.jpg 300w\" sizes=\"(max-width: 398px) 100vw, 398px\" \/><figcaption id=\"caption-attachment-22140\" class=\"wp-caption-text\"><strong>A Hora in kibboutz Ein Harod, in 1936<\/strong><\/figcaption><\/figure>\n<p>According to Yohanan Boehm (Encyclopaedia Judaica 8, p. 971), the word \u00ab hora \u00bb would come from ancient Greek \u00ab choros \u00bb which means \u00ab dance \u00bb. The hora would have been brought to Palestine, by Jews from Romania during the second Alyah (1904-1914). It would have flourished during the third Alyah (1919-1923) to reach its peak during the fourth Alyah (1924-1931).<br \/>Quickly, this collective dance became popular in Kibbutzim and small communities, where it contributed to create the image of an aspiring nation, where each participant, holding arms, turns in a joyous and collective outburst. For this reason, the hora is a symbol of a national renewal and of a collective construction of an Israeli identity.<\/p>\n<p>The Israeli pioneers (haloutzim) \u00ab danced the hora during the hardest moments, after the fights, after having suffered attacks, after having climbed high mountains \u00bb, explains Dan Ronen, specialist of theatre. <br \/>One could come from any country in diaspora and join the spirit of the Israeli society by dancing the hora. It was recognized as the way to express the enthusiasm of building this country altogether. The hora was a way of celebrating this joy of dancing, united in our new homeland (R. Sturman, in Ingber, 1974 : 16).<\/p>\n<p>Nowadays, the hora is still practiced in Israel, in particular during weddings and sometimes in TV shows. But paradoxically, it mainly kept its identity as a symbol for the Jews in diaspora, where it is regularly used during bar-mitzvas, weddings and other celebrations, rather than in Israel where it became a folk dance among others.<\/p>\n<p><strong>Principle of the hora :<br \/><\/strong><\/p>\n<figure id=\"attachment_22142\" aria-describedby=\"caption-attachment-22142\" style=\"width: 313px\" class=\"wp-caption alignright\"><img decoding=\"async\" class=\"wp-image-22143\" src=\"https:\/\/www.iemj.org\/wp-content\/uploads\/2018\/12\/ensemble_israelien_hora_jerusalem.jpg\" alt=\"ensemble_israelien_hora_jerusalem.jpg\" width=\"313\" height=\"235\" align=\"middle\" srcset=\"https:\/\/www.iemj.org\/wp-content\/uploads\/2018\/12\/ensemble_israelien_hora_jerusalem.jpg 498w, https:\/\/www.iemj.org\/wp-content\/uploads\/2018\/12\/ensemble_israelien_hora_jerusalem-300x225.jpg 300w\" sizes=\"(max-width: 313px) 100vw, 313px\" \/><figcaption id=\"caption-attachment-22142\" class=\"wp-caption-text\"><strong>Israeli Ensemble : Hora Jerusalem<\/strong><\/figcaption><\/figure>\n<p><span style=\"font-size: inherit;\">The hora can be danced to many traditional songs of klezmer and Israeli folklore (like the famous song <em>Hava Nagila<\/em>). It consists of a circle, which can sometimes open up and go forward in a line. The dancers hold hands, do diagonal steps, forward or backwards, and make the circle turn, normally clockwise. The participants sing all the lyrics of the song, accompanied by musicians. The cymbalum, the accordion, the violon, the viola, the double bass, the saxophone, the trumpet and the panpipes are instruments that are traditionally used for a hora&#8230;<\/span><\/p>\n<p><a style=\"font-size: inherit;\" href=\"https:\/\/www.iemj.org\/en\/la-hora-en-musique\/\">Listen to the playlist : hora in music<\/a><a href=\"https:\/\/www.iemj.org\/so-we-dance-les-danses-folkloriques-israeliennes\/\"><br \/><\/a><a href=\"https:\/\/www.iemj.org\/en\/so-we-dance-israeli-folk-dance\/\">Take a look at the boxset: &#8220;So We Dance, Israeli Folk Dance&#8221;<\/a><\/p>\n\n\n<figure class=\"wp-block-embed is-type-video is-provider-youtube wp-block-embed-youtube wp-embed-aspect-4-3 wp-has-aspect-ratio\"><div class=\"wp-block-embed__wrapper\">\n<iframe title=\"Israeli Hora Dance\" width=\"640\" height=\"480\" src=\"https:\/\/www.youtube.com\/embed\/J2J8BnaB5AM?feature=oembed\" frameborder=\"0\" allow=\"accelerometer; autoplay; clipboard-write; encrypted-media; gyroscope; picture-in-picture; web-share\" referrerpolicy=\"strict-origin-when-cross-origin\" allowfullscreen><\/iframe>\n<\/div><\/figure>\n\n\n\n<div class=\"wp-block-file\"><a href=\"https:\/\/www.iemj.org\/wp-content\/uploads\/2018\/12\/firn_di_mekhutonim_aheym_extrait_-_naftule_brandwein_with_abe_schwartz_orchestra.mp3\">Firn di Mekhutonim Aheym (EXTRAIT) &#8211; Naftule Brandwein with Abe Schwartz Orchestra<\/a><\/div>\n\n\n\n<div class=\"wp-block-file\"><a href=\"https:\/\/www.iemj.org\/wp-content\/uploads\/2018\/12\/der_gasn_nigun_extrait_-_klezmokum.mp3\">Der Gasn Nigun (EXTRAIT) &#8211; Klezmokum<\/a><\/div>\n","protected":false},"excerpt":{"rendered":"<p>Originally, the hora (also known as &#8220;Romanian hora&#8221;, &#8220;zhok&#8221;, &#8220;londre&#8221;, &#8220;volakh&#8221; or &#8220;krimer&#8221;) is a slow dance often practiced in Romania (Moldova, Bessarabia, Bukovina) and in certain areas of Ukraine,<\/p>\n","protected":false},"author":1052,"featured_media":22133,"comment_status":"closed","ping_status":"open","sticky":false,"template":"","format":"standard","meta":{"_acf_changed":false,"footnotes":""},"categories":[950,902],"tags":[],"technique":[],"squelettes":[],"sujet":[],"formation":[],"genre":[1120],"fonds":[],"tradition":[],"type-de-contenu":[],"interprete-compositeur":[],"frise":[],"type-devenement":[],"tableaux-liens-externes":[],"class_list":["post-55068","post","type-post","status-publish","format-standard","has-post-thumbnail","hentry","category-feature-articles-en","category-secular-music-2-en","genre-variety"],"acf":[],"yoast_head":"<!-- This site is optimized with the Yoast SEO plugin v27.3 - https:\/\/yoast.com\/product\/yoast-seo-wordpress\/ -->\n<title>The hora - Institut Europ\u00e9en des Musiques Juives<\/title>\n<meta name=\"robots\" content=\"index, follow, max-snippet:-1, max-image-preview:large, max-video-preview:-1\" \/>\n<link rel=\"canonical\" href=\"https:\/\/www.iemj.org\/en\/la-hora\/\" \/>\n<meta property=\"og:locale\" content=\"en_US\" \/>\n<meta property=\"og:type\" content=\"article\" \/>\n<meta property=\"og:title\" content=\"The hora - Institut Europ\u00e9en des Musiques Juives\" \/>\n<meta property=\"og:description\" content=\"Originally, the hora (also known as &#8220;Romanian hora&#8221;, &#8220;zhok&#8221;, &#8220;londre&#8221;, &#8220;volakh&#8221; or &#8220;krimer&#8221;) is a slow dance often practiced in Romania (Moldova, Bessarabia, Bukovina) and in certain areas of Ukraine,\" \/>\n<meta property=\"og:url\" content=\"https:\/\/www.iemj.org\/en\/la-hora\/\" \/>\n<meta property=\"og:site_name\" content=\"Institut Europ\u00e9en des Musiques Juives\" \/>\n<meta property=\"article:publisher\" content=\"https:\/\/www.facebook.com\/MusiquesJuives\/\" \/>\n<meta property=\"article:published_time\" content=\"2018-12-19T14:34:51+00:00\" \/>\n<meta property=\"article:modified_time\" content=\"2021-11-25T08:53:58+00:00\" \/>\n<meta property=\"og:image\" content=\"https:\/\/www.iemj.org\/wp-content\/uploads\/2018\/12\/arton3845-e1618310578134.jpg\" \/>\n\t<meta property=\"og:image:width\" content=\"489\" \/>\n\t<meta property=\"og:image:height\" content=\"478\" \/>\n\t<meta property=\"og:image:type\" content=\"image\/jpeg\" \/>\n<meta name=\"author\" content=\"Lea Couderc\" \/>\n<meta name=\"twitter:card\" content=\"summary_large_image\" \/>\n<meta name=\"twitter:label1\" content=\"Written by\" \/>\n\t<meta name=\"twitter:data1\" content=\"Lea Couderc\" \/>\n\t<meta name=\"twitter:label2\" content=\"Est. reading time\" \/>\n\t<meta name=\"twitter:data2\" content=\"4 minutes\" \/>\n<script type=\"application\/ld+json\" class=\"yoast-schema-graph\">{\"@context\":\"https:\\\/\\\/schema.org\",\"@graph\":[{\"@type\":\"Article\",\"@id\":\"https:\\\/\\\/www.iemj.org\\\/en\\\/la-hora\\\/#article\",\"isPartOf\":{\"@id\":\"https:\\\/\\\/www.iemj.org\\\/en\\\/la-hora\\\/\"},\"author\":{\"name\":\"Lea Couderc\",\"@id\":\"https:\\\/\\\/www.iemj.org\\\/en\\\/#\\\/schema\\\/person\\\/e2ad57f2c4be119c7ed8ab79036807a9\"},\"headline\":\"The hora\",\"datePublished\":\"2018-12-19T14:34:51+00:00\",\"dateModified\":\"2021-11-25T08:53:58+00:00\",\"mainEntityOfPage\":{\"@id\":\"https:\\\/\\\/www.iemj.org\\\/en\\\/la-hora\\\/\"},\"wordCount\":630,\"publisher\":{\"@id\":\"https:\\\/\\\/www.iemj.org\\\/en\\\/#organization\"},\"image\":{\"@id\":\"https:\\\/\\\/www.iemj.org\\\/en\\\/la-hora\\\/#primaryimage\"},\"thumbnailUrl\":\"https:\\\/\\\/www.iemj.org\\\/wp-content\\\/uploads\\\/2018\\\/12\\\/arton3845-e1618310578134.jpg\",\"articleSection\":[\"Feature articles\",\"Secular music\"],\"inLanguage\":\"en-US\"},{\"@type\":\"WebPage\",\"@id\":\"https:\\\/\\\/www.iemj.org\\\/en\\\/la-hora\\\/\",\"url\":\"https:\\\/\\\/www.iemj.org\\\/en\\\/la-hora\\\/\",\"name\":\"The hora - Institut Europ\u00e9en des Musiques Juives\",\"isPartOf\":{\"@id\":\"https:\\\/\\\/www.iemj.org\\\/en\\\/#website\"},\"primaryImageOfPage\":{\"@id\":\"https:\\\/\\\/www.iemj.org\\\/en\\\/la-hora\\\/#primaryimage\"},\"image\":{\"@id\":\"https:\\\/\\\/www.iemj.org\\\/en\\\/la-hora\\\/#primaryimage\"},\"thumbnailUrl\":\"https:\\\/\\\/www.iemj.org\\\/wp-content\\\/uploads\\\/2018\\\/12\\\/arton3845-e1618310578134.jpg\",\"datePublished\":\"2018-12-19T14:34:51+00:00\",\"dateModified\":\"2021-11-25T08:53:58+00:00\",\"breadcrumb\":{\"@id\":\"https:\\\/\\\/www.iemj.org\\\/en\\\/la-hora\\\/#breadcrumb\"},\"inLanguage\":\"en-US\",\"potentialAction\":[{\"@type\":\"ReadAction\",\"target\":[\"https:\\\/\\\/www.iemj.org\\\/en\\\/la-hora\\\/\"]}]},{\"@type\":\"ImageObject\",\"inLanguage\":\"en-US\",\"@id\":\"https:\\\/\\\/www.iemj.org\\\/en\\\/la-hora\\\/#primaryimage\",\"url\":\"https:\\\/\\\/www.iemj.org\\\/wp-content\\\/uploads\\\/2018\\\/12\\\/arton3845-e1618310578134.jpg\",\"contentUrl\":\"https:\\\/\\\/www.iemj.org\\\/wp-content\\\/uploads\\\/2018\\\/12\\\/arton3845-e1618310578134.jpg\",\"width\":489,\"height\":478},{\"@type\":\"BreadcrumbList\",\"@id\":\"https:\\\/\\\/www.iemj.org\\\/en\\\/la-hora\\\/#breadcrumb\",\"itemListElement\":[{\"@type\":\"ListItem\",\"position\":1,\"name\":\"Accueil\",\"item\":\"https:\\\/\\\/www.iemj.org\\\/en\\\/\"},{\"@type\":\"ListItem\",\"position\":2,\"name\":\"The hora\"}]},{\"@type\":\"WebSite\",\"@id\":\"https:\\\/\\\/www.iemj.org\\\/en\\\/#website\",\"url\":\"https:\\\/\\\/www.iemj.org\\\/en\\\/\",\"name\":\"Institut Europ\u00e9en des Musiques Juives\",\"description\":\"Des traditions musicales \u00e0 la port\u00e9e de tous\",\"publisher\":{\"@id\":\"https:\\\/\\\/www.iemj.org\\\/en\\\/#organization\"},\"potentialAction\":[{\"@type\":\"SearchAction\",\"target\":{\"@type\":\"EntryPoint\",\"urlTemplate\":\"https:\\\/\\\/www.iemj.org\\\/en\\\/?s={search_term_string}\"},\"query-input\":{\"@type\":\"PropertyValueSpecification\",\"valueRequired\":true,\"valueName\":\"search_term_string\"}}],\"inLanguage\":\"en-US\"},{\"@type\":\"Organization\",\"@id\":\"https:\\\/\\\/www.iemj.org\\\/en\\\/#organization\",\"name\":\"Institut Europ\u00e9en des Musiques Juives\",\"url\":\"https:\\\/\\\/www.iemj.org\\\/en\\\/\",\"logo\":{\"@type\":\"ImageObject\",\"inLanguage\":\"en-US\",\"@id\":\"https:\\\/\\\/www.iemj.org\\\/en\\\/#\\\/schema\\\/logo\\\/image\\\/\",\"url\":\"https:\\\/\\\/www.iemj.org\\\/wp-content\\\/uploads\\\/2021\\\/09\\\/Logo-IEMJ-Paypal.jpg\",\"contentUrl\":\"https:\\\/\\\/www.iemj.org\\\/wp-content\\\/uploads\\\/2021\\\/09\\\/Logo-IEMJ-Paypal.jpg\",\"width\":150,\"height\":50,\"caption\":\"Institut Europ\u00e9en des Musiques Juives\"},\"image\":{\"@id\":\"https:\\\/\\\/www.iemj.org\\\/en\\\/#\\\/schema\\\/logo\\\/image\\\/\"},\"sameAs\":[\"https:\\\/\\\/www.facebook.com\\\/MusiquesJuives\\\/\",\"https:\\\/\\\/www.instagram.com\\\/musiquesjuives\\\/\",\"https:\\\/\\\/www.youtube.com\\\/user\\\/musiquesjuives\"]},{\"@type\":\"Person\",\"@id\":\"https:\\\/\\\/www.iemj.org\\\/en\\\/#\\\/schema\\\/person\\\/e2ad57f2c4be119c7ed8ab79036807a9\",\"name\":\"Lea Couderc\",\"image\":{\"@type\":\"ImageObject\",\"inLanguage\":\"en-US\",\"@id\":\"https:\\\/\\\/secure.gravatar.com\\\/avatar\\\/46ee021475d60aeff17a7e490b79dea5a5684bb392ab7fd1494027411df8ba23?s=96&d=mm&r=g\",\"url\":\"https:\\\/\\\/secure.gravatar.com\\\/avatar\\\/46ee021475d60aeff17a7e490b79dea5a5684bb392ab7fd1494027411df8ba23?s=96&d=mm&r=g\",\"contentUrl\":\"https:\\\/\\\/secure.gravatar.com\\\/avatar\\\/46ee021475d60aeff17a7e490b79dea5a5684bb392ab7fd1494027411df8ba23?s=96&d=mm&r=g\",\"caption\":\"Lea Couderc\"}}]}<\/script>\n<!-- \/ Yoast SEO plugin. -->","yoast_head_json":{"title":"The hora - Institut Europ\u00e9en des Musiques Juives","robots":{"index":"index","follow":"follow","max-snippet":"max-snippet:-1","max-image-preview":"max-image-preview:large","max-video-preview":"max-video-preview:-1"},"canonical":"https:\/\/www.iemj.org\/en\/la-hora\/","og_locale":"en_US","og_type":"article","og_title":"The hora - Institut Europ\u00e9en des Musiques Juives","og_description":"Originally, the hora (also known as &#8220;Romanian hora&#8221;, &#8220;zhok&#8221;, &#8220;londre&#8221;, &#8220;volakh&#8221; or &#8220;krimer&#8221;) is a slow dance often practiced in Romania (Moldova, Bessarabia, Bukovina) and in certain areas of Ukraine,","og_url":"https:\/\/www.iemj.org\/en\/la-hora\/","og_site_name":"Institut Europ\u00e9en des Musiques Juives","article_publisher":"https:\/\/www.facebook.com\/MusiquesJuives\/","article_published_time":"2018-12-19T14:34:51+00:00","article_modified_time":"2021-11-25T08:53:58+00:00","og_image":[{"width":489,"height":478,"url":"https:\/\/www.iemj.org\/wp-content\/uploads\/2018\/12\/arton3845-e1618310578134.jpg","type":"image\/jpeg"}],"author":"Lea Couderc","twitter_card":"summary_large_image","twitter_misc":{"Written by":"Lea Couderc","Est. reading time":"4 minutes"},"schema":{"@context":"https:\/\/schema.org","@graph":[{"@type":"Article","@id":"https:\/\/www.iemj.org\/en\/la-hora\/#article","isPartOf":{"@id":"https:\/\/www.iemj.org\/en\/la-hora\/"},"author":{"name":"Lea Couderc","@id":"https:\/\/www.iemj.org\/en\/#\/schema\/person\/e2ad57f2c4be119c7ed8ab79036807a9"},"headline":"The hora","datePublished":"2018-12-19T14:34:51+00:00","dateModified":"2021-11-25T08:53:58+00:00","mainEntityOfPage":{"@id":"https:\/\/www.iemj.org\/en\/la-hora\/"},"wordCount":630,"publisher":{"@id":"https:\/\/www.iemj.org\/en\/#organization"},"image":{"@id":"https:\/\/www.iemj.org\/en\/la-hora\/#primaryimage"},"thumbnailUrl":"https:\/\/www.iemj.org\/wp-content\/uploads\/2018\/12\/arton3845-e1618310578134.jpg","articleSection":["Feature articles","Secular music"],"inLanguage":"en-US"},{"@type":"WebPage","@id":"https:\/\/www.iemj.org\/en\/la-hora\/","url":"https:\/\/www.iemj.org\/en\/la-hora\/","name":"The hora - Institut Europ\u00e9en des Musiques Juives","isPartOf":{"@id":"https:\/\/www.iemj.org\/en\/#website"},"primaryImageOfPage":{"@id":"https:\/\/www.iemj.org\/en\/la-hora\/#primaryimage"},"image":{"@id":"https:\/\/www.iemj.org\/en\/la-hora\/#primaryimage"},"thumbnailUrl":"https:\/\/www.iemj.org\/wp-content\/uploads\/2018\/12\/arton3845-e1618310578134.jpg","datePublished":"2018-12-19T14:34:51+00:00","dateModified":"2021-11-25T08:53:58+00:00","breadcrumb":{"@id":"https:\/\/www.iemj.org\/en\/la-hora\/#breadcrumb"},"inLanguage":"en-US","potentialAction":[{"@type":"ReadAction","target":["https:\/\/www.iemj.org\/en\/la-hora\/"]}]},{"@type":"ImageObject","inLanguage":"en-US","@id":"https:\/\/www.iemj.org\/en\/la-hora\/#primaryimage","url":"https:\/\/www.iemj.org\/wp-content\/uploads\/2018\/12\/arton3845-e1618310578134.jpg","contentUrl":"https:\/\/www.iemj.org\/wp-content\/uploads\/2018\/12\/arton3845-e1618310578134.jpg","width":489,"height":478},{"@type":"BreadcrumbList","@id":"https:\/\/www.iemj.org\/en\/la-hora\/#breadcrumb","itemListElement":[{"@type":"ListItem","position":1,"name":"Accueil","item":"https:\/\/www.iemj.org\/en\/"},{"@type":"ListItem","position":2,"name":"The hora"}]},{"@type":"WebSite","@id":"https:\/\/www.iemj.org\/en\/#website","url":"https:\/\/www.iemj.org\/en\/","name":"Institut Europ\u00e9en des Musiques Juives","description":"Des traditions musicales \u00e0 la port\u00e9e de tous","publisher":{"@id":"https:\/\/www.iemj.org\/en\/#organization"},"potentialAction":[{"@type":"SearchAction","target":{"@type":"EntryPoint","urlTemplate":"https:\/\/www.iemj.org\/en\/?s={search_term_string}"},"query-input":{"@type":"PropertyValueSpecification","valueRequired":true,"valueName":"search_term_string"}}],"inLanguage":"en-US"},{"@type":"Organization","@id":"https:\/\/www.iemj.org\/en\/#organization","name":"Institut Europ\u00e9en des Musiques Juives","url":"https:\/\/www.iemj.org\/en\/","logo":{"@type":"ImageObject","inLanguage":"en-US","@id":"https:\/\/www.iemj.org\/en\/#\/schema\/logo\/image\/","url":"https:\/\/www.iemj.org\/wp-content\/uploads\/2021\/09\/Logo-IEMJ-Paypal.jpg","contentUrl":"https:\/\/www.iemj.org\/wp-content\/uploads\/2021\/09\/Logo-IEMJ-Paypal.jpg","width":150,"height":50,"caption":"Institut Europ\u00e9en des Musiques Juives"},"image":{"@id":"https:\/\/www.iemj.org\/en\/#\/schema\/logo\/image\/"},"sameAs":["https:\/\/www.facebook.com\/MusiquesJuives\/","https:\/\/www.instagram.com\/musiquesjuives\/","https:\/\/www.youtube.com\/user\/musiquesjuives"]},{"@type":"Person","@id":"https:\/\/www.iemj.org\/en\/#\/schema\/person\/e2ad57f2c4be119c7ed8ab79036807a9","name":"Lea Couderc","image":{"@type":"ImageObject","inLanguage":"en-US","@id":"https:\/\/secure.gravatar.com\/avatar\/46ee021475d60aeff17a7e490b79dea5a5684bb392ab7fd1494027411df8ba23?s=96&d=mm&r=g","url":"https:\/\/secure.gravatar.com\/avatar\/46ee021475d60aeff17a7e490b79dea5a5684bb392ab7fd1494027411df8ba23?s=96&d=mm&r=g","contentUrl":"https:\/\/secure.gravatar.com\/avatar\/46ee021475d60aeff17a7e490b79dea5a5684bb392ab7fd1494027411df8ba23?s=96&d=mm&r=g","caption":"Lea Couderc"}}]}},"_links":{"self":[{"href":"https:\/\/www.iemj.org\/en\/wp-json\/wp\/v2\/posts\/55068","targetHints":{"allow":["GET"]}}],"collection":[{"href":"https:\/\/www.iemj.org\/en\/wp-json\/wp\/v2\/posts"}],"about":[{"href":"https:\/\/www.iemj.org\/en\/wp-json\/wp\/v2\/types\/post"}],"author":[{"embeddable":true,"href":"https:\/\/www.iemj.org\/en\/wp-json\/wp\/v2\/users\/1052"}],"replies":[{"embeddable":true,"href":"https:\/\/www.iemj.org\/en\/wp-json\/wp\/v2\/comments?post=55068"}],"version-history":[{"count":0,"href":"https:\/\/www.iemj.org\/en\/wp-json\/wp\/v2\/posts\/55068\/revisions"}],"wp:featuredmedia":[{"embeddable":true,"href":"https:\/\/www.iemj.org\/en\/wp-json\/wp\/v2\/media\/22133"}],"wp:attachment":[{"href":"https:\/\/www.iemj.org\/en\/wp-json\/wp\/v2\/media?parent=55068"}],"wp:term":[{"taxonomy":"category","embeddable":true,"href":"https:\/\/www.iemj.org\/en\/wp-json\/wp\/v2\/categories?post=55068"},{"taxonomy":"post_tag","embeddable":true,"href":"https:\/\/www.iemj.org\/en\/wp-json\/wp\/v2\/tags?post=55068"},{"taxonomy":"technique","embeddable":true,"href":"https:\/\/www.iemj.org\/en\/wp-json\/wp\/v2\/technique?post=55068"},{"taxonomy":"squelettes","embeddable":true,"href":"https:\/\/www.iemj.org\/en\/wp-json\/wp\/v2\/squelettes?post=55068"},{"taxonomy":"sujet","embeddable":true,"href":"https:\/\/www.iemj.org\/en\/wp-json\/wp\/v2\/sujet?post=55068"},{"taxonomy":"formation","embeddable":true,"href":"https:\/\/www.iemj.org\/en\/wp-json\/wp\/v2\/formation?post=55068"},{"taxonomy":"genre","embeddable":true,"href":"https:\/\/www.iemj.org\/en\/wp-json\/wp\/v2\/genre?post=55068"},{"taxonomy":"fonds","embeddable":true,"href":"https:\/\/www.iemj.org\/en\/wp-json\/wp\/v2\/fonds?post=55068"},{"taxonomy":"tradition","embeddable":true,"href":"https:\/\/www.iemj.org\/en\/wp-json\/wp\/v2\/tradition?post=55068"},{"taxonomy":"type-de-contenu","embeddable":true,"href":"https:\/\/www.iemj.org\/en\/wp-json\/wp\/v2\/type-de-contenu?post=55068"},{"taxonomy":"interprete-compositeur","embeddable":true,"href":"https:\/\/www.iemj.org\/en\/wp-json\/wp\/v2\/interprete-compositeur?post=55068"},{"taxonomy":"frise","embeddable":true,"href":"https:\/\/www.iemj.org\/en\/wp-json\/wp\/v2\/frise?post=55068"},{"taxonomy":"type-devenement","embeddable":true,"href":"https:\/\/www.iemj.org\/en\/wp-json\/wp\/v2\/type-devenement?post=55068"},{"taxonomy":"tableaux-liens-externes","embeddable":true,"href":"https:\/\/www.iemj.org\/en\/wp-json\/wp\/v2\/tableaux-liens-externes?post=55068"}],"curies":[{"name":"wp","href":"https:\/\/api.w.org\/{rel}","templated":true}]}}