{"id":55075,"date":"2019-12-11T10:12:16","date_gmt":"2019-12-11T09:12:16","guid":{"rendered":"https:\/\/www.iemj.org\/emile-jonas-1827-1905-de-la-synagogue-portugaise-a-la-garde-imperiale-en-passant-par-loperette\/"},"modified":"2023-11-29T11:51:24","modified_gmt":"2023-11-29T10:51:24","slug":"emile-jonas-1827-1905-de-la-synagogue-portugaise-a-la-garde-imperiale-en-passant-par-loperette","status":"publish","type":"post","link":"https:\/\/www.iemj.org\/en\/emile-jonas-1827-1905-de-la-synagogue-portugaise-a-la-garde-imperiale-en-passant-par-loperette\/","title":{"rendered":"Emile Jonas (1827-1905), from the Portuguese Synagogue to the Operetta, and from there to the Imperial Guard"},"content":{"rendered":"<p>Ever so often it happens that a composer\u2019s fame during his lifetime, begins to slowly fade after his death and finally falls into oblivion. This also seems to be the barely justifiable case of composer <a href=\"https:\/\/www.iemj.org\/en\/jonas-emile-1827-1905\/\" target=\"_blank\" rel=\"noopener\">Emile Jonas<\/a>, who for many decades shared the Parisian theatre billboards with the most prominent French and foreign musicians during the second half of the 19th century.<br \/>\nAt present, even though they do not enjoy the fame of the works of Jacques Offenbach (1819-1880), the absolute and undisputed monarch of the buffo genre in his own time, the operettas of Florimond Ronger (Herv\u00e9) (1825-1892), L\u00e9o Delibes (1836-1891), and in a lesser degree those of Aristide Hignard (1822-1898) or Isidore Legouix (1834-1916), as well as some of the following generation, like Edmond Audran (1842-1901), Andr\u00e9 Messager (1853-1929), Charles Lecocq (1832-1918), Louis Varney (1844-1908), Robert Planquette (1848-1903) and Claude Terrasse (1867-1923) are still remembered and sometimes performed. Less frequent are the scenic productions of Emile Jonas\u2019 operas. There are no audio or DVD recordings. But, as we shall see, his musical output deserves at least as much.<\/p>\n<p>Emile Jonas was born into a Jewish family in Paris on March 5, 1827. About his childhood, his parents Simon Jonas and Jeannette Pohl, and his private life we know very little. But we do know that in 1841, at only 14 years of age, the young Emile entered the Conservatoire National Sup\u00e9rieur de Musique and was admitted to the piano and harmony classes of F\u00e9lix le Coupey (1811-1887) and to the composition classes of Michel Carafa (1787-1872).<br \/>\nIn 1847 he won the Conservatory\u2019s first harmony prize, and was named elementary solfeggio assistant professor. In 1849 he received the Institut de France\u2019s prestigious Second Grand Prix de Rome for the composition of his <em>Antonio<\/em> cantata. He completed his studies at the CNSM in 1850, and in the following year he sent a letter to the Consistoire de Paris, offering his honorary services as an organist at the main synagogue, for which he was accepted after consultations with Fromental Hal\u00e9vy (1799-1862), the much hailed composer of La Juive. At the time the central Paris synagogue, the same for which several years earlier Isaac Offenbach (1779-1850) had auditioned as a <em>chazan<\/em> (cantor) and where his sons Jacques and Jules had directed the choir, was located on the site of today\u2019s Sephardic temple on Rue Notre-Dame de Nazareth.<\/p>\n<p><img fetchpriority=\"high\" decoding=\"async\" class=\" alignleft size-full wp-image-26360\" src=\"https:\/\/www.iemj.org\/wp-content\/uploads\/2019\/12\/theatre_des_bouffes_parisiens_passage_choiseul_redim.jpg\" alt=\"theatre_des_bouffes_parisiens_passage_choiseul_redim.jpg\" width=\"400\" height=\"300\" align=\"left\" srcset=\"https:\/\/www.iemj.org\/wp-content\/uploads\/2019\/12\/theatre_des_bouffes_parisiens_passage_choiseul_redim.jpg 400w, https:\/\/www.iemj.org\/wp-content\/uploads\/2019\/12\/theatre_des_bouffes_parisiens_passage_choiseul_redim-300x225.jpg 300w\" sizes=\"(max-width: 400px) 100vw, 400px\" \/><\/p>\n<p>In 1855 Offenbach transformed the Comte theatre on Passage Choiseul into a venue designed as a miniature of the Th\u00e9\u00e2tre des Italiens, at that time the Paris opera house, and it became the home of his legendary Bouffes Parisiens, offering music theatre plays with the participation of four singers at the most in each scene. With this privilege the Ministry of Culture \u201cwishes to reward the intelligent efforts of its young director, not only because the Bouffes are the theatre of a talented musician, but also because it has become a veritable greenhouse for promising new artists\u201d. It is in this theatre where already in October of that same year Offenbach\u2019s theatre welcomed Emile Jonas, presenting his opera prima, the one act musical sketch <em>Le Duel de Benjamin<\/em>, much praised by J. Lovy in the Le M\u00e9n\u00e9strel magazine.<\/p>\n<p><img decoding=\"async\" class=\" alignright size-full wp-image-26362\" src=\"https:\/\/www.iemj.org\/wp-content\/uploads\/2019\/12\/la_chatte_blanche_recadre_redim.jpg\" alt=\"la_chatte_blanche_recadre_redim.jpg\" width=\"312\" height=\"400\" align=\"right\" srcset=\"https:\/\/www.iemj.org\/wp-content\/uploads\/2019\/12\/la_chatte_blanche_recadre_redim.jpg 312w, https:\/\/www.iemj.org\/wp-content\/uploads\/2019\/12\/la_chatte_blanche_recadre_redim-234x300.jpg 234w\" sizes=\"(max-width: 312px) 100vw, 312px\" \/><\/p>\n<p>Ever since the name of Emile Jonas was always linked to those of this theatre and his mentor, and they became sincere friends. In the following years Offenbach introduced him to the best librettists of his time and produced another six of his works, the one act buffo operas <em>La Parade<\/em> (1856), <em>Le Roi bo\u00eet<\/em> (1857), <em>Les Petits Prodiges<\/em> (1857) for which Offenbach contributed at least two numbers, <em>Job et son chien<\/em> (1863), <em>Le manoir des Lar\u00e9nardi\u00e8re<\/em> (1864), <em>Avant la noce<\/em> (1865), and <em>D\u00e9sir\u00e9, sire de Champigny<\/em> (1869). These works became standard repertoire of his theatre and travelled with the company of the Bouffes Parisiens on its many tours in France and other European countries. Jonas\u00b4 larger works were presented in other theatres.<\/p>\n<p>During all that time Emile Jonas did not neglect his teaching activities. In 1857 he became the CNSM\u00b4s permanent harmony and composition professor for military students. Soon after he was called to become the Imperial Guard\u00b4s music director, where he developed a very intense activity, composing numerous marches, fanfares and other works for military purposes, with preference utilizing the variegated gamut of instruments invented by Adolphe Sax (1814-1894), among them an ameliorated version of the bass clarinet, the saxhorn, the saxo-trombe and his most famous patent, the saxophone.<br \/>\nIn 1867 he was elected into the organizing committee of military parades for the unforgettable World Fair inaugurated by Napoleon III and his wife, the empress Eugenia de Montijo. Hortense Schneider visited the fair using the title of the main character in La Grande Duchesse de G\u00e9rolstein, Offenbach\u2019s most recent triumph. Jonas was unanimously praised not only for his artistic contributions, but also for his devotion and organizational skills. He became a member of various juries, created the rules for the different competitions, and organized the fair\u2019s music festival, in which, among works by M\u00e9hul, Auber, Gluck, Mendelssohn, Wagner, Rossini and Meyerbeer, stand out two of his own feather: La Victoire and Le Diamant. That same year he became a Chevalier and Officer of the L\u00e9gion d\u00b4Honneur.<br \/>\nEmile Jonas has undoubtedly obtained recognition and his name has gained in prestige. Admitted in 1856 he became a part of no fewer than seven boards of directors of the French Authors and Composers Society until almost the end of that century, together with personalities such as Gounod, Labiche, Sardou and Alexandre Dumas fils. On a lithography depicting the caricatures of all important composers of its day, his image is seen in the front row, near to Offenbach\u2019s.<\/p>\n<p>Like him, Emile Jonas worked constantly. Since 1854 he was the musical and choir director of the Portuguese Rite Synagogue, the one which posing a challenge to the Consistoire\u2019s authority had been inaugurated in 1851 on 23, rue Lamartine. Its members, in their majority stemming from the Bordeaux and Bayonne communities had brought to Paris the customs and tunes which their ancestors, descendants of the <em>anusim<\/em> (crypto Jews) from Spain and Portugal had been following since the Middle Ages at their synagogues\u2019 religious services.<\/p>\n<p>Identifying with them and preoccupied with conservation of their musical patrimony, Jonas published in 1854 a book under the title <em>Recueil de Chants H\u00e9bra\u00efques \u00e0 l\u2019usage des Temples de Rite Portugais (Anthology of Hebrew Chants used at the Temples of Portuguese Rite)<\/em>, which among a total of 39 themes lists 24 liturgical works of his own, composed mainly for soloists and diverse choral ensembles, accompanied by organ and harp.<\/p>\n<p><img decoding=\"async\" class=\" alignleft size-full wp-image-26364\" src=\"https:\/\/www.iemj.org\/wp-content\/uploads\/2019\/12\/recueil_de_chants_hebraiques_partition_jonas_redim.jpg\" alt=\"recueil_de_chants_hebraiques_partition_jonas_redim.jpg\" width=\"300\" height=\"450\" align=\"left\" srcset=\"https:\/\/www.iemj.org\/wp-content\/uploads\/2019\/12\/recueil_de_chants_hebraiques_partition_jonas_redim.jpg 300w, https:\/\/www.iemj.org\/wp-content\/uploads\/2019\/12\/recueil_de_chants_hebraiques_partition_jonas_redim-200x300.jpg 200w\" sizes=\"(max-width: 300px) 100vw, 300px\" \/><br \/>\nIn his capacity as musical director Jonas contributed decisively to the orderly and dignified realization of the community\u2019s religious services, until then affected by the vicissitudes which the generations of their ancestors had had to endure, and the deterioration of their melodies after centuries of interpretative flaws. Similar are the efforts already made by highly respected composers and chazanim such as Hal\u00e9vy, Naumbourg, Lovy, Sulzer and Lewandowski, in order to recover, collect and use the liturgical music of the synagogues of German origin, but this is a subject that shall be dealt with on another occasion.<\/p>\n<p>In 1886 Jonas published an augmented version of the previous anthology, under the title <em>Recueil de Chants H\u00e9bra\u00efques anciens et modernes execut\u00e9s au temple de rite Portugais, r\u00e9unis et compos\u00e9s par Emile Jonas<\/em>, with the addition of singing exercises, main interpretation recommendations as well as chromatic and intonation exercises. Simultaneously he documented in various publications the melodies used at the other Consistoire temples in Paris, which are in their majority of ashkenaz rite. On September 9th, 1874, during the inauguration of the Temple Consistorial Isra\u00e9lite de Paris (the synagogue on Rue de la Victoire) a musical piece for baritone and choir was performed on King David\u00b4s Psalm 130, which Jonas had specially composed for the occasion.<br \/>\nThat same year he hurried to publish a volume with 21 compositions by various authors, used at that synagogue\u00b4s wedding ceremonies, and in 1879 he published another 111-page volume with the religious services music on Shabbat and all holidays, together with vocalization exercises, general recommendations for a good execution and the principal measures to be taken in order to maintain order in the temple.<\/p>\n<p>During the Second Empire Paris had become an industrial, cultural and tourist centre in constant turmoil. To this city flew Europe\u00b4s and the world\u00b4s most famous artists and heads of state, together with their respective courts. There was an abundance of businessmen, nouveaux riches and adventurers. They all wanted to be entertained. The industry of show business was at its peak. Demand was huge. Artists did their very best, and so did Emile Jonas.<br \/>\n<img loading=\"lazy\" decoding=\"async\" class=\" alignright size-full wp-image-26366\" src=\"https:\/\/www.iemj.org\/wp-content\/uploads\/2019\/12\/le_canard_a_3_becs_redim.jpg\" alt=\"le_canard_a_3_becs_redim.jpg\" width=\"296\" height=\"450\" align=\"right\" srcset=\"https:\/\/www.iemj.org\/wp-content\/uploads\/2019\/12\/le_canard_a_3_becs_redim.jpg 296w, https:\/\/www.iemj.org\/wp-content\/uploads\/2019\/12\/le_canard_a_3_becs_redim-197x300.jpg 197w\" sizes=\"(max-width: 296px) 100vw, 296px\" \/>Parallel to his other activities we must not neglect his theatre work. In 1865 he premiered the buffo opera <em>Les deux arlequins<\/em> at the Fantaisies Parisiens, which was seen in London two years later. In December 1867, amidst all of his other commitments and in the climate of general folly preceding the 1870 catastrophe, he found the time to write and have <em>Marlbrough s\u2019en va-t-en guerre<\/em>, an op\u00e9ra bouffe in four acts and five scenes written in complicity with Georges Bizet, Isidore Legouix and L\u00e9o Delibes, produced at the Th\u00e9\u00e2tre de l\u2019Ath\u00e9n\u00e9e. In 1869 he presented the work that shall remain in the repertoire as his best known and perhaps most accomplished, the buffo opera in three acts with a libretto by Jules Moinaux, <em>Le Canard \u00e0 trois becs<\/em>.<br \/>\nIn 1871, after the fatal war with Prussia, came the siege of Paris, hunger, and the Commune disorders. Theatres remained temporarily closed. When they reopened the audience arrived somewhat hesitantly. The former gaiety had calmed down. That year Emile Jonas presented in London his opera <em>Javotte (Cinderella the Younger)<\/em>, which in the opinion of many occupies a distinguished place among the musical works based on the <em>Cinderella<\/em> tale. In the years 1873 and 1874 he tried his fortune in Vienna, where he had two of his operas performed: <em>Goldchignon<\/em> and <em>Die Japanesin<\/em>. In 1882 he returned to the Parisian scene with still another buffo opera in three acts: <em>La bonne aventure<\/em>, based on a libretto by Hector Cr\u00e9mieux, produced at the Th\u00e9\u00e2tre de la Renaissance. In 1883 <em>Le premier baiser<\/em> was played at the Th\u00e9\u00e2tre des Nouveaut\u00e9s. Several years later he published in the Magazin des Demoiselles two works not yet produced: <em>La princesse Kelebella<\/em> and <em>Miss Robinson<\/em>. He has been considered the author of two more: <em>Estelle et N\u00e9mourin<\/em> and <em>Le Roi Midas<\/em>, the latter performed only privately.<\/p>\n<p><img loading=\"lazy\" decoding=\"async\" class=\" alignleft size-full wp-image-26368\" src=\"https:\/\/www.iemj.org\/wp-content\/uploads\/2019\/12\/tombe_emile_jonas__cimetiere_du_montparnasse_redim.jpg\" alt=\"tombe_emile_jonas__cimetiere_du_montparnasse_redim.jpg\" width=\"364\" height=\"300\" align=\"left\" srcset=\"https:\/\/www.iemj.org\/wp-content\/uploads\/2019\/12\/tombe_emile_jonas__cimetiere_du_montparnasse_redim.jpg 364w, https:\/\/www.iemj.org\/wp-content\/uploads\/2019\/12\/tombe_emile_jonas__cimetiere_du_montparnasse_redim-300x247.jpg 300w\" sizes=\"(max-width: 364px) 100vw, 364px\" \/>Emile Jonas died on May 21, 1905 at Saint-Germain-en-Laye, the same city in which an agonized Offenbach put the final touches to <em>Les Contes d\u00b4Hoffmann<\/em>. His remains at rest in the shadow of a lush tree at the Montparnasse cemetery.<\/p>\n<p>he piano vocal scores of almost all of the mentioned works exist at some libraries and archives in various countries, plus several librettos scattered throughout the most unbelievable places. But it has been a difficult task to establish the whereabouts of the orchestra scores. Most of the publishing houses to which these works were entrusted do not exist anymore, and those which acquired their material are not too well informed about their own possessions. One can only hope that these companies, eventual private collectors or perhaps remaining descendants of the family may suddenly appear, make a little effort, wipe off the dust on their bookshelves and discover them. After an intense, often frustrating and in most cases fruitless search, this author has been able to find and obtain the complete material for <em>Le Canard \u00e0 Trois Becs<\/em>, an undoubtful praiseworthy and much entertaining work. To revive it will certainly prove to be a challenge.<\/p>\n<p>These days, when it has become fashionable to resurrect forgotten music, the buffo operas of Emile Jonas have not yet been rescued from oblivion. So far we know of the existence of only a few internationally produced recordings of pieces written for saxophones and other brass instruments, whereas some of his liturgical output has been recorded thanks to the efforts of private Jewish institutions and distributed in limited numbers. In the absence of complete orchestra scores one could at least record a selection from his stage works and most certainly his songs and chamber music, with the accompaniment of a piano.<br \/>\nEmile Jonas does not deserve to be forgotten.<\/p>\n<p><a href=\"https:\/\/www.iemj.org\/en\/synagogal-music-from-the-19th-century-emile-jonas-and-jules-erlanger\/\">Listen to the radio broadcast with Jacobo Kaufmann Synagogal music in the 19th century : Emile Jonas and Jules Erlanger<\/a><\/p>\n<p><a href=\"https:\/\/www.iemj.org\/en\/jonas-emile-1827-1905\/\" target=\"_blank\" rel=\"noopener\">See Emile Jonas biography<\/a><\/p>\n","protected":false},"excerpt":{"rendered":"<p>Ever so often it happens that a composer\u2019s fame during his lifetime, begins to slowly fade after his death and finally falls into oblivion. This also seems to be the<\/p>\n","protected":false},"author":1045,"featured_media":26358,"comment_status":"closed","ping_status":"closed","sticky":false,"template":"","format":"standard","meta":{"_acf_changed":false,"footnotes":""},"categories":[950],"tags":[],"technique":[],"squelettes":[],"sujet":[],"formation":[],"genre":[],"fonds":[],"tradition":[],"type-de-contenu":[],"interprete-compositeur":[],"frise":[],"type-devenement":[],"tableaux-liens-externes":[],"class_list":["post-55075","post","type-post","status-publish","format-standard","has-post-thumbnail","hentry","category-feature-articles-en"],"acf":[],"yoast_head":"<!-- This site is optimized with the Yoast SEO plugin v27.3 - https:\/\/yoast.com\/product\/yoast-seo-wordpress\/ -->\n<title>Emile Jonas (1827-1905), from the Portuguese Synagogue to the Operetta, and from there to the Imperial Guard - Institut Europ\u00e9en des Musiques Juives<\/title>\n<meta name=\"robots\" content=\"index, follow, max-snippet:-1, max-image-preview:large, max-video-preview:-1\" \/>\n<link rel=\"canonical\" href=\"https:\/\/www.iemj.org\/en\/emile-jonas-1827-1905-de-la-synagogue-portugaise-a-la-garde-imperiale-en-passant-par-loperette\/\" \/>\n<meta property=\"og:locale\" content=\"en_US\" \/>\n<meta property=\"og:type\" content=\"article\" \/>\n<meta property=\"og:title\" content=\"Emile Jonas (1827-1905), from the Portuguese Synagogue to the Operetta, and from there to the Imperial Guard - Institut Europ\u00e9en des Musiques Juives\" \/>\n<meta property=\"og:description\" content=\"Ever so often it happens that a composer\u2019s fame during his lifetime, begins to slowly fade after his death and finally falls into oblivion. This also seems to be the\" \/>\n<meta property=\"og:url\" content=\"https:\/\/www.iemj.org\/en\/emile-jonas-1827-1905-de-la-synagogue-portugaise-a-la-garde-imperiale-en-passant-par-loperette\/\" \/>\n<meta property=\"og:site_name\" content=\"Institut Europ\u00e9en des Musiques Juives\" \/>\n<meta property=\"article:publisher\" content=\"https:\/\/www.facebook.com\/MusiquesJuives\/\" \/>\n<meta property=\"article:published_time\" content=\"2019-12-11T09:12:16+00:00\" \/>\n<meta property=\"article:modified_time\" content=\"2023-11-29T10:51:24+00:00\" \/>\n<meta property=\"og:image\" content=\"https:\/\/www.iemj.org\/wp-content\/uploads\/2019\/12\/arton4427.jpg\" \/>\n\t<meta property=\"og:image:width\" content=\"263\" \/>\n\t<meta property=\"og:image:height\" content=\"371\" \/>\n\t<meta property=\"og:image:type\" content=\"image\/jpeg\" \/>\n<meta name=\"author\" content=\"Herv\u00e9 Roten\" \/>\n<meta name=\"twitter:card\" content=\"summary_large_image\" \/>\n<meta name=\"twitter:label1\" content=\"Written by\" \/>\n\t<meta name=\"twitter:data1\" content=\"Herv\u00e9 Roten\" \/>\n\t<meta name=\"twitter:label2\" content=\"Est. reading time\" \/>\n\t<meta name=\"twitter:data2\" content=\"12 minutes\" \/>\n<script type=\"application\/ld+json\" class=\"yoast-schema-graph\">{\"@context\":\"https:\\\/\\\/schema.org\",\"@graph\":[{\"@type\":\"Article\",\"@id\":\"https:\\\/\\\/www.iemj.org\\\/en\\\/emile-jonas-1827-1905-de-la-synagogue-portugaise-a-la-garde-imperiale-en-passant-par-loperette\\\/#article\",\"isPartOf\":{\"@id\":\"https:\\\/\\\/www.iemj.org\\\/en\\\/emile-jonas-1827-1905-de-la-synagogue-portugaise-a-la-garde-imperiale-en-passant-par-loperette\\\/\"},\"author\":{\"name\":\"Herv\u00e9 Roten\",\"@id\":\"https:\\\/\\\/www.iemj.org\\\/en\\\/#\\\/schema\\\/person\\\/906134402c29d5c76e7b726261dd4bbd\"},\"headline\":\"Emile Jonas (1827-1905), from the Portuguese Synagogue to the Operetta, and from there to the Imperial Guard\",\"datePublished\":\"2019-12-11T09:12:16+00:00\",\"dateModified\":\"2023-11-29T10:51:24+00:00\",\"mainEntityOfPage\":{\"@id\":\"https:\\\/\\\/www.iemj.org\\\/en\\\/emile-jonas-1827-1905-de-la-synagogue-portugaise-a-la-garde-imperiale-en-passant-par-loperette\\\/\"},\"wordCount\":2114,\"publisher\":{\"@id\":\"https:\\\/\\\/www.iemj.org\\\/en\\\/#organization\"},\"image\":{\"@id\":\"https:\\\/\\\/www.iemj.org\\\/en\\\/emile-jonas-1827-1905-de-la-synagogue-portugaise-a-la-garde-imperiale-en-passant-par-loperette\\\/#primaryimage\"},\"thumbnailUrl\":\"https:\\\/\\\/www.iemj.org\\\/wp-content\\\/uploads\\\/2019\\\/12\\\/arton4427.jpg\",\"articleSection\":[\"Feature articles\"],\"inLanguage\":\"en-US\"},{\"@type\":\"WebPage\",\"@id\":\"https:\\\/\\\/www.iemj.org\\\/en\\\/emile-jonas-1827-1905-de-la-synagogue-portugaise-a-la-garde-imperiale-en-passant-par-loperette\\\/\",\"url\":\"https:\\\/\\\/www.iemj.org\\\/en\\\/emile-jonas-1827-1905-de-la-synagogue-portugaise-a-la-garde-imperiale-en-passant-par-loperette\\\/\",\"name\":\"Emile Jonas (1827-1905), from the Portuguese Synagogue to the Operetta, and from there to the Imperial Guard - Institut Europ\u00e9en des Musiques Juives\",\"isPartOf\":{\"@id\":\"https:\\\/\\\/www.iemj.org\\\/en\\\/#website\"},\"primaryImageOfPage\":{\"@id\":\"https:\\\/\\\/www.iemj.org\\\/en\\\/emile-jonas-1827-1905-de-la-synagogue-portugaise-a-la-garde-imperiale-en-passant-par-loperette\\\/#primaryimage\"},\"image\":{\"@id\":\"https:\\\/\\\/www.iemj.org\\\/en\\\/emile-jonas-1827-1905-de-la-synagogue-portugaise-a-la-garde-imperiale-en-passant-par-loperette\\\/#primaryimage\"},\"thumbnailUrl\":\"https:\\\/\\\/www.iemj.org\\\/wp-content\\\/uploads\\\/2019\\\/12\\\/arton4427.jpg\",\"datePublished\":\"2019-12-11T09:12:16+00:00\",\"dateModified\":\"2023-11-29T10:51:24+00:00\",\"breadcrumb\":{\"@id\":\"https:\\\/\\\/www.iemj.org\\\/en\\\/emile-jonas-1827-1905-de-la-synagogue-portugaise-a-la-garde-imperiale-en-passant-par-loperette\\\/#breadcrumb\"},\"inLanguage\":\"en-US\",\"potentialAction\":[{\"@type\":\"ReadAction\",\"target\":[\"https:\\\/\\\/www.iemj.org\\\/en\\\/emile-jonas-1827-1905-de-la-synagogue-portugaise-a-la-garde-imperiale-en-passant-par-loperette\\\/\"]}]},{\"@type\":\"ImageObject\",\"inLanguage\":\"en-US\",\"@id\":\"https:\\\/\\\/www.iemj.org\\\/en\\\/emile-jonas-1827-1905-de-la-synagogue-portugaise-a-la-garde-imperiale-en-passant-par-loperette\\\/#primaryimage\",\"url\":\"https:\\\/\\\/www.iemj.org\\\/wp-content\\\/uploads\\\/2019\\\/12\\\/arton4427.jpg\",\"contentUrl\":\"https:\\\/\\\/www.iemj.org\\\/wp-content\\\/uploads\\\/2019\\\/12\\\/arton4427.jpg\",\"width\":263,\"height\":371},{\"@type\":\"BreadcrumbList\",\"@id\":\"https:\\\/\\\/www.iemj.org\\\/en\\\/emile-jonas-1827-1905-de-la-synagogue-portugaise-a-la-garde-imperiale-en-passant-par-loperette\\\/#breadcrumb\",\"itemListElement\":[{\"@type\":\"ListItem\",\"position\":1,\"name\":\"Accueil\",\"item\":\"https:\\\/\\\/www.iemj.org\\\/en\\\/\"},{\"@type\":\"ListItem\",\"position\":2,\"name\":\"Emile Jonas (1827-1905), from the Portuguese Synagogue to the Operetta, and from there to the Imperial Guard\"}]},{\"@type\":\"WebSite\",\"@id\":\"https:\\\/\\\/www.iemj.org\\\/en\\\/#website\",\"url\":\"https:\\\/\\\/www.iemj.org\\\/en\\\/\",\"name\":\"Institut Europ\u00e9en des Musiques Juives\",\"description\":\"Des traditions musicales \u00e0 la port\u00e9e de tous\",\"publisher\":{\"@id\":\"https:\\\/\\\/www.iemj.org\\\/en\\\/#organization\"},\"potentialAction\":[{\"@type\":\"SearchAction\",\"target\":{\"@type\":\"EntryPoint\",\"urlTemplate\":\"https:\\\/\\\/www.iemj.org\\\/en\\\/?s={search_term_string}\"},\"query-input\":{\"@type\":\"PropertyValueSpecification\",\"valueRequired\":true,\"valueName\":\"search_term_string\"}}],\"inLanguage\":\"en-US\"},{\"@type\":\"Organization\",\"@id\":\"https:\\\/\\\/www.iemj.org\\\/en\\\/#organization\",\"name\":\"Institut Europ\u00e9en des Musiques Juives\",\"url\":\"https:\\\/\\\/www.iemj.org\\\/en\\\/\",\"logo\":{\"@type\":\"ImageObject\",\"inLanguage\":\"en-US\",\"@id\":\"https:\\\/\\\/www.iemj.org\\\/en\\\/#\\\/schema\\\/logo\\\/image\\\/\",\"url\":\"https:\\\/\\\/www.iemj.org\\\/wp-content\\\/uploads\\\/2021\\\/09\\\/Logo-IEMJ-Paypal.jpg\",\"contentUrl\":\"https:\\\/\\\/www.iemj.org\\\/wp-content\\\/uploads\\\/2021\\\/09\\\/Logo-IEMJ-Paypal.jpg\",\"width\":150,\"height\":50,\"caption\":\"Institut Europ\u00e9en des Musiques Juives\"},\"image\":{\"@id\":\"https:\\\/\\\/www.iemj.org\\\/en\\\/#\\\/schema\\\/logo\\\/image\\\/\"},\"sameAs\":[\"https:\\\/\\\/www.facebook.com\\\/MusiquesJuives\\\/\",\"https:\\\/\\\/www.instagram.com\\\/musiquesjuives\\\/\",\"https:\\\/\\\/www.youtube.com\\\/user\\\/musiquesjuives\"]},{\"@type\":\"Person\",\"@id\":\"https:\\\/\\\/www.iemj.org\\\/en\\\/#\\\/schema\\\/person\\\/906134402c29d5c76e7b726261dd4bbd\",\"name\":\"Herv\u00e9 Roten\",\"image\":{\"@type\":\"ImageObject\",\"inLanguage\":\"en-US\",\"@id\":\"https:\\\/\\\/secure.gravatar.com\\\/avatar\\\/f96ad2db538a26481f18384936b5cd0610c92d390c4dc382209216d455f685ff?s=96&d=mm&r=g\",\"url\":\"https:\\\/\\\/secure.gravatar.com\\\/avatar\\\/f96ad2db538a26481f18384936b5cd0610c92d390c4dc382209216d455f685ff?s=96&d=mm&r=g\",\"contentUrl\":\"https:\\\/\\\/secure.gravatar.com\\\/avatar\\\/f96ad2db538a26481f18384936b5cd0610c92d390c4dc382209216d455f685ff?s=96&d=mm&r=g\",\"caption\":\"Herv\u00e9 Roten\"}}]}<\/script>\n<!-- \/ Yoast SEO plugin. -->","yoast_head_json":{"title":"Emile Jonas (1827-1905), from the Portuguese Synagogue to the Operetta, and from there to the Imperial Guard - Institut Europ\u00e9en des Musiques Juives","robots":{"index":"index","follow":"follow","max-snippet":"max-snippet:-1","max-image-preview":"max-image-preview:large","max-video-preview":"max-video-preview:-1"},"canonical":"https:\/\/www.iemj.org\/en\/emile-jonas-1827-1905-de-la-synagogue-portugaise-a-la-garde-imperiale-en-passant-par-loperette\/","og_locale":"en_US","og_type":"article","og_title":"Emile Jonas (1827-1905), from the Portuguese Synagogue to the Operetta, and from there to the Imperial Guard - Institut Europ\u00e9en des Musiques Juives","og_description":"Ever so often it happens that a composer\u2019s fame during his lifetime, begins to slowly fade after his death and finally falls into oblivion. This also seems to be the","og_url":"https:\/\/www.iemj.org\/en\/emile-jonas-1827-1905-de-la-synagogue-portugaise-a-la-garde-imperiale-en-passant-par-loperette\/","og_site_name":"Institut Europ\u00e9en des Musiques Juives","article_publisher":"https:\/\/www.facebook.com\/MusiquesJuives\/","article_published_time":"2019-12-11T09:12:16+00:00","article_modified_time":"2023-11-29T10:51:24+00:00","og_image":[{"width":263,"height":371,"url":"https:\/\/www.iemj.org\/wp-content\/uploads\/2019\/12\/arton4427.jpg","type":"image\/jpeg"}],"author":"Herv\u00e9 Roten","twitter_card":"summary_large_image","twitter_misc":{"Written by":"Herv\u00e9 Roten","Est. reading time":"12 minutes"},"schema":{"@context":"https:\/\/schema.org","@graph":[{"@type":"Article","@id":"https:\/\/www.iemj.org\/en\/emile-jonas-1827-1905-de-la-synagogue-portugaise-a-la-garde-imperiale-en-passant-par-loperette\/#article","isPartOf":{"@id":"https:\/\/www.iemj.org\/en\/emile-jonas-1827-1905-de-la-synagogue-portugaise-a-la-garde-imperiale-en-passant-par-loperette\/"},"author":{"name":"Herv\u00e9 Roten","@id":"https:\/\/www.iemj.org\/en\/#\/schema\/person\/906134402c29d5c76e7b726261dd4bbd"},"headline":"Emile Jonas (1827-1905), from the Portuguese Synagogue to the Operetta, and from there to the Imperial Guard","datePublished":"2019-12-11T09:12:16+00:00","dateModified":"2023-11-29T10:51:24+00:00","mainEntityOfPage":{"@id":"https:\/\/www.iemj.org\/en\/emile-jonas-1827-1905-de-la-synagogue-portugaise-a-la-garde-imperiale-en-passant-par-loperette\/"},"wordCount":2114,"publisher":{"@id":"https:\/\/www.iemj.org\/en\/#organization"},"image":{"@id":"https:\/\/www.iemj.org\/en\/emile-jonas-1827-1905-de-la-synagogue-portugaise-a-la-garde-imperiale-en-passant-par-loperette\/#primaryimage"},"thumbnailUrl":"https:\/\/www.iemj.org\/wp-content\/uploads\/2019\/12\/arton4427.jpg","articleSection":["Feature articles"],"inLanguage":"en-US"},{"@type":"WebPage","@id":"https:\/\/www.iemj.org\/en\/emile-jonas-1827-1905-de-la-synagogue-portugaise-a-la-garde-imperiale-en-passant-par-loperette\/","url":"https:\/\/www.iemj.org\/en\/emile-jonas-1827-1905-de-la-synagogue-portugaise-a-la-garde-imperiale-en-passant-par-loperette\/","name":"Emile Jonas (1827-1905), from the Portuguese Synagogue to the Operetta, and from there to the Imperial Guard - Institut Europ\u00e9en des Musiques Juives","isPartOf":{"@id":"https:\/\/www.iemj.org\/en\/#website"},"primaryImageOfPage":{"@id":"https:\/\/www.iemj.org\/en\/emile-jonas-1827-1905-de-la-synagogue-portugaise-a-la-garde-imperiale-en-passant-par-loperette\/#primaryimage"},"image":{"@id":"https:\/\/www.iemj.org\/en\/emile-jonas-1827-1905-de-la-synagogue-portugaise-a-la-garde-imperiale-en-passant-par-loperette\/#primaryimage"},"thumbnailUrl":"https:\/\/www.iemj.org\/wp-content\/uploads\/2019\/12\/arton4427.jpg","datePublished":"2019-12-11T09:12:16+00:00","dateModified":"2023-11-29T10:51:24+00:00","breadcrumb":{"@id":"https:\/\/www.iemj.org\/en\/emile-jonas-1827-1905-de-la-synagogue-portugaise-a-la-garde-imperiale-en-passant-par-loperette\/#breadcrumb"},"inLanguage":"en-US","potentialAction":[{"@type":"ReadAction","target":["https:\/\/www.iemj.org\/en\/emile-jonas-1827-1905-de-la-synagogue-portugaise-a-la-garde-imperiale-en-passant-par-loperette\/"]}]},{"@type":"ImageObject","inLanguage":"en-US","@id":"https:\/\/www.iemj.org\/en\/emile-jonas-1827-1905-de-la-synagogue-portugaise-a-la-garde-imperiale-en-passant-par-loperette\/#primaryimage","url":"https:\/\/www.iemj.org\/wp-content\/uploads\/2019\/12\/arton4427.jpg","contentUrl":"https:\/\/www.iemj.org\/wp-content\/uploads\/2019\/12\/arton4427.jpg","width":263,"height":371},{"@type":"BreadcrumbList","@id":"https:\/\/www.iemj.org\/en\/emile-jonas-1827-1905-de-la-synagogue-portugaise-a-la-garde-imperiale-en-passant-par-loperette\/#breadcrumb","itemListElement":[{"@type":"ListItem","position":1,"name":"Accueil","item":"https:\/\/www.iemj.org\/en\/"},{"@type":"ListItem","position":2,"name":"Emile Jonas (1827-1905), from the Portuguese Synagogue to the Operetta, and from there to the Imperial Guard"}]},{"@type":"WebSite","@id":"https:\/\/www.iemj.org\/en\/#website","url":"https:\/\/www.iemj.org\/en\/","name":"Institut Europ\u00e9en des Musiques Juives","description":"Des traditions musicales \u00e0 la port\u00e9e de tous","publisher":{"@id":"https:\/\/www.iemj.org\/en\/#organization"},"potentialAction":[{"@type":"SearchAction","target":{"@type":"EntryPoint","urlTemplate":"https:\/\/www.iemj.org\/en\/?s={search_term_string}"},"query-input":{"@type":"PropertyValueSpecification","valueRequired":true,"valueName":"search_term_string"}}],"inLanguage":"en-US"},{"@type":"Organization","@id":"https:\/\/www.iemj.org\/en\/#organization","name":"Institut Europ\u00e9en des Musiques Juives","url":"https:\/\/www.iemj.org\/en\/","logo":{"@type":"ImageObject","inLanguage":"en-US","@id":"https:\/\/www.iemj.org\/en\/#\/schema\/logo\/image\/","url":"https:\/\/www.iemj.org\/wp-content\/uploads\/2021\/09\/Logo-IEMJ-Paypal.jpg","contentUrl":"https:\/\/www.iemj.org\/wp-content\/uploads\/2021\/09\/Logo-IEMJ-Paypal.jpg","width":150,"height":50,"caption":"Institut Europ\u00e9en des Musiques Juives"},"image":{"@id":"https:\/\/www.iemj.org\/en\/#\/schema\/logo\/image\/"},"sameAs":["https:\/\/www.facebook.com\/MusiquesJuives\/","https:\/\/www.instagram.com\/musiquesjuives\/","https:\/\/www.youtube.com\/user\/musiquesjuives"]},{"@type":"Person","@id":"https:\/\/www.iemj.org\/en\/#\/schema\/person\/906134402c29d5c76e7b726261dd4bbd","name":"Herv\u00e9 Roten","image":{"@type":"ImageObject","inLanguage":"en-US","@id":"https:\/\/secure.gravatar.com\/avatar\/f96ad2db538a26481f18384936b5cd0610c92d390c4dc382209216d455f685ff?s=96&d=mm&r=g","url":"https:\/\/secure.gravatar.com\/avatar\/f96ad2db538a26481f18384936b5cd0610c92d390c4dc382209216d455f685ff?s=96&d=mm&r=g","contentUrl":"https:\/\/secure.gravatar.com\/avatar\/f96ad2db538a26481f18384936b5cd0610c92d390c4dc382209216d455f685ff?s=96&d=mm&r=g","caption":"Herv\u00e9 Roten"}}]}},"_links":{"self":[{"href":"https:\/\/www.iemj.org\/en\/wp-json\/wp\/v2\/posts\/55075","targetHints":{"allow":["GET"]}}],"collection":[{"href":"https:\/\/www.iemj.org\/en\/wp-json\/wp\/v2\/posts"}],"about":[{"href":"https:\/\/www.iemj.org\/en\/wp-json\/wp\/v2\/types\/post"}],"author":[{"embeddable":true,"href":"https:\/\/www.iemj.org\/en\/wp-json\/wp\/v2\/users\/1045"}],"replies":[{"embeddable":true,"href":"https:\/\/www.iemj.org\/en\/wp-json\/wp\/v2\/comments?post=55075"}],"version-history":[{"count":0,"href":"https:\/\/www.iemj.org\/en\/wp-json\/wp\/v2\/posts\/55075\/revisions"}],"wp:featuredmedia":[{"embeddable":true,"href":"https:\/\/www.iemj.org\/en\/wp-json\/wp\/v2\/media\/26358"}],"wp:attachment":[{"href":"https:\/\/www.iemj.org\/en\/wp-json\/wp\/v2\/media?parent=55075"}],"wp:term":[{"taxonomy":"category","embeddable":true,"href":"https:\/\/www.iemj.org\/en\/wp-json\/wp\/v2\/categories?post=55075"},{"taxonomy":"post_tag","embeddable":true,"href":"https:\/\/www.iemj.org\/en\/wp-json\/wp\/v2\/tags?post=55075"},{"taxonomy":"technique","embeddable":true,"href":"https:\/\/www.iemj.org\/en\/wp-json\/wp\/v2\/technique?post=55075"},{"taxonomy":"squelettes","embeddable":true,"href":"https:\/\/www.iemj.org\/en\/wp-json\/wp\/v2\/squelettes?post=55075"},{"taxonomy":"sujet","embeddable":true,"href":"https:\/\/www.iemj.org\/en\/wp-json\/wp\/v2\/sujet?post=55075"},{"taxonomy":"formation","embeddable":true,"href":"https:\/\/www.iemj.org\/en\/wp-json\/wp\/v2\/formation?post=55075"},{"taxonomy":"genre","embeddable":true,"href":"https:\/\/www.iemj.org\/en\/wp-json\/wp\/v2\/genre?post=55075"},{"taxonomy":"fonds","embeddable":true,"href":"https:\/\/www.iemj.org\/en\/wp-json\/wp\/v2\/fonds?post=55075"},{"taxonomy":"tradition","embeddable":true,"href":"https:\/\/www.iemj.org\/en\/wp-json\/wp\/v2\/tradition?post=55075"},{"taxonomy":"type-de-contenu","embeddable":true,"href":"https:\/\/www.iemj.org\/en\/wp-json\/wp\/v2\/type-de-contenu?post=55075"},{"taxonomy":"interprete-compositeur","embeddable":true,"href":"https:\/\/www.iemj.org\/en\/wp-json\/wp\/v2\/interprete-compositeur?post=55075"},{"taxonomy":"frise","embeddable":true,"href":"https:\/\/www.iemj.org\/en\/wp-json\/wp\/v2\/frise?post=55075"},{"taxonomy":"type-devenement","embeddable":true,"href":"https:\/\/www.iemj.org\/en\/wp-json\/wp\/v2\/type-devenement?post=55075"},{"taxonomy":"tableaux-liens-externes","embeddable":true,"href":"https:\/\/www.iemj.org\/en\/wp-json\/wp\/v2\/tableaux-liens-externes?post=55075"}],"curies":[{"name":"wp","href":"https:\/\/api.w.org\/{rel}","templated":true}]}}